{"id":34854,"date":"2021-02-17T13:06:04","date_gmt":"2021-02-17T12:06:04","guid":{"rendered":"https:\/\/www.esplac.cat\/?p=34854"},"modified":"2021-02-17T13:48:36","modified_gmt":"2021-02-17T12:48:36","slug":"recull-rutes-esplais-catalans","status":"publish","type":"post","link":"https:\/\/www.esplac.cat\/en\/recull-rutes-esplais-catalans\/","title":{"rendered":"Nou Recull de rutes d&#8217;Esplais Catalans!"},"content":{"rendered":"<h6><strong>Arriba el nou Recull de rutes creat pel grup d&#8217;Esplac del projecte &#8220;Amplify Youth Voices&#8221; i l&#8217;ajuda de diferents esplais. Propostes per preparar rutes baixes en emissions, econ\u00f2miques i gaudir de l&#8217;entorn d&#8217;una manera responsable!<\/strong><\/h6>\n<p>El projecte internacional &#8220;<span style=\"color: #ff9900;\"><a style=\"color: #ff9900;\" href=\"https:\/\/oxfam.qc.ca\/amplify\/\" target=\"_blank\" rel=\"noopener noreferrer\">Amplify Youth Voices<\/a><\/span>&#8221; acaba despr\u00e9s de dos anys de feina, el primer projecte de llarga durada en el qual Esplac hi participava. Un <span style=\"color: #ff9900;\"><a style=\"color: #ff9900;\" href=\"https:\/\/www.esplac.cat\/experiencia-canada\/\" target=\"_blank\" rel=\"noopener noreferrer\">grup de 9 persones d&#8217;Esplac<\/a><\/span> (entre monitores i dirigents) han estat treballant a nivell local i tamb\u00e9 internacional (en una trobada al Canad\u00e0) per a implementar projectes amb incid\u00e8ncia en l&#8217;entorn. En concret, el grup d&#8217;Esplac van apostar pel canvi clim\u00e0tic.<\/p>\n<p>Un dels objectius finals del projecte era dur a terme accions concretes per lluitar contra aquest canvi clim\u00e0tic, tenint en compte el nostre entorn: com funcionem, els esplais i el context, monitores, infants&#8230; \u00c9s per aix\u00f2 que van decidir crear <strong>un recull de rutes<\/strong> amb l&#8217;ajuda d&#8217;alguns esplais d&#8217;Esplac que van voler col\u00b7laborar: l&#8217;esplai el Creixent, l&#8217;esplai Pa amb tom\u00e0quet, l&#8217;esplai Peti ki peti, l&#8217;esplai Santaka i l&#8217;esplai Xirusplai. L&#8217;objectiu principal era promoure l&#8217;entorn que ens envolta, reduir emissions alhora de fer servir transports molt contaminants i, al mateix temps, que siguin rutes econ\u00f2miques.<\/p>\n<p><span style=\"font-weight: 400;\">A continuaci\u00f3, doncs, trobareu un seguit de propostes de ruta que podeu fer servir per preparar rutes de primavera,\u00a0 estiu o d\u2019altres. Esperem que aquest recull us sigui \u00fatil i us faci viure una aventura inoblidable amb les vostres infants i joves!<\/span><\/p>\n<p>Podeu trobar el recull aqu\u00ed:<\/p>\n<div class=\"fusion-aligncenter\"><a class=\"fusion-button button-flat fusion-button-default-size button-default fusion-button-default button-1 fusion-button-default-span fusion-button-default-type\" target=\"_blank\" rel=\"noopener noreferrer\" href=\"https:\/\/www.esplac.cat\/wp-content\/uploads\/2021\/02\/Recull-de-rutes-dEsplais-Catalans.pdf\"><span class=\"fusion-button-text\">Recull de rutes <\/span><\/a><\/div>\n<p>&nbsp;<\/p>\n","protected":false},"excerpt":{"rendered":"<p>Arriba el nou Recull de rutes creat pel grup d&#8217;Esplac [&hellip;]<\/p>\n","protected":false},"author":3,"featured_media":34860,"comment_status":"closed","ping_status":"closed","sticky":false,"template":"","format":"standard","meta":{"om_disable_all_campaigns":false,"_monsterinsights_skip_tracking":false,"_monsterinsights_sitenote_active":false,"_monsterinsights_sitenote_note":"","_monsterinsights_sitenote_category":0,"_uf_show_specific_survey":0,"_uf_disable_surveys":false,"footnotes":""},"categories":[1121,1112],"tags":[],"class_list":["post-34854","post","type-post","status-publish","format-standard","has-post-thumbnail","hentry","category-bones-practiques-2","category-esplac-al-mon"],"yoast_head":"<!-- This site is optimized with the Yoast SEO plugin v27.4 - https:\/\/yoast.com\/product\/yoast-seo-wordpress\/ -->\n<title>Arriba el nou Recull de rutes d&#039;Esplais Catalans! - Esplac<\/title>\n<meta name=\"description\" content=\"El grup Amplify Youth Voices presenta aquest recull de rutes baixes en emissions, econ\u00f2miques i per gaudir de manera responsable!\" \/>\n<meta name=\"robots\" content=\"index, follow, max-snippet:-1, max-image-preview:large, max-video-preview:-1\" \/>\n<link rel=\"canonical\" href=\"https:\/\/www.esplac.cat\/en\/recull-rutes-esplais-catalans\/\" \/>\n<meta property=\"og:locale\" content=\"en_US\" \/>\n<meta property=\"og:type\" content=\"article\" \/>\n<meta property=\"og:title\" content=\"Arriba el nou Recull de rutes d&#039;Esplais Catalans! - Esplac\" \/>\n<meta property=\"og:description\" content=\"El grup Amplify Youth Voices presenta aquest recull de rutes baixes en emissions, econ\u00f2miques i per gaudir de manera responsable!\" \/>\n<meta property=\"og:url\" content=\"https:\/\/www.esplac.cat\/en\/recull-rutes-esplais-catalans\/\" \/>\n<meta property=\"og:site_name\" content=\"Esplac\" \/>\n<meta property=\"article:published_time\" content=\"2021-02-17T12:06:04+00:00\" \/>\n<meta property=\"article:modified_time\" content=\"2021-02-17T12:48:36+00:00\" \/>\n<meta property=\"og:image\" content=\"https:\/\/www.esplac.cat\/wp-content\/uploads\/2021\/02\/recullrutes.jpg\" \/>\n\t<meta property=\"og:image:width\" content=\"1697\" \/>\n\t<meta property=\"og:image:height\" content=\"700\" \/>\n\t<meta property=\"og:image:type\" content=\"image\/jpeg\" \/>\n<meta name=\"author\" content=\"Comunicaci\u00f3 Esplac\" \/>\n<meta name=\"twitter:card\" content=\"summary_large_image\" \/>\n<meta name=\"twitter:label1\" content=\"Written by\" \/>\n\t<meta name=\"twitter:data1\" content=\"Comunicaci\u00f3 Esplac\" \/>\n\t<meta name=\"twitter:label2\" content=\"Est. reading time\" \/>\n\t<meta name=\"twitter:data2\" content=\"2 minutes\" \/>\n<script type=\"application\/ld+json\" class=\"yoast-schema-graph\">{\"@context\":\"https:\\\/\\\/schema.org\",\"@graph\":[{\"@type\":\"Article\",\"@id\":\"https:\\\/\\\/www.esplac.cat\\\/en\\\/recull-rutes-esplais-catalans\\\/#article\",\"isPartOf\":{\"@id\":\"https:\\\/\\\/www.esplac.cat\\\/en\\\/recull-rutes-esplais-catalans\\\/\"},\"author\":{\"name\":\"Comunicaci\u00f3 Esplac\",\"@id\":\"https:\\\/\\\/www.esplac.cat\\\/#\\\/schema\\\/person\\\/908383cf240be18b68f8855d0583faca\"},\"headline\":\"Nou Recull de rutes d&#8217;Esplais Catalans!\",\"datePublished\":\"2021-02-17T12:06:04+00:00\",\"dateModified\":\"2021-02-17T12:48:36+00:00\",\"mainEntityOfPage\":{\"@id\":\"https:\\\/\\\/www.esplac.cat\\\/en\\\/recull-rutes-esplais-catalans\\\/\"},\"wordCount\":366,\"publisher\":{\"@id\":\"https:\\\/\\\/www.esplac.cat\\\/#organization\"},\"image\":{\"@id\":\"https:\\\/\\\/www.esplac.cat\\\/en\\\/recull-rutes-esplais-catalans\\\/#primaryimage\"},\"thumbnailUrl\":\"https:\\\/\\\/www.esplac.cat\\\/wp-content\\\/uploads\\\/2021\\\/02\\\/recullrutes.jpg\",\"articleSection\":[\"Bones pr\u00e0ctiques\",\"Esplac al m\u00f3n\"],\"inLanguage\":\"en-US\"},{\"@type\":\"WebPage\",\"@id\":\"https:\\\/\\\/www.esplac.cat\\\/en\\\/recull-rutes-esplais-catalans\\\/\",\"url\":\"https:\\\/\\\/www.esplac.cat\\\/en\\\/recull-rutes-esplais-catalans\\\/\",\"name\":\"Arriba el nou Recull de rutes d'Esplais Catalans! - Esplac\",\"isPartOf\":{\"@id\":\"https:\\\/\\\/www.esplac.cat\\\/#website\"},\"primaryImageOfPage\":{\"@id\":\"https:\\\/\\\/www.esplac.cat\\\/en\\\/recull-rutes-esplais-catalans\\\/#primaryimage\"},\"image\":{\"@id\":\"https:\\\/\\\/www.esplac.cat\\\/en\\\/recull-rutes-esplais-catalans\\\/#primaryimage\"},\"thumbnailUrl\":\"https:\\\/\\\/www.esplac.cat\\\/wp-content\\\/uploads\\\/2021\\\/02\\\/recullrutes.jpg\",\"datePublished\":\"2021-02-17T12:06:04+00:00\",\"dateModified\":\"2021-02-17T12:48:36+00:00\",\"description\":\"El grup Amplify Youth Voices presenta aquest recull de rutes baixes en emissions, econ\u00f2miques i per gaudir de manera responsable!\",\"breadcrumb\":{\"@id\":\"https:\\\/\\\/www.esplac.cat\\\/en\\\/recull-rutes-esplais-catalans\\\/#breadcrumb\"},\"inLanguage\":\"en-US\",\"potentialAction\":[{\"@type\":\"ReadAction\",\"target\":[\"https:\\\/\\\/www.esplac.cat\\\/en\\\/recull-rutes-esplais-catalans\\\/\"]}]},{\"@type\":\"ImageObject\",\"inLanguage\":\"en-US\",\"@id\":\"https:\\\/\\\/www.esplac.cat\\\/en\\\/recull-rutes-esplais-catalans\\\/#primaryimage\",\"url\":\"https:\\\/\\\/www.esplac.cat\\\/wp-content\\\/uploads\\\/2021\\\/02\\\/recullrutes.jpg\",\"contentUrl\":\"https:\\\/\\\/www.esplac.cat\\\/wp-content\\\/uploads\\\/2021\\\/02\\\/recullrutes.jpg\",\"width\":1697,\"height\":700,\"caption\":\"recull rutes\"},{\"@type\":\"BreadcrumbList\",\"@id\":\"https:\\\/\\\/www.esplac.cat\\\/en\\\/recull-rutes-esplais-catalans\\\/#breadcrumb\",\"itemListElement\":[{\"@type\":\"ListItem\",\"position\":1,\"name\":\"Inici\",\"item\":\"https:\\\/\\\/www.esplac.cat\\\/en\\\/\"},{\"@type\":\"ListItem\",\"position\":2,\"name\":\"Nou Recull de rutes d&#8217;Esplais Catalans!\"}]},{\"@type\":\"WebSite\",\"@id\":\"https:\\\/\\\/www.esplac.cat\\\/#website\",\"url\":\"https:\\\/\\\/www.esplac.cat\\\/\",\"name\":\"Esplac\",\"description\":\"Esplais Catalans\",\"publisher\":{\"@id\":\"https:\\\/\\\/www.esplac.cat\\\/#organization\"},\"potentialAction\":[{\"@type\":\"SearchAction\",\"target\":{\"@type\":\"EntryPoint\",\"urlTemplate\":\"https:\\\/\\\/www.esplac.cat\\\/?s={search_term_string}\"},\"query-input\":{\"@type\":\"PropertyValueSpecification\",\"valueRequired\":true,\"valueName\":\"search_term_string\"}}],\"inLanguage\":\"en-US\"},{\"@type\":\"Organization\",\"@id\":\"https:\\\/\\\/www.esplac.cat\\\/#organization\",\"name\":\"Esplac\",\"url\":\"https:\\\/\\\/www.esplac.cat\\\/\",\"logo\":{\"@type\":\"ImageObject\",\"inLanguage\":\"en-US\",\"@id\":\"https:\\\/\\\/www.esplac.cat\\\/#\\\/schema\\\/logo\\\/image\\\/\",\"url\":\"https:\\\/\\\/www.esplac.cat\\\/wp-content\\\/uploads\\\/2019\\\/08\\\/logox2.png\",\"contentUrl\":\"https:\\\/\\\/www.esplac.cat\\\/wp-content\\\/uploads\\\/2019\\\/08\\\/logox2.png\",\"width\":600,\"height\":295,\"caption\":\"Esplac\"},\"image\":{\"@id\":\"https:\\\/\\\/www.esplac.cat\\\/#\\\/schema\\\/logo\\\/image\\\/\"}},{\"@type\":\"Person\",\"@id\":\"https:\\\/\\\/www.esplac.cat\\\/#\\\/schema\\\/person\\\/908383cf240be18b68f8855d0583faca\",\"name\":\"Comunicaci\u00f3 Esplac\",\"image\":{\"@type\":\"ImageObject\",\"inLanguage\":\"en-US\",\"@id\":\"https:\\\/\\\/secure.gravatar.com\\\/avatar\\\/7a4cf8feb412a76ea4a740ca02d95b06b2907b5a6c648c2dd0a1082a093c3141?s=96&d=mm&r=g\",\"url\":\"https:\\\/\\\/secure.gravatar.com\\\/avatar\\\/7a4cf8feb412a76ea4a740ca02d95b06b2907b5a6c648c2dd0a1082a093c3141?s=96&d=mm&r=g\",\"contentUrl\":\"https:\\\/\\\/secure.gravatar.com\\\/avatar\\\/7a4cf8feb412a76ea4a740ca02d95b06b2907b5a6c648c2dd0a1082a093c3141?s=96&d=mm&r=g\",\"caption\":\"Comunicaci\u00f3 Esplac\"}}]}<\/script>\n<!-- \/ Yoast SEO plugin. -->","yoast_head_json":{"title":"Arriba el nou Recull de rutes d'Esplais Catalans! - Esplac","description":"El grup Amplify Youth Voices presenta aquest recull de rutes baixes en emissions, econ\u00f2miques i per gaudir de manera responsable!","robots":{"index":"index","follow":"follow","max-snippet":"max-snippet:-1","max-image-preview":"max-image-preview:large","max-video-preview":"max-video-preview:-1"},"canonical":"https:\/\/www.esplac.cat\/en\/recull-rutes-esplais-catalans\/","og_locale":"en_US","og_type":"article","og_title":"Arriba el nou Recull de rutes d'Esplais Catalans! - Esplac","og_description":"El grup Amplify Youth Voices presenta aquest recull de rutes baixes en emissions, econ\u00f2miques i per gaudir de manera responsable!","og_url":"https:\/\/www.esplac.cat\/en\/recull-rutes-esplais-catalans\/","og_site_name":"Esplac","article_published_time":"2021-02-17T12:06:04+00:00","article_modified_time":"2021-02-17T12:48:36+00:00","og_image":[{"width":1697,"height":700,"url":"https:\/\/www.esplac.cat\/wp-content\/uploads\/2021\/02\/recullrutes.jpg","type":"image\/jpeg"}],"author":"Comunicaci\u00f3 Esplac","twitter_card":"summary_large_image","twitter_misc":{"Written by":"Comunicaci\u00f3 Esplac","Est. reading time":"2 minutes"},"schema":{"@context":"https:\/\/schema.org","@graph":[{"@type":"Article","@id":"https:\/\/www.esplac.cat\/en\/recull-rutes-esplais-catalans\/#article","isPartOf":{"@id":"https:\/\/www.esplac.cat\/en\/recull-rutes-esplais-catalans\/"},"author":{"name":"Comunicaci\u00f3 Esplac","@id":"https:\/\/www.esplac.cat\/#\/schema\/person\/908383cf240be18b68f8855d0583faca"},"headline":"Nou Recull de rutes d&#8217;Esplais Catalans!","datePublished":"2021-02-17T12:06:04+00:00","dateModified":"2021-02-17T12:48:36+00:00","mainEntityOfPage":{"@id":"https:\/\/www.esplac.cat\/en\/recull-rutes-esplais-catalans\/"},"wordCount":366,"publisher":{"@id":"https:\/\/www.esplac.cat\/#organization"},"image":{"@id":"https:\/\/www.esplac.cat\/en\/recull-rutes-esplais-catalans\/#primaryimage"},"thumbnailUrl":"https:\/\/www.esplac.cat\/wp-content\/uploads\/2021\/02\/recullrutes.jpg","articleSection":["Bones pr\u00e0ctiques","Esplac al m\u00f3n"],"inLanguage":"en-US"},{"@type":"WebPage","@id":"https:\/\/www.esplac.cat\/en\/recull-rutes-esplais-catalans\/","url":"https:\/\/www.esplac.cat\/en\/recull-rutes-esplais-catalans\/","name":"Arriba el nou Recull de rutes d'Esplais Catalans! - Esplac","isPartOf":{"@id":"https:\/\/www.esplac.cat\/#website"},"primaryImageOfPage":{"@id":"https:\/\/www.esplac.cat\/en\/recull-rutes-esplais-catalans\/#primaryimage"},"image":{"@id":"https:\/\/www.esplac.cat\/en\/recull-rutes-esplais-catalans\/#primaryimage"},"thumbnailUrl":"https:\/\/www.esplac.cat\/wp-content\/uploads\/2021\/02\/recullrutes.jpg","datePublished":"2021-02-17T12:06:04+00:00","dateModified":"2021-02-17T12:48:36+00:00","description":"El grup Amplify Youth Voices presenta aquest recull de rutes baixes en emissions, econ\u00f2miques i per gaudir de manera responsable!","breadcrumb":{"@id":"https:\/\/www.esplac.cat\/en\/recull-rutes-esplais-catalans\/#breadcrumb"},"inLanguage":"en-US","potentialAction":[{"@type":"ReadAction","target":["https:\/\/www.esplac.cat\/en\/recull-rutes-esplais-catalans\/"]}]},{"@type":"ImageObject","inLanguage":"en-US","@id":"https:\/\/www.esplac.cat\/en\/recull-rutes-esplais-catalans\/#primaryimage","url":"https:\/\/www.esplac.cat\/wp-content\/uploads\/2021\/02\/recullrutes.jpg","contentUrl":"https:\/\/www.esplac.cat\/wp-content\/uploads\/2021\/02\/recullrutes.jpg","width":1697,"height":700,"caption":"recull rutes"},{"@type":"BreadcrumbList","@id":"https:\/\/www.esplac.cat\/en\/recull-rutes-esplais-catalans\/#breadcrumb","itemListElement":[{"@type":"ListItem","position":1,"name":"Inici","item":"https:\/\/www.esplac.cat\/en\/"},{"@type":"ListItem","position":2,"name":"Nou Recull de rutes d&#8217;Esplais Catalans!"}]},{"@type":"WebSite","@id":"https:\/\/www.esplac.cat\/#website","url":"https:\/\/www.esplac.cat\/","name":"Esplac","description":"Esplais Catalans","publisher":{"@id":"https:\/\/www.esplac.cat\/#organization"},"potentialAction":[{"@type":"SearchAction","target":{"@type":"EntryPoint","urlTemplate":"https:\/\/www.esplac.cat\/?s={search_term_string}"},"query-input":{"@type":"PropertyValueSpecification","valueRequired":true,"valueName":"search_term_string"}}],"inLanguage":"en-US"},{"@type":"Organization","@id":"https:\/\/www.esplac.cat\/#organization","name":"Esplac","url":"https:\/\/www.esplac.cat\/","logo":{"@type":"ImageObject","inLanguage":"en-US","@id":"https:\/\/www.esplac.cat\/#\/schema\/logo\/image\/","url":"https:\/\/www.esplac.cat\/wp-content\/uploads\/2019\/08\/logox2.png","contentUrl":"https:\/\/www.esplac.cat\/wp-content\/uploads\/2019\/08\/logox2.png","width":600,"height":295,"caption":"Esplac"},"image":{"@id":"https:\/\/www.esplac.cat\/#\/schema\/logo\/image\/"}},{"@type":"Person","@id":"https:\/\/www.esplac.cat\/#\/schema\/person\/908383cf240be18b68f8855d0583faca","name":"Comunicaci\u00f3 Esplac","image":{"@type":"ImageObject","inLanguage":"en-US","@id":"https:\/\/secure.gravatar.com\/avatar\/7a4cf8feb412a76ea4a740ca02d95b06b2907b5a6c648c2dd0a1082a093c3141?s=96&d=mm&r=g","url":"https:\/\/secure.gravatar.com\/avatar\/7a4cf8feb412a76ea4a740ca02d95b06b2907b5a6c648c2dd0a1082a093c3141?s=96&d=mm&r=g","contentUrl":"https:\/\/secure.gravatar.com\/avatar\/7a4cf8feb412a76ea4a740ca02d95b06b2907b5a6c648c2dd0a1082a093c3141?s=96&d=mm&r=g","caption":"Comunicaci\u00f3 Esplac"}}]}},"_links":{"self":[{"href":"https:\/\/www.esplac.cat\/en\/wp-json\/wp\/v2\/posts\/34854","targetHints":{"allow":["GET"]}}],"collection":[{"href":"https:\/\/www.esplac.cat\/en\/wp-json\/wp\/v2\/posts"}],"about":[{"href":"https:\/\/www.esplac.cat\/en\/wp-json\/wp\/v2\/types\/post"}],"author":[{"embeddable":true,"href":"https:\/\/www.esplac.cat\/en\/wp-json\/wp\/v2\/users\/3"}],"replies":[{"embeddable":true,"href":"https:\/\/www.esplac.cat\/en\/wp-json\/wp\/v2\/comments?post=34854"}],"version-history":[{"count":0,"href":"https:\/\/www.esplac.cat\/en\/wp-json\/wp\/v2\/posts\/34854\/revisions"}],"wp:featuredmedia":[{"embeddable":true,"href":"https:\/\/www.esplac.cat\/en\/wp-json\/wp\/v2\/media\/34860"}],"wp:attachment":[{"href":"https:\/\/www.esplac.cat\/en\/wp-json\/wp\/v2\/media?parent=34854"}],"wp:term":[{"taxonomy":"category","embeddable":true,"href":"https:\/\/www.esplac.cat\/en\/wp-json\/wp\/v2\/categories?post=34854"},{"taxonomy":"post_tag","embeddable":true,"href":"https:\/\/www.esplac.cat\/en\/wp-json\/wp\/v2\/tags?post=34854"}],"curies":[{"name":"wp","href":"https:\/\/api.w.org\/{rel}","templated":true}]}}