{"id":34885,"date":"2021-02-18T12:28:51","date_gmt":"2021-02-18T11:28:51","guid":{"rendered":"https:\/\/www.esplac.cat\/?p=34885"},"modified":"2021-02-18T12:33:02","modified_gmt":"2021-02-18T11:33:02","slug":"manifest-sector-baix-llobregat-empresonament-hasel","status":"publish","type":"post","link":"https:\/\/www.esplac.cat\/en\/manifest-sector-baix-llobregat-empresonament-hasel\/","title":{"rendered":"Manifest de les monitores i monitors del Sector Baix Llobregat en contra de l&#8217;empresonament del Pablo Hasel"},"content":{"rendered":"<p>Les monitores i monitors del Sector Baix Llobregat d&#8217;Esplac volen compartir aquest manifest en contra de l&#8217;empresonament del raper Pablo Hasel:<\/p>\n<p><span style=\"font-weight: 400;\">&#8220;Des del sector <\/span><b>Baix Llobregat d\u2019Esplais Catalans<\/b><span style=\"font-weight: 400;\">, format pels esplais actius i combatius <\/span><span style=\"font-weight: 400;\">Ara mateix<\/span><span style=\"font-weight: 400;\"> de Sant Just Desvern, <\/span><span style=\"font-weight: 400;\">Arc de Sant Mart\u00ed de Torrelles<\/span><span style=\"font-weight: 400;\"> de Llobregat, <\/span><span style=\"font-weight: 400;\">l\u2019Agrupa <\/span><span style=\"font-weight: 400;\">de Molins (sense rei), <\/span><span style=\"font-weight: 400;\">Greska <\/span><span style=\"font-weight: 400;\">de Santa Coloma de Cervell\u00f3, <\/span><span style=\"font-weight: 400;\">Guspira <\/span><span style=\"font-weight: 400;\">de Martorell, <\/span><span style=\"font-weight: 400;\">Pamtu <\/span><span style=\"font-weight: 400;\">de El Papiol, <\/span><span style=\"font-weight: 400;\">Peti ki peti<\/span><span style=\"font-weight: 400;\"> de La Palma de Cervell\u00f3, <\/span><span style=\"font-weight: 400;\">Trapella<\/span><span style=\"font-weight: 400;\"> de Sant Esteve Sesrovires i <\/span><span style=\"font-weight: 400;\">Vol i vol<\/span><span style=\"font-weight: 400;\"> de Cornell\u00e0, <\/span><b>ens posicionem en contra del segrest del raper Pablo Has\u00e9l i el seu empresonament<\/b><span style=\"font-weight: 400;\"> en mans de les forces judicials filles del franquisme i dels cossos policials que executen les seves decisions feixistes.<\/span><\/p>\n<p><span style=\"font-weight: 400;\">Avui, dijous 18 de febrer, ens sumem a la mobilitzaci\u00f3 en contra de la seva detenci\u00f3 i posterior ingr\u00e9s a la pres\u00f3 de Ponent. Per aix\u00f2, hem decidit no dur a terme la reuni\u00f3 de sector que estava prevista per aquest vespre i posposar-la fins el dijous dia 25 de febrer.\u00a0<\/span><\/p>\n<p><span style=\"font-weight: 400;\">Animem a totes les monitores d\u2019Esplac, i a la ciutadania en general, a sumar-se al tercer dia de mobilitzacions, per tal de denunciar que la llibertat d\u2019expressi\u00f3 \u00e9s un dret fonamental que no pot ser violat per part d\u2019un Estat que es vol dir democr\u00e0tic. La persecuci\u00f3 policial pel simple fet d\u2019escriure can\u00e7ons, poemes i piulades, entre altres, \u00e9s un fet totalment antidemocr\u00e0tic quan, a m\u00e9s, els continguts d\u2019aquestes can\u00e7ons denuncien aut\u00e8ntics delictes que s\u2019estan veient deslliurats de responsabilitat legal. Ens declarem fermament antimon\u00e0rquics i donem suport a aquelles que denuncien l\u2019ab\u00fas de la Casa Reial i la relaci\u00f3 amb el r\u00e8gim franquista.<\/span><\/p>\n<p><b>El Baix Llobregat ser\u00e0 la tomba del feixisme!&#8221;<\/b><\/p>\n","protected":false},"excerpt":{"rendered":"<p>Les monitores i monitors del Sector Baix Llobregat d&#8217;Esplac volen [&hellip;]<\/p>\n","protected":false},"author":3,"featured_media":34887,"comment_status":"closed","ping_status":"closed","sticky":false,"template":"","format":"standard","meta":{"om_disable_all_campaigns":false,"_monsterinsights_skip_tracking":false,"_monsterinsights_sitenote_active":false,"_monsterinsights_sitenote_note":"","_monsterinsights_sitenote_category":0,"_uf_show_specific_survey":0,"_uf_disable_surveys":false,"footnotes":""},"categories":[1124],"tags":[],"class_list":["post-34885","post","type-post","status-publish","format-standard","has-post-thumbnail","hentry","category-sector-baix-llobregat"],"yoast_head":"<!-- This site is optimized with the Yoast SEO plugin v27.5 - https:\/\/yoast.com\/product\/yoast-seo-wordpress\/ -->\n<title>Manifest de les monitores i monitors del Sector Baix Llobregat en contra de l&#039;empresonament del Pablo Hasel - Esplac<\/title>\n<meta name=\"robots\" content=\"index, follow, max-snippet:-1, max-image-preview:large, max-video-preview:-1\" \/>\n<link rel=\"canonical\" href=\"https:\/\/www.esplac.cat\/manifest-sector-baix-llobregat-empresonament-hasel\/\" \/>\n<meta property=\"og:locale\" content=\"en_US\" \/>\n<meta property=\"og:type\" content=\"article\" \/>\n<meta property=\"og:title\" content=\"Manifest de les monitores i monitors del Sector Baix Llobregat en contra de l&#039;empresonament del Pablo Hasel - Esplac\" \/>\n<meta property=\"og:description\" content=\"Les monitores i monitors del Sector Baix Llobregat d&#8217;Esplac volen [&hellip;]\" \/>\n<meta property=\"og:url\" content=\"https:\/\/www.esplac.cat\/manifest-sector-baix-llobregat-empresonament-hasel\/\" \/>\n<meta property=\"og:site_name\" content=\"Esplac\" \/>\n<meta property=\"article:published_time\" content=\"2021-02-18T11:28:51+00:00\" \/>\n<meta property=\"article:modified_time\" content=\"2021-02-18T11:33:02+00:00\" \/>\n<meta property=\"og:image\" content=\"https:\/\/www.esplac.cat\/wp-content\/uploads\/2021\/02\/portades-web.jpg\" \/>\n\t<meta property=\"og:image:width\" content=\"1697\" \/>\n\t<meta property=\"og:image:height\" content=\"700\" \/>\n\t<meta property=\"og:image:type\" content=\"image\/jpeg\" \/>\n<meta name=\"author\" content=\"Comunicaci\u00f3 Esplac\" \/>\n<meta name=\"twitter:card\" content=\"summary_large_image\" \/>\n<meta name=\"twitter:label1\" content=\"Written by\" \/>\n\t<meta name=\"twitter:data1\" content=\"Comunicaci\u00f3 Esplac\" \/>\n\t<meta name=\"twitter:label2\" content=\"Est. reading time\" \/>\n\t<meta name=\"twitter:data2\" content=\"1 minute\" \/>\n<script type=\"application\/ld+json\" class=\"yoast-schema-graph\">{\"@context\":\"https:\\\/\\\/schema.org\",\"@graph\":[{\"@type\":\"Article\",\"@id\":\"https:\\\/\\\/www.esplac.cat\\\/manifest-sector-baix-llobregat-empresonament-hasel\\\/#article\",\"isPartOf\":{\"@id\":\"https:\\\/\\\/www.esplac.cat\\\/manifest-sector-baix-llobregat-empresonament-hasel\\\/\"},\"author\":{\"name\":\"Comunicaci\u00f3 Esplac\",\"@id\":\"https:\\\/\\\/www.esplac.cat\\\/#\\\/schema\\\/person\\\/908383cf240be18b68f8855d0583faca\"},\"headline\":\"Manifest de les monitores i monitors del Sector Baix Llobregat en contra de l&#8217;empresonament del Pablo Hasel\",\"datePublished\":\"2021-02-18T11:28:51+00:00\",\"dateModified\":\"2021-02-18T11:33:02+00:00\",\"mainEntityOfPage\":{\"@id\":\"https:\\\/\\\/www.esplac.cat\\\/manifest-sector-baix-llobregat-empresonament-hasel\\\/\"},\"wordCount\":318,\"publisher\":{\"@id\":\"https:\\\/\\\/www.esplac.cat\\\/#organization\"},\"image\":{\"@id\":\"https:\\\/\\\/www.esplac.cat\\\/manifest-sector-baix-llobregat-empresonament-hasel\\\/#primaryimage\"},\"thumbnailUrl\":\"https:\\\/\\\/www.esplac.cat\\\/wp-content\\\/uploads\\\/2021\\\/02\\\/portades-web.jpg\",\"articleSection\":[\"Sector Baix Llobregat\"],\"inLanguage\":\"en-US\"},{\"@type\":\"WebPage\",\"@id\":\"https:\\\/\\\/www.esplac.cat\\\/manifest-sector-baix-llobregat-empresonament-hasel\\\/\",\"url\":\"https:\\\/\\\/www.esplac.cat\\\/manifest-sector-baix-llobregat-empresonament-hasel\\\/\",\"name\":\"Manifest de les monitores i monitors del Sector Baix Llobregat en contra de l'empresonament del Pablo Hasel - Esplac\",\"isPartOf\":{\"@id\":\"https:\\\/\\\/www.esplac.cat\\\/#website\"},\"primaryImageOfPage\":{\"@id\":\"https:\\\/\\\/www.esplac.cat\\\/manifest-sector-baix-llobregat-empresonament-hasel\\\/#primaryimage\"},\"image\":{\"@id\":\"https:\\\/\\\/www.esplac.cat\\\/manifest-sector-baix-llobregat-empresonament-hasel\\\/#primaryimage\"},\"thumbnailUrl\":\"https:\\\/\\\/www.esplac.cat\\\/wp-content\\\/uploads\\\/2021\\\/02\\\/portades-web.jpg\",\"datePublished\":\"2021-02-18T11:28:51+00:00\",\"dateModified\":\"2021-02-18T11:33:02+00:00\",\"breadcrumb\":{\"@id\":\"https:\\\/\\\/www.esplac.cat\\\/manifest-sector-baix-llobregat-empresonament-hasel\\\/#breadcrumb\"},\"inLanguage\":\"en-US\",\"potentialAction\":[{\"@type\":\"ReadAction\",\"target\":[\"https:\\\/\\\/www.esplac.cat\\\/manifest-sector-baix-llobregat-empresonament-hasel\\\/\"]}]},{\"@type\":\"ImageObject\",\"inLanguage\":\"en-US\",\"@id\":\"https:\\\/\\\/www.esplac.cat\\\/manifest-sector-baix-llobregat-empresonament-hasel\\\/#primaryimage\",\"url\":\"https:\\\/\\\/www.esplac.cat\\\/wp-content\\\/uploads\\\/2021\\\/02\\\/portades-web.jpg\",\"contentUrl\":\"https:\\\/\\\/www.esplac.cat\\\/wp-content\\\/uploads\\\/2021\\\/02\\\/portades-web.jpg\",\"width\":1697,\"height\":700},{\"@type\":\"BreadcrumbList\",\"@id\":\"https:\\\/\\\/www.esplac.cat\\\/manifest-sector-baix-llobregat-empresonament-hasel\\\/#breadcrumb\",\"itemListElement\":[{\"@type\":\"ListItem\",\"position\":1,\"name\":\"Inici\",\"item\":\"https:\\\/\\\/www.esplac.cat\\\/en\\\/\"},{\"@type\":\"ListItem\",\"position\":2,\"name\":\"Manifest de les monitores i monitors del Sector Baix Llobregat en contra de l&#8217;empresonament del Pablo Hasel\"}]},{\"@type\":\"WebSite\",\"@id\":\"https:\\\/\\\/www.esplac.cat\\\/#website\",\"url\":\"https:\\\/\\\/www.esplac.cat\\\/\",\"name\":\"Esplac\",\"description\":\"Esplais Catalans\",\"publisher\":{\"@id\":\"https:\\\/\\\/www.esplac.cat\\\/#organization\"},\"potentialAction\":[{\"@type\":\"SearchAction\",\"target\":{\"@type\":\"EntryPoint\",\"urlTemplate\":\"https:\\\/\\\/www.esplac.cat\\\/?s={search_term_string}\"},\"query-input\":{\"@type\":\"PropertyValueSpecification\",\"valueRequired\":true,\"valueName\":\"search_term_string\"}}],\"inLanguage\":\"en-US\"},{\"@type\":\"Organization\",\"@id\":\"https:\\\/\\\/www.esplac.cat\\\/#organization\",\"name\":\"Esplac\",\"url\":\"https:\\\/\\\/www.esplac.cat\\\/\",\"logo\":{\"@type\":\"ImageObject\",\"inLanguage\":\"en-US\",\"@id\":\"https:\\\/\\\/www.esplac.cat\\\/#\\\/schema\\\/logo\\\/image\\\/\",\"url\":\"https:\\\/\\\/www.esplac.cat\\\/wp-content\\\/uploads\\\/2019\\\/08\\\/logox2.png\",\"contentUrl\":\"https:\\\/\\\/www.esplac.cat\\\/wp-content\\\/uploads\\\/2019\\\/08\\\/logox2.png\",\"width\":600,\"height\":295,\"caption\":\"Esplac\"},\"image\":{\"@id\":\"https:\\\/\\\/www.esplac.cat\\\/#\\\/schema\\\/logo\\\/image\\\/\"}},{\"@type\":\"Person\",\"@id\":\"https:\\\/\\\/www.esplac.cat\\\/#\\\/schema\\\/person\\\/908383cf240be18b68f8855d0583faca\",\"name\":\"Comunicaci\u00f3 Esplac\",\"image\":{\"@type\":\"ImageObject\",\"inLanguage\":\"en-US\",\"@id\":\"https:\\\/\\\/secure.gravatar.com\\\/avatar\\\/7a4cf8feb412a76ea4a740ca02d95b06b2907b5a6c648c2dd0a1082a093c3141?s=96&d=mm&r=g\",\"url\":\"https:\\\/\\\/secure.gravatar.com\\\/avatar\\\/7a4cf8feb412a76ea4a740ca02d95b06b2907b5a6c648c2dd0a1082a093c3141?s=96&d=mm&r=g\",\"contentUrl\":\"https:\\\/\\\/secure.gravatar.com\\\/avatar\\\/7a4cf8feb412a76ea4a740ca02d95b06b2907b5a6c648c2dd0a1082a093c3141?s=96&d=mm&r=g\",\"caption\":\"Comunicaci\u00f3 Esplac\"}}]}<\/script>\n<!-- \/ Yoast SEO plugin. -->","yoast_head_json":{"title":"Manifest de les monitores i monitors del Sector Baix Llobregat en contra de l'empresonament del Pablo Hasel - Esplac","robots":{"index":"index","follow":"follow","max-snippet":"max-snippet:-1","max-image-preview":"max-image-preview:large","max-video-preview":"max-video-preview:-1"},"canonical":"https:\/\/www.esplac.cat\/manifest-sector-baix-llobregat-empresonament-hasel\/","og_locale":"en_US","og_type":"article","og_title":"Manifest de les monitores i monitors del Sector Baix Llobregat en contra de l'empresonament del Pablo Hasel - Esplac","og_description":"Les monitores i monitors del Sector Baix Llobregat d&#8217;Esplac volen [&hellip;]","og_url":"https:\/\/www.esplac.cat\/manifest-sector-baix-llobregat-empresonament-hasel\/","og_site_name":"Esplac","article_published_time":"2021-02-18T11:28:51+00:00","article_modified_time":"2021-02-18T11:33:02+00:00","og_image":[{"width":1697,"height":700,"url":"https:\/\/www.esplac.cat\/wp-content\/uploads\/2021\/02\/portades-web.jpg","type":"image\/jpeg"}],"author":"Comunicaci\u00f3 Esplac","twitter_card":"summary_large_image","twitter_misc":{"Written by":"Comunicaci\u00f3 Esplac","Est. reading time":"1 minute"},"schema":{"@context":"https:\/\/schema.org","@graph":[{"@type":"Article","@id":"https:\/\/www.esplac.cat\/manifest-sector-baix-llobregat-empresonament-hasel\/#article","isPartOf":{"@id":"https:\/\/www.esplac.cat\/manifest-sector-baix-llobregat-empresonament-hasel\/"},"author":{"name":"Comunicaci\u00f3 Esplac","@id":"https:\/\/www.esplac.cat\/#\/schema\/person\/908383cf240be18b68f8855d0583faca"},"headline":"Manifest de les monitores i monitors del Sector Baix Llobregat en contra de l&#8217;empresonament del Pablo Hasel","datePublished":"2021-02-18T11:28:51+00:00","dateModified":"2021-02-18T11:33:02+00:00","mainEntityOfPage":{"@id":"https:\/\/www.esplac.cat\/manifest-sector-baix-llobregat-empresonament-hasel\/"},"wordCount":318,"publisher":{"@id":"https:\/\/www.esplac.cat\/#organization"},"image":{"@id":"https:\/\/www.esplac.cat\/manifest-sector-baix-llobregat-empresonament-hasel\/#primaryimage"},"thumbnailUrl":"https:\/\/www.esplac.cat\/wp-content\/uploads\/2021\/02\/portades-web.jpg","articleSection":["Sector Baix Llobregat"],"inLanguage":"en-US"},{"@type":"WebPage","@id":"https:\/\/www.esplac.cat\/manifest-sector-baix-llobregat-empresonament-hasel\/","url":"https:\/\/www.esplac.cat\/manifest-sector-baix-llobregat-empresonament-hasel\/","name":"Manifest de les monitores i monitors del Sector Baix Llobregat en contra de l'empresonament del Pablo Hasel - Esplac","isPartOf":{"@id":"https:\/\/www.esplac.cat\/#website"},"primaryImageOfPage":{"@id":"https:\/\/www.esplac.cat\/manifest-sector-baix-llobregat-empresonament-hasel\/#primaryimage"},"image":{"@id":"https:\/\/www.esplac.cat\/manifest-sector-baix-llobregat-empresonament-hasel\/#primaryimage"},"thumbnailUrl":"https:\/\/www.esplac.cat\/wp-content\/uploads\/2021\/02\/portades-web.jpg","datePublished":"2021-02-18T11:28:51+00:00","dateModified":"2021-02-18T11:33:02+00:00","breadcrumb":{"@id":"https:\/\/www.esplac.cat\/manifest-sector-baix-llobregat-empresonament-hasel\/#breadcrumb"},"inLanguage":"en-US","potentialAction":[{"@type":"ReadAction","target":["https:\/\/www.esplac.cat\/manifest-sector-baix-llobregat-empresonament-hasel\/"]}]},{"@type":"ImageObject","inLanguage":"en-US","@id":"https:\/\/www.esplac.cat\/manifest-sector-baix-llobregat-empresonament-hasel\/#primaryimage","url":"https:\/\/www.esplac.cat\/wp-content\/uploads\/2021\/02\/portades-web.jpg","contentUrl":"https:\/\/www.esplac.cat\/wp-content\/uploads\/2021\/02\/portades-web.jpg","width":1697,"height":700},{"@type":"BreadcrumbList","@id":"https:\/\/www.esplac.cat\/manifest-sector-baix-llobregat-empresonament-hasel\/#breadcrumb","itemListElement":[{"@type":"ListItem","position":1,"name":"Inici","item":"https:\/\/www.esplac.cat\/en\/"},{"@type":"ListItem","position":2,"name":"Manifest de les monitores i monitors del Sector Baix Llobregat en contra de l&#8217;empresonament del Pablo Hasel"}]},{"@type":"WebSite","@id":"https:\/\/www.esplac.cat\/#website","url":"https:\/\/www.esplac.cat\/","name":"Esplac","description":"Esplais Catalans","publisher":{"@id":"https:\/\/www.esplac.cat\/#organization"},"potentialAction":[{"@type":"SearchAction","target":{"@type":"EntryPoint","urlTemplate":"https:\/\/www.esplac.cat\/?s={search_term_string}"},"query-input":{"@type":"PropertyValueSpecification","valueRequired":true,"valueName":"search_term_string"}}],"inLanguage":"en-US"},{"@type":"Organization","@id":"https:\/\/www.esplac.cat\/#organization","name":"Esplac","url":"https:\/\/www.esplac.cat\/","logo":{"@type":"ImageObject","inLanguage":"en-US","@id":"https:\/\/www.esplac.cat\/#\/schema\/logo\/image\/","url":"https:\/\/www.esplac.cat\/wp-content\/uploads\/2019\/08\/logox2.png","contentUrl":"https:\/\/www.esplac.cat\/wp-content\/uploads\/2019\/08\/logox2.png","width":600,"height":295,"caption":"Esplac"},"image":{"@id":"https:\/\/www.esplac.cat\/#\/schema\/logo\/image\/"}},{"@type":"Person","@id":"https:\/\/www.esplac.cat\/#\/schema\/person\/908383cf240be18b68f8855d0583faca","name":"Comunicaci\u00f3 Esplac","image":{"@type":"ImageObject","inLanguage":"en-US","@id":"https:\/\/secure.gravatar.com\/avatar\/7a4cf8feb412a76ea4a740ca02d95b06b2907b5a6c648c2dd0a1082a093c3141?s=96&d=mm&r=g","url":"https:\/\/secure.gravatar.com\/avatar\/7a4cf8feb412a76ea4a740ca02d95b06b2907b5a6c648c2dd0a1082a093c3141?s=96&d=mm&r=g","contentUrl":"https:\/\/secure.gravatar.com\/avatar\/7a4cf8feb412a76ea4a740ca02d95b06b2907b5a6c648c2dd0a1082a093c3141?s=96&d=mm&r=g","caption":"Comunicaci\u00f3 Esplac"}}]}},"_links":{"self":[{"href":"https:\/\/www.esplac.cat\/en\/wp-json\/wp\/v2\/posts\/34885","targetHints":{"allow":["GET"]}}],"collection":[{"href":"https:\/\/www.esplac.cat\/en\/wp-json\/wp\/v2\/posts"}],"about":[{"href":"https:\/\/www.esplac.cat\/en\/wp-json\/wp\/v2\/types\/post"}],"author":[{"embeddable":true,"href":"https:\/\/www.esplac.cat\/en\/wp-json\/wp\/v2\/users\/3"}],"replies":[{"embeddable":true,"href":"https:\/\/www.esplac.cat\/en\/wp-json\/wp\/v2\/comments?post=34885"}],"version-history":[{"count":0,"href":"https:\/\/www.esplac.cat\/en\/wp-json\/wp\/v2\/posts\/34885\/revisions"}],"wp:featuredmedia":[{"embeddable":true,"href":"https:\/\/www.esplac.cat\/en\/wp-json\/wp\/v2\/media\/34887"}],"wp:attachment":[{"href":"https:\/\/www.esplac.cat\/en\/wp-json\/wp\/v2\/media?parent=34885"}],"wp:term":[{"taxonomy":"category","embeddable":true,"href":"https:\/\/www.esplac.cat\/en\/wp-json\/wp\/v2\/categories?post=34885"},{"taxonomy":"post_tag","embeddable":true,"href":"https:\/\/www.esplac.cat\/en\/wp-json\/wp\/v2\/tags?post=34885"}],"curies":[{"name":"wp","href":"https:\/\/api.w.org\/{rel}","templated":true}]}}