{"id":35017,"date":"2020-12-18T09:25:49","date_gmt":"2020-12-18T08:25:49","guid":{"rendered":"https:\/\/www.esplac.cat\/?p=35017"},"modified":"2022-03-03T14:54:16","modified_gmt":"2022-03-03T12:54:16","slug":"tracant-vincles-interculturalitat","status":"publish","type":"post","link":"https:\/\/www.esplac.cat\/en\/tracant-vincles-interculturalitat\/","title":{"rendered":"&#8220;Tra\u00e7ant vincles&#8221;, la Guia d&#8217;interculturalitat i treball en xarxa a l&#8217;associacionisme educatiu"},"content":{"rendered":"<h6><span style=\"color: #000000;\"><strong>La Federaci\u00f3 de Casals de Joves de Catalunya i Esplais Catalans hem estat treballant plegades per desenvolupar la Guia d\u2019interculturalitat i treball en xarxa a l\u2019associacionisme educatiu: Tra\u00e7ant vincles.\u00a0<\/strong><\/span><\/h6>\n<p><span style=\"font-weight: 400; color: #000000;\">Presentem la<strong> Guia d&#8217;interculturalitat i treball en xarxa a l&#8217;associacionisme educatiu: Tra\u00e7ant vincles<\/strong>, el document creat conjuntament amb <span style=\"color: #ff9900;\"><a style=\"color: #ff9900; text-decoration: underline;\" href=\"http:\/\/espai.casaldejoves.org\/casalsdejoves\/\" target=\"_blank\" rel=\"noopener noreferrer\">Casals de Jove<\/a><\/span><span style=\"color: #ff9900;\">s<\/span>, en el que hem pogut desenvolupar la idea d\u2019interculturalitat i hem fet propostes per fomentar el debat als esplais i els casals en mat\u00e8ria de diversitat cultural. Tamb\u00e9 hem recollit experi\u00e8ncies, din\u00e0miques de persones, entitats i col\u00b7lectius que parteixen d\u2019aquesta perspectiva. <\/span><\/p>\n<p><span style=\"color: #000000;\"><span style=\"font-weight: 400;\">A m\u00e9s, hem desenvolupat un mapa d\u2019entitats que podreu trobar al final de la guia.\u00a0<\/span><span style=\"font-weight: 400;\">Aquest mapa pret\u00e9n apropar a l\u2019associacionisme educatiu aquelles iniciatives que ja s\u2019estan duent a terme a Catalunya. \u00c9s org\u00e0nic i s\u2019anir\u00e0 actualitzant amb el temps.<\/span><\/span><\/p>\n<p><span style=\"color: #000000;\">Pots donar un cop d&#8217;ull a la guia aqu\u00ed:\u00a0<\/span><\/p>\n<p><span style=\"color: #000000;\"><div class=\"fusion-aligncenter\"><a class=\"fusion-button button-flat fusion-button-default-size button-default fusion-button-default button-1 fusion-button-default-span fusion-button-default-type\" target=\"_blank\" rel=\"noopener noreferrer\" href=\"https:\/\/www.esplac.cat\/wp-content\/uploads\/2022\/03\/Tracant_Vincles.pdf\"><span class=\"fusion-button-text\">Guia Tra\u00e7ant vincles<\/span><\/a><\/div><\/span><\/p>\n<p>&nbsp;<\/p>\n<p>&nbsp;<\/p>\n<p>&nbsp;<\/p>\n<p>&nbsp;<\/p>\n","protected":false},"excerpt":{"rendered":"<p>La Federaci\u00f3 de Casals de Joves de Catalunya i Esplais [&hellip;]<\/p>\n","protected":false},"author":3,"featured_media":35026,"comment_status":"closed","ping_status":"closed","sticky":false,"template":"","format":"standard","meta":{"om_disable_all_campaigns":false,"_monsterinsights_skip_tracking":false,"_monsterinsights_sitenote_active":false,"_monsterinsights_sitenote_note":"","_monsterinsights_sitenote_category":0,"_uf_show_specific_survey":0,"_uf_disable_surveys":false,"footnotes":""},"categories":[1166],"tags":[],"class_list":["post-35017","post","type-post","status-publish","format-standard","has-post-thumbnail","hentry","category-inclusio-i-diversitat"],"yoast_head":"<!-- This site is optimized with the Yoast SEO plugin v27.4 - https:\/\/yoast.com\/product\/yoast-seo-wordpress\/ -->\n<title>&quot;Tra\u00e7ant vincles&quot;, la Guia d\u2019interculturalitat a l\u2019associacionisme educatiu<\/title>\n<meta name=\"description\" content=\"Casals de Joves de Catalunya i Esplais Catalans presentem la Guia d\u2019interculturalitat i treball en xarxa a l\u2019associacionisme educatiu.\" \/>\n<meta name=\"robots\" content=\"index, follow, max-snippet:-1, max-image-preview:large, max-video-preview:-1\" \/>\n<link rel=\"canonical\" href=\"https:\/\/www.esplac.cat\/tracant-vincles-interculturalitat\/\" \/>\n<meta property=\"og:locale\" content=\"en_US\" \/>\n<meta property=\"og:type\" content=\"article\" \/>\n<meta property=\"og:title\" content=\"&quot;Tra\u00e7ant vincles&quot;, la Guia d\u2019interculturalitat a l\u2019associacionisme educatiu\" \/>\n<meta property=\"og:description\" content=\"Casals de Joves de Catalunya i Esplais Catalans presentem la Guia d\u2019interculturalitat i treball en xarxa a l\u2019associacionisme educatiu.\" \/>\n<meta property=\"og:url\" content=\"https:\/\/www.esplac.cat\/tracant-vincles-interculturalitat\/\" \/>\n<meta property=\"og:site_name\" content=\"Esplac\" \/>\n<meta property=\"article:published_time\" content=\"2020-12-18T08:25:49+00:00\" \/>\n<meta property=\"article:modified_time\" content=\"2022-03-03T12:54:16+00:00\" \/>\n<meta property=\"og:image\" content=\"https:\/\/www.esplac.cat\/wp-content\/uploads\/2021\/02\/trac\u0327antvinclesguia.jpg\" \/>\n\t<meta property=\"og:image:width\" content=\"1697\" \/>\n\t<meta property=\"og:image:height\" content=\"700\" \/>\n\t<meta property=\"og:image:type\" content=\"image\/jpeg\" \/>\n<meta name=\"author\" content=\"Comunicaci\u00f3 Esplac\" \/>\n<meta name=\"twitter:card\" content=\"summary_large_image\" \/>\n<meta name=\"twitter:label1\" content=\"Written by\" \/>\n\t<meta name=\"twitter:data1\" content=\"Comunicaci\u00f3 Esplac\" \/>\n\t<meta name=\"twitter:label2\" content=\"Est. reading time\" \/>\n\t<meta name=\"twitter:data2\" content=\"1 minute\" \/>\n<script type=\"application\/ld+json\" class=\"yoast-schema-graph\">{\"@context\":\"https:\\\/\\\/schema.org\",\"@graph\":[{\"@type\":\"Article\",\"@id\":\"https:\\\/\\\/www.esplac.cat\\\/tracant-vincles-interculturalitat\\\/#article\",\"isPartOf\":{\"@id\":\"https:\\\/\\\/www.esplac.cat\\\/tracant-vincles-interculturalitat\\\/\"},\"author\":{\"name\":\"Comunicaci\u00f3 Esplac\",\"@id\":\"https:\\\/\\\/www.esplac.cat\\\/#\\\/schema\\\/person\\\/908383cf240be18b68f8855d0583faca\"},\"headline\":\"&#8220;Tra\u00e7ant vincles&#8221;, la Guia d&#8217;interculturalitat i treball en xarxa a l&#8217;associacionisme educatiu\",\"datePublished\":\"2020-12-18T08:25:49+00:00\",\"dateModified\":\"2022-03-03T12:54:16+00:00\",\"mainEntityOfPage\":{\"@id\":\"https:\\\/\\\/www.esplac.cat\\\/tracant-vincles-interculturalitat\\\/\"},\"wordCount\":272,\"publisher\":{\"@id\":\"https:\\\/\\\/www.esplac.cat\\\/#organization\"},\"image\":{\"@id\":\"https:\\\/\\\/www.esplac.cat\\\/tracant-vincles-interculturalitat\\\/#primaryimage\"},\"thumbnailUrl\":\"https:\\\/\\\/www.esplac.cat\\\/wp-content\\\/uploads\\\/2021\\\/02\\\/trac\u0327antvinclesguia.jpg\",\"articleSection\":[\"Inclusi\u00f3 i diversitat\"],\"inLanguage\":\"en-US\"},{\"@type\":\"WebPage\",\"@id\":\"https:\\\/\\\/www.esplac.cat\\\/tracant-vincles-interculturalitat\\\/\",\"url\":\"https:\\\/\\\/www.esplac.cat\\\/tracant-vincles-interculturalitat\\\/\",\"name\":\"\\\"Tra\u00e7ant vincles\\\", la Guia d\u2019interculturalitat a l\u2019associacionisme educatiu\",\"isPartOf\":{\"@id\":\"https:\\\/\\\/www.esplac.cat\\\/#website\"},\"primaryImageOfPage\":{\"@id\":\"https:\\\/\\\/www.esplac.cat\\\/tracant-vincles-interculturalitat\\\/#primaryimage\"},\"image\":{\"@id\":\"https:\\\/\\\/www.esplac.cat\\\/tracant-vincles-interculturalitat\\\/#primaryimage\"},\"thumbnailUrl\":\"https:\\\/\\\/www.esplac.cat\\\/wp-content\\\/uploads\\\/2021\\\/02\\\/trac\u0327antvinclesguia.jpg\",\"datePublished\":\"2020-12-18T08:25:49+00:00\",\"dateModified\":\"2022-03-03T12:54:16+00:00\",\"description\":\"Casals de Joves de Catalunya i Esplais Catalans presentem la Guia d\u2019interculturalitat i treball en xarxa a l\u2019associacionisme educatiu.\",\"breadcrumb\":{\"@id\":\"https:\\\/\\\/www.esplac.cat\\\/tracant-vincles-interculturalitat\\\/#breadcrumb\"},\"inLanguage\":\"en-US\",\"potentialAction\":[{\"@type\":\"ReadAction\",\"target\":[\"https:\\\/\\\/www.esplac.cat\\\/tracant-vincles-interculturalitat\\\/\"]}]},{\"@type\":\"ImageObject\",\"inLanguage\":\"en-US\",\"@id\":\"https:\\\/\\\/www.esplac.cat\\\/tracant-vincles-interculturalitat\\\/#primaryimage\",\"url\":\"https:\\\/\\\/www.esplac.cat\\\/wp-content\\\/uploads\\\/2021\\\/02\\\/trac\u0327antvinclesguia.jpg\",\"contentUrl\":\"https:\\\/\\\/www.esplac.cat\\\/wp-content\\\/uploads\\\/2021\\\/02\\\/trac\u0327antvinclesguia.jpg\",\"width\":1697,\"height\":700,\"caption\":\"interculturalitat\"},{\"@type\":\"BreadcrumbList\",\"@id\":\"https:\\\/\\\/www.esplac.cat\\\/tracant-vincles-interculturalitat\\\/#breadcrumb\",\"itemListElement\":[{\"@type\":\"ListItem\",\"position\":1,\"name\":\"Inici\",\"item\":\"https:\\\/\\\/www.esplac.cat\\\/en\\\/\"},{\"@type\":\"ListItem\",\"position\":2,\"name\":\"&#8220;Tra\u00e7ant vincles&#8221;, la Guia d&#8217;interculturalitat i treball en xarxa a l&#8217;associacionisme educatiu\"}]},{\"@type\":\"WebSite\",\"@id\":\"https:\\\/\\\/www.esplac.cat\\\/#website\",\"url\":\"https:\\\/\\\/www.esplac.cat\\\/\",\"name\":\"Esplac\",\"description\":\"Esplais Catalans\",\"publisher\":{\"@id\":\"https:\\\/\\\/www.esplac.cat\\\/#organization\"},\"potentialAction\":[{\"@type\":\"SearchAction\",\"target\":{\"@type\":\"EntryPoint\",\"urlTemplate\":\"https:\\\/\\\/www.esplac.cat\\\/?s={search_term_string}\"},\"query-input\":{\"@type\":\"PropertyValueSpecification\",\"valueRequired\":true,\"valueName\":\"search_term_string\"}}],\"inLanguage\":\"en-US\"},{\"@type\":\"Organization\",\"@id\":\"https:\\\/\\\/www.esplac.cat\\\/#organization\",\"name\":\"Esplac\",\"url\":\"https:\\\/\\\/www.esplac.cat\\\/\",\"logo\":{\"@type\":\"ImageObject\",\"inLanguage\":\"en-US\",\"@id\":\"https:\\\/\\\/www.esplac.cat\\\/#\\\/schema\\\/logo\\\/image\\\/\",\"url\":\"https:\\\/\\\/www.esplac.cat\\\/wp-content\\\/uploads\\\/2019\\\/08\\\/logox2.png\",\"contentUrl\":\"https:\\\/\\\/www.esplac.cat\\\/wp-content\\\/uploads\\\/2019\\\/08\\\/logox2.png\",\"width\":600,\"height\":295,\"caption\":\"Esplac\"},\"image\":{\"@id\":\"https:\\\/\\\/www.esplac.cat\\\/#\\\/schema\\\/logo\\\/image\\\/\"}},{\"@type\":\"Person\",\"@id\":\"https:\\\/\\\/www.esplac.cat\\\/#\\\/schema\\\/person\\\/908383cf240be18b68f8855d0583faca\",\"name\":\"Comunicaci\u00f3 Esplac\",\"image\":{\"@type\":\"ImageObject\",\"inLanguage\":\"en-US\",\"@id\":\"https:\\\/\\\/secure.gravatar.com\\\/avatar\\\/7a4cf8feb412a76ea4a740ca02d95b06b2907b5a6c648c2dd0a1082a093c3141?s=96&d=mm&r=g\",\"url\":\"https:\\\/\\\/secure.gravatar.com\\\/avatar\\\/7a4cf8feb412a76ea4a740ca02d95b06b2907b5a6c648c2dd0a1082a093c3141?s=96&d=mm&r=g\",\"contentUrl\":\"https:\\\/\\\/secure.gravatar.com\\\/avatar\\\/7a4cf8feb412a76ea4a740ca02d95b06b2907b5a6c648c2dd0a1082a093c3141?s=96&d=mm&r=g\",\"caption\":\"Comunicaci\u00f3 Esplac\"}}]}<\/script>\n<!-- \/ Yoast SEO plugin. -->","yoast_head_json":{"title":"\"Tra\u00e7ant vincles\", la Guia d\u2019interculturalitat a l\u2019associacionisme educatiu","description":"Casals de Joves de Catalunya i Esplais Catalans presentem la Guia d\u2019interculturalitat i treball en xarxa a l\u2019associacionisme educatiu.","robots":{"index":"index","follow":"follow","max-snippet":"max-snippet:-1","max-image-preview":"max-image-preview:large","max-video-preview":"max-video-preview:-1"},"canonical":"https:\/\/www.esplac.cat\/tracant-vincles-interculturalitat\/","og_locale":"en_US","og_type":"article","og_title":"\"Tra\u00e7ant vincles\", la Guia d\u2019interculturalitat a l\u2019associacionisme educatiu","og_description":"Casals de Joves de Catalunya i Esplais Catalans presentem la Guia d\u2019interculturalitat i treball en xarxa a l\u2019associacionisme educatiu.","og_url":"https:\/\/www.esplac.cat\/tracant-vincles-interculturalitat\/","og_site_name":"Esplac","article_published_time":"2020-12-18T08:25:49+00:00","article_modified_time":"2022-03-03T12:54:16+00:00","og_image":[{"width":1697,"height":700,"url":"https:\/\/www.esplac.cat\/wp-content\/uploads\/2021\/02\/trac\u0327antvinclesguia.jpg","type":"image\/jpeg"}],"author":"Comunicaci\u00f3 Esplac","twitter_card":"summary_large_image","twitter_misc":{"Written by":"Comunicaci\u00f3 Esplac","Est. reading time":"1 minute"},"schema":{"@context":"https:\/\/schema.org","@graph":[{"@type":"Article","@id":"https:\/\/www.esplac.cat\/tracant-vincles-interculturalitat\/#article","isPartOf":{"@id":"https:\/\/www.esplac.cat\/tracant-vincles-interculturalitat\/"},"author":{"name":"Comunicaci\u00f3 Esplac","@id":"https:\/\/www.esplac.cat\/#\/schema\/person\/908383cf240be18b68f8855d0583faca"},"headline":"&#8220;Tra\u00e7ant vincles&#8221;, la Guia d&#8217;interculturalitat i treball en xarxa a l&#8217;associacionisme educatiu","datePublished":"2020-12-18T08:25:49+00:00","dateModified":"2022-03-03T12:54:16+00:00","mainEntityOfPage":{"@id":"https:\/\/www.esplac.cat\/tracant-vincles-interculturalitat\/"},"wordCount":272,"publisher":{"@id":"https:\/\/www.esplac.cat\/#organization"},"image":{"@id":"https:\/\/www.esplac.cat\/tracant-vincles-interculturalitat\/#primaryimage"},"thumbnailUrl":"https:\/\/www.esplac.cat\/wp-content\/uploads\/2021\/02\/trac\u0327antvinclesguia.jpg","articleSection":["Inclusi\u00f3 i diversitat"],"inLanguage":"en-US"},{"@type":"WebPage","@id":"https:\/\/www.esplac.cat\/tracant-vincles-interculturalitat\/","url":"https:\/\/www.esplac.cat\/tracant-vincles-interculturalitat\/","name":"\"Tra\u00e7ant vincles\", la Guia d\u2019interculturalitat a l\u2019associacionisme educatiu","isPartOf":{"@id":"https:\/\/www.esplac.cat\/#website"},"primaryImageOfPage":{"@id":"https:\/\/www.esplac.cat\/tracant-vincles-interculturalitat\/#primaryimage"},"image":{"@id":"https:\/\/www.esplac.cat\/tracant-vincles-interculturalitat\/#primaryimage"},"thumbnailUrl":"https:\/\/www.esplac.cat\/wp-content\/uploads\/2021\/02\/trac\u0327antvinclesguia.jpg","datePublished":"2020-12-18T08:25:49+00:00","dateModified":"2022-03-03T12:54:16+00:00","description":"Casals de Joves de Catalunya i Esplais Catalans presentem la Guia d\u2019interculturalitat i treball en xarxa a l\u2019associacionisme educatiu.","breadcrumb":{"@id":"https:\/\/www.esplac.cat\/tracant-vincles-interculturalitat\/#breadcrumb"},"inLanguage":"en-US","potentialAction":[{"@type":"ReadAction","target":["https:\/\/www.esplac.cat\/tracant-vincles-interculturalitat\/"]}]},{"@type":"ImageObject","inLanguage":"en-US","@id":"https:\/\/www.esplac.cat\/tracant-vincles-interculturalitat\/#primaryimage","url":"https:\/\/www.esplac.cat\/wp-content\/uploads\/2021\/02\/trac\u0327antvinclesguia.jpg","contentUrl":"https:\/\/www.esplac.cat\/wp-content\/uploads\/2021\/02\/trac\u0327antvinclesguia.jpg","width":1697,"height":700,"caption":"interculturalitat"},{"@type":"BreadcrumbList","@id":"https:\/\/www.esplac.cat\/tracant-vincles-interculturalitat\/#breadcrumb","itemListElement":[{"@type":"ListItem","position":1,"name":"Inici","item":"https:\/\/www.esplac.cat\/en\/"},{"@type":"ListItem","position":2,"name":"&#8220;Tra\u00e7ant vincles&#8221;, la Guia d&#8217;interculturalitat i treball en xarxa a l&#8217;associacionisme educatiu"}]},{"@type":"WebSite","@id":"https:\/\/www.esplac.cat\/#website","url":"https:\/\/www.esplac.cat\/","name":"Esplac","description":"Esplais Catalans","publisher":{"@id":"https:\/\/www.esplac.cat\/#organization"},"potentialAction":[{"@type":"SearchAction","target":{"@type":"EntryPoint","urlTemplate":"https:\/\/www.esplac.cat\/?s={search_term_string}"},"query-input":{"@type":"PropertyValueSpecification","valueRequired":true,"valueName":"search_term_string"}}],"inLanguage":"en-US"},{"@type":"Organization","@id":"https:\/\/www.esplac.cat\/#organization","name":"Esplac","url":"https:\/\/www.esplac.cat\/","logo":{"@type":"ImageObject","inLanguage":"en-US","@id":"https:\/\/www.esplac.cat\/#\/schema\/logo\/image\/","url":"https:\/\/www.esplac.cat\/wp-content\/uploads\/2019\/08\/logox2.png","contentUrl":"https:\/\/www.esplac.cat\/wp-content\/uploads\/2019\/08\/logox2.png","width":600,"height":295,"caption":"Esplac"},"image":{"@id":"https:\/\/www.esplac.cat\/#\/schema\/logo\/image\/"}},{"@type":"Person","@id":"https:\/\/www.esplac.cat\/#\/schema\/person\/908383cf240be18b68f8855d0583faca","name":"Comunicaci\u00f3 Esplac","image":{"@type":"ImageObject","inLanguage":"en-US","@id":"https:\/\/secure.gravatar.com\/avatar\/7a4cf8feb412a76ea4a740ca02d95b06b2907b5a6c648c2dd0a1082a093c3141?s=96&d=mm&r=g","url":"https:\/\/secure.gravatar.com\/avatar\/7a4cf8feb412a76ea4a740ca02d95b06b2907b5a6c648c2dd0a1082a093c3141?s=96&d=mm&r=g","contentUrl":"https:\/\/secure.gravatar.com\/avatar\/7a4cf8feb412a76ea4a740ca02d95b06b2907b5a6c648c2dd0a1082a093c3141?s=96&d=mm&r=g","caption":"Comunicaci\u00f3 Esplac"}}]}},"_links":{"self":[{"href":"https:\/\/www.esplac.cat\/en\/wp-json\/wp\/v2\/posts\/35017","targetHints":{"allow":["GET"]}}],"collection":[{"href":"https:\/\/www.esplac.cat\/en\/wp-json\/wp\/v2\/posts"}],"about":[{"href":"https:\/\/www.esplac.cat\/en\/wp-json\/wp\/v2\/types\/post"}],"author":[{"embeddable":true,"href":"https:\/\/www.esplac.cat\/en\/wp-json\/wp\/v2\/users\/3"}],"replies":[{"embeddable":true,"href":"https:\/\/www.esplac.cat\/en\/wp-json\/wp\/v2\/comments?post=35017"}],"version-history":[{"count":0,"href":"https:\/\/www.esplac.cat\/en\/wp-json\/wp\/v2\/posts\/35017\/revisions"}],"wp:featuredmedia":[{"embeddable":true,"href":"https:\/\/www.esplac.cat\/en\/wp-json\/wp\/v2\/media\/35026"}],"wp:attachment":[{"href":"https:\/\/www.esplac.cat\/en\/wp-json\/wp\/v2\/media?parent=35017"}],"wp:term":[{"taxonomy":"category","embeddable":true,"href":"https:\/\/www.esplac.cat\/en\/wp-json\/wp\/v2\/categories?post=35017"},{"taxonomy":"post_tag","embeddable":true,"href":"https:\/\/www.esplac.cat\/en\/wp-json\/wp\/v2\/tags?post=35017"}],"curies":[{"name":"wp","href":"https:\/\/api.w.org\/{rel}","templated":true}]}}