{"id":35099,"date":"2021-03-02T10:06:32","date_gmt":"2021-03-02T09:06:32","guid":{"rendered":"https:\/\/www.esplac.cat\/?p=35099"},"modified":"2021-03-04T11:41:08","modified_gmt":"2021-03-04T10:41:08","slug":"vota-tema-jornades-interculturalitat","status":"publish","type":"post","link":"https:\/\/www.esplac.cat\/en\/vota-tema-jornades-interculturalitat\/","title":{"rendered":"Vota el tema de les II Jornades d&#8217;Interculturalitat!"},"content":{"rendered":"<h6><strong>S&#8217;obre el per\u00edode de votaci\u00f3 per escollir el tema de les properes Jornades d&#8217;Interculturalitat, que se celebraran dissabte 15 de maig de 2021.\u00a0<\/strong><\/h6>\n<p>De nou ens tornem a trobar la <span style=\"color: #ff9900;\"><a style=\"color: #ff9900;\" href=\"http:\/\/espai.casaldejoves.org\/casalsdejoves\/\" target=\"_blank\" rel=\"noopener noreferrer\">Federaci\u00f3 de Casals de Joves de Catalunya<\/a><\/span>, la <span style=\"color: #ff9900;\"><a style=\"color: #ff9900;\" href=\"https:\/\/www.ferrerguardia.org\/\" target=\"_blank\" rel=\"noopener noreferrer\">Fundaci\u00f3 Francesc Ferrer i Gu\u00e0rdia<\/a><\/span>, l\u2019<span style=\"color: #ff9900;\"><a style=\"color: #ff9900;\" href=\"https:\/\/escolaelsol.coop\/\" target=\"_blank\" rel=\"noopener noreferrer\">Escola Lliure El S<span style=\"color: #ff9900;\">o<\/span><\/a>l<\/span> i <span style=\"color: #ff9900;\"><a style=\"color: #ff9900;\" href=\"http:\/\/www.esplac.cat\" target=\"_blank\" rel=\"noopener noreferrer\">Esplais Catalans<\/a><\/span> per reflexionar, compartir experi\u00e8ncies i intercanviar eines i recursos, entorn a la interculturalitat, la inclusi\u00f3 i la diversitat. <span style=\"font-weight: 400;\">El proper <strong>dissabte 15 de maig de 2021<\/strong>, celebrem les II Jornades d\u2019Interculturalitat, p<\/span><span style=\"font-weight: 400;\">er tant, guarda\u2019t la data! T\u2019esperem!<\/span><\/p>\n<p><span style=\"font-weight: 400;\">A m\u00e9s, comptem amb la teva opini\u00f3 per decidir el tema que treballarem, a trav\u00e9s de les seg\u00fcents propostes:\u00a0<\/span><b><\/b><\/p>\n<ul>\n<li aria-level=\"1\"><b>La mirada intercultural als projectes de les entitats\u00a0\u00a0<\/b><\/li>\n<\/ul>\n<p><span style=\"font-weight: 400;\">Treballem des de la perspectiva inclusiva per <\/span>crear punts de trobada<span style=\"font-weight: 400;\"> on totes ens sentim representades. En aquesta edici\u00f3 revisarem les pr\u00e0ctiques m\u00e9s interioritzades de les entitats per establir <\/span>l\u00ednies d\u2019actuaci\u00f3, revisi\u00f3 i millora<span style=\"font-weight: 400;\">.\u00a0<\/span><b><\/b><\/p>\n<ul>\n<li aria-level=\"1\"><b>De quina manera convergeixen els nostres valors com entitats amb la mirada intercultural?<\/b><\/li>\n<\/ul>\n<p><span style=\"font-weight: 400;\">Treball conjunt en com han d\u2019harmonitzar valors, pr\u00e0ctiques i formes de fer de les nostres entitats (perspectiva laica) amb la mirada intercultural. Quins s\u00f3n els reptes que tenim com a entitats per esdevenir espais de trobada on convergeixin valors, oportunitats i di\u00e0legs des d\u2019uns mateix punt de partida?<\/span><b><\/b><\/p>\n<ul>\n<li aria-level=\"1\"><b>Acci\u00f3 comunit\u00e0ria intercultural. El treball en xarxa i al territori!\u00a0<\/b><\/li>\n<\/ul>\n<p><span style=\"font-weight: 400;\">L\u2019acci\u00f3 comunit\u00e0ria esdev\u00e9 clau per transformar relacions de desigualtat, treballant per tal de construir alternatives de cooperaci\u00f3, des del di\u00e0leg, el coneixement i el reconeixement mutu.<\/span><\/p>\n<p><span style=\"font-weight: 400;\">La creaci\u00f3 de sinergies entre projectes que treballem en la mateixa l\u00ednia i als mateixos barris, pobles o ciutats \u00e9s cabdal per caminar plegades des de la mirada intercultural.<\/span><span style=\"font-weight: 400;\"><br \/>\n<\/span><\/p>\n<ul>\n<li aria-level=\"1\"><b>L\u2019antigitanisme, una realitat present o desconeguda?<\/b><\/li>\n<\/ul>\n<p><span style=\"font-weight: 400;\">Qui \u00e9s el Poble Gitano? Qu\u00e8 \u00e9s l\u2019antigitanisme? Per comprendre el concepte d\u2019antigitanisme i el seu arrelament hist\u00f2ric a la societat, identificar les manifestacions de l\u2019antigitanisme en el present i obtenir eines per abordar-lo.<\/span><b><\/b><\/p>\n<ul>\n<li aria-level=\"1\"><b>Narratives discriminat\u00f2ries, com aturar-les?<\/b><\/li>\n<\/ul>\n<p><span style=\"font-weight: 400;\">Qu\u00e8 \u00e9s una narrativa? Qu\u00e8 s\u00f3n i com funcionen els marcs mentals? Com opera una narrativa discriminat\u00f2ria? Com influeix l\u2019imaginari social o els referents culturals en el nostre di\u00e0leg? Aprendre a detectar narratives discriminat\u00f2ries basades en imaginaris racistes sobre la diversitat cultural \u00e9s essencial per aportar estrat\u00e8gies per l\u2019elaboraci\u00f3 de narratives transformadores.<\/span><\/p>\n<p><span style=\"font-weight: 400;\"><br \/>\nPer participar en la <strong>votaci\u00f3 del tema<\/strong> de les II Jornades d\u2019interculturalitat feu clic al seg\u00fcent bot\u00f3: <\/span><\/p>\n<div class=\"fusion-aligncenter\"><a class=\"fusion-button button-flat fusion-button-default-size button-default fusion-button-default button-1 fusion-button-default-span fusion-button-default-type\" target=\"_blank\" rel=\"noopener noreferrer\" href=\"https:\/\/infoesplac.typeform.com\/to\/lYUXzhaY\"><span class=\"fusion-button-text\"> Votaci\u00f3 del tema de les II Jornades d\u2019interculturalitat<\/span><\/a><\/div>\n<p>&nbsp;<\/p>\n<p><em>Foto: Primera edici\u00f3 de les Jornades Interculturals (2020)<\/em><\/p>\n<p><img decoding=\"async\" class=\"aligncenter size-full wp-image-35101\" src=\"https:\/\/www.esplac.cat\/wp-content\/uploads\/2021\/03\/Captura-de-Pantalla-2021-03-02-a-les-9.44.40.png\" alt=\"\" width=\"727\" height=\"168\" srcset=\"https:\/\/www.esplac.cat\/wp-content\/uploads\/2021\/03\/Captura-de-Pantalla-2021-03-02-a-les-9.44.40-200x46.png 200w, https:\/\/www.esplac.cat\/wp-content\/uploads\/2021\/03\/Captura-de-Pantalla-2021-03-02-a-les-9.44.40-300x69.png 300w, https:\/\/www.esplac.cat\/wp-content\/uploads\/2021\/03\/Captura-de-Pantalla-2021-03-02-a-les-9.44.40-400x92.png 400w, https:\/\/www.esplac.cat\/wp-content\/uploads\/2021\/03\/Captura-de-Pantalla-2021-03-02-a-les-9.44.40-600x139.png 600w, https:\/\/www.esplac.cat\/wp-content\/uploads\/2021\/03\/Captura-de-Pantalla-2021-03-02-a-les-9.44.40.png 727w\" sizes=\"(max-width: 727px) 100vw, 727px\" \/><\/p>\n<p>&nbsp;<\/p>\n","protected":false},"excerpt":{"rendered":"<p>S&#8217;obre el per\u00edode de votaci\u00f3 per escollir el tema de [&hellip;]<\/p>\n","protected":false},"author":3,"featured_media":35107,"comment_status":"closed","ping_status":"closed","sticky":false,"template":"","format":"standard","meta":{"om_disable_all_campaigns":false,"_monsterinsights_skip_tracking":false,"_monsterinsights_sitenote_active":false,"_monsterinsights_sitenote_note":"","_monsterinsights_sitenote_category":0,"_uf_show_specific_survey":0,"_uf_disable_surveys":false,"footnotes":""},"categories":[1166,1330],"tags":[],"class_list":["post-35099","post","type-post","status-publish","format-standard","has-post-thumbnail","hentry","category-inclusio-i-diversitat","category-jornades-interculturalitat"],"yoast_head":"<!-- This site is optimized with the Yoast SEO plugin v27.4 - https:\/\/yoast.com\/product\/yoast-seo-wordpress\/ -->\n<title>Votaci\u00f3 per escollir el tema de les II Jornades d&#039;Interculturalitat - Esplac<\/title>\n<meta name=\"description\" content=\"S&#039;obre el per\u00edode de votaci\u00f3 per escollir el tema de les properes Jornades d&#039;Interculturalitat, que se celebrar\u00e0 dissabte 15 de maig de 2021.\u00a0\" \/>\n<meta name=\"robots\" content=\"index, follow, max-snippet:-1, max-image-preview:large, max-video-preview:-1\" \/>\n<link rel=\"canonical\" href=\"https:\/\/www.esplac.cat\/es\/vota-tema-jornades-interculturalitat\/\" \/>\n<meta property=\"og:locale\" content=\"en_US\" \/>\n<meta property=\"og:type\" content=\"article\" \/>\n<meta property=\"og:title\" content=\"Votaci\u00f3 per escollir el tema de les II Jornades d&#039;Interculturalitat - Esplac\" \/>\n<meta property=\"og:description\" content=\"S&#039;obre el per\u00edode de votaci\u00f3 per escollir el tema de les properes Jornades d&#039;Interculturalitat, que se celebrar\u00e0 dissabte 15 de maig de 2021.\u00a0\" \/>\n<meta property=\"og:url\" content=\"https:\/\/www.esplac.cat\/es\/vota-tema-jornades-interculturalitat\/\" \/>\n<meta property=\"og:site_name\" content=\"Esplac\" \/>\n<meta property=\"article:published_time\" content=\"2021-03-02T09:06:32+00:00\" \/>\n<meta property=\"article:modified_time\" content=\"2021-03-04T10:41:08+00:00\" \/>\n<meta property=\"og:image\" content=\"https:\/\/www.esplac.cat\/wp-content\/uploads\/2021\/03\/votacio_JornadesInterculturalitat.jpg\" \/>\n\t<meta property=\"og:image:width\" content=\"1697\" \/>\n\t<meta property=\"og:image:height\" content=\"700\" \/>\n\t<meta property=\"og:image:type\" content=\"image\/jpeg\" \/>\n<meta name=\"author\" content=\"Comunicaci\u00f3 Esplac\" \/>\n<meta name=\"twitter:card\" content=\"summary_large_image\" \/>\n<meta name=\"twitter:label1\" content=\"Written by\" \/>\n\t<meta name=\"twitter:data1\" content=\"Comunicaci\u00f3 Esplac\" \/>\n\t<meta name=\"twitter:label2\" content=\"Est. reading time\" \/>\n\t<meta name=\"twitter:data2\" content=\"3 minutes\" \/>\n<script type=\"application\/ld+json\" class=\"yoast-schema-graph\">{\"@context\":\"https:\\\/\\\/schema.org\",\"@graph\":[{\"@type\":\"Article\",\"@id\":\"https:\\\/\\\/www.esplac.cat\\\/es\\\/vota-tema-jornades-interculturalitat\\\/#article\",\"isPartOf\":{\"@id\":\"https:\\\/\\\/www.esplac.cat\\\/es\\\/vota-tema-jornades-interculturalitat\\\/\"},\"author\":{\"name\":\"Comunicaci\u00f3 Esplac\",\"@id\":\"https:\\\/\\\/www.esplac.cat\\\/#\\\/schema\\\/person\\\/908383cf240be18b68f8855d0583faca\"},\"headline\":\"Vota el tema de les II Jornades d&#8217;Interculturalitat!\",\"datePublished\":\"2021-03-02T09:06:32+00:00\",\"dateModified\":\"2021-03-04T10:41:08+00:00\",\"mainEntityOfPage\":{\"@id\":\"https:\\\/\\\/www.esplac.cat\\\/es\\\/vota-tema-jornades-interculturalitat\\\/\"},\"wordCount\":538,\"publisher\":{\"@id\":\"https:\\\/\\\/www.esplac.cat\\\/#organization\"},\"image\":{\"@id\":\"https:\\\/\\\/www.esplac.cat\\\/es\\\/vota-tema-jornades-interculturalitat\\\/#primaryimage\"},\"thumbnailUrl\":\"https:\\\/\\\/www.esplac.cat\\\/wp-content\\\/uploads\\\/2021\\\/03\\\/votacio_JornadesInterculturalitat.jpg\",\"articleSection\":[\"Inclusi\u00f3 i diversitat\",\"Jornades Interculturalitat\"],\"inLanguage\":\"en-US\"},{\"@type\":\"WebPage\",\"@id\":\"https:\\\/\\\/www.esplac.cat\\\/es\\\/vota-tema-jornades-interculturalitat\\\/\",\"url\":\"https:\\\/\\\/www.esplac.cat\\\/es\\\/vota-tema-jornades-interculturalitat\\\/\",\"name\":\"Votaci\u00f3 per escollir el tema de les II Jornades d'Interculturalitat - Esplac\",\"isPartOf\":{\"@id\":\"https:\\\/\\\/www.esplac.cat\\\/#website\"},\"primaryImageOfPage\":{\"@id\":\"https:\\\/\\\/www.esplac.cat\\\/es\\\/vota-tema-jornades-interculturalitat\\\/#primaryimage\"},\"image\":{\"@id\":\"https:\\\/\\\/www.esplac.cat\\\/es\\\/vota-tema-jornades-interculturalitat\\\/#primaryimage\"},\"thumbnailUrl\":\"https:\\\/\\\/www.esplac.cat\\\/wp-content\\\/uploads\\\/2021\\\/03\\\/votacio_JornadesInterculturalitat.jpg\",\"datePublished\":\"2021-03-02T09:06:32+00:00\",\"dateModified\":\"2021-03-04T10:41:08+00:00\",\"description\":\"S'obre el per\u00edode de votaci\u00f3 per escollir el tema de les properes Jornades d'Interculturalitat, que se celebrar\u00e0 dissabte 15 de maig de 2021.\u00a0\",\"breadcrumb\":{\"@id\":\"https:\\\/\\\/www.esplac.cat\\\/es\\\/vota-tema-jornades-interculturalitat\\\/#breadcrumb\"},\"inLanguage\":\"en-US\",\"potentialAction\":[{\"@type\":\"ReadAction\",\"target\":[\"https:\\\/\\\/www.esplac.cat\\\/es\\\/vota-tema-jornades-interculturalitat\\\/\"]}]},{\"@type\":\"ImageObject\",\"inLanguage\":\"en-US\",\"@id\":\"https:\\\/\\\/www.esplac.cat\\\/es\\\/vota-tema-jornades-interculturalitat\\\/#primaryimage\",\"url\":\"https:\\\/\\\/www.esplac.cat\\\/wp-content\\\/uploads\\\/2021\\\/03\\\/votacio_JornadesInterculturalitat.jpg\",\"contentUrl\":\"https:\\\/\\\/www.esplac.cat\\\/wp-content\\\/uploads\\\/2021\\\/03\\\/votacio_JornadesInterculturalitat.jpg\",\"width\":1697,\"height\":700},{\"@type\":\"BreadcrumbList\",\"@id\":\"https:\\\/\\\/www.esplac.cat\\\/es\\\/vota-tema-jornades-interculturalitat\\\/#breadcrumb\",\"itemListElement\":[{\"@type\":\"ListItem\",\"position\":1,\"name\":\"Inici\",\"item\":\"https:\\\/\\\/www.esplac.cat\\\/en\\\/\"},{\"@type\":\"ListItem\",\"position\":2,\"name\":\"Vota el tema de les II Jornades d&#8217;Interculturalitat!\"}]},{\"@type\":\"WebSite\",\"@id\":\"https:\\\/\\\/www.esplac.cat\\\/#website\",\"url\":\"https:\\\/\\\/www.esplac.cat\\\/\",\"name\":\"Esplac\",\"description\":\"Esplais Catalans\",\"publisher\":{\"@id\":\"https:\\\/\\\/www.esplac.cat\\\/#organization\"},\"potentialAction\":[{\"@type\":\"SearchAction\",\"target\":{\"@type\":\"EntryPoint\",\"urlTemplate\":\"https:\\\/\\\/www.esplac.cat\\\/?s={search_term_string}\"},\"query-input\":{\"@type\":\"PropertyValueSpecification\",\"valueRequired\":true,\"valueName\":\"search_term_string\"}}],\"inLanguage\":\"en-US\"},{\"@type\":\"Organization\",\"@id\":\"https:\\\/\\\/www.esplac.cat\\\/#organization\",\"name\":\"Esplac\",\"url\":\"https:\\\/\\\/www.esplac.cat\\\/\",\"logo\":{\"@type\":\"ImageObject\",\"inLanguage\":\"en-US\",\"@id\":\"https:\\\/\\\/www.esplac.cat\\\/#\\\/schema\\\/logo\\\/image\\\/\",\"url\":\"https:\\\/\\\/www.esplac.cat\\\/wp-content\\\/uploads\\\/2019\\\/08\\\/logox2.png\",\"contentUrl\":\"https:\\\/\\\/www.esplac.cat\\\/wp-content\\\/uploads\\\/2019\\\/08\\\/logox2.png\",\"width\":600,\"height\":295,\"caption\":\"Esplac\"},\"image\":{\"@id\":\"https:\\\/\\\/www.esplac.cat\\\/#\\\/schema\\\/logo\\\/image\\\/\"}},{\"@type\":\"Person\",\"@id\":\"https:\\\/\\\/www.esplac.cat\\\/#\\\/schema\\\/person\\\/908383cf240be18b68f8855d0583faca\",\"name\":\"Comunicaci\u00f3 Esplac\",\"image\":{\"@type\":\"ImageObject\",\"inLanguage\":\"en-US\",\"@id\":\"https:\\\/\\\/secure.gravatar.com\\\/avatar\\\/7a4cf8feb412a76ea4a740ca02d95b06b2907b5a6c648c2dd0a1082a093c3141?s=96&d=mm&r=g\",\"url\":\"https:\\\/\\\/secure.gravatar.com\\\/avatar\\\/7a4cf8feb412a76ea4a740ca02d95b06b2907b5a6c648c2dd0a1082a093c3141?s=96&d=mm&r=g\",\"contentUrl\":\"https:\\\/\\\/secure.gravatar.com\\\/avatar\\\/7a4cf8feb412a76ea4a740ca02d95b06b2907b5a6c648c2dd0a1082a093c3141?s=96&d=mm&r=g\",\"caption\":\"Comunicaci\u00f3 Esplac\"}}]}<\/script>\n<!-- \/ Yoast SEO plugin. -->","yoast_head_json":{"title":"Votaci\u00f3 per escollir el tema de les II Jornades d'Interculturalitat - Esplac","description":"S'obre el per\u00edode de votaci\u00f3 per escollir el tema de les properes Jornades d'Interculturalitat, que se celebrar\u00e0 dissabte 15 de maig de 2021.\u00a0","robots":{"index":"index","follow":"follow","max-snippet":"max-snippet:-1","max-image-preview":"max-image-preview:large","max-video-preview":"max-video-preview:-1"},"canonical":"https:\/\/www.esplac.cat\/es\/vota-tema-jornades-interculturalitat\/","og_locale":"en_US","og_type":"article","og_title":"Votaci\u00f3 per escollir el tema de les II Jornades d'Interculturalitat - Esplac","og_description":"S'obre el per\u00edode de votaci\u00f3 per escollir el tema de les properes Jornades d'Interculturalitat, que se celebrar\u00e0 dissabte 15 de maig de 2021.\u00a0","og_url":"https:\/\/www.esplac.cat\/es\/vota-tema-jornades-interculturalitat\/","og_site_name":"Esplac","article_published_time":"2021-03-02T09:06:32+00:00","article_modified_time":"2021-03-04T10:41:08+00:00","og_image":[{"width":1697,"height":700,"url":"https:\/\/www.esplac.cat\/wp-content\/uploads\/2021\/03\/votacio_JornadesInterculturalitat.jpg","type":"image\/jpeg"}],"author":"Comunicaci\u00f3 Esplac","twitter_card":"summary_large_image","twitter_misc":{"Written by":"Comunicaci\u00f3 Esplac","Est. reading time":"3 minutes"},"schema":{"@context":"https:\/\/schema.org","@graph":[{"@type":"Article","@id":"https:\/\/www.esplac.cat\/es\/vota-tema-jornades-interculturalitat\/#article","isPartOf":{"@id":"https:\/\/www.esplac.cat\/es\/vota-tema-jornades-interculturalitat\/"},"author":{"name":"Comunicaci\u00f3 Esplac","@id":"https:\/\/www.esplac.cat\/#\/schema\/person\/908383cf240be18b68f8855d0583faca"},"headline":"Vota el tema de les II Jornades d&#8217;Interculturalitat!","datePublished":"2021-03-02T09:06:32+00:00","dateModified":"2021-03-04T10:41:08+00:00","mainEntityOfPage":{"@id":"https:\/\/www.esplac.cat\/es\/vota-tema-jornades-interculturalitat\/"},"wordCount":538,"publisher":{"@id":"https:\/\/www.esplac.cat\/#organization"},"image":{"@id":"https:\/\/www.esplac.cat\/es\/vota-tema-jornades-interculturalitat\/#primaryimage"},"thumbnailUrl":"https:\/\/www.esplac.cat\/wp-content\/uploads\/2021\/03\/votacio_JornadesInterculturalitat.jpg","articleSection":["Inclusi\u00f3 i diversitat","Jornades Interculturalitat"],"inLanguage":"en-US"},{"@type":"WebPage","@id":"https:\/\/www.esplac.cat\/es\/vota-tema-jornades-interculturalitat\/","url":"https:\/\/www.esplac.cat\/es\/vota-tema-jornades-interculturalitat\/","name":"Votaci\u00f3 per escollir el tema de les II Jornades d'Interculturalitat - Esplac","isPartOf":{"@id":"https:\/\/www.esplac.cat\/#website"},"primaryImageOfPage":{"@id":"https:\/\/www.esplac.cat\/es\/vota-tema-jornades-interculturalitat\/#primaryimage"},"image":{"@id":"https:\/\/www.esplac.cat\/es\/vota-tema-jornades-interculturalitat\/#primaryimage"},"thumbnailUrl":"https:\/\/www.esplac.cat\/wp-content\/uploads\/2021\/03\/votacio_JornadesInterculturalitat.jpg","datePublished":"2021-03-02T09:06:32+00:00","dateModified":"2021-03-04T10:41:08+00:00","description":"S'obre el per\u00edode de votaci\u00f3 per escollir el tema de les properes Jornades d'Interculturalitat, que se celebrar\u00e0 dissabte 15 de maig de 2021.\u00a0","breadcrumb":{"@id":"https:\/\/www.esplac.cat\/es\/vota-tema-jornades-interculturalitat\/#breadcrumb"},"inLanguage":"en-US","potentialAction":[{"@type":"ReadAction","target":["https:\/\/www.esplac.cat\/es\/vota-tema-jornades-interculturalitat\/"]}]},{"@type":"ImageObject","inLanguage":"en-US","@id":"https:\/\/www.esplac.cat\/es\/vota-tema-jornades-interculturalitat\/#primaryimage","url":"https:\/\/www.esplac.cat\/wp-content\/uploads\/2021\/03\/votacio_JornadesInterculturalitat.jpg","contentUrl":"https:\/\/www.esplac.cat\/wp-content\/uploads\/2021\/03\/votacio_JornadesInterculturalitat.jpg","width":1697,"height":700},{"@type":"BreadcrumbList","@id":"https:\/\/www.esplac.cat\/es\/vota-tema-jornades-interculturalitat\/#breadcrumb","itemListElement":[{"@type":"ListItem","position":1,"name":"Inici","item":"https:\/\/www.esplac.cat\/en\/"},{"@type":"ListItem","position":2,"name":"Vota el tema de les II Jornades d&#8217;Interculturalitat!"}]},{"@type":"WebSite","@id":"https:\/\/www.esplac.cat\/#website","url":"https:\/\/www.esplac.cat\/","name":"Esplac","description":"Esplais Catalans","publisher":{"@id":"https:\/\/www.esplac.cat\/#organization"},"potentialAction":[{"@type":"SearchAction","target":{"@type":"EntryPoint","urlTemplate":"https:\/\/www.esplac.cat\/?s={search_term_string}"},"query-input":{"@type":"PropertyValueSpecification","valueRequired":true,"valueName":"search_term_string"}}],"inLanguage":"en-US"},{"@type":"Organization","@id":"https:\/\/www.esplac.cat\/#organization","name":"Esplac","url":"https:\/\/www.esplac.cat\/","logo":{"@type":"ImageObject","inLanguage":"en-US","@id":"https:\/\/www.esplac.cat\/#\/schema\/logo\/image\/","url":"https:\/\/www.esplac.cat\/wp-content\/uploads\/2019\/08\/logox2.png","contentUrl":"https:\/\/www.esplac.cat\/wp-content\/uploads\/2019\/08\/logox2.png","width":600,"height":295,"caption":"Esplac"},"image":{"@id":"https:\/\/www.esplac.cat\/#\/schema\/logo\/image\/"}},{"@type":"Person","@id":"https:\/\/www.esplac.cat\/#\/schema\/person\/908383cf240be18b68f8855d0583faca","name":"Comunicaci\u00f3 Esplac","image":{"@type":"ImageObject","inLanguage":"en-US","@id":"https:\/\/secure.gravatar.com\/avatar\/7a4cf8feb412a76ea4a740ca02d95b06b2907b5a6c648c2dd0a1082a093c3141?s=96&d=mm&r=g","url":"https:\/\/secure.gravatar.com\/avatar\/7a4cf8feb412a76ea4a740ca02d95b06b2907b5a6c648c2dd0a1082a093c3141?s=96&d=mm&r=g","contentUrl":"https:\/\/secure.gravatar.com\/avatar\/7a4cf8feb412a76ea4a740ca02d95b06b2907b5a6c648c2dd0a1082a093c3141?s=96&d=mm&r=g","caption":"Comunicaci\u00f3 Esplac"}}]}},"_links":{"self":[{"href":"https:\/\/www.esplac.cat\/en\/wp-json\/wp\/v2\/posts\/35099","targetHints":{"allow":["GET"]}}],"collection":[{"href":"https:\/\/www.esplac.cat\/en\/wp-json\/wp\/v2\/posts"}],"about":[{"href":"https:\/\/www.esplac.cat\/en\/wp-json\/wp\/v2\/types\/post"}],"author":[{"embeddable":true,"href":"https:\/\/www.esplac.cat\/en\/wp-json\/wp\/v2\/users\/3"}],"replies":[{"embeddable":true,"href":"https:\/\/www.esplac.cat\/en\/wp-json\/wp\/v2\/comments?post=35099"}],"version-history":[{"count":0,"href":"https:\/\/www.esplac.cat\/en\/wp-json\/wp\/v2\/posts\/35099\/revisions"}],"wp:featuredmedia":[{"embeddable":true,"href":"https:\/\/www.esplac.cat\/en\/wp-json\/wp\/v2\/media\/35107"}],"wp:attachment":[{"href":"https:\/\/www.esplac.cat\/en\/wp-json\/wp\/v2\/media?parent=35099"}],"wp:term":[{"taxonomy":"category","embeddable":true,"href":"https:\/\/www.esplac.cat\/en\/wp-json\/wp\/v2\/categories?post=35099"},{"taxonomy":"post_tag","embeddable":true,"href":"https:\/\/www.esplac.cat\/en\/wp-json\/wp\/v2\/tags?post=35099"}],"curies":[{"name":"wp","href":"https:\/\/api.w.org\/{rel}","templated":true}]}}