{"id":35158,"date":"2021-03-03T11:20:56","date_gmt":"2021-03-03T10:20:56","guid":{"rendered":"https:\/\/www.esplac.cat\/?p=35158"},"modified":"2021-03-03T11:25:17","modified_gmt":"2021-03-03T10:25:17","slug":"covid-no-atura-santa-pinya-sector-maresme","status":"publish","type":"post","link":"https:\/\/www.esplac.cat\/en\/covid-no-atura-santa-pinya-sector-maresme\/","title":{"rendered":"La Covid-19 no atura la Santa Pinya del Sector Maresme!"},"content":{"rendered":"<h6><strong>Una trentena de monitores i monitors del Sector Maresme duen a terme la Santa Pinya, la jornada de formaci\u00f3 del sector, a Alella.<\/strong><\/h6>\n<div>\n<p>El passat diumenge 21 de febrer, el Sector Maresme va celebrar la Santa Pinya, la jornada de formaci\u00f3 del sector, amb totes les garanties i mesures sanit\u00e0ries que exigeix la pand\u00e8mia. Les formacions es van dur a terme a La Gaietana, una casa d&#8217;Alella i va comptar amb una participaci\u00f3 d&#8217;unes 30 monitores de 5 esplais diferents.<\/p>\n<\/div>\n<div>\n<p>Les formacions que es van dur a terme van ser:<strong> Organitzaci\u00f3 i gesti\u00f3 de l&#8217;assemblea<\/strong>, <strong>Detecci\u00f3 i prevenci\u00f3 del Bullying<\/strong>, <strong>Educaci\u00f3 emocional<\/strong> i <strong>Aprofundint en l&#8217;educaci\u00f3 amb perspectiva de g\u00e8nere i LGTBI<\/strong>. Aquestes formacions les van fer formadores de l&#8217;<span style=\"color: #ff9900;\"><a style=\"color: #ff9900;\" href=\"https:\/\/escolaelsol.coop\/\" target=\"_blank\" rel=\"noopener noreferrer\">Escola Lliure el Sol<\/a><\/span> i van ser valorades molt positivament per les persones assistents, que n&#8217;extreuen aprenentatges i coneixements \u00fatils pel dia a dia a l&#8217;esplai amb infants i joves.<\/p>\n<\/div>\n<div>\n<p>Com la jornada va coincidir amb les concentracions de la <a href=\"https:\/\/www.esplac.cat\/esplais-esplac-reivindicat-segurs-imprescindibles\/\"><span style=\"color: #ff9900;\">campanya #Imprescindibles d&#8217;Esplac<\/span> <\/a>sobre les mesures aplicades al lleure educatiu per la Covid-19, van aprofitar per compartir inquietuds i posar de manifest que som imprescindibles i segurs.<\/p>\n<\/div>\n<div><\/div>\n<div><\/div>\n<div>Des del sector esperen que aquest curs puguin fer de nou una nova jornada formativa i que l&#8217;energia de l&#8217;esplai no acabi mai!<\/div>\n<div>\n<p>&nbsp;<\/p>\n<\/div>\n","protected":false},"excerpt":{"rendered":"<p>Una trentena de monitores i monitors del Sector Maresme duen [&hellip;]<\/p>\n","protected":false},"author":3,"featured_media":35159,"comment_status":"closed","ping_status":"closed","sticky":false,"template":"","format":"standard","meta":{"om_disable_all_campaigns":false,"_monsterinsights_skip_tracking":false,"_monsterinsights_sitenote_active":false,"_monsterinsights_sitenote_note":"","_monsterinsights_sitenote_category":0,"_uf_show_specific_survey":0,"_uf_disable_surveys":false,"footnotes":""},"categories":[1113],"tags":[],"class_list":["post-35158","post","type-post","status-publish","format-standard","has-post-thumbnail","hentry","category-sector-maresme"],"yoast_head":"<!-- This site is optimized with the Yoast SEO plugin v27.5 - https:\/\/yoast.com\/product\/yoast-seo-wordpress\/ -->\n<title>La Covid-19 no atura la Santa Pinya del Sector Maresme! - Esplac<\/title>\n<meta name=\"description\" content=\"Una trentena de monitores i monitors del Sector Maresme duen a terme la Santa Pinya, la jornada de formaci\u00f3 del sector, a Alella.\" \/>\n<meta name=\"robots\" content=\"index, follow, max-snippet:-1, max-image-preview:large, max-video-preview:-1\" \/>\n<link rel=\"canonical\" href=\"https:\/\/www.esplac.cat\/covid-no-atura-santa-pinya-sector-maresme\/\" \/>\n<meta property=\"og:locale\" content=\"en_US\" \/>\n<meta property=\"og:type\" content=\"article\" \/>\n<meta property=\"og:title\" content=\"La Covid-19 no atura la Santa Pinya del Sector Maresme! - Esplac\" \/>\n<meta property=\"og:description\" content=\"Una trentena de monitores i monitors del Sector Maresme duen a terme la Santa Pinya, la jornada de formaci\u00f3 del sector, a Alella.\" \/>\n<meta property=\"og:url\" content=\"https:\/\/www.esplac.cat\/covid-no-atura-santa-pinya-sector-maresme\/\" \/>\n<meta property=\"og:site_name\" content=\"Esplac\" \/>\n<meta property=\"article:published_time\" content=\"2021-03-03T10:20:56+00:00\" \/>\n<meta property=\"article:modified_time\" content=\"2021-03-03T10:25:17+00:00\" \/>\n<meta property=\"og:image\" content=\"https:\/\/www.esplac.cat\/wp-content\/uploads\/2021\/03\/santapinyamaresme.jpg\" \/>\n\t<meta property=\"og:image:width\" content=\"1697\" \/>\n\t<meta property=\"og:image:height\" content=\"700\" \/>\n\t<meta property=\"og:image:type\" content=\"image\/jpeg\" \/>\n<meta name=\"author\" content=\"Comunicaci\u00f3 Esplac\" \/>\n<meta name=\"twitter:card\" content=\"summary_large_image\" \/>\n<meta name=\"twitter:label1\" content=\"Written by\" \/>\n\t<meta name=\"twitter:data1\" content=\"Comunicaci\u00f3 Esplac\" \/>\n\t<meta name=\"twitter:label2\" content=\"Est. reading time\" \/>\n\t<meta name=\"twitter:data2\" content=\"1 minute\" \/>\n<script type=\"application\/ld+json\" class=\"yoast-schema-graph\">{\"@context\":\"https:\\\/\\\/schema.org\",\"@graph\":[{\"@type\":\"Article\",\"@id\":\"https:\\\/\\\/www.esplac.cat\\\/covid-no-atura-santa-pinya-sector-maresme\\\/#article\",\"isPartOf\":{\"@id\":\"https:\\\/\\\/www.esplac.cat\\\/covid-no-atura-santa-pinya-sector-maresme\\\/\"},\"author\":{\"name\":\"Comunicaci\u00f3 Esplac\",\"@id\":\"https:\\\/\\\/www.esplac.cat\\\/#\\\/schema\\\/person\\\/908383cf240be18b68f8855d0583faca\"},\"headline\":\"La Covid-19 no atura la Santa Pinya del Sector Maresme!\",\"datePublished\":\"2021-03-03T10:20:56+00:00\",\"dateModified\":\"2021-03-03T10:25:17+00:00\",\"mainEntityOfPage\":{\"@id\":\"https:\\\/\\\/www.esplac.cat\\\/covid-no-atura-santa-pinya-sector-maresme\\\/\"},\"wordCount\":230,\"publisher\":{\"@id\":\"https:\\\/\\\/www.esplac.cat\\\/#organization\"},\"image\":{\"@id\":\"https:\\\/\\\/www.esplac.cat\\\/covid-no-atura-santa-pinya-sector-maresme\\\/#primaryimage\"},\"thumbnailUrl\":\"https:\\\/\\\/www.esplac.cat\\\/wp-content\\\/uploads\\\/2021\\\/03\\\/santapinyamaresme.jpg\",\"articleSection\":[\"Sector Maresme\"],\"inLanguage\":\"en-US\"},{\"@type\":\"WebPage\",\"@id\":\"https:\\\/\\\/www.esplac.cat\\\/covid-no-atura-santa-pinya-sector-maresme\\\/\",\"url\":\"https:\\\/\\\/www.esplac.cat\\\/covid-no-atura-santa-pinya-sector-maresme\\\/\",\"name\":\"La Covid-19 no atura la Santa Pinya del Sector Maresme! - Esplac\",\"isPartOf\":{\"@id\":\"https:\\\/\\\/www.esplac.cat\\\/#website\"},\"primaryImageOfPage\":{\"@id\":\"https:\\\/\\\/www.esplac.cat\\\/covid-no-atura-santa-pinya-sector-maresme\\\/#primaryimage\"},\"image\":{\"@id\":\"https:\\\/\\\/www.esplac.cat\\\/covid-no-atura-santa-pinya-sector-maresme\\\/#primaryimage\"},\"thumbnailUrl\":\"https:\\\/\\\/www.esplac.cat\\\/wp-content\\\/uploads\\\/2021\\\/03\\\/santapinyamaresme.jpg\",\"datePublished\":\"2021-03-03T10:20:56+00:00\",\"dateModified\":\"2021-03-03T10:25:17+00:00\",\"description\":\"Una trentena de monitores i monitors del Sector Maresme duen a terme la Santa Pinya, la jornada de formaci\u00f3 del sector, a Alella.\",\"breadcrumb\":{\"@id\":\"https:\\\/\\\/www.esplac.cat\\\/covid-no-atura-santa-pinya-sector-maresme\\\/#breadcrumb\"},\"inLanguage\":\"en-US\",\"potentialAction\":[{\"@type\":\"ReadAction\",\"target\":[\"https:\\\/\\\/www.esplac.cat\\\/covid-no-atura-santa-pinya-sector-maresme\\\/\"]}]},{\"@type\":\"ImageObject\",\"inLanguage\":\"en-US\",\"@id\":\"https:\\\/\\\/www.esplac.cat\\\/covid-no-atura-santa-pinya-sector-maresme\\\/#primaryimage\",\"url\":\"https:\\\/\\\/www.esplac.cat\\\/wp-content\\\/uploads\\\/2021\\\/03\\\/santapinyamaresme.jpg\",\"contentUrl\":\"https:\\\/\\\/www.esplac.cat\\\/wp-content\\\/uploads\\\/2021\\\/03\\\/santapinyamaresme.jpg\",\"width\":1697,\"height\":700,\"caption\":\"Santa Pinya maresme\"},{\"@type\":\"BreadcrumbList\",\"@id\":\"https:\\\/\\\/www.esplac.cat\\\/covid-no-atura-santa-pinya-sector-maresme\\\/#breadcrumb\",\"itemListElement\":[{\"@type\":\"ListItem\",\"position\":1,\"name\":\"Inici\",\"item\":\"https:\\\/\\\/www.esplac.cat\\\/en\\\/\"},{\"@type\":\"ListItem\",\"position\":2,\"name\":\"La Covid-19 no atura la Santa Pinya del Sector Maresme!\"}]},{\"@type\":\"WebSite\",\"@id\":\"https:\\\/\\\/www.esplac.cat\\\/#website\",\"url\":\"https:\\\/\\\/www.esplac.cat\\\/\",\"name\":\"Esplac\",\"description\":\"Esplais Catalans\",\"publisher\":{\"@id\":\"https:\\\/\\\/www.esplac.cat\\\/#organization\"},\"potentialAction\":[{\"@type\":\"SearchAction\",\"target\":{\"@type\":\"EntryPoint\",\"urlTemplate\":\"https:\\\/\\\/www.esplac.cat\\\/?s={search_term_string}\"},\"query-input\":{\"@type\":\"PropertyValueSpecification\",\"valueRequired\":true,\"valueName\":\"search_term_string\"}}],\"inLanguage\":\"en-US\"},{\"@type\":\"Organization\",\"@id\":\"https:\\\/\\\/www.esplac.cat\\\/#organization\",\"name\":\"Esplac\",\"url\":\"https:\\\/\\\/www.esplac.cat\\\/\",\"logo\":{\"@type\":\"ImageObject\",\"inLanguage\":\"en-US\",\"@id\":\"https:\\\/\\\/www.esplac.cat\\\/#\\\/schema\\\/logo\\\/image\\\/\",\"url\":\"https:\\\/\\\/www.esplac.cat\\\/wp-content\\\/uploads\\\/2019\\\/08\\\/logox2.png\",\"contentUrl\":\"https:\\\/\\\/www.esplac.cat\\\/wp-content\\\/uploads\\\/2019\\\/08\\\/logox2.png\",\"width\":600,\"height\":295,\"caption\":\"Esplac\"},\"image\":{\"@id\":\"https:\\\/\\\/www.esplac.cat\\\/#\\\/schema\\\/logo\\\/image\\\/\"}},{\"@type\":\"Person\",\"@id\":\"https:\\\/\\\/www.esplac.cat\\\/#\\\/schema\\\/person\\\/908383cf240be18b68f8855d0583faca\",\"name\":\"Comunicaci\u00f3 Esplac\",\"image\":{\"@type\":\"ImageObject\",\"inLanguage\":\"en-US\",\"@id\":\"https:\\\/\\\/secure.gravatar.com\\\/avatar\\\/7a4cf8feb412a76ea4a740ca02d95b06b2907b5a6c648c2dd0a1082a093c3141?s=96&d=mm&r=g\",\"url\":\"https:\\\/\\\/secure.gravatar.com\\\/avatar\\\/7a4cf8feb412a76ea4a740ca02d95b06b2907b5a6c648c2dd0a1082a093c3141?s=96&d=mm&r=g\",\"contentUrl\":\"https:\\\/\\\/secure.gravatar.com\\\/avatar\\\/7a4cf8feb412a76ea4a740ca02d95b06b2907b5a6c648c2dd0a1082a093c3141?s=96&d=mm&r=g\",\"caption\":\"Comunicaci\u00f3 Esplac\"}}]}<\/script>\n<!-- \/ Yoast SEO plugin. -->","yoast_head_json":{"title":"La Covid-19 no atura la Santa Pinya del Sector Maresme! - Esplac","description":"Una trentena de monitores i monitors del Sector Maresme duen a terme la Santa Pinya, la jornada de formaci\u00f3 del sector, a Alella.","robots":{"index":"index","follow":"follow","max-snippet":"max-snippet:-1","max-image-preview":"max-image-preview:large","max-video-preview":"max-video-preview:-1"},"canonical":"https:\/\/www.esplac.cat\/covid-no-atura-santa-pinya-sector-maresme\/","og_locale":"en_US","og_type":"article","og_title":"La Covid-19 no atura la Santa Pinya del Sector Maresme! - Esplac","og_description":"Una trentena de monitores i monitors del Sector Maresme duen a terme la Santa Pinya, la jornada de formaci\u00f3 del sector, a Alella.","og_url":"https:\/\/www.esplac.cat\/covid-no-atura-santa-pinya-sector-maresme\/","og_site_name":"Esplac","article_published_time":"2021-03-03T10:20:56+00:00","article_modified_time":"2021-03-03T10:25:17+00:00","og_image":[{"width":1697,"height":700,"url":"https:\/\/www.esplac.cat\/wp-content\/uploads\/2021\/03\/santapinyamaresme.jpg","type":"image\/jpeg"}],"author":"Comunicaci\u00f3 Esplac","twitter_card":"summary_large_image","twitter_misc":{"Written by":"Comunicaci\u00f3 Esplac","Est. reading time":"1 minute"},"schema":{"@context":"https:\/\/schema.org","@graph":[{"@type":"Article","@id":"https:\/\/www.esplac.cat\/covid-no-atura-santa-pinya-sector-maresme\/#article","isPartOf":{"@id":"https:\/\/www.esplac.cat\/covid-no-atura-santa-pinya-sector-maresme\/"},"author":{"name":"Comunicaci\u00f3 Esplac","@id":"https:\/\/www.esplac.cat\/#\/schema\/person\/908383cf240be18b68f8855d0583faca"},"headline":"La Covid-19 no atura la Santa Pinya del Sector Maresme!","datePublished":"2021-03-03T10:20:56+00:00","dateModified":"2021-03-03T10:25:17+00:00","mainEntityOfPage":{"@id":"https:\/\/www.esplac.cat\/covid-no-atura-santa-pinya-sector-maresme\/"},"wordCount":230,"publisher":{"@id":"https:\/\/www.esplac.cat\/#organization"},"image":{"@id":"https:\/\/www.esplac.cat\/covid-no-atura-santa-pinya-sector-maresme\/#primaryimage"},"thumbnailUrl":"https:\/\/www.esplac.cat\/wp-content\/uploads\/2021\/03\/santapinyamaresme.jpg","articleSection":["Sector Maresme"],"inLanguage":"en-US"},{"@type":"WebPage","@id":"https:\/\/www.esplac.cat\/covid-no-atura-santa-pinya-sector-maresme\/","url":"https:\/\/www.esplac.cat\/covid-no-atura-santa-pinya-sector-maresme\/","name":"La Covid-19 no atura la Santa Pinya del Sector Maresme! - Esplac","isPartOf":{"@id":"https:\/\/www.esplac.cat\/#website"},"primaryImageOfPage":{"@id":"https:\/\/www.esplac.cat\/covid-no-atura-santa-pinya-sector-maresme\/#primaryimage"},"image":{"@id":"https:\/\/www.esplac.cat\/covid-no-atura-santa-pinya-sector-maresme\/#primaryimage"},"thumbnailUrl":"https:\/\/www.esplac.cat\/wp-content\/uploads\/2021\/03\/santapinyamaresme.jpg","datePublished":"2021-03-03T10:20:56+00:00","dateModified":"2021-03-03T10:25:17+00:00","description":"Una trentena de monitores i monitors del Sector Maresme duen a terme la Santa Pinya, la jornada de formaci\u00f3 del sector, a Alella.","breadcrumb":{"@id":"https:\/\/www.esplac.cat\/covid-no-atura-santa-pinya-sector-maresme\/#breadcrumb"},"inLanguage":"en-US","potentialAction":[{"@type":"ReadAction","target":["https:\/\/www.esplac.cat\/covid-no-atura-santa-pinya-sector-maresme\/"]}]},{"@type":"ImageObject","inLanguage":"en-US","@id":"https:\/\/www.esplac.cat\/covid-no-atura-santa-pinya-sector-maresme\/#primaryimage","url":"https:\/\/www.esplac.cat\/wp-content\/uploads\/2021\/03\/santapinyamaresme.jpg","contentUrl":"https:\/\/www.esplac.cat\/wp-content\/uploads\/2021\/03\/santapinyamaresme.jpg","width":1697,"height":700,"caption":"Santa Pinya maresme"},{"@type":"BreadcrumbList","@id":"https:\/\/www.esplac.cat\/covid-no-atura-santa-pinya-sector-maresme\/#breadcrumb","itemListElement":[{"@type":"ListItem","position":1,"name":"Inici","item":"https:\/\/www.esplac.cat\/en\/"},{"@type":"ListItem","position":2,"name":"La Covid-19 no atura la Santa Pinya del Sector Maresme!"}]},{"@type":"WebSite","@id":"https:\/\/www.esplac.cat\/#website","url":"https:\/\/www.esplac.cat\/","name":"Esplac","description":"Esplais Catalans","publisher":{"@id":"https:\/\/www.esplac.cat\/#organization"},"potentialAction":[{"@type":"SearchAction","target":{"@type":"EntryPoint","urlTemplate":"https:\/\/www.esplac.cat\/?s={search_term_string}"},"query-input":{"@type":"PropertyValueSpecification","valueRequired":true,"valueName":"search_term_string"}}],"inLanguage":"en-US"},{"@type":"Organization","@id":"https:\/\/www.esplac.cat\/#organization","name":"Esplac","url":"https:\/\/www.esplac.cat\/","logo":{"@type":"ImageObject","inLanguage":"en-US","@id":"https:\/\/www.esplac.cat\/#\/schema\/logo\/image\/","url":"https:\/\/www.esplac.cat\/wp-content\/uploads\/2019\/08\/logox2.png","contentUrl":"https:\/\/www.esplac.cat\/wp-content\/uploads\/2019\/08\/logox2.png","width":600,"height":295,"caption":"Esplac"},"image":{"@id":"https:\/\/www.esplac.cat\/#\/schema\/logo\/image\/"}},{"@type":"Person","@id":"https:\/\/www.esplac.cat\/#\/schema\/person\/908383cf240be18b68f8855d0583faca","name":"Comunicaci\u00f3 Esplac","image":{"@type":"ImageObject","inLanguage":"en-US","@id":"https:\/\/secure.gravatar.com\/avatar\/7a4cf8feb412a76ea4a740ca02d95b06b2907b5a6c648c2dd0a1082a093c3141?s=96&d=mm&r=g","url":"https:\/\/secure.gravatar.com\/avatar\/7a4cf8feb412a76ea4a740ca02d95b06b2907b5a6c648c2dd0a1082a093c3141?s=96&d=mm&r=g","contentUrl":"https:\/\/secure.gravatar.com\/avatar\/7a4cf8feb412a76ea4a740ca02d95b06b2907b5a6c648c2dd0a1082a093c3141?s=96&d=mm&r=g","caption":"Comunicaci\u00f3 Esplac"}}]}},"_links":{"self":[{"href":"https:\/\/www.esplac.cat\/en\/wp-json\/wp\/v2\/posts\/35158","targetHints":{"allow":["GET"]}}],"collection":[{"href":"https:\/\/www.esplac.cat\/en\/wp-json\/wp\/v2\/posts"}],"about":[{"href":"https:\/\/www.esplac.cat\/en\/wp-json\/wp\/v2\/types\/post"}],"author":[{"embeddable":true,"href":"https:\/\/www.esplac.cat\/en\/wp-json\/wp\/v2\/users\/3"}],"replies":[{"embeddable":true,"href":"https:\/\/www.esplac.cat\/en\/wp-json\/wp\/v2\/comments?post=35158"}],"version-history":[{"count":0,"href":"https:\/\/www.esplac.cat\/en\/wp-json\/wp\/v2\/posts\/35158\/revisions"}],"wp:featuredmedia":[{"embeddable":true,"href":"https:\/\/www.esplac.cat\/en\/wp-json\/wp\/v2\/media\/35159"}],"wp:attachment":[{"href":"https:\/\/www.esplac.cat\/en\/wp-json\/wp\/v2\/media?parent=35158"}],"wp:term":[{"taxonomy":"category","embeddable":true,"href":"https:\/\/www.esplac.cat\/en\/wp-json\/wp\/v2\/categories?post=35158"},{"taxonomy":"post_tag","embeddable":true,"href":"https:\/\/www.esplac.cat\/en\/wp-json\/wp\/v2\/tags?post=35158"}],"curies":[{"name":"wp","href":"https:\/\/api.w.org\/{rel}","templated":true}]}}