{"id":35800,"date":"2021-04-20T09:31:05","date_gmt":"2021-04-20T08:31:05","guid":{"rendered":"https:\/\/www.esplac.cat\/?p=35800"},"modified":"2021-04-20T09:47:08","modified_gmt":"2021-04-20T08:47:08","slug":"trobada-formativa-sector-baix-llobregat-formar-compartir","status":"publish","type":"post","link":"https:\/\/www.esplac.cat\/en\/trobada-formativa-sector-baix-llobregat-formar-compartir\/","title":{"rendered":"Trobada Formativa del Sector Baix Llobregat: un espai per formar-se i compartir experi\u00e8ncies"},"content":{"rendered":"<h6><span style=\"color: #000000;\"><strong>Els equips de monitores i monitors del Sector Baix Llobregat d\u2019Esplais Catalans ens hem trobat aquest passat diumenge, 18 d\u2019Abril, per dur a terme la Trobada Formativa de Monis.<\/strong><\/span><\/h6>\n<p><span style=\"color: #000000;\"><span style=\"font-weight: 400;\">El <a href=\"https:\/\/www.esplac.cat\/sectors-geografics\/baix-llobregat\/\" target=\"_blank\" rel=\"noopener noreferrer\"><span style=\"color: #ff9900;\">Sector Baix Llobregat<\/span><\/a> hem celebrat la Trobada formativa de monis aquest diumenge passat, 18 d&#8217;abril. En aquesta ocasi\u00f3 ens hem pogut trobar de forma <\/span><b>presencial <\/b><span style=\"font-weight: 400;\">a la casa de col\u00f2nies <\/span><b>Can Rig<\/b><strong>ol de <\/strong><b>Begues<\/b><span style=\"font-weight: 400;\">. Hem gaudit plegades de la c\u00e0psula formativa de l<span style=\"color: #ff9900;\">\u2019<a style=\"color: #ff9900;\" href=\"https:\/\/escolaelsol.coop\/\" target=\"_blank\" rel=\"noopener noreferrer\">Escola Lliure El Sol<\/a> <\/span>\u201c<\/span><b>Com millorar les din\u00e0miques internes dels equips<\/b><span style=\"font-weight: 400;\">\u201d i del \u201c<\/span><b>Punt de trobada de les comissions de g\u00e8nere dels esplais del sector<\/b><span style=\"font-weight: 400;\">\u201d. Aquesta ha estat una activitat no mixta a c\u00e0rrec de la <span style=\"color: #ff9900;\"><a style=\"color: #ff9900;\" href=\"https:\/\/www.instagram.com\/psi.fem.judithrobles\/\" target=\"_blank\" rel=\"noopener noreferrer\">Judit Robles<\/a><\/span>, ex moni de l\u2019esplai Peti ki Peti, ex EGS i actual psic\u00f2loga especialitzada en feminisme.\u00a0<\/span><\/span><\/p>\n<p><span style=\"color: #000000;\"><span style=\"font-weight: 400;\">Amb aquesta acci\u00f3 confiem en la <\/span><b>formaci\u00f3 continuada com a eina per a la transformaci\u00f3 social<\/b><span style=\"font-weight: 400;\"> des de l\u2019educaci\u00f3 en el lleure, afavorim el <\/span><b>sentiment de pertinen\u00e7a<\/b><span style=\"font-weight: 400;\"> al sector i la <\/span><b>cohesi\u00f3 <\/b><span style=\"font-weight: 400;\">entre les monis dels diferents esplais a trav\u00e9s de la <\/span><b>participaci\u00f3<\/b><span style=\"font-weight: 400;\">.\u00a0<\/span><\/span><\/p>\n<p><span style=\"color: #000000;\"><span style=\"font-weight: 400;\">A m\u00e9s, amb el punt de trobada de les <\/span><b>comissions de g\u00e8nere<\/b><span style=\"font-weight: 400;\"> dels esplais del sector hem creat creat un espai <\/span><span style=\"font-weight: 400;\">de formaci\u00f3 i de compartir experi\u00e8ncies<\/span> <span style=\"font-weight: 400;\">on hem expressat els malestars que estem vivint i, alhora, els grans reptes que estem superant.\u00a0<\/span><\/span><\/p>\n<p><span style=\"font-weight: 400; color: #000000;\">Animem a la resta de sectors geogr\u00e0fics d\u2019Esplac a incorporar aquest espai a les seves trobades i, entre totes, construir esplais m\u00e9s segurs.<\/span><\/p>\n<p><span style=\"font-weight: 400; color: #000000;\">La valoraci\u00f3 que fem d\u2019aquesta activitat \u00e9s molt positiva. Ens encoratja a treballar perqu\u00e8 al Sector Baix Llobregat prioritzem la formaci\u00f3 continuada amb l\u2019Escola Lliure el Sol i persones externes especialitzades.\u00a0<\/span><\/p>\n<p><span style=\"color: #000000;\"><span style=\"font-weight: 400;\">Aquesta trobada formativa s\u2019ha organitzat seguint les <\/span><b>mesures sanit\u00e0ries per prevenir el contagi de la Covid-19<\/b><span style=\"font-weight: 400;\">. Hem comptat amb un protocol Covid-19 que hem fet arribar a les persones participants i totes n\u2019hem seguit les indicacions. <\/span><\/span><span style=\"color: #000000;\"><span style=\"font-weight: 400;\">La N\u00faria de l\u2019<\/span><b>Equip General del Sector<\/b><span style=\"font-weight: 400;\"> i en Pol (futur membre) han estat les encarregades de rebre a les participants i formadores, aix\u00ed com de vetllar pel bon funcionament de la trobada formativa i del compliment de les mesures sanit\u00e0ries.\u00a0<\/span><\/span><\/p>\n<p><span style=\"color: #000000;\"><span style=\"font-weight: 400;\">Seguim endavant perqu\u00e8 els equips de monitores del Sector Baix Llobregat<\/span><b>\u00a0participem activament en la preparaci\u00f3 i realitzaci\u00f3 de les trobades formatives de monis<\/b><span style=\"font-weight: 400;\">.<\/span><\/span><\/p>\n<p>&nbsp;<\/p>\n<p><img decoding=\"async\" class=\"aligncenter wp-image-35811\" src=\"https:\/\/www.esplac.cat\/wp-content\/uploads\/2021\/04\/WhatsApp-Image-2021-04-18-at-17.17.34-1024x768.jpeg\" alt=\"\" width=\"635\" height=\"476\" srcset=\"https:\/\/www.esplac.cat\/wp-content\/uploads\/2021\/04\/WhatsApp-Image-2021-04-18-at-17.17.34-200x150.jpeg 200w, https:\/\/www.esplac.cat\/wp-content\/uploads\/2021\/04\/WhatsApp-Image-2021-04-18-at-17.17.34-300x225.jpeg 300w, https:\/\/www.esplac.cat\/wp-content\/uploads\/2021\/04\/WhatsApp-Image-2021-04-18-at-17.17.34-400x300.jpeg 400w, https:\/\/www.esplac.cat\/wp-content\/uploads\/2021\/04\/WhatsApp-Image-2021-04-18-at-17.17.34-600x450.jpeg 600w, https:\/\/www.esplac.cat\/wp-content\/uploads\/2021\/04\/WhatsApp-Image-2021-04-18-at-17.17.34-768x576.jpeg 768w, https:\/\/www.esplac.cat\/wp-content\/uploads\/2021\/04\/WhatsApp-Image-2021-04-18-at-17.17.34-800x600.jpeg 800w, https:\/\/www.esplac.cat\/wp-content\/uploads\/2021\/04\/WhatsApp-Image-2021-04-18-at-17.17.34-1024x768.jpeg 1024w, https:\/\/www.esplac.cat\/wp-content\/uploads\/2021\/04\/WhatsApp-Image-2021-04-18-at-17.17.34-1200x900.jpeg 1200w, https:\/\/www.esplac.cat\/wp-content\/uploads\/2021\/04\/WhatsApp-Image-2021-04-18-at-17.17.34-1536x1152.jpeg 1536w, https:\/\/www.esplac.cat\/wp-content\/uploads\/2021\/04\/WhatsApp-Image-2021-04-18-at-17.17.34.jpeg 1600w\" sizes=\"(max-width: 635px) 100vw, 635px\" \/><\/p>\n<p><img decoding=\"async\" class=\"aligncenter wp-image-35814\" src=\"https:\/\/www.esplac.cat\/wp-content\/uploads\/2021\/04\/WhatsApp-Image-2021-04-18-at-17.17.31-1-1-1024x768.jpeg\" alt=\"\" width=\"630\" height=\"473\" srcset=\"https:\/\/www.esplac.cat\/wp-content\/uploads\/2021\/04\/WhatsApp-Image-2021-04-18-at-17.17.31-1-1-200x150.jpeg 200w, https:\/\/www.esplac.cat\/wp-content\/uploads\/2021\/04\/WhatsApp-Image-2021-04-18-at-17.17.31-1-1-300x225.jpeg 300w, https:\/\/www.esplac.cat\/wp-content\/uploads\/2021\/04\/WhatsApp-Image-2021-04-18-at-17.17.31-1-1-400x300.jpeg 400w, https:\/\/www.esplac.cat\/wp-content\/uploads\/2021\/04\/WhatsApp-Image-2021-04-18-at-17.17.31-1-1-600x450.jpeg 600w, https:\/\/www.esplac.cat\/wp-content\/uploads\/2021\/04\/WhatsApp-Image-2021-04-18-at-17.17.31-1-1-768x576.jpeg 768w, https:\/\/www.esplac.cat\/wp-content\/uploads\/2021\/04\/WhatsApp-Image-2021-04-18-at-17.17.31-1-1-800x600.jpeg 800w, https:\/\/www.esplac.cat\/wp-content\/uploads\/2021\/04\/WhatsApp-Image-2021-04-18-at-17.17.31-1-1-1024x768.jpeg 1024w, https:\/\/www.esplac.cat\/wp-content\/uploads\/2021\/04\/WhatsApp-Image-2021-04-18-at-17.17.31-1-1-1200x900.jpeg 1200w, https:\/\/www.esplac.cat\/wp-content\/uploads\/2021\/04\/WhatsApp-Image-2021-04-18-at-17.17.31-1-1-1536x1152.jpeg 1536w, https:\/\/www.esplac.cat\/wp-content\/uploads\/2021\/04\/WhatsApp-Image-2021-04-18-at-17.17.31-1-1.jpeg 1600w\" sizes=\"(max-width: 630px) 100vw, 630px\" \/><\/p>\n<p><img decoding=\"async\" class=\"aligncenter wp-image-35817\" src=\"https:\/\/www.esplac.cat\/wp-content\/uploads\/2021\/04\/WhatsApp-Image-2021-04-18-at-17.17.32-1024x768.jpeg\" alt=\"\" width=\"632\" height=\"474\" srcset=\"https:\/\/www.esplac.cat\/wp-content\/uploads\/2021\/04\/WhatsApp-Image-2021-04-18-at-17.17.32-200x150.jpeg 200w, https:\/\/www.esplac.cat\/wp-content\/uploads\/2021\/04\/WhatsApp-Image-2021-04-18-at-17.17.32-300x225.jpeg 300w, https:\/\/www.esplac.cat\/wp-content\/uploads\/2021\/04\/WhatsApp-Image-2021-04-18-at-17.17.32-400x300.jpeg 400w, https:\/\/www.esplac.cat\/wp-content\/uploads\/2021\/04\/WhatsApp-Image-2021-04-18-at-17.17.32-600x450.jpeg 600w, https:\/\/www.esplac.cat\/wp-content\/uploads\/2021\/04\/WhatsApp-Image-2021-04-18-at-17.17.32-768x576.jpeg 768w, https:\/\/www.esplac.cat\/wp-content\/uploads\/2021\/04\/WhatsApp-Image-2021-04-18-at-17.17.32-800x600.jpeg 800w, https:\/\/www.esplac.cat\/wp-content\/uploads\/2021\/04\/WhatsApp-Image-2021-04-18-at-17.17.32-1024x768.jpeg 1024w, https:\/\/www.esplac.cat\/wp-content\/uploads\/2021\/04\/WhatsApp-Image-2021-04-18-at-17.17.32-1200x900.jpeg 1200w, https:\/\/www.esplac.cat\/wp-content\/uploads\/2021\/04\/WhatsApp-Image-2021-04-18-at-17.17.32-1536x1152.jpeg 1536w, https:\/\/www.esplac.cat\/wp-content\/uploads\/2021\/04\/WhatsApp-Image-2021-04-18-at-17.17.32.jpeg 1600w\" sizes=\"(max-width: 632px) 100vw, 632px\" \/><\/p>\n","protected":false},"excerpt":{"rendered":"<p>Els equips de monitores i monitors del Sector Baix Llobregat [&hellip;]<\/p>\n","protected":false},"author":3,"featured_media":35802,"comment_status":"closed","ping_status":"closed","sticky":false,"template":"","format":"standard","meta":{"om_disable_all_campaigns":false,"_monsterinsights_skip_tracking":false,"_monsterinsights_sitenote_active":false,"_monsterinsights_sitenote_note":"","_monsterinsights_sitenote_category":0,"_uf_show_specific_survey":0,"_uf_disable_surveys":false,"footnotes":""},"categories":[1124],"tags":[],"class_list":["post-35800","post","type-post","status-publish","format-standard","has-post-thumbnail","hentry","category-sector-baix-llobregat"],"yoast_head":"<!-- This site is optimized with the Yoast SEO plugin v27.5 - https:\/\/yoast.com\/product\/yoast-seo-wordpress\/ -->\n<title>Trobada Formativa del Sector Baix Llobregat: un espai per formar-se i compartir experi\u00e8ncies - Esplac<\/title>\n<meta name=\"description\" content=\"Els equips de monitores i monitors del Sector Baix Llobregat d\u2019Esplais Catalans ens hem trobat aquest passat diumenge 18 d\u2019Abril per dur a terme la Trobada formativa de monis.\" \/>\n<meta name=\"robots\" content=\"index, follow, max-snippet:-1, max-image-preview:large, max-video-preview:-1\" \/>\n<link rel=\"canonical\" href=\"https:\/\/www.esplac.cat\/en\/trobada-formativa-sector-baix-llobregat-formar-compartir\/\" \/>\n<meta property=\"og:locale\" content=\"en_US\" \/>\n<meta property=\"og:type\" content=\"article\" \/>\n<meta property=\"og:title\" content=\"Trobada Formativa del Sector Baix Llobregat: un espai per formar-se i compartir experi\u00e8ncies - Esplac\" \/>\n<meta property=\"og:description\" content=\"Els equips de monitores i monitors del Sector Baix Llobregat d\u2019Esplais Catalans ens hem trobat aquest passat diumenge 18 d\u2019Abril per dur a terme la Trobada formativa de monis.\" \/>\n<meta property=\"og:url\" content=\"https:\/\/www.esplac.cat\/en\/trobada-formativa-sector-baix-llobregat-formar-compartir\/\" \/>\n<meta property=\"og:site_name\" content=\"Esplac\" \/>\n<meta property=\"article:published_time\" content=\"2021-04-20T08:31:05+00:00\" \/>\n<meta property=\"article:modified_time\" content=\"2021-04-20T08:47:08+00:00\" \/>\n<meta property=\"og:image\" content=\"https:\/\/www.esplac.cat\/wp-content\/uploads\/2021\/04\/TrobadaFormativa_BLL.jpg\" \/>\n\t<meta property=\"og:image:width\" content=\"1697\" \/>\n\t<meta property=\"og:image:height\" content=\"700\" \/>\n\t<meta property=\"og:image:type\" content=\"image\/jpeg\" \/>\n<meta name=\"author\" content=\"Comunicaci\u00f3 Esplac\" \/>\n<meta name=\"twitter:card\" content=\"summary_large_image\" \/>\n<meta name=\"twitter:label1\" content=\"Written by\" \/>\n\t<meta name=\"twitter:data1\" content=\"Comunicaci\u00f3 Esplac\" \/>\n\t<meta name=\"twitter:label2\" content=\"Est. reading time\" \/>\n\t<meta name=\"twitter:data2\" content=\"2 minutes\" \/>\n<script type=\"application\/ld+json\" class=\"yoast-schema-graph\">{\"@context\":\"https:\\\/\\\/schema.org\",\"@graph\":[{\"@type\":\"Article\",\"@id\":\"https:\\\/\\\/www.esplac.cat\\\/en\\\/trobada-formativa-sector-baix-llobregat-formar-compartir\\\/#article\",\"isPartOf\":{\"@id\":\"https:\\\/\\\/www.esplac.cat\\\/en\\\/trobada-formativa-sector-baix-llobregat-formar-compartir\\\/\"},\"author\":{\"name\":\"Comunicaci\u00f3 Esplac\",\"@id\":\"https:\\\/\\\/www.esplac.cat\\\/#\\\/schema\\\/person\\\/908383cf240be18b68f8855d0583faca\"},\"headline\":\"Trobada Formativa del Sector Baix Llobregat: un espai per formar-se i compartir experi\u00e8ncies\",\"datePublished\":\"2021-04-20T08:31:05+00:00\",\"dateModified\":\"2021-04-20T08:47:08+00:00\",\"mainEntityOfPage\":{\"@id\":\"https:\\\/\\\/www.esplac.cat\\\/en\\\/trobada-formativa-sector-baix-llobregat-formar-compartir\\\/\"},\"wordCount\":408,\"publisher\":{\"@id\":\"https:\\\/\\\/www.esplac.cat\\\/#organization\"},\"image\":{\"@id\":\"https:\\\/\\\/www.esplac.cat\\\/en\\\/trobada-formativa-sector-baix-llobregat-formar-compartir\\\/#primaryimage\"},\"thumbnailUrl\":\"https:\\\/\\\/www.esplac.cat\\\/wp-content\\\/uploads\\\/2021\\\/04\\\/TrobadaFormativa_BLL.jpg\",\"articleSection\":[\"Sector Baix Llobregat\"],\"inLanguage\":\"en-US\"},{\"@type\":\"WebPage\",\"@id\":\"https:\\\/\\\/www.esplac.cat\\\/en\\\/trobada-formativa-sector-baix-llobregat-formar-compartir\\\/\",\"url\":\"https:\\\/\\\/www.esplac.cat\\\/en\\\/trobada-formativa-sector-baix-llobregat-formar-compartir\\\/\",\"name\":\"Trobada Formativa del Sector Baix Llobregat: un espai per formar-se i compartir experi\u00e8ncies - Esplac\",\"isPartOf\":{\"@id\":\"https:\\\/\\\/www.esplac.cat\\\/#website\"},\"primaryImageOfPage\":{\"@id\":\"https:\\\/\\\/www.esplac.cat\\\/en\\\/trobada-formativa-sector-baix-llobregat-formar-compartir\\\/#primaryimage\"},\"image\":{\"@id\":\"https:\\\/\\\/www.esplac.cat\\\/en\\\/trobada-formativa-sector-baix-llobregat-formar-compartir\\\/#primaryimage\"},\"thumbnailUrl\":\"https:\\\/\\\/www.esplac.cat\\\/wp-content\\\/uploads\\\/2021\\\/04\\\/TrobadaFormativa_BLL.jpg\",\"datePublished\":\"2021-04-20T08:31:05+00:00\",\"dateModified\":\"2021-04-20T08:47:08+00:00\",\"description\":\"Els equips de monitores i monitors del Sector Baix Llobregat d\u2019Esplais Catalans ens hem trobat aquest passat diumenge 18 d\u2019Abril per dur a terme la Trobada formativa de monis.\",\"breadcrumb\":{\"@id\":\"https:\\\/\\\/www.esplac.cat\\\/en\\\/trobada-formativa-sector-baix-llobregat-formar-compartir\\\/#breadcrumb\"},\"inLanguage\":\"en-US\",\"potentialAction\":[{\"@type\":\"ReadAction\",\"target\":[\"https:\\\/\\\/www.esplac.cat\\\/en\\\/trobada-formativa-sector-baix-llobregat-formar-compartir\\\/\"]}]},{\"@type\":\"ImageObject\",\"inLanguage\":\"en-US\",\"@id\":\"https:\\\/\\\/www.esplac.cat\\\/en\\\/trobada-formativa-sector-baix-llobregat-formar-compartir\\\/#primaryimage\",\"url\":\"https:\\\/\\\/www.esplac.cat\\\/wp-content\\\/uploads\\\/2021\\\/04\\\/TrobadaFormativa_BLL.jpg\",\"contentUrl\":\"https:\\\/\\\/www.esplac.cat\\\/wp-content\\\/uploads\\\/2021\\\/04\\\/TrobadaFormativa_BLL.jpg\",\"width\":1697,\"height\":700,\"caption\":\"TrobadaFormativa Baix Llobregat\"},{\"@type\":\"BreadcrumbList\",\"@id\":\"https:\\\/\\\/www.esplac.cat\\\/en\\\/trobada-formativa-sector-baix-llobregat-formar-compartir\\\/#breadcrumb\",\"itemListElement\":[{\"@type\":\"ListItem\",\"position\":1,\"name\":\"Inici\",\"item\":\"https:\\\/\\\/www.esplac.cat\\\/en\\\/\"},{\"@type\":\"ListItem\",\"position\":2,\"name\":\"Trobada Formativa del Sector Baix Llobregat: un espai per formar-se i compartir experi\u00e8ncies\"}]},{\"@type\":\"WebSite\",\"@id\":\"https:\\\/\\\/www.esplac.cat\\\/#website\",\"url\":\"https:\\\/\\\/www.esplac.cat\\\/\",\"name\":\"Esplac\",\"description\":\"Esplais Catalans\",\"publisher\":{\"@id\":\"https:\\\/\\\/www.esplac.cat\\\/#organization\"},\"potentialAction\":[{\"@type\":\"SearchAction\",\"target\":{\"@type\":\"EntryPoint\",\"urlTemplate\":\"https:\\\/\\\/www.esplac.cat\\\/?s={search_term_string}\"},\"query-input\":{\"@type\":\"PropertyValueSpecification\",\"valueRequired\":true,\"valueName\":\"search_term_string\"}}],\"inLanguage\":\"en-US\"},{\"@type\":\"Organization\",\"@id\":\"https:\\\/\\\/www.esplac.cat\\\/#organization\",\"name\":\"Esplac\",\"url\":\"https:\\\/\\\/www.esplac.cat\\\/\",\"logo\":{\"@type\":\"ImageObject\",\"inLanguage\":\"en-US\",\"@id\":\"https:\\\/\\\/www.esplac.cat\\\/#\\\/schema\\\/logo\\\/image\\\/\",\"url\":\"https:\\\/\\\/www.esplac.cat\\\/wp-content\\\/uploads\\\/2019\\\/08\\\/logox2.png\",\"contentUrl\":\"https:\\\/\\\/www.esplac.cat\\\/wp-content\\\/uploads\\\/2019\\\/08\\\/logox2.png\",\"width\":600,\"height\":295,\"caption\":\"Esplac\"},\"image\":{\"@id\":\"https:\\\/\\\/www.esplac.cat\\\/#\\\/schema\\\/logo\\\/image\\\/\"}},{\"@type\":\"Person\",\"@id\":\"https:\\\/\\\/www.esplac.cat\\\/#\\\/schema\\\/person\\\/908383cf240be18b68f8855d0583faca\",\"name\":\"Comunicaci\u00f3 Esplac\",\"image\":{\"@type\":\"ImageObject\",\"inLanguage\":\"en-US\",\"@id\":\"https:\\\/\\\/secure.gravatar.com\\\/avatar\\\/7a4cf8feb412a76ea4a740ca02d95b06b2907b5a6c648c2dd0a1082a093c3141?s=96&d=mm&r=g\",\"url\":\"https:\\\/\\\/secure.gravatar.com\\\/avatar\\\/7a4cf8feb412a76ea4a740ca02d95b06b2907b5a6c648c2dd0a1082a093c3141?s=96&d=mm&r=g\",\"contentUrl\":\"https:\\\/\\\/secure.gravatar.com\\\/avatar\\\/7a4cf8feb412a76ea4a740ca02d95b06b2907b5a6c648c2dd0a1082a093c3141?s=96&d=mm&r=g\",\"caption\":\"Comunicaci\u00f3 Esplac\"}}]}<\/script>\n<!-- \/ Yoast SEO plugin. -->","yoast_head_json":{"title":"Trobada Formativa del Sector Baix Llobregat: un espai per formar-se i compartir experi\u00e8ncies - Esplac","description":"Els equips de monitores i monitors del Sector Baix Llobregat d\u2019Esplais Catalans ens hem trobat aquest passat diumenge 18 d\u2019Abril per dur a terme la Trobada formativa de monis.","robots":{"index":"index","follow":"follow","max-snippet":"max-snippet:-1","max-image-preview":"max-image-preview:large","max-video-preview":"max-video-preview:-1"},"canonical":"https:\/\/www.esplac.cat\/en\/trobada-formativa-sector-baix-llobregat-formar-compartir\/","og_locale":"en_US","og_type":"article","og_title":"Trobada Formativa del Sector Baix Llobregat: un espai per formar-se i compartir experi\u00e8ncies - Esplac","og_description":"Els equips de monitores i monitors del Sector Baix Llobregat d\u2019Esplais Catalans ens hem trobat aquest passat diumenge 18 d\u2019Abril per dur a terme la Trobada formativa de monis.","og_url":"https:\/\/www.esplac.cat\/en\/trobada-formativa-sector-baix-llobregat-formar-compartir\/","og_site_name":"Esplac","article_published_time":"2021-04-20T08:31:05+00:00","article_modified_time":"2021-04-20T08:47:08+00:00","og_image":[{"width":1697,"height":700,"url":"https:\/\/www.esplac.cat\/wp-content\/uploads\/2021\/04\/TrobadaFormativa_BLL.jpg","type":"image\/jpeg"}],"author":"Comunicaci\u00f3 Esplac","twitter_card":"summary_large_image","twitter_misc":{"Written by":"Comunicaci\u00f3 Esplac","Est. reading time":"2 minutes"},"schema":{"@context":"https:\/\/schema.org","@graph":[{"@type":"Article","@id":"https:\/\/www.esplac.cat\/en\/trobada-formativa-sector-baix-llobregat-formar-compartir\/#article","isPartOf":{"@id":"https:\/\/www.esplac.cat\/en\/trobada-formativa-sector-baix-llobregat-formar-compartir\/"},"author":{"name":"Comunicaci\u00f3 Esplac","@id":"https:\/\/www.esplac.cat\/#\/schema\/person\/908383cf240be18b68f8855d0583faca"},"headline":"Trobada Formativa del Sector Baix Llobregat: un espai per formar-se i compartir experi\u00e8ncies","datePublished":"2021-04-20T08:31:05+00:00","dateModified":"2021-04-20T08:47:08+00:00","mainEntityOfPage":{"@id":"https:\/\/www.esplac.cat\/en\/trobada-formativa-sector-baix-llobregat-formar-compartir\/"},"wordCount":408,"publisher":{"@id":"https:\/\/www.esplac.cat\/#organization"},"image":{"@id":"https:\/\/www.esplac.cat\/en\/trobada-formativa-sector-baix-llobregat-formar-compartir\/#primaryimage"},"thumbnailUrl":"https:\/\/www.esplac.cat\/wp-content\/uploads\/2021\/04\/TrobadaFormativa_BLL.jpg","articleSection":["Sector Baix Llobregat"],"inLanguage":"en-US"},{"@type":"WebPage","@id":"https:\/\/www.esplac.cat\/en\/trobada-formativa-sector-baix-llobregat-formar-compartir\/","url":"https:\/\/www.esplac.cat\/en\/trobada-formativa-sector-baix-llobregat-formar-compartir\/","name":"Trobada Formativa del Sector Baix Llobregat: un espai per formar-se i compartir experi\u00e8ncies - Esplac","isPartOf":{"@id":"https:\/\/www.esplac.cat\/#website"},"primaryImageOfPage":{"@id":"https:\/\/www.esplac.cat\/en\/trobada-formativa-sector-baix-llobregat-formar-compartir\/#primaryimage"},"image":{"@id":"https:\/\/www.esplac.cat\/en\/trobada-formativa-sector-baix-llobregat-formar-compartir\/#primaryimage"},"thumbnailUrl":"https:\/\/www.esplac.cat\/wp-content\/uploads\/2021\/04\/TrobadaFormativa_BLL.jpg","datePublished":"2021-04-20T08:31:05+00:00","dateModified":"2021-04-20T08:47:08+00:00","description":"Els equips de monitores i monitors del Sector Baix Llobregat d\u2019Esplais Catalans ens hem trobat aquest passat diumenge 18 d\u2019Abril per dur a terme la Trobada formativa de monis.","breadcrumb":{"@id":"https:\/\/www.esplac.cat\/en\/trobada-formativa-sector-baix-llobregat-formar-compartir\/#breadcrumb"},"inLanguage":"en-US","potentialAction":[{"@type":"ReadAction","target":["https:\/\/www.esplac.cat\/en\/trobada-formativa-sector-baix-llobregat-formar-compartir\/"]}]},{"@type":"ImageObject","inLanguage":"en-US","@id":"https:\/\/www.esplac.cat\/en\/trobada-formativa-sector-baix-llobregat-formar-compartir\/#primaryimage","url":"https:\/\/www.esplac.cat\/wp-content\/uploads\/2021\/04\/TrobadaFormativa_BLL.jpg","contentUrl":"https:\/\/www.esplac.cat\/wp-content\/uploads\/2021\/04\/TrobadaFormativa_BLL.jpg","width":1697,"height":700,"caption":"TrobadaFormativa Baix Llobregat"},{"@type":"BreadcrumbList","@id":"https:\/\/www.esplac.cat\/en\/trobada-formativa-sector-baix-llobregat-formar-compartir\/#breadcrumb","itemListElement":[{"@type":"ListItem","position":1,"name":"Inici","item":"https:\/\/www.esplac.cat\/en\/"},{"@type":"ListItem","position":2,"name":"Trobada Formativa del Sector Baix Llobregat: un espai per formar-se i compartir experi\u00e8ncies"}]},{"@type":"WebSite","@id":"https:\/\/www.esplac.cat\/#website","url":"https:\/\/www.esplac.cat\/","name":"Esplac","description":"Esplais Catalans","publisher":{"@id":"https:\/\/www.esplac.cat\/#organization"},"potentialAction":[{"@type":"SearchAction","target":{"@type":"EntryPoint","urlTemplate":"https:\/\/www.esplac.cat\/?s={search_term_string}"},"query-input":{"@type":"PropertyValueSpecification","valueRequired":true,"valueName":"search_term_string"}}],"inLanguage":"en-US"},{"@type":"Organization","@id":"https:\/\/www.esplac.cat\/#organization","name":"Esplac","url":"https:\/\/www.esplac.cat\/","logo":{"@type":"ImageObject","inLanguage":"en-US","@id":"https:\/\/www.esplac.cat\/#\/schema\/logo\/image\/","url":"https:\/\/www.esplac.cat\/wp-content\/uploads\/2019\/08\/logox2.png","contentUrl":"https:\/\/www.esplac.cat\/wp-content\/uploads\/2019\/08\/logox2.png","width":600,"height":295,"caption":"Esplac"},"image":{"@id":"https:\/\/www.esplac.cat\/#\/schema\/logo\/image\/"}},{"@type":"Person","@id":"https:\/\/www.esplac.cat\/#\/schema\/person\/908383cf240be18b68f8855d0583faca","name":"Comunicaci\u00f3 Esplac","image":{"@type":"ImageObject","inLanguage":"en-US","@id":"https:\/\/secure.gravatar.com\/avatar\/7a4cf8feb412a76ea4a740ca02d95b06b2907b5a6c648c2dd0a1082a093c3141?s=96&d=mm&r=g","url":"https:\/\/secure.gravatar.com\/avatar\/7a4cf8feb412a76ea4a740ca02d95b06b2907b5a6c648c2dd0a1082a093c3141?s=96&d=mm&r=g","contentUrl":"https:\/\/secure.gravatar.com\/avatar\/7a4cf8feb412a76ea4a740ca02d95b06b2907b5a6c648c2dd0a1082a093c3141?s=96&d=mm&r=g","caption":"Comunicaci\u00f3 Esplac"}}]}},"_links":{"self":[{"href":"https:\/\/www.esplac.cat\/en\/wp-json\/wp\/v2\/posts\/35800","targetHints":{"allow":["GET"]}}],"collection":[{"href":"https:\/\/www.esplac.cat\/en\/wp-json\/wp\/v2\/posts"}],"about":[{"href":"https:\/\/www.esplac.cat\/en\/wp-json\/wp\/v2\/types\/post"}],"author":[{"embeddable":true,"href":"https:\/\/www.esplac.cat\/en\/wp-json\/wp\/v2\/users\/3"}],"replies":[{"embeddable":true,"href":"https:\/\/www.esplac.cat\/en\/wp-json\/wp\/v2\/comments?post=35800"}],"version-history":[{"count":0,"href":"https:\/\/www.esplac.cat\/en\/wp-json\/wp\/v2\/posts\/35800\/revisions"}],"wp:featuredmedia":[{"embeddable":true,"href":"https:\/\/www.esplac.cat\/en\/wp-json\/wp\/v2\/media\/35802"}],"wp:attachment":[{"href":"https:\/\/www.esplac.cat\/en\/wp-json\/wp\/v2\/media?parent=35800"}],"wp:term":[{"taxonomy":"category","embeddable":true,"href":"https:\/\/www.esplac.cat\/en\/wp-json\/wp\/v2\/categories?post=35800"},{"taxonomy":"post_tag","embeddable":true,"href":"https:\/\/www.esplac.cat\/en\/wp-json\/wp\/v2\/tags?post=35800"}],"curies":[{"name":"wp","href":"https:\/\/api.w.org\/{rel}","templated":true}]}}