{"id":35855,"date":"2021-04-22T09:47:40","date_gmt":"2021-04-22T08:47:40","guid":{"rendered":"https:\/\/www.esplac.cat\/?p=35855"},"modified":"2021-04-22T09:53:40","modified_gmt":"2021-04-22T08:53:40","slug":"domingueo-formatiu-sector-valles-occidental-ideari","status":"publish","type":"post","link":"https:\/\/www.esplac.cat\/en\/domingueo-formatiu-sector-valles-occidental-ideari\/","title":{"rendered":"Domingueo formatiu del Sector Vall\u00e8s Occidental: parlem de l\u2019ideari"},"content":{"rendered":"<h6 class=\"p1\"><strong><span class=\"s1\">Les monitores i monitors del Sector Vall\u00e8s Occidental es van reunir a l\u2019Horta Alliberada de Sant Cugat per debatre sobre l\u2019ideari dels esplais.<\/span><\/strong><\/h6>\n<p class=\"p2\"><span class=\"s1\">El Sector Vall\u00e8s Occidental ha celebrat aquest diumenge 19 d\u2019abril una trobada presencial. Hi han participat monitores i monitors dels esplais<b> Sarau<\/b>,<b> Eixam<\/b>, <b>Pica-roca<\/b>, <b>El Piolet<\/b> i <b>La Fera<\/b> a l\u2019Horta Alliberada de Sant Cugat. Aquest &#8220;Domingueo formatiu&#8221; s&#8217;ha realitzat despr\u00e9s de la Reuni\u00f3 de Sector d\u2019abril, duta a terme al Club Muntanyenc de Sant Cugat.\u00a0<\/span><\/p>\n<p class=\"p2\"><span class=\"s1\">L&#8217;eix principal d&#8217;aquesta trobada ha estat<b> l&#8217;ideari.<\/b> Per aix\u00f2, entre totes les participants s&#8217;ha pogut debatre sobre la<b> import\u00e0ncia de tenir un ideari a l&#8217;esplai<\/b>, de la <b>coher\u00e8ncia entre els valors i les accions<\/b> i de com podem <b>fer-ne difusi\u00f3 <\/b>de cara a les fam\u00edlies i a la ciutadania.\u00a0<\/span><\/p>\n<p class=\"p2\"><span class=\"s1\">Finalment, la jornada ha acabat amb un dinar a la fresca i amb jocs i din\u00e0miques de cohesi\u00f3 per celebrar el retrobament de les monitores i monitors del sector! Ha estat una trobada de monitores dinamitzada per l\u2019EGS (Equip General de Sector) en la qual s&#8217;han respectat totes les mesures de seguretat sanit\u00e0ries.<\/span><\/p>\n<p class=\"p2\"><span class=\"s1\">Si, com el Sector Vall\u00e8s Occidental, voleu revisar o crear un ideari a l&#8217;esplai, recordeu que teniu el recurs<a href=\"https:\/\/www.esplac.cat\/recurs-crear-revisar-ideari-esplai\/\"><span class=\"s2\"> <b><span style=\"color: #ff9900;\">\u201cCreaci\u00f3 i revisi\u00f3 de l\u2019ideari\u201d<\/span><\/b>. <\/span><\/a>En aquest hi trobareu eines te\u00f2riques i pr\u00e0ctiques per acompanyar tot el proc\u00e9s de revisi\u00f3 i\/o creaci\u00f3!<\/span><\/p>\n<p><img decoding=\"async\" class=\"aligncenter wp-image-35866\" src=\"https:\/\/www.esplac.cat\/wp-content\/uploads\/2021\/04\/Domingueo-VallOcc-1024x768.jpeg\" alt=\"Domingueo VallOcc\" width=\"773\" height=\"580\" srcset=\"https:\/\/www.esplac.cat\/wp-content\/uploads\/2021\/04\/Domingueo-VallOcc-200x150.jpeg 200w, https:\/\/www.esplac.cat\/wp-content\/uploads\/2021\/04\/Domingueo-VallOcc-300x225.jpeg 300w, https:\/\/www.esplac.cat\/wp-content\/uploads\/2021\/04\/Domingueo-VallOcc-400x300.jpeg 400w, https:\/\/www.esplac.cat\/wp-content\/uploads\/2021\/04\/Domingueo-VallOcc-600x450.jpeg 600w, https:\/\/www.esplac.cat\/wp-content\/uploads\/2021\/04\/Domingueo-VallOcc-768x576.jpeg 768w, https:\/\/www.esplac.cat\/wp-content\/uploads\/2021\/04\/Domingueo-VallOcc-800x600.jpeg 800w, https:\/\/www.esplac.cat\/wp-content\/uploads\/2021\/04\/Domingueo-VallOcc-1024x768.jpeg 1024w, https:\/\/www.esplac.cat\/wp-content\/uploads\/2021\/04\/Domingueo-VallOcc-1200x900.jpeg 1200w, https:\/\/www.esplac.cat\/wp-content\/uploads\/2021\/04\/Domingueo-VallOcc-1536x1152.jpeg 1536w\" sizes=\"(max-width: 773px) 100vw, 773px\" \/><\/p>\n<p><img decoding=\"async\" class=\"aligncenter wp-image-35869\" src=\"https:\/\/www.esplac.cat\/wp-content\/uploads\/2021\/04\/Domingueo-VallOc-1024x422.jpg\" alt=\"Domingueo VallOc\" width=\"772\" height=\"318\" srcset=\"https:\/\/www.esplac.cat\/wp-content\/uploads\/2021\/04\/Domingueo-VallOc-200x82.jpg 200w, https:\/\/www.esplac.cat\/wp-content\/uploads\/2021\/04\/Domingueo-VallOc-300x124.jpg 300w, https:\/\/www.esplac.cat\/wp-content\/uploads\/2021\/04\/Domingueo-VallOc-400x165.jpg 400w, https:\/\/www.esplac.cat\/wp-content\/uploads\/2021\/04\/Domingueo-VallOc-600x247.jpg 600w, https:\/\/www.esplac.cat\/wp-content\/uploads\/2021\/04\/Domingueo-VallOc-768x317.jpg 768w, https:\/\/www.esplac.cat\/wp-content\/uploads\/2021\/04\/Domingueo-VallOc-800x330.jpg 800w, https:\/\/www.esplac.cat\/wp-content\/uploads\/2021\/04\/Domingueo-VallOc-1024x422.jpg 1024w, https:\/\/www.esplac.cat\/wp-content\/uploads\/2021\/04\/Domingueo-VallOc-1200x495.jpg 1200w, https:\/\/www.esplac.cat\/wp-content\/uploads\/2021\/04\/Domingueo-VallOc-1536x634.jpg 1536w, https:\/\/www.esplac.cat\/wp-content\/uploads\/2021\/04\/Domingueo-VallOc.jpg 1697w\" sizes=\"(max-width: 772px) 100vw, 772px\" \/><\/p>\n","protected":false},"excerpt":{"rendered":"<p>Les monitores i monitors del Sector Vall\u00e8s Occidental es van [&hellip;]<\/p>\n","protected":false},"author":3,"featured_media":35856,"comment_status":"closed","ping_status":"closed","sticky":false,"template":"","format":"standard","meta":{"om_disable_all_campaigns":false,"_monsterinsights_skip_tracking":false,"_monsterinsights_sitenote_active":false,"_monsterinsights_sitenote_note":"","_monsterinsights_sitenote_category":0,"_uf_show_specific_survey":0,"_uf_disable_surveys":false,"footnotes":""},"categories":[1118],"tags":[],"class_list":["post-35855","post","type-post","status-publish","format-standard","has-post-thumbnail","hentry","category-sector-valles-occidental-activitats-sectors"],"yoast_head":"<!-- This site is optimized with the Yoast SEO plugin v27.4 - https:\/\/yoast.com\/product\/yoast-seo-wordpress\/ -->\n<title>Domingueo formatiu del Sector Vall\u00e8s Occidental: parlem de l\u2019ideari<\/title>\n<meta name=\"description\" content=\"Les monitores i monitors del Vall\u00e8s Occidental es van reunir, a l\u2019Horta Alliberada de Sant Cugat, per debatre sobre els idearis.\" \/>\n<meta name=\"robots\" content=\"index, follow, max-snippet:-1, max-image-preview:large, max-video-preview:-1\" \/>\n<link rel=\"canonical\" href=\"https:\/\/www.esplac.cat\/domingueo-formatiu-sector-valles-occidental-ideari\/\" \/>\n<meta property=\"og:locale\" content=\"en_US\" \/>\n<meta property=\"og:type\" content=\"article\" \/>\n<meta property=\"og:title\" content=\"Domingueo formatiu del Sector Vall\u00e8s Occidental: parlem de l\u2019ideari\" \/>\n<meta property=\"og:description\" content=\"Les monitores i monitors del Vall\u00e8s Occidental es van reunir, a l\u2019Horta Alliberada de Sant Cugat, per debatre sobre els idearis.\" \/>\n<meta property=\"og:url\" content=\"https:\/\/www.esplac.cat\/domingueo-formatiu-sector-valles-occidental-ideari\/\" \/>\n<meta property=\"og:site_name\" content=\"Esplac\" \/>\n<meta property=\"article:published_time\" content=\"2021-04-22T08:47:40+00:00\" \/>\n<meta property=\"article:modified_time\" content=\"2021-04-22T08:53:40+00:00\" \/>\n<meta property=\"og:image\" content=\"https:\/\/www.esplac.cat\/wp-content\/uploads\/2021\/04\/Domingueo-VallOr.jpg\" \/>\n\t<meta property=\"og:image:width\" content=\"1697\" \/>\n\t<meta property=\"og:image:height\" content=\"700\" \/>\n\t<meta property=\"og:image:type\" content=\"image\/jpeg\" \/>\n<meta name=\"author\" content=\"Comunicaci\u00f3 Esplac\" \/>\n<meta name=\"twitter:card\" content=\"summary_large_image\" \/>\n<meta name=\"twitter:label1\" content=\"Written by\" \/>\n\t<meta name=\"twitter:data1\" content=\"Comunicaci\u00f3 Esplac\" \/>\n\t<meta name=\"twitter:label2\" content=\"Est. reading time\" \/>\n\t<meta name=\"twitter:data2\" content=\"1 minute\" \/>\n<script type=\"application\/ld+json\" class=\"yoast-schema-graph\">{\"@context\":\"https:\\\/\\\/schema.org\",\"@graph\":[{\"@type\":\"Article\",\"@id\":\"https:\\\/\\\/www.esplac.cat\\\/domingueo-formatiu-sector-valles-occidental-ideari\\\/#article\",\"isPartOf\":{\"@id\":\"https:\\\/\\\/www.esplac.cat\\\/domingueo-formatiu-sector-valles-occidental-ideari\\\/\"},\"author\":{\"name\":\"Comunicaci\u00f3 Esplac\",\"@id\":\"https:\\\/\\\/www.esplac.cat\\\/#\\\/schema\\\/person\\\/908383cf240be18b68f8855d0583faca\"},\"headline\":\"Domingueo formatiu del Sector Vall\u00e8s Occidental: parlem de l\u2019ideari\",\"datePublished\":\"2021-04-22T08:47:40+00:00\",\"dateModified\":\"2021-04-22T08:53:40+00:00\",\"mainEntityOfPage\":{\"@id\":\"https:\\\/\\\/www.esplac.cat\\\/domingueo-formatiu-sector-valles-occidental-ideari\\\/\"},\"wordCount\":260,\"publisher\":{\"@id\":\"https:\\\/\\\/www.esplac.cat\\\/#organization\"},\"image\":{\"@id\":\"https:\\\/\\\/www.esplac.cat\\\/domingueo-formatiu-sector-valles-occidental-ideari\\\/#primaryimage\"},\"thumbnailUrl\":\"https:\\\/\\\/www.esplac.cat\\\/wp-content\\\/uploads\\\/2021\\\/04\\\/Domingueo-VallOr.jpg\",\"articleSection\":[\"Sector Vall\u00e8s Occidental\"],\"inLanguage\":\"en-US\"},{\"@type\":\"WebPage\",\"@id\":\"https:\\\/\\\/www.esplac.cat\\\/domingueo-formatiu-sector-valles-occidental-ideari\\\/\",\"url\":\"https:\\\/\\\/www.esplac.cat\\\/domingueo-formatiu-sector-valles-occidental-ideari\\\/\",\"name\":\"Domingueo formatiu del Sector Vall\u00e8s Occidental: parlem de l\u2019ideari\",\"isPartOf\":{\"@id\":\"https:\\\/\\\/www.esplac.cat\\\/#website\"},\"primaryImageOfPage\":{\"@id\":\"https:\\\/\\\/www.esplac.cat\\\/domingueo-formatiu-sector-valles-occidental-ideari\\\/#primaryimage\"},\"image\":{\"@id\":\"https:\\\/\\\/www.esplac.cat\\\/domingueo-formatiu-sector-valles-occidental-ideari\\\/#primaryimage\"},\"thumbnailUrl\":\"https:\\\/\\\/www.esplac.cat\\\/wp-content\\\/uploads\\\/2021\\\/04\\\/Domingueo-VallOr.jpg\",\"datePublished\":\"2021-04-22T08:47:40+00:00\",\"dateModified\":\"2021-04-22T08:53:40+00:00\",\"description\":\"Les monitores i monitors del Vall\u00e8s Occidental es van reunir, a l\u2019Horta Alliberada de Sant Cugat, per debatre sobre els idearis.\",\"breadcrumb\":{\"@id\":\"https:\\\/\\\/www.esplac.cat\\\/domingueo-formatiu-sector-valles-occidental-ideari\\\/#breadcrumb\"},\"inLanguage\":\"en-US\",\"potentialAction\":[{\"@type\":\"ReadAction\",\"target\":[\"https:\\\/\\\/www.esplac.cat\\\/domingueo-formatiu-sector-valles-occidental-ideari\\\/\"]}]},{\"@type\":\"ImageObject\",\"inLanguage\":\"en-US\",\"@id\":\"https:\\\/\\\/www.esplac.cat\\\/domingueo-formatiu-sector-valles-occidental-ideari\\\/#primaryimage\",\"url\":\"https:\\\/\\\/www.esplac.cat\\\/wp-content\\\/uploads\\\/2021\\\/04\\\/Domingueo-VallOr.jpg\",\"contentUrl\":\"https:\\\/\\\/www.esplac.cat\\\/wp-content\\\/uploads\\\/2021\\\/04\\\/Domingueo-VallOr.jpg\",\"width\":1697,\"height\":700,\"caption\":\"Domingueo Vall\u00e8s Occidental\"},{\"@type\":\"BreadcrumbList\",\"@id\":\"https:\\\/\\\/www.esplac.cat\\\/domingueo-formatiu-sector-valles-occidental-ideari\\\/#breadcrumb\",\"itemListElement\":[{\"@type\":\"ListItem\",\"position\":1,\"name\":\"Inici\",\"item\":\"https:\\\/\\\/www.esplac.cat\\\/en\\\/\"},{\"@type\":\"ListItem\",\"position\":2,\"name\":\"Domingueo formatiu del Sector Vall\u00e8s Occidental: parlem de l\u2019ideari\"}]},{\"@type\":\"WebSite\",\"@id\":\"https:\\\/\\\/www.esplac.cat\\\/#website\",\"url\":\"https:\\\/\\\/www.esplac.cat\\\/\",\"name\":\"Esplac\",\"description\":\"Esplais Catalans\",\"publisher\":{\"@id\":\"https:\\\/\\\/www.esplac.cat\\\/#organization\"},\"potentialAction\":[{\"@type\":\"SearchAction\",\"target\":{\"@type\":\"EntryPoint\",\"urlTemplate\":\"https:\\\/\\\/www.esplac.cat\\\/?s={search_term_string}\"},\"query-input\":{\"@type\":\"PropertyValueSpecification\",\"valueRequired\":true,\"valueName\":\"search_term_string\"}}],\"inLanguage\":\"en-US\"},{\"@type\":\"Organization\",\"@id\":\"https:\\\/\\\/www.esplac.cat\\\/#organization\",\"name\":\"Esplac\",\"url\":\"https:\\\/\\\/www.esplac.cat\\\/\",\"logo\":{\"@type\":\"ImageObject\",\"inLanguage\":\"en-US\",\"@id\":\"https:\\\/\\\/www.esplac.cat\\\/#\\\/schema\\\/logo\\\/image\\\/\",\"url\":\"https:\\\/\\\/www.esplac.cat\\\/wp-content\\\/uploads\\\/2019\\\/08\\\/logox2.png\",\"contentUrl\":\"https:\\\/\\\/www.esplac.cat\\\/wp-content\\\/uploads\\\/2019\\\/08\\\/logox2.png\",\"width\":600,\"height\":295,\"caption\":\"Esplac\"},\"image\":{\"@id\":\"https:\\\/\\\/www.esplac.cat\\\/#\\\/schema\\\/logo\\\/image\\\/\"}},{\"@type\":\"Person\",\"@id\":\"https:\\\/\\\/www.esplac.cat\\\/#\\\/schema\\\/person\\\/908383cf240be18b68f8855d0583faca\",\"name\":\"Comunicaci\u00f3 Esplac\",\"image\":{\"@type\":\"ImageObject\",\"inLanguage\":\"en-US\",\"@id\":\"https:\\\/\\\/secure.gravatar.com\\\/avatar\\\/7a4cf8feb412a76ea4a740ca02d95b06b2907b5a6c648c2dd0a1082a093c3141?s=96&d=mm&r=g\",\"url\":\"https:\\\/\\\/secure.gravatar.com\\\/avatar\\\/7a4cf8feb412a76ea4a740ca02d95b06b2907b5a6c648c2dd0a1082a093c3141?s=96&d=mm&r=g\",\"contentUrl\":\"https:\\\/\\\/secure.gravatar.com\\\/avatar\\\/7a4cf8feb412a76ea4a740ca02d95b06b2907b5a6c648c2dd0a1082a093c3141?s=96&d=mm&r=g\",\"caption\":\"Comunicaci\u00f3 Esplac\"}}]}<\/script>\n<!-- \/ Yoast SEO plugin. -->","yoast_head_json":{"title":"Domingueo formatiu del Sector Vall\u00e8s Occidental: parlem de l\u2019ideari","description":"Les monitores i monitors del Vall\u00e8s Occidental es van reunir, a l\u2019Horta Alliberada de Sant Cugat, per debatre sobre els idearis.","robots":{"index":"index","follow":"follow","max-snippet":"max-snippet:-1","max-image-preview":"max-image-preview:large","max-video-preview":"max-video-preview:-1"},"canonical":"https:\/\/www.esplac.cat\/domingueo-formatiu-sector-valles-occidental-ideari\/","og_locale":"en_US","og_type":"article","og_title":"Domingueo formatiu del Sector Vall\u00e8s Occidental: parlem de l\u2019ideari","og_description":"Les monitores i monitors del Vall\u00e8s Occidental es van reunir, a l\u2019Horta Alliberada de Sant Cugat, per debatre sobre els idearis.","og_url":"https:\/\/www.esplac.cat\/domingueo-formatiu-sector-valles-occidental-ideari\/","og_site_name":"Esplac","article_published_time":"2021-04-22T08:47:40+00:00","article_modified_time":"2021-04-22T08:53:40+00:00","og_image":[{"width":1697,"height":700,"url":"https:\/\/www.esplac.cat\/wp-content\/uploads\/2021\/04\/Domingueo-VallOr.jpg","type":"image\/jpeg"}],"author":"Comunicaci\u00f3 Esplac","twitter_card":"summary_large_image","twitter_misc":{"Written by":"Comunicaci\u00f3 Esplac","Est. reading time":"1 minute"},"schema":{"@context":"https:\/\/schema.org","@graph":[{"@type":"Article","@id":"https:\/\/www.esplac.cat\/domingueo-formatiu-sector-valles-occidental-ideari\/#article","isPartOf":{"@id":"https:\/\/www.esplac.cat\/domingueo-formatiu-sector-valles-occidental-ideari\/"},"author":{"name":"Comunicaci\u00f3 Esplac","@id":"https:\/\/www.esplac.cat\/#\/schema\/person\/908383cf240be18b68f8855d0583faca"},"headline":"Domingueo formatiu del Sector Vall\u00e8s Occidental: parlem de l\u2019ideari","datePublished":"2021-04-22T08:47:40+00:00","dateModified":"2021-04-22T08:53:40+00:00","mainEntityOfPage":{"@id":"https:\/\/www.esplac.cat\/domingueo-formatiu-sector-valles-occidental-ideari\/"},"wordCount":260,"publisher":{"@id":"https:\/\/www.esplac.cat\/#organization"},"image":{"@id":"https:\/\/www.esplac.cat\/domingueo-formatiu-sector-valles-occidental-ideari\/#primaryimage"},"thumbnailUrl":"https:\/\/www.esplac.cat\/wp-content\/uploads\/2021\/04\/Domingueo-VallOr.jpg","articleSection":["Sector Vall\u00e8s Occidental"],"inLanguage":"en-US"},{"@type":"WebPage","@id":"https:\/\/www.esplac.cat\/domingueo-formatiu-sector-valles-occidental-ideari\/","url":"https:\/\/www.esplac.cat\/domingueo-formatiu-sector-valles-occidental-ideari\/","name":"Domingueo formatiu del Sector Vall\u00e8s Occidental: parlem de l\u2019ideari","isPartOf":{"@id":"https:\/\/www.esplac.cat\/#website"},"primaryImageOfPage":{"@id":"https:\/\/www.esplac.cat\/domingueo-formatiu-sector-valles-occidental-ideari\/#primaryimage"},"image":{"@id":"https:\/\/www.esplac.cat\/domingueo-formatiu-sector-valles-occidental-ideari\/#primaryimage"},"thumbnailUrl":"https:\/\/www.esplac.cat\/wp-content\/uploads\/2021\/04\/Domingueo-VallOr.jpg","datePublished":"2021-04-22T08:47:40+00:00","dateModified":"2021-04-22T08:53:40+00:00","description":"Les monitores i monitors del Vall\u00e8s Occidental es van reunir, a l\u2019Horta Alliberada de Sant Cugat, per debatre sobre els idearis.","breadcrumb":{"@id":"https:\/\/www.esplac.cat\/domingueo-formatiu-sector-valles-occidental-ideari\/#breadcrumb"},"inLanguage":"en-US","potentialAction":[{"@type":"ReadAction","target":["https:\/\/www.esplac.cat\/domingueo-formatiu-sector-valles-occidental-ideari\/"]}]},{"@type":"ImageObject","inLanguage":"en-US","@id":"https:\/\/www.esplac.cat\/domingueo-formatiu-sector-valles-occidental-ideari\/#primaryimage","url":"https:\/\/www.esplac.cat\/wp-content\/uploads\/2021\/04\/Domingueo-VallOr.jpg","contentUrl":"https:\/\/www.esplac.cat\/wp-content\/uploads\/2021\/04\/Domingueo-VallOr.jpg","width":1697,"height":700,"caption":"Domingueo Vall\u00e8s Occidental"},{"@type":"BreadcrumbList","@id":"https:\/\/www.esplac.cat\/domingueo-formatiu-sector-valles-occidental-ideari\/#breadcrumb","itemListElement":[{"@type":"ListItem","position":1,"name":"Inici","item":"https:\/\/www.esplac.cat\/en\/"},{"@type":"ListItem","position":2,"name":"Domingueo formatiu del Sector Vall\u00e8s Occidental: parlem de l\u2019ideari"}]},{"@type":"WebSite","@id":"https:\/\/www.esplac.cat\/#website","url":"https:\/\/www.esplac.cat\/","name":"Esplac","description":"Esplais Catalans","publisher":{"@id":"https:\/\/www.esplac.cat\/#organization"},"potentialAction":[{"@type":"SearchAction","target":{"@type":"EntryPoint","urlTemplate":"https:\/\/www.esplac.cat\/?s={search_term_string}"},"query-input":{"@type":"PropertyValueSpecification","valueRequired":true,"valueName":"search_term_string"}}],"inLanguage":"en-US"},{"@type":"Organization","@id":"https:\/\/www.esplac.cat\/#organization","name":"Esplac","url":"https:\/\/www.esplac.cat\/","logo":{"@type":"ImageObject","inLanguage":"en-US","@id":"https:\/\/www.esplac.cat\/#\/schema\/logo\/image\/","url":"https:\/\/www.esplac.cat\/wp-content\/uploads\/2019\/08\/logox2.png","contentUrl":"https:\/\/www.esplac.cat\/wp-content\/uploads\/2019\/08\/logox2.png","width":600,"height":295,"caption":"Esplac"},"image":{"@id":"https:\/\/www.esplac.cat\/#\/schema\/logo\/image\/"}},{"@type":"Person","@id":"https:\/\/www.esplac.cat\/#\/schema\/person\/908383cf240be18b68f8855d0583faca","name":"Comunicaci\u00f3 Esplac","image":{"@type":"ImageObject","inLanguage":"en-US","@id":"https:\/\/secure.gravatar.com\/avatar\/7a4cf8feb412a76ea4a740ca02d95b06b2907b5a6c648c2dd0a1082a093c3141?s=96&d=mm&r=g","url":"https:\/\/secure.gravatar.com\/avatar\/7a4cf8feb412a76ea4a740ca02d95b06b2907b5a6c648c2dd0a1082a093c3141?s=96&d=mm&r=g","contentUrl":"https:\/\/secure.gravatar.com\/avatar\/7a4cf8feb412a76ea4a740ca02d95b06b2907b5a6c648c2dd0a1082a093c3141?s=96&d=mm&r=g","caption":"Comunicaci\u00f3 Esplac"}}]}},"_links":{"self":[{"href":"https:\/\/www.esplac.cat\/en\/wp-json\/wp\/v2\/posts\/35855","targetHints":{"allow":["GET"]}}],"collection":[{"href":"https:\/\/www.esplac.cat\/en\/wp-json\/wp\/v2\/posts"}],"about":[{"href":"https:\/\/www.esplac.cat\/en\/wp-json\/wp\/v2\/types\/post"}],"author":[{"embeddable":true,"href":"https:\/\/www.esplac.cat\/en\/wp-json\/wp\/v2\/users\/3"}],"replies":[{"embeddable":true,"href":"https:\/\/www.esplac.cat\/en\/wp-json\/wp\/v2\/comments?post=35855"}],"version-history":[{"count":0,"href":"https:\/\/www.esplac.cat\/en\/wp-json\/wp\/v2\/posts\/35855\/revisions"}],"wp:featuredmedia":[{"embeddable":true,"href":"https:\/\/www.esplac.cat\/en\/wp-json\/wp\/v2\/media\/35856"}],"wp:attachment":[{"href":"https:\/\/www.esplac.cat\/en\/wp-json\/wp\/v2\/media?parent=35855"}],"wp:term":[{"taxonomy":"category","embeddable":true,"href":"https:\/\/www.esplac.cat\/en\/wp-json\/wp\/v2\/categories?post=35855"},{"taxonomy":"post_tag","embeddable":true,"href":"https:\/\/www.esplac.cat\/en\/wp-json\/wp\/v2\/tags?post=35855"}],"curies":[{"name":"wp","href":"https:\/\/api.w.org\/{rel}","templated":true}]}}