{"id":35966,"date":"2021-04-27T09:48:59","date_gmt":"2021-04-27T08:48:59","guid":{"rendered":"https:\/\/www.esplac.cat\/?p=35966"},"modified":"2021-10-19T13:48:56","modified_gmt":"2021-10-19T11:48:56","slug":"lloc-esplaiada-2022-participar-eleccio-tema","status":"publish","type":"post","link":"https:\/\/www.esplac.cat\/en\/lloc-esplaiada-2022-participar-eleccio-tema\/","title":{"rendered":"Vols participar en l\u2019elecci\u00f3 del tema de l&#8217;Esplaiada 2022?"},"content":{"rendered":"<div class=\"fusion-fullwidth fullwidth-box fusion-builder-row-1 nonhundred-percent-fullwidth non-hundred-percent-height-scrolling\" style=\"--awb-border-radius-top-left:0px;--awb-border-radius-top-right:0px;--awb-border-radius-bottom-right:0px;--awb-border-radius-bottom-left:0px;--awb-flex-wrap:wrap;\" ><div class=\"fusion-builder-row fusion-row\"><div class=\"fusion-layout-column fusion_builder_column fusion-builder-column-0 fusion_builder_column_1_1 1_1 fusion-one-full fusion-column-first fusion-column-last\" style=\"--awb-bg-size:cover;--awb-margin-bottom:0px;\"><div class=\"fusion-column-wrapper fusion-column-has-shadow fusion-flex-column-wrapper-legacy\"><div class=\"fusion-text fusion-text-1\"><h6><strong>La propera Esplaiada, la trobada general de tots els esplais d&#8217;Esplac, se celebrar\u00e0 els dies 6, 7 i 8 de maig de 2022 i reunir\u00e0 infants, joves, monitors i monitores d&#8217;arreu de Catalunya.<\/strong><\/h6>\n<p><span style=\"font-weight: 400;\">L\u2019Esplaiada \u00e9s la<\/span><b> trobada general de tots els esplais d\u2019Esplac <\/b>que i<span style=\"font-weight: 400;\">nclou infants, joves, monitores i monitors. \u00c9s un espai per<\/span><b> escoltar i fer sentir la veu d\u2019infants i joves<\/b><span style=\"font-weight: 400;\"> sobre temes del seu inter\u00e8s, a trav\u00e9s d\u2019assemblees, jocs i activitats. Es duu a terme generalment cada tres anys.<\/span><\/p>\n<p><span style=\"font-weight: 400;\">L\u2019<span style=\"color: #ff9900;\"><a style=\"color: #ff9900;\" href=\"https:\/\/www.esplac.cat\/trobades\/esplaiada\">\u00faltima edici\u00f3<\/a><\/span> es va realitzar a <\/span><b>Martorell<\/b><span style=\"font-weight: 400;\"> els dies <\/span><b>11, 12 i 13 de maig de 2018. <\/b><span style=\"font-weight: 400;\">En aquesta trobada, es va reivindicar una societat m\u00e9s inclusiva i uns esplais que siguin representatius de la diversitat que ens envolta. \u00c9s per aix\u00f2 que el lema de l\u2019Esplaiada 2018 era <\/span><b>\u201cObrim els ulls, obrim les portes!\u201d<\/b><\/p>\n<p><span style=\"font-weight: 400;\">L\u2019Esplaiada 2022 se celebrar\u00e0 els dies <\/span><b>6, 7 i 8 de maig del 2022.<\/b><\/p>\n<h6><span style=\"color: #000000;\"><strong>Quin ser\u00e0 el tema de l&#8217;Esplaiada 2022?<\/strong><\/span><\/h6>\n<p><span style=\"font-weight: 400;\">Ara \u00e9s el moment de<\/span><b> votar el tema de l\u2019Esplaiada<\/b><span style=\"font-weight: 400;\"> i, per defugir de la perspectiva adultcentrista, \u00e9s important que aquesta votaci\u00f3 la feu amb els propis infants i joves, aix\u00ed seran elles i ells qui decideixin el tema definitiu. Tamb\u00e9 podeu fer<\/span><b> propostes de lemes<\/b><span style=\"font-weight: 400;\"> per a la mateixa edici\u00f3!<\/span><\/p>\n<p><span style=\"font-weight: 400;\">Teniu, doncs, <\/span><b>un vot per a cada grup d&#8217;infants de l&#8217;esplai<\/b><span style=\"font-weight: 400;\">, i podeu votar <\/span><b>fins el dia 31 de maig a trav\u00e9s del seg\u00fcent <\/b><span style=\"color: #ff9900;\"><a style=\"color: #ff9900;\" href=\"https:\/\/infoesplac.typeform.com\/to\/uqkvoNNe\"><b>formulari<\/b><\/a><b>.<\/b><\/span><span style=\"font-weight: 400;\"> Els temes a votar estan extrets de les activitats que vau fer alguns esplais del <\/span><span style=\"color: #ff9900;\"><a style=\"color: #ff9900;\" href=\"https:\/\/www.esplac.cat\/primer-dossier-activitats-projecte-infancia-esplaiada\/\"><span style=\"font-weight: 400;\">Dossier d&#8217;activitats per a l&#8217;an\u00e0lisi de la realitat dels infants i joves<\/span><\/a><\/span><span style=\"font-weight: 400;\">.<\/span><\/p>\n<p><span style=\"font-weight: 400;\">El <\/span><b>proc\u00e9s participatiu <\/b><span style=\"font-weight: 400;\">que estem seguint en aquest moment \u00e9s el <\/span><span style=\"color: #ff9900;\"><a style=\"color: #ff9900;\" href=\"https:\/\/view.genial.ly\/5ec778175cf4ce0d97da7bed\/horizontal-infographic-timeline-participacio-i-organitzacio-de-lesplaiada\"><span style=\"font-weight: 400;\">seg\u00fcent<\/span><\/a><\/span><span style=\"font-weight: 400;\">, i el Grup de Treball d\u2019Inf\u00e0ncia i Esplaiada est\u00e0 treballant per dissenyar el proc\u00e9s participatiu de setembre a maig. Si vols formar part del <\/span><b>Grup de Treball<\/b><span style=\"font-weight: 400;\">, pots escriure un correu a <\/span><a href=\"mailto:organitzacio@esplac.cat\"><span style=\"font-weight: 400;\">organitzacio@esplac.cat<\/span><\/a><span style=\"font-weight: 400;\"> o b\u00e9 dir-ho a la coordinadora de projectes del teu sector.<\/span><\/p>\n<\/div><div class=\"fusion-clearfix\"><\/div><\/div><\/div><\/div><\/div>\n","protected":false},"excerpt":{"rendered":"","protected":false},"author":3,"featured_media":35987,"comment_status":"closed","ping_status":"closed","sticky":false,"template":"","format":"standard","meta":{"om_disable_all_campaigns":false,"_monsterinsights_skip_tracking":false,"_monsterinsights_sitenote_active":false,"_monsterinsights_sitenote_note":"","_monsterinsights_sitenote_category":0,"_uf_show_specific_survey":0,"_uf_disable_surveys":false,"footnotes":""},"categories":[1136],"tags":[],"class_list":["post-35966","post","type-post","status-publish","format-standard","has-post-thumbnail","hentry","category-esplaiada"],"yoast_head":"<!-- This site is optimized with the Yoast SEO plugin v27.4 - https:\/\/yoast.com\/product\/yoast-seo-wordpress\/ -->\n<title>Vols participar en l\u2019elecci\u00f3 del tema de l&#039;Esplaiada 2022? - Esplac<\/title>\n<meta name=\"description\" content=\"Tenim lloc per la trobada general dels esplais d&#039;Esplac (6, 7 i 8 de maig 2022). Ser\u00e0 a la comarca del Bages!\" \/>\n<meta name=\"robots\" content=\"index, follow, max-snippet:-1, max-image-preview:large, max-video-preview:-1\" \/>\n<link rel=\"canonical\" href=\"https:\/\/www.esplac.cat\/lloc-esplaiada-2022-participar-eleccio-tema\/\" \/>\n<meta property=\"og:locale\" content=\"en_US\" \/>\n<meta property=\"og:type\" content=\"article\" \/>\n<meta property=\"og:title\" content=\"Vols participar en l\u2019elecci\u00f3 del tema de l&#039;Esplaiada 2022? - Esplac\" \/>\n<meta property=\"og:description\" content=\"Tenim lloc per la trobada general dels esplais d&#039;Esplac (6, 7 i 8 de maig 2022). Ser\u00e0 a la comarca del Bages!\" \/>\n<meta property=\"og:url\" content=\"https:\/\/www.esplac.cat\/lloc-esplaiada-2022-participar-eleccio-tema\/\" \/>\n<meta property=\"og:site_name\" content=\"Esplac\" \/>\n<meta property=\"article:published_time\" content=\"2021-04-27T08:48:59+00:00\" \/>\n<meta property=\"article:modified_time\" content=\"2021-10-19T11:48:56+00:00\" \/>\n<meta property=\"og:image\" content=\"https:\/\/www.esplac.cat\/wp-content\/uploads\/2021\/04\/infants_esplaiada.jpg\" \/>\n\t<meta property=\"og:image:width\" content=\"1697\" \/>\n\t<meta property=\"og:image:height\" content=\"700\" \/>\n\t<meta property=\"og:image:type\" content=\"image\/jpeg\" \/>\n<meta name=\"author\" content=\"Comunicaci\u00f3 Esplac\" \/>\n<meta name=\"twitter:card\" content=\"summary_large_image\" \/>\n<meta name=\"twitter:label1\" content=\"Written by\" \/>\n\t<meta name=\"twitter:data1\" content=\"Comunicaci\u00f3 Esplac\" \/>\n\t<meta name=\"twitter:label2\" content=\"Est. reading time\" \/>\n\t<meta name=\"twitter:data2\" content=\"3 minutes\" \/>\n<script type=\"application\/ld+json\" class=\"yoast-schema-graph\">{\"@context\":\"https:\\\/\\\/schema.org\",\"@graph\":[{\"@type\":\"Article\",\"@id\":\"https:\\\/\\\/www.esplac.cat\\\/lloc-esplaiada-2022-participar-eleccio-tema\\\/#article\",\"isPartOf\":{\"@id\":\"https:\\\/\\\/www.esplac.cat\\\/lloc-esplaiada-2022-participar-eleccio-tema\\\/\"},\"author\":{\"name\":\"Comunicaci\u00f3 Esplac\",\"@id\":\"https:\\\/\\\/www.esplac.cat\\\/#\\\/schema\\\/person\\\/908383cf240be18b68f8855d0583faca\"},\"headline\":\"Vols participar en l\u2019elecci\u00f3 del tema de l&#8217;Esplaiada 2022?\",\"datePublished\":\"2021-04-27T08:48:59+00:00\",\"dateModified\":\"2021-10-19T11:48:56+00:00\",\"mainEntityOfPage\":{\"@id\":\"https:\\\/\\\/www.esplac.cat\\\/lloc-esplaiada-2022-participar-eleccio-tema\\\/\"},\"wordCount\":642,\"publisher\":{\"@id\":\"https:\\\/\\\/www.esplac.cat\\\/#organization\"},\"image\":{\"@id\":\"https:\\\/\\\/www.esplac.cat\\\/lloc-esplaiada-2022-participar-eleccio-tema\\\/#primaryimage\"},\"thumbnailUrl\":\"https:\\\/\\\/www.esplac.cat\\\/wp-content\\\/uploads\\\/2021\\\/04\\\/infants_esplaiada.jpg\",\"articleSection\":[\"Esplaiada\"],\"inLanguage\":\"en-US\"},{\"@type\":\"WebPage\",\"@id\":\"https:\\\/\\\/www.esplac.cat\\\/lloc-esplaiada-2022-participar-eleccio-tema\\\/\",\"url\":\"https:\\\/\\\/www.esplac.cat\\\/lloc-esplaiada-2022-participar-eleccio-tema\\\/\",\"name\":\"Vols participar en l\u2019elecci\u00f3 del tema de l'Esplaiada 2022? - Esplac\",\"isPartOf\":{\"@id\":\"https:\\\/\\\/www.esplac.cat\\\/#website\"},\"primaryImageOfPage\":{\"@id\":\"https:\\\/\\\/www.esplac.cat\\\/lloc-esplaiada-2022-participar-eleccio-tema\\\/#primaryimage\"},\"image\":{\"@id\":\"https:\\\/\\\/www.esplac.cat\\\/lloc-esplaiada-2022-participar-eleccio-tema\\\/#primaryimage\"},\"thumbnailUrl\":\"https:\\\/\\\/www.esplac.cat\\\/wp-content\\\/uploads\\\/2021\\\/04\\\/infants_esplaiada.jpg\",\"datePublished\":\"2021-04-27T08:48:59+00:00\",\"dateModified\":\"2021-10-19T11:48:56+00:00\",\"description\":\"Tenim lloc per la trobada general dels esplais d'Esplac (6, 7 i 8 de maig 2022). Ser\u00e0 a la comarca del Bages!\",\"breadcrumb\":{\"@id\":\"https:\\\/\\\/www.esplac.cat\\\/lloc-esplaiada-2022-participar-eleccio-tema\\\/#breadcrumb\"},\"inLanguage\":\"en-US\",\"potentialAction\":[{\"@type\":\"ReadAction\",\"target\":[\"https:\\\/\\\/www.esplac.cat\\\/lloc-esplaiada-2022-participar-eleccio-tema\\\/\"]}]},{\"@type\":\"ImageObject\",\"inLanguage\":\"en-US\",\"@id\":\"https:\\\/\\\/www.esplac.cat\\\/lloc-esplaiada-2022-participar-eleccio-tema\\\/#primaryimage\",\"url\":\"https:\\\/\\\/www.esplac.cat\\\/wp-content\\\/uploads\\\/2021\\\/04\\\/infants_esplaiada.jpg\",\"contentUrl\":\"https:\\\/\\\/www.esplac.cat\\\/wp-content\\\/uploads\\\/2021\\\/04\\\/infants_esplaiada.jpg\",\"width\":1697,\"height\":700,\"caption\":\"tenim lloc esplaiada\"},{\"@type\":\"BreadcrumbList\",\"@id\":\"https:\\\/\\\/www.esplac.cat\\\/lloc-esplaiada-2022-participar-eleccio-tema\\\/#breadcrumb\",\"itemListElement\":[{\"@type\":\"ListItem\",\"position\":1,\"name\":\"Inici\",\"item\":\"https:\\\/\\\/www.esplac.cat\\\/en\\\/\"},{\"@type\":\"ListItem\",\"position\":2,\"name\":\"Vols participar en l\u2019elecci\u00f3 del tema de l&#8217;Esplaiada 2022?\"}]},{\"@type\":\"WebSite\",\"@id\":\"https:\\\/\\\/www.esplac.cat\\\/#website\",\"url\":\"https:\\\/\\\/www.esplac.cat\\\/\",\"name\":\"Esplac\",\"description\":\"Esplais Catalans\",\"publisher\":{\"@id\":\"https:\\\/\\\/www.esplac.cat\\\/#organization\"},\"potentialAction\":[{\"@type\":\"SearchAction\",\"target\":{\"@type\":\"EntryPoint\",\"urlTemplate\":\"https:\\\/\\\/www.esplac.cat\\\/?s={search_term_string}\"},\"query-input\":{\"@type\":\"PropertyValueSpecification\",\"valueRequired\":true,\"valueName\":\"search_term_string\"}}],\"inLanguage\":\"en-US\"},{\"@type\":\"Organization\",\"@id\":\"https:\\\/\\\/www.esplac.cat\\\/#organization\",\"name\":\"Esplac\",\"url\":\"https:\\\/\\\/www.esplac.cat\\\/\",\"logo\":{\"@type\":\"ImageObject\",\"inLanguage\":\"en-US\",\"@id\":\"https:\\\/\\\/www.esplac.cat\\\/#\\\/schema\\\/logo\\\/image\\\/\",\"url\":\"https:\\\/\\\/www.esplac.cat\\\/wp-content\\\/uploads\\\/2019\\\/08\\\/logox2.png\",\"contentUrl\":\"https:\\\/\\\/www.esplac.cat\\\/wp-content\\\/uploads\\\/2019\\\/08\\\/logox2.png\",\"width\":600,\"height\":295,\"caption\":\"Esplac\"},\"image\":{\"@id\":\"https:\\\/\\\/www.esplac.cat\\\/#\\\/schema\\\/logo\\\/image\\\/\"}},{\"@type\":\"Person\",\"@id\":\"https:\\\/\\\/www.esplac.cat\\\/#\\\/schema\\\/person\\\/908383cf240be18b68f8855d0583faca\",\"name\":\"Comunicaci\u00f3 Esplac\",\"image\":{\"@type\":\"ImageObject\",\"inLanguage\":\"en-US\",\"@id\":\"https:\\\/\\\/secure.gravatar.com\\\/avatar\\\/7a4cf8feb412a76ea4a740ca02d95b06b2907b5a6c648c2dd0a1082a093c3141?s=96&d=mm&r=g\",\"url\":\"https:\\\/\\\/secure.gravatar.com\\\/avatar\\\/7a4cf8feb412a76ea4a740ca02d95b06b2907b5a6c648c2dd0a1082a093c3141?s=96&d=mm&r=g\",\"contentUrl\":\"https:\\\/\\\/secure.gravatar.com\\\/avatar\\\/7a4cf8feb412a76ea4a740ca02d95b06b2907b5a6c648c2dd0a1082a093c3141?s=96&d=mm&r=g\",\"caption\":\"Comunicaci\u00f3 Esplac\"}}]}<\/script>\n<!-- \/ Yoast SEO plugin. -->","yoast_head_json":{"title":"Vols participar en l\u2019elecci\u00f3 del tema de l'Esplaiada 2022? - Esplac","description":"Tenim lloc per la trobada general dels esplais d'Esplac (6, 7 i 8 de maig 2022). Ser\u00e0 a la comarca del Bages!","robots":{"index":"index","follow":"follow","max-snippet":"max-snippet:-1","max-image-preview":"max-image-preview:large","max-video-preview":"max-video-preview:-1"},"canonical":"https:\/\/www.esplac.cat\/lloc-esplaiada-2022-participar-eleccio-tema\/","og_locale":"en_US","og_type":"article","og_title":"Vols participar en l\u2019elecci\u00f3 del tema de l'Esplaiada 2022? - Esplac","og_description":"Tenim lloc per la trobada general dels esplais d'Esplac (6, 7 i 8 de maig 2022). Ser\u00e0 a la comarca del Bages!","og_url":"https:\/\/www.esplac.cat\/lloc-esplaiada-2022-participar-eleccio-tema\/","og_site_name":"Esplac","article_published_time":"2021-04-27T08:48:59+00:00","article_modified_time":"2021-10-19T11:48:56+00:00","og_image":[{"width":1697,"height":700,"url":"https:\/\/www.esplac.cat\/wp-content\/uploads\/2021\/04\/infants_esplaiada.jpg","type":"image\/jpeg"}],"author":"Comunicaci\u00f3 Esplac","twitter_card":"summary_large_image","twitter_misc":{"Written by":"Comunicaci\u00f3 Esplac","Est. reading time":"3 minutes"},"schema":{"@context":"https:\/\/schema.org","@graph":[{"@type":"Article","@id":"https:\/\/www.esplac.cat\/lloc-esplaiada-2022-participar-eleccio-tema\/#article","isPartOf":{"@id":"https:\/\/www.esplac.cat\/lloc-esplaiada-2022-participar-eleccio-tema\/"},"author":{"name":"Comunicaci\u00f3 Esplac","@id":"https:\/\/www.esplac.cat\/#\/schema\/person\/908383cf240be18b68f8855d0583faca"},"headline":"Vols participar en l\u2019elecci\u00f3 del tema de l&#8217;Esplaiada 2022?","datePublished":"2021-04-27T08:48:59+00:00","dateModified":"2021-10-19T11:48:56+00:00","mainEntityOfPage":{"@id":"https:\/\/www.esplac.cat\/lloc-esplaiada-2022-participar-eleccio-tema\/"},"wordCount":642,"publisher":{"@id":"https:\/\/www.esplac.cat\/#organization"},"image":{"@id":"https:\/\/www.esplac.cat\/lloc-esplaiada-2022-participar-eleccio-tema\/#primaryimage"},"thumbnailUrl":"https:\/\/www.esplac.cat\/wp-content\/uploads\/2021\/04\/infants_esplaiada.jpg","articleSection":["Esplaiada"],"inLanguage":"en-US"},{"@type":"WebPage","@id":"https:\/\/www.esplac.cat\/lloc-esplaiada-2022-participar-eleccio-tema\/","url":"https:\/\/www.esplac.cat\/lloc-esplaiada-2022-participar-eleccio-tema\/","name":"Vols participar en l\u2019elecci\u00f3 del tema de l'Esplaiada 2022? - Esplac","isPartOf":{"@id":"https:\/\/www.esplac.cat\/#website"},"primaryImageOfPage":{"@id":"https:\/\/www.esplac.cat\/lloc-esplaiada-2022-participar-eleccio-tema\/#primaryimage"},"image":{"@id":"https:\/\/www.esplac.cat\/lloc-esplaiada-2022-participar-eleccio-tema\/#primaryimage"},"thumbnailUrl":"https:\/\/www.esplac.cat\/wp-content\/uploads\/2021\/04\/infants_esplaiada.jpg","datePublished":"2021-04-27T08:48:59+00:00","dateModified":"2021-10-19T11:48:56+00:00","description":"Tenim lloc per la trobada general dels esplais d'Esplac (6, 7 i 8 de maig 2022). Ser\u00e0 a la comarca del Bages!","breadcrumb":{"@id":"https:\/\/www.esplac.cat\/lloc-esplaiada-2022-participar-eleccio-tema\/#breadcrumb"},"inLanguage":"en-US","potentialAction":[{"@type":"ReadAction","target":["https:\/\/www.esplac.cat\/lloc-esplaiada-2022-participar-eleccio-tema\/"]}]},{"@type":"ImageObject","inLanguage":"en-US","@id":"https:\/\/www.esplac.cat\/lloc-esplaiada-2022-participar-eleccio-tema\/#primaryimage","url":"https:\/\/www.esplac.cat\/wp-content\/uploads\/2021\/04\/infants_esplaiada.jpg","contentUrl":"https:\/\/www.esplac.cat\/wp-content\/uploads\/2021\/04\/infants_esplaiada.jpg","width":1697,"height":700,"caption":"tenim lloc esplaiada"},{"@type":"BreadcrumbList","@id":"https:\/\/www.esplac.cat\/lloc-esplaiada-2022-participar-eleccio-tema\/#breadcrumb","itemListElement":[{"@type":"ListItem","position":1,"name":"Inici","item":"https:\/\/www.esplac.cat\/en\/"},{"@type":"ListItem","position":2,"name":"Vols participar en l\u2019elecci\u00f3 del tema de l&#8217;Esplaiada 2022?"}]},{"@type":"WebSite","@id":"https:\/\/www.esplac.cat\/#website","url":"https:\/\/www.esplac.cat\/","name":"Esplac","description":"Esplais Catalans","publisher":{"@id":"https:\/\/www.esplac.cat\/#organization"},"potentialAction":[{"@type":"SearchAction","target":{"@type":"EntryPoint","urlTemplate":"https:\/\/www.esplac.cat\/?s={search_term_string}"},"query-input":{"@type":"PropertyValueSpecification","valueRequired":true,"valueName":"search_term_string"}}],"inLanguage":"en-US"},{"@type":"Organization","@id":"https:\/\/www.esplac.cat\/#organization","name":"Esplac","url":"https:\/\/www.esplac.cat\/","logo":{"@type":"ImageObject","inLanguage":"en-US","@id":"https:\/\/www.esplac.cat\/#\/schema\/logo\/image\/","url":"https:\/\/www.esplac.cat\/wp-content\/uploads\/2019\/08\/logox2.png","contentUrl":"https:\/\/www.esplac.cat\/wp-content\/uploads\/2019\/08\/logox2.png","width":600,"height":295,"caption":"Esplac"},"image":{"@id":"https:\/\/www.esplac.cat\/#\/schema\/logo\/image\/"}},{"@type":"Person","@id":"https:\/\/www.esplac.cat\/#\/schema\/person\/908383cf240be18b68f8855d0583faca","name":"Comunicaci\u00f3 Esplac","image":{"@type":"ImageObject","inLanguage":"en-US","@id":"https:\/\/secure.gravatar.com\/avatar\/7a4cf8feb412a76ea4a740ca02d95b06b2907b5a6c648c2dd0a1082a093c3141?s=96&d=mm&r=g","url":"https:\/\/secure.gravatar.com\/avatar\/7a4cf8feb412a76ea4a740ca02d95b06b2907b5a6c648c2dd0a1082a093c3141?s=96&d=mm&r=g","contentUrl":"https:\/\/secure.gravatar.com\/avatar\/7a4cf8feb412a76ea4a740ca02d95b06b2907b5a6c648c2dd0a1082a093c3141?s=96&d=mm&r=g","caption":"Comunicaci\u00f3 Esplac"}}]}},"_links":{"self":[{"href":"https:\/\/www.esplac.cat\/en\/wp-json\/wp\/v2\/posts\/35966","targetHints":{"allow":["GET"]}}],"collection":[{"href":"https:\/\/www.esplac.cat\/en\/wp-json\/wp\/v2\/posts"}],"about":[{"href":"https:\/\/www.esplac.cat\/en\/wp-json\/wp\/v2\/types\/post"}],"author":[{"embeddable":true,"href":"https:\/\/www.esplac.cat\/en\/wp-json\/wp\/v2\/users\/3"}],"replies":[{"embeddable":true,"href":"https:\/\/www.esplac.cat\/en\/wp-json\/wp\/v2\/comments?post=35966"}],"version-history":[{"count":0,"href":"https:\/\/www.esplac.cat\/en\/wp-json\/wp\/v2\/posts\/35966\/revisions"}],"wp:featuredmedia":[{"embeddable":true,"href":"https:\/\/www.esplac.cat\/en\/wp-json\/wp\/v2\/media\/35987"}],"wp:attachment":[{"href":"https:\/\/www.esplac.cat\/en\/wp-json\/wp\/v2\/media?parent=35966"}],"wp:term":[{"taxonomy":"category","embeddable":true,"href":"https:\/\/www.esplac.cat\/en\/wp-json\/wp\/v2\/categories?post=35966"},{"taxonomy":"post_tag","embeddable":true,"href":"https:\/\/www.esplac.cat\/en\/wp-json\/wp\/v2\/tags?post=35966"}],"curies":[{"name":"wp","href":"https:\/\/api.w.org\/{rel}","templated":true}]}}