{"id":36003,"date":"2021-04-28T11:47:15","date_gmt":"2021-04-28T10:47:15","guid":{"rendered":"https:\/\/www.esplac.cat\/?p=36003"},"modified":"2021-04-28T13:07:18","modified_gmt":"2021-04-28T12:07:18","slug":"3-persones-egs-baix-llobregat","status":"publish","type":"post","link":"https:\/\/www.esplac.cat\/en\/3-persones-egs-baix-llobregat\/","title":{"rendered":"Ja som 3 persones a l\u2019EGS del Baix Llobregat!"},"content":{"rendered":"<h6><strong>El passat dijous 18 d&#8217;abril es va aprovar l&#8217;entrada d&#8217;un nou membre a l&#8217;Equip General del Sector Baix Llobregat amb la participaci\u00f3 de 8 dels 9 esplais actius del sector.<\/strong><\/h6>\n<p><span style=\"font-weight: 400;\">En el marc de la reuni\u00f3 de sector del Baix Llobregat, que es va celebrar en l\u00ednia a trav\u00e9s de Zoom el passat 18 d&#8217;abril, vam fer un punt d\u2019<\/span><b>Assemblea General Extraordin\u00e0ria<\/b> <b>per votar la incorporaci\u00f3 d\u2019en Pol de la Torre a l\u2019<span style=\"color: #ff9900;\"><a style=\"color: #ff9900;\" href=\"https:\/\/www.esplac.cat\/equips\/\" target=\"_blank\" rel=\"noopener noreferrer\">Equip General de Sector <\/a><\/span><\/b>(les persones volunt\u00e0ries que coordinen l\u2019acci\u00f3 dels sectors geogr\u00e0fics amb unes funcions semblants a l\u2019Equip de Coordinaci\u00f3, per\u00f2 en l\u2019\u00e0mbit del sector)<\/p>\n<p><span style=\"font-weight: 400;\">En aquesta votaci\u00f3, que es va fer a trav\u00e9s d&#8217;Anonymous Doodle, hi van participar 8 dels 9 esplais actius i tots els vots van ser a favor de l\u2019entrada d\u2019en Pol a l\u2019equip.\u00a0<\/span><\/p>\n<p><span style=\"font-weight: 400;\">En Pol s\u2019ha presentat als esplais de la seg\u00fcent manera:<\/span><\/p>\n<p><em><span style=\"font-weight: 400;\">\u201cCal seguir cuidant (el sector) plegades. I de raons per fer-ho en tenim moltes: recordeu els bons moments que hem passat organitzant i fent les DUDI\u2019s (Dia Universal dels Drets dels Infants), les trobades d\u2019infants i joves o les trobades de monis? Algun dia (esperem que el curs vinent ) podrem reprendre-les i podrem tornar a demostrar la for\u00e7a que tenim al Baixllu per tirar endavant el que ens proposem i de transformar el m\u00f3n en un lloc una mica m\u00e9s maco i amable per a tothom.<\/span><\/em><\/p>\n<p><em><span style=\"font-weight: 400;\">\u00c9s per aix\u00f2 que vull formar part de l\u2019EGS, per poder seguir treballant d\u2019una altra manera (&#8230;) per enfortir el sector, per continuar fent del sector un lloc on recolzar-nos quan les coses no van tan b\u00e9 com ens agradaria i on poder compartir tot all\u00f2 que necessitem compartir, a m\u00e9s de portar la veu del Baixllu a Esplac\u201d.\u00a0<\/span><\/em><\/p>\n<p><span style=\"font-weight: 400;\">Ara tenim nou membre a l&#8217;Equip General de Sector, per\u00f2 seguim fent difusi\u00f3 per tal de trobar noves membres i vetllar pel relleu de les representants del sector!<\/span><\/p>\n<p><b>Vols formar part de l\u2019EGS del Baix Llobregat? <\/b><span style=\"font-weight: 400;\">Escriu-nos a <\/span><span style=\"color: #ff9900;\"><a style=\"color: #ff9900;\" href=\"mailto:egs.baixllobregat@esplac.cat\"><span style=\"font-weight: 400;\">egs.baixllobregat@esplac.cat<\/span><\/a><\/span><span style=\"font-weight: 400;\"> i et donarem tota la informaci\u00f3 que necessitis. <\/span><\/p>\n","protected":false},"excerpt":{"rendered":"<p>El passat dijous 18 d&#8217;abril es va aprovar l&#8217;entrada d&#8217;un [&hellip;]<\/p>\n","protected":false},"author":3,"featured_media":36005,"comment_status":"closed","ping_status":"closed","sticky":false,"template":"","format":"standard","meta":{"om_disable_all_campaigns":false,"_monsterinsights_skip_tracking":false,"_monsterinsights_sitenote_active":false,"_monsterinsights_sitenote_note":"","_monsterinsights_sitenote_category":0,"_uf_show_specific_survey":0,"_uf_disable_surveys":false,"footnotes":""},"categories":[1124],"tags":[],"class_list":["post-36003","post","type-post","status-publish","format-standard","has-post-thumbnail","hentry","category-sector-baix-llobregat"],"yoast_head":"<!-- This site is optimized with the Yoast SEO plugin v27.5 - https:\/\/yoast.com\/product\/yoast-seo-wordpress\/ -->\n<title>Ja som 3 persones a l\u2019EGS del Baix Llobregat! - Esplac<\/title>\n<meta name=\"robots\" content=\"index, follow, max-snippet:-1, max-image-preview:large, max-video-preview:-1\" \/>\n<link rel=\"canonical\" href=\"https:\/\/www.esplac.cat\/3-persones-egs-baix-llobregat\/\" \/>\n<meta property=\"og:locale\" content=\"en_US\" \/>\n<meta property=\"og:type\" content=\"article\" \/>\n<meta property=\"og:title\" content=\"Ja som 3 persones a l\u2019EGS del Baix Llobregat! - Esplac\" \/>\n<meta property=\"og:description\" content=\"El passat dijous 18 d&#8217;abril es va aprovar l&#8217;entrada d&#8217;un [&hellip;]\" \/>\n<meta property=\"og:url\" content=\"https:\/\/www.esplac.cat\/3-persones-egs-baix-llobregat\/\" \/>\n<meta property=\"og:site_name\" content=\"Esplac\" \/>\n<meta property=\"article:published_time\" content=\"2021-04-28T10:47:15+00:00\" \/>\n<meta property=\"article:modified_time\" content=\"2021-04-28T12:07:18+00:00\" \/>\n<meta property=\"og:image\" content=\"https:\/\/www.esplac.cat\/wp-content\/uploads\/2021\/04\/BaixLlobregat_EGS.jpg\" \/>\n\t<meta property=\"og:image:width\" content=\"1697\" \/>\n\t<meta property=\"og:image:height\" content=\"700\" \/>\n\t<meta property=\"og:image:type\" content=\"image\/jpeg\" \/>\n<meta name=\"author\" content=\"Comunicaci\u00f3 Esplac\" \/>\n<meta name=\"twitter:card\" content=\"summary_large_image\" \/>\n<meta name=\"twitter:label1\" content=\"Written by\" \/>\n\t<meta name=\"twitter:data1\" content=\"Comunicaci\u00f3 Esplac\" \/>\n\t<meta name=\"twitter:label2\" content=\"Est. reading time\" \/>\n\t<meta name=\"twitter:data2\" content=\"2 minutes\" \/>\n<script type=\"application\/ld+json\" class=\"yoast-schema-graph\">{\"@context\":\"https:\\\/\\\/schema.org\",\"@graph\":[{\"@type\":\"Article\",\"@id\":\"https:\\\/\\\/www.esplac.cat\\\/3-persones-egs-baix-llobregat\\\/#article\",\"isPartOf\":{\"@id\":\"https:\\\/\\\/www.esplac.cat\\\/3-persones-egs-baix-llobregat\\\/\"},\"author\":{\"name\":\"Comunicaci\u00f3 Esplac\",\"@id\":\"https:\\\/\\\/www.esplac.cat\\\/#\\\/schema\\\/person\\\/908383cf240be18b68f8855d0583faca\"},\"headline\":\"Ja som 3 persones a l\u2019EGS del Baix Llobregat!\",\"datePublished\":\"2021-04-28T10:47:15+00:00\",\"dateModified\":\"2021-04-28T12:07:18+00:00\",\"mainEntityOfPage\":{\"@id\":\"https:\\\/\\\/www.esplac.cat\\\/3-persones-egs-baix-llobregat\\\/\"},\"wordCount\":371,\"publisher\":{\"@id\":\"https:\\\/\\\/www.esplac.cat\\\/#organization\"},\"image\":{\"@id\":\"https:\\\/\\\/www.esplac.cat\\\/3-persones-egs-baix-llobregat\\\/#primaryimage\"},\"thumbnailUrl\":\"https:\\\/\\\/www.esplac.cat\\\/wp-content\\\/uploads\\\/2021\\\/04\\\/BaixLlobregat_EGS.jpg\",\"articleSection\":[\"Sector Baix Llobregat\"],\"inLanguage\":\"en-US\"},{\"@type\":\"WebPage\",\"@id\":\"https:\\\/\\\/www.esplac.cat\\\/3-persones-egs-baix-llobregat\\\/\",\"url\":\"https:\\\/\\\/www.esplac.cat\\\/3-persones-egs-baix-llobregat\\\/\",\"name\":\"Ja som 3 persones a l\u2019EGS del Baix Llobregat! - Esplac\",\"isPartOf\":{\"@id\":\"https:\\\/\\\/www.esplac.cat\\\/#website\"},\"primaryImageOfPage\":{\"@id\":\"https:\\\/\\\/www.esplac.cat\\\/3-persones-egs-baix-llobregat\\\/#primaryimage\"},\"image\":{\"@id\":\"https:\\\/\\\/www.esplac.cat\\\/3-persones-egs-baix-llobregat\\\/#primaryimage\"},\"thumbnailUrl\":\"https:\\\/\\\/www.esplac.cat\\\/wp-content\\\/uploads\\\/2021\\\/04\\\/BaixLlobregat_EGS.jpg\",\"datePublished\":\"2021-04-28T10:47:15+00:00\",\"dateModified\":\"2021-04-28T12:07:18+00:00\",\"breadcrumb\":{\"@id\":\"https:\\\/\\\/www.esplac.cat\\\/3-persones-egs-baix-llobregat\\\/#breadcrumb\"},\"inLanguage\":\"en-US\",\"potentialAction\":[{\"@type\":\"ReadAction\",\"target\":[\"https:\\\/\\\/www.esplac.cat\\\/3-persones-egs-baix-llobregat\\\/\"]}]},{\"@type\":\"ImageObject\",\"inLanguage\":\"en-US\",\"@id\":\"https:\\\/\\\/www.esplac.cat\\\/3-persones-egs-baix-llobregat\\\/#primaryimage\",\"url\":\"https:\\\/\\\/www.esplac.cat\\\/wp-content\\\/uploads\\\/2021\\\/04\\\/BaixLlobregat_EGS.jpg\",\"contentUrl\":\"https:\\\/\\\/www.esplac.cat\\\/wp-content\\\/uploads\\\/2021\\\/04\\\/BaixLlobregat_EGS.jpg\",\"width\":1697,\"height\":700,\"caption\":\"Nou membre EGS\"},{\"@type\":\"BreadcrumbList\",\"@id\":\"https:\\\/\\\/www.esplac.cat\\\/3-persones-egs-baix-llobregat\\\/#breadcrumb\",\"itemListElement\":[{\"@type\":\"ListItem\",\"position\":1,\"name\":\"Inici\",\"item\":\"https:\\\/\\\/www.esplac.cat\\\/en\\\/\"},{\"@type\":\"ListItem\",\"position\":2,\"name\":\"Ja som 3 persones a l\u2019EGS del Baix Llobregat!\"}]},{\"@type\":\"WebSite\",\"@id\":\"https:\\\/\\\/www.esplac.cat\\\/#website\",\"url\":\"https:\\\/\\\/www.esplac.cat\\\/\",\"name\":\"Esplac\",\"description\":\"Esplais Catalans\",\"publisher\":{\"@id\":\"https:\\\/\\\/www.esplac.cat\\\/#organization\"},\"potentialAction\":[{\"@type\":\"SearchAction\",\"target\":{\"@type\":\"EntryPoint\",\"urlTemplate\":\"https:\\\/\\\/www.esplac.cat\\\/?s={search_term_string}\"},\"query-input\":{\"@type\":\"PropertyValueSpecification\",\"valueRequired\":true,\"valueName\":\"search_term_string\"}}],\"inLanguage\":\"en-US\"},{\"@type\":\"Organization\",\"@id\":\"https:\\\/\\\/www.esplac.cat\\\/#organization\",\"name\":\"Esplac\",\"url\":\"https:\\\/\\\/www.esplac.cat\\\/\",\"logo\":{\"@type\":\"ImageObject\",\"inLanguage\":\"en-US\",\"@id\":\"https:\\\/\\\/www.esplac.cat\\\/#\\\/schema\\\/logo\\\/image\\\/\",\"url\":\"https:\\\/\\\/www.esplac.cat\\\/wp-content\\\/uploads\\\/2019\\\/08\\\/logox2.png\",\"contentUrl\":\"https:\\\/\\\/www.esplac.cat\\\/wp-content\\\/uploads\\\/2019\\\/08\\\/logox2.png\",\"width\":600,\"height\":295,\"caption\":\"Esplac\"},\"image\":{\"@id\":\"https:\\\/\\\/www.esplac.cat\\\/#\\\/schema\\\/logo\\\/image\\\/\"}},{\"@type\":\"Person\",\"@id\":\"https:\\\/\\\/www.esplac.cat\\\/#\\\/schema\\\/person\\\/908383cf240be18b68f8855d0583faca\",\"name\":\"Comunicaci\u00f3 Esplac\",\"image\":{\"@type\":\"ImageObject\",\"inLanguage\":\"en-US\",\"@id\":\"https:\\\/\\\/secure.gravatar.com\\\/avatar\\\/7a4cf8feb412a76ea4a740ca02d95b06b2907b5a6c648c2dd0a1082a093c3141?s=96&d=mm&r=g\",\"url\":\"https:\\\/\\\/secure.gravatar.com\\\/avatar\\\/7a4cf8feb412a76ea4a740ca02d95b06b2907b5a6c648c2dd0a1082a093c3141?s=96&d=mm&r=g\",\"contentUrl\":\"https:\\\/\\\/secure.gravatar.com\\\/avatar\\\/7a4cf8feb412a76ea4a740ca02d95b06b2907b5a6c648c2dd0a1082a093c3141?s=96&d=mm&r=g\",\"caption\":\"Comunicaci\u00f3 Esplac\"}}]}<\/script>\n<!-- \/ Yoast SEO plugin. -->","yoast_head_json":{"title":"Ja som 3 persones a l\u2019EGS del Baix Llobregat! - Esplac","robots":{"index":"index","follow":"follow","max-snippet":"max-snippet:-1","max-image-preview":"max-image-preview:large","max-video-preview":"max-video-preview:-1"},"canonical":"https:\/\/www.esplac.cat\/3-persones-egs-baix-llobregat\/","og_locale":"en_US","og_type":"article","og_title":"Ja som 3 persones a l\u2019EGS del Baix Llobregat! - Esplac","og_description":"El passat dijous 18 d&#8217;abril es va aprovar l&#8217;entrada d&#8217;un [&hellip;]","og_url":"https:\/\/www.esplac.cat\/3-persones-egs-baix-llobregat\/","og_site_name":"Esplac","article_published_time":"2021-04-28T10:47:15+00:00","article_modified_time":"2021-04-28T12:07:18+00:00","og_image":[{"width":1697,"height":700,"url":"https:\/\/www.esplac.cat\/wp-content\/uploads\/2021\/04\/BaixLlobregat_EGS.jpg","type":"image\/jpeg"}],"author":"Comunicaci\u00f3 Esplac","twitter_card":"summary_large_image","twitter_misc":{"Written by":"Comunicaci\u00f3 Esplac","Est. reading time":"2 minutes"},"schema":{"@context":"https:\/\/schema.org","@graph":[{"@type":"Article","@id":"https:\/\/www.esplac.cat\/3-persones-egs-baix-llobregat\/#article","isPartOf":{"@id":"https:\/\/www.esplac.cat\/3-persones-egs-baix-llobregat\/"},"author":{"name":"Comunicaci\u00f3 Esplac","@id":"https:\/\/www.esplac.cat\/#\/schema\/person\/908383cf240be18b68f8855d0583faca"},"headline":"Ja som 3 persones a l\u2019EGS del Baix Llobregat!","datePublished":"2021-04-28T10:47:15+00:00","dateModified":"2021-04-28T12:07:18+00:00","mainEntityOfPage":{"@id":"https:\/\/www.esplac.cat\/3-persones-egs-baix-llobregat\/"},"wordCount":371,"publisher":{"@id":"https:\/\/www.esplac.cat\/#organization"},"image":{"@id":"https:\/\/www.esplac.cat\/3-persones-egs-baix-llobregat\/#primaryimage"},"thumbnailUrl":"https:\/\/www.esplac.cat\/wp-content\/uploads\/2021\/04\/BaixLlobregat_EGS.jpg","articleSection":["Sector Baix Llobregat"],"inLanguage":"en-US"},{"@type":"WebPage","@id":"https:\/\/www.esplac.cat\/3-persones-egs-baix-llobregat\/","url":"https:\/\/www.esplac.cat\/3-persones-egs-baix-llobregat\/","name":"Ja som 3 persones a l\u2019EGS del Baix Llobregat! - Esplac","isPartOf":{"@id":"https:\/\/www.esplac.cat\/#website"},"primaryImageOfPage":{"@id":"https:\/\/www.esplac.cat\/3-persones-egs-baix-llobregat\/#primaryimage"},"image":{"@id":"https:\/\/www.esplac.cat\/3-persones-egs-baix-llobregat\/#primaryimage"},"thumbnailUrl":"https:\/\/www.esplac.cat\/wp-content\/uploads\/2021\/04\/BaixLlobregat_EGS.jpg","datePublished":"2021-04-28T10:47:15+00:00","dateModified":"2021-04-28T12:07:18+00:00","breadcrumb":{"@id":"https:\/\/www.esplac.cat\/3-persones-egs-baix-llobregat\/#breadcrumb"},"inLanguage":"en-US","potentialAction":[{"@type":"ReadAction","target":["https:\/\/www.esplac.cat\/3-persones-egs-baix-llobregat\/"]}]},{"@type":"ImageObject","inLanguage":"en-US","@id":"https:\/\/www.esplac.cat\/3-persones-egs-baix-llobregat\/#primaryimage","url":"https:\/\/www.esplac.cat\/wp-content\/uploads\/2021\/04\/BaixLlobregat_EGS.jpg","contentUrl":"https:\/\/www.esplac.cat\/wp-content\/uploads\/2021\/04\/BaixLlobregat_EGS.jpg","width":1697,"height":700,"caption":"Nou membre EGS"},{"@type":"BreadcrumbList","@id":"https:\/\/www.esplac.cat\/3-persones-egs-baix-llobregat\/#breadcrumb","itemListElement":[{"@type":"ListItem","position":1,"name":"Inici","item":"https:\/\/www.esplac.cat\/en\/"},{"@type":"ListItem","position":2,"name":"Ja som 3 persones a l\u2019EGS del Baix Llobregat!"}]},{"@type":"WebSite","@id":"https:\/\/www.esplac.cat\/#website","url":"https:\/\/www.esplac.cat\/","name":"Esplac","description":"Esplais Catalans","publisher":{"@id":"https:\/\/www.esplac.cat\/#organization"},"potentialAction":[{"@type":"SearchAction","target":{"@type":"EntryPoint","urlTemplate":"https:\/\/www.esplac.cat\/?s={search_term_string}"},"query-input":{"@type":"PropertyValueSpecification","valueRequired":true,"valueName":"search_term_string"}}],"inLanguage":"en-US"},{"@type":"Organization","@id":"https:\/\/www.esplac.cat\/#organization","name":"Esplac","url":"https:\/\/www.esplac.cat\/","logo":{"@type":"ImageObject","inLanguage":"en-US","@id":"https:\/\/www.esplac.cat\/#\/schema\/logo\/image\/","url":"https:\/\/www.esplac.cat\/wp-content\/uploads\/2019\/08\/logox2.png","contentUrl":"https:\/\/www.esplac.cat\/wp-content\/uploads\/2019\/08\/logox2.png","width":600,"height":295,"caption":"Esplac"},"image":{"@id":"https:\/\/www.esplac.cat\/#\/schema\/logo\/image\/"}},{"@type":"Person","@id":"https:\/\/www.esplac.cat\/#\/schema\/person\/908383cf240be18b68f8855d0583faca","name":"Comunicaci\u00f3 Esplac","image":{"@type":"ImageObject","inLanguage":"en-US","@id":"https:\/\/secure.gravatar.com\/avatar\/7a4cf8feb412a76ea4a740ca02d95b06b2907b5a6c648c2dd0a1082a093c3141?s=96&d=mm&r=g","url":"https:\/\/secure.gravatar.com\/avatar\/7a4cf8feb412a76ea4a740ca02d95b06b2907b5a6c648c2dd0a1082a093c3141?s=96&d=mm&r=g","contentUrl":"https:\/\/secure.gravatar.com\/avatar\/7a4cf8feb412a76ea4a740ca02d95b06b2907b5a6c648c2dd0a1082a093c3141?s=96&d=mm&r=g","caption":"Comunicaci\u00f3 Esplac"}}]}},"_links":{"self":[{"href":"https:\/\/www.esplac.cat\/en\/wp-json\/wp\/v2\/posts\/36003","targetHints":{"allow":["GET"]}}],"collection":[{"href":"https:\/\/www.esplac.cat\/en\/wp-json\/wp\/v2\/posts"}],"about":[{"href":"https:\/\/www.esplac.cat\/en\/wp-json\/wp\/v2\/types\/post"}],"author":[{"embeddable":true,"href":"https:\/\/www.esplac.cat\/en\/wp-json\/wp\/v2\/users\/3"}],"replies":[{"embeddable":true,"href":"https:\/\/www.esplac.cat\/en\/wp-json\/wp\/v2\/comments?post=36003"}],"version-history":[{"count":0,"href":"https:\/\/www.esplac.cat\/en\/wp-json\/wp\/v2\/posts\/36003\/revisions"}],"wp:featuredmedia":[{"embeddable":true,"href":"https:\/\/www.esplac.cat\/en\/wp-json\/wp\/v2\/media\/36005"}],"wp:attachment":[{"href":"https:\/\/www.esplac.cat\/en\/wp-json\/wp\/v2\/media?parent=36003"}],"wp:term":[{"taxonomy":"category","embeddable":true,"href":"https:\/\/www.esplac.cat\/en\/wp-json\/wp\/v2\/categories?post=36003"},{"taxonomy":"post_tag","embeddable":true,"href":"https:\/\/www.esplac.cat\/en\/wp-json\/wp\/v2\/tags?post=36003"}],"curies":[{"name":"wp","href":"https:\/\/api.w.org\/{rel}","templated":true}]}}