{"id":36199,"date":"2021-05-17T11:25:53","date_gmt":"2021-05-17T10:25:53","guid":{"rendered":"https:\/\/www.esplac.cat\/?p=36199"},"modified":"2021-05-17T12:18:26","modified_gmt":"2021-05-17T11:18:26","slug":"training-course-saifores","status":"publish","type":"post","link":"https:\/\/www.esplac.cat\/en\/training-course-saifores\/","title":{"rendered":"De l&#8217;1 al 8 d&#8217;agost&#8230; Training Course a Saifores!"},"content":{"rendered":"<h6><strong>Aquest dimecres 19 de maig s&#8217;obren les inscripcions pel Training Course, l&#8217;activitat internacional per compartir una setmana de formaci\u00f3 amb entitats d&#8217;educaci\u00f3 no formal d&#8217;\u00c0ustria, el Regne Unit, Palestina i It\u00e0lia.\u00a0<\/strong><\/h6>\n<p>El Training Course \u00e9s una activitat d&#8217;<span style=\"color: #ff9900;\"><a style=\"color: #ff9900;\" href=\"http:\/\/www.esplac.cat\/internacional\" target=\"_blank\" rel=\"noopener noreferrer\">intercanvi internacional<\/a><\/span> que organitza Esplac juntament amb l&#8217;<span style=\"color: #ff9900;\"><a style=\"color: #ff9900;\" href=\"https:\/\/escolaelsol.coop\/\" target=\"_blank\" rel=\"noopener noreferrer\">Escola Lliure el Sol<\/a><\/span>, dins el marc <span style=\"color: #ff9900;\"><a style=\"color: #ff9900;\" href=\"https:\/\/ec.europa.eu\/programmes\/erasmus-plus\/node_es\" target=\"_blank\" rel=\"noopener noreferrer\">Erasmus+<\/a><\/span>. Hi participen altres associacions d&#8217;educaci\u00f3 no formal d&#8217;<strong>\u00c0ustria<\/strong>, el <strong>Regne Unit<\/strong>, <strong>Palestina<\/strong> i <strong>It\u00e0lia<\/strong> (a l&#8217;espera de trobar un nou partner). 35 joves d&#8217;aquests pa\u00efsos, incloent Catalunya, compartiran casa durant una setmana en aquest seminari de formaci\u00f3.<br \/>\nL&#8217;intercanvi i formaci\u00f3 es dur\u00e0 a terme <strong>de l&#8217;1 al 8 d&#8217;Agost a Cal Mata, Saifores<\/strong>; on les participants compartiran casa amb monis que estan fent els cursos Marta Mata. A m\u00e9s a m\u00e9s, hi haur\u00e0 una <strong>trobada pr\u00e8via de preparaci\u00f3 el 19 i 20 de Juny en format telem\u00e0tic<\/strong>, per tal de con\u00e8ixer les altres entitats i poder construir conjuntament l&#8217;intercanvi.<\/p>\n<p><strong>Objectius:<\/strong><\/p>\n<p>Debatre i intercanviar experi\u00e8ncies per a construir noves formes d&#8217;implicaci\u00f3 i participaci\u00f3 en les associacions d&#8217;educaci\u00f3 no formal.<br \/>\nInvolucrar els i les joves per promoure una societat m\u00e9s inclusiva i justa.<br \/>\nReflexionar sobre els processos de formaci\u00f3 de joves partint de la pr\u00f2pia experi\u00e8ncia, realitat i entorn<\/p>\n<p><strong>Qui busquem?<\/strong><\/p>\n<ul>\n<li>4 monis o pre-monis d&#8217;entre 16 i 26 anys<\/li>\n<li>1 moni de m\u00e9s de 18 anys que sigui el referent del grup<\/li>\n<\/ul>\n<p><strong>Requisits per participar:<\/strong><\/p>\n<ul>\n<li>Ser membre actiu d&#8217;Esplac<\/li>\n<li>Capacitat per comunicar-se en angl\u00e8s (ser\u00e0 l&#8217;idioma de treball)<\/li>\n<li>Complir amb l&#8217;edat demanada<\/li>\n<\/ul>\n<p><strong>Preu<\/strong><br \/>\nQuota de 40\u20ac (inclou allotjament, \u00e0pats, transport i tot el necessari per participar del training)<\/p>\n<p><strong>Inscripcions<\/strong><\/p>\n<p>A partir de dimecres 19 de maig, a trav\u00e9s de l&#8217;Era.<\/p>\n<p>Per a m\u00e9s informaci\u00f3, podeu enviar un correu a internacional@esplac.cat.<\/p>\n<p>&nbsp;<\/p>\n<p><img decoding=\"async\" class=\"aligncenter wp-image-36223 \" src=\"https:\/\/www.esplac.cat\/wp-content\/uploads\/2021\/05\/saifores_traingingcourse.jpeg\" alt=\"training course cartell\" width=\"547\" height=\"774\" srcset=\"https:\/\/www.esplac.cat\/wp-content\/uploads\/2021\/05\/saifores_traingingcourse-200x283.jpeg 200w, https:\/\/www.esplac.cat\/wp-content\/uploads\/2021\/05\/saifores_traingingcourse-212x300.jpeg 212w, https:\/\/www.esplac.cat\/wp-content\/uploads\/2021\/05\/saifores_traingingcourse-400x566.jpeg 400w, https:\/\/www.esplac.cat\/wp-content\/uploads\/2021\/05\/saifores_traingingcourse-600x850.jpeg 600w, https:\/\/www.esplac.cat\/wp-content\/uploads\/2021\/05\/saifores_traingingcourse-723x1024.jpeg 723w, https:\/\/www.esplac.cat\/wp-content\/uploads\/2021\/05\/saifores_traingingcourse-768x1087.jpeg 768w, https:\/\/www.esplac.cat\/wp-content\/uploads\/2021\/05\/saifores_traingingcourse-800x1133.jpeg 800w, https:\/\/www.esplac.cat\/wp-content\/uploads\/2021\/05\/saifores_traingingcourse-1085x1536.jpeg 1085w, https:\/\/www.esplac.cat\/wp-content\/uploads\/2021\/05\/saifores_traingingcourse.jpeg 1130w\" sizes=\"(max-width: 547px) 100vw, 547px\" \/><\/p>\n","protected":false},"excerpt":{"rendered":"<p>Aquest dimecres 19 de maig s&#8217;obren les inscripcions pel Training [&hellip;]<\/p>\n","protected":false},"author":3,"featured_media":36220,"comment_status":"closed","ping_status":"closed","sticky":false,"template":"","format":"standard","meta":{"om_disable_all_campaigns":false,"_monsterinsights_skip_tracking":false,"_monsterinsights_sitenote_active":false,"_monsterinsights_sitenote_note":"","_monsterinsights_sitenote_category":0,"_uf_show_specific_survey":0,"_uf_disable_surveys":false,"footnotes":""},"categories":[1112],"tags":[],"class_list":["post-36199","post","type-post","status-publish","format-standard","has-post-thumbnail","hentry","category-esplac-al-mon"],"yoast_head":"<!-- This site is optimized with the Yoast SEO plugin v27.5 - https:\/\/yoast.com\/product\/yoast-seo-wordpress\/ -->\n<title>De l&#039;1 al 8 d&#039;agost... Training Course a Saifores! - Esplac<\/title>\n<meta name=\"description\" content=\"Training Course a Saifores, l&#039;activitat internacional per compartir una setmana de formaci\u00f3 amb entitats d&#039;\u00c0ustria, Regne Unit, Palestina i It\u00e0lia.\u00a0\" \/>\n<meta name=\"robots\" content=\"index, follow, max-snippet:-1, max-image-preview:large, max-video-preview:-1\" \/>\n<link rel=\"canonical\" href=\"https:\/\/www.esplac.cat\/training-course-saifores\/\" \/>\n<meta property=\"og:locale\" content=\"en_US\" \/>\n<meta property=\"og:type\" content=\"article\" \/>\n<meta property=\"og:title\" content=\"De l&#039;1 al 8 d&#039;agost... Training Course a Saifores! - Esplac\" \/>\n<meta property=\"og:description\" content=\"Training Course a Saifores, l&#039;activitat internacional per compartir una setmana de formaci\u00f3 amb entitats d&#039;\u00c0ustria, Regne Unit, Palestina i It\u00e0lia.\u00a0\" \/>\n<meta property=\"og:url\" content=\"https:\/\/www.esplac.cat\/training-course-saifores\/\" \/>\n<meta property=\"og:site_name\" content=\"Esplac\" \/>\n<meta property=\"article:published_time\" content=\"2021-05-17T10:25:53+00:00\" \/>\n<meta property=\"article:modified_time\" content=\"2021-05-17T11:18:26+00:00\" \/>\n<meta property=\"og:image\" content=\"https:\/\/www.esplac.cat\/wp-content\/uploads\/2021\/05\/trainingcourse.jpg\" \/>\n\t<meta property=\"og:image:width\" content=\"1697\" \/>\n\t<meta property=\"og:image:height\" content=\"700\" \/>\n\t<meta property=\"og:image:type\" content=\"image\/jpeg\" \/>\n<meta name=\"author\" content=\"Comunicaci\u00f3 Esplac\" \/>\n<meta name=\"twitter:card\" content=\"summary_large_image\" \/>\n<meta name=\"twitter:label1\" content=\"Written by\" \/>\n\t<meta name=\"twitter:data1\" content=\"Comunicaci\u00f3 Esplac\" \/>\n\t<meta name=\"twitter:label2\" content=\"Est. reading time\" \/>\n\t<meta name=\"twitter:data2\" content=\"1 minute\" \/>\n<script type=\"application\/ld+json\" class=\"yoast-schema-graph\">{\"@context\":\"https:\\\/\\\/schema.org\",\"@graph\":[{\"@type\":\"Article\",\"@id\":\"https:\\\/\\\/www.esplac.cat\\\/training-course-saifores\\\/#article\",\"isPartOf\":{\"@id\":\"https:\\\/\\\/www.esplac.cat\\\/training-course-saifores\\\/\"},\"author\":{\"name\":\"Comunicaci\u00f3 Esplac\",\"@id\":\"https:\\\/\\\/www.esplac.cat\\\/#\\\/schema\\\/person\\\/908383cf240be18b68f8855d0583faca\"},\"headline\":\"De l&#8217;1 al 8 d&#8217;agost&#8230; Training Course a Saifores!\",\"datePublished\":\"2021-05-17T10:25:53+00:00\",\"dateModified\":\"2021-05-17T11:18:26+00:00\",\"mainEntityOfPage\":{\"@id\":\"https:\\\/\\\/www.esplac.cat\\\/training-course-saifores\\\/\"},\"wordCount\":317,\"publisher\":{\"@id\":\"https:\\\/\\\/www.esplac.cat\\\/#organization\"},\"image\":{\"@id\":\"https:\\\/\\\/www.esplac.cat\\\/training-course-saifores\\\/#primaryimage\"},\"thumbnailUrl\":\"https:\\\/\\\/www.esplac.cat\\\/wp-content\\\/uploads\\\/2021\\\/05\\\/trainingcourse.jpg\",\"articleSection\":[\"Esplac al m\u00f3n\"],\"inLanguage\":\"en-US\"},{\"@type\":\"WebPage\",\"@id\":\"https:\\\/\\\/www.esplac.cat\\\/training-course-saifores\\\/\",\"url\":\"https:\\\/\\\/www.esplac.cat\\\/training-course-saifores\\\/\",\"name\":\"De l'1 al 8 d'agost... Training Course a Saifores! - Esplac\",\"isPartOf\":{\"@id\":\"https:\\\/\\\/www.esplac.cat\\\/#website\"},\"primaryImageOfPage\":{\"@id\":\"https:\\\/\\\/www.esplac.cat\\\/training-course-saifores\\\/#primaryimage\"},\"image\":{\"@id\":\"https:\\\/\\\/www.esplac.cat\\\/training-course-saifores\\\/#primaryimage\"},\"thumbnailUrl\":\"https:\\\/\\\/www.esplac.cat\\\/wp-content\\\/uploads\\\/2021\\\/05\\\/trainingcourse.jpg\",\"datePublished\":\"2021-05-17T10:25:53+00:00\",\"dateModified\":\"2021-05-17T11:18:26+00:00\",\"description\":\"Training Course a Saifores, l'activitat internacional per compartir una setmana de formaci\u00f3 amb entitats d'\u00c0ustria, Regne Unit, Palestina i It\u00e0lia.\u00a0\",\"breadcrumb\":{\"@id\":\"https:\\\/\\\/www.esplac.cat\\\/training-course-saifores\\\/#breadcrumb\"},\"inLanguage\":\"en-US\",\"potentialAction\":[{\"@type\":\"ReadAction\",\"target\":[\"https:\\\/\\\/www.esplac.cat\\\/training-course-saifores\\\/\"]}]},{\"@type\":\"ImageObject\",\"inLanguage\":\"en-US\",\"@id\":\"https:\\\/\\\/www.esplac.cat\\\/training-course-saifores\\\/#primaryimage\",\"url\":\"https:\\\/\\\/www.esplac.cat\\\/wp-content\\\/uploads\\\/2021\\\/05\\\/trainingcourse.jpg\",\"contentUrl\":\"https:\\\/\\\/www.esplac.cat\\\/wp-content\\\/uploads\\\/2021\\\/05\\\/trainingcourse.jpg\",\"width\":1697,\"height\":700,\"caption\":\"Training course saifores\"},{\"@type\":\"BreadcrumbList\",\"@id\":\"https:\\\/\\\/www.esplac.cat\\\/training-course-saifores\\\/#breadcrumb\",\"itemListElement\":[{\"@type\":\"ListItem\",\"position\":1,\"name\":\"Inici\",\"item\":\"https:\\\/\\\/www.esplac.cat\\\/en\\\/\"},{\"@type\":\"ListItem\",\"position\":2,\"name\":\"De l&#8217;1 al 8 d&#8217;agost&#8230; Training Course a Saifores!\"}]},{\"@type\":\"WebSite\",\"@id\":\"https:\\\/\\\/www.esplac.cat\\\/#website\",\"url\":\"https:\\\/\\\/www.esplac.cat\\\/\",\"name\":\"Esplac\",\"description\":\"Esplais Catalans\",\"publisher\":{\"@id\":\"https:\\\/\\\/www.esplac.cat\\\/#organization\"},\"potentialAction\":[{\"@type\":\"SearchAction\",\"target\":{\"@type\":\"EntryPoint\",\"urlTemplate\":\"https:\\\/\\\/www.esplac.cat\\\/?s={search_term_string}\"},\"query-input\":{\"@type\":\"PropertyValueSpecification\",\"valueRequired\":true,\"valueName\":\"search_term_string\"}}],\"inLanguage\":\"en-US\"},{\"@type\":\"Organization\",\"@id\":\"https:\\\/\\\/www.esplac.cat\\\/#organization\",\"name\":\"Esplac\",\"url\":\"https:\\\/\\\/www.esplac.cat\\\/\",\"logo\":{\"@type\":\"ImageObject\",\"inLanguage\":\"en-US\",\"@id\":\"https:\\\/\\\/www.esplac.cat\\\/#\\\/schema\\\/logo\\\/image\\\/\",\"url\":\"https:\\\/\\\/www.esplac.cat\\\/wp-content\\\/uploads\\\/2019\\\/08\\\/logox2.png\",\"contentUrl\":\"https:\\\/\\\/www.esplac.cat\\\/wp-content\\\/uploads\\\/2019\\\/08\\\/logox2.png\",\"width\":600,\"height\":295,\"caption\":\"Esplac\"},\"image\":{\"@id\":\"https:\\\/\\\/www.esplac.cat\\\/#\\\/schema\\\/logo\\\/image\\\/\"}},{\"@type\":\"Person\",\"@id\":\"https:\\\/\\\/www.esplac.cat\\\/#\\\/schema\\\/person\\\/908383cf240be18b68f8855d0583faca\",\"name\":\"Comunicaci\u00f3 Esplac\",\"image\":{\"@type\":\"ImageObject\",\"inLanguage\":\"en-US\",\"@id\":\"https:\\\/\\\/secure.gravatar.com\\\/avatar\\\/7a4cf8feb412a76ea4a740ca02d95b06b2907b5a6c648c2dd0a1082a093c3141?s=96&d=mm&r=g\",\"url\":\"https:\\\/\\\/secure.gravatar.com\\\/avatar\\\/7a4cf8feb412a76ea4a740ca02d95b06b2907b5a6c648c2dd0a1082a093c3141?s=96&d=mm&r=g\",\"contentUrl\":\"https:\\\/\\\/secure.gravatar.com\\\/avatar\\\/7a4cf8feb412a76ea4a740ca02d95b06b2907b5a6c648c2dd0a1082a093c3141?s=96&d=mm&r=g\",\"caption\":\"Comunicaci\u00f3 Esplac\"}}]}<\/script>\n<!-- \/ Yoast SEO plugin. -->","yoast_head_json":{"title":"De l'1 al 8 d'agost... Training Course a Saifores! - Esplac","description":"Training Course a Saifores, l'activitat internacional per compartir una setmana de formaci\u00f3 amb entitats d'\u00c0ustria, Regne Unit, Palestina i It\u00e0lia.\u00a0","robots":{"index":"index","follow":"follow","max-snippet":"max-snippet:-1","max-image-preview":"max-image-preview:large","max-video-preview":"max-video-preview:-1"},"canonical":"https:\/\/www.esplac.cat\/training-course-saifores\/","og_locale":"en_US","og_type":"article","og_title":"De l'1 al 8 d'agost... Training Course a Saifores! - Esplac","og_description":"Training Course a Saifores, l'activitat internacional per compartir una setmana de formaci\u00f3 amb entitats d'\u00c0ustria, Regne Unit, Palestina i It\u00e0lia.\u00a0","og_url":"https:\/\/www.esplac.cat\/training-course-saifores\/","og_site_name":"Esplac","article_published_time":"2021-05-17T10:25:53+00:00","article_modified_time":"2021-05-17T11:18:26+00:00","og_image":[{"width":1697,"height":700,"url":"https:\/\/www.esplac.cat\/wp-content\/uploads\/2021\/05\/trainingcourse.jpg","type":"image\/jpeg"}],"author":"Comunicaci\u00f3 Esplac","twitter_card":"summary_large_image","twitter_misc":{"Written by":"Comunicaci\u00f3 Esplac","Est. reading time":"1 minute"},"schema":{"@context":"https:\/\/schema.org","@graph":[{"@type":"Article","@id":"https:\/\/www.esplac.cat\/training-course-saifores\/#article","isPartOf":{"@id":"https:\/\/www.esplac.cat\/training-course-saifores\/"},"author":{"name":"Comunicaci\u00f3 Esplac","@id":"https:\/\/www.esplac.cat\/#\/schema\/person\/908383cf240be18b68f8855d0583faca"},"headline":"De l&#8217;1 al 8 d&#8217;agost&#8230; Training Course a Saifores!","datePublished":"2021-05-17T10:25:53+00:00","dateModified":"2021-05-17T11:18:26+00:00","mainEntityOfPage":{"@id":"https:\/\/www.esplac.cat\/training-course-saifores\/"},"wordCount":317,"publisher":{"@id":"https:\/\/www.esplac.cat\/#organization"},"image":{"@id":"https:\/\/www.esplac.cat\/training-course-saifores\/#primaryimage"},"thumbnailUrl":"https:\/\/www.esplac.cat\/wp-content\/uploads\/2021\/05\/trainingcourse.jpg","articleSection":["Esplac al m\u00f3n"],"inLanguage":"en-US"},{"@type":"WebPage","@id":"https:\/\/www.esplac.cat\/training-course-saifores\/","url":"https:\/\/www.esplac.cat\/training-course-saifores\/","name":"De l'1 al 8 d'agost... Training Course a Saifores! - Esplac","isPartOf":{"@id":"https:\/\/www.esplac.cat\/#website"},"primaryImageOfPage":{"@id":"https:\/\/www.esplac.cat\/training-course-saifores\/#primaryimage"},"image":{"@id":"https:\/\/www.esplac.cat\/training-course-saifores\/#primaryimage"},"thumbnailUrl":"https:\/\/www.esplac.cat\/wp-content\/uploads\/2021\/05\/trainingcourse.jpg","datePublished":"2021-05-17T10:25:53+00:00","dateModified":"2021-05-17T11:18:26+00:00","description":"Training Course a Saifores, l'activitat internacional per compartir una setmana de formaci\u00f3 amb entitats d'\u00c0ustria, Regne Unit, Palestina i It\u00e0lia.\u00a0","breadcrumb":{"@id":"https:\/\/www.esplac.cat\/training-course-saifores\/#breadcrumb"},"inLanguage":"en-US","potentialAction":[{"@type":"ReadAction","target":["https:\/\/www.esplac.cat\/training-course-saifores\/"]}]},{"@type":"ImageObject","inLanguage":"en-US","@id":"https:\/\/www.esplac.cat\/training-course-saifores\/#primaryimage","url":"https:\/\/www.esplac.cat\/wp-content\/uploads\/2021\/05\/trainingcourse.jpg","contentUrl":"https:\/\/www.esplac.cat\/wp-content\/uploads\/2021\/05\/trainingcourse.jpg","width":1697,"height":700,"caption":"Training course saifores"},{"@type":"BreadcrumbList","@id":"https:\/\/www.esplac.cat\/training-course-saifores\/#breadcrumb","itemListElement":[{"@type":"ListItem","position":1,"name":"Inici","item":"https:\/\/www.esplac.cat\/en\/"},{"@type":"ListItem","position":2,"name":"De l&#8217;1 al 8 d&#8217;agost&#8230; Training Course a Saifores!"}]},{"@type":"WebSite","@id":"https:\/\/www.esplac.cat\/#website","url":"https:\/\/www.esplac.cat\/","name":"Esplac","description":"Esplais Catalans","publisher":{"@id":"https:\/\/www.esplac.cat\/#organization"},"potentialAction":[{"@type":"SearchAction","target":{"@type":"EntryPoint","urlTemplate":"https:\/\/www.esplac.cat\/?s={search_term_string}"},"query-input":{"@type":"PropertyValueSpecification","valueRequired":true,"valueName":"search_term_string"}}],"inLanguage":"en-US"},{"@type":"Organization","@id":"https:\/\/www.esplac.cat\/#organization","name":"Esplac","url":"https:\/\/www.esplac.cat\/","logo":{"@type":"ImageObject","inLanguage":"en-US","@id":"https:\/\/www.esplac.cat\/#\/schema\/logo\/image\/","url":"https:\/\/www.esplac.cat\/wp-content\/uploads\/2019\/08\/logox2.png","contentUrl":"https:\/\/www.esplac.cat\/wp-content\/uploads\/2019\/08\/logox2.png","width":600,"height":295,"caption":"Esplac"},"image":{"@id":"https:\/\/www.esplac.cat\/#\/schema\/logo\/image\/"}},{"@type":"Person","@id":"https:\/\/www.esplac.cat\/#\/schema\/person\/908383cf240be18b68f8855d0583faca","name":"Comunicaci\u00f3 Esplac","image":{"@type":"ImageObject","inLanguage":"en-US","@id":"https:\/\/secure.gravatar.com\/avatar\/7a4cf8feb412a76ea4a740ca02d95b06b2907b5a6c648c2dd0a1082a093c3141?s=96&d=mm&r=g","url":"https:\/\/secure.gravatar.com\/avatar\/7a4cf8feb412a76ea4a740ca02d95b06b2907b5a6c648c2dd0a1082a093c3141?s=96&d=mm&r=g","contentUrl":"https:\/\/secure.gravatar.com\/avatar\/7a4cf8feb412a76ea4a740ca02d95b06b2907b5a6c648c2dd0a1082a093c3141?s=96&d=mm&r=g","caption":"Comunicaci\u00f3 Esplac"}}]}},"_links":{"self":[{"href":"https:\/\/www.esplac.cat\/en\/wp-json\/wp\/v2\/posts\/36199","targetHints":{"allow":["GET"]}}],"collection":[{"href":"https:\/\/www.esplac.cat\/en\/wp-json\/wp\/v2\/posts"}],"about":[{"href":"https:\/\/www.esplac.cat\/en\/wp-json\/wp\/v2\/types\/post"}],"author":[{"embeddable":true,"href":"https:\/\/www.esplac.cat\/en\/wp-json\/wp\/v2\/users\/3"}],"replies":[{"embeddable":true,"href":"https:\/\/www.esplac.cat\/en\/wp-json\/wp\/v2\/comments?post=36199"}],"version-history":[{"count":0,"href":"https:\/\/www.esplac.cat\/en\/wp-json\/wp\/v2\/posts\/36199\/revisions"}],"wp:featuredmedia":[{"embeddable":true,"href":"https:\/\/www.esplac.cat\/en\/wp-json\/wp\/v2\/media\/36220"}],"wp:attachment":[{"href":"https:\/\/www.esplac.cat\/en\/wp-json\/wp\/v2\/media?parent=36199"}],"wp:term":[{"taxonomy":"category","embeddable":true,"href":"https:\/\/www.esplac.cat\/en\/wp-json\/wp\/v2\/categories?post=36199"},{"taxonomy":"post_tag","embeddable":true,"href":"https:\/\/www.esplac.cat\/en\/wp-json\/wp\/v2\/tags?post=36199"}],"curies":[{"name":"wp","href":"https:\/\/api.w.org\/{rel}","templated":true}]}}