{"id":36297,"date":"2021-05-19T10:04:03","date_gmt":"2021-05-19T09:04:03","guid":{"rendered":"https:\/\/www.esplac.cat\/?p=36297"},"modified":"2021-05-19T10:09:18","modified_gmt":"2021-05-19T09:09:18","slug":"jornades-interculturalitat-discrusos-discriminatoris","status":"publish","type":"post","link":"https:\/\/www.esplac.cat\/en\/jornades-interculturalitat-discrusos-discriminatoris\/","title":{"rendered":"II Jornades d&#8217;Interculturalitat per aturar i transformar els discrusos discriminatoris"},"content":{"rendered":"<h6><strong>El passat dissabte 15 de maig va tenir lloc al centre de l\u2019Escola Lliure el Sol la segona edici\u00f3 de les Jornades d\u2019Interculturalitat, altre cop organitzades conjuntament per<span style=\"color: #ff9900;\"> <a style=\"color: #ff9900;\" href=\"http:\/\/espai.casaldejoves.org\/casalsdejoves\/\">Casals de Joves<\/a><\/span>, l\u2019<span style=\"color: #ff9900;\"><a style=\"color: #ff9900;\" href=\"http:\/\/www.escolaelsol.org\/es\/index.htm\">Escola lliure el Sol<\/a><span style=\"color: #000000;\">,<\/span> <a style=\"color: #ff9900;\" href=\"https:\/\/www.ferrerguardia.org\/es\/\">Fundaci\u00f3 Ferrer i Gu\u00e0rdia<\/a><\/span> i <span style=\"color: #ff9900;\"><a style=\"color: #ff9900;\" href=\"https:\/\/www.esplac.cat\/\">Esplais Catalans<\/a><\/span>. Col\u00b7laboraci\u00f3 que va portar el curs passat a la creaci\u00f3 i publicaci\u00f3 del<span style=\"color: #ff9900;\"><a style=\"color: #ff9900;\" href=\"https:\/\/mapadiversitats.esplac.cat\/\"> Mapa d\u2019Entitats<\/a><\/span> i <span style=\"color: #ff9900;\"><a style=\"color: #ff9900;\" href=\"https:\/\/www.esplac.cat\/wp-content\/uploads\/2021\/02\/Trac%CC%A7ant_Vincles.pdf\">Tra\u00e7ant Vincles<\/a>.<\/span><\/strong><\/h6>\n<p><span style=\"font-weight: 400;\">Gr\u00e0cies a la relaxaci\u00f3 de les restriccions a causa de la COVID-19, aquesta edici\u00f3 va poder-se celebrar de manera presencial. En total, hi van participar<\/span> unes <span style=\"font-weight: 400;\">30<\/span><span style=\"font-weight: 400;\">\u00a0persones de diferents sectors del m\u00f3n associatiu, cosa que va permetre connectar diferents visions d\u2019aquest entorn.<\/span><\/p>\n<p><span style=\"font-weight: 400;\">En l\u2019edici\u00f3 anterior, vam comptar amb expertes i experi\u00e8ncies per tal de treballar com esdevenir entitats m\u00e9s diverses i promocionar la interculturalitat en les nostres associacions. Aquest any, les Jornades giraven entorn de <strong>treballar les narratives discriminat\u00f2ries que ens envolten en els espais de lleure<\/strong>.<\/span><\/p>\n<p><span style=\"font-weight: 400;\">Qu\u00e8 \u00e9s una narrativa? Qu\u00e8 s\u00f3n i com funcionen els marcs mentals? Com opera una narrativa discriminat\u00f2ria? Com influeix l\u2019imaginari social o els referents culturals en el nostre di\u00e0leg? L\u2019objectiu d\u2019aquestes jornades doncs, va ser aprendre a detectar narratives discriminat\u00f2ries basades en imaginaris racistes sobre la diversitat cultural i aix\u00ed, aportar estrat\u00e8gies per l\u2019elaboraci\u00f3 de narratives transformadores i anti rumors.\u00a0<\/span><\/p>\n<h6><b>Pon\u00e8ncia inicial: Edoardo Bazzaco<\/b><\/h6>\n<p><span style=\"font-weight: 400;\">Les Jornades van comen\u00e7ar amb la pon\u00e8ncia inicial de <strong>Edoardo Bazzaco de Sos Racisme Catalunya<\/strong>. Soci\u00f2leg i coordinador membre de la direcci\u00f3 de SOS Racisme Catalunya i coordinador de projectes d\u2019\u00e0mbit nacional i europeu sobre delictes i discurs d\u2019odi. La xerrada va girar entorn com les paraules que utilitzem generen marcs interpretatius; quines s\u00f3n les met\u00e0fores que envolten la immigraci\u00f3, com per exemple, la utilitzaci\u00f3 del llenguatge jur\u00eddic i administratiu que porta a la deshumanitzaci\u00f3 de les persones que realitzen processos migratoris o la mirada d&#8217;\u201cexotisme\u201d. Tamb\u00e9 es va parlar de la necessitat de revisar les nostres narratives buscant no refor\u00e7ar mecanismes discriminatoris, utilitzant el pensament cr\u00edtic. Finalment es van compartir recursos.\u00a0<\/span><\/p>\n<h6><b>Espai d\u2019experi\u00e8ncies per aterrar la teoria<\/b><\/h6>\n<p><span style=\"font-weight: 400;\">Tot seguit, despr\u00e9s de la pon\u00e8ncia inicial, les participants es van dividir en 2 grups els quals van poder escoltar i participar en diferents experi\u00e8ncies de diversos col\u00b7lectius:<\/span><\/p>\n<ul>\n<li style=\"font-weight: 400;\" aria-level=\"1\"><span style=\"font-weight: 400;\">L\u2019\u00c0lvaro Ram\u00edrez i la Maria Creixell de <\/span><b>Caravana Obrint Fronteres<\/b><span style=\"font-weight: 400;\">, node catal\u00e0 d&#8217;una xarxa estatal formada per diferents organitzacions i col\u00b7lectius que treballen per a denunciar vulneracions de drets en zones frontereres, i reivindicar el dret a la llibertat de moviment de totes les persones. Van explicar-nos el seu projecte i com aquest pret\u00e9n atacar a les causes estructurals del racisme institucional.\u00a0<\/span><\/li>\n<li style=\"font-weight: 400;\" aria-level=\"1\"><span style=\"font-weight: 400;\">La Sara Montesinos i en Mart\u00ed Albesa de l\u2019<\/span><b>Ag\u00e8ncia Talaia<\/b><span style=\"font-weight: 400;\">, ag\u00e8ncia de comunicaci\u00f3 que ens va presentar el documental: 18+1, una s\u00e8rie que d\u00f3na veu als joves migrants.\u00a0<\/span><\/li>\n<li style=\"font-weight: 400;\" aria-level=\"1\"><span style=\"font-weight: 400;\">La Rabha Et taouil Cherkaoui, la Samah Asttaf Kadili i la Chlo\u00eb Natalie Sarah FitzGerald de <\/span><b>(Re)Acciona<\/b><span style=\"font-weight: 400;\">, grup de treball antiracista de les Terres de l&#8217;Ebre, van explicar-nos a trav\u00e9s de quines accions donen visibilitat a les situacions discriminat\u00f2ries i quines estrat\u00e8gies fan servir per deconstruir els discursos discriminatoris en espais com les escoles, centres esportius, entre d\u2019altres.<\/span><\/li>\n<li style=\"font-weight: 400;\" aria-level=\"1\"><span style=\"font-weight: 400;\">Chaimae Benlemchkraf i Mohammed Oiraq <\/span><span style=\"font-weight: 400;\">de <\/span><b>Prollema<\/b><span style=\"font-weight: 400;\">, ens van presentar la proposta de la qual formen part, adre\u00e7ada a joves migrats en situaci\u00f3 d\u2019exclusi\u00f3 social severa, que els i les capacita, a trav\u00e9s de l\u2019ensenyament de la seva llengua materna.<\/span><\/li>\n<\/ul>\n<p><span style=\"font-weight: 400;\">Per tancar les Jornades, els dos grups d\u2019experi\u00e8ncies van fer una <strong>din\u00e0mica per recollir i aterrar el que s\u2019havia compartit durant el mat\u00ed<\/strong>, que despr\u00e9s es va posar en com\u00fa entre totes les assistents.\u00a0<\/span><\/p>\n<p><span style=\"font-weight: 400;\">Aquesta jornada formativa ha tingut una valoraci\u00f3 molt positiva i amb ganes de que perduri en el temps!<\/span><\/p>\n\n\t\t<style type=\"text\/css\">\n\t\t\t#gallery-1 {\n\t\t\t\tmargin: auto;\n\t\t\t}\n\t\t\t#gallery-1 .gallery-item {\n\t\t\t\tfloat: left;\n\t\t\t\tmargin-top: 10px;\n\t\t\t\ttext-align: center;\n\t\t\t\twidth: 33%;\n\t\t\t}\n\t\t\t#gallery-1 img {\n\t\t\t\tborder: 2px solid #cfcfcf;\n\t\t\t}\n\t\t\t#gallery-1 .gallery-caption {\n\t\t\t\tmargin-left: 0;\n\t\t\t}\n\t\t\t\/* see gallery_shortcode() in wp-includes\/media.php *\/\n\t\t<\/style>\n\t\t<div id='gallery-1' class='gallery galleryid-36297 gallery-columns-3 gallery-size-large'><dl class='gallery-item'>\n\t\t\t<dt class='gallery-icon portrait'>\n\t\t\t\t<a data-rel=\"iLightbox[postimages]\" data-title=\"WhatsApp Image 2021-05-17 at 10.08.25 (1)\" data-caption=\"\" href='https:\/\/www.esplac.cat\/wp-content\/uploads\/2021\/05\/WhatsApp-Image-2021-05-17-at-10.08.25-1.jpeg'><img decoding=\"async\" width=\"768\" height=\"1024\" src=\"https:\/\/www.esplac.cat\/wp-content\/uploads\/2021\/05\/WhatsApp-Image-2021-05-17-at-10.08.25-1-768x1024.jpeg\" class=\"attachment-large size-large\" alt=\"\" srcset=\"https:\/\/www.esplac.cat\/wp-content\/uploads\/2021\/05\/WhatsApp-Image-2021-05-17-at-10.08.25-1-200x267.jpeg 200w, https:\/\/www.esplac.cat\/wp-content\/uploads\/2021\/05\/WhatsApp-Image-2021-05-17-at-10.08.25-1-225x300.jpeg 225w, https:\/\/www.esplac.cat\/wp-content\/uploads\/2021\/05\/WhatsApp-Image-2021-05-17-at-10.08.25-1-400x533.jpeg 400w, https:\/\/www.esplac.cat\/wp-content\/uploads\/2021\/05\/WhatsApp-Image-2021-05-17-at-10.08.25-1-600x800.jpeg 600w, https:\/\/www.esplac.cat\/wp-content\/uploads\/2021\/05\/WhatsApp-Image-2021-05-17-at-10.08.25-1-768x1024.jpeg 768w, https:\/\/www.esplac.cat\/wp-content\/uploads\/2021\/05\/WhatsApp-Image-2021-05-17-at-10.08.25-1-800x1067.jpeg 800w, https:\/\/www.esplac.cat\/wp-content\/uploads\/2021\/05\/WhatsApp-Image-2021-05-17-at-10.08.25-1-1152x1536.jpeg 1152w, https:\/\/www.esplac.cat\/wp-content\/uploads\/2021\/05\/WhatsApp-Image-2021-05-17-at-10.08.25-1.jpeg 1200w\" sizes=\"(max-width: 768px) 100vw, 768px\" \/><\/a>\n\t\t\t<\/dt><\/dl><dl class='gallery-item'>\n\t\t\t<dt class='gallery-icon portrait'>\n\t\t\t\t<a data-rel=\"iLightbox[postimages]\" data-title=\"WhatsApp Image 2021-05-17 at 10.08.24\" data-caption=\"\" href='https:\/\/www.esplac.cat\/wp-content\/uploads\/2021\/05\/WhatsApp-Image-2021-05-17-at-10.08.24.jpeg'><img decoding=\"async\" width=\"768\" height=\"1024\" src=\"https:\/\/www.esplac.cat\/wp-content\/uploads\/2021\/05\/WhatsApp-Image-2021-05-17-at-10.08.24-768x1024.jpeg\" class=\"attachment-large size-large\" alt=\"\" srcset=\"https:\/\/www.esplac.cat\/wp-content\/uploads\/2021\/05\/WhatsApp-Image-2021-05-17-at-10.08.24-200x267.jpeg 200w, https:\/\/www.esplac.cat\/wp-content\/uploads\/2021\/05\/WhatsApp-Image-2021-05-17-at-10.08.24-225x300.jpeg 225w, https:\/\/www.esplac.cat\/wp-content\/uploads\/2021\/05\/WhatsApp-Image-2021-05-17-at-10.08.24-400x533.jpeg 400w, https:\/\/www.esplac.cat\/wp-content\/uploads\/2021\/05\/WhatsApp-Image-2021-05-17-at-10.08.24-600x800.jpeg 600w, https:\/\/www.esplac.cat\/wp-content\/uploads\/2021\/05\/WhatsApp-Image-2021-05-17-at-10.08.24-768x1024.jpeg 768w, https:\/\/www.esplac.cat\/wp-content\/uploads\/2021\/05\/WhatsApp-Image-2021-05-17-at-10.08.24-800x1067.jpeg 800w, https:\/\/www.esplac.cat\/wp-content\/uploads\/2021\/05\/WhatsApp-Image-2021-05-17-at-10.08.24-1152x1536.jpeg 1152w, https:\/\/www.esplac.cat\/wp-content\/uploads\/2021\/05\/WhatsApp-Image-2021-05-17-at-10.08.24.jpeg 1200w\" sizes=\"(max-width: 768px) 100vw, 768px\" \/><\/a>\n\t\t\t<\/dt><\/dl><dl class='gallery-item'>\n\t\t\t<dt class='gallery-icon portrait'>\n\t\t\t\t<a data-rel=\"iLightbox[postimages]\" data-title=\"WhatsApp Image 2021-05-17 at 10.08.23\" data-caption=\"\" href='https:\/\/www.esplac.cat\/wp-content\/uploads\/2021\/05\/WhatsApp-Image-2021-05-17-at-10.08.23.jpeg'><img decoding=\"async\" width=\"768\" height=\"1024\" src=\"https:\/\/www.esplac.cat\/wp-content\/uploads\/2021\/05\/WhatsApp-Image-2021-05-17-at-10.08.23-768x1024.jpeg\" class=\"attachment-large size-large\" alt=\"\" srcset=\"https:\/\/www.esplac.cat\/wp-content\/uploads\/2021\/05\/WhatsApp-Image-2021-05-17-at-10.08.23-200x267.jpeg 200w, https:\/\/www.esplac.cat\/wp-content\/uploads\/2021\/05\/WhatsApp-Image-2021-05-17-at-10.08.23-225x300.jpeg 225w, https:\/\/www.esplac.cat\/wp-content\/uploads\/2021\/05\/WhatsApp-Image-2021-05-17-at-10.08.23-400x533.jpeg 400w, https:\/\/www.esplac.cat\/wp-content\/uploads\/2021\/05\/WhatsApp-Image-2021-05-17-at-10.08.23-600x800.jpeg 600w, https:\/\/www.esplac.cat\/wp-content\/uploads\/2021\/05\/WhatsApp-Image-2021-05-17-at-10.08.23-768x1024.jpeg 768w, https:\/\/www.esplac.cat\/wp-content\/uploads\/2021\/05\/WhatsApp-Image-2021-05-17-at-10.08.23-800x1067.jpeg 800w, https:\/\/www.esplac.cat\/wp-content\/uploads\/2021\/05\/WhatsApp-Image-2021-05-17-at-10.08.23-1152x1536.jpeg 1152w, https:\/\/www.esplac.cat\/wp-content\/uploads\/2021\/05\/WhatsApp-Image-2021-05-17-at-10.08.23.jpeg 1200w\" sizes=\"(max-width: 768px) 100vw, 768px\" \/><\/a>\n\t\t\t<\/dt><\/dl><br style=\"clear: both\" \/><dl class='gallery-item'>\n\t\t\t<dt class='gallery-icon landscape'>\n\t\t\t\t<a data-rel=\"iLightbox[postimages]\" data-title=\"WhatsApp Image 2021-05-17 at 09.12.16 (3)\" data-caption=\"\" href='https:\/\/www.esplac.cat\/wp-content\/uploads\/2021\/05\/WhatsApp-Image-2021-05-17-at-09.12.16-3.jpeg'><img decoding=\"async\" width=\"1024\" height=\"768\" src=\"https:\/\/www.esplac.cat\/wp-content\/uploads\/2021\/05\/WhatsApp-Image-2021-05-17-at-09.12.16-3-1024x768.jpeg\" class=\"attachment-large size-large\" alt=\"\" srcset=\"https:\/\/www.esplac.cat\/wp-content\/uploads\/2021\/05\/WhatsApp-Image-2021-05-17-at-09.12.16-3-200x150.jpeg 200w, https:\/\/www.esplac.cat\/wp-content\/uploads\/2021\/05\/WhatsApp-Image-2021-05-17-at-09.12.16-3-300x225.jpeg 300w, https:\/\/www.esplac.cat\/wp-content\/uploads\/2021\/05\/WhatsApp-Image-2021-05-17-at-09.12.16-3-400x300.jpeg 400w, https:\/\/www.esplac.cat\/wp-content\/uploads\/2021\/05\/WhatsApp-Image-2021-05-17-at-09.12.16-3-600x450.jpeg 600w, https:\/\/www.esplac.cat\/wp-content\/uploads\/2021\/05\/WhatsApp-Image-2021-05-17-at-09.12.16-3-768x576.jpeg 768w, https:\/\/www.esplac.cat\/wp-content\/uploads\/2021\/05\/WhatsApp-Image-2021-05-17-at-09.12.16-3-800x600.jpeg 800w, https:\/\/www.esplac.cat\/wp-content\/uploads\/2021\/05\/WhatsApp-Image-2021-05-17-at-09.12.16-3-1024x768.jpeg 1024w, https:\/\/www.esplac.cat\/wp-content\/uploads\/2021\/05\/WhatsApp-Image-2021-05-17-at-09.12.16-3-1200x900.jpeg 1200w, https:\/\/www.esplac.cat\/wp-content\/uploads\/2021\/05\/WhatsApp-Image-2021-05-17-at-09.12.16-3-1536x1152.jpeg 1536w, https:\/\/www.esplac.cat\/wp-content\/uploads\/2021\/05\/WhatsApp-Image-2021-05-17-at-09.12.16-3.jpeg 1600w\" sizes=\"(max-width: 1024px) 100vw, 1024px\" \/><\/a>\n\t\t\t<\/dt><\/dl><dl class='gallery-item'>\n\t\t\t<dt class='gallery-icon landscape'>\n\t\t\t\t<a data-rel=\"iLightbox[postimages]\" data-title=\"WhatsApp Image 2021-05-17 at 09.12.16 (2)\" data-caption=\"\" href='https:\/\/www.esplac.cat\/wp-content\/uploads\/2021\/05\/WhatsApp-Image-2021-05-17-at-09.12.16-2.jpeg'><img decoding=\"async\" width=\"1024\" height=\"768\" src=\"https:\/\/www.esplac.cat\/wp-content\/uploads\/2021\/05\/WhatsApp-Image-2021-05-17-at-09.12.16-2-1024x768.jpeg\" class=\"attachment-large size-large\" alt=\"\" srcset=\"https:\/\/www.esplac.cat\/wp-content\/uploads\/2021\/05\/WhatsApp-Image-2021-05-17-at-09.12.16-2-200x150.jpeg 200w, https:\/\/www.esplac.cat\/wp-content\/uploads\/2021\/05\/WhatsApp-Image-2021-05-17-at-09.12.16-2-300x225.jpeg 300w, https:\/\/www.esplac.cat\/wp-content\/uploads\/2021\/05\/WhatsApp-Image-2021-05-17-at-09.12.16-2-400x300.jpeg 400w, https:\/\/www.esplac.cat\/wp-content\/uploads\/2021\/05\/WhatsApp-Image-2021-05-17-at-09.12.16-2-600x450.jpeg 600w, https:\/\/www.esplac.cat\/wp-content\/uploads\/2021\/05\/WhatsApp-Image-2021-05-17-at-09.12.16-2-768x576.jpeg 768w, https:\/\/www.esplac.cat\/wp-content\/uploads\/2021\/05\/WhatsApp-Image-2021-05-17-at-09.12.16-2-800x600.jpeg 800w, https:\/\/www.esplac.cat\/wp-content\/uploads\/2021\/05\/WhatsApp-Image-2021-05-17-at-09.12.16-2-1024x768.jpeg 1024w, https:\/\/www.esplac.cat\/wp-content\/uploads\/2021\/05\/WhatsApp-Image-2021-05-17-at-09.12.16-2-1200x900.jpeg 1200w, https:\/\/www.esplac.cat\/wp-content\/uploads\/2021\/05\/WhatsApp-Image-2021-05-17-at-09.12.16-2-1536x1152.jpeg 1536w, https:\/\/www.esplac.cat\/wp-content\/uploads\/2021\/05\/WhatsApp-Image-2021-05-17-at-09.12.16-2.jpeg 1600w\" sizes=\"(max-width: 1024px) 100vw, 1024px\" \/><\/a>\n\t\t\t<\/dt><\/dl><dl class='gallery-item'>\n\t\t\t<dt class='gallery-icon landscape'>\n\t\t\t\t<a data-rel=\"iLightbox[postimages]\" data-title=\"WhatsApp Image 2021-05-17 at 09.12.15 (4)\" data-caption=\"\" href='https:\/\/www.esplac.cat\/wp-content\/uploads\/2021\/05\/WhatsApp-Image-2021-05-17-at-09.12.15-4.jpeg'><img decoding=\"async\" width=\"1024\" height=\"768\" src=\"https:\/\/www.esplac.cat\/wp-content\/uploads\/2021\/05\/WhatsApp-Image-2021-05-17-at-09.12.15-4-1024x768.jpeg\" class=\"attachment-large size-large\" alt=\"\" srcset=\"https:\/\/www.esplac.cat\/wp-content\/uploads\/2021\/05\/WhatsApp-Image-2021-05-17-at-09.12.15-4-200x150.jpeg 200w, https:\/\/www.esplac.cat\/wp-content\/uploads\/2021\/05\/WhatsApp-Image-2021-05-17-at-09.12.15-4-300x225.jpeg 300w, https:\/\/www.esplac.cat\/wp-content\/uploads\/2021\/05\/WhatsApp-Image-2021-05-17-at-09.12.15-4-400x300.jpeg 400w, https:\/\/www.esplac.cat\/wp-content\/uploads\/2021\/05\/WhatsApp-Image-2021-05-17-at-09.12.15-4-600x450.jpeg 600w, https:\/\/www.esplac.cat\/wp-content\/uploads\/2021\/05\/WhatsApp-Image-2021-05-17-at-09.12.15-4-768x576.jpeg 768w, https:\/\/www.esplac.cat\/wp-content\/uploads\/2021\/05\/WhatsApp-Image-2021-05-17-at-09.12.15-4-800x600.jpeg 800w, https:\/\/www.esplac.cat\/wp-content\/uploads\/2021\/05\/WhatsApp-Image-2021-05-17-at-09.12.15-4-1024x768.jpeg 1024w, https:\/\/www.esplac.cat\/wp-content\/uploads\/2021\/05\/WhatsApp-Image-2021-05-17-at-09.12.15-4-1200x900.jpeg 1200w, https:\/\/www.esplac.cat\/wp-content\/uploads\/2021\/05\/WhatsApp-Image-2021-05-17-at-09.12.15-4-1536x1152.jpeg 1536w, https:\/\/www.esplac.cat\/wp-content\/uploads\/2021\/05\/WhatsApp-Image-2021-05-17-at-09.12.15-4.jpeg 1600w\" sizes=\"(max-width: 1024px) 100vw, 1024px\" \/><\/a>\n\t\t\t<\/dt><\/dl><br style=\"clear: both\" \/><dl class='gallery-item'>\n\t\t\t<dt class='gallery-icon landscape'>\n\t\t\t\t<a data-rel=\"iLightbox[postimages]\" data-title=\"WhatsApp Image 2021-05-17 at 09.12.15 (3)\" data-caption=\"\" href='https:\/\/www.esplac.cat\/wp-content\/uploads\/2021\/05\/WhatsApp-Image-2021-05-17-at-09.12.15-3.jpeg'><img decoding=\"async\" width=\"1024\" height=\"768\" src=\"https:\/\/www.esplac.cat\/wp-content\/uploads\/2021\/05\/WhatsApp-Image-2021-05-17-at-09.12.15-3-1024x768.jpeg\" class=\"attachment-large size-large\" alt=\"\" srcset=\"https:\/\/www.esplac.cat\/wp-content\/uploads\/2021\/05\/WhatsApp-Image-2021-05-17-at-09.12.15-3-200x150.jpeg 200w, https:\/\/www.esplac.cat\/wp-content\/uploads\/2021\/05\/WhatsApp-Image-2021-05-17-at-09.12.15-3-300x225.jpeg 300w, https:\/\/www.esplac.cat\/wp-content\/uploads\/2021\/05\/WhatsApp-Image-2021-05-17-at-09.12.15-3-400x300.jpeg 400w, https:\/\/www.esplac.cat\/wp-content\/uploads\/2021\/05\/WhatsApp-Image-2021-05-17-at-09.12.15-3-600x450.jpeg 600w, https:\/\/www.esplac.cat\/wp-content\/uploads\/2021\/05\/WhatsApp-Image-2021-05-17-at-09.12.15-3-768x576.jpeg 768w, https:\/\/www.esplac.cat\/wp-content\/uploads\/2021\/05\/WhatsApp-Image-2021-05-17-at-09.12.15-3-800x600.jpeg 800w, https:\/\/www.esplac.cat\/wp-content\/uploads\/2021\/05\/WhatsApp-Image-2021-05-17-at-09.12.15-3-1024x768.jpeg 1024w, https:\/\/www.esplac.cat\/wp-content\/uploads\/2021\/05\/WhatsApp-Image-2021-05-17-at-09.12.15-3-1200x900.jpeg 1200w, https:\/\/www.esplac.cat\/wp-content\/uploads\/2021\/05\/WhatsApp-Image-2021-05-17-at-09.12.15-3-1536x1152.jpeg 1536w, https:\/\/www.esplac.cat\/wp-content\/uploads\/2021\/05\/WhatsApp-Image-2021-05-17-at-09.12.15-3.jpeg 1600w\" sizes=\"(max-width: 1024px) 100vw, 1024px\" \/><\/a>\n\t\t\t<\/dt><\/dl><dl class='gallery-item'>\n\t\t\t<dt class='gallery-icon landscape'>\n\t\t\t\t<a data-rel=\"iLightbox[postimages]\" data-title=\"WhatsApp Image 2021-05-17 at 10.08.25\" data-caption=\"\" href='https:\/\/www.esplac.cat\/wp-content\/uploads\/2021\/05\/WhatsApp-Image-2021-05-17-at-10.08.25.jpeg'><img decoding=\"async\" width=\"1024\" height=\"768\" src=\"https:\/\/www.esplac.cat\/wp-content\/uploads\/2021\/05\/WhatsApp-Image-2021-05-17-at-10.08.25-1024x768.jpeg\" class=\"attachment-large size-large\" alt=\"\" srcset=\"https:\/\/www.esplac.cat\/wp-content\/uploads\/2021\/05\/WhatsApp-Image-2021-05-17-at-10.08.25-200x150.jpeg 200w, https:\/\/www.esplac.cat\/wp-content\/uploads\/2021\/05\/WhatsApp-Image-2021-05-17-at-10.08.25-300x225.jpeg 300w, https:\/\/www.esplac.cat\/wp-content\/uploads\/2021\/05\/WhatsApp-Image-2021-05-17-at-10.08.25-400x300.jpeg 400w, https:\/\/www.esplac.cat\/wp-content\/uploads\/2021\/05\/WhatsApp-Image-2021-05-17-at-10.08.25-600x450.jpeg 600w, https:\/\/www.esplac.cat\/wp-content\/uploads\/2021\/05\/WhatsApp-Image-2021-05-17-at-10.08.25-768x576.jpeg 768w, https:\/\/www.esplac.cat\/wp-content\/uploads\/2021\/05\/WhatsApp-Image-2021-05-17-at-10.08.25-800x600.jpeg 800w, https:\/\/www.esplac.cat\/wp-content\/uploads\/2021\/05\/WhatsApp-Image-2021-05-17-at-10.08.25-1024x768.jpeg 1024w, https:\/\/www.esplac.cat\/wp-content\/uploads\/2021\/05\/WhatsApp-Image-2021-05-17-at-10.08.25-1200x900.jpeg 1200w, https:\/\/www.esplac.cat\/wp-content\/uploads\/2021\/05\/WhatsApp-Image-2021-05-17-at-10.08.25-1536x1152.jpeg 1536w, https:\/\/www.esplac.cat\/wp-content\/uploads\/2021\/05\/WhatsApp-Image-2021-05-17-at-10.08.25.jpeg 1600w\" sizes=\"(max-width: 1024px) 100vw, 1024px\" \/><\/a>\n\t\t\t<\/dt><\/dl><dl class='gallery-item'>\n\t\t\t<dt class='gallery-icon landscape'>\n\t\t\t\t<a data-rel=\"iLightbox[postimages]\" data-title=\"WhatsApp Image 2021-05-17 at 09.12.15 (1)\" data-caption=\"\" href='https:\/\/www.esplac.cat\/wp-content\/uploads\/2021\/05\/WhatsApp-Image-2021-05-17-at-09.12.15-1.jpeg'><img decoding=\"async\" width=\"1024\" height=\"768\" src=\"https:\/\/www.esplac.cat\/wp-content\/uploads\/2021\/05\/WhatsApp-Image-2021-05-17-at-09.12.15-1-1024x768.jpeg\" class=\"attachment-large size-large\" alt=\"\" srcset=\"https:\/\/www.esplac.cat\/wp-content\/uploads\/2021\/05\/WhatsApp-Image-2021-05-17-at-09.12.15-1-200x150.jpeg 200w, https:\/\/www.esplac.cat\/wp-content\/uploads\/2021\/05\/WhatsApp-Image-2021-05-17-at-09.12.15-1-300x225.jpeg 300w, https:\/\/www.esplac.cat\/wp-content\/uploads\/2021\/05\/WhatsApp-Image-2021-05-17-at-09.12.15-1-400x300.jpeg 400w, https:\/\/www.esplac.cat\/wp-content\/uploads\/2021\/05\/WhatsApp-Image-2021-05-17-at-09.12.15-1-600x450.jpeg 600w, https:\/\/www.esplac.cat\/wp-content\/uploads\/2021\/05\/WhatsApp-Image-2021-05-17-at-09.12.15-1-768x576.jpeg 768w, https:\/\/www.esplac.cat\/wp-content\/uploads\/2021\/05\/WhatsApp-Image-2021-05-17-at-09.12.15-1-800x600.jpeg 800w, https:\/\/www.esplac.cat\/wp-content\/uploads\/2021\/05\/WhatsApp-Image-2021-05-17-at-09.12.15-1-1024x768.jpeg 1024w, https:\/\/www.esplac.cat\/wp-content\/uploads\/2021\/05\/WhatsApp-Image-2021-05-17-at-09.12.15-1-1200x900.jpeg 1200w, https:\/\/www.esplac.cat\/wp-content\/uploads\/2021\/05\/WhatsApp-Image-2021-05-17-at-09.12.15-1-1536x1152.jpeg 1536w, https:\/\/www.esplac.cat\/wp-content\/uploads\/2021\/05\/WhatsApp-Image-2021-05-17-at-09.12.15-1.jpeg 1600w\" sizes=\"(max-width: 1024px) 100vw, 1024px\" \/><\/a>\n\t\t\t<\/dt><\/dl><br style=\"clear: both\" \/><dl class='gallery-item'>\n\t\t\t<dt class='gallery-icon portrait'>\n\t\t\t\t<a data-rel=\"iLightbox[postimages]\" data-title=\"WhatsApp Image 2021-05-17 at 09.12.17 (1)\" data-caption=\"\" href='https:\/\/www.esplac.cat\/wp-content\/uploads\/2021\/05\/WhatsApp-Image-2021-05-17-at-09.12.17-1.jpeg'><img decoding=\"async\" width=\"768\" height=\"1024\" src=\"https:\/\/www.esplac.cat\/wp-content\/uploads\/2021\/05\/WhatsApp-Image-2021-05-17-at-09.12.17-1-768x1024.jpeg\" class=\"attachment-large size-large\" alt=\"\" srcset=\"https:\/\/www.esplac.cat\/wp-content\/uploads\/2021\/05\/WhatsApp-Image-2021-05-17-at-09.12.17-1-200x267.jpeg 200w, https:\/\/www.esplac.cat\/wp-content\/uploads\/2021\/05\/WhatsApp-Image-2021-05-17-at-09.12.17-1-225x300.jpeg 225w, https:\/\/www.esplac.cat\/wp-content\/uploads\/2021\/05\/WhatsApp-Image-2021-05-17-at-09.12.17-1-400x533.jpeg 400w, https:\/\/www.esplac.cat\/wp-content\/uploads\/2021\/05\/WhatsApp-Image-2021-05-17-at-09.12.17-1-600x800.jpeg 600w, https:\/\/www.esplac.cat\/wp-content\/uploads\/2021\/05\/WhatsApp-Image-2021-05-17-at-09.12.17-1-768x1024.jpeg 768w, https:\/\/www.esplac.cat\/wp-content\/uploads\/2021\/05\/WhatsApp-Image-2021-05-17-at-09.12.17-1-800x1067.jpeg 800w, https:\/\/www.esplac.cat\/wp-content\/uploads\/2021\/05\/WhatsApp-Image-2021-05-17-at-09.12.17-1-1152x1536.jpeg 1152w, https:\/\/www.esplac.cat\/wp-content\/uploads\/2021\/05\/WhatsApp-Image-2021-05-17-at-09.12.17-1.jpeg 1200w\" sizes=\"(max-width: 768px) 100vw, 768px\" \/><\/a>\n\t\t\t<\/dt><\/dl>\n\t\t\t<br style='clear: both' \/>\n\t\t<\/div>\n\n","protected":false},"excerpt":{"rendered":"<p>El passat dissabte 15 de maig va tenir lloc al [&hellip;]<\/p>\n","protected":false},"author":3,"featured_media":36299,"comment_status":"closed","ping_status":"closed","sticky":false,"template":"","format":"standard","meta":{"om_disable_all_campaigns":false,"_monsterinsights_skip_tracking":false,"_monsterinsights_sitenote_active":false,"_monsterinsights_sitenote_note":"","_monsterinsights_sitenote_category":0,"_uf_show_specific_survey":0,"_uf_disable_surveys":false,"footnotes":""},"categories":[1330],"tags":[],"class_list":["post-36297","post","type-post","status-publish","format-standard","has-post-thumbnail","hentry","category-jornades-interculturalitat"],"yoast_head":"<!-- This site is optimized with the Yoast SEO plugin v27.4 - https:\/\/yoast.com\/product\/yoast-seo-wordpress\/ -->\n<title>II Jornades d&#039;Interculturalitat per aturar i transformar els discrusos discriminatoris - Esplac<\/title>\n<meta name=\"robots\" content=\"index, follow, max-snippet:-1, max-image-preview:large, max-video-preview:-1\" \/>\n<link rel=\"canonical\" href=\"https:\/\/www.esplac.cat\/jornades-interculturalitat-discrusos-discriminatoris\/\" \/>\n<meta property=\"og:locale\" content=\"en_US\" \/>\n<meta property=\"og:type\" content=\"article\" \/>\n<meta property=\"og:title\" content=\"II Jornades d&#039;Interculturalitat per aturar i transformar els discrusos discriminatoris - Esplac\" \/>\n<meta property=\"og:description\" content=\"El passat dissabte 15 de maig va tenir lloc al [&hellip;]\" \/>\n<meta property=\"og:url\" content=\"https:\/\/www.esplac.cat\/jornades-interculturalitat-discrusos-discriminatoris\/\" \/>\n<meta property=\"og:site_name\" content=\"Esplac\" \/>\n<meta property=\"article:published_time\" content=\"2021-05-19T09:04:03+00:00\" \/>\n<meta property=\"article:modified_time\" content=\"2021-05-19T09:09:18+00:00\" \/>\n<meta property=\"og:image\" content=\"https:\/\/www.esplac.cat\/wp-content\/uploads\/2021\/05\/Jornades_interculturalita_portada.jpg\" \/>\n\t<meta property=\"og:image:width\" content=\"1697\" \/>\n\t<meta property=\"og:image:height\" content=\"700\" \/>\n\t<meta property=\"og:image:type\" content=\"image\/jpeg\" \/>\n<meta name=\"author\" content=\"Comunicaci\u00f3 Esplac\" \/>\n<meta name=\"twitter:card\" content=\"summary_large_image\" \/>\n<meta name=\"twitter:label1\" content=\"Written by\" \/>\n\t<meta name=\"twitter:data1\" content=\"Comunicaci\u00f3 Esplac\" \/>\n\t<meta name=\"twitter:label2\" content=\"Est. reading time\" \/>\n\t<meta name=\"twitter:data2\" content=\"3 minutes\" \/>\n<script type=\"application\/ld+json\" class=\"yoast-schema-graph\">{\"@context\":\"https:\\\/\\\/schema.org\",\"@graph\":[{\"@type\":\"Article\",\"@id\":\"https:\\\/\\\/www.esplac.cat\\\/jornades-interculturalitat-discrusos-discriminatoris\\\/#article\",\"isPartOf\":{\"@id\":\"https:\\\/\\\/www.esplac.cat\\\/jornades-interculturalitat-discrusos-discriminatoris\\\/\"},\"author\":{\"name\":\"Comunicaci\u00f3 Esplac\",\"@id\":\"https:\\\/\\\/www.esplac.cat\\\/#\\\/schema\\\/person\\\/908383cf240be18b68f8855d0583faca\"},\"headline\":\"II Jornades d&#8217;Interculturalitat per aturar i transformar els discrusos discriminatoris\",\"datePublished\":\"2021-05-19T09:04:03+00:00\",\"dateModified\":\"2021-05-19T09:09:18+00:00\",\"mainEntityOfPage\":{\"@id\":\"https:\\\/\\\/www.esplac.cat\\\/jornades-interculturalitat-discrusos-discriminatoris\\\/\"},\"wordCount\":677,\"publisher\":{\"@id\":\"https:\\\/\\\/www.esplac.cat\\\/#organization\"},\"image\":{\"@id\":\"https:\\\/\\\/www.esplac.cat\\\/jornades-interculturalitat-discrusos-discriminatoris\\\/#primaryimage\"},\"thumbnailUrl\":\"https:\\\/\\\/www.esplac.cat\\\/wp-content\\\/uploads\\\/2021\\\/05\\\/Jornades_interculturalita_portada.jpg\",\"articleSection\":[\"Jornades Interculturalitat\"],\"inLanguage\":\"en-US\"},{\"@type\":\"WebPage\",\"@id\":\"https:\\\/\\\/www.esplac.cat\\\/jornades-interculturalitat-discrusos-discriminatoris\\\/\",\"url\":\"https:\\\/\\\/www.esplac.cat\\\/jornades-interculturalitat-discrusos-discriminatoris\\\/\",\"name\":\"II Jornades d'Interculturalitat per aturar i transformar els discrusos discriminatoris - Esplac\",\"isPartOf\":{\"@id\":\"https:\\\/\\\/www.esplac.cat\\\/#website\"},\"primaryImageOfPage\":{\"@id\":\"https:\\\/\\\/www.esplac.cat\\\/jornades-interculturalitat-discrusos-discriminatoris\\\/#primaryimage\"},\"image\":{\"@id\":\"https:\\\/\\\/www.esplac.cat\\\/jornades-interculturalitat-discrusos-discriminatoris\\\/#primaryimage\"},\"thumbnailUrl\":\"https:\\\/\\\/www.esplac.cat\\\/wp-content\\\/uploads\\\/2021\\\/05\\\/Jornades_interculturalita_portada.jpg\",\"datePublished\":\"2021-05-19T09:04:03+00:00\",\"dateModified\":\"2021-05-19T09:09:18+00:00\",\"breadcrumb\":{\"@id\":\"https:\\\/\\\/www.esplac.cat\\\/jornades-interculturalitat-discrusos-discriminatoris\\\/#breadcrumb\"},\"inLanguage\":\"en-US\",\"potentialAction\":[{\"@type\":\"ReadAction\",\"target\":[\"https:\\\/\\\/www.esplac.cat\\\/jornades-interculturalitat-discrusos-discriminatoris\\\/\"]}]},{\"@type\":\"ImageObject\",\"inLanguage\":\"en-US\",\"@id\":\"https:\\\/\\\/www.esplac.cat\\\/jornades-interculturalitat-discrusos-discriminatoris\\\/#primaryimage\",\"url\":\"https:\\\/\\\/www.esplac.cat\\\/wp-content\\\/uploads\\\/2021\\\/05\\\/Jornades_interculturalita_portada.jpg\",\"contentUrl\":\"https:\\\/\\\/www.esplac.cat\\\/wp-content\\\/uploads\\\/2021\\\/05\\\/Jornades_interculturalita_portada.jpg\",\"width\":1697,\"height\":700},{\"@type\":\"BreadcrumbList\",\"@id\":\"https:\\\/\\\/www.esplac.cat\\\/jornades-interculturalitat-discrusos-discriminatoris\\\/#breadcrumb\",\"itemListElement\":[{\"@type\":\"ListItem\",\"position\":1,\"name\":\"Inici\",\"item\":\"https:\\\/\\\/www.esplac.cat\\\/en\\\/\"},{\"@type\":\"ListItem\",\"position\":2,\"name\":\"II Jornades d&#8217;Interculturalitat per aturar i transformar els discrusos discriminatoris\"}]},{\"@type\":\"WebSite\",\"@id\":\"https:\\\/\\\/www.esplac.cat\\\/#website\",\"url\":\"https:\\\/\\\/www.esplac.cat\\\/\",\"name\":\"Esplac\",\"description\":\"Esplais Catalans\",\"publisher\":{\"@id\":\"https:\\\/\\\/www.esplac.cat\\\/#organization\"},\"potentialAction\":[{\"@type\":\"SearchAction\",\"target\":{\"@type\":\"EntryPoint\",\"urlTemplate\":\"https:\\\/\\\/www.esplac.cat\\\/?s={search_term_string}\"},\"query-input\":{\"@type\":\"PropertyValueSpecification\",\"valueRequired\":true,\"valueName\":\"search_term_string\"}}],\"inLanguage\":\"en-US\"},{\"@type\":\"Organization\",\"@id\":\"https:\\\/\\\/www.esplac.cat\\\/#organization\",\"name\":\"Esplac\",\"url\":\"https:\\\/\\\/www.esplac.cat\\\/\",\"logo\":{\"@type\":\"ImageObject\",\"inLanguage\":\"en-US\",\"@id\":\"https:\\\/\\\/www.esplac.cat\\\/#\\\/schema\\\/logo\\\/image\\\/\",\"url\":\"https:\\\/\\\/www.esplac.cat\\\/wp-content\\\/uploads\\\/2019\\\/08\\\/logox2.png\",\"contentUrl\":\"https:\\\/\\\/www.esplac.cat\\\/wp-content\\\/uploads\\\/2019\\\/08\\\/logox2.png\",\"width\":600,\"height\":295,\"caption\":\"Esplac\"},\"image\":{\"@id\":\"https:\\\/\\\/www.esplac.cat\\\/#\\\/schema\\\/logo\\\/image\\\/\"}},{\"@type\":\"Person\",\"@id\":\"https:\\\/\\\/www.esplac.cat\\\/#\\\/schema\\\/person\\\/908383cf240be18b68f8855d0583faca\",\"name\":\"Comunicaci\u00f3 Esplac\",\"image\":{\"@type\":\"ImageObject\",\"inLanguage\":\"en-US\",\"@id\":\"https:\\\/\\\/secure.gravatar.com\\\/avatar\\\/7a4cf8feb412a76ea4a740ca02d95b06b2907b5a6c648c2dd0a1082a093c3141?s=96&d=mm&r=g\",\"url\":\"https:\\\/\\\/secure.gravatar.com\\\/avatar\\\/7a4cf8feb412a76ea4a740ca02d95b06b2907b5a6c648c2dd0a1082a093c3141?s=96&d=mm&r=g\",\"contentUrl\":\"https:\\\/\\\/secure.gravatar.com\\\/avatar\\\/7a4cf8feb412a76ea4a740ca02d95b06b2907b5a6c648c2dd0a1082a093c3141?s=96&d=mm&r=g\",\"caption\":\"Comunicaci\u00f3 Esplac\"}}]}<\/script>\n<!-- \/ Yoast SEO plugin. -->","yoast_head_json":{"title":"II Jornades d'Interculturalitat per aturar i transformar els discrusos discriminatoris - Esplac","robots":{"index":"index","follow":"follow","max-snippet":"max-snippet:-1","max-image-preview":"max-image-preview:large","max-video-preview":"max-video-preview:-1"},"canonical":"https:\/\/www.esplac.cat\/jornades-interculturalitat-discrusos-discriminatoris\/","og_locale":"en_US","og_type":"article","og_title":"II Jornades d'Interculturalitat per aturar i transformar els discrusos discriminatoris - Esplac","og_description":"El passat dissabte 15 de maig va tenir lloc al [&hellip;]","og_url":"https:\/\/www.esplac.cat\/jornades-interculturalitat-discrusos-discriminatoris\/","og_site_name":"Esplac","article_published_time":"2021-05-19T09:04:03+00:00","article_modified_time":"2021-05-19T09:09:18+00:00","og_image":[{"width":1697,"height":700,"url":"https:\/\/www.esplac.cat\/wp-content\/uploads\/2021\/05\/Jornades_interculturalita_portada.jpg","type":"image\/jpeg"}],"author":"Comunicaci\u00f3 Esplac","twitter_card":"summary_large_image","twitter_misc":{"Written by":"Comunicaci\u00f3 Esplac","Est. reading time":"3 minutes"},"schema":{"@context":"https:\/\/schema.org","@graph":[{"@type":"Article","@id":"https:\/\/www.esplac.cat\/jornades-interculturalitat-discrusos-discriminatoris\/#article","isPartOf":{"@id":"https:\/\/www.esplac.cat\/jornades-interculturalitat-discrusos-discriminatoris\/"},"author":{"name":"Comunicaci\u00f3 Esplac","@id":"https:\/\/www.esplac.cat\/#\/schema\/person\/908383cf240be18b68f8855d0583faca"},"headline":"II Jornades d&#8217;Interculturalitat per aturar i transformar els discrusos discriminatoris","datePublished":"2021-05-19T09:04:03+00:00","dateModified":"2021-05-19T09:09:18+00:00","mainEntityOfPage":{"@id":"https:\/\/www.esplac.cat\/jornades-interculturalitat-discrusos-discriminatoris\/"},"wordCount":677,"publisher":{"@id":"https:\/\/www.esplac.cat\/#organization"},"image":{"@id":"https:\/\/www.esplac.cat\/jornades-interculturalitat-discrusos-discriminatoris\/#primaryimage"},"thumbnailUrl":"https:\/\/www.esplac.cat\/wp-content\/uploads\/2021\/05\/Jornades_interculturalita_portada.jpg","articleSection":["Jornades Interculturalitat"],"inLanguage":"en-US"},{"@type":"WebPage","@id":"https:\/\/www.esplac.cat\/jornades-interculturalitat-discrusos-discriminatoris\/","url":"https:\/\/www.esplac.cat\/jornades-interculturalitat-discrusos-discriminatoris\/","name":"II Jornades d'Interculturalitat per aturar i transformar els discrusos discriminatoris - Esplac","isPartOf":{"@id":"https:\/\/www.esplac.cat\/#website"},"primaryImageOfPage":{"@id":"https:\/\/www.esplac.cat\/jornades-interculturalitat-discrusos-discriminatoris\/#primaryimage"},"image":{"@id":"https:\/\/www.esplac.cat\/jornades-interculturalitat-discrusos-discriminatoris\/#primaryimage"},"thumbnailUrl":"https:\/\/www.esplac.cat\/wp-content\/uploads\/2021\/05\/Jornades_interculturalita_portada.jpg","datePublished":"2021-05-19T09:04:03+00:00","dateModified":"2021-05-19T09:09:18+00:00","breadcrumb":{"@id":"https:\/\/www.esplac.cat\/jornades-interculturalitat-discrusos-discriminatoris\/#breadcrumb"},"inLanguage":"en-US","potentialAction":[{"@type":"ReadAction","target":["https:\/\/www.esplac.cat\/jornades-interculturalitat-discrusos-discriminatoris\/"]}]},{"@type":"ImageObject","inLanguage":"en-US","@id":"https:\/\/www.esplac.cat\/jornades-interculturalitat-discrusos-discriminatoris\/#primaryimage","url":"https:\/\/www.esplac.cat\/wp-content\/uploads\/2021\/05\/Jornades_interculturalita_portada.jpg","contentUrl":"https:\/\/www.esplac.cat\/wp-content\/uploads\/2021\/05\/Jornades_interculturalita_portada.jpg","width":1697,"height":700},{"@type":"BreadcrumbList","@id":"https:\/\/www.esplac.cat\/jornades-interculturalitat-discrusos-discriminatoris\/#breadcrumb","itemListElement":[{"@type":"ListItem","position":1,"name":"Inici","item":"https:\/\/www.esplac.cat\/en\/"},{"@type":"ListItem","position":2,"name":"II Jornades d&#8217;Interculturalitat per aturar i transformar els discrusos discriminatoris"}]},{"@type":"WebSite","@id":"https:\/\/www.esplac.cat\/#website","url":"https:\/\/www.esplac.cat\/","name":"Esplac","description":"Esplais Catalans","publisher":{"@id":"https:\/\/www.esplac.cat\/#organization"},"potentialAction":[{"@type":"SearchAction","target":{"@type":"EntryPoint","urlTemplate":"https:\/\/www.esplac.cat\/?s={search_term_string}"},"query-input":{"@type":"PropertyValueSpecification","valueRequired":true,"valueName":"search_term_string"}}],"inLanguage":"en-US"},{"@type":"Organization","@id":"https:\/\/www.esplac.cat\/#organization","name":"Esplac","url":"https:\/\/www.esplac.cat\/","logo":{"@type":"ImageObject","inLanguage":"en-US","@id":"https:\/\/www.esplac.cat\/#\/schema\/logo\/image\/","url":"https:\/\/www.esplac.cat\/wp-content\/uploads\/2019\/08\/logox2.png","contentUrl":"https:\/\/www.esplac.cat\/wp-content\/uploads\/2019\/08\/logox2.png","width":600,"height":295,"caption":"Esplac"},"image":{"@id":"https:\/\/www.esplac.cat\/#\/schema\/logo\/image\/"}},{"@type":"Person","@id":"https:\/\/www.esplac.cat\/#\/schema\/person\/908383cf240be18b68f8855d0583faca","name":"Comunicaci\u00f3 Esplac","image":{"@type":"ImageObject","inLanguage":"en-US","@id":"https:\/\/secure.gravatar.com\/avatar\/7a4cf8feb412a76ea4a740ca02d95b06b2907b5a6c648c2dd0a1082a093c3141?s=96&d=mm&r=g","url":"https:\/\/secure.gravatar.com\/avatar\/7a4cf8feb412a76ea4a740ca02d95b06b2907b5a6c648c2dd0a1082a093c3141?s=96&d=mm&r=g","contentUrl":"https:\/\/secure.gravatar.com\/avatar\/7a4cf8feb412a76ea4a740ca02d95b06b2907b5a6c648c2dd0a1082a093c3141?s=96&d=mm&r=g","caption":"Comunicaci\u00f3 Esplac"}}]}},"_links":{"self":[{"href":"https:\/\/www.esplac.cat\/en\/wp-json\/wp\/v2\/posts\/36297","targetHints":{"allow":["GET"]}}],"collection":[{"href":"https:\/\/www.esplac.cat\/en\/wp-json\/wp\/v2\/posts"}],"about":[{"href":"https:\/\/www.esplac.cat\/en\/wp-json\/wp\/v2\/types\/post"}],"author":[{"embeddable":true,"href":"https:\/\/www.esplac.cat\/en\/wp-json\/wp\/v2\/users\/3"}],"replies":[{"embeddable":true,"href":"https:\/\/www.esplac.cat\/en\/wp-json\/wp\/v2\/comments?post=36297"}],"version-history":[{"count":0,"href":"https:\/\/www.esplac.cat\/en\/wp-json\/wp\/v2\/posts\/36297\/revisions"}],"wp:featuredmedia":[{"embeddable":true,"href":"https:\/\/www.esplac.cat\/en\/wp-json\/wp\/v2\/media\/36299"}],"wp:attachment":[{"href":"https:\/\/www.esplac.cat\/en\/wp-json\/wp\/v2\/media?parent=36297"}],"wp:term":[{"taxonomy":"category","embeddable":true,"href":"https:\/\/www.esplac.cat\/en\/wp-json\/wp\/v2\/categories?post=36297"},{"taxonomy":"post_tag","embeddable":true,"href":"https:\/\/www.esplac.cat\/en\/wp-json\/wp\/v2\/tags?post=36297"}],"curies":[{"name":"wp","href":"https:\/\/api.w.org\/{rel}","templated":true}]}}