{"id":36335,"date":"2021-05-19T11:39:37","date_gmt":"2021-05-19T10:39:37","guid":{"rendered":"https:\/\/www.esplac.cat\/?p=36335"},"modified":"2021-05-19T11:43:59","modified_gmt":"2021-05-19T10:43:59","slug":"mirades-realitats-diverses-desig-sexual-jornades-dissidents","status":"publish","type":"post","link":"https:\/\/www.esplac.cat\/en\/mirades-realitats-diverses-desig-sexual-jornades-dissidents\/","title":{"rendered":"Mirades i realitats diverses sobre desig sexual a les II Jornades Dissidents"},"content":{"rendered":"<h6><strong>Diumenge 16 de maig es van celebrar les segones Jornades Dissidents al Casal de Joves Girapells, organitzades per la Comissi\u00f3 de G\u00e8neres i Sexualitats Diverses i Dissidents (GSDD). Enguany, sobre desig sexual.<\/strong><\/h6>\n<p>La comissi\u00f3 GSDD d\u2019Esplac, sorgida de l\u2019anterior comissi\u00f3 de G\u00e8nere, ha organitzat aquest diumenge 16 de maig les seves segones jornades amb un \u00e8xit d&#8217;assist\u00e8ncia de 60 persones! Aquest any van decidir triar el tema de forma participativa amb tots els agents d\u2019Esplac a trav\u00e9s d\u2019enquestes d\u2019instagram. Dels temes que van sortir m\u00e9s votats, es va fer una barreja per tal de poder-los treballar tots sota el paraig\u00fces del <strong>desig sexual<\/strong>, enfocat des de la perspectiva de les diversitats funcionals o la normativitat de l\u2019al\u00b7losexualitat, entre d\u2019altres.<\/p>\n<p>La comissi\u00f3 GSDD ent\u00e9n que la construcci\u00f3 de la identitat, vincles afectius, sexuals i sexoafectius de les dones i les persones dissidents sexuals i de g\u00e8nere <strong>es construeixen sota la base d\u2019un sistema opressor que no permet viure les relacions de forma lliure<\/strong>. Tot i aix\u00f2, aquesta construcci\u00f3 es veu condicionada tamb\u00e9 per tota la resta d\u2019<strong>eixos d\u2019opressi\u00f3<\/strong>: el capacitisme, el racisme, l\u2019eix de classe i un llarg etc\u00e8tera que tamb\u00e9 influeixen en el desig sexual. \u00c9s per aquest motiu, doncs, que es va apostar per treballar les diferents dimensions del desig sexual des d\u2019aquestes diverses mirades i realitats.<\/p>\n<p>Les Jornades van comen\u00e7ar amb una pon\u00e8ncia inicial per part de l\u2019organitzaci\u00f3. Per una banda, es va presentar la comissi\u00f3 GSDD, on es va compartir la seva traject\u00f2ria, objectius, i metodologia de treball. Per altra banda, es van presentar les Jornades, tant la justificaci\u00f3 de la tem\u00e0tica escollida com el desenvolupament d\u2019aquestes.<\/p>\n<p>Al mat\u00ed es van realitzar quatre tallers: \u201c<strong>El desig i el plaer en les nostres sexualitats<\/strong>\u201d a c\u00e0rrec de Sexus, \u201c<strong>Assist\u00e8ncia Sexual<\/strong>\u201d a c\u00e0rrec de Marikarmen Free, \u201c<strong>El desig no normatiu<\/strong>\u201d a c\u00e0rrec de Tandem Team i \u201c<strong>Mites i realitats sobre l\u2019asexualitat<\/strong>\u201d a c\u00e0rrec de l\u2019Associaci\u00f3 Catalana d\u2019Asexuals (ACA).<\/p>\n<p>Degut a les restriccions causades per la pand\u00e8mia de la COVID-19, aquest any no es va fer dinar i cadasc\u00fa es va haver d&#8217;encarregar dels seus \u00e0pats. A la tarda es va celebrar un <strong>cinef\u00f2rum<\/strong>, on es va veure \u201c<strong>Yes, we fuck<\/strong>\u201d, un documental que explora la sexualitat de persones amb diversitat funcional en base a sis hist\u00f2ries reals.<\/p>\n<p>Finalment, la comissi\u00f3 GSDD va organitzar un <strong>espai autogestionat per aterrar totes les idees compartides durant les Jornades en maneres de treballar-les amb els infants i joves<\/strong>. Es van compartir activitats, metodologies i eines per enfocar-ho amb els diversos grups d\u2019edat. La comissi\u00f3 GSDD les <strong>recollir\u00e0 en un document<\/strong> i ampliar\u00e0 el recurs que va n\u00e9ixer de les anteriors Jornades de tem\u00e0tica trans* per als esplais i caus.<\/p>\n<p>La comissi\u00f3 valora molt positivament aquesta segona edici\u00f3 de les Jornades i segueix amb molta energia per seguir transformant l\u2019entorn per fer-lo m\u00e9s lliure i segur per a totes les persones. Vol donar les gr\u00e0cies a totes les talleristes i ponents per venir a les jornades i fer-les possibles, aix\u00ed com al Casal de Joves Girapells per la cessi\u00f3 de l\u2019espai i a totes les participants que hi van assistir!<\/p>\n<p>Si vols formar part d\u2019aquesta comissi\u00f3, ens reunim el proper dimecres 26 de maig a les 20:30h, amb el format encara per concretar. Pots demanar m\u00e9s informaci\u00f3 a generesisexualitats@esplac.cat.<\/p>\n<p>Us animem molt fort a participar a la comissi\u00f3 i compartir aquests espais amb la resta de companyes!<\/p>\n\n\t\t<style type=\"text\/css\">\n\t\t\t#gallery-1 {\n\t\t\t\tmargin: auto;\n\t\t\t}\n\t\t\t#gallery-1 .gallery-item {\n\t\t\t\tfloat: left;\n\t\t\t\tmargin-top: 10px;\n\t\t\t\ttext-align: center;\n\t\t\t\twidth: 33%;\n\t\t\t}\n\t\t\t#gallery-1 img {\n\t\t\t\tborder: 2px solid #cfcfcf;\n\t\t\t}\n\t\t\t#gallery-1 .gallery-caption {\n\t\t\t\tmargin-left: 0;\n\t\t\t}\n\t\t\t\/* see gallery_shortcode() in wp-includes\/media.php *\/\n\t\t<\/style>\n\t\t<div id='gallery-1' class='gallery galleryid-36335 gallery-columns-3 gallery-size-medium'><dl class='gallery-item'>\n\t\t\t<dt class='gallery-icon portrait'>\n\t\t\t\t<a data-rel=\"iLightbox[postimages]\" data-title=\"IMG-20210518-WA0018\" data-caption=\"\" href='https:\/\/www.esplac.cat\/wp-content\/uploads\/2021\/05\/IMG-20210518-WA0018.jpg'><img decoding=\"async\" width=\"225\" height=\"300\" src=\"https:\/\/www.esplac.cat\/wp-content\/uploads\/2021\/05\/IMG-20210518-WA0018-225x300.jpg\" class=\"attachment-medium size-medium\" alt=\"\" srcset=\"https:\/\/www.esplac.cat\/wp-content\/uploads\/2021\/05\/IMG-20210518-WA0018-200x267.jpg 200w, https:\/\/www.esplac.cat\/wp-content\/uploads\/2021\/05\/IMG-20210518-WA0018-225x300.jpg 225w, https:\/\/www.esplac.cat\/wp-content\/uploads\/2021\/05\/IMG-20210518-WA0018-400x533.jpg 400w, https:\/\/www.esplac.cat\/wp-content\/uploads\/2021\/05\/IMG-20210518-WA0018-600x800.jpg 600w, https:\/\/www.esplac.cat\/wp-content\/uploads\/2021\/05\/IMG-20210518-WA0018-768x1024.jpg 768w, https:\/\/www.esplac.cat\/wp-content\/uploads\/2021\/05\/IMG-20210518-WA0018-800x1067.jpg 800w, https:\/\/www.esplac.cat\/wp-content\/uploads\/2021\/05\/IMG-20210518-WA0018-1152x1536.jpg 1152w, https:\/\/www.esplac.cat\/wp-content\/uploads\/2021\/05\/IMG-20210518-WA0018-1200x1600.jpg 1200w, https:\/\/www.esplac.cat\/wp-content\/uploads\/2021\/05\/IMG-20210518-WA0018.jpg 1536w\" sizes=\"(max-width: 225px) 100vw, 225px\" \/><\/a>\n\t\t\t<\/dt><\/dl><dl class='gallery-item'>\n\t\t\t<dt class='gallery-icon portrait'>\n\t\t\t\t<a data-rel=\"iLightbox[postimages]\" data-title=\"IMG-20210518-WA0017\" data-caption=\"\" href='https:\/\/www.esplac.cat\/wp-content\/uploads\/2021\/05\/IMG-20210518-WA0017.jpg'><img decoding=\"async\" width=\"225\" height=\"300\" src=\"https:\/\/www.esplac.cat\/wp-content\/uploads\/2021\/05\/IMG-20210518-WA0017-225x300.jpg\" class=\"attachment-medium size-medium\" alt=\"\" srcset=\"https:\/\/www.esplac.cat\/wp-content\/uploads\/2021\/05\/IMG-20210518-WA0017-200x267.jpg 200w, https:\/\/www.esplac.cat\/wp-content\/uploads\/2021\/05\/IMG-20210518-WA0017-225x300.jpg 225w, https:\/\/www.esplac.cat\/wp-content\/uploads\/2021\/05\/IMG-20210518-WA0017-400x533.jpg 400w, https:\/\/www.esplac.cat\/wp-content\/uploads\/2021\/05\/IMG-20210518-WA0017-600x800.jpg 600w, https:\/\/www.esplac.cat\/wp-content\/uploads\/2021\/05\/IMG-20210518-WA0017-768x1024.jpg 768w, https:\/\/www.esplac.cat\/wp-content\/uploads\/2021\/05\/IMG-20210518-WA0017-800x1067.jpg 800w, https:\/\/www.esplac.cat\/wp-content\/uploads\/2021\/05\/IMG-20210518-WA0017-1152x1536.jpg 1152w, https:\/\/www.esplac.cat\/wp-content\/uploads\/2021\/05\/IMG-20210518-WA0017-1200x1600.jpg 1200w, https:\/\/www.esplac.cat\/wp-content\/uploads\/2021\/05\/IMG-20210518-WA0017.jpg 1536w\" sizes=\"(max-width: 225px) 100vw, 225px\" \/><\/a>\n\t\t\t<\/dt><\/dl><dl class='gallery-item'>\n\t\t\t<dt class='gallery-icon landscape'>\n\t\t\t\t<a data-rel=\"iLightbox[postimages]\" data-title=\"IMG-20210518-WA0010\" data-caption=\"\" href='https:\/\/www.esplac.cat\/wp-content\/uploads\/2021\/05\/IMG-20210518-WA0010.jpg'><img decoding=\"async\" width=\"300\" height=\"225\" src=\"https:\/\/www.esplac.cat\/wp-content\/uploads\/2021\/05\/IMG-20210518-WA0010-300x225.jpg\" class=\"attachment-medium size-medium\" alt=\"\" srcset=\"https:\/\/www.esplac.cat\/wp-content\/uploads\/2021\/05\/IMG-20210518-WA0010-200x150.jpg 200w, https:\/\/www.esplac.cat\/wp-content\/uploads\/2021\/05\/IMG-20210518-WA0010-300x225.jpg 300w, https:\/\/www.esplac.cat\/wp-content\/uploads\/2021\/05\/IMG-20210518-WA0010-400x300.jpg 400w, https:\/\/www.esplac.cat\/wp-content\/uploads\/2021\/05\/IMG-20210518-WA0010-600x450.jpg 600w, https:\/\/www.esplac.cat\/wp-content\/uploads\/2021\/05\/IMG-20210518-WA0010-768x576.jpg 768w, https:\/\/www.esplac.cat\/wp-content\/uploads\/2021\/05\/IMG-20210518-WA0010-800x600.jpg 800w, https:\/\/www.esplac.cat\/wp-content\/uploads\/2021\/05\/IMG-20210518-WA0010-1024x768.jpg 1024w, https:\/\/www.esplac.cat\/wp-content\/uploads\/2021\/05\/IMG-20210518-WA0010-1200x900.jpg 1200w, https:\/\/www.esplac.cat\/wp-content\/uploads\/2021\/05\/IMG-20210518-WA0010-1536x1152.jpg 1536w\" sizes=\"(max-width: 300px) 100vw, 300px\" \/><\/a>\n\t\t\t<\/dt><\/dl><br style=\"clear: both\" \/><dl class='gallery-item'>\n\t\t\t<dt class='gallery-icon portrait'>\n\t\t\t\t<a data-rel=\"iLightbox[postimages]\" data-title=\"IMG-20210518-WA0007\" data-caption=\"\" href='https:\/\/www.esplac.cat\/wp-content\/uploads\/2021\/05\/IMG-20210518-WA0007.jpg'><img decoding=\"async\" width=\"225\" height=\"300\" src=\"https:\/\/www.esplac.cat\/wp-content\/uploads\/2021\/05\/IMG-20210518-WA0007-225x300.jpg\" class=\"attachment-medium size-medium\" alt=\"\" srcset=\"https:\/\/www.esplac.cat\/wp-content\/uploads\/2021\/05\/IMG-20210518-WA0007-200x267.jpg 200w, https:\/\/www.esplac.cat\/wp-content\/uploads\/2021\/05\/IMG-20210518-WA0007-225x300.jpg 225w, https:\/\/www.esplac.cat\/wp-content\/uploads\/2021\/05\/IMG-20210518-WA0007-400x533.jpg 400w, https:\/\/www.esplac.cat\/wp-content\/uploads\/2021\/05\/IMG-20210518-WA0007-600x800.jpg 600w, https:\/\/www.esplac.cat\/wp-content\/uploads\/2021\/05\/IMG-20210518-WA0007-768x1024.jpg 768w, https:\/\/www.esplac.cat\/wp-content\/uploads\/2021\/05\/IMG-20210518-WA0007-800x1067.jpg 800w, https:\/\/www.esplac.cat\/wp-content\/uploads\/2021\/05\/IMG-20210518-WA0007-1152x1536.jpg 1152w, https:\/\/www.esplac.cat\/wp-content\/uploads\/2021\/05\/IMG-20210518-WA0007-1200x1600.jpg 1200w, https:\/\/www.esplac.cat\/wp-content\/uploads\/2021\/05\/IMG-20210518-WA0007.jpg 1500w\" sizes=\"(max-width: 225px) 100vw, 225px\" \/><\/a>\n\t\t\t<\/dt><\/dl><dl class='gallery-item'>\n\t\t\t<dt class='gallery-icon portrait'>\n\t\t\t\t<a data-rel=\"iLightbox[postimages]\" data-title=\"IMG-20210518-WA0004\" data-caption=\"\" href='https:\/\/www.esplac.cat\/wp-content\/uploads\/2021\/05\/IMG-20210518-WA0004.jpg'><img decoding=\"async\" width=\"225\" height=\"300\" src=\"https:\/\/www.esplac.cat\/wp-content\/uploads\/2021\/05\/IMG-20210518-WA0004-225x300.jpg\" class=\"attachment-medium size-medium\" alt=\"\" srcset=\"https:\/\/www.esplac.cat\/wp-content\/uploads\/2021\/05\/IMG-20210518-WA0004-200x267.jpg 200w, https:\/\/www.esplac.cat\/wp-content\/uploads\/2021\/05\/IMG-20210518-WA0004-225x300.jpg 225w, https:\/\/www.esplac.cat\/wp-content\/uploads\/2021\/05\/IMG-20210518-WA0004-400x533.jpg 400w, https:\/\/www.esplac.cat\/wp-content\/uploads\/2021\/05\/IMG-20210518-WA0004-600x800.jpg 600w, https:\/\/www.esplac.cat\/wp-content\/uploads\/2021\/05\/IMG-20210518-WA0004-768x1024.jpg 768w, https:\/\/www.esplac.cat\/wp-content\/uploads\/2021\/05\/IMG-20210518-WA0004-800x1067.jpg 800w, https:\/\/www.esplac.cat\/wp-content\/uploads\/2021\/05\/IMG-20210518-WA0004-1152x1536.jpg 1152w, https:\/\/www.esplac.cat\/wp-content\/uploads\/2021\/05\/IMG-20210518-WA0004-1200x1600.jpg 1200w, https:\/\/www.esplac.cat\/wp-content\/uploads\/2021\/05\/IMG-20210518-WA0004.jpg 1500w\" sizes=\"(max-width: 225px) 100vw, 225px\" \/><\/a>\n\t\t\t<\/dt><\/dl>\n\t\t\t<br style='clear: both' \/>\n\t\t<\/div>\n\n","protected":false},"excerpt":{"rendered":"<p>Diumenge 16 de maig es van celebrar les segones Jornades [&hellip;]<\/p>\n","protected":false},"author":3,"featured_media":36336,"comment_status":"closed","ping_status":"closed","sticky":false,"template":"","format":"standard","meta":{"om_disable_all_campaigns":false,"_monsterinsights_skip_tracking":false,"_monsterinsights_sitenote_active":false,"_monsterinsights_sitenote_note":"","_monsterinsights_sitenote_category":0,"_uf_show_specific_survey":0,"_uf_disable_surveys":false,"footnotes":""},"categories":[1160],"tags":[],"class_list":["post-36335","post","type-post","status-publish","format-standard","has-post-thumbnail","hentry","category-comissio-gsdd"],"yoast_head":"<!-- This site is optimized with the Yoast SEO plugin v27.5 - https:\/\/yoast.com\/product\/yoast-seo-wordpress\/ -->\n<title>Mirades i realitats diverses sobre desig sexual a les II Jornades Dissidents - Esplac<\/title>\n<meta name=\"robots\" content=\"index, follow, max-snippet:-1, max-image-preview:large, max-video-preview:-1\" \/>\n<link rel=\"canonical\" href=\"https:\/\/www.esplac.cat\/en\/mirades-realitats-diverses-desig-sexual-jornades-dissidents\/\" \/>\n<meta property=\"og:locale\" content=\"en_US\" \/>\n<meta property=\"og:type\" content=\"article\" \/>\n<meta property=\"og:title\" content=\"Mirades i realitats diverses sobre desig sexual a les II Jornades Dissidents - Esplac\" \/>\n<meta property=\"og:description\" content=\"Diumenge 16 de maig es van celebrar les segones Jornades [&hellip;]\" \/>\n<meta property=\"og:url\" content=\"https:\/\/www.esplac.cat\/en\/mirades-realitats-diverses-desig-sexual-jornades-dissidents\/\" \/>\n<meta property=\"og:site_name\" content=\"Esplac\" \/>\n<meta property=\"article:published_time\" content=\"2021-05-19T10:39:37+00:00\" \/>\n<meta property=\"article:modified_time\" content=\"2021-05-19T10:43:59+00:00\" \/>\n<meta property=\"og:image\" content=\"https:\/\/www.esplac.cat\/wp-content\/uploads\/2021\/05\/portada_dissidents.jpg\" \/>\n\t<meta property=\"og:image:width\" content=\"1697\" \/>\n\t<meta property=\"og:image:height\" content=\"700\" \/>\n\t<meta property=\"og:image:type\" content=\"image\/jpeg\" \/>\n<meta name=\"author\" content=\"Comunicaci\u00f3 Esplac\" \/>\n<meta name=\"twitter:card\" content=\"summary_large_image\" \/>\n<meta name=\"twitter:label1\" content=\"Written by\" \/>\n\t<meta name=\"twitter:data1\" content=\"Comunicaci\u00f3 Esplac\" \/>\n\t<meta name=\"twitter:label2\" content=\"Est. reading time\" \/>\n\t<meta name=\"twitter:data2\" content=\"3 minutes\" \/>\n<script type=\"application\/ld+json\" class=\"yoast-schema-graph\">{\"@context\":\"https:\\\/\\\/schema.org\",\"@graph\":[{\"@type\":\"Article\",\"@id\":\"https:\\\/\\\/www.esplac.cat\\\/en\\\/mirades-realitats-diverses-desig-sexual-jornades-dissidents\\\/#article\",\"isPartOf\":{\"@id\":\"https:\\\/\\\/www.esplac.cat\\\/en\\\/mirades-realitats-diverses-desig-sexual-jornades-dissidents\\\/\"},\"author\":{\"name\":\"Comunicaci\u00f3 Esplac\",\"@id\":\"https:\\\/\\\/www.esplac.cat\\\/#\\\/schema\\\/person\\\/908383cf240be18b68f8855d0583faca\"},\"headline\":\"Mirades i realitats diverses sobre desig sexual a les II Jornades Dissidents\",\"datePublished\":\"2021-05-19T10:39:37+00:00\",\"dateModified\":\"2021-05-19T10:43:59+00:00\",\"mainEntityOfPage\":{\"@id\":\"https:\\\/\\\/www.esplac.cat\\\/en\\\/mirades-realitats-diverses-desig-sexual-jornades-dissidents\\\/\"},\"wordCount\":629,\"publisher\":{\"@id\":\"https:\\\/\\\/www.esplac.cat\\\/#organization\"},\"image\":{\"@id\":\"https:\\\/\\\/www.esplac.cat\\\/en\\\/mirades-realitats-diverses-desig-sexual-jornades-dissidents\\\/#primaryimage\"},\"thumbnailUrl\":\"https:\\\/\\\/www.esplac.cat\\\/wp-content\\\/uploads\\\/2021\\\/05\\\/portada_dissidents.jpg\",\"articleSection\":[\"Comissi\u00f3 GSDD\"],\"inLanguage\":\"en-US\"},{\"@type\":\"WebPage\",\"@id\":\"https:\\\/\\\/www.esplac.cat\\\/en\\\/mirades-realitats-diverses-desig-sexual-jornades-dissidents\\\/\",\"url\":\"https:\\\/\\\/www.esplac.cat\\\/en\\\/mirades-realitats-diverses-desig-sexual-jornades-dissidents\\\/\",\"name\":\"Mirades i realitats diverses sobre desig sexual a les II Jornades Dissidents - Esplac\",\"isPartOf\":{\"@id\":\"https:\\\/\\\/www.esplac.cat\\\/#website\"},\"primaryImageOfPage\":{\"@id\":\"https:\\\/\\\/www.esplac.cat\\\/en\\\/mirades-realitats-diverses-desig-sexual-jornades-dissidents\\\/#primaryimage\"},\"image\":{\"@id\":\"https:\\\/\\\/www.esplac.cat\\\/en\\\/mirades-realitats-diverses-desig-sexual-jornades-dissidents\\\/#primaryimage\"},\"thumbnailUrl\":\"https:\\\/\\\/www.esplac.cat\\\/wp-content\\\/uploads\\\/2021\\\/05\\\/portada_dissidents.jpg\",\"datePublished\":\"2021-05-19T10:39:37+00:00\",\"dateModified\":\"2021-05-19T10:43:59+00:00\",\"breadcrumb\":{\"@id\":\"https:\\\/\\\/www.esplac.cat\\\/en\\\/mirades-realitats-diverses-desig-sexual-jornades-dissidents\\\/#breadcrumb\"},\"inLanguage\":\"en-US\",\"potentialAction\":[{\"@type\":\"ReadAction\",\"target\":[\"https:\\\/\\\/www.esplac.cat\\\/en\\\/mirades-realitats-diverses-desig-sexual-jornades-dissidents\\\/\"]}]},{\"@type\":\"ImageObject\",\"inLanguage\":\"en-US\",\"@id\":\"https:\\\/\\\/www.esplac.cat\\\/en\\\/mirades-realitats-diverses-desig-sexual-jornades-dissidents\\\/#primaryimage\",\"url\":\"https:\\\/\\\/www.esplac.cat\\\/wp-content\\\/uploads\\\/2021\\\/05\\\/portada_dissidents.jpg\",\"contentUrl\":\"https:\\\/\\\/www.esplac.cat\\\/wp-content\\\/uploads\\\/2021\\\/05\\\/portada_dissidents.jpg\",\"width\":1697,\"height\":700},{\"@type\":\"BreadcrumbList\",\"@id\":\"https:\\\/\\\/www.esplac.cat\\\/en\\\/mirades-realitats-diverses-desig-sexual-jornades-dissidents\\\/#breadcrumb\",\"itemListElement\":[{\"@type\":\"ListItem\",\"position\":1,\"name\":\"Inici\",\"item\":\"https:\\\/\\\/www.esplac.cat\\\/en\\\/\"},{\"@type\":\"ListItem\",\"position\":2,\"name\":\"Mirades i realitats diverses sobre desig sexual a les II Jornades Dissidents\"}]},{\"@type\":\"WebSite\",\"@id\":\"https:\\\/\\\/www.esplac.cat\\\/#website\",\"url\":\"https:\\\/\\\/www.esplac.cat\\\/\",\"name\":\"Esplac\",\"description\":\"Esplais Catalans\",\"publisher\":{\"@id\":\"https:\\\/\\\/www.esplac.cat\\\/#organization\"},\"potentialAction\":[{\"@type\":\"SearchAction\",\"target\":{\"@type\":\"EntryPoint\",\"urlTemplate\":\"https:\\\/\\\/www.esplac.cat\\\/?s={search_term_string}\"},\"query-input\":{\"@type\":\"PropertyValueSpecification\",\"valueRequired\":true,\"valueName\":\"search_term_string\"}}],\"inLanguage\":\"en-US\"},{\"@type\":\"Organization\",\"@id\":\"https:\\\/\\\/www.esplac.cat\\\/#organization\",\"name\":\"Esplac\",\"url\":\"https:\\\/\\\/www.esplac.cat\\\/\",\"logo\":{\"@type\":\"ImageObject\",\"inLanguage\":\"en-US\",\"@id\":\"https:\\\/\\\/www.esplac.cat\\\/#\\\/schema\\\/logo\\\/image\\\/\",\"url\":\"https:\\\/\\\/www.esplac.cat\\\/wp-content\\\/uploads\\\/2019\\\/08\\\/logox2.png\",\"contentUrl\":\"https:\\\/\\\/www.esplac.cat\\\/wp-content\\\/uploads\\\/2019\\\/08\\\/logox2.png\",\"width\":600,\"height\":295,\"caption\":\"Esplac\"},\"image\":{\"@id\":\"https:\\\/\\\/www.esplac.cat\\\/#\\\/schema\\\/logo\\\/image\\\/\"}},{\"@type\":\"Person\",\"@id\":\"https:\\\/\\\/www.esplac.cat\\\/#\\\/schema\\\/person\\\/908383cf240be18b68f8855d0583faca\",\"name\":\"Comunicaci\u00f3 Esplac\",\"image\":{\"@type\":\"ImageObject\",\"inLanguage\":\"en-US\",\"@id\":\"https:\\\/\\\/secure.gravatar.com\\\/avatar\\\/7a4cf8feb412a76ea4a740ca02d95b06b2907b5a6c648c2dd0a1082a093c3141?s=96&d=mm&r=g\",\"url\":\"https:\\\/\\\/secure.gravatar.com\\\/avatar\\\/7a4cf8feb412a76ea4a740ca02d95b06b2907b5a6c648c2dd0a1082a093c3141?s=96&d=mm&r=g\",\"contentUrl\":\"https:\\\/\\\/secure.gravatar.com\\\/avatar\\\/7a4cf8feb412a76ea4a740ca02d95b06b2907b5a6c648c2dd0a1082a093c3141?s=96&d=mm&r=g\",\"caption\":\"Comunicaci\u00f3 Esplac\"}}]}<\/script>\n<!-- \/ Yoast SEO plugin. -->","yoast_head_json":{"title":"Mirades i realitats diverses sobre desig sexual a les II Jornades Dissidents - Esplac","robots":{"index":"index","follow":"follow","max-snippet":"max-snippet:-1","max-image-preview":"max-image-preview:large","max-video-preview":"max-video-preview:-1"},"canonical":"https:\/\/www.esplac.cat\/en\/mirades-realitats-diverses-desig-sexual-jornades-dissidents\/","og_locale":"en_US","og_type":"article","og_title":"Mirades i realitats diverses sobre desig sexual a les II Jornades Dissidents - Esplac","og_description":"Diumenge 16 de maig es van celebrar les segones Jornades [&hellip;]","og_url":"https:\/\/www.esplac.cat\/en\/mirades-realitats-diverses-desig-sexual-jornades-dissidents\/","og_site_name":"Esplac","article_published_time":"2021-05-19T10:39:37+00:00","article_modified_time":"2021-05-19T10:43:59+00:00","og_image":[{"width":1697,"height":700,"url":"https:\/\/www.esplac.cat\/wp-content\/uploads\/2021\/05\/portada_dissidents.jpg","type":"image\/jpeg"}],"author":"Comunicaci\u00f3 Esplac","twitter_card":"summary_large_image","twitter_misc":{"Written by":"Comunicaci\u00f3 Esplac","Est. reading time":"3 minutes"},"schema":{"@context":"https:\/\/schema.org","@graph":[{"@type":"Article","@id":"https:\/\/www.esplac.cat\/en\/mirades-realitats-diverses-desig-sexual-jornades-dissidents\/#article","isPartOf":{"@id":"https:\/\/www.esplac.cat\/en\/mirades-realitats-diverses-desig-sexual-jornades-dissidents\/"},"author":{"name":"Comunicaci\u00f3 Esplac","@id":"https:\/\/www.esplac.cat\/#\/schema\/person\/908383cf240be18b68f8855d0583faca"},"headline":"Mirades i realitats diverses sobre desig sexual a les II Jornades Dissidents","datePublished":"2021-05-19T10:39:37+00:00","dateModified":"2021-05-19T10:43:59+00:00","mainEntityOfPage":{"@id":"https:\/\/www.esplac.cat\/en\/mirades-realitats-diverses-desig-sexual-jornades-dissidents\/"},"wordCount":629,"publisher":{"@id":"https:\/\/www.esplac.cat\/#organization"},"image":{"@id":"https:\/\/www.esplac.cat\/en\/mirades-realitats-diverses-desig-sexual-jornades-dissidents\/#primaryimage"},"thumbnailUrl":"https:\/\/www.esplac.cat\/wp-content\/uploads\/2021\/05\/portada_dissidents.jpg","articleSection":["Comissi\u00f3 GSDD"],"inLanguage":"en-US"},{"@type":"WebPage","@id":"https:\/\/www.esplac.cat\/en\/mirades-realitats-diverses-desig-sexual-jornades-dissidents\/","url":"https:\/\/www.esplac.cat\/en\/mirades-realitats-diverses-desig-sexual-jornades-dissidents\/","name":"Mirades i realitats diverses sobre desig sexual a les II Jornades Dissidents - Esplac","isPartOf":{"@id":"https:\/\/www.esplac.cat\/#website"},"primaryImageOfPage":{"@id":"https:\/\/www.esplac.cat\/en\/mirades-realitats-diverses-desig-sexual-jornades-dissidents\/#primaryimage"},"image":{"@id":"https:\/\/www.esplac.cat\/en\/mirades-realitats-diverses-desig-sexual-jornades-dissidents\/#primaryimage"},"thumbnailUrl":"https:\/\/www.esplac.cat\/wp-content\/uploads\/2021\/05\/portada_dissidents.jpg","datePublished":"2021-05-19T10:39:37+00:00","dateModified":"2021-05-19T10:43:59+00:00","breadcrumb":{"@id":"https:\/\/www.esplac.cat\/en\/mirades-realitats-diverses-desig-sexual-jornades-dissidents\/#breadcrumb"},"inLanguage":"en-US","potentialAction":[{"@type":"ReadAction","target":["https:\/\/www.esplac.cat\/en\/mirades-realitats-diverses-desig-sexual-jornades-dissidents\/"]}]},{"@type":"ImageObject","inLanguage":"en-US","@id":"https:\/\/www.esplac.cat\/en\/mirades-realitats-diverses-desig-sexual-jornades-dissidents\/#primaryimage","url":"https:\/\/www.esplac.cat\/wp-content\/uploads\/2021\/05\/portada_dissidents.jpg","contentUrl":"https:\/\/www.esplac.cat\/wp-content\/uploads\/2021\/05\/portada_dissidents.jpg","width":1697,"height":700},{"@type":"BreadcrumbList","@id":"https:\/\/www.esplac.cat\/en\/mirades-realitats-diverses-desig-sexual-jornades-dissidents\/#breadcrumb","itemListElement":[{"@type":"ListItem","position":1,"name":"Inici","item":"https:\/\/www.esplac.cat\/en\/"},{"@type":"ListItem","position":2,"name":"Mirades i realitats diverses sobre desig sexual a les II Jornades Dissidents"}]},{"@type":"WebSite","@id":"https:\/\/www.esplac.cat\/#website","url":"https:\/\/www.esplac.cat\/","name":"Esplac","description":"Esplais Catalans","publisher":{"@id":"https:\/\/www.esplac.cat\/#organization"},"potentialAction":[{"@type":"SearchAction","target":{"@type":"EntryPoint","urlTemplate":"https:\/\/www.esplac.cat\/?s={search_term_string}"},"query-input":{"@type":"PropertyValueSpecification","valueRequired":true,"valueName":"search_term_string"}}],"inLanguage":"en-US"},{"@type":"Organization","@id":"https:\/\/www.esplac.cat\/#organization","name":"Esplac","url":"https:\/\/www.esplac.cat\/","logo":{"@type":"ImageObject","inLanguage":"en-US","@id":"https:\/\/www.esplac.cat\/#\/schema\/logo\/image\/","url":"https:\/\/www.esplac.cat\/wp-content\/uploads\/2019\/08\/logox2.png","contentUrl":"https:\/\/www.esplac.cat\/wp-content\/uploads\/2019\/08\/logox2.png","width":600,"height":295,"caption":"Esplac"},"image":{"@id":"https:\/\/www.esplac.cat\/#\/schema\/logo\/image\/"}},{"@type":"Person","@id":"https:\/\/www.esplac.cat\/#\/schema\/person\/908383cf240be18b68f8855d0583faca","name":"Comunicaci\u00f3 Esplac","image":{"@type":"ImageObject","inLanguage":"en-US","@id":"https:\/\/secure.gravatar.com\/avatar\/7a4cf8feb412a76ea4a740ca02d95b06b2907b5a6c648c2dd0a1082a093c3141?s=96&d=mm&r=g","url":"https:\/\/secure.gravatar.com\/avatar\/7a4cf8feb412a76ea4a740ca02d95b06b2907b5a6c648c2dd0a1082a093c3141?s=96&d=mm&r=g","contentUrl":"https:\/\/secure.gravatar.com\/avatar\/7a4cf8feb412a76ea4a740ca02d95b06b2907b5a6c648c2dd0a1082a093c3141?s=96&d=mm&r=g","caption":"Comunicaci\u00f3 Esplac"}}]}},"_links":{"self":[{"href":"https:\/\/www.esplac.cat\/en\/wp-json\/wp\/v2\/posts\/36335","targetHints":{"allow":["GET"]}}],"collection":[{"href":"https:\/\/www.esplac.cat\/en\/wp-json\/wp\/v2\/posts"}],"about":[{"href":"https:\/\/www.esplac.cat\/en\/wp-json\/wp\/v2\/types\/post"}],"author":[{"embeddable":true,"href":"https:\/\/www.esplac.cat\/en\/wp-json\/wp\/v2\/users\/3"}],"replies":[{"embeddable":true,"href":"https:\/\/www.esplac.cat\/en\/wp-json\/wp\/v2\/comments?post=36335"}],"version-history":[{"count":0,"href":"https:\/\/www.esplac.cat\/en\/wp-json\/wp\/v2\/posts\/36335\/revisions"}],"wp:featuredmedia":[{"embeddable":true,"href":"https:\/\/www.esplac.cat\/en\/wp-json\/wp\/v2\/media\/36336"}],"wp:attachment":[{"href":"https:\/\/www.esplac.cat\/en\/wp-json\/wp\/v2\/media?parent=36335"}],"wp:term":[{"taxonomy":"category","embeddable":true,"href":"https:\/\/www.esplac.cat\/en\/wp-json\/wp\/v2\/categories?post=36335"},{"taxonomy":"post_tag","embeddable":true,"href":"https:\/\/www.esplac.cat\/en\/wp-json\/wp\/v2\/tags?post=36335"}],"curies":[{"name":"wp","href":"https:\/\/api.w.org\/{rel}","templated":true}]}}