{"id":36396,"date":"2021-05-26T11:59:55","date_gmt":"2021-05-26T10:59:55","guid":{"rendered":"https:\/\/www.esplac.cat\/?p=36396"},"modified":"2021-05-27T08:51:18","modified_gmt":"2021-05-27T07:51:18","slug":"autoanalisi-autoorganitzacio-primera-excursio-kids-got-rights","status":"publish","type":"post","link":"https:\/\/www.esplac.cat\/en\/autoanalisi-autoorganitzacio-primera-excursio-kids-got-rights\/","title":{"rendered":"Autoan\u00e0lisi i autoorganitzaci\u00f3 a la primera excursi\u00f3 del Kids Got Rights"},"content":{"rendered":"<h6><strong>Aquest passat cap de setmana el grup d&#8217;infants que participen al projecte Kids Got Rights van fer la primera excursi\u00f3 del projecte! Una excursi\u00f3 de dos dies per con\u00e8ixer els drets dels infants i treballar l&#8217;autoan\u00e0lisi i l&#8217;autoorganitzaci\u00f3<\/strong><\/h6>\n<p>El Kids Got Rights \u00e9s un projecte internacional, coordinat per\u00a0 l<span style=\"color: #ff9900;\">\u2019<a style=\"color: #ff9900;\" href=\"https:\/\/ifm-sei.org\/\" target=\"_blank\" rel=\"noopener noreferrer\">IFM-SEI<\/a><\/span>,\u00a0que\u00a0<strong>reclama els Drets dels Infants i on els propis infants s\u00f3n els protagonistes<\/strong>\u00a0<strong>del seu desenvolupament i implementaci\u00f3, fomentant la participaci\u00f3 infantil.\u00a0<\/strong>Compta amb la participaci\u00f3 d\u2019Esplac (amb l\u2019esplai Xirusplai del\u00a0<span style=\"color: #ff9900;\"><a style=\"color: #ff9900;\" href=\"https:\/\/www.esplac.cat\/sectors-geografics\/baix-besos\/\" target=\"_blank\" rel=\"noopener noreferrer\">Sector Baix Bes\u00f2s<\/a><\/span>)\u00a0i d\u2019altres entitats d\u2019educaci\u00f3 no-formal d\u2019Anglaterra, It\u00e0lia, Dinamarca, Eslov\u00e8nia, Finl\u00e0ndia i Alemanya, aix\u00ed com tamb\u00e9 hi participa la Universitat de Barcelona. El Kids Got Rights \u00e9s un projecte emmarcat en el\u00a0<span style=\"font-weight: 400;\">Justice Programme\u00a0<\/span><span style=\"font-weight: 400;\">(2014-2020)\u00a0<\/span>de la Uni\u00f3 Europea.<\/p>\n<p>Aquest passat cap de setmana, el grup de mitjans grans de l&#8217;esplai Xiursplai van fer una excursi\u00f3 interna amb la Universitat de Barcelona enfocada a treballar l&#8217;autoan\u00e0lisi i autoorganitzaci\u00f3 del grup, basant-se en el coneixement dels drets dels infants. Aquesta excursi\u00f3 la van preparar el dissabte anterior a l&#8217;esplai: grups, activitats, men\u00fas&#8230; tot ho van decidir els propis infants!<\/p>\n<p><strong>Dissabte tarda<\/strong><\/p>\n<p>L&#8217;experi\u00e8ncia va comen\u00e7ar amb una primera activitat molt introspectiva. Van fer un debat en silenci per fer-se preguntes &#8220;self analysis&#8221;: <em><strong>Qu\u00e8 \u00e9s un dret? Per qu\u00e8 els infants han de tenir drets? Tots tenen els mateixos drets?<\/strong> <strong>Els seguim dia a dia? <\/strong><\/em>Una de les q\u00fcestions principals que va sorgir va ser si tenir amics era un dret o no&#8230; van tenir un debat molt interessant sobre el tema! Tot seguit, es va continuar amb una segona activitat sobre coneixen\u00e7a dels drets: van repartir-los entre totes i tots per fer un joc de m\u00edmica i descobrir-los.<\/p>\n<p><strong>Diumenge mat\u00ed<\/strong><\/p>\n<p><span style=\"font-weight: 400;\">Diumenge van continuar amb l&#8217;activitat del dia anterior, es van repartir els drets en dos grups i es van explicar per acabar d&#8217;entendre&#8217;ls. Per\u00f2, finalment, els van haver de definir els infants amb les seves pr\u00f2pies paraules perqu\u00e8 estaven escrits de manera que no els acabaven d&#8217;entendre&#8230;<\/span><\/p>\n<p>Durant el cap de setmana, tamb\u00e9\u00a0van con\u00e8ixer a la Laia, la companya de la Universitat de Barcelona (UB) que est\u00e0 dins del <strong>Grup de Recerca en Educaci\u00f3 Moral (<span style=\"color: #f69d0b;\"><a style=\"color: #f69d0b;\" href=\"http:\/\/www.ub.edu\/GREM\/inici\/\" target=\"_blank\" rel=\"noopener noreferrer\">GREM<\/a><\/span>)<\/strong> i que els acompanyar\u00e0 durant el transcurs del projecte.<\/p>\n<p>En definitiva, durant l&#8217;excursi\u00f3, els infants del Kids Got Rights van poder treballar qu\u00e8 s\u00f3n els drets, quins s\u00f3n, si creuen que els tenen tots els infants i van debatre sobre tot aix\u00f2 a partir d&#8217;activitats. A m\u00e9s, es van treballar tamb\u00e9 els drets recollits a la UNESCO i els van llistar per poder entendre&#8217;ls. La conlcusi\u00f3 a la que es va arribar \u00e9s que <strong>els drets no estan fets perqu\u00e8 els entenguin els infants.<\/strong><\/p>\n<p>Tot el que han pogut treballar aquest cap de setmana ho compartiran fent un &#8220;<em>report<\/em>&#8221; que es presentar\u00e0 a la trobada internacional a Roma, a l&#8217;agost, on hi participaran la resta d&#8217;entitats i infants d&#8217;arreu del m\u00f3n.<\/p>\n\n\t\t<style type=\"text\/css\">\n\t\t\t#gallery-1 {\n\t\t\t\tmargin: auto;\n\t\t\t}\n\t\t\t#gallery-1 .gallery-item {\n\t\t\t\tfloat: left;\n\t\t\t\tmargin-top: 10px;\n\t\t\t\ttext-align: center;\n\t\t\t\twidth: 50%;\n\t\t\t}\n\t\t\t#gallery-1 img {\n\t\t\t\tborder: 2px solid #cfcfcf;\n\t\t\t}\n\t\t\t#gallery-1 .gallery-caption {\n\t\t\t\tmargin-left: 0;\n\t\t\t}\n\t\t\t\/* see gallery_shortcode() in wp-includes\/media.php *\/\n\t\t<\/style>\n\t\t<div id='gallery-1' class='gallery galleryid-36396 gallery-columns-2 gallery-size-full'><dl class='gallery-item'>\n\t\t\t<dt class='gallery-icon landscape'>\n\t\t\t\t<a data-rel=\"iLightbox[postimages]\" data-title=\"IMG-4060\" data-caption=\"\" href='https:\/\/www.esplac.cat\/en\/img-4060-2\/'><img decoding=\"async\" width=\"2560\" height=\"1920\" src=\"https:\/\/www.esplac.cat\/wp-content\/uploads\/2021\/05\/IMG-4060-scaled.jpg\" class=\"attachment-full size-full\" alt=\"\" srcset=\"https:\/\/www.esplac.cat\/wp-content\/uploads\/2021\/05\/IMG-4060-200x150.jpg 200w, https:\/\/www.esplac.cat\/wp-content\/uploads\/2021\/05\/IMG-4060-300x225.jpg 300w, https:\/\/www.esplac.cat\/wp-content\/uploads\/2021\/05\/IMG-4060-400x300.jpg 400w, https:\/\/www.esplac.cat\/wp-content\/uploads\/2021\/05\/IMG-4060-600x450.jpg 600w, https:\/\/www.esplac.cat\/wp-content\/uploads\/2021\/05\/IMG-4060-768x576.jpg 768w, https:\/\/www.esplac.cat\/wp-content\/uploads\/2021\/05\/IMG-4060-800x600.jpg 800w, https:\/\/www.esplac.cat\/wp-content\/uploads\/2021\/05\/IMG-4060-1024x768.jpg 1024w, https:\/\/www.esplac.cat\/wp-content\/uploads\/2021\/05\/IMG-4060-1200x900.jpg 1200w, https:\/\/www.esplac.cat\/wp-content\/uploads\/2021\/05\/IMG-4060-1536x1152.jpg 1536w, https:\/\/www.esplac.cat\/wp-content\/uploads\/2021\/05\/IMG-4060-scaled.jpg 2560w\" sizes=\"(max-width: 2560px) 100vw, 2560px\" \/><\/a>\n\t\t\t<\/dt><\/dl><dl class='gallery-item'>\n\t\t\t<dt class='gallery-icon landscape'>\n\t\t\t\t<a data-rel=\"iLightbox[postimages]\" data-title=\"WhatsApp Image 2021-05-26 at 12.51.39 (6)\" data-caption=\"\" href='https:\/\/www.esplac.cat\/en\/whatsapp-image-2021-05-26-at-12-51-39-6-2\/'><img decoding=\"async\" width=\"1600\" height=\"1200\" src=\"https:\/\/www.esplac.cat\/wp-content\/uploads\/2021\/05\/WhatsApp-Image-2021-05-26-at-12.51.39-6.jpeg\" class=\"attachment-full size-full\" alt=\"\" srcset=\"https:\/\/www.esplac.cat\/wp-content\/uploads\/2021\/05\/WhatsApp-Image-2021-05-26-at-12.51.39-6-200x150.jpeg 200w, https:\/\/www.esplac.cat\/wp-content\/uploads\/2021\/05\/WhatsApp-Image-2021-05-26-at-12.51.39-6-300x225.jpeg 300w, https:\/\/www.esplac.cat\/wp-content\/uploads\/2021\/05\/WhatsApp-Image-2021-05-26-at-12.51.39-6-400x300.jpeg 400w, https:\/\/www.esplac.cat\/wp-content\/uploads\/2021\/05\/WhatsApp-Image-2021-05-26-at-12.51.39-6-600x450.jpeg 600w, https:\/\/www.esplac.cat\/wp-content\/uploads\/2021\/05\/WhatsApp-Image-2021-05-26-at-12.51.39-6-768x576.jpeg 768w, https:\/\/www.esplac.cat\/wp-content\/uploads\/2021\/05\/WhatsApp-Image-2021-05-26-at-12.51.39-6-800x600.jpeg 800w, https:\/\/www.esplac.cat\/wp-content\/uploads\/2021\/05\/WhatsApp-Image-2021-05-26-at-12.51.39-6-1024x768.jpeg 1024w, https:\/\/www.esplac.cat\/wp-content\/uploads\/2021\/05\/WhatsApp-Image-2021-05-26-at-12.51.39-6-1200x900.jpeg 1200w, https:\/\/www.esplac.cat\/wp-content\/uploads\/2021\/05\/WhatsApp-Image-2021-05-26-at-12.51.39-6-1536x1152.jpeg 1536w, https:\/\/www.esplac.cat\/wp-content\/uploads\/2021\/05\/WhatsApp-Image-2021-05-26-at-12.51.39-6.jpeg 1600w\" sizes=\"(max-width: 1600px) 100vw, 1600px\" \/><\/a>\n\t\t\t<\/dt><\/dl><br style=\"clear: both\" \/><dl class='gallery-item'>\n\t\t\t<dt class='gallery-icon landscape'>\n\t\t\t\t<a data-rel=\"iLightbox[postimages]\" data-title=\"WhatsApp Image 2021-05-26 at 12.51.39 (2)\" data-caption=\"\" href='https:\/\/www.esplac.cat\/en\/whatsapp-image-2021-05-26-at-12-51-39-2-2\/'><img decoding=\"async\" width=\"1600\" height=\"1200\" src=\"https:\/\/www.esplac.cat\/wp-content\/uploads\/2021\/05\/WhatsApp-Image-2021-05-26-at-12.51.39-2.jpeg\" class=\"attachment-full size-full\" alt=\"\" srcset=\"https:\/\/www.esplac.cat\/wp-content\/uploads\/2021\/05\/WhatsApp-Image-2021-05-26-at-12.51.39-2-200x150.jpeg 200w, https:\/\/www.esplac.cat\/wp-content\/uploads\/2021\/05\/WhatsApp-Image-2021-05-26-at-12.51.39-2-300x225.jpeg 300w, https:\/\/www.esplac.cat\/wp-content\/uploads\/2021\/05\/WhatsApp-Image-2021-05-26-at-12.51.39-2-400x300.jpeg 400w, https:\/\/www.esplac.cat\/wp-content\/uploads\/2021\/05\/WhatsApp-Image-2021-05-26-at-12.51.39-2-600x450.jpeg 600w, https:\/\/www.esplac.cat\/wp-content\/uploads\/2021\/05\/WhatsApp-Image-2021-05-26-at-12.51.39-2-768x576.jpeg 768w, https:\/\/www.esplac.cat\/wp-content\/uploads\/2021\/05\/WhatsApp-Image-2021-05-26-at-12.51.39-2-800x600.jpeg 800w, https:\/\/www.esplac.cat\/wp-content\/uploads\/2021\/05\/WhatsApp-Image-2021-05-26-at-12.51.39-2-1024x768.jpeg 1024w, https:\/\/www.esplac.cat\/wp-content\/uploads\/2021\/05\/WhatsApp-Image-2021-05-26-at-12.51.39-2-1200x900.jpeg 1200w, https:\/\/www.esplac.cat\/wp-content\/uploads\/2021\/05\/WhatsApp-Image-2021-05-26-at-12.51.39-2-1536x1152.jpeg 1536w, https:\/\/www.esplac.cat\/wp-content\/uploads\/2021\/05\/WhatsApp-Image-2021-05-26-at-12.51.39-2.jpeg 1600w\" sizes=\"(max-width: 1600px) 100vw, 1600px\" \/><\/a>\n\t\t\t<\/dt><\/dl><dl class='gallery-item'>\n\t\t\t<dt class='gallery-icon landscape'>\n\t\t\t\t<a data-rel=\"iLightbox[postimages]\" data-title=\"WhatsApp Image 2021-05-26 at 12.51.39 (3)\" data-caption=\"\" href='https:\/\/www.esplac.cat\/en\/whatsapp-image-2021-05-26-at-12-51-39-3-2\/'><img decoding=\"async\" width=\"1600\" height=\"1200\" src=\"https:\/\/www.esplac.cat\/wp-content\/uploads\/2021\/05\/WhatsApp-Image-2021-05-26-at-12.51.39-3.jpeg\" class=\"attachment-full size-full\" alt=\"\" srcset=\"https:\/\/www.esplac.cat\/wp-content\/uploads\/2021\/05\/WhatsApp-Image-2021-05-26-at-12.51.39-3-200x150.jpeg 200w, https:\/\/www.esplac.cat\/wp-content\/uploads\/2021\/05\/WhatsApp-Image-2021-05-26-at-12.51.39-3-300x225.jpeg 300w, https:\/\/www.esplac.cat\/wp-content\/uploads\/2021\/05\/WhatsApp-Image-2021-05-26-at-12.51.39-3-400x300.jpeg 400w, https:\/\/www.esplac.cat\/wp-content\/uploads\/2021\/05\/WhatsApp-Image-2021-05-26-at-12.51.39-3-600x450.jpeg 600w, https:\/\/www.esplac.cat\/wp-content\/uploads\/2021\/05\/WhatsApp-Image-2021-05-26-at-12.51.39-3-768x576.jpeg 768w, https:\/\/www.esplac.cat\/wp-content\/uploads\/2021\/05\/WhatsApp-Image-2021-05-26-at-12.51.39-3-800x600.jpeg 800w, https:\/\/www.esplac.cat\/wp-content\/uploads\/2021\/05\/WhatsApp-Image-2021-05-26-at-12.51.39-3-1024x768.jpeg 1024w, https:\/\/www.esplac.cat\/wp-content\/uploads\/2021\/05\/WhatsApp-Image-2021-05-26-at-12.51.39-3-1200x900.jpeg 1200w, https:\/\/www.esplac.cat\/wp-content\/uploads\/2021\/05\/WhatsApp-Image-2021-05-26-at-12.51.39-3-1536x1152.jpeg 1536w, https:\/\/www.esplac.cat\/wp-content\/uploads\/2021\/05\/WhatsApp-Image-2021-05-26-at-12.51.39-3.jpeg 1600w\" sizes=\"(max-width: 1600px) 100vw, 1600px\" \/><\/a>\n\t\t\t<\/dt><\/dl><br style=\"clear: both\" \/><dl class='gallery-item'>\n\t\t\t<dt class='gallery-icon landscape'>\n\t\t\t\t<a data-rel=\"iLightbox[postimages]\" data-title=\"WhatsApp Image 2021-05-26 at 12.51.39 (5)\" data-caption=\"\" href='https:\/\/www.esplac.cat\/en\/whatsapp-image-2021-05-26-at-12-51-39-5-2\/'><img decoding=\"async\" width=\"1600\" height=\"900\" src=\"https:\/\/www.esplac.cat\/wp-content\/uploads\/2021\/05\/WhatsApp-Image-2021-05-26-at-12.51.39-5.jpeg\" class=\"attachment-full size-full\" alt=\"\" srcset=\"https:\/\/www.esplac.cat\/wp-content\/uploads\/2021\/05\/WhatsApp-Image-2021-05-26-at-12.51.39-5-200x113.jpeg 200w, https:\/\/www.esplac.cat\/wp-content\/uploads\/2021\/05\/WhatsApp-Image-2021-05-26-at-12.51.39-5-300x169.jpeg 300w, https:\/\/www.esplac.cat\/wp-content\/uploads\/2021\/05\/WhatsApp-Image-2021-05-26-at-12.51.39-5-400x225.jpeg 400w, https:\/\/www.esplac.cat\/wp-content\/uploads\/2021\/05\/WhatsApp-Image-2021-05-26-at-12.51.39-5-600x338.jpeg 600w, https:\/\/www.esplac.cat\/wp-content\/uploads\/2021\/05\/WhatsApp-Image-2021-05-26-at-12.51.39-5-768x432.jpeg 768w, https:\/\/www.esplac.cat\/wp-content\/uploads\/2021\/05\/WhatsApp-Image-2021-05-26-at-12.51.39-5-800x450.jpeg 800w, https:\/\/www.esplac.cat\/wp-content\/uploads\/2021\/05\/WhatsApp-Image-2021-05-26-at-12.51.39-5-1024x576.jpeg 1024w, https:\/\/www.esplac.cat\/wp-content\/uploads\/2021\/05\/WhatsApp-Image-2021-05-26-at-12.51.39-5-1200x675.jpeg 1200w, https:\/\/www.esplac.cat\/wp-content\/uploads\/2021\/05\/WhatsApp-Image-2021-05-26-at-12.51.39-5-1536x864.jpeg 1536w, https:\/\/www.esplac.cat\/wp-content\/uploads\/2021\/05\/WhatsApp-Image-2021-05-26-at-12.51.39-5.jpeg 1600w\" sizes=\"(max-width: 1600px) 100vw, 1600px\" \/><\/a>\n\t\t\t<\/dt><\/dl>\n\t\t\t<br style='clear: both' \/>\n\t\t<\/div>\n\n","protected":false},"excerpt":{"rendered":"<p>Aquest passat cap de setmana el grup d&#8217;infants que participen [&hellip;]<\/p>\n","protected":false},"author":3,"featured_media":36403,"comment_status":"closed","ping_status":"closed","sticky":false,"template":"","format":"standard","meta":{"om_disable_all_campaigns":false,"_monsterinsights_skip_tracking":false,"_monsterinsights_sitenote_active":false,"_monsterinsights_sitenote_note":"","_monsterinsights_sitenote_category":0,"_uf_show_specific_survey":0,"_uf_disable_surveys":false,"footnotes":""},"categories":[1112],"tags":[],"class_list":["post-36396","post","type-post","status-publish","format-standard","has-post-thumbnail","hentry","category-esplac-al-mon"],"yoast_head":"<!-- This site is optimized with the Yoast SEO plugin v27.5 - https:\/\/yoast.com\/product\/yoast-seo-wordpress\/ -->\n<title>Autoan\u00e0lisi i autoorganitzaci\u00f3 a la primera excursi\u00f3 del Kids Got Rights<\/title>\n<meta name=\"description\" content=\"Aquest passat cap de setmana el grup d&#039;infants que participen al projecte Kids Got Rights van fer la primera excursi\u00f3 del projecte! Una excursi\u00f3 de dos dies per con\u00e8ixer els drets dels infants i treballar l&#039;autoan\u00e0lisi i l&#039;autoorganitzaci\u00f3.\u00a0\" \/>\n<meta name=\"robots\" content=\"index, follow, max-snippet:-1, max-image-preview:large, max-video-preview:-1\" \/>\n<link rel=\"canonical\" href=\"https:\/\/www.esplac.cat\/autoanalisi-autoorganitzacio-primera-excursio-kids-got-rights\/\" \/>\n<meta property=\"og:locale\" content=\"en_US\" \/>\n<meta property=\"og:type\" content=\"article\" \/>\n<meta property=\"og:title\" content=\"Autoan\u00e0lisi i autoorganitzaci\u00f3 a la primera excursi\u00f3 del Kids Got Rights\" \/>\n<meta property=\"og:description\" content=\"Aquest passat cap de setmana el grup d&#039;infants que participen al projecte Kids Got Rights van fer la primera excursi\u00f3 del projecte! Una excursi\u00f3 de dos dies per con\u00e8ixer els drets dels infants i treballar l&#039;autoan\u00e0lisi i l&#039;autoorganitzaci\u00f3.\u00a0\" \/>\n<meta property=\"og:url\" content=\"https:\/\/www.esplac.cat\/autoanalisi-autoorganitzacio-primera-excursio-kids-got-rights\/\" \/>\n<meta property=\"og:site_name\" content=\"Esplac\" \/>\n<meta property=\"article:published_time\" content=\"2021-05-26T10:59:55+00:00\" \/>\n<meta property=\"article:modified_time\" content=\"2021-05-27T07:51:18+00:00\" \/>\n<meta property=\"og:image\" content=\"https:\/\/www.esplac.cat\/wp-content\/uploads\/2021\/05\/KGR.jpg\" \/>\n\t<meta property=\"og:image:width\" content=\"1697\" \/>\n\t<meta property=\"og:image:height\" content=\"700\" \/>\n\t<meta property=\"og:image:type\" content=\"image\/jpeg\" \/>\n<meta name=\"author\" content=\"Comunicaci\u00f3 Esplac\" \/>\n<meta name=\"twitter:card\" content=\"summary_large_image\" \/>\n<meta name=\"twitter:label1\" content=\"Written by\" \/>\n\t<meta name=\"twitter:data1\" content=\"Comunicaci\u00f3 Esplac\" \/>\n\t<meta name=\"twitter:label2\" content=\"Est. reading time\" \/>\n\t<meta name=\"twitter:data2\" content=\"3 minutes\" \/>\n<script type=\"application\/ld+json\" class=\"yoast-schema-graph\">{\"@context\":\"https:\\\/\\\/schema.org\",\"@graph\":[{\"@type\":\"Article\",\"@id\":\"https:\\\/\\\/www.esplac.cat\\\/autoanalisi-autoorganitzacio-primera-excursio-kids-got-rights\\\/#article\",\"isPartOf\":{\"@id\":\"https:\\\/\\\/www.esplac.cat\\\/autoanalisi-autoorganitzacio-primera-excursio-kids-got-rights\\\/\"},\"author\":{\"name\":\"Comunicaci\u00f3 Esplac\",\"@id\":\"https:\\\/\\\/www.esplac.cat\\\/#\\\/schema\\\/person\\\/908383cf240be18b68f8855d0583faca\"},\"headline\":\"Autoan\u00e0lisi i autoorganitzaci\u00f3 a la primera excursi\u00f3 del Kids Got Rights\",\"datePublished\":\"2021-05-26T10:59:55+00:00\",\"dateModified\":\"2021-05-27T07:51:18+00:00\",\"mainEntityOfPage\":{\"@id\":\"https:\\\/\\\/www.esplac.cat\\\/autoanalisi-autoorganitzacio-primera-excursio-kids-got-rights\\\/\"},\"wordCount\":539,\"publisher\":{\"@id\":\"https:\\\/\\\/www.esplac.cat\\\/#organization\"},\"image\":{\"@id\":\"https:\\\/\\\/www.esplac.cat\\\/autoanalisi-autoorganitzacio-primera-excursio-kids-got-rights\\\/#primaryimage\"},\"thumbnailUrl\":\"https:\\\/\\\/www.esplac.cat\\\/wp-content\\\/uploads\\\/2021\\\/05\\\/KGR.jpg\",\"articleSection\":[\"Esplac al m\u00f3n\"],\"inLanguage\":\"en-US\"},{\"@type\":\"WebPage\",\"@id\":\"https:\\\/\\\/www.esplac.cat\\\/autoanalisi-autoorganitzacio-primera-excursio-kids-got-rights\\\/\",\"url\":\"https:\\\/\\\/www.esplac.cat\\\/autoanalisi-autoorganitzacio-primera-excursio-kids-got-rights\\\/\",\"name\":\"Autoan\u00e0lisi i autoorganitzaci\u00f3 a la primera excursi\u00f3 del Kids Got Rights\",\"isPartOf\":{\"@id\":\"https:\\\/\\\/www.esplac.cat\\\/#website\"},\"primaryImageOfPage\":{\"@id\":\"https:\\\/\\\/www.esplac.cat\\\/autoanalisi-autoorganitzacio-primera-excursio-kids-got-rights\\\/#primaryimage\"},\"image\":{\"@id\":\"https:\\\/\\\/www.esplac.cat\\\/autoanalisi-autoorganitzacio-primera-excursio-kids-got-rights\\\/#primaryimage\"},\"thumbnailUrl\":\"https:\\\/\\\/www.esplac.cat\\\/wp-content\\\/uploads\\\/2021\\\/05\\\/KGR.jpg\",\"datePublished\":\"2021-05-26T10:59:55+00:00\",\"dateModified\":\"2021-05-27T07:51:18+00:00\",\"description\":\"Aquest passat cap de setmana el grup d'infants que participen al projecte Kids Got Rights van fer la primera excursi\u00f3 del projecte! Una excursi\u00f3 de dos dies per con\u00e8ixer els drets dels infants i treballar l'autoan\u00e0lisi i l'autoorganitzaci\u00f3.\u00a0\",\"breadcrumb\":{\"@id\":\"https:\\\/\\\/www.esplac.cat\\\/autoanalisi-autoorganitzacio-primera-excursio-kids-got-rights\\\/#breadcrumb\"},\"inLanguage\":\"en-US\",\"potentialAction\":[{\"@type\":\"ReadAction\",\"target\":[\"https:\\\/\\\/www.esplac.cat\\\/autoanalisi-autoorganitzacio-primera-excursio-kids-got-rights\\\/\"]}]},{\"@type\":\"ImageObject\",\"inLanguage\":\"en-US\",\"@id\":\"https:\\\/\\\/www.esplac.cat\\\/autoanalisi-autoorganitzacio-primera-excursio-kids-got-rights\\\/#primaryimage\",\"url\":\"https:\\\/\\\/www.esplac.cat\\\/wp-content\\\/uploads\\\/2021\\\/05\\\/KGR.jpg\",\"contentUrl\":\"https:\\\/\\\/www.esplac.cat\\\/wp-content\\\/uploads\\\/2021\\\/05\\\/KGR.jpg\",\"width\":1697,\"height\":700},{\"@type\":\"BreadcrumbList\",\"@id\":\"https:\\\/\\\/www.esplac.cat\\\/autoanalisi-autoorganitzacio-primera-excursio-kids-got-rights\\\/#breadcrumb\",\"itemListElement\":[{\"@type\":\"ListItem\",\"position\":1,\"name\":\"Inici\",\"item\":\"https:\\\/\\\/www.esplac.cat\\\/en\\\/\"},{\"@type\":\"ListItem\",\"position\":2,\"name\":\"Autoan\u00e0lisi i autoorganitzaci\u00f3 a la primera excursi\u00f3 del Kids Got Rights\"}]},{\"@type\":\"WebSite\",\"@id\":\"https:\\\/\\\/www.esplac.cat\\\/#website\",\"url\":\"https:\\\/\\\/www.esplac.cat\\\/\",\"name\":\"Esplac\",\"description\":\"Esplais Catalans\",\"publisher\":{\"@id\":\"https:\\\/\\\/www.esplac.cat\\\/#organization\"},\"potentialAction\":[{\"@type\":\"SearchAction\",\"target\":{\"@type\":\"EntryPoint\",\"urlTemplate\":\"https:\\\/\\\/www.esplac.cat\\\/?s={search_term_string}\"},\"query-input\":{\"@type\":\"PropertyValueSpecification\",\"valueRequired\":true,\"valueName\":\"search_term_string\"}}],\"inLanguage\":\"en-US\"},{\"@type\":\"Organization\",\"@id\":\"https:\\\/\\\/www.esplac.cat\\\/#organization\",\"name\":\"Esplac\",\"url\":\"https:\\\/\\\/www.esplac.cat\\\/\",\"logo\":{\"@type\":\"ImageObject\",\"inLanguage\":\"en-US\",\"@id\":\"https:\\\/\\\/www.esplac.cat\\\/#\\\/schema\\\/logo\\\/image\\\/\",\"url\":\"https:\\\/\\\/www.esplac.cat\\\/wp-content\\\/uploads\\\/2019\\\/08\\\/logox2.png\",\"contentUrl\":\"https:\\\/\\\/www.esplac.cat\\\/wp-content\\\/uploads\\\/2019\\\/08\\\/logox2.png\",\"width\":600,\"height\":295,\"caption\":\"Esplac\"},\"image\":{\"@id\":\"https:\\\/\\\/www.esplac.cat\\\/#\\\/schema\\\/logo\\\/image\\\/\"}},{\"@type\":\"Person\",\"@id\":\"https:\\\/\\\/www.esplac.cat\\\/#\\\/schema\\\/person\\\/908383cf240be18b68f8855d0583faca\",\"name\":\"Comunicaci\u00f3 Esplac\",\"image\":{\"@type\":\"ImageObject\",\"inLanguage\":\"en-US\",\"@id\":\"https:\\\/\\\/secure.gravatar.com\\\/avatar\\\/7a4cf8feb412a76ea4a740ca02d95b06b2907b5a6c648c2dd0a1082a093c3141?s=96&d=mm&r=g\",\"url\":\"https:\\\/\\\/secure.gravatar.com\\\/avatar\\\/7a4cf8feb412a76ea4a740ca02d95b06b2907b5a6c648c2dd0a1082a093c3141?s=96&d=mm&r=g\",\"contentUrl\":\"https:\\\/\\\/secure.gravatar.com\\\/avatar\\\/7a4cf8feb412a76ea4a740ca02d95b06b2907b5a6c648c2dd0a1082a093c3141?s=96&d=mm&r=g\",\"caption\":\"Comunicaci\u00f3 Esplac\"}}]}<\/script>\n<!-- \/ Yoast SEO plugin. -->","yoast_head_json":{"title":"Autoan\u00e0lisi i autoorganitzaci\u00f3 a la primera excursi\u00f3 del Kids Got Rights","description":"Aquest passat cap de setmana el grup d'infants que participen al projecte Kids Got Rights van fer la primera excursi\u00f3 del projecte! Una excursi\u00f3 de dos dies per con\u00e8ixer els drets dels infants i treballar l'autoan\u00e0lisi i l'autoorganitzaci\u00f3.\u00a0","robots":{"index":"index","follow":"follow","max-snippet":"max-snippet:-1","max-image-preview":"max-image-preview:large","max-video-preview":"max-video-preview:-1"},"canonical":"https:\/\/www.esplac.cat\/autoanalisi-autoorganitzacio-primera-excursio-kids-got-rights\/","og_locale":"en_US","og_type":"article","og_title":"Autoan\u00e0lisi i autoorganitzaci\u00f3 a la primera excursi\u00f3 del Kids Got Rights","og_description":"Aquest passat cap de setmana el grup d'infants que participen al projecte Kids Got Rights van fer la primera excursi\u00f3 del projecte! Una excursi\u00f3 de dos dies per con\u00e8ixer els drets dels infants i treballar l'autoan\u00e0lisi i l'autoorganitzaci\u00f3.\u00a0","og_url":"https:\/\/www.esplac.cat\/autoanalisi-autoorganitzacio-primera-excursio-kids-got-rights\/","og_site_name":"Esplac","article_published_time":"2021-05-26T10:59:55+00:00","article_modified_time":"2021-05-27T07:51:18+00:00","og_image":[{"width":1697,"height":700,"url":"https:\/\/www.esplac.cat\/wp-content\/uploads\/2021\/05\/KGR.jpg","type":"image\/jpeg"}],"author":"Comunicaci\u00f3 Esplac","twitter_card":"summary_large_image","twitter_misc":{"Written by":"Comunicaci\u00f3 Esplac","Est. reading time":"3 minutes"},"schema":{"@context":"https:\/\/schema.org","@graph":[{"@type":"Article","@id":"https:\/\/www.esplac.cat\/autoanalisi-autoorganitzacio-primera-excursio-kids-got-rights\/#article","isPartOf":{"@id":"https:\/\/www.esplac.cat\/autoanalisi-autoorganitzacio-primera-excursio-kids-got-rights\/"},"author":{"name":"Comunicaci\u00f3 Esplac","@id":"https:\/\/www.esplac.cat\/#\/schema\/person\/908383cf240be18b68f8855d0583faca"},"headline":"Autoan\u00e0lisi i autoorganitzaci\u00f3 a la primera excursi\u00f3 del Kids Got Rights","datePublished":"2021-05-26T10:59:55+00:00","dateModified":"2021-05-27T07:51:18+00:00","mainEntityOfPage":{"@id":"https:\/\/www.esplac.cat\/autoanalisi-autoorganitzacio-primera-excursio-kids-got-rights\/"},"wordCount":539,"publisher":{"@id":"https:\/\/www.esplac.cat\/#organization"},"image":{"@id":"https:\/\/www.esplac.cat\/autoanalisi-autoorganitzacio-primera-excursio-kids-got-rights\/#primaryimage"},"thumbnailUrl":"https:\/\/www.esplac.cat\/wp-content\/uploads\/2021\/05\/KGR.jpg","articleSection":["Esplac al m\u00f3n"],"inLanguage":"en-US"},{"@type":"WebPage","@id":"https:\/\/www.esplac.cat\/autoanalisi-autoorganitzacio-primera-excursio-kids-got-rights\/","url":"https:\/\/www.esplac.cat\/autoanalisi-autoorganitzacio-primera-excursio-kids-got-rights\/","name":"Autoan\u00e0lisi i autoorganitzaci\u00f3 a la primera excursi\u00f3 del Kids Got Rights","isPartOf":{"@id":"https:\/\/www.esplac.cat\/#website"},"primaryImageOfPage":{"@id":"https:\/\/www.esplac.cat\/autoanalisi-autoorganitzacio-primera-excursio-kids-got-rights\/#primaryimage"},"image":{"@id":"https:\/\/www.esplac.cat\/autoanalisi-autoorganitzacio-primera-excursio-kids-got-rights\/#primaryimage"},"thumbnailUrl":"https:\/\/www.esplac.cat\/wp-content\/uploads\/2021\/05\/KGR.jpg","datePublished":"2021-05-26T10:59:55+00:00","dateModified":"2021-05-27T07:51:18+00:00","description":"Aquest passat cap de setmana el grup d'infants que participen al projecte Kids Got Rights van fer la primera excursi\u00f3 del projecte! Una excursi\u00f3 de dos dies per con\u00e8ixer els drets dels infants i treballar l'autoan\u00e0lisi i l'autoorganitzaci\u00f3.\u00a0","breadcrumb":{"@id":"https:\/\/www.esplac.cat\/autoanalisi-autoorganitzacio-primera-excursio-kids-got-rights\/#breadcrumb"},"inLanguage":"en-US","potentialAction":[{"@type":"ReadAction","target":["https:\/\/www.esplac.cat\/autoanalisi-autoorganitzacio-primera-excursio-kids-got-rights\/"]}]},{"@type":"ImageObject","inLanguage":"en-US","@id":"https:\/\/www.esplac.cat\/autoanalisi-autoorganitzacio-primera-excursio-kids-got-rights\/#primaryimage","url":"https:\/\/www.esplac.cat\/wp-content\/uploads\/2021\/05\/KGR.jpg","contentUrl":"https:\/\/www.esplac.cat\/wp-content\/uploads\/2021\/05\/KGR.jpg","width":1697,"height":700},{"@type":"BreadcrumbList","@id":"https:\/\/www.esplac.cat\/autoanalisi-autoorganitzacio-primera-excursio-kids-got-rights\/#breadcrumb","itemListElement":[{"@type":"ListItem","position":1,"name":"Inici","item":"https:\/\/www.esplac.cat\/en\/"},{"@type":"ListItem","position":2,"name":"Autoan\u00e0lisi i autoorganitzaci\u00f3 a la primera excursi\u00f3 del Kids Got Rights"}]},{"@type":"WebSite","@id":"https:\/\/www.esplac.cat\/#website","url":"https:\/\/www.esplac.cat\/","name":"Esplac","description":"Esplais Catalans","publisher":{"@id":"https:\/\/www.esplac.cat\/#organization"},"potentialAction":[{"@type":"SearchAction","target":{"@type":"EntryPoint","urlTemplate":"https:\/\/www.esplac.cat\/?s={search_term_string}"},"query-input":{"@type":"PropertyValueSpecification","valueRequired":true,"valueName":"search_term_string"}}],"inLanguage":"en-US"},{"@type":"Organization","@id":"https:\/\/www.esplac.cat\/#organization","name":"Esplac","url":"https:\/\/www.esplac.cat\/","logo":{"@type":"ImageObject","inLanguage":"en-US","@id":"https:\/\/www.esplac.cat\/#\/schema\/logo\/image\/","url":"https:\/\/www.esplac.cat\/wp-content\/uploads\/2019\/08\/logox2.png","contentUrl":"https:\/\/www.esplac.cat\/wp-content\/uploads\/2019\/08\/logox2.png","width":600,"height":295,"caption":"Esplac"},"image":{"@id":"https:\/\/www.esplac.cat\/#\/schema\/logo\/image\/"}},{"@type":"Person","@id":"https:\/\/www.esplac.cat\/#\/schema\/person\/908383cf240be18b68f8855d0583faca","name":"Comunicaci\u00f3 Esplac","image":{"@type":"ImageObject","inLanguage":"en-US","@id":"https:\/\/secure.gravatar.com\/avatar\/7a4cf8feb412a76ea4a740ca02d95b06b2907b5a6c648c2dd0a1082a093c3141?s=96&d=mm&r=g","url":"https:\/\/secure.gravatar.com\/avatar\/7a4cf8feb412a76ea4a740ca02d95b06b2907b5a6c648c2dd0a1082a093c3141?s=96&d=mm&r=g","contentUrl":"https:\/\/secure.gravatar.com\/avatar\/7a4cf8feb412a76ea4a740ca02d95b06b2907b5a6c648c2dd0a1082a093c3141?s=96&d=mm&r=g","caption":"Comunicaci\u00f3 Esplac"}}]}},"_links":{"self":[{"href":"https:\/\/www.esplac.cat\/en\/wp-json\/wp\/v2\/posts\/36396","targetHints":{"allow":["GET"]}}],"collection":[{"href":"https:\/\/www.esplac.cat\/en\/wp-json\/wp\/v2\/posts"}],"about":[{"href":"https:\/\/www.esplac.cat\/en\/wp-json\/wp\/v2\/types\/post"}],"author":[{"embeddable":true,"href":"https:\/\/www.esplac.cat\/en\/wp-json\/wp\/v2\/users\/3"}],"replies":[{"embeddable":true,"href":"https:\/\/www.esplac.cat\/en\/wp-json\/wp\/v2\/comments?post=36396"}],"version-history":[{"count":0,"href":"https:\/\/www.esplac.cat\/en\/wp-json\/wp\/v2\/posts\/36396\/revisions"}],"wp:featuredmedia":[{"embeddable":true,"href":"https:\/\/www.esplac.cat\/en\/wp-json\/wp\/v2\/media\/36403"}],"wp:attachment":[{"href":"https:\/\/www.esplac.cat\/en\/wp-json\/wp\/v2\/media?parent=36396"}],"wp:term":[{"taxonomy":"category","embeddable":true,"href":"https:\/\/www.esplac.cat\/en\/wp-json\/wp\/v2\/categories?post=36396"},{"taxonomy":"post_tag","embeddable":true,"href":"https:\/\/www.esplac.cat\/en\/wp-json\/wp\/v2\/tags?post=36396"}],"curies":[{"name":"wp","href":"https:\/\/api.w.org\/{rel}","templated":true}]}}