{"id":36753,"date":"2021-06-22T09:04:48","date_gmt":"2021-06-22T08:04:48","guid":{"rendered":"https:\/\/www.esplac.cat\/?p=36753"},"modified":"2021-06-22T09:04:48","modified_gmt":"2021-06-22T08:04:48","slug":"mes-70-pre-monitores-cim-intersectorials","status":"publish","type":"post","link":"https:\/\/www.esplac.cat\/en\/mes-70-pre-monitores-cim-intersectorials\/","title":{"rendered":"M\u00e9s de 70 pre-monitores es formen als CIM intersectorials"},"content":{"rendered":"<h6><strong>Els CIM (Curs d\u2019Iniciaci\u00f3 al Monitoratge) del 2021 han adoptat un format intersectorial on hi han participat presencialment premonitores i\/o monitores de primer any dels sectors Maresme, Vall\u00e8s Oriental, Bages i Bergued\u00e0 i Ripoll\u00e8s, Osona i Moian\u00e8s. Ha estat una activitat formativa que han desenvolupat les monitores i monitors dels esplais participants amb el suport de l\u2019Escola Lliure el Sol.<\/strong><\/h6>\n<p>Aquesta activitat s\u2019ha realitzat durant el segon cap de setmana de juny a les cases de col\u00f2nies de Can Rabassa, a <strong>Vilanova del Vall\u00e8s<\/strong>, i Dom Bosco, a <strong>Castellnou del Bages<\/strong>. L\u2019objectiu d\u2019aquesta trobada va ser formar en el pre-monitoratge a joves que esdevindran monitores o b\u00e9 monitores de primer any.<\/p>\n<p>El CIM Intersectorial del <strong>Maresme i el Vall\u00e8s Oriental<\/strong> ha aplegat <strong>16 participants com a pre-monitores, 3 acompanyants i 4 formadores de 4 esplais diferents<\/strong>: el Garb\u00ed, el Santa Eul\u00e0lia, el Bot\u00f3 i l\u2019Esplai Guai. \u00c9s la primera vegada des de fa temps que el Sector Maresme organitza un CIM, una fita important que altres vegades s\u2019havia volgut assolir, per\u00f2 que no s\u2019havia pogut tirar endavant.<\/p>\n<p>L\u2019altre CIM Intersectorial, el del <strong>Bages i Bergued\u00e0 i Ripoll\u00e8s, Osona i Moian\u00e8s<\/strong>, ha comptat amb <strong>60 participants com a pre-monitores, 20 monitores entre acompanyants i formadores, de 10 esplais diferents<\/strong>. Van ser el GEPS, el Roques Albes, El Cep, El Creixent, el Vic-Remei, el Merlot, l\u2019Esparver, les 100 Teies, Esplai Lairet, i Can Cristu. Aquest \u00faltim any ha sigut un any de relleu important en la majoria d\u2019esplais dels sectors, \u00e9s per aix\u00f2 que pels dos sectors del centre de Catalunya, poder fer el CIM ha significat recuperar una activitat necess\u00e0ria i que feia temps que no es feia.<\/p>\n<p>Les formadores que hi han participat han estat monitores actuals o ex-monitores dels sectors, amb el suport de l\u2019Escola Lliure el Sol, que les ha acompanyat durant tot el proc\u00e9s de disseny de les formacions.<\/p>\n<p>D\u2019aquesta manera, s\u2019han realitzat formacions sobre diferents tem\u00e0tiques com ara <strong>pedagogia, organitzaci\u00f3 interna, ideari i nocions b\u00e0siques de \u201cqu\u00e8 \u00e9s l\u2019esplai?\u201d<\/strong>.<br \/>\nEl CIM va anar d\u2019all\u00f2 m\u00e9s b\u00e9. Els esplais valoren que les formacions van ser molt \u00fatils i va ser una trobada per recuperar l\u2019activitat i poder fer cohesi\u00f3 entre les futures monitores dels sectors!<\/p>\n<p>Els esplais dels quatre sectors ja tenen ganes de repetir-ho!<\/p>\n<p><img decoding=\"async\" class=\"aligncenter  wp-image-36763\" src=\"https:\/\/www.esplac.cat\/wp-content\/uploads\/2021\/06\/CIM.jpeg\" alt=\"CIM vall\u00e8s oriental\" width=\"666\" height=\"499\" srcset=\"https:\/\/www.esplac.cat\/wp-content\/uploads\/2021\/06\/CIM-200x150.jpeg 200w, https:\/\/www.esplac.cat\/wp-content\/uploads\/2021\/06\/CIM-300x225.jpeg 300w, https:\/\/www.esplac.cat\/wp-content\/uploads\/2021\/06\/CIM-400x300.jpeg 400w, https:\/\/www.esplac.cat\/wp-content\/uploads\/2021\/06\/CIM-600x450.jpeg 600w, https:\/\/www.esplac.cat\/wp-content\/uploads\/2021\/06\/CIM-768x576.jpeg 768w, https:\/\/www.esplac.cat\/wp-content\/uploads\/2021\/06\/CIM-800x600.jpeg 800w, https:\/\/www.esplac.cat\/wp-content\/uploads\/2021\/06\/CIM-1024x768.jpeg 1024w, https:\/\/www.esplac.cat\/wp-content\/uploads\/2021\/06\/CIM-1200x900.jpeg 1200w, https:\/\/www.esplac.cat\/wp-content\/uploads\/2021\/06\/CIM-1536x1152.jpeg 1536w, https:\/\/www.esplac.cat\/wp-content\/uploads\/2021\/06\/CIM.jpeg 2000w\" sizes=\"(max-width: 666px) 100vw, 666px\" \/><\/p>\n<p><img decoding=\"async\" class=\"aligncenter  wp-image-36760\" src=\"https:\/\/www.esplac.cat\/wp-content\/uploads\/2021\/06\/CIm2.jpeg\" alt=\"CIM valles oriental 2\" width=\"664\" height=\"464\" srcset=\"https:\/\/www.esplac.cat\/wp-content\/uploads\/2021\/06\/CIm2-200x140.jpeg 200w, https:\/\/www.esplac.cat\/wp-content\/uploads\/2021\/06\/CIm2-300x210.jpeg 300w, https:\/\/www.esplac.cat\/wp-content\/uploads\/2021\/06\/CIm2-400x280.jpeg 400w, https:\/\/www.esplac.cat\/wp-content\/uploads\/2021\/06\/CIm2-600x420.jpeg 600w, https:\/\/www.esplac.cat\/wp-content\/uploads\/2021\/06\/CIm2-768x537.jpeg 768w, https:\/\/www.esplac.cat\/wp-content\/uploads\/2021\/06\/CIm2-800x559.jpeg 800w, https:\/\/www.esplac.cat\/wp-content\/uploads\/2021\/06\/CIm2-1024x716.jpeg 1024w, https:\/\/www.esplac.cat\/wp-content\/uploads\/2021\/06\/CIm2-1200x839.jpeg 1200w, https:\/\/www.esplac.cat\/wp-content\/uploads\/2021\/06\/CIm2-1536x1074.jpeg 1536w, https:\/\/www.esplac.cat\/wp-content\/uploads\/2021\/06\/CIm2.jpeg 2048w\" sizes=\"(max-width: 664px) 100vw, 664px\" \/><\/p>\n<p>&nbsp;<\/p>\n","protected":false},"excerpt":{"rendered":"<p>Els CIM (Curs d\u2019Iniciaci\u00f3 al Monitoratge) del 2021 han adoptat [&hellip;]<\/p>\n","protected":false},"author":3,"featured_media":36754,"comment_status":"closed","ping_status":"closed","sticky":false,"template":"","format":"standard","meta":{"om_disable_all_campaigns":false,"_monsterinsights_skip_tracking":false,"_monsterinsights_sitenote_active":false,"_monsterinsights_sitenote_note":"","_monsterinsights_sitenote_category":0,"_uf_show_specific_survey":0,"_uf_disable_surveys":false,"footnotes":""},"categories":[1110,1133,1113,1120,1125],"tags":[],"class_list":["post-36753","post","type-post","status-publish","format-standard","has-post-thumbnail","hentry","category-activitats-sectors","category-sector-bages-bergueda-cerdanya","category-sector-maresme","category-sector-ripolles-osona-i-moianes","category-sector-valles-oriental"],"yoast_head":"<!-- This site is optimized with the Yoast SEO plugin v27.5 - https:\/\/yoast.com\/product\/yoast-seo-wordpress\/ -->\n<title>M\u00e9s de 70 pre-monitores es formen als CIM intersectorials - Esplac<\/title>\n<meta name=\"robots\" content=\"index, follow, max-snippet:-1, max-image-preview:large, max-video-preview:-1\" \/>\n<link rel=\"canonical\" href=\"https:\/\/www.esplac.cat\/mes-70-pre-monitores-cim-intersectorials\/\" \/>\n<meta property=\"og:locale\" content=\"en_US\" \/>\n<meta property=\"og:type\" content=\"article\" \/>\n<meta property=\"og:title\" content=\"M\u00e9s de 70 pre-monitores es formen als CIM intersectorials - Esplac\" \/>\n<meta property=\"og:description\" content=\"Els CIM (Curs d\u2019Iniciaci\u00f3 al Monitoratge) del 2021 han adoptat [&hellip;]\" \/>\n<meta property=\"og:url\" content=\"https:\/\/www.esplac.cat\/mes-70-pre-monitores-cim-intersectorials\/\" \/>\n<meta property=\"og:site_name\" content=\"Esplac\" \/>\n<meta property=\"article:published_time\" content=\"2021-06-22T08:04:48+00:00\" \/>\n<meta property=\"og:image\" content=\"https:\/\/www.esplac.cat\/wp-content\/uploads\/2021\/06\/CIM.jpg\" \/>\n\t<meta property=\"og:image:width\" content=\"1697\" \/>\n\t<meta property=\"og:image:height\" content=\"700\" \/>\n\t<meta property=\"og:image:type\" content=\"image\/jpeg\" \/>\n<meta name=\"author\" content=\"Comunicaci\u00f3 Esplac\" \/>\n<meta name=\"twitter:card\" content=\"summary_large_image\" \/>\n<meta name=\"twitter:label1\" content=\"Written by\" \/>\n\t<meta name=\"twitter:data1\" content=\"Comunicaci\u00f3 Esplac\" \/>\n\t<meta name=\"twitter:label2\" content=\"Est. reading time\" \/>\n\t<meta name=\"twitter:data2\" content=\"2 minutes\" \/>\n<script type=\"application\/ld+json\" class=\"yoast-schema-graph\">{\"@context\":\"https:\\\/\\\/schema.org\",\"@graph\":[{\"@type\":\"Article\",\"@id\":\"https:\\\/\\\/www.esplac.cat\\\/mes-70-pre-monitores-cim-intersectorials\\\/#article\",\"isPartOf\":{\"@id\":\"https:\\\/\\\/www.esplac.cat\\\/mes-70-pre-monitores-cim-intersectorials\\\/\"},\"author\":{\"name\":\"Comunicaci\u00f3 Esplac\",\"@id\":\"https:\\\/\\\/www.esplac.cat\\\/#\\\/schema\\\/person\\\/908383cf240be18b68f8855d0583faca\"},\"headline\":\"M\u00e9s de 70 pre-monitores es formen als CIM intersectorials\",\"datePublished\":\"2021-06-22T08:04:48+00:00\",\"mainEntityOfPage\":{\"@id\":\"https:\\\/\\\/www.esplac.cat\\\/mes-70-pre-monitores-cim-intersectorials\\\/\"},\"wordCount\":411,\"publisher\":{\"@id\":\"https:\\\/\\\/www.esplac.cat\\\/#organization\"},\"image\":{\"@id\":\"https:\\\/\\\/www.esplac.cat\\\/mes-70-pre-monitores-cim-intersectorials\\\/#primaryimage\"},\"thumbnailUrl\":\"https:\\\/\\\/www.esplac.cat\\\/wp-content\\\/uploads\\\/2021\\\/06\\\/CIM.jpg\",\"articleSection\":[\"Activitats sectors\",\"Sector Bages, Bergued\u00e0 i La Cerdanya\",\"Sector Maresme\",\"Sector Ripoll\u00e8s, Osona i Moian\u00e8s\",\"Sector Vall\u00e8s Oriental\"],\"inLanguage\":\"en-US\"},{\"@type\":\"WebPage\",\"@id\":\"https:\\\/\\\/www.esplac.cat\\\/mes-70-pre-monitores-cim-intersectorials\\\/\",\"url\":\"https:\\\/\\\/www.esplac.cat\\\/mes-70-pre-monitores-cim-intersectorials\\\/\",\"name\":\"M\u00e9s de 70 pre-monitores es formen als CIM intersectorials - Esplac\",\"isPartOf\":{\"@id\":\"https:\\\/\\\/www.esplac.cat\\\/#website\"},\"primaryImageOfPage\":{\"@id\":\"https:\\\/\\\/www.esplac.cat\\\/mes-70-pre-monitores-cim-intersectorials\\\/#primaryimage\"},\"image\":{\"@id\":\"https:\\\/\\\/www.esplac.cat\\\/mes-70-pre-monitores-cim-intersectorials\\\/#primaryimage\"},\"thumbnailUrl\":\"https:\\\/\\\/www.esplac.cat\\\/wp-content\\\/uploads\\\/2021\\\/06\\\/CIM.jpg\",\"datePublished\":\"2021-06-22T08:04:48+00:00\",\"breadcrumb\":{\"@id\":\"https:\\\/\\\/www.esplac.cat\\\/mes-70-pre-monitores-cim-intersectorials\\\/#breadcrumb\"},\"inLanguage\":\"en-US\",\"potentialAction\":[{\"@type\":\"ReadAction\",\"target\":[\"https:\\\/\\\/www.esplac.cat\\\/mes-70-pre-monitores-cim-intersectorials\\\/\"]}]},{\"@type\":\"ImageObject\",\"inLanguage\":\"en-US\",\"@id\":\"https:\\\/\\\/www.esplac.cat\\\/mes-70-pre-monitores-cim-intersectorials\\\/#primaryimage\",\"url\":\"https:\\\/\\\/www.esplac.cat\\\/wp-content\\\/uploads\\\/2021\\\/06\\\/CIM.jpg\",\"contentUrl\":\"https:\\\/\\\/www.esplac.cat\\\/wp-content\\\/uploads\\\/2021\\\/06\\\/CIM.jpg\",\"width\":1697,\"height\":700},{\"@type\":\"BreadcrumbList\",\"@id\":\"https:\\\/\\\/www.esplac.cat\\\/mes-70-pre-monitores-cim-intersectorials\\\/#breadcrumb\",\"itemListElement\":[{\"@type\":\"ListItem\",\"position\":1,\"name\":\"Inici\",\"item\":\"https:\\\/\\\/www.esplac.cat\\\/en\\\/\"},{\"@type\":\"ListItem\",\"position\":2,\"name\":\"M\u00e9s de 70 pre-monitores es formen als CIM intersectorials\"}]},{\"@type\":\"WebSite\",\"@id\":\"https:\\\/\\\/www.esplac.cat\\\/#website\",\"url\":\"https:\\\/\\\/www.esplac.cat\\\/\",\"name\":\"Esplac\",\"description\":\"Esplais Catalans\",\"publisher\":{\"@id\":\"https:\\\/\\\/www.esplac.cat\\\/#organization\"},\"potentialAction\":[{\"@type\":\"SearchAction\",\"target\":{\"@type\":\"EntryPoint\",\"urlTemplate\":\"https:\\\/\\\/www.esplac.cat\\\/?s={search_term_string}\"},\"query-input\":{\"@type\":\"PropertyValueSpecification\",\"valueRequired\":true,\"valueName\":\"search_term_string\"}}],\"inLanguage\":\"en-US\"},{\"@type\":\"Organization\",\"@id\":\"https:\\\/\\\/www.esplac.cat\\\/#organization\",\"name\":\"Esplac\",\"url\":\"https:\\\/\\\/www.esplac.cat\\\/\",\"logo\":{\"@type\":\"ImageObject\",\"inLanguage\":\"en-US\",\"@id\":\"https:\\\/\\\/www.esplac.cat\\\/#\\\/schema\\\/logo\\\/image\\\/\",\"url\":\"https:\\\/\\\/www.esplac.cat\\\/wp-content\\\/uploads\\\/2019\\\/08\\\/logox2.png\",\"contentUrl\":\"https:\\\/\\\/www.esplac.cat\\\/wp-content\\\/uploads\\\/2019\\\/08\\\/logox2.png\",\"width\":600,\"height\":295,\"caption\":\"Esplac\"},\"image\":{\"@id\":\"https:\\\/\\\/www.esplac.cat\\\/#\\\/schema\\\/logo\\\/image\\\/\"}},{\"@type\":\"Person\",\"@id\":\"https:\\\/\\\/www.esplac.cat\\\/#\\\/schema\\\/person\\\/908383cf240be18b68f8855d0583faca\",\"name\":\"Comunicaci\u00f3 Esplac\",\"image\":{\"@type\":\"ImageObject\",\"inLanguage\":\"en-US\",\"@id\":\"https:\\\/\\\/secure.gravatar.com\\\/avatar\\\/7a4cf8feb412a76ea4a740ca02d95b06b2907b5a6c648c2dd0a1082a093c3141?s=96&d=mm&r=g\",\"url\":\"https:\\\/\\\/secure.gravatar.com\\\/avatar\\\/7a4cf8feb412a76ea4a740ca02d95b06b2907b5a6c648c2dd0a1082a093c3141?s=96&d=mm&r=g\",\"contentUrl\":\"https:\\\/\\\/secure.gravatar.com\\\/avatar\\\/7a4cf8feb412a76ea4a740ca02d95b06b2907b5a6c648c2dd0a1082a093c3141?s=96&d=mm&r=g\",\"caption\":\"Comunicaci\u00f3 Esplac\"}}]}<\/script>\n<!-- \/ Yoast SEO plugin. -->","yoast_head_json":{"title":"M\u00e9s de 70 pre-monitores es formen als CIM intersectorials - Esplac","robots":{"index":"index","follow":"follow","max-snippet":"max-snippet:-1","max-image-preview":"max-image-preview:large","max-video-preview":"max-video-preview:-1"},"canonical":"https:\/\/www.esplac.cat\/mes-70-pre-monitores-cim-intersectorials\/","og_locale":"en_US","og_type":"article","og_title":"M\u00e9s de 70 pre-monitores es formen als CIM intersectorials - Esplac","og_description":"Els CIM (Curs d\u2019Iniciaci\u00f3 al Monitoratge) del 2021 han adoptat [&hellip;]","og_url":"https:\/\/www.esplac.cat\/mes-70-pre-monitores-cim-intersectorials\/","og_site_name":"Esplac","article_published_time":"2021-06-22T08:04:48+00:00","og_image":[{"width":1697,"height":700,"url":"https:\/\/www.esplac.cat\/wp-content\/uploads\/2021\/06\/CIM.jpg","type":"image\/jpeg"}],"author":"Comunicaci\u00f3 Esplac","twitter_card":"summary_large_image","twitter_misc":{"Written by":"Comunicaci\u00f3 Esplac","Est. reading time":"2 minutes"},"schema":{"@context":"https:\/\/schema.org","@graph":[{"@type":"Article","@id":"https:\/\/www.esplac.cat\/mes-70-pre-monitores-cim-intersectorials\/#article","isPartOf":{"@id":"https:\/\/www.esplac.cat\/mes-70-pre-monitores-cim-intersectorials\/"},"author":{"name":"Comunicaci\u00f3 Esplac","@id":"https:\/\/www.esplac.cat\/#\/schema\/person\/908383cf240be18b68f8855d0583faca"},"headline":"M\u00e9s de 70 pre-monitores es formen als CIM intersectorials","datePublished":"2021-06-22T08:04:48+00:00","mainEntityOfPage":{"@id":"https:\/\/www.esplac.cat\/mes-70-pre-monitores-cim-intersectorials\/"},"wordCount":411,"publisher":{"@id":"https:\/\/www.esplac.cat\/#organization"},"image":{"@id":"https:\/\/www.esplac.cat\/mes-70-pre-monitores-cim-intersectorials\/#primaryimage"},"thumbnailUrl":"https:\/\/www.esplac.cat\/wp-content\/uploads\/2021\/06\/CIM.jpg","articleSection":["Activitats sectors","Sector Bages, Bergued\u00e0 i La Cerdanya","Sector Maresme","Sector Ripoll\u00e8s, Osona i Moian\u00e8s","Sector Vall\u00e8s Oriental"],"inLanguage":"en-US"},{"@type":"WebPage","@id":"https:\/\/www.esplac.cat\/mes-70-pre-monitores-cim-intersectorials\/","url":"https:\/\/www.esplac.cat\/mes-70-pre-monitores-cim-intersectorials\/","name":"M\u00e9s de 70 pre-monitores es formen als CIM intersectorials - Esplac","isPartOf":{"@id":"https:\/\/www.esplac.cat\/#website"},"primaryImageOfPage":{"@id":"https:\/\/www.esplac.cat\/mes-70-pre-monitores-cim-intersectorials\/#primaryimage"},"image":{"@id":"https:\/\/www.esplac.cat\/mes-70-pre-monitores-cim-intersectorials\/#primaryimage"},"thumbnailUrl":"https:\/\/www.esplac.cat\/wp-content\/uploads\/2021\/06\/CIM.jpg","datePublished":"2021-06-22T08:04:48+00:00","breadcrumb":{"@id":"https:\/\/www.esplac.cat\/mes-70-pre-monitores-cim-intersectorials\/#breadcrumb"},"inLanguage":"en-US","potentialAction":[{"@type":"ReadAction","target":["https:\/\/www.esplac.cat\/mes-70-pre-monitores-cim-intersectorials\/"]}]},{"@type":"ImageObject","inLanguage":"en-US","@id":"https:\/\/www.esplac.cat\/mes-70-pre-monitores-cim-intersectorials\/#primaryimage","url":"https:\/\/www.esplac.cat\/wp-content\/uploads\/2021\/06\/CIM.jpg","contentUrl":"https:\/\/www.esplac.cat\/wp-content\/uploads\/2021\/06\/CIM.jpg","width":1697,"height":700},{"@type":"BreadcrumbList","@id":"https:\/\/www.esplac.cat\/mes-70-pre-monitores-cim-intersectorials\/#breadcrumb","itemListElement":[{"@type":"ListItem","position":1,"name":"Inici","item":"https:\/\/www.esplac.cat\/en\/"},{"@type":"ListItem","position":2,"name":"M\u00e9s de 70 pre-monitores es formen als CIM intersectorials"}]},{"@type":"WebSite","@id":"https:\/\/www.esplac.cat\/#website","url":"https:\/\/www.esplac.cat\/","name":"Esplac","description":"Esplais Catalans","publisher":{"@id":"https:\/\/www.esplac.cat\/#organization"},"potentialAction":[{"@type":"SearchAction","target":{"@type":"EntryPoint","urlTemplate":"https:\/\/www.esplac.cat\/?s={search_term_string}"},"query-input":{"@type":"PropertyValueSpecification","valueRequired":true,"valueName":"search_term_string"}}],"inLanguage":"en-US"},{"@type":"Organization","@id":"https:\/\/www.esplac.cat\/#organization","name":"Esplac","url":"https:\/\/www.esplac.cat\/","logo":{"@type":"ImageObject","inLanguage":"en-US","@id":"https:\/\/www.esplac.cat\/#\/schema\/logo\/image\/","url":"https:\/\/www.esplac.cat\/wp-content\/uploads\/2019\/08\/logox2.png","contentUrl":"https:\/\/www.esplac.cat\/wp-content\/uploads\/2019\/08\/logox2.png","width":600,"height":295,"caption":"Esplac"},"image":{"@id":"https:\/\/www.esplac.cat\/#\/schema\/logo\/image\/"}},{"@type":"Person","@id":"https:\/\/www.esplac.cat\/#\/schema\/person\/908383cf240be18b68f8855d0583faca","name":"Comunicaci\u00f3 Esplac","image":{"@type":"ImageObject","inLanguage":"en-US","@id":"https:\/\/secure.gravatar.com\/avatar\/7a4cf8feb412a76ea4a740ca02d95b06b2907b5a6c648c2dd0a1082a093c3141?s=96&d=mm&r=g","url":"https:\/\/secure.gravatar.com\/avatar\/7a4cf8feb412a76ea4a740ca02d95b06b2907b5a6c648c2dd0a1082a093c3141?s=96&d=mm&r=g","contentUrl":"https:\/\/secure.gravatar.com\/avatar\/7a4cf8feb412a76ea4a740ca02d95b06b2907b5a6c648c2dd0a1082a093c3141?s=96&d=mm&r=g","caption":"Comunicaci\u00f3 Esplac"}}]}},"_links":{"self":[{"href":"https:\/\/www.esplac.cat\/en\/wp-json\/wp\/v2\/posts\/36753","targetHints":{"allow":["GET"]}}],"collection":[{"href":"https:\/\/www.esplac.cat\/en\/wp-json\/wp\/v2\/posts"}],"about":[{"href":"https:\/\/www.esplac.cat\/en\/wp-json\/wp\/v2\/types\/post"}],"author":[{"embeddable":true,"href":"https:\/\/www.esplac.cat\/en\/wp-json\/wp\/v2\/users\/3"}],"replies":[{"embeddable":true,"href":"https:\/\/www.esplac.cat\/en\/wp-json\/wp\/v2\/comments?post=36753"}],"version-history":[{"count":0,"href":"https:\/\/www.esplac.cat\/en\/wp-json\/wp\/v2\/posts\/36753\/revisions"}],"wp:featuredmedia":[{"embeddable":true,"href":"https:\/\/www.esplac.cat\/en\/wp-json\/wp\/v2\/media\/36754"}],"wp:attachment":[{"href":"https:\/\/www.esplac.cat\/en\/wp-json\/wp\/v2\/media?parent=36753"}],"wp:term":[{"taxonomy":"category","embeddable":true,"href":"https:\/\/www.esplac.cat\/en\/wp-json\/wp\/v2\/categories?post=36753"},{"taxonomy":"post_tag","embeddable":true,"href":"https:\/\/www.esplac.cat\/en\/wp-json\/wp\/v2\/tags?post=36753"}],"curies":[{"name":"wp","href":"https:\/\/api.w.org\/{rel}","templated":true}]}}