{"id":36773,"date":"2021-07-02T12:02:43","date_gmt":"2021-07-02T11:02:43","guid":{"rendered":"https:\/\/www.esplac.cat\/?p=36773"},"modified":"2021-07-02T12:09:50","modified_gmt":"2021-07-02T11:09:50","slug":"infants-projecte-kids-got-right-entrevisten-grup-recerca-educacio-moral-ub","status":"publish","type":"post","link":"https:\/\/www.esplac.cat\/en\/infants-projecte-kids-got-right-entrevisten-grup-recerca-educacio-moral-ub\/","title":{"rendered":"Els infants del projecte Kids Got Right entrevisten al Grup de Recerca en Educaci\u00f3 Moral de la UB"},"content":{"rendered":"<p>Autoria: <strong>Infants de l&#8217;Esplai Xirusplai i participants del projecte internacional Kids Got Rights.<\/strong><\/p>\n<hr \/>\n<p>El Kids Got Rights \u00e9s un projecte internacional, coordinat per\u00a0 l\u2019<a href=\"https:\/\/ifm-sei.org\/\" target=\"_blank\" rel=\"noopener noreferrer\">IFM-SEI<\/a>,\u00a0que\u00a0<strong>reclama els Drets dels Infants i on els propis infants s\u00f3n els protagonistes<\/strong>\u00a0<strong>del seu desenvolupament i implementaci\u00f3, fomentant la participaci\u00f3 infantil.\u00a0<\/strong>Compta amb la participaci\u00f3 d\u2019Esplac (amb l\u2019esplai Xirusplai del\u00a0<a href=\"https:\/\/www.esplac.cat\/sectors-geografics\/baix-besos\/\" target=\"_blank\" rel=\"noopener noreferrer\">Sector Baix Bes\u00f2s<\/a>) i d\u2019altres entitats d\u2019educaci\u00f3 no-formal d\u2019Anglaterra, It\u00e0lia, Dinamarca, Eslov\u00e8nia, Finl\u00e0ndia i Alemanya, aix\u00ed com tamb\u00e9 hi participa la Universitat de Barcelona. A m\u00e9s, \u00e9s un projecte emmarcat en el Justice Programme (2014-2020) de la Uni\u00f3 Europea.<\/p>\n<p>El projecte KGR es troba en ple proc\u00e9s d&#8217;activitats i els infants d&#8217;Esplac que hi participen han fet aquesta entrevista a les membres del Grup de Recerca de la UB que participa en el projecte. Aquest grup \u00e9s el GREM (Grup de Recerca en Educaci\u00f3 Moral) i les membres vinculades al Kids Got Rights son la Maria Rosa Buxarrais, la Laia Ferr\u00fas, l&#8217;Elena Noguera i l&#8217;Ana Novella.<\/p>\n<p>A continuaci\u00f3, podeu llegir l&#8217;entrevista creada pels infants dividida per colors segons l&#8217;autoria de les respostes.<\/p>\n<p>&nbsp;<\/p>\n<p class=\"p3\"><span style=\"color: #ff0000;\"><b>Maria Rosa Buxarrais<br \/>\n<\/b><\/span><span style=\"color: #008000;\"><b>Laia Ferr\u00fas<br \/>\n<\/b><\/span><span style=\"color: #ff6600;\"><b>Elena Noguera<br \/>\n<\/b><\/span><span style=\"color: #3366ff;\"><b>Ana Novella<\/b><\/span><\/p>\n<p class=\"p8\"><b>&#8211; Sabeu qui va crear els drets?\u00a0<\/b><\/p>\n<p class=\"p3\"><span style=\"color: #ff0000;\">Eleanor Roosevelt, al 1948, a trav\u00e9s d\u2019una comissi\u00f3 de drets humans de les Nacions Unides, va redactar el document que es va convertir en la Declaraci\u00f3 Universal dels Drets Humans.<\/span><\/p>\n<p class=\"p9\"><span style=\"color: #008000;\">El primer document internacional titulat la\u00a0Declaraci\u00f3 dels Drets de l&#8217;Infant va ser\u00a0redactat per l&#8217;Eglantyne\u00a0Jebb, una activista social que va fundar Save The Children. Posteriorment, l&#8217;any 1959 les Nacions Unides van adoptar el text. Finalment, el 20 de novembre de 1989 es va aprovar la Convenci\u00f3 sobre els drets dels infants, un tractat internacional que reivindica que els infants per la seva condici\u00f3 de ser infants necessiten tenir els seus propis drets.\u00a0<\/span><\/p>\n<p class=\"p10\"><span style=\"color: #ff6600;\">\u00c9s una convenci\u00f3 de l\u2019Organitzaci\u00f3 de les Nacions Unides (ONU).<\/span><\/p>\n<p class=\"p11\"><span style=\"color: #3366ff;\">Nacions Unides<\/span><\/p>\n<p class=\"p8\"><b>&#8211; De qu\u00e8 treballeu?\u00a0<\/b><\/p>\n<p class=\"p13\"><span style=\"color: #ff0000;\">Professora de la Facultat d\u2019Educaci\u00f3 de la Universitat de Barcelona<\/span><\/p>\n<p class=\"p14\"><span style=\"color: #008000;\">Ara mateix tinc tres feinetes. Per una banda, treballo com a t\u00e8cnica d&#8217;educaci\u00f3 en lleure i de joventut al meu poble i puntualment treballo a l&#8217;Editorial Blackie Books, en projectes de Literatura Infantil i Juvenil. I per \u00faltim, treballo amb el Grup de Recerca d&#8217;Educaci\u00f3 Moral de la Universitat de Barcelona en aquest projecte.<\/span><\/p>\n<p class=\"p15\"><span style=\"color: #ff9900;\">Professora a la Facultat d\u2019Educaci\u00f3 de la Universitat de Barcelona. Impartim doc\u00e8ncia, fem recerca i diverses gestions.<\/span><\/p>\n<p class=\"p11\"><span style=\"color: #3366ff;\">Som investigadores i docents de la Universitat de Barcelona<\/span><\/p>\n<p class=\"p8\"><b>&#8211; Algun cop a la vostra vida heu anat a l&#8217;esplai?\u00a0<\/b><\/p>\n<p class=\"p13\"><span style=\"color: #ff0000;\">Si, a l\u2019esplai Xivarri de Mollet del Vall\u00e9s.<\/span><\/p>\n<p class=\"p14\"><span style=\"color: #008000;\">S\u00ed! De petita anava a &#8220;Lo cany\u00eds&#8221;, el projecte d&#8217;educaci\u00f3 en el lleure del meu poble i despr\u00e9s, quan vaig venir a estudiar a Barcelona, vaig ser monitora de l&#8217;Esplai Xiroc. I ara, en aquests moments soc monitora del lleure flixanco, el nou projecte d&#8217;educaci\u00f3 en el lleure de Flix, el meu poble.<\/span><\/p>\n<p class=\"p15\"><span style=\"color: #ff9900;\">Jo com a \u201cnena\u201d havia estat al Casal d\u2019estiu de Platja d\u2019Aro. Com a monitora a un esplai al barri del Raval a Barcelona, al Casal d\u2019estiu de l\u2019Escola Lav\u00ednia de Barcelona i a diverses colonies i altres.<\/span><\/p>\n<p class=\"p11\"><span style=\"color: #3366ff;\">S\u00ed a l&#8217;Esplai espurnes d&#8217;Esplugues de Llobregat<\/span><\/p>\n<p class=\"p8\"><b>-Per qu\u00e8 veu decidir participar en aquest projecte?\u00a0<\/b><\/p>\n<p class=\"p13\"><span style=\"color: #ff0000;\">Perqu\u00e8 fomentar la participaci\u00f3 des de ben petits penso que \u00e9s la forma que tenim d\u2019assegurar una ciutadania activa i democr\u00e0tica, que lluitar\u00e0 per a que els drets humans es tinguin molt presents.<\/span><\/p>\n<p class=\"p14\"><span style=\"color: #008000;\">Perqu\u00e8 fusionava els aspectes que m\u00e9s m&#8217;interessen: participaci\u00f3, educaci\u00f3 en el lleure i drets dels infants. Em semblava una oportunitat gegant per seguir aprenent d&#8217;aquests tres \u00e0mbits!\u00a0<\/span><\/p>\n<p class=\"p15\"><span style=\"color: #ff9900;\">Perqu\u00e8 \u00e9s interessant col.laborar en projectes amb entitats del lleure, amb infants i amb una dimensi\u00f3 internacional. El tema de la participaci\u00f3 i els drets \u00e9s fonamental per avan\u00e7ar cap a una millora de la societat.<\/span><\/p>\n<p class=\"p11\"><span style=\"color: #3366ff;\">Perqu\u00e8 era una oportunitat de treballar amb professionals i infants d&#8217;Europa, aix\u00ed podr\u00edem con\u00e8ixer altres experi\u00e8ncies i mirades dels drets.<\/span><\/p>\n<p class=\"p8\"><b>&#8211; Qu\u00e8 \u00e9s el que m\u00e9s us interessa d&#8217;aquest projecte?\u00a0<\/b><\/p>\n<p class=\"p13\"><span style=\"color: #ff0000;\">Comprobar que les nenes i els nens son conscients dels drets que tenen i de com posen en marxa estrat\u00e8gies per aconseguir-los fer realitat. Escoltar la veu de la inf\u00e0ncia per no teoritzar sense ella.<\/span><\/p>\n<p class=\"p14\"><span style=\"color: #008000;\">Principalment, penso que \u00e9s molt interessant compartir-lo amb infants i amb persones d&#8217;altres pa\u00efsos. D&#8217;altra banda, crec que els projectes de participaci\u00f3 s\u00f3n molt importants per comen\u00e7ar a construir una societat activa i compromesa en un m\u00f3n com\u00fa.\u00a0<\/span><\/p>\n<p class=\"p15\"><span style=\"color: #ff9900;\">Escoltar la vostra veu i les activitats que desenvolupeu per con\u00e8ixer, difondre i defensar els drets. I compartir-ho amb altres indrets d\u2019arreu.<\/span><\/p>\n<p class=\"p11\"><span style=\"color: #3366ff;\">La vostra opini\u00f3 i com des de cada grup d&#8217;infants lidereu el proc\u00e9s per la defensa dels drets dels infants dins del vostre esplai i del vostre entorn<\/span><\/p>\n<p class=\"p8\"><b>&#8211; Vosaltres coneixeu tots els drets dels infants?\u00a0<\/b><\/p>\n<p class=\"p13\"><span style=\"color: #ff0000;\">S\u00ed.<\/span><\/p>\n<p class=\"p14\"><span style=\"color: #008000;\">Els conec, per\u00f2 sovint he d&#8217;acudir a ells i rellegir-los, penso que nom\u00e9s aix\u00ed podem tenir clars tots els matisos.<\/span><\/p>\n<p class=\"p15\"><span style=\"color: #ff9900;\">S\u00e9 que hi ha els drets dels infants recollits, per\u00f2 necessito documentar-me per con\u00e8ixer tots els drets.<\/span><\/p>\n<p class=\"p11\"><span style=\"color: #3366ff;\">Tots tots no, perqu\u00e8 n&#8217;hi ha alguns que no estan recollits a la convenci\u00f3.<\/span><\/p>\n<p class=\"p8\"><b>&#8211; Escolliu els 3 drets dels infants que creieu que s\u00f3n els m\u00e9s importants<\/b><\/p>\n<p class=\"p13\"><span style=\"color: #ff0000;\">Dret a una alimentaci\u00f3, habitatge i atenci\u00f3 m\u00e8dica adequats. Dret a una protecci\u00f3 especial que asseguri un creixement mental i social sa i lliure. Dret a una comprensi\u00f3 i afecte per part de les families i de la societat.<\/span><\/p>\n<p class=\"p14\"><span style=\"color: #008000;\">Costa triar-ne 3, perqu\u00e8 tots s\u00f3n importants. Per\u00f2 diria que n&#8217;hi ha tres, que s\u00f3n clau. Un \u00e9s el\u00a0<b>Dret a l&#8217;acc\u00e9s a la informaci\u00f3 adequada<\/b>, ser informat, saber qu\u00e8 legalment et pertoca i que no (per\u00f2 potser necessites), penso que \u00e9s el dret m\u00e9s b\u00e0sic, que et permet emancipar-te i reivindicar all\u00f2 que necessites per viure i estar b\u00e9. Despr\u00e9s diria el\u00a0<b>Dret a ser ciutad\u00e0,\u00a0<\/b>a tenir un lloc i veu en el municipi on viviu, a poder participar en la seva organitzaci\u00f3 i funcionament, a ser tractat com all\u00f2 que realment sou, ciutadans. Finalment, mencionaria el a\u00a0<b>Dret a jugar<\/b>, la prioritats m\u00e9s grans dels infants, perqu\u00e8 \u00e9s l&#8217;espai on m\u00e9s veu teniu, on m\u00e9s podeu ser qui voleu ser, on m\u00e9s apreneu i on m\u00e9s feli\u00e7os sou.<\/span><\/p>\n<p class=\"p15\"><span style=\"color: #ff9900;\">Ui, dif\u00edcil. Per citar-ne 3 diria: Dret a no ser discriminat, dret a l\u2019educaci\u00f3 i dret a poder opinar.<\/span><\/p>\n<p class=\"p11\"><span style=\"color: #3366ff;\">Serien els principis. Inter\u00e8s superior del nen; No discriminaci\u00f3; Dret a ser escoltat<\/span><\/p>\n<p class=\"p8\"><b>&#8211; Us agrada treballar amb infants?<\/b><\/p>\n<p class=\"p13\"><span style=\"color: #ff0000;\">Si, crec que son persones lliures, que no estan contaminades per la societat. Expressen el que pensen.<\/span><\/p>\n<p class=\"p14\"><span style=\"color: #008000;\">Compartir temps amb infants m&#8217;agrada molt, perqu\u00e8 sempre en trec aprenentatges inesperats. I sobretot, diria que m&#8217;agrada perqu\u00e8 quan treballo amb infants jugar \u00e9s una opci\u00f3 validissima, no com a la resta d&#8217;espais de la meva vida!<\/span><\/p>\n<p class=\"p15\"><span style=\"color: #ff9900;\">Si, ja que rejoveniu la vida. Ens aproxima a la vostra visi\u00f3 de la realitat, ens fa valorar el que \u00e9s important i necessari per avan\u00e7ar.<\/span><\/p>\n<p class=\"p11\"><span style=\"color: #3366ff;\">Molt, perqu\u00e8 teniu una mirada de les coses que a vegades els adults hem perdut de vista.\u00a0<\/span><\/p>\n<p class=\"p8\"><b>&#8211; A qu\u00e8 us dedicar\u00edeu si no tingu\u00e9ssiu la vostra feina actual?\u00a0<\/b><\/p>\n<p class=\"p13\"><span style=\"color: #ff0000;\">A fer de mestre d\u2019educaci\u00f3 infantil.<\/span><\/p>\n<p class=\"p14\"><span style=\"color: #008000;\">Visitaria aguaits per observar\u00a0muixons i elaboraria una guia ornitol\u00f2gica.<\/span><\/p>\n<p class=\"p16\"><span style=\"color: #ff9900;\">Suposo que treballaria igualment en el m\u00f3n educatiu, en alguna entitat o fundaci\u00f3 en l\u2019\u00e0mbit formal o social. Si fos fora de l\u2019ambit educatiu, potser seria en el m\u00f3n del turisme i coneixement de l\u2019entorn.<\/span><\/p>\n<p class=\"p11\"><span style=\"color: #3366ff;\">M&#8217;agradaria ser mestra d&#8217;escola<\/span><\/p>\n<p class=\"p8\"><b>&#8211; Si f\u00f3ssiu una croqueta, quina ser\u00edeu?\u00a0<\/b><\/p>\n<p class=\"p13\"><span style=\"color: #ff0000;\">La croqueta de pernil dol\u00e7 amb ou dur i beixamel. Perque combina ingredients diferents i tots ells junts donen un gust especial a la croqueta.<\/span><\/p>\n<p class=\"p14\"><span style=\"color: #008000;\">De bolets, sens dubte!<\/span><\/p>\n<p class=\"p15\"><span style=\"color: #ff9900;\">La de pollastre o rostit, les dos m\u2019encanten!<\/span><\/p>\n<p class=\"p11\"><span style=\"color: #3366ff;\">D&#8217;espinacs<\/span><\/p>\n","protected":false},"excerpt":{"rendered":"<p>Autoria: Infants de l&#8217;Esplai Xirusplai i participants del projecte internacional [&hellip;]<\/p>\n","protected":false},"author":3,"featured_media":36776,"comment_status":"closed","ping_status":"closed","sticky":false,"template":"","format":"standard","meta":{"om_disable_all_campaigns":false,"_monsterinsights_skip_tracking":false,"_monsterinsights_sitenote_active":false,"_monsterinsights_sitenote_note":"","_monsterinsights_sitenote_category":0,"_uf_show_specific_survey":0,"_uf_disable_surveys":false,"footnotes":""},"categories":[1168],"tags":[],"class_list":["post-36773","post","type-post","status-publish","format-standard","has-post-thumbnail","hentry","category-creuant_mirades"],"yoast_head":"<!-- This site is optimized with the Yoast SEO plugin v27.4 - https:\/\/yoast.com\/product\/yoast-seo-wordpress\/ -->\n<title>Els infants del projecte Kids Got Right entrevisten al Grup de Recerca en Educaci\u00f3 Moral de la UB - Esplac<\/title>\n<meta name=\"robots\" content=\"index, follow, max-snippet:-1, max-image-preview:large, max-video-preview:-1\" \/>\n<link rel=\"canonical\" href=\"https:\/\/www.esplac.cat\/es\/infants-projecte-kids-got-right-entrevisten-grup-recerca-educacio-moral-ub\/\" \/>\n<meta property=\"og:locale\" content=\"en_US\" \/>\n<meta property=\"og:type\" content=\"article\" \/>\n<meta property=\"og:title\" content=\"Els infants del projecte Kids Got Right entrevisten al Grup de Recerca en Educaci\u00f3 Moral de la UB - Esplac\" \/>\n<meta property=\"og:description\" content=\"Autoria: Infants de l&#8217;Esplai Xirusplai i participants del projecte internacional [&hellip;]\" \/>\n<meta property=\"og:url\" content=\"https:\/\/www.esplac.cat\/es\/infants-projecte-kids-got-right-entrevisten-grup-recerca-educacio-moral-ub\/\" \/>\n<meta property=\"og:site_name\" content=\"Esplac\" \/>\n<meta property=\"article:published_time\" content=\"2021-07-02T11:02:43+00:00\" \/>\n<meta property=\"article:modified_time\" content=\"2021-07-02T11:09:50+00:00\" \/>\n<meta property=\"og:image\" content=\"https:\/\/www.esplac.cat\/wp-content\/uploads\/2021\/07\/kgr.jpg\" \/>\n\t<meta property=\"og:image:width\" content=\"1697\" \/>\n\t<meta property=\"og:image:height\" content=\"700\" \/>\n\t<meta property=\"og:image:type\" content=\"image\/jpeg\" \/>\n<meta name=\"author\" content=\"Comunicaci\u00f3 Esplac\" \/>\n<meta name=\"twitter:card\" content=\"summary_large_image\" \/>\n<meta name=\"twitter:label1\" content=\"Written by\" \/>\n\t<meta name=\"twitter:data1\" content=\"Comunicaci\u00f3 Esplac\" \/>\n\t<meta name=\"twitter:label2\" content=\"Est. reading time\" \/>\n\t<meta name=\"twitter:data2\" content=\"7 minutes\" \/>\n<script type=\"application\/ld+json\" class=\"yoast-schema-graph\">{\"@context\":\"https:\\\/\\\/schema.org\",\"@graph\":[{\"@type\":\"Article\",\"@id\":\"https:\\\/\\\/www.esplac.cat\\\/es\\\/infants-projecte-kids-got-right-entrevisten-grup-recerca-educacio-moral-ub\\\/#article\",\"isPartOf\":{\"@id\":\"https:\\\/\\\/www.esplac.cat\\\/es\\\/infants-projecte-kids-got-right-entrevisten-grup-recerca-educacio-moral-ub\\\/\"},\"author\":{\"name\":\"Comunicaci\u00f3 Esplac\",\"@id\":\"https:\\\/\\\/www.esplac.cat\\\/#\\\/schema\\\/person\\\/908383cf240be18b68f8855d0583faca\"},\"headline\":\"Els infants del projecte Kids Got Right entrevisten al Grup de Recerca en Educaci\u00f3 Moral de la UB\",\"datePublished\":\"2021-07-02T11:02:43+00:00\",\"dateModified\":\"2021-07-02T11:09:50+00:00\",\"mainEntityOfPage\":{\"@id\":\"https:\\\/\\\/www.esplac.cat\\\/es\\\/infants-projecte-kids-got-right-entrevisten-grup-recerca-educacio-moral-ub\\\/\"},\"wordCount\":1400,\"publisher\":{\"@id\":\"https:\\\/\\\/www.esplac.cat\\\/#organization\"},\"image\":{\"@id\":\"https:\\\/\\\/www.esplac.cat\\\/es\\\/infants-projecte-kids-got-right-entrevisten-grup-recerca-educacio-moral-ub\\\/#primaryimage\"},\"thumbnailUrl\":\"https:\\\/\\\/www.esplac.cat\\\/wp-content\\\/uploads\\\/2021\\\/07\\\/kgr.jpg\",\"articleSection\":[\"Creuant mirades\"],\"inLanguage\":\"en-US\"},{\"@type\":\"WebPage\",\"@id\":\"https:\\\/\\\/www.esplac.cat\\\/es\\\/infants-projecte-kids-got-right-entrevisten-grup-recerca-educacio-moral-ub\\\/\",\"url\":\"https:\\\/\\\/www.esplac.cat\\\/es\\\/infants-projecte-kids-got-right-entrevisten-grup-recerca-educacio-moral-ub\\\/\",\"name\":\"Els infants del projecte Kids Got Right entrevisten al Grup de Recerca en Educaci\u00f3 Moral de la UB - Esplac\",\"isPartOf\":{\"@id\":\"https:\\\/\\\/www.esplac.cat\\\/#website\"},\"primaryImageOfPage\":{\"@id\":\"https:\\\/\\\/www.esplac.cat\\\/es\\\/infants-projecte-kids-got-right-entrevisten-grup-recerca-educacio-moral-ub\\\/#primaryimage\"},\"image\":{\"@id\":\"https:\\\/\\\/www.esplac.cat\\\/es\\\/infants-projecte-kids-got-right-entrevisten-grup-recerca-educacio-moral-ub\\\/#primaryimage\"},\"thumbnailUrl\":\"https:\\\/\\\/www.esplac.cat\\\/wp-content\\\/uploads\\\/2021\\\/07\\\/kgr.jpg\",\"datePublished\":\"2021-07-02T11:02:43+00:00\",\"dateModified\":\"2021-07-02T11:09:50+00:00\",\"breadcrumb\":{\"@id\":\"https:\\\/\\\/www.esplac.cat\\\/es\\\/infants-projecte-kids-got-right-entrevisten-grup-recerca-educacio-moral-ub\\\/#breadcrumb\"},\"inLanguage\":\"en-US\",\"potentialAction\":[{\"@type\":\"ReadAction\",\"target\":[\"https:\\\/\\\/www.esplac.cat\\\/es\\\/infants-projecte-kids-got-right-entrevisten-grup-recerca-educacio-moral-ub\\\/\"]}]},{\"@type\":\"ImageObject\",\"inLanguage\":\"en-US\",\"@id\":\"https:\\\/\\\/www.esplac.cat\\\/es\\\/infants-projecte-kids-got-right-entrevisten-grup-recerca-educacio-moral-ub\\\/#primaryimage\",\"url\":\"https:\\\/\\\/www.esplac.cat\\\/wp-content\\\/uploads\\\/2021\\\/07\\\/kgr.jpg\",\"contentUrl\":\"https:\\\/\\\/www.esplac.cat\\\/wp-content\\\/uploads\\\/2021\\\/07\\\/kgr.jpg\",\"width\":1697,\"height\":700},{\"@type\":\"BreadcrumbList\",\"@id\":\"https:\\\/\\\/www.esplac.cat\\\/es\\\/infants-projecte-kids-got-right-entrevisten-grup-recerca-educacio-moral-ub\\\/#breadcrumb\",\"itemListElement\":[{\"@type\":\"ListItem\",\"position\":1,\"name\":\"Inici\",\"item\":\"https:\\\/\\\/www.esplac.cat\\\/en\\\/\"},{\"@type\":\"ListItem\",\"position\":2,\"name\":\"Els infants del projecte Kids Got Right entrevisten al Grup de Recerca en Educaci\u00f3 Moral de la UB\"}]},{\"@type\":\"WebSite\",\"@id\":\"https:\\\/\\\/www.esplac.cat\\\/#website\",\"url\":\"https:\\\/\\\/www.esplac.cat\\\/\",\"name\":\"Esplac\",\"description\":\"Esplais Catalans\",\"publisher\":{\"@id\":\"https:\\\/\\\/www.esplac.cat\\\/#organization\"},\"potentialAction\":[{\"@type\":\"SearchAction\",\"target\":{\"@type\":\"EntryPoint\",\"urlTemplate\":\"https:\\\/\\\/www.esplac.cat\\\/?s={search_term_string}\"},\"query-input\":{\"@type\":\"PropertyValueSpecification\",\"valueRequired\":true,\"valueName\":\"search_term_string\"}}],\"inLanguage\":\"en-US\"},{\"@type\":\"Organization\",\"@id\":\"https:\\\/\\\/www.esplac.cat\\\/#organization\",\"name\":\"Esplac\",\"url\":\"https:\\\/\\\/www.esplac.cat\\\/\",\"logo\":{\"@type\":\"ImageObject\",\"inLanguage\":\"en-US\",\"@id\":\"https:\\\/\\\/www.esplac.cat\\\/#\\\/schema\\\/logo\\\/image\\\/\",\"url\":\"https:\\\/\\\/www.esplac.cat\\\/wp-content\\\/uploads\\\/2019\\\/08\\\/logox2.png\",\"contentUrl\":\"https:\\\/\\\/www.esplac.cat\\\/wp-content\\\/uploads\\\/2019\\\/08\\\/logox2.png\",\"width\":600,\"height\":295,\"caption\":\"Esplac\"},\"image\":{\"@id\":\"https:\\\/\\\/www.esplac.cat\\\/#\\\/schema\\\/logo\\\/image\\\/\"}},{\"@type\":\"Person\",\"@id\":\"https:\\\/\\\/www.esplac.cat\\\/#\\\/schema\\\/person\\\/908383cf240be18b68f8855d0583faca\",\"name\":\"Comunicaci\u00f3 Esplac\",\"image\":{\"@type\":\"ImageObject\",\"inLanguage\":\"en-US\",\"@id\":\"https:\\\/\\\/secure.gravatar.com\\\/avatar\\\/7a4cf8feb412a76ea4a740ca02d95b06b2907b5a6c648c2dd0a1082a093c3141?s=96&d=mm&r=g\",\"url\":\"https:\\\/\\\/secure.gravatar.com\\\/avatar\\\/7a4cf8feb412a76ea4a740ca02d95b06b2907b5a6c648c2dd0a1082a093c3141?s=96&d=mm&r=g\",\"contentUrl\":\"https:\\\/\\\/secure.gravatar.com\\\/avatar\\\/7a4cf8feb412a76ea4a740ca02d95b06b2907b5a6c648c2dd0a1082a093c3141?s=96&d=mm&r=g\",\"caption\":\"Comunicaci\u00f3 Esplac\"}}]}<\/script>\n<!-- \/ Yoast SEO plugin. -->","yoast_head_json":{"title":"Els infants del projecte Kids Got Right entrevisten al Grup de Recerca en Educaci\u00f3 Moral de la UB - Esplac","robots":{"index":"index","follow":"follow","max-snippet":"max-snippet:-1","max-image-preview":"max-image-preview:large","max-video-preview":"max-video-preview:-1"},"canonical":"https:\/\/www.esplac.cat\/es\/infants-projecte-kids-got-right-entrevisten-grup-recerca-educacio-moral-ub\/","og_locale":"en_US","og_type":"article","og_title":"Els infants del projecte Kids Got Right entrevisten al Grup de Recerca en Educaci\u00f3 Moral de la UB - Esplac","og_description":"Autoria: Infants de l&#8217;Esplai Xirusplai i participants del projecte internacional [&hellip;]","og_url":"https:\/\/www.esplac.cat\/es\/infants-projecte-kids-got-right-entrevisten-grup-recerca-educacio-moral-ub\/","og_site_name":"Esplac","article_published_time":"2021-07-02T11:02:43+00:00","article_modified_time":"2021-07-02T11:09:50+00:00","og_image":[{"width":1697,"height":700,"url":"https:\/\/www.esplac.cat\/wp-content\/uploads\/2021\/07\/kgr.jpg","type":"image\/jpeg"}],"author":"Comunicaci\u00f3 Esplac","twitter_card":"summary_large_image","twitter_misc":{"Written by":"Comunicaci\u00f3 Esplac","Est. reading time":"7 minutes"},"schema":{"@context":"https:\/\/schema.org","@graph":[{"@type":"Article","@id":"https:\/\/www.esplac.cat\/es\/infants-projecte-kids-got-right-entrevisten-grup-recerca-educacio-moral-ub\/#article","isPartOf":{"@id":"https:\/\/www.esplac.cat\/es\/infants-projecte-kids-got-right-entrevisten-grup-recerca-educacio-moral-ub\/"},"author":{"name":"Comunicaci\u00f3 Esplac","@id":"https:\/\/www.esplac.cat\/#\/schema\/person\/908383cf240be18b68f8855d0583faca"},"headline":"Els infants del projecte Kids Got Right entrevisten al Grup de Recerca en Educaci\u00f3 Moral de la UB","datePublished":"2021-07-02T11:02:43+00:00","dateModified":"2021-07-02T11:09:50+00:00","mainEntityOfPage":{"@id":"https:\/\/www.esplac.cat\/es\/infants-projecte-kids-got-right-entrevisten-grup-recerca-educacio-moral-ub\/"},"wordCount":1400,"publisher":{"@id":"https:\/\/www.esplac.cat\/#organization"},"image":{"@id":"https:\/\/www.esplac.cat\/es\/infants-projecte-kids-got-right-entrevisten-grup-recerca-educacio-moral-ub\/#primaryimage"},"thumbnailUrl":"https:\/\/www.esplac.cat\/wp-content\/uploads\/2021\/07\/kgr.jpg","articleSection":["Creuant mirades"],"inLanguage":"en-US"},{"@type":"WebPage","@id":"https:\/\/www.esplac.cat\/es\/infants-projecte-kids-got-right-entrevisten-grup-recerca-educacio-moral-ub\/","url":"https:\/\/www.esplac.cat\/es\/infants-projecte-kids-got-right-entrevisten-grup-recerca-educacio-moral-ub\/","name":"Els infants del projecte Kids Got Right entrevisten al Grup de Recerca en Educaci\u00f3 Moral de la UB - Esplac","isPartOf":{"@id":"https:\/\/www.esplac.cat\/#website"},"primaryImageOfPage":{"@id":"https:\/\/www.esplac.cat\/es\/infants-projecte-kids-got-right-entrevisten-grup-recerca-educacio-moral-ub\/#primaryimage"},"image":{"@id":"https:\/\/www.esplac.cat\/es\/infants-projecte-kids-got-right-entrevisten-grup-recerca-educacio-moral-ub\/#primaryimage"},"thumbnailUrl":"https:\/\/www.esplac.cat\/wp-content\/uploads\/2021\/07\/kgr.jpg","datePublished":"2021-07-02T11:02:43+00:00","dateModified":"2021-07-02T11:09:50+00:00","breadcrumb":{"@id":"https:\/\/www.esplac.cat\/es\/infants-projecte-kids-got-right-entrevisten-grup-recerca-educacio-moral-ub\/#breadcrumb"},"inLanguage":"en-US","potentialAction":[{"@type":"ReadAction","target":["https:\/\/www.esplac.cat\/es\/infants-projecte-kids-got-right-entrevisten-grup-recerca-educacio-moral-ub\/"]}]},{"@type":"ImageObject","inLanguage":"en-US","@id":"https:\/\/www.esplac.cat\/es\/infants-projecte-kids-got-right-entrevisten-grup-recerca-educacio-moral-ub\/#primaryimage","url":"https:\/\/www.esplac.cat\/wp-content\/uploads\/2021\/07\/kgr.jpg","contentUrl":"https:\/\/www.esplac.cat\/wp-content\/uploads\/2021\/07\/kgr.jpg","width":1697,"height":700},{"@type":"BreadcrumbList","@id":"https:\/\/www.esplac.cat\/es\/infants-projecte-kids-got-right-entrevisten-grup-recerca-educacio-moral-ub\/#breadcrumb","itemListElement":[{"@type":"ListItem","position":1,"name":"Inici","item":"https:\/\/www.esplac.cat\/en\/"},{"@type":"ListItem","position":2,"name":"Els infants del projecte Kids Got Right entrevisten al Grup de Recerca en Educaci\u00f3 Moral de la UB"}]},{"@type":"WebSite","@id":"https:\/\/www.esplac.cat\/#website","url":"https:\/\/www.esplac.cat\/","name":"Esplac","description":"Esplais Catalans","publisher":{"@id":"https:\/\/www.esplac.cat\/#organization"},"potentialAction":[{"@type":"SearchAction","target":{"@type":"EntryPoint","urlTemplate":"https:\/\/www.esplac.cat\/?s={search_term_string}"},"query-input":{"@type":"PropertyValueSpecification","valueRequired":true,"valueName":"search_term_string"}}],"inLanguage":"en-US"},{"@type":"Organization","@id":"https:\/\/www.esplac.cat\/#organization","name":"Esplac","url":"https:\/\/www.esplac.cat\/","logo":{"@type":"ImageObject","inLanguage":"en-US","@id":"https:\/\/www.esplac.cat\/#\/schema\/logo\/image\/","url":"https:\/\/www.esplac.cat\/wp-content\/uploads\/2019\/08\/logox2.png","contentUrl":"https:\/\/www.esplac.cat\/wp-content\/uploads\/2019\/08\/logox2.png","width":600,"height":295,"caption":"Esplac"},"image":{"@id":"https:\/\/www.esplac.cat\/#\/schema\/logo\/image\/"}},{"@type":"Person","@id":"https:\/\/www.esplac.cat\/#\/schema\/person\/908383cf240be18b68f8855d0583faca","name":"Comunicaci\u00f3 Esplac","image":{"@type":"ImageObject","inLanguage":"en-US","@id":"https:\/\/secure.gravatar.com\/avatar\/7a4cf8feb412a76ea4a740ca02d95b06b2907b5a6c648c2dd0a1082a093c3141?s=96&d=mm&r=g","url":"https:\/\/secure.gravatar.com\/avatar\/7a4cf8feb412a76ea4a740ca02d95b06b2907b5a6c648c2dd0a1082a093c3141?s=96&d=mm&r=g","contentUrl":"https:\/\/secure.gravatar.com\/avatar\/7a4cf8feb412a76ea4a740ca02d95b06b2907b5a6c648c2dd0a1082a093c3141?s=96&d=mm&r=g","caption":"Comunicaci\u00f3 Esplac"}}]}},"_links":{"self":[{"href":"https:\/\/www.esplac.cat\/en\/wp-json\/wp\/v2\/posts\/36773","targetHints":{"allow":["GET"]}}],"collection":[{"href":"https:\/\/www.esplac.cat\/en\/wp-json\/wp\/v2\/posts"}],"about":[{"href":"https:\/\/www.esplac.cat\/en\/wp-json\/wp\/v2\/types\/post"}],"author":[{"embeddable":true,"href":"https:\/\/www.esplac.cat\/en\/wp-json\/wp\/v2\/users\/3"}],"replies":[{"embeddable":true,"href":"https:\/\/www.esplac.cat\/en\/wp-json\/wp\/v2\/comments?post=36773"}],"version-history":[{"count":0,"href":"https:\/\/www.esplac.cat\/en\/wp-json\/wp\/v2\/posts\/36773\/revisions"}],"wp:featuredmedia":[{"embeddable":true,"href":"https:\/\/www.esplac.cat\/en\/wp-json\/wp\/v2\/media\/36776"}],"wp:attachment":[{"href":"https:\/\/www.esplac.cat\/en\/wp-json\/wp\/v2\/media?parent=36773"}],"wp:term":[{"taxonomy":"category","embeddable":true,"href":"https:\/\/www.esplac.cat\/en\/wp-json\/wp\/v2\/categories?post=36773"},{"taxonomy":"post_tag","embeddable":true,"href":"https:\/\/www.esplac.cat\/en\/wp-json\/wp\/v2\/tags?post=36773"}],"curies":[{"name":"wp","href":"https:\/\/api.w.org\/{rel}","templated":true}]}}