{"id":36859,"date":"2021-08-05T08:46:16","date_gmt":"2021-08-05T07:46:16","guid":{"rendered":"https:\/\/www.esplac.cat\/?p=36859"},"modified":"2021-08-24T12:40:33","modified_gmt":"2021-08-24T11:40:33","slug":"queer-summerschool-2021","status":"publish","type":"post","link":"https:\/\/www.esplac.cat\/en\/queer-summerschool-2021\/","title":{"rendered":"Queer Summerschool 2021: Visibilitzant la diversitat, combatent el sistema!"},"content":{"rendered":"<p>Autoria: <strong>Monitores d&#8217;Esplac de l&#8217;<a class=\"notranslate\" tabindex=\"0\" href=\"https:\/\/www.instagram.com\/esplaiclupi\/\">Esplai Clupi<\/a>, <a class=\"notranslate\" tabindex=\"0\" href=\"https:\/\/www.instagram.com\/esplaigeps\/\">Esplai Geps<\/a>, <a class=\"notranslate\" tabindex=\"0\" href=\"https:\/\/www.instagram.com\/esplaimiv\/\">Esplai MIV<\/a>, <a class=\"notranslate\" tabindex=\"0\" href=\"https:\/\/www.instagram.com\/esplaikasperle\/\">Esplai Kasperle<\/a> i<a class=\"notranslate\" tabindex=\"0\" href=\"https:\/\/www.instagram.com\/grupesplai\/\"> Grupe d&#8217;esplai Montbui.<\/a><\/strong><\/p>\n<hr \/>\n<p><span style=\"font-weight: 400;\">La paraula <\/span><i><span style=\"font-weight: 400;\">Queer <\/span><\/i><span style=\"font-weight: 400;\">es va comen\u00e7ar a utilitzar pejorativament per referir-se a totes aquelles persones que sortien de la normativitat cis-hetero. El col\u00b7lectiu en comptes de subjugar-se a l&#8217;insult es vol empoderar amb el mot, acceptant i reivindicant la seva difer\u00e8ncia com una alternativa. No \u00fanicament al sistema cisheteropatriarcal sin\u00f3 tamb\u00e9 al moviment LGTBI que delimitava les possibilitats d\u2019expressi\u00f3 i identitat i acabava sotm\u00e8s als interessos capitalistes.<\/span><\/p>\n<p><span style=\"font-weight: 400;\">Durant la setmana (a la trobada formativa &#8220;We are here, We are queer&#8221; organitzada pel Centre Kurt Low\u00ebinstein) les diferents persones d\u2019Esplac vam poder participar en seminaris amb persones d\u2019arreu per discutir temes relacionats amb les pol\u00edtiques LGTBIQ+. Entre ells la lluita anticapitalista, la hist\u00f2ria del moviment Queer&#8230; Vam poder assistir en un espai segur i inclusiu on experimentar i explorar maneres diferents d\u2019expressar-nos i relacionar-nos amb les altres i nosaltres mateixes.<\/span><\/p>\n<p><span style=\"font-weight: 400;\">El m\u00e9s destacable de tot el seminari va ser l\u2019oportunitat de poder compartir experi\u00e8ncies amb les diferents participants. Era molt enriquidor veure com d\u2019una mateixa activitat o din\u00e0mica, se\u2019n treien opinions diverses i punts de vista que es veien recolzats en les viv\u00e8ncies de les altres membres de la formaci\u00f3. Aquestes ens feien adonar-nos de la situaci\u00f3 de privilegi que vivim respecte a pa\u00efsos com Bielor\u00fassia, Ge\u00f2rgia, Litu\u00e0nia\u2026 On la vida de les persones que formen part del col\u00b7lectiu perilla dia a dia. Les pol\u00edtiques que aqu\u00ed considerem opressives, com per exemple una llei trans que no reflecteix la realitat de les persones, en altres pa\u00efsos suposen un ideal a assolir.\u00a0<\/span><\/p>\n<p><span style=\"font-weight: 400;\">\u00c9s per aix\u00f2 que la lluita no acaba aqu\u00ed, prendre consci\u00e8ncia \u00e9s el primer pas, per\u00f2 l\u2019acci\u00f3 envers el sistema, a trav\u00e9s de la xarxa i la cooperaci\u00f3 entre totes, siguem aliades o part del col\u00b7lectiu, \u00e9s el seg\u00fcent.<\/span><\/p>\n<p>&nbsp;<\/p>\n\n\t\t<style type=\"text\/css\">\n\t\t\t#gallery-1 {\n\t\t\t\tmargin: auto;\n\t\t\t}\n\t\t\t#gallery-1 .gallery-item {\n\t\t\t\tfloat: left;\n\t\t\t\tmargin-top: 10px;\n\t\t\t\ttext-align: center;\n\t\t\t\twidth: 33%;\n\t\t\t}\n\t\t\t#gallery-1 img {\n\t\t\t\tborder: 2px solid #cfcfcf;\n\t\t\t}\n\t\t\t#gallery-1 .gallery-caption {\n\t\t\t\tmargin-left: 0;\n\t\t\t}\n\t\t\t\/* see gallery_shortcode() in wp-includes\/media.php *\/\n\t\t<\/style>\n\t\t<div id='gallery-1' class='gallery galleryid-36859 gallery-columns-3 gallery-size-medium'><dl class='gallery-item'>\n\t\t\t<dt class='gallery-icon portrait'>\n\t\t\t\t<a data-rel=\"iLightbox[postimages]\" data-title=\"QueerEaster3\" data-caption=\"Participants Queer Easter\" href='https:\/\/www.esplac.cat\/en\/queereaster3-2\/'><img decoding=\"async\" width=\"225\" height=\"300\" src=\"https:\/\/www.esplac.cat\/wp-content\/uploads\/2021\/08\/QueerEaster3-225x300.jpeg\" class=\"attachment-medium size-medium\" alt=\"QueerEaster2021\" aria-describedby=\"gallery-1-36862\" srcset=\"https:\/\/www.esplac.cat\/wp-content\/uploads\/2021\/08\/QueerEaster3-200x267.jpeg 200w, https:\/\/www.esplac.cat\/wp-content\/uploads\/2021\/08\/QueerEaster3-225x300.jpeg 225w, https:\/\/www.esplac.cat\/wp-content\/uploads\/2021\/08\/QueerEaster3-400x533.jpeg 400w, https:\/\/www.esplac.cat\/wp-content\/uploads\/2021\/08\/QueerEaster3-600x800.jpeg 600w, https:\/\/www.esplac.cat\/wp-content\/uploads\/2021\/08\/QueerEaster3-768x1024.jpeg 768w, https:\/\/www.esplac.cat\/wp-content\/uploads\/2021\/08\/QueerEaster3-800x1067.jpeg 800w, https:\/\/www.esplac.cat\/wp-content\/uploads\/2021\/08\/QueerEaster3-1152x1536.jpeg 1152w, https:\/\/www.esplac.cat\/wp-content\/uploads\/2021\/08\/QueerEaster3.jpeg 1200w\" sizes=\"(max-width: 225px) 100vw, 225px\" \/><\/a>\n\t\t\t<\/dt>\n\t\t\t\t<dd class='wp-caption-text gallery-caption' id='gallery-1-36862'>\n\t\t\t\tParticipants Queer Easter\n\t\t\t\t<\/dd><\/dl><dl class='gallery-item'>\n\t\t\t<dt class='gallery-icon landscape'>\n\t\t\t\t<a data-rel=\"iLightbox[postimages]\" data-title=\"QueerEaster4\" data-caption=\"\" href='https:\/\/www.esplac.cat\/en\/queereaster4-2\/'><img decoding=\"async\" width=\"300\" height=\"225\" src=\"https:\/\/www.esplac.cat\/wp-content\/uploads\/2021\/08\/QueerEaster4-300x225.jpeg\" class=\"attachment-medium size-medium\" alt=\"QueerEaster2021_1\" srcset=\"https:\/\/www.esplac.cat\/wp-content\/uploads\/2021\/08\/QueerEaster4-200x150.jpeg 200w, https:\/\/www.esplac.cat\/wp-content\/uploads\/2021\/08\/QueerEaster4-300x225.jpeg 300w, https:\/\/www.esplac.cat\/wp-content\/uploads\/2021\/08\/QueerEaster4-400x300.jpeg 400w, https:\/\/www.esplac.cat\/wp-content\/uploads\/2021\/08\/QueerEaster4-600x450.jpeg 600w, https:\/\/www.esplac.cat\/wp-content\/uploads\/2021\/08\/QueerEaster4-768x576.jpeg 768w, https:\/\/www.esplac.cat\/wp-content\/uploads\/2021\/08\/QueerEaster4-800x600.jpeg 800w, https:\/\/www.esplac.cat\/wp-content\/uploads\/2021\/08\/QueerEaster4-1024x768.jpeg 1024w, https:\/\/www.esplac.cat\/wp-content\/uploads\/2021\/08\/QueerEaster4-1200x900.jpeg 1200w, https:\/\/www.esplac.cat\/wp-content\/uploads\/2021\/08\/QueerEaster4-1536x1152.jpeg 1536w, https:\/\/www.esplac.cat\/wp-content\/uploads\/2021\/08\/QueerEaster4.jpeg 1600w\" sizes=\"(max-width: 300px) 100vw, 300px\" \/><\/a>\n\t\t\t<\/dt><\/dl><dl class='gallery-item'>\n\t\t\t<dt class='gallery-icon landscape'>\n\t\t\t\t<a data-rel=\"iLightbox[postimages]\" data-title=\"QueerEaster5\" data-caption=\"\" href='https:\/\/www.esplac.cat\/en\/queereaster5-2\/'><img decoding=\"async\" width=\"300\" height=\"225\" src=\"https:\/\/www.esplac.cat\/wp-content\/uploads\/2021\/08\/QueerEaster5-300x225.jpeg\" class=\"attachment-medium size-medium\" alt=\"QueerEaster2021_2\" srcset=\"https:\/\/www.esplac.cat\/wp-content\/uploads\/2021\/08\/QueerEaster5-200x150.jpeg 200w, https:\/\/www.esplac.cat\/wp-content\/uploads\/2021\/08\/QueerEaster5-300x225.jpeg 300w, https:\/\/www.esplac.cat\/wp-content\/uploads\/2021\/08\/QueerEaster5-400x300.jpeg 400w, https:\/\/www.esplac.cat\/wp-content\/uploads\/2021\/08\/QueerEaster5-600x450.jpeg 600w, https:\/\/www.esplac.cat\/wp-content\/uploads\/2021\/08\/QueerEaster5-768x576.jpeg 768w, https:\/\/www.esplac.cat\/wp-content\/uploads\/2021\/08\/QueerEaster5-800x600.jpeg 800w, https:\/\/www.esplac.cat\/wp-content\/uploads\/2021\/08\/QueerEaster5-1024x768.jpeg 1024w, https:\/\/www.esplac.cat\/wp-content\/uploads\/2021\/08\/QueerEaster5-1200x900.jpeg 1200w, https:\/\/www.esplac.cat\/wp-content\/uploads\/2021\/08\/QueerEaster5-1536x1152.jpeg 1536w, https:\/\/www.esplac.cat\/wp-content\/uploads\/2021\/08\/QueerEaster5.jpeg 1600w\" sizes=\"(max-width: 300px) 100vw, 300px\" \/><\/a>\n\t\t\t<\/dt><\/dl><br style=\"clear: both\" \/><dl class='gallery-item'>\n\t\t\t<dt class='gallery-icon landscape'>\n\t\t\t\t<a data-rel=\"iLightbox[postimages]\" data-title=\"QueerEaster8\" data-caption=\"\" href='https:\/\/www.esplac.cat\/en\/queereaster8-2\/'><img decoding=\"async\" width=\"300\" height=\"138\" src=\"https:\/\/www.esplac.cat\/wp-content\/uploads\/2021\/08\/QueerEaster8-300x138.jpeg\" class=\"attachment-medium size-medium\" alt=\"QueerEaster2021_3\" srcset=\"https:\/\/www.esplac.cat\/wp-content\/uploads\/2021\/08\/QueerEaster8-200x92.jpeg 200w, https:\/\/www.esplac.cat\/wp-content\/uploads\/2021\/08\/QueerEaster8-300x138.jpeg 300w, https:\/\/www.esplac.cat\/wp-content\/uploads\/2021\/08\/QueerEaster8-400x184.jpeg 400w, https:\/\/www.esplac.cat\/wp-content\/uploads\/2021\/08\/QueerEaster8-600x276.jpeg 600w, https:\/\/www.esplac.cat\/wp-content\/uploads\/2021\/08\/QueerEaster8-768x354.jpeg 768w, https:\/\/www.esplac.cat\/wp-content\/uploads\/2021\/08\/QueerEaster8-800x369.jpeg 800w, https:\/\/www.esplac.cat\/wp-content\/uploads\/2021\/08\/QueerEaster8-1024x472.jpeg 1024w, https:\/\/www.esplac.cat\/wp-content\/uploads\/2021\/08\/QueerEaster8-1200x553.jpeg 1200w, https:\/\/www.esplac.cat\/wp-content\/uploads\/2021\/08\/QueerEaster8-1536x708.jpeg 1536w, https:\/\/www.esplac.cat\/wp-content\/uploads\/2021\/08\/QueerEaster8.jpeg 1600w\" sizes=\"(max-width: 300px) 100vw, 300px\" \/><\/a>\n\t\t\t<\/dt><\/dl>\n\t\t\t<br style='clear: both' \/>\n\t\t<\/div>\n\n","protected":false},"excerpt":{"rendered":"<p>Autoria: Monitores d&#8217;Esplac de l&#8217;Esplai Clupi, Esplai Geps, Esplai MIV, [&hellip;]<\/p>\n","protected":false},"author":3,"featured_media":36875,"comment_status":"closed","ping_status":"closed","sticky":false,"template":"","format":"standard","meta":{"om_disable_all_campaigns":false,"_monsterinsights_skip_tracking":false,"_monsterinsights_sitenote_active":false,"_monsterinsights_sitenote_note":"","_monsterinsights_sitenote_category":0,"_uf_show_specific_survey":0,"_uf_disable_surveys":false,"footnotes":""},"categories":[1168],"tags":[],"class_list":["post-36859","post","type-post","status-publish","format-standard","has-post-thumbnail","hentry","category-creuant_mirades"],"yoast_head":"<!-- This site is optimized with the Yoast SEO plugin v27.5 - https:\/\/yoast.com\/product\/yoast-seo-wordpress\/ -->\n<title>Queer Summerschool 2021: Visibilitzant la diversitat, combatent el sistema! - Esplac<\/title>\n<meta name=\"robots\" content=\"index, follow, max-snippet:-1, max-image-preview:large, max-video-preview:-1\" \/>\n<link rel=\"canonical\" href=\"https:\/\/www.esplac.cat\/queer-summerschool-2021\/\" \/>\n<meta property=\"og:locale\" content=\"en_US\" \/>\n<meta property=\"og:type\" content=\"article\" \/>\n<meta property=\"og:title\" content=\"Queer Summerschool 2021: Visibilitzant la diversitat, combatent el sistema! - Esplac\" \/>\n<meta property=\"og:description\" content=\"Autoria: Monitores d&#8217;Esplac de l&#8217;Esplai Clupi, Esplai Geps, Esplai MIV, [&hellip;]\" \/>\n<meta property=\"og:url\" content=\"https:\/\/www.esplac.cat\/queer-summerschool-2021\/\" \/>\n<meta property=\"og:site_name\" content=\"Esplac\" \/>\n<meta property=\"article:published_time\" content=\"2021-08-05T07:46:16+00:00\" \/>\n<meta property=\"article:modified_time\" content=\"2021-08-24T11:40:33+00:00\" \/>\n<meta property=\"og:image\" content=\"https:\/\/www.esplac.cat\/wp-content\/uploads\/2021\/08\/portades-web.jpg\" \/>\n\t<meta property=\"og:image:width\" content=\"1697\" \/>\n\t<meta property=\"og:image:height\" content=\"700\" \/>\n\t<meta property=\"og:image:type\" content=\"image\/jpeg\" \/>\n<meta name=\"author\" content=\"Comunicaci\u00f3 Esplac\" \/>\n<meta name=\"twitter:card\" content=\"summary_large_image\" \/>\n<meta name=\"twitter:label1\" content=\"Written by\" \/>\n\t<meta name=\"twitter:data1\" content=\"Comunicaci\u00f3 Esplac\" \/>\n\t<meta name=\"twitter:label2\" content=\"Est. reading time\" \/>\n\t<meta name=\"twitter:data2\" content=\"2 minutes\" \/>\n<script type=\"application\/ld+json\" class=\"yoast-schema-graph\">{\"@context\":\"https:\\\/\\\/schema.org\",\"@graph\":[{\"@type\":\"Article\",\"@id\":\"https:\\\/\\\/www.esplac.cat\\\/queer-summerschool-2021\\\/#article\",\"isPartOf\":{\"@id\":\"https:\\\/\\\/www.esplac.cat\\\/queer-summerschool-2021\\\/\"},\"author\":{\"name\":\"Comunicaci\u00f3 Esplac\",\"@id\":\"https:\\\/\\\/www.esplac.cat\\\/#\\\/schema\\\/person\\\/908383cf240be18b68f8855d0583faca\"},\"headline\":\"Queer Summerschool 2021: Visibilitzant la diversitat, combatent el sistema!\",\"datePublished\":\"2021-08-05T07:46:16+00:00\",\"dateModified\":\"2021-08-24T11:40:33+00:00\",\"mainEntityOfPage\":{\"@id\":\"https:\\\/\\\/www.esplac.cat\\\/queer-summerschool-2021\\\/\"},\"wordCount\":352,\"publisher\":{\"@id\":\"https:\\\/\\\/www.esplac.cat\\\/#organization\"},\"image\":{\"@id\":\"https:\\\/\\\/www.esplac.cat\\\/queer-summerschool-2021\\\/#primaryimage\"},\"thumbnailUrl\":\"https:\\\/\\\/www.esplac.cat\\\/wp-content\\\/uploads\\\/2021\\\/08\\\/portades-web.jpg\",\"articleSection\":[\"Creuant mirades\"],\"inLanguage\":\"en-US\"},{\"@type\":\"WebPage\",\"@id\":\"https:\\\/\\\/www.esplac.cat\\\/queer-summerschool-2021\\\/\",\"url\":\"https:\\\/\\\/www.esplac.cat\\\/queer-summerschool-2021\\\/\",\"name\":\"Queer Summerschool 2021: Visibilitzant la diversitat, combatent el sistema! - Esplac\",\"isPartOf\":{\"@id\":\"https:\\\/\\\/www.esplac.cat\\\/#website\"},\"primaryImageOfPage\":{\"@id\":\"https:\\\/\\\/www.esplac.cat\\\/queer-summerschool-2021\\\/#primaryimage\"},\"image\":{\"@id\":\"https:\\\/\\\/www.esplac.cat\\\/queer-summerschool-2021\\\/#primaryimage\"},\"thumbnailUrl\":\"https:\\\/\\\/www.esplac.cat\\\/wp-content\\\/uploads\\\/2021\\\/08\\\/portades-web.jpg\",\"datePublished\":\"2021-08-05T07:46:16+00:00\",\"dateModified\":\"2021-08-24T11:40:33+00:00\",\"breadcrumb\":{\"@id\":\"https:\\\/\\\/www.esplac.cat\\\/queer-summerschool-2021\\\/#breadcrumb\"},\"inLanguage\":\"en-US\",\"potentialAction\":[{\"@type\":\"ReadAction\",\"target\":[\"https:\\\/\\\/www.esplac.cat\\\/queer-summerschool-2021\\\/\"]}]},{\"@type\":\"ImageObject\",\"inLanguage\":\"en-US\",\"@id\":\"https:\\\/\\\/www.esplac.cat\\\/queer-summerschool-2021\\\/#primaryimage\",\"url\":\"https:\\\/\\\/www.esplac.cat\\\/wp-content\\\/uploads\\\/2021\\\/08\\\/portades-web.jpg\",\"contentUrl\":\"https:\\\/\\\/www.esplac.cat\\\/wp-content\\\/uploads\\\/2021\\\/08\\\/portades-web.jpg\",\"width\":1697,\"height\":700,\"caption\":\"QueerEaster\"},{\"@type\":\"BreadcrumbList\",\"@id\":\"https:\\\/\\\/www.esplac.cat\\\/queer-summerschool-2021\\\/#breadcrumb\",\"itemListElement\":[{\"@type\":\"ListItem\",\"position\":1,\"name\":\"Inici\",\"item\":\"https:\\\/\\\/www.esplac.cat\\\/en\\\/\"},{\"@type\":\"ListItem\",\"position\":2,\"name\":\"Queer Summerschool 2021: Visibilitzant la diversitat, combatent el sistema!\"}]},{\"@type\":\"WebSite\",\"@id\":\"https:\\\/\\\/www.esplac.cat\\\/#website\",\"url\":\"https:\\\/\\\/www.esplac.cat\\\/\",\"name\":\"Esplac\",\"description\":\"Esplais Catalans\",\"publisher\":{\"@id\":\"https:\\\/\\\/www.esplac.cat\\\/#organization\"},\"potentialAction\":[{\"@type\":\"SearchAction\",\"target\":{\"@type\":\"EntryPoint\",\"urlTemplate\":\"https:\\\/\\\/www.esplac.cat\\\/?s={search_term_string}\"},\"query-input\":{\"@type\":\"PropertyValueSpecification\",\"valueRequired\":true,\"valueName\":\"search_term_string\"}}],\"inLanguage\":\"en-US\"},{\"@type\":\"Organization\",\"@id\":\"https:\\\/\\\/www.esplac.cat\\\/#organization\",\"name\":\"Esplac\",\"url\":\"https:\\\/\\\/www.esplac.cat\\\/\",\"logo\":{\"@type\":\"ImageObject\",\"inLanguage\":\"en-US\",\"@id\":\"https:\\\/\\\/www.esplac.cat\\\/#\\\/schema\\\/logo\\\/image\\\/\",\"url\":\"https:\\\/\\\/www.esplac.cat\\\/wp-content\\\/uploads\\\/2019\\\/08\\\/logox2.png\",\"contentUrl\":\"https:\\\/\\\/www.esplac.cat\\\/wp-content\\\/uploads\\\/2019\\\/08\\\/logox2.png\",\"width\":600,\"height\":295,\"caption\":\"Esplac\"},\"image\":{\"@id\":\"https:\\\/\\\/www.esplac.cat\\\/#\\\/schema\\\/logo\\\/image\\\/\"}},{\"@type\":\"Person\",\"@id\":\"https:\\\/\\\/www.esplac.cat\\\/#\\\/schema\\\/person\\\/908383cf240be18b68f8855d0583faca\",\"name\":\"Comunicaci\u00f3 Esplac\",\"image\":{\"@type\":\"ImageObject\",\"inLanguage\":\"en-US\",\"@id\":\"https:\\\/\\\/secure.gravatar.com\\\/avatar\\\/7a4cf8feb412a76ea4a740ca02d95b06b2907b5a6c648c2dd0a1082a093c3141?s=96&d=mm&r=g\",\"url\":\"https:\\\/\\\/secure.gravatar.com\\\/avatar\\\/7a4cf8feb412a76ea4a740ca02d95b06b2907b5a6c648c2dd0a1082a093c3141?s=96&d=mm&r=g\",\"contentUrl\":\"https:\\\/\\\/secure.gravatar.com\\\/avatar\\\/7a4cf8feb412a76ea4a740ca02d95b06b2907b5a6c648c2dd0a1082a093c3141?s=96&d=mm&r=g\",\"caption\":\"Comunicaci\u00f3 Esplac\"}}]}<\/script>\n<!-- \/ Yoast SEO plugin. -->","yoast_head_json":{"title":"Queer Summerschool 2021: Visibilitzant la diversitat, combatent el sistema! - Esplac","robots":{"index":"index","follow":"follow","max-snippet":"max-snippet:-1","max-image-preview":"max-image-preview:large","max-video-preview":"max-video-preview:-1"},"canonical":"https:\/\/www.esplac.cat\/queer-summerschool-2021\/","og_locale":"en_US","og_type":"article","og_title":"Queer Summerschool 2021: Visibilitzant la diversitat, combatent el sistema! - Esplac","og_description":"Autoria: Monitores d&#8217;Esplac de l&#8217;Esplai Clupi, Esplai Geps, Esplai MIV, [&hellip;]","og_url":"https:\/\/www.esplac.cat\/queer-summerschool-2021\/","og_site_name":"Esplac","article_published_time":"2021-08-05T07:46:16+00:00","article_modified_time":"2021-08-24T11:40:33+00:00","og_image":[{"width":1697,"height":700,"url":"https:\/\/www.esplac.cat\/wp-content\/uploads\/2021\/08\/portades-web.jpg","type":"image\/jpeg"}],"author":"Comunicaci\u00f3 Esplac","twitter_card":"summary_large_image","twitter_misc":{"Written by":"Comunicaci\u00f3 Esplac","Est. reading time":"2 minutes"},"schema":{"@context":"https:\/\/schema.org","@graph":[{"@type":"Article","@id":"https:\/\/www.esplac.cat\/queer-summerschool-2021\/#article","isPartOf":{"@id":"https:\/\/www.esplac.cat\/queer-summerschool-2021\/"},"author":{"name":"Comunicaci\u00f3 Esplac","@id":"https:\/\/www.esplac.cat\/#\/schema\/person\/908383cf240be18b68f8855d0583faca"},"headline":"Queer Summerschool 2021: Visibilitzant la diversitat, combatent el sistema!","datePublished":"2021-08-05T07:46:16+00:00","dateModified":"2021-08-24T11:40:33+00:00","mainEntityOfPage":{"@id":"https:\/\/www.esplac.cat\/queer-summerschool-2021\/"},"wordCount":352,"publisher":{"@id":"https:\/\/www.esplac.cat\/#organization"},"image":{"@id":"https:\/\/www.esplac.cat\/queer-summerschool-2021\/#primaryimage"},"thumbnailUrl":"https:\/\/www.esplac.cat\/wp-content\/uploads\/2021\/08\/portades-web.jpg","articleSection":["Creuant mirades"],"inLanguage":"en-US"},{"@type":"WebPage","@id":"https:\/\/www.esplac.cat\/queer-summerschool-2021\/","url":"https:\/\/www.esplac.cat\/queer-summerschool-2021\/","name":"Queer Summerschool 2021: Visibilitzant la diversitat, combatent el sistema! - Esplac","isPartOf":{"@id":"https:\/\/www.esplac.cat\/#website"},"primaryImageOfPage":{"@id":"https:\/\/www.esplac.cat\/queer-summerschool-2021\/#primaryimage"},"image":{"@id":"https:\/\/www.esplac.cat\/queer-summerschool-2021\/#primaryimage"},"thumbnailUrl":"https:\/\/www.esplac.cat\/wp-content\/uploads\/2021\/08\/portades-web.jpg","datePublished":"2021-08-05T07:46:16+00:00","dateModified":"2021-08-24T11:40:33+00:00","breadcrumb":{"@id":"https:\/\/www.esplac.cat\/queer-summerschool-2021\/#breadcrumb"},"inLanguage":"en-US","potentialAction":[{"@type":"ReadAction","target":["https:\/\/www.esplac.cat\/queer-summerschool-2021\/"]}]},{"@type":"ImageObject","inLanguage":"en-US","@id":"https:\/\/www.esplac.cat\/queer-summerschool-2021\/#primaryimage","url":"https:\/\/www.esplac.cat\/wp-content\/uploads\/2021\/08\/portades-web.jpg","contentUrl":"https:\/\/www.esplac.cat\/wp-content\/uploads\/2021\/08\/portades-web.jpg","width":1697,"height":700,"caption":"QueerEaster"},{"@type":"BreadcrumbList","@id":"https:\/\/www.esplac.cat\/queer-summerschool-2021\/#breadcrumb","itemListElement":[{"@type":"ListItem","position":1,"name":"Inici","item":"https:\/\/www.esplac.cat\/en\/"},{"@type":"ListItem","position":2,"name":"Queer Summerschool 2021: Visibilitzant la diversitat, combatent el sistema!"}]},{"@type":"WebSite","@id":"https:\/\/www.esplac.cat\/#website","url":"https:\/\/www.esplac.cat\/","name":"Esplac","description":"Esplais Catalans","publisher":{"@id":"https:\/\/www.esplac.cat\/#organization"},"potentialAction":[{"@type":"SearchAction","target":{"@type":"EntryPoint","urlTemplate":"https:\/\/www.esplac.cat\/?s={search_term_string}"},"query-input":{"@type":"PropertyValueSpecification","valueRequired":true,"valueName":"search_term_string"}}],"inLanguage":"en-US"},{"@type":"Organization","@id":"https:\/\/www.esplac.cat\/#organization","name":"Esplac","url":"https:\/\/www.esplac.cat\/","logo":{"@type":"ImageObject","inLanguage":"en-US","@id":"https:\/\/www.esplac.cat\/#\/schema\/logo\/image\/","url":"https:\/\/www.esplac.cat\/wp-content\/uploads\/2019\/08\/logox2.png","contentUrl":"https:\/\/www.esplac.cat\/wp-content\/uploads\/2019\/08\/logox2.png","width":600,"height":295,"caption":"Esplac"},"image":{"@id":"https:\/\/www.esplac.cat\/#\/schema\/logo\/image\/"}},{"@type":"Person","@id":"https:\/\/www.esplac.cat\/#\/schema\/person\/908383cf240be18b68f8855d0583faca","name":"Comunicaci\u00f3 Esplac","image":{"@type":"ImageObject","inLanguage":"en-US","@id":"https:\/\/secure.gravatar.com\/avatar\/7a4cf8feb412a76ea4a740ca02d95b06b2907b5a6c648c2dd0a1082a093c3141?s=96&d=mm&r=g","url":"https:\/\/secure.gravatar.com\/avatar\/7a4cf8feb412a76ea4a740ca02d95b06b2907b5a6c648c2dd0a1082a093c3141?s=96&d=mm&r=g","contentUrl":"https:\/\/secure.gravatar.com\/avatar\/7a4cf8feb412a76ea4a740ca02d95b06b2907b5a6c648c2dd0a1082a093c3141?s=96&d=mm&r=g","caption":"Comunicaci\u00f3 Esplac"}}]}},"_links":{"self":[{"href":"https:\/\/www.esplac.cat\/en\/wp-json\/wp\/v2\/posts\/36859","targetHints":{"allow":["GET"]}}],"collection":[{"href":"https:\/\/www.esplac.cat\/en\/wp-json\/wp\/v2\/posts"}],"about":[{"href":"https:\/\/www.esplac.cat\/en\/wp-json\/wp\/v2\/types\/post"}],"author":[{"embeddable":true,"href":"https:\/\/www.esplac.cat\/en\/wp-json\/wp\/v2\/users\/3"}],"replies":[{"embeddable":true,"href":"https:\/\/www.esplac.cat\/en\/wp-json\/wp\/v2\/comments?post=36859"}],"version-history":[{"count":0,"href":"https:\/\/www.esplac.cat\/en\/wp-json\/wp\/v2\/posts\/36859\/revisions"}],"wp:featuredmedia":[{"embeddable":true,"href":"https:\/\/www.esplac.cat\/en\/wp-json\/wp\/v2\/media\/36875"}],"wp:attachment":[{"href":"https:\/\/www.esplac.cat\/en\/wp-json\/wp\/v2\/media?parent=36859"}],"wp:term":[{"taxonomy":"category","embeddable":true,"href":"https:\/\/www.esplac.cat\/en\/wp-json\/wp\/v2\/categories?post=36859"},{"taxonomy":"post_tag","embeddable":true,"href":"https:\/\/www.esplac.cat\/en\/wp-json\/wp\/v2\/tags?post=36859"}],"curies":[{"name":"wp","href":"https:\/\/api.w.org\/{rel}","templated":true}]}}