{"id":36879,"date":"2021-08-24T09:56:26","date_gmt":"2021-08-24T08:56:26","guid":{"rendered":"https:\/\/www.esplac.cat\/?p=36879"},"modified":"2021-08-24T10:04:49","modified_gmt":"2021-08-24T09:04:49","slug":"trobada-internacional-del-projecte-kids-got-rights-a-italia","status":"publish","type":"post","link":"https:\/\/www.esplac.cat\/en\/trobada-internacional-del-projecte-kids-got-rights-a-italia\/","title":{"rendered":"Trobada internacional del projecte Kids Got Rights a It\u00e0lia"},"content":{"rendered":"<h6><strong>Del 2 al 6 d&#8217;agost, el grup de l&#8217;esplai Xirusplai que participa en el projecte Kids Got Rights ha pogut gaudir d&#8217;una experi\u00e8ncia \u00fanica a It\u00e0lia. Ha tingut lloc la primera trobada presencial del projecte amb infants de les organitzacions participants.<\/strong><\/h6>\n<p>L\u2019Ariadna, en Jofre, l\u2019Oriol i en Guillem s\u00f3n els Mitjans Grans de l&#8217;esplai Xirusplai que els hi ha tocat participar en la <strong>primera trobada internacional del projecte, <\/strong>un projecte en el qual s&#8217;ha estat treballant durant tot el curs, el Kids Gots Rights. A <strong>Cantagallo<\/strong> (It\u00e0lia) s&#8217;han trobat presencialment amb les organitzacions <span style=\"color: #ff9900;\"><a style=\"color: #ff9900;\" href=\"https:\/\/www.arciragazzi.it\/\" target=\"_blank\" rel=\"noopener noreferrer\">Arciragazzi<\/a><\/span> i\u00a0<span style=\"color: #ff9900;\"><a style=\"color: #ff9900;\" href=\"https:\/\/kinderfreunde.at\/\" target=\"_blank\" rel=\"noopener noreferrer\">Kinderfreunde<\/a><\/span>. La resta d&#8217;entitats participants no han pogut anar a causa de la Covid-19 per\u00f2, per crear vincles, a m\u00e9s de les activitats que feien a diari, es trobaven tamb\u00e9 telem\u00e0ticament amb Slovenian Falcon, <span style=\"color: #ff9900;\"><a style=\"color: #ff9900;\" href=\"https:\/\/www.dui.dk\/\">DUI <\/a><\/span>i <span style=\"color: #ff9900;\"><a style=\"color: #ff9900;\" href=\"https:\/\/nuoretkotkat.fi\/\" target=\"_blank\" rel=\"noopener noreferrer\">NKK<\/a><\/span>.<\/p>\n<p>Els infants tornen a casa amb les butxaques plenes de noves experi\u00e8ncies, cultura i satisfacci\u00f3. Aix\u00ed ens ho comenten els mateixos infants d&#8217;Esplac:<\/p>\n<p>L&#8217;<strong>Ari<\/strong> ens explica que per ella con\u00e8ixer gent nova ha estat tot un repte a causa de les difer\u00e8ncies ling\u00fc\u00edstiques entre ells; aconseguir-ho \u00e9s el record m\u00e9s valu\u00f3s que s&#8217;enduu a casa.<\/p>\n<p>A en <strong>Guillem<\/strong> li sorpren la gran quantitat de coses en com\u00fa que han trobat amb infants d&#8217;altres indrets amb els que mai abans havia coincidit: fins i tot ha trobat el seu clon itali\u00e0!<\/p>\n<p>L&#8217;<strong>Oriol<\/strong> torna a casa amb una nova din\u00e0mica preferida que les austr\u00edaques ens han ensenyat: el Pad\u00e0!<\/p>\n<p>Per \u00faltim, en <strong>Jofre<\/strong> ha fet realitat una fantasia que ni en els seus millors somnis podria haver aconseguit: menjar pasta diferent i bon\u00edssima tots els dies!<\/p>\n\n\t\t<style type=\"text\/css\">\n\t\t\t#gallery-1 {\n\t\t\t\tmargin: auto;\n\t\t\t}\n\t\t\t#gallery-1 .gallery-item {\n\t\t\t\tfloat: left;\n\t\t\t\tmargin-top: 10px;\n\t\t\t\ttext-align: center;\n\t\t\t\twidth: 50%;\n\t\t\t}\n\t\t\t#gallery-1 img {\n\t\t\t\tborder: 2px solid #cfcfcf;\n\t\t\t}\n\t\t\t#gallery-1 .gallery-caption {\n\t\t\t\tmargin-left: 0;\n\t\t\t}\n\t\t\t\/* see gallery_shortcode() in wp-includes\/media.php *\/\n\t\t<\/style>\n\t\t<div id='gallery-1' class='gallery galleryid-36879 gallery-columns-2 gallery-size-medium'><dl class='gallery-item'>\n\t\t\t<dt class='gallery-icon landscape'>\n\t\t\t\t<a data-rel=\"iLightbox[postimages]\" data-title=\"kgr3\" data-caption=\"\" href='https:\/\/www.esplac.cat\/en\/kgr3-2\/'><img decoding=\"async\" width=\"300\" height=\"225\" src=\"https:\/\/www.esplac.cat\/wp-content\/uploads\/2021\/08\/kgr3-300x225.jpeg\" class=\"attachment-medium size-medium\" alt=\"\" srcset=\"https:\/\/www.esplac.cat\/wp-content\/uploads\/2021\/08\/kgr3-200x150.jpeg 200w, https:\/\/www.esplac.cat\/wp-content\/uploads\/2021\/08\/kgr3-300x225.jpeg 300w, https:\/\/www.esplac.cat\/wp-content\/uploads\/2021\/08\/kgr3-400x300.jpeg 400w, https:\/\/www.esplac.cat\/wp-content\/uploads\/2021\/08\/kgr3-600x450.jpeg 600w, https:\/\/www.esplac.cat\/wp-content\/uploads\/2021\/08\/kgr3-768x576.jpeg 768w, https:\/\/www.esplac.cat\/wp-content\/uploads\/2021\/08\/kgr3-800x600.jpeg 800w, https:\/\/www.esplac.cat\/wp-content\/uploads\/2021\/08\/kgr3-1024x768.jpeg 1024w, https:\/\/www.esplac.cat\/wp-content\/uploads\/2021\/08\/kgr3-1200x900.jpeg 1200w, https:\/\/www.esplac.cat\/wp-content\/uploads\/2021\/08\/kgr3-1536x1152.jpeg 1536w\" sizes=\"(max-width: 300px) 100vw, 300px\" \/><\/a>\n\t\t\t<\/dt><\/dl><dl class='gallery-item'>\n\t\t\t<dt class='gallery-icon landscape'>\n\t\t\t\t<a data-rel=\"iLightbox[postimages]\" data-title=\"kgr1\" data-caption=\"\" href='https:\/\/www.esplac.cat\/en\/kgr1-2\/'><img decoding=\"async\" width=\"300\" height=\"225\" src=\"https:\/\/www.esplac.cat\/wp-content\/uploads\/2021\/08\/kgr1-300x225.jpeg\" class=\"attachment-medium size-medium\" alt=\"\" srcset=\"https:\/\/www.esplac.cat\/wp-content\/uploads\/2021\/08\/kgr1-200x150.jpeg 200w, https:\/\/www.esplac.cat\/wp-content\/uploads\/2021\/08\/kgr1-300x225.jpeg 300w, https:\/\/www.esplac.cat\/wp-content\/uploads\/2021\/08\/kgr1-400x300.jpeg 400w, https:\/\/www.esplac.cat\/wp-content\/uploads\/2021\/08\/kgr1-600x450.jpeg 600w, https:\/\/www.esplac.cat\/wp-content\/uploads\/2021\/08\/kgr1-768x576.jpeg 768w, https:\/\/www.esplac.cat\/wp-content\/uploads\/2021\/08\/kgr1-800x600.jpeg 800w, https:\/\/www.esplac.cat\/wp-content\/uploads\/2021\/08\/kgr1-1024x768.jpeg 1024w, https:\/\/www.esplac.cat\/wp-content\/uploads\/2021\/08\/kgr1-1200x900.jpeg 1200w, https:\/\/www.esplac.cat\/wp-content\/uploads\/2021\/08\/kgr1-1536x1152.jpeg 1536w, https:\/\/www.esplac.cat\/wp-content\/uploads\/2021\/08\/kgr1.jpeg 1600w\" sizes=\"(max-width: 300px) 100vw, 300px\" \/><\/a>\n\t\t\t<\/dt><\/dl><br style=\"clear: both\" \/>\n\t\t<\/div>\n\n<p>&nbsp;<\/p>\n<p>Encara queda molt del projecte i hi ha programades m\u00e9s activitats, podeu seguir d&#8217;aprop l&#8217;experi\u00e8ncia i els aprenentatges explicats en primera persona pels infants al <span style=\"color: #ff9900;\"><a style=\"color: #ff9900;\" href=\"https:\/\/www.esplac.cat\/category\/creuant_mirades\/\" target=\"_blank\" rel=\"noopener noreferrer\">blog Creuant Mirades<\/a><\/span>. Per comen\u00e7ar, teniu <span style=\"color: #ff9900;\"><a style=\"color: #ff9900;\" href=\"https:\/\/www.esplac.cat\/infants-projecte-kids-got-right-entrevisten-grup-recerca-educacio-moral-ub\/\" target=\"_blank\" rel=\"noopener noreferrer\">l&#8217;entrevista<\/a><\/span> que van fer al grup de recerca de la UB que participa en el projecte.<\/p>\n<p><a href=\"https:\/\/www.esplac.cat\/wp-content\/uploads\/2021\/08\/2-2.jpeg\"><img decoding=\"async\" class=\"aligncenter wp-image-36885\" src=\"https:\/\/www.esplac.cat\/wp-content\/uploads\/2021\/08\/2-2.jpeg\" alt=\"\" width=\"638\" height=\"413\" srcset=\"https:\/\/www.esplac.cat\/wp-content\/uploads\/2021\/08\/2-2-200x129.jpeg 200w, https:\/\/www.esplac.cat\/wp-content\/uploads\/2021\/08\/2-2-300x194.jpeg 300w, https:\/\/www.esplac.cat\/wp-content\/uploads\/2021\/08\/2-2-400x259.jpeg 400w, https:\/\/www.esplac.cat\/wp-content\/uploads\/2021\/08\/2-2-600x388.jpeg 600w, https:\/\/www.esplac.cat\/wp-content\/uploads\/2021\/08\/2-2-768x497.jpeg 768w, https:\/\/www.esplac.cat\/wp-content\/uploads\/2021\/08\/2-2-800x518.jpeg 800w, https:\/\/www.esplac.cat\/wp-content\/uploads\/2021\/08\/2-2-1024x663.jpeg 1024w, https:\/\/www.esplac.cat\/wp-content\/uploads\/2021\/08\/2-2-1200x776.jpeg 1200w, https:\/\/www.esplac.cat\/wp-content\/uploads\/2021\/08\/2-2-1536x994.jpeg 1536w, https:\/\/www.esplac.cat\/wp-content\/uploads\/2021\/08\/2-2.jpeg 2000w\" sizes=\"(max-width: 638px) 100vw, 638px\" \/><\/a><\/p>\n<p><a href=\"https:\/\/www.esplac.cat\/wp-content\/uploads\/2021\/08\/KIDS-GOT-RIGHTS.jpeg\"><img decoding=\"async\" class=\"aligncenter wp-image-36882\" src=\"https:\/\/www.esplac.cat\/wp-content\/uploads\/2021\/08\/KIDS-GOT-RIGHTS.jpeg\" alt=\"\" width=\"640\" height=\"414\" srcset=\"https:\/\/www.esplac.cat\/wp-content\/uploads\/2021\/08\/KIDS-GOT-RIGHTS-200x129.jpeg 200w, https:\/\/www.esplac.cat\/wp-content\/uploads\/2021\/08\/KIDS-GOT-RIGHTS-300x194.jpeg 300w, https:\/\/www.esplac.cat\/wp-content\/uploads\/2021\/08\/KIDS-GOT-RIGHTS-400x259.jpeg 400w, https:\/\/www.esplac.cat\/wp-content\/uploads\/2021\/08\/KIDS-GOT-RIGHTS-600x388.jpeg 600w, https:\/\/www.esplac.cat\/wp-content\/uploads\/2021\/08\/KIDS-GOT-RIGHTS-768x497.jpeg 768w, https:\/\/www.esplac.cat\/wp-content\/uploads\/2021\/08\/KIDS-GOT-RIGHTS-800x518.jpeg 800w, https:\/\/www.esplac.cat\/wp-content\/uploads\/2021\/08\/KIDS-GOT-RIGHTS-1024x663.jpeg 1024w, https:\/\/www.esplac.cat\/wp-content\/uploads\/2021\/08\/KIDS-GOT-RIGHTS-1200x776.jpeg 1200w, https:\/\/www.esplac.cat\/wp-content\/uploads\/2021\/08\/KIDS-GOT-RIGHTS-1536x994.jpeg 1536w, https:\/\/www.esplac.cat\/wp-content\/uploads\/2021\/08\/KIDS-GOT-RIGHTS.jpeg 2000w\" sizes=\"(max-width: 640px) 100vw, 640px\" \/><\/a><\/p>\n","protected":false},"excerpt":{"rendered":"<p>Del 2 al 6 d&#8217;agost, el grup de l&#8217;esplai Xirusplai [&hellip;]<\/p>\n","protected":false},"author":3,"featured_media":36899,"comment_status":"closed","ping_status":"closed","sticky":false,"template":"","format":"standard","meta":{"om_disable_all_campaigns":false,"_monsterinsights_skip_tracking":false,"_monsterinsights_sitenote_active":false,"_monsterinsights_sitenote_note":"","_monsterinsights_sitenote_category":0,"_uf_show_specific_survey":0,"_uf_disable_surveys":false,"footnotes":""},"categories":[1112],"tags":[],"class_list":["post-36879","post","type-post","status-publish","format-standard","has-post-thumbnail","hentry","category-esplac-al-mon"],"yoast_head":"<!-- This site is optimized with the Yoast SEO plugin v27.4 - https:\/\/yoast.com\/product\/yoast-seo-wordpress\/ -->\n<title>Trobada internacional del projecte Kids Got Rights a It\u00e0lia - Esplac<\/title>\n<meta name=\"description\" content=\"El grup de l&#039;esplai Xirusplai que participa en el projecte Kids Got Rights ha pogut gaudir d&#039;una experi\u00e8ncia \u00fanica a It\u00e0lia.\" \/>\n<meta name=\"robots\" content=\"index, follow, max-snippet:-1, max-image-preview:large, max-video-preview:-1\" \/>\n<link rel=\"canonical\" href=\"https:\/\/www.esplac.cat\/trobada-internacional-del-projecte-kids-got-rights-a-italia\/\" \/>\n<meta property=\"og:locale\" content=\"en_US\" \/>\n<meta property=\"og:type\" content=\"article\" \/>\n<meta property=\"og:title\" content=\"Trobada internacional del projecte Kids Got Rights a It\u00e0lia - Esplac\" \/>\n<meta property=\"og:description\" content=\"El grup de l&#039;esplai Xirusplai que participa en el projecte Kids Got Rights ha pogut gaudir d&#039;una experi\u00e8ncia \u00fanica a It\u00e0lia.\" \/>\n<meta property=\"og:url\" content=\"https:\/\/www.esplac.cat\/trobada-internacional-del-projecte-kids-got-rights-a-italia\/\" \/>\n<meta property=\"og:site_name\" content=\"Esplac\" \/>\n<meta property=\"article:published_time\" content=\"2021-08-24T08:56:26+00:00\" \/>\n<meta property=\"article:modified_time\" content=\"2021-08-24T09:04:49+00:00\" \/>\n<meta property=\"og:image\" content=\"https:\/\/www.esplac.cat\/wp-content\/uploads\/2021\/08\/KGR_trobada.jpg\" \/>\n\t<meta property=\"og:image:width\" content=\"1697\" \/>\n\t<meta property=\"og:image:height\" content=\"700\" \/>\n\t<meta property=\"og:image:type\" content=\"image\/jpeg\" \/>\n<meta name=\"author\" content=\"Comunicaci\u00f3 Esplac\" \/>\n<meta name=\"twitter:card\" content=\"summary_large_image\" \/>\n<meta name=\"twitter:label1\" content=\"Written by\" \/>\n\t<meta name=\"twitter:data1\" content=\"Comunicaci\u00f3 Esplac\" \/>\n\t<meta name=\"twitter:label2\" content=\"Est. reading time\" \/>\n\t<meta name=\"twitter:data2\" content=\"2 minutes\" \/>\n<script type=\"application\/ld+json\" class=\"yoast-schema-graph\">{\"@context\":\"https:\\\/\\\/schema.org\",\"@graph\":[{\"@type\":\"Article\",\"@id\":\"https:\\\/\\\/www.esplac.cat\\\/trobada-internacional-del-projecte-kids-got-rights-a-italia\\\/#article\",\"isPartOf\":{\"@id\":\"https:\\\/\\\/www.esplac.cat\\\/trobada-internacional-del-projecte-kids-got-rights-a-italia\\\/\"},\"author\":{\"name\":\"Comunicaci\u00f3 Esplac\",\"@id\":\"https:\\\/\\\/www.esplac.cat\\\/#\\\/schema\\\/person\\\/908383cf240be18b68f8855d0583faca\"},\"headline\":\"Trobada internacional del projecte Kids Got Rights a It\u00e0lia\",\"datePublished\":\"2021-08-24T08:56:26+00:00\",\"dateModified\":\"2021-08-24T09:04:49+00:00\",\"mainEntityOfPage\":{\"@id\":\"https:\\\/\\\/www.esplac.cat\\\/trobada-internacional-del-projecte-kids-got-rights-a-italia\\\/\"},\"wordCount\":362,\"publisher\":{\"@id\":\"https:\\\/\\\/www.esplac.cat\\\/#organization\"},\"image\":{\"@id\":\"https:\\\/\\\/www.esplac.cat\\\/trobada-internacional-del-projecte-kids-got-rights-a-italia\\\/#primaryimage\"},\"thumbnailUrl\":\"https:\\\/\\\/www.esplac.cat\\\/wp-content\\\/uploads\\\/2021\\\/08\\\/KGR_trobada.jpg\",\"articleSection\":[\"Esplac al m\u00f3n\"],\"inLanguage\":\"en-US\"},{\"@type\":\"WebPage\",\"@id\":\"https:\\\/\\\/www.esplac.cat\\\/trobada-internacional-del-projecte-kids-got-rights-a-italia\\\/\",\"url\":\"https:\\\/\\\/www.esplac.cat\\\/trobada-internacional-del-projecte-kids-got-rights-a-italia\\\/\",\"name\":\"Trobada internacional del projecte Kids Got Rights a It\u00e0lia - Esplac\",\"isPartOf\":{\"@id\":\"https:\\\/\\\/www.esplac.cat\\\/#website\"},\"primaryImageOfPage\":{\"@id\":\"https:\\\/\\\/www.esplac.cat\\\/trobada-internacional-del-projecte-kids-got-rights-a-italia\\\/#primaryimage\"},\"image\":{\"@id\":\"https:\\\/\\\/www.esplac.cat\\\/trobada-internacional-del-projecte-kids-got-rights-a-italia\\\/#primaryimage\"},\"thumbnailUrl\":\"https:\\\/\\\/www.esplac.cat\\\/wp-content\\\/uploads\\\/2021\\\/08\\\/KGR_trobada.jpg\",\"datePublished\":\"2021-08-24T08:56:26+00:00\",\"dateModified\":\"2021-08-24T09:04:49+00:00\",\"description\":\"El grup de l'esplai Xirusplai que participa en el projecte Kids Got Rights ha pogut gaudir d'una experi\u00e8ncia \u00fanica a It\u00e0lia.\",\"breadcrumb\":{\"@id\":\"https:\\\/\\\/www.esplac.cat\\\/trobada-internacional-del-projecte-kids-got-rights-a-italia\\\/#breadcrumb\"},\"inLanguage\":\"en-US\",\"potentialAction\":[{\"@type\":\"ReadAction\",\"target\":[\"https:\\\/\\\/www.esplac.cat\\\/trobada-internacional-del-projecte-kids-got-rights-a-italia\\\/\"]}]},{\"@type\":\"ImageObject\",\"inLanguage\":\"en-US\",\"@id\":\"https:\\\/\\\/www.esplac.cat\\\/trobada-internacional-del-projecte-kids-got-rights-a-italia\\\/#primaryimage\",\"url\":\"https:\\\/\\\/www.esplac.cat\\\/wp-content\\\/uploads\\\/2021\\\/08\\\/KGR_trobada.jpg\",\"contentUrl\":\"https:\\\/\\\/www.esplac.cat\\\/wp-content\\\/uploads\\\/2021\\\/08\\\/KGR_trobada.jpg\",\"width\":1697,\"height\":700},{\"@type\":\"BreadcrumbList\",\"@id\":\"https:\\\/\\\/www.esplac.cat\\\/trobada-internacional-del-projecte-kids-got-rights-a-italia\\\/#breadcrumb\",\"itemListElement\":[{\"@type\":\"ListItem\",\"position\":1,\"name\":\"Inici\",\"item\":\"https:\\\/\\\/www.esplac.cat\\\/en\\\/\"},{\"@type\":\"ListItem\",\"position\":2,\"name\":\"Trobada internacional del projecte Kids Got Rights a It\u00e0lia\"}]},{\"@type\":\"WebSite\",\"@id\":\"https:\\\/\\\/www.esplac.cat\\\/#website\",\"url\":\"https:\\\/\\\/www.esplac.cat\\\/\",\"name\":\"Esplac\",\"description\":\"Esplais Catalans\",\"publisher\":{\"@id\":\"https:\\\/\\\/www.esplac.cat\\\/#organization\"},\"potentialAction\":[{\"@type\":\"SearchAction\",\"target\":{\"@type\":\"EntryPoint\",\"urlTemplate\":\"https:\\\/\\\/www.esplac.cat\\\/?s={search_term_string}\"},\"query-input\":{\"@type\":\"PropertyValueSpecification\",\"valueRequired\":true,\"valueName\":\"search_term_string\"}}],\"inLanguage\":\"en-US\"},{\"@type\":\"Organization\",\"@id\":\"https:\\\/\\\/www.esplac.cat\\\/#organization\",\"name\":\"Esplac\",\"url\":\"https:\\\/\\\/www.esplac.cat\\\/\",\"logo\":{\"@type\":\"ImageObject\",\"inLanguage\":\"en-US\",\"@id\":\"https:\\\/\\\/www.esplac.cat\\\/#\\\/schema\\\/logo\\\/image\\\/\",\"url\":\"https:\\\/\\\/www.esplac.cat\\\/wp-content\\\/uploads\\\/2019\\\/08\\\/logox2.png\",\"contentUrl\":\"https:\\\/\\\/www.esplac.cat\\\/wp-content\\\/uploads\\\/2019\\\/08\\\/logox2.png\",\"width\":600,\"height\":295,\"caption\":\"Esplac\"},\"image\":{\"@id\":\"https:\\\/\\\/www.esplac.cat\\\/#\\\/schema\\\/logo\\\/image\\\/\"}},{\"@type\":\"Person\",\"@id\":\"https:\\\/\\\/www.esplac.cat\\\/#\\\/schema\\\/person\\\/908383cf240be18b68f8855d0583faca\",\"name\":\"Comunicaci\u00f3 Esplac\",\"image\":{\"@type\":\"ImageObject\",\"inLanguage\":\"en-US\",\"@id\":\"https:\\\/\\\/secure.gravatar.com\\\/avatar\\\/7a4cf8feb412a76ea4a740ca02d95b06b2907b5a6c648c2dd0a1082a093c3141?s=96&d=mm&r=g\",\"url\":\"https:\\\/\\\/secure.gravatar.com\\\/avatar\\\/7a4cf8feb412a76ea4a740ca02d95b06b2907b5a6c648c2dd0a1082a093c3141?s=96&d=mm&r=g\",\"contentUrl\":\"https:\\\/\\\/secure.gravatar.com\\\/avatar\\\/7a4cf8feb412a76ea4a740ca02d95b06b2907b5a6c648c2dd0a1082a093c3141?s=96&d=mm&r=g\",\"caption\":\"Comunicaci\u00f3 Esplac\"}}]}<\/script>\n<!-- \/ Yoast SEO plugin. -->","yoast_head_json":{"title":"Trobada internacional del projecte Kids Got Rights a It\u00e0lia - Esplac","description":"El grup de l'esplai Xirusplai que participa en el projecte Kids Got Rights ha pogut gaudir d'una experi\u00e8ncia \u00fanica a It\u00e0lia.","robots":{"index":"index","follow":"follow","max-snippet":"max-snippet:-1","max-image-preview":"max-image-preview:large","max-video-preview":"max-video-preview:-1"},"canonical":"https:\/\/www.esplac.cat\/trobada-internacional-del-projecte-kids-got-rights-a-italia\/","og_locale":"en_US","og_type":"article","og_title":"Trobada internacional del projecte Kids Got Rights a It\u00e0lia - Esplac","og_description":"El grup de l'esplai Xirusplai que participa en el projecte Kids Got Rights ha pogut gaudir d'una experi\u00e8ncia \u00fanica a It\u00e0lia.","og_url":"https:\/\/www.esplac.cat\/trobada-internacional-del-projecte-kids-got-rights-a-italia\/","og_site_name":"Esplac","article_published_time":"2021-08-24T08:56:26+00:00","article_modified_time":"2021-08-24T09:04:49+00:00","og_image":[{"width":1697,"height":700,"url":"https:\/\/www.esplac.cat\/wp-content\/uploads\/2021\/08\/KGR_trobada.jpg","type":"image\/jpeg"}],"author":"Comunicaci\u00f3 Esplac","twitter_card":"summary_large_image","twitter_misc":{"Written by":"Comunicaci\u00f3 Esplac","Est. reading time":"2 minutes"},"schema":{"@context":"https:\/\/schema.org","@graph":[{"@type":"Article","@id":"https:\/\/www.esplac.cat\/trobada-internacional-del-projecte-kids-got-rights-a-italia\/#article","isPartOf":{"@id":"https:\/\/www.esplac.cat\/trobada-internacional-del-projecte-kids-got-rights-a-italia\/"},"author":{"name":"Comunicaci\u00f3 Esplac","@id":"https:\/\/www.esplac.cat\/#\/schema\/person\/908383cf240be18b68f8855d0583faca"},"headline":"Trobada internacional del projecte Kids Got Rights a It\u00e0lia","datePublished":"2021-08-24T08:56:26+00:00","dateModified":"2021-08-24T09:04:49+00:00","mainEntityOfPage":{"@id":"https:\/\/www.esplac.cat\/trobada-internacional-del-projecte-kids-got-rights-a-italia\/"},"wordCount":362,"publisher":{"@id":"https:\/\/www.esplac.cat\/#organization"},"image":{"@id":"https:\/\/www.esplac.cat\/trobada-internacional-del-projecte-kids-got-rights-a-italia\/#primaryimage"},"thumbnailUrl":"https:\/\/www.esplac.cat\/wp-content\/uploads\/2021\/08\/KGR_trobada.jpg","articleSection":["Esplac al m\u00f3n"],"inLanguage":"en-US"},{"@type":"WebPage","@id":"https:\/\/www.esplac.cat\/trobada-internacional-del-projecte-kids-got-rights-a-italia\/","url":"https:\/\/www.esplac.cat\/trobada-internacional-del-projecte-kids-got-rights-a-italia\/","name":"Trobada internacional del projecte Kids Got Rights a It\u00e0lia - Esplac","isPartOf":{"@id":"https:\/\/www.esplac.cat\/#website"},"primaryImageOfPage":{"@id":"https:\/\/www.esplac.cat\/trobada-internacional-del-projecte-kids-got-rights-a-italia\/#primaryimage"},"image":{"@id":"https:\/\/www.esplac.cat\/trobada-internacional-del-projecte-kids-got-rights-a-italia\/#primaryimage"},"thumbnailUrl":"https:\/\/www.esplac.cat\/wp-content\/uploads\/2021\/08\/KGR_trobada.jpg","datePublished":"2021-08-24T08:56:26+00:00","dateModified":"2021-08-24T09:04:49+00:00","description":"El grup de l'esplai Xirusplai que participa en el projecte Kids Got Rights ha pogut gaudir d'una experi\u00e8ncia \u00fanica a It\u00e0lia.","breadcrumb":{"@id":"https:\/\/www.esplac.cat\/trobada-internacional-del-projecte-kids-got-rights-a-italia\/#breadcrumb"},"inLanguage":"en-US","potentialAction":[{"@type":"ReadAction","target":["https:\/\/www.esplac.cat\/trobada-internacional-del-projecte-kids-got-rights-a-italia\/"]}]},{"@type":"ImageObject","inLanguage":"en-US","@id":"https:\/\/www.esplac.cat\/trobada-internacional-del-projecte-kids-got-rights-a-italia\/#primaryimage","url":"https:\/\/www.esplac.cat\/wp-content\/uploads\/2021\/08\/KGR_trobada.jpg","contentUrl":"https:\/\/www.esplac.cat\/wp-content\/uploads\/2021\/08\/KGR_trobada.jpg","width":1697,"height":700},{"@type":"BreadcrumbList","@id":"https:\/\/www.esplac.cat\/trobada-internacional-del-projecte-kids-got-rights-a-italia\/#breadcrumb","itemListElement":[{"@type":"ListItem","position":1,"name":"Inici","item":"https:\/\/www.esplac.cat\/en\/"},{"@type":"ListItem","position":2,"name":"Trobada internacional del projecte Kids Got Rights a It\u00e0lia"}]},{"@type":"WebSite","@id":"https:\/\/www.esplac.cat\/#website","url":"https:\/\/www.esplac.cat\/","name":"Esplac","description":"Esplais Catalans","publisher":{"@id":"https:\/\/www.esplac.cat\/#organization"},"potentialAction":[{"@type":"SearchAction","target":{"@type":"EntryPoint","urlTemplate":"https:\/\/www.esplac.cat\/?s={search_term_string}"},"query-input":{"@type":"PropertyValueSpecification","valueRequired":true,"valueName":"search_term_string"}}],"inLanguage":"en-US"},{"@type":"Organization","@id":"https:\/\/www.esplac.cat\/#organization","name":"Esplac","url":"https:\/\/www.esplac.cat\/","logo":{"@type":"ImageObject","inLanguage":"en-US","@id":"https:\/\/www.esplac.cat\/#\/schema\/logo\/image\/","url":"https:\/\/www.esplac.cat\/wp-content\/uploads\/2019\/08\/logox2.png","contentUrl":"https:\/\/www.esplac.cat\/wp-content\/uploads\/2019\/08\/logox2.png","width":600,"height":295,"caption":"Esplac"},"image":{"@id":"https:\/\/www.esplac.cat\/#\/schema\/logo\/image\/"}},{"@type":"Person","@id":"https:\/\/www.esplac.cat\/#\/schema\/person\/908383cf240be18b68f8855d0583faca","name":"Comunicaci\u00f3 Esplac","image":{"@type":"ImageObject","inLanguage":"en-US","@id":"https:\/\/secure.gravatar.com\/avatar\/7a4cf8feb412a76ea4a740ca02d95b06b2907b5a6c648c2dd0a1082a093c3141?s=96&d=mm&r=g","url":"https:\/\/secure.gravatar.com\/avatar\/7a4cf8feb412a76ea4a740ca02d95b06b2907b5a6c648c2dd0a1082a093c3141?s=96&d=mm&r=g","contentUrl":"https:\/\/secure.gravatar.com\/avatar\/7a4cf8feb412a76ea4a740ca02d95b06b2907b5a6c648c2dd0a1082a093c3141?s=96&d=mm&r=g","caption":"Comunicaci\u00f3 Esplac"}}]}},"_links":{"self":[{"href":"https:\/\/www.esplac.cat\/en\/wp-json\/wp\/v2\/posts\/36879","targetHints":{"allow":["GET"]}}],"collection":[{"href":"https:\/\/www.esplac.cat\/en\/wp-json\/wp\/v2\/posts"}],"about":[{"href":"https:\/\/www.esplac.cat\/en\/wp-json\/wp\/v2\/types\/post"}],"author":[{"embeddable":true,"href":"https:\/\/www.esplac.cat\/en\/wp-json\/wp\/v2\/users\/3"}],"replies":[{"embeddable":true,"href":"https:\/\/www.esplac.cat\/en\/wp-json\/wp\/v2\/comments?post=36879"}],"version-history":[{"count":0,"href":"https:\/\/www.esplac.cat\/en\/wp-json\/wp\/v2\/posts\/36879\/revisions"}],"wp:featuredmedia":[{"embeddable":true,"href":"https:\/\/www.esplac.cat\/en\/wp-json\/wp\/v2\/media\/36899"}],"wp:attachment":[{"href":"https:\/\/www.esplac.cat\/en\/wp-json\/wp\/v2\/media?parent=36879"}],"wp:term":[{"taxonomy":"category","embeddable":true,"href":"https:\/\/www.esplac.cat\/en\/wp-json\/wp\/v2\/categories?post=36879"},{"taxonomy":"post_tag","embeddable":true,"href":"https:\/\/www.esplac.cat\/en\/wp-json\/wp\/v2\/tags?post=36879"}],"curies":[{"name":"wp","href":"https:\/\/api.w.org\/{rel}","templated":true}]}}