{"id":37023,"date":"2021-09-15T13:17:16","date_gmt":"2021-09-15T12:17:16","guid":{"rendered":"https:\/\/www.esplac.cat\/?p=37023"},"modified":"2021-10-19T13:59:16","modified_gmt":"2021-10-19T11:59:16","slug":"40-anys-esplais-catalans","status":"publish","type":"post","link":"https:\/\/www.esplac.cat\/en\/40-anys-esplais-catalans\/","title":{"rendered":"Ja s\u00f3n aqu\u00ed els 40 anys d&#8217;Esplais Catalans!"},"content":{"rendered":"<h6><strong>El 2022, Esplais Catalans (Esplac) fem 40 anys i per celebrar-ho encarem un curs ple d&#8217;activitats, que inclour\u00e0 l&#8217;Esplaiada, la primera\u00a0Trobada de S\u00f2cies i la presentaci\u00f3 d&#8217;un conte infantil, entre moltes altres sorpreses!<\/strong><\/h6>\n<p>El<strong> 1982 es fundava Esplais Catalans<\/strong> i, 40 anys m\u00e9s tard, seguim al peu del can\u00f3 amb 108 esplais, 1.811 monitores i monitors i 7.698 infants d&#8217;arreu del territori catal\u00e0. Per celebrar els 40 anys de l&#8217;entitat, presentem un curs ple d&#8217;activitats per infants, monitores i monitors, s\u00f2cies i socis, i tot aquell que hi vulgui participar! Ens acompanyes?<\/p>\n<p>A banda de les activitats anuals, com les diverses <strong><span style=\"color: #f69d0b;\"><a style=\"color: #f69d0b;\" href=\"https:\/\/www.esplac.cat\/formacions\/\" target=\"_blank\" rel=\"noopener noreferrer\">formacions<\/a><\/span><\/strong> o l&#8217;<a href=\"https:\/\/www.esplac.cat\/formacions\/escola-desplac\/\" target=\"_blank\" rel=\"noopener noreferrer\"><span style=\"color: #f69d0b;\"><strong>Escola d&#8217;Esplac<\/strong><\/span><\/a>, s&#8217;incorporen al calendari l&#8217;<strong>Esplaiada&#8217;22<\/strong>, la primera <strong>Trobada de S\u00f2cies<\/strong> i la presentaci\u00f3 d&#8217;un <strong>conte infantil<\/strong>, entre moltes altres sorpreses a descobrir durant el curs.<\/p>\n<p>De moment, comencem amb un petit tast de\u00a0l&#8217;Esplaiada&#8230;<\/p>\n<p><strong>L&#8217;Esplaiada 2022<\/strong><\/p>\n<p>Com cada 3 anys, tots els esplais que formen part d&#8217;Esplais Catalans es reuneixen per celebrar l&#8217;<span style=\"color: #f69d0b;\"><strong><a style=\"color: #f69d0b;\" href=\"https:\/\/www.esplac.cat\/trobades\/esplaiada\/\" target=\"_blank\" rel=\"noopener noreferrer\">Esplaiada<\/a><\/strong><\/span>, la trobada general que agrupa tots els esplais d&#8217;Esplac. L&#8217;Esplaiada del 40\u00e8 tindr\u00e0 lloc els propers <strong>6, 7 i 8 de maig\u00a0<\/strong>i\u00a0espera convertir-se en un moment clau i de retrobament pels esplais, per tal de fer escoltar la veu d&#8217;infants, joves i monitores i monitors, a trav\u00e9s d\u2019assemblees, jocs i activitats.<\/p>\n<p>L&#8217;anterior edici\u00f3, que es va realitzar el 2018 a Martorell i va comptar amb <strong>r\u00e8cord de participaci\u00f3<\/strong>, sent un punt de trobada per esplais d&#8217;arreu del territori.\u00a0Es va reivindicar una societat m\u00e9s inclusiva i uns esplais que siguin representatius de la diversitat que ens envolta. \u00c9s per aix\u00f2 que el lema de l\u2019Esplaiada 2018 era <em>\u201cObrim els ulls, obrim les portes<\/em>!\u201d<\/p>\n<p>A l&#8217;espera de saber el lema de la propera Esplaiada, aquest curs, i en el marc del 40\u00e8 aniversari, ja s&#8217;estan comen\u00e7ant tots els preparatius i es d\u00f3na per iniciada l&#8217;<strong>obertura del Grup de Treball de l&#8217;Esplaiada, <\/strong>que treballar\u00e0 en la seva preparaci\u00f3. La pr\u00f2xima reuni\u00f3 del Grup de Treball ser\u00e0 el\u00a0<strong>dimarts 28 de setembre a les 19h en l\u00ednia<\/strong> i hi podr\u00e0 participar tothom qui vulgui. Tamb\u00e9 us podeu unir al Grup de Treball mitjan\u00e7ant el seg\u00fcent grup de <span style=\"color: #f69d0b;\"><strong><a style=\"color: #f69d0b;\" href=\"https:\/\/chat.whatsapp.com\/Juodt6lPL53Jw65a3XqHN8\" target=\"_blank\" rel=\"noopener noreferrer\">Whatsapp<\/a><\/strong><\/span>. \u00c9s imprescindible comptar amb persones volunt\u00e0ries que es vulguin implicar en la seva preparaci\u00f3, a m\u00e9s, aquestes tindran informaci\u00f3 de l&#8217;organitzaci\u00f3 de primera m\u00e0!<\/p>\n<p><strong>40 enfortint els esplais, 40 anys fent Esplac!\u00a0<\/strong><\/p>\n<p>A banda de l&#8217;Esplaiada, de mica en mica anirem afegint detalls a les activitats del nostre calendari. Estigueu atentes a les nostres xarxes socials per poder estar al dia de les activitats o feu servir el hashtag\u00a0<strong>#Esplac40Anys\u00a0<\/strong>per compartir tots els records que tingueu de l&#8217;esplai.<\/p>\n<p>I recordeu, podeu fer-vos <span style=\"color: #f69d0b;\"><a style=\"color: #f69d0b;\" href=\"https:\/\/www.esplac.cat\/fes-te-socia\/\" target=\"_blank\" rel=\"noopener noreferrer\"><strong>s\u00f2cies<\/strong><\/a><\/span> d&#8217;Esplac a trav\u00e9s de la nostra web.<\/p>\n<p><strong>Cartell del 40\u00e8 aniversari d&#8217;Esplais Catalans:<\/strong><\/p>\n<p><img decoding=\"async\" class=\"wp-image-37061 alignleft\" src=\"https:\/\/www.esplac.cat\/wp-content\/uploads\/2021\/09\/Cartell-40e_p-218x300.jpg\" alt=\"Cartell 40\u00e8\" width=\"686\" height=\"943\" srcset=\"https:\/\/www.esplac.cat\/wp-content\/uploads\/2021\/09\/Cartell-40e_p-200x275.jpg 200w, https:\/\/www.esplac.cat\/wp-content\/uploads\/2021\/09\/Cartell-40e_p-218x300.jpg 218w, https:\/\/www.esplac.cat\/wp-content\/uploads\/2021\/09\/Cartell-40e_p-400x550.jpg 400w, https:\/\/www.esplac.cat\/wp-content\/uploads\/2021\/09\/Cartell-40e_p-600x825.jpg 600w, https:\/\/www.esplac.cat\/wp-content\/uploads\/2021\/09\/Cartell-40e_p-745x1024.jpg 745w, https:\/\/www.esplac.cat\/wp-content\/uploads\/2021\/09\/Cartell-40e_p-768x1056.jpg 768w, https:\/\/www.esplac.cat\/wp-content\/uploads\/2021\/09\/Cartell-40e_p-800x1100.jpg 800w, https:\/\/www.esplac.cat\/wp-content\/uploads\/2021\/09\/Cartell-40e_p-1117x1536.jpg 1117w, https:\/\/www.esplac.cat\/wp-content\/uploads\/2021\/09\/Cartell-40e_p-1200x1650.jpg 1200w, https:\/\/www.esplac.cat\/wp-content\/uploads\/2021\/09\/Cartell-40e_p-1489x2048.jpg 1489w, https:\/\/www.esplac.cat\/wp-content\/uploads\/2021\/09\/Cartell-40e_p.jpg 1500w\" sizes=\"(max-width: 686px) 100vw, 686px\" \/><\/p>\n","protected":false},"excerpt":{"rendered":"<p>El 2022, Esplais Catalans (Esplac) fem 40 anys i per [&hellip;]<\/p>\n","protected":false},"author":3,"featured_media":37053,"comment_status":"closed","ping_status":"closed","sticky":false,"template":"","format":"standard","meta":{"om_disable_all_campaigns":false,"_monsterinsights_skip_tracking":false,"_monsterinsights_sitenote_active":false,"_monsterinsights_sitenote_note":"","_monsterinsights_sitenote_category":0,"_uf_show_specific_survey":0,"_uf_disable_surveys":false,"footnotes":""},"categories":[1],"tags":[],"class_list":["post-37023","post","type-post","status-publish","format-standard","has-post-thumbnail","hentry","category-sense-categoria"],"yoast_head":"<!-- This site is optimized with the Yoast SEO plugin v27.5 - https:\/\/yoast.com\/product\/yoast-seo-wordpress\/ -->\n<title>Ja s\u00f3n aqu\u00ed els 40 anys d&#039;Esplais Catalans! - Esplac<\/title>\n<meta name=\"robots\" content=\"index, follow, max-snippet:-1, max-image-preview:large, max-video-preview:-1\" \/>\n<link rel=\"canonical\" href=\"https:\/\/www.esplac.cat\/40-anys-esplais-catalans\/\" \/>\n<meta property=\"og:locale\" content=\"en_US\" \/>\n<meta property=\"og:type\" content=\"article\" \/>\n<meta property=\"og:title\" content=\"Ja s\u00f3n aqu\u00ed els 40 anys d&#039;Esplais Catalans! - Esplac\" \/>\n<meta property=\"og:description\" content=\"El 2022, Esplais Catalans (Esplac) fem 40 anys i per [&hellip;]\" \/>\n<meta property=\"og:url\" content=\"https:\/\/www.esplac.cat\/40-anys-esplais-catalans\/\" \/>\n<meta property=\"og:site_name\" content=\"Esplac\" \/>\n<meta property=\"article:published_time\" content=\"2021-09-15T12:17:16+00:00\" \/>\n<meta property=\"article:modified_time\" content=\"2021-10-19T11:59:16+00:00\" \/>\n<meta property=\"og:image\" content=\"https:\/\/www.esplac.cat\/wp-content\/uploads\/2021\/09\/banner_1200\u200a\u00d7\u200a438_v1.jpg\" \/>\n\t<meta property=\"og:image:width\" content=\"1200\" \/>\n\t<meta property=\"og:image:height\" content=\"438\" \/>\n\t<meta property=\"og:image:type\" content=\"image\/jpeg\" \/>\n<meta name=\"author\" content=\"Comunicaci\u00f3 Esplac\" \/>\n<meta name=\"twitter:card\" content=\"summary_large_image\" \/>\n<meta name=\"twitter:label1\" content=\"Written by\" \/>\n\t<meta name=\"twitter:data1\" content=\"Comunicaci\u00f3 Esplac\" \/>\n\t<meta name=\"twitter:label2\" content=\"Est. reading time\" \/>\n\t<meta name=\"twitter:data2\" content=\"2 minutes\" \/>\n<script type=\"application\/ld+json\" class=\"yoast-schema-graph\">{\"@context\":\"https:\\\/\\\/schema.org\",\"@graph\":[{\"@type\":\"Article\",\"@id\":\"https:\\\/\\\/www.esplac.cat\\\/40-anys-esplais-catalans\\\/#article\",\"isPartOf\":{\"@id\":\"https:\\\/\\\/www.esplac.cat\\\/40-anys-esplais-catalans\\\/\"},\"author\":{\"name\":\"Comunicaci\u00f3 Esplac\",\"@id\":\"https:\\\/\\\/www.esplac.cat\\\/#\\\/schema\\\/person\\\/908383cf240be18b68f8855d0583faca\"},\"headline\":\"Ja s\u00f3n aqu\u00ed els 40 anys d&#8217;Esplais Catalans!\",\"datePublished\":\"2021-09-15T12:17:16+00:00\",\"dateModified\":\"2021-10-19T11:59:16+00:00\",\"mainEntityOfPage\":{\"@id\":\"https:\\\/\\\/www.esplac.cat\\\/40-anys-esplais-catalans\\\/\"},\"wordCount\":489,\"publisher\":{\"@id\":\"https:\\\/\\\/www.esplac.cat\\\/#organization\"},\"image\":{\"@id\":\"https:\\\/\\\/www.esplac.cat\\\/40-anys-esplais-catalans\\\/#primaryimage\"},\"thumbnailUrl\":\"https:\\\/\\\/www.esplac.cat\\\/wp-content\\\/uploads\\\/2021\\\/09\\\/banner_1200\u200a\u00d7\u200a438_v1.jpg\",\"articleSection\":[\"Sense categoria\"],\"inLanguage\":\"en-US\"},{\"@type\":\"WebPage\",\"@id\":\"https:\\\/\\\/www.esplac.cat\\\/40-anys-esplais-catalans\\\/\",\"url\":\"https:\\\/\\\/www.esplac.cat\\\/40-anys-esplais-catalans\\\/\",\"name\":\"Ja s\u00f3n aqu\u00ed els 40 anys d'Esplais Catalans! - Esplac\",\"isPartOf\":{\"@id\":\"https:\\\/\\\/www.esplac.cat\\\/#website\"},\"primaryImageOfPage\":{\"@id\":\"https:\\\/\\\/www.esplac.cat\\\/40-anys-esplais-catalans\\\/#primaryimage\"},\"image\":{\"@id\":\"https:\\\/\\\/www.esplac.cat\\\/40-anys-esplais-catalans\\\/#primaryimage\"},\"thumbnailUrl\":\"https:\\\/\\\/www.esplac.cat\\\/wp-content\\\/uploads\\\/2021\\\/09\\\/banner_1200\u200a\u00d7\u200a438_v1.jpg\",\"datePublished\":\"2021-09-15T12:17:16+00:00\",\"dateModified\":\"2021-10-19T11:59:16+00:00\",\"breadcrumb\":{\"@id\":\"https:\\\/\\\/www.esplac.cat\\\/40-anys-esplais-catalans\\\/#breadcrumb\"},\"inLanguage\":\"en-US\",\"potentialAction\":[{\"@type\":\"ReadAction\",\"target\":[\"https:\\\/\\\/www.esplac.cat\\\/40-anys-esplais-catalans\\\/\"]}]},{\"@type\":\"ImageObject\",\"inLanguage\":\"en-US\",\"@id\":\"https:\\\/\\\/www.esplac.cat\\\/40-anys-esplais-catalans\\\/#primaryimage\",\"url\":\"https:\\\/\\\/www.esplac.cat\\\/wp-content\\\/uploads\\\/2021\\\/09\\\/banner_1200\u200a\u00d7\u200a438_v1.jpg\",\"contentUrl\":\"https:\\\/\\\/www.esplac.cat\\\/wp-content\\\/uploads\\\/2021\\\/09\\\/banner_1200\u200a\u00d7\u200a438_v1.jpg\",\"width\":1200,\"height\":438},{\"@type\":\"BreadcrumbList\",\"@id\":\"https:\\\/\\\/www.esplac.cat\\\/40-anys-esplais-catalans\\\/#breadcrumb\",\"itemListElement\":[{\"@type\":\"ListItem\",\"position\":1,\"name\":\"Inici\",\"item\":\"https:\\\/\\\/www.esplac.cat\\\/en\\\/\"},{\"@type\":\"ListItem\",\"position\":2,\"name\":\"Ja s\u00f3n aqu\u00ed els 40 anys d&#8217;Esplais Catalans!\"}]},{\"@type\":\"WebSite\",\"@id\":\"https:\\\/\\\/www.esplac.cat\\\/#website\",\"url\":\"https:\\\/\\\/www.esplac.cat\\\/\",\"name\":\"Esplac\",\"description\":\"Esplais Catalans\",\"publisher\":{\"@id\":\"https:\\\/\\\/www.esplac.cat\\\/#organization\"},\"potentialAction\":[{\"@type\":\"SearchAction\",\"target\":{\"@type\":\"EntryPoint\",\"urlTemplate\":\"https:\\\/\\\/www.esplac.cat\\\/?s={search_term_string}\"},\"query-input\":{\"@type\":\"PropertyValueSpecification\",\"valueRequired\":true,\"valueName\":\"search_term_string\"}}],\"inLanguage\":\"en-US\"},{\"@type\":\"Organization\",\"@id\":\"https:\\\/\\\/www.esplac.cat\\\/#organization\",\"name\":\"Esplac\",\"url\":\"https:\\\/\\\/www.esplac.cat\\\/\",\"logo\":{\"@type\":\"ImageObject\",\"inLanguage\":\"en-US\",\"@id\":\"https:\\\/\\\/www.esplac.cat\\\/#\\\/schema\\\/logo\\\/image\\\/\",\"url\":\"https:\\\/\\\/www.esplac.cat\\\/wp-content\\\/uploads\\\/2019\\\/08\\\/logox2.png\",\"contentUrl\":\"https:\\\/\\\/www.esplac.cat\\\/wp-content\\\/uploads\\\/2019\\\/08\\\/logox2.png\",\"width\":600,\"height\":295,\"caption\":\"Esplac\"},\"image\":{\"@id\":\"https:\\\/\\\/www.esplac.cat\\\/#\\\/schema\\\/logo\\\/image\\\/\"}},{\"@type\":\"Person\",\"@id\":\"https:\\\/\\\/www.esplac.cat\\\/#\\\/schema\\\/person\\\/908383cf240be18b68f8855d0583faca\",\"name\":\"Comunicaci\u00f3 Esplac\",\"image\":{\"@type\":\"ImageObject\",\"inLanguage\":\"en-US\",\"@id\":\"https:\\\/\\\/secure.gravatar.com\\\/avatar\\\/7a4cf8feb412a76ea4a740ca02d95b06b2907b5a6c648c2dd0a1082a093c3141?s=96&d=mm&r=g\",\"url\":\"https:\\\/\\\/secure.gravatar.com\\\/avatar\\\/7a4cf8feb412a76ea4a740ca02d95b06b2907b5a6c648c2dd0a1082a093c3141?s=96&d=mm&r=g\",\"contentUrl\":\"https:\\\/\\\/secure.gravatar.com\\\/avatar\\\/7a4cf8feb412a76ea4a740ca02d95b06b2907b5a6c648c2dd0a1082a093c3141?s=96&d=mm&r=g\",\"caption\":\"Comunicaci\u00f3 Esplac\"}}]}<\/script>\n<!-- \/ Yoast SEO plugin. -->","yoast_head_json":{"title":"Ja s\u00f3n aqu\u00ed els 40 anys d'Esplais Catalans! - Esplac","robots":{"index":"index","follow":"follow","max-snippet":"max-snippet:-1","max-image-preview":"max-image-preview:large","max-video-preview":"max-video-preview:-1"},"canonical":"https:\/\/www.esplac.cat\/40-anys-esplais-catalans\/","og_locale":"en_US","og_type":"article","og_title":"Ja s\u00f3n aqu\u00ed els 40 anys d'Esplais Catalans! - Esplac","og_description":"El 2022, Esplais Catalans (Esplac) fem 40 anys i per [&hellip;]","og_url":"https:\/\/www.esplac.cat\/40-anys-esplais-catalans\/","og_site_name":"Esplac","article_published_time":"2021-09-15T12:17:16+00:00","article_modified_time":"2021-10-19T11:59:16+00:00","og_image":[{"width":1200,"height":438,"url":"https:\/\/www.esplac.cat\/wp-content\/uploads\/2021\/09\/banner_1200\u200a\u00d7\u200a438_v1.jpg","type":"image\/jpeg"}],"author":"Comunicaci\u00f3 Esplac","twitter_card":"summary_large_image","twitter_misc":{"Written by":"Comunicaci\u00f3 Esplac","Est. reading time":"2 minutes"},"schema":{"@context":"https:\/\/schema.org","@graph":[{"@type":"Article","@id":"https:\/\/www.esplac.cat\/40-anys-esplais-catalans\/#article","isPartOf":{"@id":"https:\/\/www.esplac.cat\/40-anys-esplais-catalans\/"},"author":{"name":"Comunicaci\u00f3 Esplac","@id":"https:\/\/www.esplac.cat\/#\/schema\/person\/908383cf240be18b68f8855d0583faca"},"headline":"Ja s\u00f3n aqu\u00ed els 40 anys d&#8217;Esplais Catalans!","datePublished":"2021-09-15T12:17:16+00:00","dateModified":"2021-10-19T11:59:16+00:00","mainEntityOfPage":{"@id":"https:\/\/www.esplac.cat\/40-anys-esplais-catalans\/"},"wordCount":489,"publisher":{"@id":"https:\/\/www.esplac.cat\/#organization"},"image":{"@id":"https:\/\/www.esplac.cat\/40-anys-esplais-catalans\/#primaryimage"},"thumbnailUrl":"https:\/\/www.esplac.cat\/wp-content\/uploads\/2021\/09\/banner_1200\u200a\u00d7\u200a438_v1.jpg","articleSection":["Sense categoria"],"inLanguage":"en-US"},{"@type":"WebPage","@id":"https:\/\/www.esplac.cat\/40-anys-esplais-catalans\/","url":"https:\/\/www.esplac.cat\/40-anys-esplais-catalans\/","name":"Ja s\u00f3n aqu\u00ed els 40 anys d'Esplais Catalans! - Esplac","isPartOf":{"@id":"https:\/\/www.esplac.cat\/#website"},"primaryImageOfPage":{"@id":"https:\/\/www.esplac.cat\/40-anys-esplais-catalans\/#primaryimage"},"image":{"@id":"https:\/\/www.esplac.cat\/40-anys-esplais-catalans\/#primaryimage"},"thumbnailUrl":"https:\/\/www.esplac.cat\/wp-content\/uploads\/2021\/09\/banner_1200\u200a\u00d7\u200a438_v1.jpg","datePublished":"2021-09-15T12:17:16+00:00","dateModified":"2021-10-19T11:59:16+00:00","breadcrumb":{"@id":"https:\/\/www.esplac.cat\/40-anys-esplais-catalans\/#breadcrumb"},"inLanguage":"en-US","potentialAction":[{"@type":"ReadAction","target":["https:\/\/www.esplac.cat\/40-anys-esplais-catalans\/"]}]},{"@type":"ImageObject","inLanguage":"en-US","@id":"https:\/\/www.esplac.cat\/40-anys-esplais-catalans\/#primaryimage","url":"https:\/\/www.esplac.cat\/wp-content\/uploads\/2021\/09\/banner_1200\u200a\u00d7\u200a438_v1.jpg","contentUrl":"https:\/\/www.esplac.cat\/wp-content\/uploads\/2021\/09\/banner_1200\u200a\u00d7\u200a438_v1.jpg","width":1200,"height":438},{"@type":"BreadcrumbList","@id":"https:\/\/www.esplac.cat\/40-anys-esplais-catalans\/#breadcrumb","itemListElement":[{"@type":"ListItem","position":1,"name":"Inici","item":"https:\/\/www.esplac.cat\/en\/"},{"@type":"ListItem","position":2,"name":"Ja s\u00f3n aqu\u00ed els 40 anys d&#8217;Esplais Catalans!"}]},{"@type":"WebSite","@id":"https:\/\/www.esplac.cat\/#website","url":"https:\/\/www.esplac.cat\/","name":"Esplac","description":"Esplais Catalans","publisher":{"@id":"https:\/\/www.esplac.cat\/#organization"},"potentialAction":[{"@type":"SearchAction","target":{"@type":"EntryPoint","urlTemplate":"https:\/\/www.esplac.cat\/?s={search_term_string}"},"query-input":{"@type":"PropertyValueSpecification","valueRequired":true,"valueName":"search_term_string"}}],"inLanguage":"en-US"},{"@type":"Organization","@id":"https:\/\/www.esplac.cat\/#organization","name":"Esplac","url":"https:\/\/www.esplac.cat\/","logo":{"@type":"ImageObject","inLanguage":"en-US","@id":"https:\/\/www.esplac.cat\/#\/schema\/logo\/image\/","url":"https:\/\/www.esplac.cat\/wp-content\/uploads\/2019\/08\/logox2.png","contentUrl":"https:\/\/www.esplac.cat\/wp-content\/uploads\/2019\/08\/logox2.png","width":600,"height":295,"caption":"Esplac"},"image":{"@id":"https:\/\/www.esplac.cat\/#\/schema\/logo\/image\/"}},{"@type":"Person","@id":"https:\/\/www.esplac.cat\/#\/schema\/person\/908383cf240be18b68f8855d0583faca","name":"Comunicaci\u00f3 Esplac","image":{"@type":"ImageObject","inLanguage":"en-US","@id":"https:\/\/secure.gravatar.com\/avatar\/7a4cf8feb412a76ea4a740ca02d95b06b2907b5a6c648c2dd0a1082a093c3141?s=96&d=mm&r=g","url":"https:\/\/secure.gravatar.com\/avatar\/7a4cf8feb412a76ea4a740ca02d95b06b2907b5a6c648c2dd0a1082a093c3141?s=96&d=mm&r=g","contentUrl":"https:\/\/secure.gravatar.com\/avatar\/7a4cf8feb412a76ea4a740ca02d95b06b2907b5a6c648c2dd0a1082a093c3141?s=96&d=mm&r=g","caption":"Comunicaci\u00f3 Esplac"}}]}},"_links":{"self":[{"href":"https:\/\/www.esplac.cat\/en\/wp-json\/wp\/v2\/posts\/37023","targetHints":{"allow":["GET"]}}],"collection":[{"href":"https:\/\/www.esplac.cat\/en\/wp-json\/wp\/v2\/posts"}],"about":[{"href":"https:\/\/www.esplac.cat\/en\/wp-json\/wp\/v2\/types\/post"}],"author":[{"embeddable":true,"href":"https:\/\/www.esplac.cat\/en\/wp-json\/wp\/v2\/users\/3"}],"replies":[{"embeddable":true,"href":"https:\/\/www.esplac.cat\/en\/wp-json\/wp\/v2\/comments?post=37023"}],"version-history":[{"count":0,"href":"https:\/\/www.esplac.cat\/en\/wp-json\/wp\/v2\/posts\/37023\/revisions"}],"wp:featuredmedia":[{"embeddable":true,"href":"https:\/\/www.esplac.cat\/en\/wp-json\/wp\/v2\/media\/37053"}],"wp:attachment":[{"href":"https:\/\/www.esplac.cat\/en\/wp-json\/wp\/v2\/media?parent=37023"}],"wp:term":[{"taxonomy":"category","embeddable":true,"href":"https:\/\/www.esplac.cat\/en\/wp-json\/wp\/v2\/categories?post=37023"},{"taxonomy":"post_tag","embeddable":true,"href":"https:\/\/www.esplac.cat\/en\/wp-json\/wp\/v2\/tags?post=37023"}],"curies":[{"name":"wp","href":"https:\/\/api.w.org\/{rel}","templated":true}]}}