{"id":37067,"date":"2021-09-16T11:38:24","date_gmt":"2021-09-16T10:38:24","guid":{"rendered":"https:\/\/www.esplac.cat\/?p=37067"},"modified":"2021-09-20T09:27:03","modified_gmt":"2021-09-20T08:27:03","slug":"octubre-formatiu-jornades-ambientals-jornades-lleure-feminismes","status":"publish","type":"post","link":"https:\/\/www.esplac.cat\/en\/octubre-formatiu-jornades-ambientals-jornades-lleure-feminismes\/","title":{"rendered":"Octubre formatiu: Arriben les Jornades Ambientals i les Jornades de Lleure i Feminismes!"},"content":{"rendered":"<h6><strong>Comencem el curs amb dues jornades formatives: Les Jornades Ambientals (3 d&#8217;octubre) i les Jornades de Lleure i Feminsimes (23 i 25 d&#8217;octubre).<\/strong><\/h6>\n<p data-fontsize=\"30\" data-lineheight=\"39\">S&#8217;acaba l&#8217;estiu i encetem un inici de curs ple de debat i formaci\u00f3. El proper mes d&#8217;octubre tindran lloc les noves edicions de les Jornades Ambientals i les Jornades de Lleure i Feminismes. Les inscripcions per ambdues formacions s&#8217;obriran el pr\u00f2xim dilluns 20 de setembre.<\/p>\n<p><em><strong>VIII Jornades Ambientals: Emerg\u00e8ncia clim\u00e0tica, la realitat que no volem veure.\u00a0<\/strong><\/em><\/p>\n<p><strong>Com afrontem la crisi clim\u00e0tica des dels esplais?<\/strong> Diumenge 3 d&#8217;octubre debatrem sobre aquesta q\u00fcesti\u00f3 a la vuitena edici\u00f3 de les Jornades Ambientals. Organitzades per Esplac, tindran lloc a Torre Jussana (La Clota, Barcelona). Les inscripcions s&#8217;obren <strong>dilluns 20 de setembre a trav\u00e9s de l&#8217;Era per a monitores i monitors, i en <span style=\"color: #ff9900;\"><a style=\"color: #ff9900;\" href=\"https:\/\/infoesplac.typeform.com\/to\/wCZGvhvJ#\" target=\"_blank\" rel=\"noopener noreferrer\">aquest enlla\u00e7<\/a><\/span> per a s\u00f2cies.<\/strong>. Estigueu ben atentes i atents a la <span style=\"color: #f69d0b;\"><a style=\"color: #f69d0b;\" href=\"https:\/\/www.esplac.cat\/formacions\/jornades-ambientals\/\" target=\"_blank\" rel=\"noopener noreferrer\">p\u00e0gina de les Jornades Ambientals<\/a><\/span> i les nostres xarxes perqu\u00e8 anirem informant m\u00e9s detalladament.<\/p>\n<p><a href=\"https:\/\/www.esplac.cat\/wp-content\/uploads\/2021\/09\/VIII-Jornades-Ambientals-21.jpg\"><img decoding=\"async\" class=\"aligncenter wp-image-37096\" src=\"https:\/\/www.esplac.cat\/wp-content\/uploads\/2021\/09\/VIII-Jornades-Ambientals-21.jpg\" alt=\"\" width=\"342\" height=\"484\" srcset=\"https:\/\/www.esplac.cat\/wp-content\/uploads\/2021\/09\/VIII-Jornades-Ambientals-21-200x283.jpg 200w, https:\/\/www.esplac.cat\/wp-content\/uploads\/2021\/09\/VIII-Jornades-Ambientals-21-212x300.jpg 212w, https:\/\/www.esplac.cat\/wp-content\/uploads\/2021\/09\/VIII-Jornades-Ambientals-21-400x566.jpg 400w, https:\/\/www.esplac.cat\/wp-content\/uploads\/2021\/09\/VIII-Jornades-Ambientals-21-600x849.jpg 600w, https:\/\/www.esplac.cat\/wp-content\/uploads\/2021\/09\/VIII-Jornades-Ambientals-21-724x1024.jpg 724w, https:\/\/www.esplac.cat\/wp-content\/uploads\/2021\/09\/VIII-Jornades-Ambientals-21-768x1086.jpg 768w, https:\/\/www.esplac.cat\/wp-content\/uploads\/2021\/09\/VIII-Jornades-Ambientals-21-800x1132.jpg 800w, https:\/\/www.esplac.cat\/wp-content\/uploads\/2021\/09\/VIII-Jornades-Ambientals-21-1086x1536.jpg 1086w, https:\/\/www.esplac.cat\/wp-content\/uploads\/2021\/09\/VIII-Jornades-Ambientals-21-1200x1698.jpg 1200w, https:\/\/www.esplac.cat\/wp-content\/uploads\/2021\/09\/VIII-Jornades-Ambientals-21-1448x2048.jpg 1448w, https:\/\/www.esplac.cat\/wp-content\/uploads\/2021\/09\/VIII-Jornades-Ambientals-21.jpg 1587w\" sizes=\"(max-width: 342px) 100vw, 342px\" \/><\/a><\/p>\n<p>&nbsp;<\/p>\n<p data-fontsize=\"30\" data-lineheight=\"39\"><em><strong>XI Jornades de Lleure i Feminismes:\u00a0El feminisme en defensa de la vida.<\/strong><\/em><\/p>\n<p>Arriben altra vegada les Jornades de Lleure i Feminismes, coorganitzades per <span style=\"color: #f69d0b;\"><a style=\"color: #f69d0b;\" href=\"http:\/\/casalsdejoves.org\/\" target=\"_blank\" rel=\"noopener noreferrer\">Casals de Joves de Cataluny<\/a>a<\/span>, <span style=\"color: #f69d0b;\"><a style=\"color: #f69d0b;\" href=\"https:\/\/escolaelsol.coop\/\" target=\"_blank\" rel=\"noopener noreferrer\">Escola Lliure El Sol<\/a><\/span>, <span style=\"color: #f69d0b;\"><a style=\"color: #f69d0b;\" href=\"https:\/\/www.escoltes.org\/\" target=\"_blank\" rel=\"noopener noreferrer\">Escoltes Catalans<\/a><\/span>, <span style=\"color: #f69d0b;\"><a style=\"color: #f69d0b;\" href=\"https:\/\/www.escoltesiguies.cat\/\" target=\"_blank\" rel=\"noopener noreferrer\">Minyons Escoltes i Guies de Catalunya<\/a><\/span> (Demarcaci\u00f3 Barcelona) i Esplais Catalans. El proper<strong> 23 i 24 d\u2019octubre<\/strong>\u00a0es celebrar\u00e0 l\u2019onzena edici\u00f3 de les Jornades de Lleure i Feminismes a la\u00a0<strong>Lleialtat Santsenca<\/strong> (Sants, Barcelona).<\/p>\n<p>Les inscripcions obren el dia 20 de setembre, a partir de les 10 h, <span style=\"color: #f69d0b;\"><a style=\"color: #f69d0b;\" href=\"https:\/\/escolaelsol.coop\/formacions\/XI-Jornades-de-Lleure-i-Feminismes-Esplac\/2222\/\" target=\"_blank\" rel=\"noopener noreferrer\">a trav\u00e9s d&#8217;aquest enlla\u00e7 (si ets d&#8217;Esplac)<\/a><\/span>. Aquestes tindran tres etapes:<\/p>\n<ol>\n<li aria-level=\"1\"><strong>Del 20 de setembre al 4 d\u2019octubre<\/strong>: S\u2019obriran nom\u00e9s 25 places per a cada federaci\u00f3\/associaci\u00f3 coorganitzadora<\/li>\n<li aria-level=\"1\"><strong>Del 4 d\u2019octubre al 8 d\u2019octubre<\/strong>: Si les places no s\u2019omplen, s\u2019obriran per a totes les federacions\/associacions coorganitzadores, sense tenir en compte de quina entitat ve cadasc\u00fa.<\/li>\n<li aria-level=\"1\"><strong>Del 8 d\u2019octubre al 15 d\u2019octubre<\/strong>: Si sobren places, s\u2019obriran les inscripcions a persones que no formin part de cap de les entitats.<\/li>\n<\/ol>\n<p>A les Jornades s\u2019hi englobaran els seg\u00fcents eixos: <strong>salut<\/strong>, <strong>defensa del territori<\/strong>,<strong> just\u00edcia global<\/strong> <strong>i decolonialitat<\/strong>, <strong>garantia de drets fonamentals<\/strong> <strong>i\u00a0<\/strong> <strong>cures<\/strong>, <strong>xarxes de suport mutu <\/strong>i<strong> economia feminista<\/strong>. A part, durant la setmana pr\u00e8via a la realitzaci\u00f3 de les Jornades hi haur\u00e0 dues xerrades en l\u00ednia (obertes). Pots veure tots els tallers i taules rodones a<span style=\"color: #f69d0b;\"><a style=\"color: #f69d0b;\" href=\"https:\/\/www.esplac.cat\/formacions\/jornades-de-lleure-i-feminismes\/\" target=\"_blank\" rel=\"noopener noreferrer\"> la p\u00e0gina de les Jornades de Lleure i Feminismes.<\/a><\/span><\/p>\n<p><a href=\"https:\/\/www.esplac.cat\/wp-content\/uploads\/2021\/09\/JLLiF2021-scaled.jpg\"><img decoding=\"async\" class=\"aligncenter wp-image-37043\" src=\"https:\/\/www.esplac.cat\/wp-content\/uploads\/2021\/09\/JLLiF2021-scaled.jpg\" alt=\"\" width=\"442\" height=\"594\" srcset=\"https:\/\/www.esplac.cat\/wp-content\/uploads\/2021\/09\/JLLiF2021-200x269.jpg 200w, https:\/\/www.esplac.cat\/wp-content\/uploads\/2021\/09\/JLLiF2021-223x300.jpg 223w, https:\/\/www.esplac.cat\/wp-content\/uploads\/2021\/09\/JLLiF2021-400x537.jpg 400w, https:\/\/www.esplac.cat\/wp-content\/uploads\/2021\/09\/JLLiF2021-600x806.jpg 600w, https:\/\/www.esplac.cat\/wp-content\/uploads\/2021\/09\/JLLiF2021-763x1024.jpg 763w, https:\/\/www.esplac.cat\/wp-content\/uploads\/2021\/09\/JLLiF2021-768x1031.jpg 768w, https:\/\/www.esplac.cat\/wp-content\/uploads\/2021\/09\/JLLiF2021-800x1074.jpg 800w, https:\/\/www.esplac.cat\/wp-content\/uploads\/2021\/09\/JLLiF2021-1144x1536.jpg 1144w, https:\/\/www.esplac.cat\/wp-content\/uploads\/2021\/09\/JLLiF2021-1200x1611.jpg 1200w, https:\/\/www.esplac.cat\/wp-content\/uploads\/2021\/09\/JLLiF2021-1525x2048.jpg 1525w, https:\/\/www.esplac.cat\/wp-content\/uploads\/2021\/09\/JLLiF2021-scaled.jpg 1906w\" sizes=\"(max-width: 442px) 100vw, 442px\" \/><\/a><\/p>\n<p>&nbsp;<\/p>\n<p><em>*aquestes activitats estan en el marc del 4o\u00e8 aniversari d&#8217;Esplais Catalans #Esplac40anys.<\/em><\/p>\n","protected":false},"excerpt":{"rendered":"<p>Comencem el curs amb dues jornades formatives: Les Jornades Ambientals [&hellip;]<\/p>\n","protected":false},"author":3,"featured_media":37074,"comment_status":"closed","ping_status":"closed","sticky":false,"template":"","format":"standard","meta":{"om_disable_all_campaigns":false,"_monsterinsights_skip_tracking":false,"_monsterinsights_sitenote_active":false,"_monsterinsights_sitenote_note":"","_monsterinsights_sitenote_category":0,"_uf_show_specific_survey":0,"_uf_disable_surveys":false,"footnotes":""},"categories":[1159,1158],"tags":[],"class_list":["post-37067","post","type-post","status-publish","format-standard","has-post-thumbnail","hentry","category-jornades-ambientals","category-jornades-lleure-feminismes"],"yoast_head":"<!-- This site is optimized with the Yoast SEO plugin v27.5 - https:\/\/yoast.com\/product\/yoast-seo-wordpress\/ -->\n<title>Arriben les Jornades Ambientals i les Jornades de Lleure i Feminismes!<\/title>\n<meta name=\"description\" content=\"Comencem el curs amb dues formacions: Les Jornades Ambientals (3 d&#039;octubre) i les Jornades de Lleure i Feminsimes (23 i 25 d&#039;octubre).\" \/>\n<meta name=\"robots\" content=\"index, follow, max-snippet:-1, max-image-preview:large, max-video-preview:-1\" \/>\n<link rel=\"canonical\" href=\"https:\/\/www.esplac.cat\/en\/octubre-formatiu-jornades-ambientals-jornades-lleure-feminismes\/\" \/>\n<meta property=\"og:locale\" content=\"en_US\" \/>\n<meta property=\"og:type\" content=\"article\" \/>\n<meta property=\"og:title\" content=\"Arriben les Jornades Ambientals i les Jornades de Lleure i Feminismes!\" \/>\n<meta property=\"og:description\" content=\"Comencem el curs amb dues formacions: Les Jornades Ambientals (3 d&#039;octubre) i les Jornades de Lleure i Feminsimes (23 i 25 d&#039;octubre).\" \/>\n<meta property=\"og:url\" content=\"https:\/\/www.esplac.cat\/en\/octubre-formatiu-jornades-ambientals-jornades-lleure-feminismes\/\" \/>\n<meta property=\"og:site_name\" content=\"Esplac\" \/>\n<meta property=\"article:published_time\" content=\"2021-09-16T10:38:24+00:00\" \/>\n<meta property=\"article:modified_time\" content=\"2021-09-20T08:27:03+00:00\" \/>\n<meta property=\"og:image\" content=\"https:\/\/www.esplac.cat\/wp-content\/uploads\/2021\/09\/Jornades.jpg\" \/>\n\t<meta property=\"og:image:width\" content=\"1697\" \/>\n\t<meta property=\"og:image:height\" content=\"700\" \/>\n\t<meta property=\"og:image:type\" content=\"image\/jpeg\" \/>\n<meta name=\"author\" content=\"Comunicaci\u00f3 Esplac\" \/>\n<meta name=\"twitter:card\" content=\"summary_large_image\" \/>\n<meta name=\"twitter:label1\" content=\"Written by\" \/>\n\t<meta name=\"twitter:data1\" content=\"Comunicaci\u00f3 Esplac\" \/>\n\t<meta name=\"twitter:label2\" content=\"Est. reading time\" \/>\n\t<meta name=\"twitter:data2\" content=\"2 minutes\" \/>\n<script type=\"application\/ld+json\" class=\"yoast-schema-graph\">{\"@context\":\"https:\\\/\\\/schema.org\",\"@graph\":[{\"@type\":\"Article\",\"@id\":\"https:\\\/\\\/www.esplac.cat\\\/en\\\/octubre-formatiu-jornades-ambientals-jornades-lleure-feminismes\\\/#article\",\"isPartOf\":{\"@id\":\"https:\\\/\\\/www.esplac.cat\\\/en\\\/octubre-formatiu-jornades-ambientals-jornades-lleure-feminismes\\\/\"},\"author\":{\"name\":\"Comunicaci\u00f3 Esplac\",\"@id\":\"https:\\\/\\\/www.esplac.cat\\\/#\\\/schema\\\/person\\\/908383cf240be18b68f8855d0583faca\"},\"headline\":\"Octubre formatiu: Arriben les Jornades Ambientals i les Jornades de Lleure i Feminismes!\",\"datePublished\":\"2021-09-16T10:38:24+00:00\",\"dateModified\":\"2021-09-20T08:27:03+00:00\",\"mainEntityOfPage\":{\"@id\":\"https:\\\/\\\/www.esplac.cat\\\/en\\\/octubre-formatiu-jornades-ambientals-jornades-lleure-feminismes\\\/\"},\"wordCount\":436,\"publisher\":{\"@id\":\"https:\\\/\\\/www.esplac.cat\\\/#organization\"},\"image\":{\"@id\":\"https:\\\/\\\/www.esplac.cat\\\/en\\\/octubre-formatiu-jornades-ambientals-jornades-lleure-feminismes\\\/#primaryimage\"},\"thumbnailUrl\":\"https:\\\/\\\/www.esplac.cat\\\/wp-content\\\/uploads\\\/2021\\\/09\\\/Jornades.jpg\",\"articleSection\":[\"Jornades ambientals\",\"Jornades de Lleure i Feminismes\"],\"inLanguage\":\"en-US\"},{\"@type\":\"WebPage\",\"@id\":\"https:\\\/\\\/www.esplac.cat\\\/en\\\/octubre-formatiu-jornades-ambientals-jornades-lleure-feminismes\\\/\",\"url\":\"https:\\\/\\\/www.esplac.cat\\\/en\\\/octubre-formatiu-jornades-ambientals-jornades-lleure-feminismes\\\/\",\"name\":\"Arriben les Jornades Ambientals i les Jornades de Lleure i Feminismes!\",\"isPartOf\":{\"@id\":\"https:\\\/\\\/www.esplac.cat\\\/#website\"},\"primaryImageOfPage\":{\"@id\":\"https:\\\/\\\/www.esplac.cat\\\/en\\\/octubre-formatiu-jornades-ambientals-jornades-lleure-feminismes\\\/#primaryimage\"},\"image\":{\"@id\":\"https:\\\/\\\/www.esplac.cat\\\/en\\\/octubre-formatiu-jornades-ambientals-jornades-lleure-feminismes\\\/#primaryimage\"},\"thumbnailUrl\":\"https:\\\/\\\/www.esplac.cat\\\/wp-content\\\/uploads\\\/2021\\\/09\\\/Jornades.jpg\",\"datePublished\":\"2021-09-16T10:38:24+00:00\",\"dateModified\":\"2021-09-20T08:27:03+00:00\",\"description\":\"Comencem el curs amb dues formacions: Les Jornades Ambientals (3 d'octubre) i les Jornades de Lleure i Feminsimes (23 i 25 d'octubre).\",\"breadcrumb\":{\"@id\":\"https:\\\/\\\/www.esplac.cat\\\/en\\\/octubre-formatiu-jornades-ambientals-jornades-lleure-feminismes\\\/#breadcrumb\"},\"inLanguage\":\"en-US\",\"potentialAction\":[{\"@type\":\"ReadAction\",\"target\":[\"https:\\\/\\\/www.esplac.cat\\\/en\\\/octubre-formatiu-jornades-ambientals-jornades-lleure-feminismes\\\/\"]}]},{\"@type\":\"ImageObject\",\"inLanguage\":\"en-US\",\"@id\":\"https:\\\/\\\/www.esplac.cat\\\/en\\\/octubre-formatiu-jornades-ambientals-jornades-lleure-feminismes\\\/#primaryimage\",\"url\":\"https:\\\/\\\/www.esplac.cat\\\/wp-content\\\/uploads\\\/2021\\\/09\\\/Jornades.jpg\",\"contentUrl\":\"https:\\\/\\\/www.esplac.cat\\\/wp-content\\\/uploads\\\/2021\\\/09\\\/Jornades.jpg\",\"width\":1697,\"height\":700},{\"@type\":\"BreadcrumbList\",\"@id\":\"https:\\\/\\\/www.esplac.cat\\\/en\\\/octubre-formatiu-jornades-ambientals-jornades-lleure-feminismes\\\/#breadcrumb\",\"itemListElement\":[{\"@type\":\"ListItem\",\"position\":1,\"name\":\"Inici\",\"item\":\"https:\\\/\\\/www.esplac.cat\\\/en\\\/\"},{\"@type\":\"ListItem\",\"position\":2,\"name\":\"Octubre formatiu: Arriben les Jornades Ambientals i les Jornades de Lleure i Feminismes!\"}]},{\"@type\":\"WebSite\",\"@id\":\"https:\\\/\\\/www.esplac.cat\\\/#website\",\"url\":\"https:\\\/\\\/www.esplac.cat\\\/\",\"name\":\"Esplac\",\"description\":\"Esplais Catalans\",\"publisher\":{\"@id\":\"https:\\\/\\\/www.esplac.cat\\\/#organization\"},\"potentialAction\":[{\"@type\":\"SearchAction\",\"target\":{\"@type\":\"EntryPoint\",\"urlTemplate\":\"https:\\\/\\\/www.esplac.cat\\\/?s={search_term_string}\"},\"query-input\":{\"@type\":\"PropertyValueSpecification\",\"valueRequired\":true,\"valueName\":\"search_term_string\"}}],\"inLanguage\":\"en-US\"},{\"@type\":\"Organization\",\"@id\":\"https:\\\/\\\/www.esplac.cat\\\/#organization\",\"name\":\"Esplac\",\"url\":\"https:\\\/\\\/www.esplac.cat\\\/\",\"logo\":{\"@type\":\"ImageObject\",\"inLanguage\":\"en-US\",\"@id\":\"https:\\\/\\\/www.esplac.cat\\\/#\\\/schema\\\/logo\\\/image\\\/\",\"url\":\"https:\\\/\\\/www.esplac.cat\\\/wp-content\\\/uploads\\\/2019\\\/08\\\/logox2.png\",\"contentUrl\":\"https:\\\/\\\/www.esplac.cat\\\/wp-content\\\/uploads\\\/2019\\\/08\\\/logox2.png\",\"width\":600,\"height\":295,\"caption\":\"Esplac\"},\"image\":{\"@id\":\"https:\\\/\\\/www.esplac.cat\\\/#\\\/schema\\\/logo\\\/image\\\/\"}},{\"@type\":\"Person\",\"@id\":\"https:\\\/\\\/www.esplac.cat\\\/#\\\/schema\\\/person\\\/908383cf240be18b68f8855d0583faca\",\"name\":\"Comunicaci\u00f3 Esplac\",\"image\":{\"@type\":\"ImageObject\",\"inLanguage\":\"en-US\",\"@id\":\"https:\\\/\\\/secure.gravatar.com\\\/avatar\\\/7a4cf8feb412a76ea4a740ca02d95b06b2907b5a6c648c2dd0a1082a093c3141?s=96&d=mm&r=g\",\"url\":\"https:\\\/\\\/secure.gravatar.com\\\/avatar\\\/7a4cf8feb412a76ea4a740ca02d95b06b2907b5a6c648c2dd0a1082a093c3141?s=96&d=mm&r=g\",\"contentUrl\":\"https:\\\/\\\/secure.gravatar.com\\\/avatar\\\/7a4cf8feb412a76ea4a740ca02d95b06b2907b5a6c648c2dd0a1082a093c3141?s=96&d=mm&r=g\",\"caption\":\"Comunicaci\u00f3 Esplac\"}}]}<\/script>\n<!-- \/ Yoast SEO plugin. -->","yoast_head_json":{"title":"Arriben les Jornades Ambientals i les Jornades de Lleure i Feminismes!","description":"Comencem el curs amb dues formacions: Les Jornades Ambientals (3 d'octubre) i les Jornades de Lleure i Feminsimes (23 i 25 d'octubre).","robots":{"index":"index","follow":"follow","max-snippet":"max-snippet:-1","max-image-preview":"max-image-preview:large","max-video-preview":"max-video-preview:-1"},"canonical":"https:\/\/www.esplac.cat\/en\/octubre-formatiu-jornades-ambientals-jornades-lleure-feminismes\/","og_locale":"en_US","og_type":"article","og_title":"Arriben les Jornades Ambientals i les Jornades de Lleure i Feminismes!","og_description":"Comencem el curs amb dues formacions: Les Jornades Ambientals (3 d'octubre) i les Jornades de Lleure i Feminsimes (23 i 25 d'octubre).","og_url":"https:\/\/www.esplac.cat\/en\/octubre-formatiu-jornades-ambientals-jornades-lleure-feminismes\/","og_site_name":"Esplac","article_published_time":"2021-09-16T10:38:24+00:00","article_modified_time":"2021-09-20T08:27:03+00:00","og_image":[{"width":1697,"height":700,"url":"https:\/\/www.esplac.cat\/wp-content\/uploads\/2021\/09\/Jornades.jpg","type":"image\/jpeg"}],"author":"Comunicaci\u00f3 Esplac","twitter_card":"summary_large_image","twitter_misc":{"Written by":"Comunicaci\u00f3 Esplac","Est. reading time":"2 minutes"},"schema":{"@context":"https:\/\/schema.org","@graph":[{"@type":"Article","@id":"https:\/\/www.esplac.cat\/en\/octubre-formatiu-jornades-ambientals-jornades-lleure-feminismes\/#article","isPartOf":{"@id":"https:\/\/www.esplac.cat\/en\/octubre-formatiu-jornades-ambientals-jornades-lleure-feminismes\/"},"author":{"name":"Comunicaci\u00f3 Esplac","@id":"https:\/\/www.esplac.cat\/#\/schema\/person\/908383cf240be18b68f8855d0583faca"},"headline":"Octubre formatiu: Arriben les Jornades Ambientals i les Jornades de Lleure i Feminismes!","datePublished":"2021-09-16T10:38:24+00:00","dateModified":"2021-09-20T08:27:03+00:00","mainEntityOfPage":{"@id":"https:\/\/www.esplac.cat\/en\/octubre-formatiu-jornades-ambientals-jornades-lleure-feminismes\/"},"wordCount":436,"publisher":{"@id":"https:\/\/www.esplac.cat\/#organization"},"image":{"@id":"https:\/\/www.esplac.cat\/en\/octubre-formatiu-jornades-ambientals-jornades-lleure-feminismes\/#primaryimage"},"thumbnailUrl":"https:\/\/www.esplac.cat\/wp-content\/uploads\/2021\/09\/Jornades.jpg","articleSection":["Jornades ambientals","Jornades de Lleure i Feminismes"],"inLanguage":"en-US"},{"@type":"WebPage","@id":"https:\/\/www.esplac.cat\/en\/octubre-formatiu-jornades-ambientals-jornades-lleure-feminismes\/","url":"https:\/\/www.esplac.cat\/en\/octubre-formatiu-jornades-ambientals-jornades-lleure-feminismes\/","name":"Arriben les Jornades Ambientals i les Jornades de Lleure i Feminismes!","isPartOf":{"@id":"https:\/\/www.esplac.cat\/#website"},"primaryImageOfPage":{"@id":"https:\/\/www.esplac.cat\/en\/octubre-formatiu-jornades-ambientals-jornades-lleure-feminismes\/#primaryimage"},"image":{"@id":"https:\/\/www.esplac.cat\/en\/octubre-formatiu-jornades-ambientals-jornades-lleure-feminismes\/#primaryimage"},"thumbnailUrl":"https:\/\/www.esplac.cat\/wp-content\/uploads\/2021\/09\/Jornades.jpg","datePublished":"2021-09-16T10:38:24+00:00","dateModified":"2021-09-20T08:27:03+00:00","description":"Comencem el curs amb dues formacions: Les Jornades Ambientals (3 d'octubre) i les Jornades de Lleure i Feminsimes (23 i 25 d'octubre).","breadcrumb":{"@id":"https:\/\/www.esplac.cat\/en\/octubre-formatiu-jornades-ambientals-jornades-lleure-feminismes\/#breadcrumb"},"inLanguage":"en-US","potentialAction":[{"@type":"ReadAction","target":["https:\/\/www.esplac.cat\/en\/octubre-formatiu-jornades-ambientals-jornades-lleure-feminismes\/"]}]},{"@type":"ImageObject","inLanguage":"en-US","@id":"https:\/\/www.esplac.cat\/en\/octubre-formatiu-jornades-ambientals-jornades-lleure-feminismes\/#primaryimage","url":"https:\/\/www.esplac.cat\/wp-content\/uploads\/2021\/09\/Jornades.jpg","contentUrl":"https:\/\/www.esplac.cat\/wp-content\/uploads\/2021\/09\/Jornades.jpg","width":1697,"height":700},{"@type":"BreadcrumbList","@id":"https:\/\/www.esplac.cat\/en\/octubre-formatiu-jornades-ambientals-jornades-lleure-feminismes\/#breadcrumb","itemListElement":[{"@type":"ListItem","position":1,"name":"Inici","item":"https:\/\/www.esplac.cat\/en\/"},{"@type":"ListItem","position":2,"name":"Octubre formatiu: Arriben les Jornades Ambientals i les Jornades de Lleure i Feminismes!"}]},{"@type":"WebSite","@id":"https:\/\/www.esplac.cat\/#website","url":"https:\/\/www.esplac.cat\/","name":"Esplac","description":"Esplais Catalans","publisher":{"@id":"https:\/\/www.esplac.cat\/#organization"},"potentialAction":[{"@type":"SearchAction","target":{"@type":"EntryPoint","urlTemplate":"https:\/\/www.esplac.cat\/?s={search_term_string}"},"query-input":{"@type":"PropertyValueSpecification","valueRequired":true,"valueName":"search_term_string"}}],"inLanguage":"en-US"},{"@type":"Organization","@id":"https:\/\/www.esplac.cat\/#organization","name":"Esplac","url":"https:\/\/www.esplac.cat\/","logo":{"@type":"ImageObject","inLanguage":"en-US","@id":"https:\/\/www.esplac.cat\/#\/schema\/logo\/image\/","url":"https:\/\/www.esplac.cat\/wp-content\/uploads\/2019\/08\/logox2.png","contentUrl":"https:\/\/www.esplac.cat\/wp-content\/uploads\/2019\/08\/logox2.png","width":600,"height":295,"caption":"Esplac"},"image":{"@id":"https:\/\/www.esplac.cat\/#\/schema\/logo\/image\/"}},{"@type":"Person","@id":"https:\/\/www.esplac.cat\/#\/schema\/person\/908383cf240be18b68f8855d0583faca","name":"Comunicaci\u00f3 Esplac","image":{"@type":"ImageObject","inLanguage":"en-US","@id":"https:\/\/secure.gravatar.com\/avatar\/7a4cf8feb412a76ea4a740ca02d95b06b2907b5a6c648c2dd0a1082a093c3141?s=96&d=mm&r=g","url":"https:\/\/secure.gravatar.com\/avatar\/7a4cf8feb412a76ea4a740ca02d95b06b2907b5a6c648c2dd0a1082a093c3141?s=96&d=mm&r=g","contentUrl":"https:\/\/secure.gravatar.com\/avatar\/7a4cf8feb412a76ea4a740ca02d95b06b2907b5a6c648c2dd0a1082a093c3141?s=96&d=mm&r=g","caption":"Comunicaci\u00f3 Esplac"}}]}},"_links":{"self":[{"href":"https:\/\/www.esplac.cat\/en\/wp-json\/wp\/v2\/posts\/37067","targetHints":{"allow":["GET"]}}],"collection":[{"href":"https:\/\/www.esplac.cat\/en\/wp-json\/wp\/v2\/posts"}],"about":[{"href":"https:\/\/www.esplac.cat\/en\/wp-json\/wp\/v2\/types\/post"}],"author":[{"embeddable":true,"href":"https:\/\/www.esplac.cat\/en\/wp-json\/wp\/v2\/users\/3"}],"replies":[{"embeddable":true,"href":"https:\/\/www.esplac.cat\/en\/wp-json\/wp\/v2\/comments?post=37067"}],"version-history":[{"count":0,"href":"https:\/\/www.esplac.cat\/en\/wp-json\/wp\/v2\/posts\/37067\/revisions"}],"wp:featuredmedia":[{"embeddable":true,"href":"https:\/\/www.esplac.cat\/en\/wp-json\/wp\/v2\/media\/37074"}],"wp:attachment":[{"href":"https:\/\/www.esplac.cat\/en\/wp-json\/wp\/v2\/media?parent=37067"}],"wp:term":[{"taxonomy":"category","embeddable":true,"href":"https:\/\/www.esplac.cat\/en\/wp-json\/wp\/v2\/categories?post=37067"},{"taxonomy":"post_tag","embeddable":true,"href":"https:\/\/www.esplac.cat\/en\/wp-json\/wp\/v2\/tags?post=37067"}],"curies":[{"name":"wp","href":"https:\/\/api.w.org\/{rel}","templated":true}]}}