{"id":37256,"date":"2021-09-30T12:15:00","date_gmt":"2021-09-30T11:15:00","guid":{"rendered":"https:\/\/www.esplac.cat\/?p=37256"},"modified":"2021-09-30T12:19:51","modified_gmt":"2021-09-30T11:19:51","slug":"jornades-ambientals-esplac-emergencia-climatica-perspectiva-jovent","status":"publish","type":"post","link":"https:\/\/www.esplac.cat\/en\/jornades-ambientals-esplac-emergencia-climatica-perspectiva-jovent\/","title":{"rendered":"Les VIII Jornades Ambientals d\u2019Esplac abordaran l\u2019emerg\u00e8ncia clim\u00e0tica des de la perspectiva del jovent"},"content":{"rendered":"<h6><strong>Esplais Catalans celebrar\u00e0 aquest diumenge 3 d\u2019octubre la vuitena edici\u00f3 de les Jornades Ambientals, una trobada de monitores i monitors per reflexionar sobre l\u2019actual crisi clim\u00e0tica que amena\u00e7a el planeta, les seves causes i efectes i la lluita clim\u00e0tica que s\u2019est\u00e0 lliurant des dels diferents col\u00b7lectius i moviments del territori.<\/strong><\/h6>\n<p>Aquest proper diumenge 3 d&#8217;octubre \u00e9s el torn, un any m\u00e9s, de les Jornades Ambientals organitzades per la <span style=\"color: #f69d0b;\"><a style=\"color: #f69d0b;\" href=\"https:\/\/www.esplac.cat\/comissions\/reduint-petjada\/\" target=\"_blank\" rel=\"noopener noreferrer\">Comissi\u00f3 Reduint Petjada<\/a><\/span> d&#8217;Esplac. L\u2019esdeveniment es dur\u00e0 a terme presencialment a l&#8217;equipament municipal de <strong>Torre Jussana<\/strong>, al districte d\u2019<strong>Horta-Guinard\u00f3,<\/strong>\u00a0respectant totes les mesures sanit\u00e0ries de seguretat.<\/p>\n<p>L\u2019investigador <strong>Alfons P\u00e9rez, <\/strong>de l\u2019<span style=\"color: #f69d0b;\"><a style=\"color: #f69d0b;\" href=\"https:\/\/odg.cat\/\" target=\"_blank\" rel=\"noopener noreferrer\">Observatori del Deute en la Globalitzaci\u00f3<\/a><\/span>, encetar\u00e0 aquesta nova edici\u00f3 amb una posada en context de la situaci\u00f3 d\u2019emerg\u00e8ncia clim\u00e0tica post-pand\u00e8mica. \u00c9s donar\u00e0 continu\u00eftat amb una taula rodona de joves activistes clim\u00e0tiques, entre elles l\u2019activista <strong>Maria Serra<\/strong> i la pres\u00e8ncia de l\u2019<strong>Assemblea Pel Clima de Sant Cugat del Vall\u00e8s<\/strong>, representada per <strong>Alba Guerrero<\/strong>. Les persones assistents finalitzaran l\u2019activitat amb un <strong>debat<\/strong> en qu\u00e8 podran intercanviar punts de vista i experi\u00e8ncies a l\u2019hora de plantejar com abordar la problem\u00e0tica des de les entitats de lleure.<\/p>\n<p>Les <strong>inscripcions per a monitores i monitors d\u2019Esplac<\/strong> es van obrir dilluns 20 de setembre a trav\u00e9s de l\u2019Era (preu: 5\u20ac). Si encara no t\u2019has inscrit, tens temps fins divendres 1 d\u2019octubre! Les <strong>persones s\u00f2cies d\u2019Esplac<\/strong> tamb\u00e9 hi poden assistir fent la inscripci\u00f3 <strong><span style=\"color: #f69d0b;\"><a style=\"color: #f69d0b;\" href=\"https:\/\/infoesplac.typeform.com\/to\/wCZGvhvJ#\" target=\"_blank\" rel=\"noopener noreferrer\">mitjan\u00e7ant aquest formulari.<\/a><\/span><\/strong><\/p>\n<p><strong>Programa:<\/strong><br \/>\n<strong>10 h<\/strong> \u2013 Benvinguda<br \/>\n<strong>10:30 h<\/strong> \u2013 Presentaci\u00f3 de les VIII Jornades Ambientals<br \/>\n<strong>11 h<\/strong> \u2013 Pon\u00e8ncia inicial. <strong><em>L\u2019Emerg\u00e8ncia clim\u00e0tica, la realitat que no volem veure<\/em><\/strong>, a c\u00e0rrec de l\u2019Alfons P\u00e9rez, investigador de l\u2019ODG (Observatori del Deute en la Globalitzaci\u00f3).<br \/>\n<strong>12 h<\/strong> \u2013 Taula rodona. <strong><em>Activisme clim\u00e0tic<\/em><\/strong>, amb Maria Serra (activista clim\u00e0tica) i Alba Guerrero (Assemblea Pel Clima de Sant Cugat)<br \/>\n<strong>13:30 h<\/strong> \u2013 Dinar<br \/>\n<strong>15 h<\/strong> \u2013 <strong><em>El decreixement com a alternativa<\/em><\/strong>, de Carlos Taibo (projecci\u00f3)<br \/>\n<strong>15:30 h<\/strong> \u2013 Caf\u00e8 rodant: <strong><em>C<\/em><\/strong><strong><em>om afrontem la crisi clim\u00e0tica des dels esplais<\/em><\/strong>. Espai dinamitzat per la Comissi\u00f3 Reduint Petjada.<br \/>\n<strong>16:30 h<\/strong> \u2013 Tancament de les Jornades.<br \/>\n<strong>17 h<\/strong> \u2013 Comiat<\/p>\n<p>Teniu tota aquesta informaci\u00f3 <strong><span style=\"color: #f69d0b;\"><a style=\"color: #f69d0b;\" href=\"https:\/\/www.esplac.cat\/formacions\/jornades-ambientals\/\" target=\"_blank\" rel=\"noopener noreferrer\">a la p\u00e0gina de les Jornades Ambientals d\u2019Esplac<\/a><\/span><\/strong>. All\u00e0, tamb\u00e9 podreu trobar informaci\u00f3 i recursos de les jornades anteriors.<\/p>\n<p>&nbsp;<\/p>\n<p><a href=\"https:\/\/www.esplac.cat\/wp-content\/uploads\/2021\/09\/VIII-Jornades-Ambientals-21.jpg\"><img decoding=\"async\" class=\"aligncenter  wp-image-37096\" src=\"https:\/\/www.esplac.cat\/wp-content\/uploads\/2021\/09\/VIII-Jornades-Ambientals-21.jpg\" alt=\"\" width=\"481\" height=\"680\" srcset=\"https:\/\/www.esplac.cat\/wp-content\/uploads\/2021\/09\/VIII-Jornades-Ambientals-21-200x283.jpg 200w, https:\/\/www.esplac.cat\/wp-content\/uploads\/2021\/09\/VIII-Jornades-Ambientals-21-212x300.jpg 212w, https:\/\/www.esplac.cat\/wp-content\/uploads\/2021\/09\/VIII-Jornades-Ambientals-21-400x566.jpg 400w, https:\/\/www.esplac.cat\/wp-content\/uploads\/2021\/09\/VIII-Jornades-Ambientals-21-600x849.jpg 600w, https:\/\/www.esplac.cat\/wp-content\/uploads\/2021\/09\/VIII-Jornades-Ambientals-21-724x1024.jpg 724w, https:\/\/www.esplac.cat\/wp-content\/uploads\/2021\/09\/VIII-Jornades-Ambientals-21-768x1086.jpg 768w, https:\/\/www.esplac.cat\/wp-content\/uploads\/2021\/09\/VIII-Jornades-Ambientals-21-800x1132.jpg 800w, https:\/\/www.esplac.cat\/wp-content\/uploads\/2021\/09\/VIII-Jornades-Ambientals-21-1086x1536.jpg 1086w, https:\/\/www.esplac.cat\/wp-content\/uploads\/2021\/09\/VIII-Jornades-Ambientals-21-1200x1698.jpg 1200w, https:\/\/www.esplac.cat\/wp-content\/uploads\/2021\/09\/VIII-Jornades-Ambientals-21-1448x2048.jpg 1448w, https:\/\/www.esplac.cat\/wp-content\/uploads\/2021\/09\/VIII-Jornades-Ambientals-21.jpg 1587w\" sizes=\"(max-width: 481px) 100vw, 481px\" \/><\/a><\/p>\n<p>&nbsp;<\/p>\n<p><a href=\"https:\/\/www.esplac.cat\/wp-content\/uploads\/2021\/09\/VII-Jornades-Ambientals-21-1.jpg\"><img decoding=\"async\" class=\"aligncenter wp-image-37249\" src=\"https:\/\/www.esplac.cat\/wp-content\/uploads\/2021\/09\/VII-Jornades-Ambientals-21-1.jpg\" alt=\"\" width=\"482\" height=\"682\" srcset=\"https:\/\/www.esplac.cat\/wp-content\/uploads\/2021\/09\/VII-Jornades-Ambientals-21-1-200x283.jpg 200w, https:\/\/www.esplac.cat\/wp-content\/uploads\/2021\/09\/VII-Jornades-Ambientals-21-1-212x300.jpg 212w, https:\/\/www.esplac.cat\/wp-content\/uploads\/2021\/09\/VII-Jornades-Ambientals-21-1-400x566.jpg 400w, https:\/\/www.esplac.cat\/wp-content\/uploads\/2021\/09\/VII-Jornades-Ambientals-21-1-600x849.jpg 600w, https:\/\/www.esplac.cat\/wp-content\/uploads\/2021\/09\/VII-Jornades-Ambientals-21-1-724x1024.jpg 724w, https:\/\/www.esplac.cat\/wp-content\/uploads\/2021\/09\/VII-Jornades-Ambientals-21-1-768x1086.jpg 768w, https:\/\/www.esplac.cat\/wp-content\/uploads\/2021\/09\/VII-Jornades-Ambientals-21-1-800x1132.jpg 800w, https:\/\/www.esplac.cat\/wp-content\/uploads\/2021\/09\/VII-Jornades-Ambientals-21-1-1086x1536.jpg 1086w, https:\/\/www.esplac.cat\/wp-content\/uploads\/2021\/09\/VII-Jornades-Ambientals-21-1-1200x1698.jpg 1200w, https:\/\/www.esplac.cat\/wp-content\/uploads\/2021\/09\/VII-Jornades-Ambientals-21-1-1448x2048.jpg 1448w, https:\/\/www.esplac.cat\/wp-content\/uploads\/2021\/09\/VII-Jornades-Ambientals-21-1.jpg 1587w\" sizes=\"(max-width: 482px) 100vw, 482px\" \/><\/a><\/p>\n","protected":false},"excerpt":{"rendered":"<p>Esplais Catalans celebrar\u00e0 aquest diumenge 3 d\u2019octubre la vuitena edici\u00f3 [&hellip;]<\/p>\n","protected":false},"author":3,"featured_media":37260,"comment_status":"closed","ping_status":"closed","sticky":false,"template":"","format":"standard","meta":{"om_disable_all_campaigns":false,"_monsterinsights_skip_tracking":false,"_monsterinsights_sitenote_active":false,"_monsterinsights_sitenote_note":"","_monsterinsights_sitenote_category":0,"_uf_show_specific_survey":0,"_uf_disable_surveys":false,"footnotes":""},"categories":[1161,1159],"tags":[],"class_list":["post-37256","post","type-post","status-publish","format-standard","has-post-thumbnail","hentry","category-comissio-reduint-petjada","category-jornades-ambientals"],"yoast_head":"<!-- This site is optimized with the Yoast SEO plugin v27.4 - https:\/\/yoast.com\/product\/yoast-seo-wordpress\/ -->\n<title>VIII Jornades Ambientals d&#039;Esplac: La realitat que no volem veure<\/title>\n<meta name=\"description\" content=\"Esplais Catalans celebrar\u00e0 diumenge 3 d\u2019octubre les VIII Jornades Ambientals, una trobada per reflexionar sobre l\u2019actual crisi clim\u00e0tica.\" \/>\n<meta name=\"robots\" content=\"index, follow, max-snippet:-1, max-image-preview:large, max-video-preview:-1\" \/>\n<link rel=\"canonical\" href=\"https:\/\/www.esplac.cat\/en\/jornades-ambientals-esplac-emergencia-climatica-perspectiva-jovent\/\" \/>\n<meta property=\"og:locale\" content=\"en_US\" \/>\n<meta property=\"og:type\" content=\"article\" \/>\n<meta property=\"og:title\" content=\"VIII Jornades Ambientals d&#039;Esplac: La realitat que no volem veure\" \/>\n<meta property=\"og:description\" content=\"Esplais Catalans celebrar\u00e0 diumenge 3 d\u2019octubre les VIII Jornades Ambientals, una trobada per reflexionar sobre l\u2019actual crisi clim\u00e0tica.\" \/>\n<meta property=\"og:url\" content=\"https:\/\/www.esplac.cat\/en\/jornades-ambientals-esplac-emergencia-climatica-perspectiva-jovent\/\" \/>\n<meta property=\"og:site_name\" content=\"Esplac\" \/>\n<meta property=\"article:published_time\" content=\"2021-09-30T11:15:00+00:00\" \/>\n<meta property=\"article:modified_time\" content=\"2021-09-30T11:19:51+00:00\" \/>\n<meta property=\"og:image\" content=\"https:\/\/www.esplac.cat\/wp-content\/uploads\/2021\/09\/6.jpg\" \/>\n\t<meta property=\"og:image:width\" content=\"1697\" \/>\n\t<meta property=\"og:image:height\" content=\"700\" \/>\n\t<meta property=\"og:image:type\" content=\"image\/jpeg\" \/>\n<meta name=\"author\" content=\"Comunicaci\u00f3 Esplac\" \/>\n<meta name=\"twitter:card\" content=\"summary_large_image\" \/>\n<meta name=\"twitter:label1\" content=\"Written by\" \/>\n\t<meta name=\"twitter:data1\" content=\"Comunicaci\u00f3 Esplac\" \/>\n\t<meta name=\"twitter:label2\" content=\"Est. reading time\" \/>\n\t<meta name=\"twitter:data2\" content=\"2 minutes\" \/>\n<script type=\"application\/ld+json\" class=\"yoast-schema-graph\">{\"@context\":\"https:\\\/\\\/schema.org\",\"@graph\":[{\"@type\":\"Article\",\"@id\":\"https:\\\/\\\/www.esplac.cat\\\/en\\\/jornades-ambientals-esplac-emergencia-climatica-perspectiva-jovent\\\/#article\",\"isPartOf\":{\"@id\":\"https:\\\/\\\/www.esplac.cat\\\/en\\\/jornades-ambientals-esplac-emergencia-climatica-perspectiva-jovent\\\/\"},\"author\":{\"name\":\"Comunicaci\u00f3 Esplac\",\"@id\":\"https:\\\/\\\/www.esplac.cat\\\/#\\\/schema\\\/person\\\/908383cf240be18b68f8855d0583faca\"},\"headline\":\"Les VIII Jornades Ambientals d\u2019Esplac abordaran l\u2019emerg\u00e8ncia clim\u00e0tica des de la perspectiva del jovent\",\"datePublished\":\"2021-09-30T11:15:00+00:00\",\"dateModified\":\"2021-09-30T11:19:51+00:00\",\"mainEntityOfPage\":{\"@id\":\"https:\\\/\\\/www.esplac.cat\\\/en\\\/jornades-ambientals-esplac-emergencia-climatica-perspectiva-jovent\\\/\"},\"wordCount\":410,\"publisher\":{\"@id\":\"https:\\\/\\\/www.esplac.cat\\\/#organization\"},\"image\":{\"@id\":\"https:\\\/\\\/www.esplac.cat\\\/en\\\/jornades-ambientals-esplac-emergencia-climatica-perspectiva-jovent\\\/#primaryimage\"},\"thumbnailUrl\":\"https:\\\/\\\/www.esplac.cat\\\/wp-content\\\/uploads\\\/2021\\\/09\\\/6.jpg\",\"articleSection\":[\"Comissi\u00f3 Reduint Petjada\",\"Jornades ambientals\"],\"inLanguage\":\"en-US\"},{\"@type\":\"WebPage\",\"@id\":\"https:\\\/\\\/www.esplac.cat\\\/en\\\/jornades-ambientals-esplac-emergencia-climatica-perspectiva-jovent\\\/\",\"url\":\"https:\\\/\\\/www.esplac.cat\\\/en\\\/jornades-ambientals-esplac-emergencia-climatica-perspectiva-jovent\\\/\",\"name\":\"VIII Jornades Ambientals d'Esplac: La realitat que no volem veure\",\"isPartOf\":{\"@id\":\"https:\\\/\\\/www.esplac.cat\\\/#website\"},\"primaryImageOfPage\":{\"@id\":\"https:\\\/\\\/www.esplac.cat\\\/en\\\/jornades-ambientals-esplac-emergencia-climatica-perspectiva-jovent\\\/#primaryimage\"},\"image\":{\"@id\":\"https:\\\/\\\/www.esplac.cat\\\/en\\\/jornades-ambientals-esplac-emergencia-climatica-perspectiva-jovent\\\/#primaryimage\"},\"thumbnailUrl\":\"https:\\\/\\\/www.esplac.cat\\\/wp-content\\\/uploads\\\/2021\\\/09\\\/6.jpg\",\"datePublished\":\"2021-09-30T11:15:00+00:00\",\"dateModified\":\"2021-09-30T11:19:51+00:00\",\"description\":\"Esplais Catalans celebrar\u00e0 diumenge 3 d\u2019octubre les VIII Jornades Ambientals, una trobada per reflexionar sobre l\u2019actual crisi clim\u00e0tica.\",\"breadcrumb\":{\"@id\":\"https:\\\/\\\/www.esplac.cat\\\/en\\\/jornades-ambientals-esplac-emergencia-climatica-perspectiva-jovent\\\/#breadcrumb\"},\"inLanguage\":\"en-US\",\"potentialAction\":[{\"@type\":\"ReadAction\",\"target\":[\"https:\\\/\\\/www.esplac.cat\\\/en\\\/jornades-ambientals-esplac-emergencia-climatica-perspectiva-jovent\\\/\"]}]},{\"@type\":\"ImageObject\",\"inLanguage\":\"en-US\",\"@id\":\"https:\\\/\\\/www.esplac.cat\\\/en\\\/jornades-ambientals-esplac-emergencia-climatica-perspectiva-jovent\\\/#primaryimage\",\"url\":\"https:\\\/\\\/www.esplac.cat\\\/wp-content\\\/uploads\\\/2021\\\/09\\\/6.jpg\",\"contentUrl\":\"https:\\\/\\\/www.esplac.cat\\\/wp-content\\\/uploads\\\/2021\\\/09\\\/6.jpg\",\"width\":1697,\"height\":700},{\"@type\":\"BreadcrumbList\",\"@id\":\"https:\\\/\\\/www.esplac.cat\\\/en\\\/jornades-ambientals-esplac-emergencia-climatica-perspectiva-jovent\\\/#breadcrumb\",\"itemListElement\":[{\"@type\":\"ListItem\",\"position\":1,\"name\":\"Inici\",\"item\":\"https:\\\/\\\/www.esplac.cat\\\/en\\\/\"},{\"@type\":\"ListItem\",\"position\":2,\"name\":\"Les VIII Jornades Ambientals d\u2019Esplac abordaran l\u2019emerg\u00e8ncia clim\u00e0tica des de la perspectiva del jovent\"}]},{\"@type\":\"WebSite\",\"@id\":\"https:\\\/\\\/www.esplac.cat\\\/#website\",\"url\":\"https:\\\/\\\/www.esplac.cat\\\/\",\"name\":\"Esplac\",\"description\":\"Esplais Catalans\",\"publisher\":{\"@id\":\"https:\\\/\\\/www.esplac.cat\\\/#organization\"},\"potentialAction\":[{\"@type\":\"SearchAction\",\"target\":{\"@type\":\"EntryPoint\",\"urlTemplate\":\"https:\\\/\\\/www.esplac.cat\\\/?s={search_term_string}\"},\"query-input\":{\"@type\":\"PropertyValueSpecification\",\"valueRequired\":true,\"valueName\":\"search_term_string\"}}],\"inLanguage\":\"en-US\"},{\"@type\":\"Organization\",\"@id\":\"https:\\\/\\\/www.esplac.cat\\\/#organization\",\"name\":\"Esplac\",\"url\":\"https:\\\/\\\/www.esplac.cat\\\/\",\"logo\":{\"@type\":\"ImageObject\",\"inLanguage\":\"en-US\",\"@id\":\"https:\\\/\\\/www.esplac.cat\\\/#\\\/schema\\\/logo\\\/image\\\/\",\"url\":\"https:\\\/\\\/www.esplac.cat\\\/wp-content\\\/uploads\\\/2019\\\/08\\\/logox2.png\",\"contentUrl\":\"https:\\\/\\\/www.esplac.cat\\\/wp-content\\\/uploads\\\/2019\\\/08\\\/logox2.png\",\"width\":600,\"height\":295,\"caption\":\"Esplac\"},\"image\":{\"@id\":\"https:\\\/\\\/www.esplac.cat\\\/#\\\/schema\\\/logo\\\/image\\\/\"}},{\"@type\":\"Person\",\"@id\":\"https:\\\/\\\/www.esplac.cat\\\/#\\\/schema\\\/person\\\/908383cf240be18b68f8855d0583faca\",\"name\":\"Comunicaci\u00f3 Esplac\",\"image\":{\"@type\":\"ImageObject\",\"inLanguage\":\"en-US\",\"@id\":\"https:\\\/\\\/secure.gravatar.com\\\/avatar\\\/7a4cf8feb412a76ea4a740ca02d95b06b2907b5a6c648c2dd0a1082a093c3141?s=96&d=mm&r=g\",\"url\":\"https:\\\/\\\/secure.gravatar.com\\\/avatar\\\/7a4cf8feb412a76ea4a740ca02d95b06b2907b5a6c648c2dd0a1082a093c3141?s=96&d=mm&r=g\",\"contentUrl\":\"https:\\\/\\\/secure.gravatar.com\\\/avatar\\\/7a4cf8feb412a76ea4a740ca02d95b06b2907b5a6c648c2dd0a1082a093c3141?s=96&d=mm&r=g\",\"caption\":\"Comunicaci\u00f3 Esplac\"}}]}<\/script>\n<!-- \/ Yoast SEO plugin. -->","yoast_head_json":{"title":"VIII Jornades Ambientals d'Esplac: La realitat que no volem veure","description":"Esplais Catalans celebrar\u00e0 diumenge 3 d\u2019octubre les VIII Jornades Ambientals, una trobada per reflexionar sobre l\u2019actual crisi clim\u00e0tica.","robots":{"index":"index","follow":"follow","max-snippet":"max-snippet:-1","max-image-preview":"max-image-preview:large","max-video-preview":"max-video-preview:-1"},"canonical":"https:\/\/www.esplac.cat\/en\/jornades-ambientals-esplac-emergencia-climatica-perspectiva-jovent\/","og_locale":"en_US","og_type":"article","og_title":"VIII Jornades Ambientals d'Esplac: La realitat que no volem veure","og_description":"Esplais Catalans celebrar\u00e0 diumenge 3 d\u2019octubre les VIII Jornades Ambientals, una trobada per reflexionar sobre l\u2019actual crisi clim\u00e0tica.","og_url":"https:\/\/www.esplac.cat\/en\/jornades-ambientals-esplac-emergencia-climatica-perspectiva-jovent\/","og_site_name":"Esplac","article_published_time":"2021-09-30T11:15:00+00:00","article_modified_time":"2021-09-30T11:19:51+00:00","og_image":[{"width":1697,"height":700,"url":"https:\/\/www.esplac.cat\/wp-content\/uploads\/2021\/09\/6.jpg","type":"image\/jpeg"}],"author":"Comunicaci\u00f3 Esplac","twitter_card":"summary_large_image","twitter_misc":{"Written by":"Comunicaci\u00f3 Esplac","Est. reading time":"2 minutes"},"schema":{"@context":"https:\/\/schema.org","@graph":[{"@type":"Article","@id":"https:\/\/www.esplac.cat\/en\/jornades-ambientals-esplac-emergencia-climatica-perspectiva-jovent\/#article","isPartOf":{"@id":"https:\/\/www.esplac.cat\/en\/jornades-ambientals-esplac-emergencia-climatica-perspectiva-jovent\/"},"author":{"name":"Comunicaci\u00f3 Esplac","@id":"https:\/\/www.esplac.cat\/#\/schema\/person\/908383cf240be18b68f8855d0583faca"},"headline":"Les VIII Jornades Ambientals d\u2019Esplac abordaran l\u2019emerg\u00e8ncia clim\u00e0tica des de la perspectiva del jovent","datePublished":"2021-09-30T11:15:00+00:00","dateModified":"2021-09-30T11:19:51+00:00","mainEntityOfPage":{"@id":"https:\/\/www.esplac.cat\/en\/jornades-ambientals-esplac-emergencia-climatica-perspectiva-jovent\/"},"wordCount":410,"publisher":{"@id":"https:\/\/www.esplac.cat\/#organization"},"image":{"@id":"https:\/\/www.esplac.cat\/en\/jornades-ambientals-esplac-emergencia-climatica-perspectiva-jovent\/#primaryimage"},"thumbnailUrl":"https:\/\/www.esplac.cat\/wp-content\/uploads\/2021\/09\/6.jpg","articleSection":["Comissi\u00f3 Reduint Petjada","Jornades ambientals"],"inLanguage":"en-US"},{"@type":"WebPage","@id":"https:\/\/www.esplac.cat\/en\/jornades-ambientals-esplac-emergencia-climatica-perspectiva-jovent\/","url":"https:\/\/www.esplac.cat\/en\/jornades-ambientals-esplac-emergencia-climatica-perspectiva-jovent\/","name":"VIII Jornades Ambientals d'Esplac: La realitat que no volem veure","isPartOf":{"@id":"https:\/\/www.esplac.cat\/#website"},"primaryImageOfPage":{"@id":"https:\/\/www.esplac.cat\/en\/jornades-ambientals-esplac-emergencia-climatica-perspectiva-jovent\/#primaryimage"},"image":{"@id":"https:\/\/www.esplac.cat\/en\/jornades-ambientals-esplac-emergencia-climatica-perspectiva-jovent\/#primaryimage"},"thumbnailUrl":"https:\/\/www.esplac.cat\/wp-content\/uploads\/2021\/09\/6.jpg","datePublished":"2021-09-30T11:15:00+00:00","dateModified":"2021-09-30T11:19:51+00:00","description":"Esplais Catalans celebrar\u00e0 diumenge 3 d\u2019octubre les VIII Jornades Ambientals, una trobada per reflexionar sobre l\u2019actual crisi clim\u00e0tica.","breadcrumb":{"@id":"https:\/\/www.esplac.cat\/en\/jornades-ambientals-esplac-emergencia-climatica-perspectiva-jovent\/#breadcrumb"},"inLanguage":"en-US","potentialAction":[{"@type":"ReadAction","target":["https:\/\/www.esplac.cat\/en\/jornades-ambientals-esplac-emergencia-climatica-perspectiva-jovent\/"]}]},{"@type":"ImageObject","inLanguage":"en-US","@id":"https:\/\/www.esplac.cat\/en\/jornades-ambientals-esplac-emergencia-climatica-perspectiva-jovent\/#primaryimage","url":"https:\/\/www.esplac.cat\/wp-content\/uploads\/2021\/09\/6.jpg","contentUrl":"https:\/\/www.esplac.cat\/wp-content\/uploads\/2021\/09\/6.jpg","width":1697,"height":700},{"@type":"BreadcrumbList","@id":"https:\/\/www.esplac.cat\/en\/jornades-ambientals-esplac-emergencia-climatica-perspectiva-jovent\/#breadcrumb","itemListElement":[{"@type":"ListItem","position":1,"name":"Inici","item":"https:\/\/www.esplac.cat\/en\/"},{"@type":"ListItem","position":2,"name":"Les VIII Jornades Ambientals d\u2019Esplac abordaran l\u2019emerg\u00e8ncia clim\u00e0tica des de la perspectiva del jovent"}]},{"@type":"WebSite","@id":"https:\/\/www.esplac.cat\/#website","url":"https:\/\/www.esplac.cat\/","name":"Esplac","description":"Esplais Catalans","publisher":{"@id":"https:\/\/www.esplac.cat\/#organization"},"potentialAction":[{"@type":"SearchAction","target":{"@type":"EntryPoint","urlTemplate":"https:\/\/www.esplac.cat\/?s={search_term_string}"},"query-input":{"@type":"PropertyValueSpecification","valueRequired":true,"valueName":"search_term_string"}}],"inLanguage":"en-US"},{"@type":"Organization","@id":"https:\/\/www.esplac.cat\/#organization","name":"Esplac","url":"https:\/\/www.esplac.cat\/","logo":{"@type":"ImageObject","inLanguage":"en-US","@id":"https:\/\/www.esplac.cat\/#\/schema\/logo\/image\/","url":"https:\/\/www.esplac.cat\/wp-content\/uploads\/2019\/08\/logox2.png","contentUrl":"https:\/\/www.esplac.cat\/wp-content\/uploads\/2019\/08\/logox2.png","width":600,"height":295,"caption":"Esplac"},"image":{"@id":"https:\/\/www.esplac.cat\/#\/schema\/logo\/image\/"}},{"@type":"Person","@id":"https:\/\/www.esplac.cat\/#\/schema\/person\/908383cf240be18b68f8855d0583faca","name":"Comunicaci\u00f3 Esplac","image":{"@type":"ImageObject","inLanguage":"en-US","@id":"https:\/\/secure.gravatar.com\/avatar\/7a4cf8feb412a76ea4a740ca02d95b06b2907b5a6c648c2dd0a1082a093c3141?s=96&d=mm&r=g","url":"https:\/\/secure.gravatar.com\/avatar\/7a4cf8feb412a76ea4a740ca02d95b06b2907b5a6c648c2dd0a1082a093c3141?s=96&d=mm&r=g","contentUrl":"https:\/\/secure.gravatar.com\/avatar\/7a4cf8feb412a76ea4a740ca02d95b06b2907b5a6c648c2dd0a1082a093c3141?s=96&d=mm&r=g","caption":"Comunicaci\u00f3 Esplac"}}]}},"_links":{"self":[{"href":"https:\/\/www.esplac.cat\/en\/wp-json\/wp\/v2\/posts\/37256","targetHints":{"allow":["GET"]}}],"collection":[{"href":"https:\/\/www.esplac.cat\/en\/wp-json\/wp\/v2\/posts"}],"about":[{"href":"https:\/\/www.esplac.cat\/en\/wp-json\/wp\/v2\/types\/post"}],"author":[{"embeddable":true,"href":"https:\/\/www.esplac.cat\/en\/wp-json\/wp\/v2\/users\/3"}],"replies":[{"embeddable":true,"href":"https:\/\/www.esplac.cat\/en\/wp-json\/wp\/v2\/comments?post=37256"}],"version-history":[{"count":0,"href":"https:\/\/www.esplac.cat\/en\/wp-json\/wp\/v2\/posts\/37256\/revisions"}],"wp:featuredmedia":[{"embeddable":true,"href":"https:\/\/www.esplac.cat\/en\/wp-json\/wp\/v2\/media\/37260"}],"wp:attachment":[{"href":"https:\/\/www.esplac.cat\/en\/wp-json\/wp\/v2\/media?parent=37256"}],"wp:term":[{"taxonomy":"category","embeddable":true,"href":"https:\/\/www.esplac.cat\/en\/wp-json\/wp\/v2\/categories?post=37256"},{"taxonomy":"post_tag","embeddable":true,"href":"https:\/\/www.esplac.cat\/en\/wp-json\/wp\/v2\/tags?post=37256"}],"curies":[{"name":"wp","href":"https:\/\/api.w.org\/{rel}","templated":true}]}}