{"id":37340,"date":"2021-10-05T10:48:26","date_gmt":"2021-10-05T08:48:26","guid":{"rendered":"https:\/\/www.esplac.cat\/?p=37340"},"modified":"2021-10-05T11:22:59","modified_gmt":"2021-10-05T09:22:59","slug":"exit-consolidat-cim-sector-barcelona","status":"publish","type":"post","link":"https:\/\/www.esplac.cat\/en\/exit-consolidat-cim-sector-barcelona\/","title":{"rendered":"L&#8217;\u00e8xit consolidat del CIM al Sector Barcelona"},"content":{"rendered":"<h6><strong>Aquest cap de setmana de l\u20191, 2, 3 d\u2019octubre, algunes participants del Sector Barcelona han marxat a Caldes de Montbui per comen\u00e7ar el curs amb el CIM. Hi han participat 7 esplais i 40 joves i premonis.<\/strong><\/h6>\n<p>El CIM (Curs d\u2019Iniciaci\u00f3 al Monitoratge) al <span style=\"color: #ff9900;\"><a style=\"color: #ff9900;\" href=\"https:\/\/www.esplac.cat\/sectors-geografics\/barcelona\/\" target=\"_blank\" rel=\"noopener noreferrer\">Sector Barcelona<\/a><\/span> \u00e9s una activitat consolidada des de fa temps. De forma autogestionada, les monitores i monitors preparen diverses formacions per tal que el grups de joves i premonis dels diferents esplais participants <strong>puguin comen\u00e7ar la seva etapa de formaci\u00f3 com a monitores i monitors<\/strong>. Durant el CIM, es treballen conceptes b\u00e0sics i necessaris per a la futura entrada a l\u2019equip de monitores de l\u2019esplai.<\/p>\n<p>Enguany <strong>7 esplais del sector<\/strong> han participat al CIM: l\u2019Esplai SCV El Clot, l\u2019Esplai Kasperle, l\u2019Esplai GMM, l\u2019Esplai Foc Nou, l\u2019Esplai Espurna, l\u2019Esplai Turons i l\u2019Esplai La Lluna. D\u2019aquests diferents esplais, <strong>15 persones s&#8217;han encarregat de les formacions<\/strong> i <strong>40 joves i premonis<\/strong> les rebien.<\/p>\n<p>Aquest any s\u2019ha apostat per realitzar el CIM en un terreny d\u2019acampada enlloc d\u2019una casa de col\u00f2nies, al Pasqualet, a caldes de Montbui. \u00c9s un terreny adaptat amb cuina, instal\u00b7laci\u00f3 el\u00e8ctrica i aixopluc, fet que ha facilitat la realitzaci\u00f3 de l\u2019activitat.<\/p>\n<p>Durant el cap de setmana s\u2019han realitzat tres formacions i diversos espais de coneixen\u00e7a i cohesi\u00f3. Les tres formacions que s\u2019han fet han estat \u201c<strong>Pedagogia<\/strong>\u201d, on s\u2019ha parlat de temes que generen debat a nivell pedag\u00f2gic com el c\u00e0stig o l\u2019\u00fas de xarxes socials; \u201c<strong>Qu\u00e8 \u00e9s l\u2019esplai?<\/strong>\u201d, on s\u2019ha explicat la hist\u00f2ria dels esplais i d\u2019Esplac; i \u201c<strong>Organitzaci\u00f3<\/strong>\u201d, on s\u2019ha treballat l\u2019assemblearisme i l\u2019organitzaci\u00f3 interna. Per acabar de tenir un cap de setmana rod\u00f3, el diumenge s\u2019ha fet un dinar conjunt de tancament.<\/p>\n<p>El curs passat el CIM es va fer en format adaptat a Barcelona a causa de les restriccions derivades del coronavirus. Tot i que la valoraci\u00f3 va ser molt positiva, el Sector est\u00e0 molt content d\u2019haver pogut reprendre aquesta activitat tal i com es feia abans de la pand\u00e8mia: podent marxar el cap de setmana, desconnectant de la ciutat i coneixent les monitores dels diferents esplais del sector per aprendre conjuntament!<\/p>\n<p><a href=\"https:\/\/www.esplac.cat\/wp-content\/uploads\/2021\/10\/CIM_2021.jpg\"><img decoding=\"async\" class=\"aligncenter wp-image-37349\" src=\"https:\/\/www.esplac.cat\/wp-content\/uploads\/2021\/10\/CIM_2021.jpg\" alt=\"\" width=\"663\" height=\"441\" srcset=\"https:\/\/www.esplac.cat\/wp-content\/uploads\/2021\/10\/CIM_2021-200x133.jpg 200w, https:\/\/www.esplac.cat\/wp-content\/uploads\/2021\/10\/CIM_2021-300x199.jpg 300w, https:\/\/www.esplac.cat\/wp-content\/uploads\/2021\/10\/CIM_2021-400x266.jpg 400w, https:\/\/www.esplac.cat\/wp-content\/uploads\/2021\/10\/CIM_2021-600x398.jpg 600w, https:\/\/www.esplac.cat\/wp-content\/uploads\/2021\/10\/CIM_2021-768x510.jpg 768w, https:\/\/www.esplac.cat\/wp-content\/uploads\/2021\/10\/CIM_2021-800x531.jpg 800w, https:\/\/www.esplac.cat\/wp-content\/uploads\/2021\/10\/CIM_2021-1024x680.jpg 1024w, https:\/\/www.esplac.cat\/wp-content\/uploads\/2021\/10\/CIM_2021-1200x797.jpg 1200w, https:\/\/www.esplac.cat\/wp-content\/uploads\/2021\/10\/CIM_2021-1536x1020.jpg 1536w, https:\/\/www.esplac.cat\/wp-content\/uploads\/2021\/10\/CIM_2021.jpg 2048w\" sizes=\"(max-width: 663px) 100vw, 663px\" \/><\/a><a href=\"https:\/\/www.esplac.cat\/wp-content\/uploads\/2021\/10\/CIM_formadores.jpg\"><img decoding=\"async\" class=\"aligncenter wp-image-37346\" src=\"https:\/\/www.esplac.cat\/wp-content\/uploads\/2021\/10\/CIM_formadores.jpg\" alt=\"\" width=\"613\" height=\"460\" srcset=\"https:\/\/www.esplac.cat\/wp-content\/uploads\/2021\/10\/CIM_formadores-200x150.jpg 200w, https:\/\/www.esplac.cat\/wp-content\/uploads\/2021\/10\/CIM_formadores-300x225.jpg 300w, https:\/\/www.esplac.cat\/wp-content\/uploads\/2021\/10\/CIM_formadores-400x300.jpg 400w, https:\/\/www.esplac.cat\/wp-content\/uploads\/2021\/10\/CIM_formadores-600x450.jpg 600w, https:\/\/www.esplac.cat\/wp-content\/uploads\/2021\/10\/CIM_formadores-768x576.jpg 768w, https:\/\/www.esplac.cat\/wp-content\/uploads\/2021\/10\/CIM_formadores-800x600.jpg 800w, https:\/\/www.esplac.cat\/wp-content\/uploads\/2021\/10\/CIM_formadores-1024x768.jpg 1024w, https:\/\/www.esplac.cat\/wp-content\/uploads\/2021\/10\/CIM_formadores-1200x900.jpg 1200w, https:\/\/www.esplac.cat\/wp-content\/uploads\/2021\/10\/CIM_formadores-1536x1152.jpg 1536w, https:\/\/www.esplac.cat\/wp-content\/uploads\/2021\/10\/CIM_formadores.jpg 2048w\" sizes=\"(max-width: 613px) 100vw, 613px\" \/><\/a><\/p>\n","protected":false},"excerpt":{"rendered":"<p>Aquest cap de setmana de l\u20191, 2, 3 d\u2019octubre, algunes [&hellip;]<\/p>\n","protected":false},"author":3,"featured_media":37341,"comment_status":"closed","ping_status":"closed","sticky":false,"template":"","format":"standard","meta":{"om_disable_all_campaigns":false,"_monsterinsights_skip_tracking":false,"_monsterinsights_sitenote_active":false,"_monsterinsights_sitenote_note":"","_monsterinsights_sitenote_category":0,"_uf_show_specific_survey":0,"_uf_disable_surveys":false,"footnotes":""},"categories":[1128],"tags":[],"class_list":["post-37340","post","type-post","status-publish","format-standard","has-post-thumbnail","hentry","category-sector-barcelona"],"yoast_head":"<!-- This site is optimized with the Yoast SEO plugin v27.5 - https:\/\/yoast.com\/product\/yoast-seo-wordpress\/ -->\n<title>L&#039;\u00e8xit consolidat del CIM al Sector Barcelona - Esplac<\/title>\n<meta name=\"robots\" content=\"index, follow, max-snippet:-1, max-image-preview:large, max-video-preview:-1\" \/>\n<link rel=\"canonical\" href=\"https:\/\/www.esplac.cat\/en\/exit-consolidat-cim-sector-barcelona\/\" \/>\n<meta property=\"og:locale\" content=\"en_US\" \/>\n<meta property=\"og:type\" content=\"article\" \/>\n<meta property=\"og:title\" content=\"L&#039;\u00e8xit consolidat del CIM al Sector Barcelona - Esplac\" \/>\n<meta property=\"og:description\" content=\"Aquest cap de setmana de l\u20191, 2, 3 d\u2019octubre, algunes [&hellip;]\" \/>\n<meta property=\"og:url\" content=\"https:\/\/www.esplac.cat\/en\/exit-consolidat-cim-sector-barcelona\/\" \/>\n<meta property=\"og:site_name\" content=\"Esplac\" \/>\n<meta property=\"article:published_time\" content=\"2021-10-05T08:48:26+00:00\" \/>\n<meta property=\"article:modified_time\" content=\"2021-10-05T09:22:59+00:00\" \/>\n<meta property=\"og:image\" content=\"https:\/\/www.esplac.cat\/wp-content\/uploads\/2021\/10\/Portades-Web-5.jpg\" \/>\n\t<meta property=\"og:image:width\" content=\"1697\" \/>\n\t<meta property=\"og:image:height\" content=\"700\" \/>\n\t<meta property=\"og:image:type\" content=\"image\/jpeg\" \/>\n<meta name=\"author\" content=\"Comunicaci\u00f3 Esplac\" \/>\n<meta name=\"twitter:card\" content=\"summary_large_image\" \/>\n<meta name=\"twitter:label1\" content=\"Written by\" \/>\n\t<meta name=\"twitter:data1\" content=\"Comunicaci\u00f3 Esplac\" \/>\n\t<meta name=\"twitter:label2\" content=\"Est. reading time\" \/>\n\t<meta name=\"twitter:data2\" content=\"2 minutes\" \/>\n<script type=\"application\/ld+json\" class=\"yoast-schema-graph\">{\"@context\":\"https:\\\/\\\/schema.org\",\"@graph\":[{\"@type\":\"Article\",\"@id\":\"https:\\\/\\\/www.esplac.cat\\\/en\\\/exit-consolidat-cim-sector-barcelona\\\/#article\",\"isPartOf\":{\"@id\":\"https:\\\/\\\/www.esplac.cat\\\/en\\\/exit-consolidat-cim-sector-barcelona\\\/\"},\"author\":{\"name\":\"Comunicaci\u00f3 Esplac\",\"@id\":\"https:\\\/\\\/www.esplac.cat\\\/#\\\/schema\\\/person\\\/908383cf240be18b68f8855d0583faca\"},\"headline\":\"L&#8217;\u00e8xit consolidat del CIM al Sector Barcelona\",\"datePublished\":\"2021-10-05T08:48:26+00:00\",\"dateModified\":\"2021-10-05T09:22:59+00:00\",\"mainEntityOfPage\":{\"@id\":\"https:\\\/\\\/www.esplac.cat\\\/en\\\/exit-consolidat-cim-sector-barcelona\\\/\"},\"wordCount\":390,\"publisher\":{\"@id\":\"https:\\\/\\\/www.esplac.cat\\\/#organization\"},\"image\":{\"@id\":\"https:\\\/\\\/www.esplac.cat\\\/en\\\/exit-consolidat-cim-sector-barcelona\\\/#primaryimage\"},\"thumbnailUrl\":\"https:\\\/\\\/www.esplac.cat\\\/wp-content\\\/uploads\\\/2021\\\/10\\\/Portades-Web-5.jpg\",\"articleSection\":[\"Sector Barcelona\"],\"inLanguage\":\"en-US\"},{\"@type\":\"WebPage\",\"@id\":\"https:\\\/\\\/www.esplac.cat\\\/en\\\/exit-consolidat-cim-sector-barcelona\\\/\",\"url\":\"https:\\\/\\\/www.esplac.cat\\\/en\\\/exit-consolidat-cim-sector-barcelona\\\/\",\"name\":\"L'\u00e8xit consolidat del CIM al Sector Barcelona - Esplac\",\"isPartOf\":{\"@id\":\"https:\\\/\\\/www.esplac.cat\\\/#website\"},\"primaryImageOfPage\":{\"@id\":\"https:\\\/\\\/www.esplac.cat\\\/en\\\/exit-consolidat-cim-sector-barcelona\\\/#primaryimage\"},\"image\":{\"@id\":\"https:\\\/\\\/www.esplac.cat\\\/en\\\/exit-consolidat-cim-sector-barcelona\\\/#primaryimage\"},\"thumbnailUrl\":\"https:\\\/\\\/www.esplac.cat\\\/wp-content\\\/uploads\\\/2021\\\/10\\\/Portades-Web-5.jpg\",\"datePublished\":\"2021-10-05T08:48:26+00:00\",\"dateModified\":\"2021-10-05T09:22:59+00:00\",\"breadcrumb\":{\"@id\":\"https:\\\/\\\/www.esplac.cat\\\/en\\\/exit-consolidat-cim-sector-barcelona\\\/#breadcrumb\"},\"inLanguage\":\"en-US\",\"potentialAction\":[{\"@type\":\"ReadAction\",\"target\":[\"https:\\\/\\\/www.esplac.cat\\\/en\\\/exit-consolidat-cim-sector-barcelona\\\/\"]}]},{\"@type\":\"ImageObject\",\"inLanguage\":\"en-US\",\"@id\":\"https:\\\/\\\/www.esplac.cat\\\/en\\\/exit-consolidat-cim-sector-barcelona\\\/#primaryimage\",\"url\":\"https:\\\/\\\/www.esplac.cat\\\/wp-content\\\/uploads\\\/2021\\\/10\\\/Portades-Web-5.jpg\",\"contentUrl\":\"https:\\\/\\\/www.esplac.cat\\\/wp-content\\\/uploads\\\/2021\\\/10\\\/Portades-Web-5.jpg\",\"width\":1697,\"height\":700},{\"@type\":\"BreadcrumbList\",\"@id\":\"https:\\\/\\\/www.esplac.cat\\\/en\\\/exit-consolidat-cim-sector-barcelona\\\/#breadcrumb\",\"itemListElement\":[{\"@type\":\"ListItem\",\"position\":1,\"name\":\"Inici\",\"item\":\"https:\\\/\\\/www.esplac.cat\\\/en\\\/\"},{\"@type\":\"ListItem\",\"position\":2,\"name\":\"L&#8217;\u00e8xit consolidat del CIM al Sector Barcelona\"}]},{\"@type\":\"WebSite\",\"@id\":\"https:\\\/\\\/www.esplac.cat\\\/#website\",\"url\":\"https:\\\/\\\/www.esplac.cat\\\/\",\"name\":\"Esplac\",\"description\":\"Esplais Catalans\",\"publisher\":{\"@id\":\"https:\\\/\\\/www.esplac.cat\\\/#organization\"},\"potentialAction\":[{\"@type\":\"SearchAction\",\"target\":{\"@type\":\"EntryPoint\",\"urlTemplate\":\"https:\\\/\\\/www.esplac.cat\\\/?s={search_term_string}\"},\"query-input\":{\"@type\":\"PropertyValueSpecification\",\"valueRequired\":true,\"valueName\":\"search_term_string\"}}],\"inLanguage\":\"en-US\"},{\"@type\":\"Organization\",\"@id\":\"https:\\\/\\\/www.esplac.cat\\\/#organization\",\"name\":\"Esplac\",\"url\":\"https:\\\/\\\/www.esplac.cat\\\/\",\"logo\":{\"@type\":\"ImageObject\",\"inLanguage\":\"en-US\",\"@id\":\"https:\\\/\\\/www.esplac.cat\\\/#\\\/schema\\\/logo\\\/image\\\/\",\"url\":\"https:\\\/\\\/www.esplac.cat\\\/wp-content\\\/uploads\\\/2019\\\/08\\\/logox2.png\",\"contentUrl\":\"https:\\\/\\\/www.esplac.cat\\\/wp-content\\\/uploads\\\/2019\\\/08\\\/logox2.png\",\"width\":600,\"height\":295,\"caption\":\"Esplac\"},\"image\":{\"@id\":\"https:\\\/\\\/www.esplac.cat\\\/#\\\/schema\\\/logo\\\/image\\\/\"}},{\"@type\":\"Person\",\"@id\":\"https:\\\/\\\/www.esplac.cat\\\/#\\\/schema\\\/person\\\/908383cf240be18b68f8855d0583faca\",\"name\":\"Comunicaci\u00f3 Esplac\",\"image\":{\"@type\":\"ImageObject\",\"inLanguage\":\"en-US\",\"@id\":\"https:\\\/\\\/secure.gravatar.com\\\/avatar\\\/7a4cf8feb412a76ea4a740ca02d95b06b2907b5a6c648c2dd0a1082a093c3141?s=96&d=mm&r=g\",\"url\":\"https:\\\/\\\/secure.gravatar.com\\\/avatar\\\/7a4cf8feb412a76ea4a740ca02d95b06b2907b5a6c648c2dd0a1082a093c3141?s=96&d=mm&r=g\",\"contentUrl\":\"https:\\\/\\\/secure.gravatar.com\\\/avatar\\\/7a4cf8feb412a76ea4a740ca02d95b06b2907b5a6c648c2dd0a1082a093c3141?s=96&d=mm&r=g\",\"caption\":\"Comunicaci\u00f3 Esplac\"}}]}<\/script>\n<!-- \/ Yoast SEO plugin. -->","yoast_head_json":{"title":"L'\u00e8xit consolidat del CIM al Sector Barcelona - Esplac","robots":{"index":"index","follow":"follow","max-snippet":"max-snippet:-1","max-image-preview":"max-image-preview:large","max-video-preview":"max-video-preview:-1"},"canonical":"https:\/\/www.esplac.cat\/en\/exit-consolidat-cim-sector-barcelona\/","og_locale":"en_US","og_type":"article","og_title":"L'\u00e8xit consolidat del CIM al Sector Barcelona - Esplac","og_description":"Aquest cap de setmana de l\u20191, 2, 3 d\u2019octubre, algunes [&hellip;]","og_url":"https:\/\/www.esplac.cat\/en\/exit-consolidat-cim-sector-barcelona\/","og_site_name":"Esplac","article_published_time":"2021-10-05T08:48:26+00:00","article_modified_time":"2021-10-05T09:22:59+00:00","og_image":[{"width":1697,"height":700,"url":"https:\/\/www.esplac.cat\/wp-content\/uploads\/2021\/10\/Portades-Web-5.jpg","type":"image\/jpeg"}],"author":"Comunicaci\u00f3 Esplac","twitter_card":"summary_large_image","twitter_misc":{"Written by":"Comunicaci\u00f3 Esplac","Est. reading time":"2 minutes"},"schema":{"@context":"https:\/\/schema.org","@graph":[{"@type":"Article","@id":"https:\/\/www.esplac.cat\/en\/exit-consolidat-cim-sector-barcelona\/#article","isPartOf":{"@id":"https:\/\/www.esplac.cat\/en\/exit-consolidat-cim-sector-barcelona\/"},"author":{"name":"Comunicaci\u00f3 Esplac","@id":"https:\/\/www.esplac.cat\/#\/schema\/person\/908383cf240be18b68f8855d0583faca"},"headline":"L&#8217;\u00e8xit consolidat del CIM al Sector Barcelona","datePublished":"2021-10-05T08:48:26+00:00","dateModified":"2021-10-05T09:22:59+00:00","mainEntityOfPage":{"@id":"https:\/\/www.esplac.cat\/en\/exit-consolidat-cim-sector-barcelona\/"},"wordCount":390,"publisher":{"@id":"https:\/\/www.esplac.cat\/#organization"},"image":{"@id":"https:\/\/www.esplac.cat\/en\/exit-consolidat-cim-sector-barcelona\/#primaryimage"},"thumbnailUrl":"https:\/\/www.esplac.cat\/wp-content\/uploads\/2021\/10\/Portades-Web-5.jpg","articleSection":["Sector Barcelona"],"inLanguage":"en-US"},{"@type":"WebPage","@id":"https:\/\/www.esplac.cat\/en\/exit-consolidat-cim-sector-barcelona\/","url":"https:\/\/www.esplac.cat\/en\/exit-consolidat-cim-sector-barcelona\/","name":"L'\u00e8xit consolidat del CIM al Sector Barcelona - Esplac","isPartOf":{"@id":"https:\/\/www.esplac.cat\/#website"},"primaryImageOfPage":{"@id":"https:\/\/www.esplac.cat\/en\/exit-consolidat-cim-sector-barcelona\/#primaryimage"},"image":{"@id":"https:\/\/www.esplac.cat\/en\/exit-consolidat-cim-sector-barcelona\/#primaryimage"},"thumbnailUrl":"https:\/\/www.esplac.cat\/wp-content\/uploads\/2021\/10\/Portades-Web-5.jpg","datePublished":"2021-10-05T08:48:26+00:00","dateModified":"2021-10-05T09:22:59+00:00","breadcrumb":{"@id":"https:\/\/www.esplac.cat\/en\/exit-consolidat-cim-sector-barcelona\/#breadcrumb"},"inLanguage":"en-US","potentialAction":[{"@type":"ReadAction","target":["https:\/\/www.esplac.cat\/en\/exit-consolidat-cim-sector-barcelona\/"]}]},{"@type":"ImageObject","inLanguage":"en-US","@id":"https:\/\/www.esplac.cat\/en\/exit-consolidat-cim-sector-barcelona\/#primaryimage","url":"https:\/\/www.esplac.cat\/wp-content\/uploads\/2021\/10\/Portades-Web-5.jpg","contentUrl":"https:\/\/www.esplac.cat\/wp-content\/uploads\/2021\/10\/Portades-Web-5.jpg","width":1697,"height":700},{"@type":"BreadcrumbList","@id":"https:\/\/www.esplac.cat\/en\/exit-consolidat-cim-sector-barcelona\/#breadcrumb","itemListElement":[{"@type":"ListItem","position":1,"name":"Inici","item":"https:\/\/www.esplac.cat\/en\/"},{"@type":"ListItem","position":2,"name":"L&#8217;\u00e8xit consolidat del CIM al Sector Barcelona"}]},{"@type":"WebSite","@id":"https:\/\/www.esplac.cat\/#website","url":"https:\/\/www.esplac.cat\/","name":"Esplac","description":"Esplais Catalans","publisher":{"@id":"https:\/\/www.esplac.cat\/#organization"},"potentialAction":[{"@type":"SearchAction","target":{"@type":"EntryPoint","urlTemplate":"https:\/\/www.esplac.cat\/?s={search_term_string}"},"query-input":{"@type":"PropertyValueSpecification","valueRequired":true,"valueName":"search_term_string"}}],"inLanguage":"en-US"},{"@type":"Organization","@id":"https:\/\/www.esplac.cat\/#organization","name":"Esplac","url":"https:\/\/www.esplac.cat\/","logo":{"@type":"ImageObject","inLanguage":"en-US","@id":"https:\/\/www.esplac.cat\/#\/schema\/logo\/image\/","url":"https:\/\/www.esplac.cat\/wp-content\/uploads\/2019\/08\/logox2.png","contentUrl":"https:\/\/www.esplac.cat\/wp-content\/uploads\/2019\/08\/logox2.png","width":600,"height":295,"caption":"Esplac"},"image":{"@id":"https:\/\/www.esplac.cat\/#\/schema\/logo\/image\/"}},{"@type":"Person","@id":"https:\/\/www.esplac.cat\/#\/schema\/person\/908383cf240be18b68f8855d0583faca","name":"Comunicaci\u00f3 Esplac","image":{"@type":"ImageObject","inLanguage":"en-US","@id":"https:\/\/secure.gravatar.com\/avatar\/7a4cf8feb412a76ea4a740ca02d95b06b2907b5a6c648c2dd0a1082a093c3141?s=96&d=mm&r=g","url":"https:\/\/secure.gravatar.com\/avatar\/7a4cf8feb412a76ea4a740ca02d95b06b2907b5a6c648c2dd0a1082a093c3141?s=96&d=mm&r=g","contentUrl":"https:\/\/secure.gravatar.com\/avatar\/7a4cf8feb412a76ea4a740ca02d95b06b2907b5a6c648c2dd0a1082a093c3141?s=96&d=mm&r=g","caption":"Comunicaci\u00f3 Esplac"}}]}},"_links":{"self":[{"href":"https:\/\/www.esplac.cat\/en\/wp-json\/wp\/v2\/posts\/37340","targetHints":{"allow":["GET"]}}],"collection":[{"href":"https:\/\/www.esplac.cat\/en\/wp-json\/wp\/v2\/posts"}],"about":[{"href":"https:\/\/www.esplac.cat\/en\/wp-json\/wp\/v2\/types\/post"}],"author":[{"embeddable":true,"href":"https:\/\/www.esplac.cat\/en\/wp-json\/wp\/v2\/users\/3"}],"replies":[{"embeddable":true,"href":"https:\/\/www.esplac.cat\/en\/wp-json\/wp\/v2\/comments?post=37340"}],"version-history":[{"count":0,"href":"https:\/\/www.esplac.cat\/en\/wp-json\/wp\/v2\/posts\/37340\/revisions"}],"wp:featuredmedia":[{"embeddable":true,"href":"https:\/\/www.esplac.cat\/en\/wp-json\/wp\/v2\/media\/37341"}],"wp:attachment":[{"href":"https:\/\/www.esplac.cat\/en\/wp-json\/wp\/v2\/media?parent=37340"}],"wp:term":[{"taxonomy":"category","embeddable":true,"href":"https:\/\/www.esplac.cat\/en\/wp-json\/wp\/v2\/categories?post=37340"},{"taxonomy":"post_tag","embeddable":true,"href":"https:\/\/www.esplac.cat\/en\/wp-json\/wp\/v2\/tags?post=37340"}],"curies":[{"name":"wp","href":"https:\/\/api.w.org\/{rel}","templated":true}]}}