{"id":37358,"date":"2021-10-05T13:54:37","date_gmt":"2021-10-05T11:54:37","guid":{"rendered":"https:\/\/www.esplac.cat\/?p=37358"},"modified":"2021-10-05T14:04:59","modified_gmt":"2021-10-05T12:04:59","slug":"que-hem-extret-jornades-ambientals","status":"publish","type":"post","link":"https:\/\/www.esplac.cat\/en\/que-hem-extret-jornades-ambientals\/","title":{"rendered":"\u201cEns costa entendre les causes estructurals que hi ha al darrere de la crisi clim\u00e0tica\u201d. Qu\u00e8 hem extret de les VIII Jornades Ambientals?"},"content":{"rendered":"<h6><strong>Les VIII Jornades Ambientals han abordat la crisi clim\u00e0tica des d\u2019una perspectiva de just\u00edcia global i cr\u00edtica al capitalisme verd.<\/strong><\/h6>\n<p><span style=\"font-weight: 400;\">La vuitena edici\u00f3 de les Jornades Ambientals d\u2019Esplais Catalans s\u2019ha celebrat el passat <\/span><b>diumenge 3 d\u2019octubre de 2021, <\/b><span style=\"font-weight: 400;\">de 10 h a 17 h, a l\u2019espai municipal Torre Jussana. Les monitores i monitors dels esplais d\u2019Esplac han pogut abordar el tema de l\u2019emerg\u00e8ncia clim\u00e0tica amb l\u2019objectiu de reflexionar sobre les maneres de treballar-ho amb els infants i joves.<\/span><\/p>\n<p><span style=\"font-weight: 400;\">Les VIII Jornades Ambientals han estat organitzades per la Comissi\u00f3 Reduint Petjada d\u2019Esplac, formada per monitores i monitors dels esplais de l\u2019associaci\u00f3, aix\u00ed com dirigents de la mateixa, i han comptat amb la participaci\u00f3 d\u2019una vintena de monitores i monitors. Les persones participants han pogut gaudir d\u2019unes sessions formatives a c\u00e0rrec de l\u2019investigador <strong>Alfons P\u00e9rez <\/strong>(de l\u2019Observatori del Deute en la Globalitzaci\u00f3, ODG), l\u2019activista clim\u00e0tica <strong>Maria Serra<\/strong> i l\u2019<strong>Alba Guerrero <\/strong>(membre de l\u2019Assemblea Pel Clima de Sant Cugat del Vall\u00e8s).<\/span><\/p>\n<p><b>Pon\u00e8ncia, Taula rodona i debat.<\/b><\/p>\n<p><span style=\"font-weight: 400;\">En la pon\u00e8ncia inicial, a c\u00e0rrec de l\u2019Alfons P\u00e9rez, es va tractar de contextualitzar la situaci\u00f3 de<strong> crisi clim\u00e0tica des d\u2019una perspectiva hist\u00f2rica<\/strong>, a partir de les diferents pol\u00edtiques internacionals en mat\u00e8ria clim\u00e0tica, passant pels diferents acords de les convencions de la ONU, per aportar una <strong>mirada de futur, cr\u00edtica amb la digitalitzaci\u00f3 i el capitalisme verd<\/strong>.<\/span><\/p>\n<p><span style=\"font-weight: 400;\">La taula rodona, en qu\u00e8 hi van participar les joves activistes Maria Serra i Alba Guerrero, va servir per donar a con\u00e8ixer la feina que fan per <strong>combatre l\u2019emerg\u00e8ncia clim\u00e0tica<\/strong> i per <strong>aportar idees sobre com les persones joves poden apoderar-se d\u2019aquesta lluita.<\/strong>\u00a0<\/span><\/p>\n<p><span style=\"font-weight: 400;\">Finalment, les persones que van participar de les Jornades Ambientals van poder debatre en petits grups sobre com aterrar totes les idees que van sorgir en els diferents espais formatius a la realitat dels seus esplais. En aquest espai de debat van sorgir idees i reflexions com:<\/span><\/p>\n<ul>\n<li><span style=\"font-weight: 400;\">L\u2019emerg\u00e8ncia clim\u00e0tica \u00e9s un concepte molt ampli, multifactorial i poc tangible. No ens afecta directament de forma expl\u00edcita en el nostre dia a dia, o b\u00e9 les manifestacions del canvi clim\u00e0tic les normalitzem, com l\u2019auge dels fen\u00f2mens meteorol\u00f2gics extrems (com els temporals, els incendis o les onades de calor).<\/span><\/li>\n<li><span style=\"font-weight: 400;\">Tendim a relacionar l\u2019ecologisme amb el medi ambient i la naturalesa (que sens dubte t\u00e9 un fort lligam), per\u00f2 ens costa entendre les causes estructurals que hi ha al darrere de la crisi clim\u00e0tica, estem parlant del sistema econ\u00f2mic i financer, de la globalitzaci\u00f3, de les pol\u00edtiques internacionals\u2026<\/span><\/li>\n<li><span style=\"font-weight: 400;\">Les accions individuals (com passar-se a una dieta vegetariana\/vegana) han d\u2019anar acompanyades per accions des del col\u00b7lectiu, s\u00f3n lluites complement\u00e0ries.<\/span><\/li>\n<li><span style=\"font-weight: 400;\">Hem de ser conscients de la responsabilitat que tenim els pa\u00efsos del nord global amb la crisi clim\u00e0tica, el model de vida de les societats occidentals \u00e9s insostenible i necessita de l\u2019expoli de les mat\u00e8ries primes dels pa\u00efsos del sud global.\u00a0<\/span><\/li>\n<\/ul>\n<p><span style=\"font-weight: 400;\">A partir de tota la informaci\u00f3 i continguts que s\u2019han treballat en aquestes jornades formatives, des de la <span style=\"color: #ff9900;\"><a style=\"color: #ff9900;\" href=\"https:\/\/www.esplac.cat\/comissions\/reduint-petjada\/\" target=\"_blank\" rel=\"noopener noreferrer\">Comissi\u00f3 Reduint Petjada<\/a><\/span> <strong>s\u2019elaborar\u00e0 una infografia on quedar\u00e0 recollida la informaci\u00f3 m\u00e9s rellevant de les Jornades.<\/strong><\/span><\/p>\n<p>&nbsp;<\/p>\n\n\t\t<style type=\"text\/css\">\n\t\t\t#gallery-1 {\n\t\t\t\tmargin: auto;\n\t\t\t}\n\t\t\t#gallery-1 .gallery-item {\n\t\t\t\tfloat: left;\n\t\t\t\tmargin-top: 10px;\n\t\t\t\ttext-align: center;\n\t\t\t\twidth: 50%;\n\t\t\t}\n\t\t\t#gallery-1 img {\n\t\t\t\tborder: 2px solid #cfcfcf;\n\t\t\t}\n\t\t\t#gallery-1 .gallery-caption {\n\t\t\t\tmargin-left: 0;\n\t\t\t}\n\t\t\t\/* see gallery_shortcode() in wp-includes\/media.php *\/\n\t\t<\/style>\n\t\t<div id='gallery-1' class='gallery galleryid-37358 gallery-columns-2 gallery-size-large'><dl class='gallery-item'>\n\t\t\t<dt class='gallery-icon landscape'>\n\t\t\t\t<a data-rel=\"iLightbox[postimages]\" data-title=\"WhatsApp Image 2021-10-05 at 12.09.59\" data-caption=\"\" href='https:\/\/www.esplac.cat\/en\/whatsapp-image-2021-10-05-at-12-09-59-2\/'><img decoding=\"async\" width=\"1024\" height=\"768\" src=\"https:\/\/www.esplac.cat\/wp-content\/uploads\/2021\/10\/WhatsApp-Image-2021-10-05-at-12.09.59-1024x768.jpeg\" class=\"attachment-large size-large\" alt=\"\" srcset=\"https:\/\/www.esplac.cat\/wp-content\/uploads\/2021\/10\/WhatsApp-Image-2021-10-05-at-12.09.59-200x150.jpeg 200w, https:\/\/www.esplac.cat\/wp-content\/uploads\/2021\/10\/WhatsApp-Image-2021-10-05-at-12.09.59-300x225.jpeg 300w, https:\/\/www.esplac.cat\/wp-content\/uploads\/2021\/10\/WhatsApp-Image-2021-10-05-at-12.09.59-400x300.jpeg 400w, https:\/\/www.esplac.cat\/wp-content\/uploads\/2021\/10\/WhatsApp-Image-2021-10-05-at-12.09.59-600x450.jpeg 600w, https:\/\/www.esplac.cat\/wp-content\/uploads\/2021\/10\/WhatsApp-Image-2021-10-05-at-12.09.59-768x576.jpeg 768w, https:\/\/www.esplac.cat\/wp-content\/uploads\/2021\/10\/WhatsApp-Image-2021-10-05-at-12.09.59-800x600.jpeg 800w, https:\/\/www.esplac.cat\/wp-content\/uploads\/2021\/10\/WhatsApp-Image-2021-10-05-at-12.09.59-1024x768.jpeg 1024w, https:\/\/www.esplac.cat\/wp-content\/uploads\/2021\/10\/WhatsApp-Image-2021-10-05-at-12.09.59-1200x900.jpeg 1200w, https:\/\/www.esplac.cat\/wp-content\/uploads\/2021\/10\/WhatsApp-Image-2021-10-05-at-12.09.59-1536x1152.jpeg 1536w, https:\/\/www.esplac.cat\/wp-content\/uploads\/2021\/10\/WhatsApp-Image-2021-10-05-at-12.09.59.jpeg 1600w\" sizes=\"(max-width: 1024px) 100vw, 1024px\" \/><\/a>\n\t\t\t<\/dt><\/dl><dl class='gallery-item'>\n\t\t\t<dt class='gallery-icon landscape'>\n\t\t\t\t<a data-rel=\"iLightbox[postimages]\" data-title=\"WhatsApp Image 2021-10-05 at 13.18.25\" data-caption=\"\" href='https:\/\/www.esplac.cat\/en\/whatsapp-image-2021-10-05-at-13-18-25-3\/'><img decoding=\"async\" width=\"1024\" height=\"768\" src=\"https:\/\/www.esplac.cat\/wp-content\/uploads\/2021\/10\/WhatsApp-Image-2021-10-05-at-13.18.25-1024x768.jpeg\" class=\"attachment-large size-large\" alt=\"\" srcset=\"https:\/\/www.esplac.cat\/wp-content\/uploads\/2021\/10\/WhatsApp-Image-2021-10-05-at-13.18.25-200x150.jpeg 200w, https:\/\/www.esplac.cat\/wp-content\/uploads\/2021\/10\/WhatsApp-Image-2021-10-05-at-13.18.25-300x225.jpeg 300w, https:\/\/www.esplac.cat\/wp-content\/uploads\/2021\/10\/WhatsApp-Image-2021-10-05-at-13.18.25-400x300.jpeg 400w, https:\/\/www.esplac.cat\/wp-content\/uploads\/2021\/10\/WhatsApp-Image-2021-10-05-at-13.18.25-600x450.jpeg 600w, https:\/\/www.esplac.cat\/wp-content\/uploads\/2021\/10\/WhatsApp-Image-2021-10-05-at-13.18.25-768x576.jpeg 768w, https:\/\/www.esplac.cat\/wp-content\/uploads\/2021\/10\/WhatsApp-Image-2021-10-05-at-13.18.25-800x600.jpeg 800w, https:\/\/www.esplac.cat\/wp-content\/uploads\/2021\/10\/WhatsApp-Image-2021-10-05-at-13.18.25-1024x768.jpeg 1024w, https:\/\/www.esplac.cat\/wp-content\/uploads\/2021\/10\/WhatsApp-Image-2021-10-05-at-13.18.25-1200x900.jpeg 1200w, https:\/\/www.esplac.cat\/wp-content\/uploads\/2021\/10\/WhatsApp-Image-2021-10-05-at-13.18.25.jpeg 1280w\" sizes=\"(max-width: 1024px) 100vw, 1024px\" \/><\/a>\n\t\t\t<\/dt><\/dl><br style=\"clear: both\" \/><dl class='gallery-item'>\n\t\t\t<dt class='gallery-icon landscape'>\n\t\t\t\t<a data-rel=\"iLightbox[postimages]\" data-title=\"WhatsApp Image 2021-10-05 at 13.18.25 (1)\" data-caption=\"\" href='https:\/\/www.esplac.cat\/en\/whatsapp-image-2021-10-05-at-13-18-25-1-2\/'><img decoding=\"async\" width=\"1024\" height=\"576\" src=\"https:\/\/www.esplac.cat\/wp-content\/uploads\/2021\/10\/WhatsApp-Image-2021-10-05-at-13.18.25-1-1024x576.jpeg\" class=\"attachment-large size-large\" alt=\"\" srcset=\"https:\/\/www.esplac.cat\/wp-content\/uploads\/2021\/10\/WhatsApp-Image-2021-10-05-at-13.18.25-1-200x113.jpeg 200w, https:\/\/www.esplac.cat\/wp-content\/uploads\/2021\/10\/WhatsApp-Image-2021-10-05-at-13.18.25-1-300x169.jpeg 300w, https:\/\/www.esplac.cat\/wp-content\/uploads\/2021\/10\/WhatsApp-Image-2021-10-05-at-13.18.25-1-400x225.jpeg 400w, https:\/\/www.esplac.cat\/wp-content\/uploads\/2021\/10\/WhatsApp-Image-2021-10-05-at-13.18.25-1-600x338.jpeg 600w, https:\/\/www.esplac.cat\/wp-content\/uploads\/2021\/10\/WhatsApp-Image-2021-10-05-at-13.18.25-1-768x432.jpeg 768w, https:\/\/www.esplac.cat\/wp-content\/uploads\/2021\/10\/WhatsApp-Image-2021-10-05-at-13.18.25-1-800x450.jpeg 800w, https:\/\/www.esplac.cat\/wp-content\/uploads\/2021\/10\/WhatsApp-Image-2021-10-05-at-13.18.25-1-1024x576.jpeg 1024w, https:\/\/www.esplac.cat\/wp-content\/uploads\/2021\/10\/WhatsApp-Image-2021-10-05-at-13.18.25-1-1200x675.jpeg 1200w, https:\/\/www.esplac.cat\/wp-content\/uploads\/2021\/10\/WhatsApp-Image-2021-10-05-at-13.18.25-1.jpeg 1280w\" sizes=\"(max-width: 1024px) 100vw, 1024px\" \/><\/a>\n\t\t\t<\/dt><\/dl><dl class='gallery-item'>\n\t\t\t<dt class='gallery-icon landscape'>\n\t\t\t\t<a data-rel=\"iLightbox[postimages]\" data-title=\"WhatsApp Image 2021-10-05 at 13.18.25 (2)\" data-caption=\"\" href='https:\/\/www.esplac.cat\/en\/whatsapp-image-2021-10-05-at-13-18-25-2-2\/'><img decoding=\"async\" width=\"1024\" height=\"576\" src=\"https:\/\/www.esplac.cat\/wp-content\/uploads\/2021\/10\/WhatsApp-Image-2021-10-05-at-13.18.25-2-1024x576.jpeg\" class=\"attachment-large size-large\" alt=\"\" srcset=\"https:\/\/www.esplac.cat\/wp-content\/uploads\/2021\/10\/WhatsApp-Image-2021-10-05-at-13.18.25-2-200x113.jpeg 200w, https:\/\/www.esplac.cat\/wp-content\/uploads\/2021\/10\/WhatsApp-Image-2021-10-05-at-13.18.25-2-300x169.jpeg 300w, https:\/\/www.esplac.cat\/wp-content\/uploads\/2021\/10\/WhatsApp-Image-2021-10-05-at-13.18.25-2-400x225.jpeg 400w, https:\/\/www.esplac.cat\/wp-content\/uploads\/2021\/10\/WhatsApp-Image-2021-10-05-at-13.18.25-2-600x338.jpeg 600w, https:\/\/www.esplac.cat\/wp-content\/uploads\/2021\/10\/WhatsApp-Image-2021-10-05-at-13.18.25-2-768x432.jpeg 768w, https:\/\/www.esplac.cat\/wp-content\/uploads\/2021\/10\/WhatsApp-Image-2021-10-05-at-13.18.25-2-800x450.jpeg 800w, https:\/\/www.esplac.cat\/wp-content\/uploads\/2021\/10\/WhatsApp-Image-2021-10-05-at-13.18.25-2-1024x576.jpeg 1024w, https:\/\/www.esplac.cat\/wp-content\/uploads\/2021\/10\/WhatsApp-Image-2021-10-05-at-13.18.25-2-1200x675.jpeg 1200w, https:\/\/www.esplac.cat\/wp-content\/uploads\/2021\/10\/WhatsApp-Image-2021-10-05-at-13.18.25-2.jpeg 1280w\" sizes=\"(max-width: 1024px) 100vw, 1024px\" \/><\/a>\n\t\t\t<\/dt><\/dl><br style=\"clear: both\" \/>\n\t\t<\/div>\n\n","protected":false},"excerpt":{"rendered":"<p>Les VIII Jornades Ambientals han abordat la crisi clim\u00e0tica des [&hellip;]<\/p>\n","protected":false},"author":3,"featured_media":37359,"comment_status":"closed","ping_status":"closed","sticky":false,"template":"","format":"standard","meta":{"om_disable_all_campaigns":false,"_monsterinsights_skip_tracking":false,"_monsterinsights_sitenote_active":false,"_monsterinsights_sitenote_note":"","_monsterinsights_sitenote_category":0,"_uf_show_specific_survey":0,"_uf_disable_surveys":false,"footnotes":""},"categories":[1161],"tags":[],"class_list":["post-37358","post","type-post","status-publish","format-standard","has-post-thumbnail","hentry","category-comissio-reduint-petjada"],"yoast_head":"<!-- This site is optimized with the Yoast SEO plugin v27.5 - https:\/\/yoast.com\/product\/yoast-seo-wordpress\/ -->\n<title>\u201cEns costa entendre les causes estructurals que hi ha al darrere de la crisi clim\u00e0tica\u201d. Qu\u00e8 hem extret de les VIII Jornades Ambientals? - Esplac<\/title>\n<meta name=\"robots\" content=\"index, follow, max-snippet:-1, max-image-preview:large, max-video-preview:-1\" \/>\n<link rel=\"canonical\" href=\"https:\/\/www.esplac.cat\/en\/que-hem-extret-jornades-ambientals\/\" \/>\n<meta property=\"og:locale\" content=\"en_US\" \/>\n<meta property=\"og:type\" content=\"article\" \/>\n<meta property=\"og:title\" content=\"\u201cEns costa entendre les causes estructurals que hi ha al darrere de la crisi clim\u00e0tica\u201d. Qu\u00e8 hem extret de les VIII Jornades Ambientals? - Esplac\" \/>\n<meta property=\"og:description\" content=\"Les VIII Jornades Ambientals han abordat la crisi clim\u00e0tica des [&hellip;]\" \/>\n<meta property=\"og:url\" content=\"https:\/\/www.esplac.cat\/en\/que-hem-extret-jornades-ambientals\/\" \/>\n<meta property=\"og:site_name\" content=\"Esplac\" \/>\n<meta property=\"article:published_time\" content=\"2021-10-05T11:54:37+00:00\" \/>\n<meta property=\"article:modified_time\" content=\"2021-10-05T12:04:59+00:00\" \/>\n<meta property=\"og:image\" content=\"https:\/\/www.esplac.cat\/wp-content\/uploads\/2021\/10\/JornadesAmbientals_portada.jpg\" \/>\n\t<meta property=\"og:image:width\" content=\"1697\" \/>\n\t<meta property=\"og:image:height\" content=\"700\" \/>\n\t<meta property=\"og:image:type\" content=\"image\/jpeg\" \/>\n<meta name=\"author\" content=\"Comunicaci\u00f3 Esplac\" \/>\n<meta name=\"twitter:card\" content=\"summary_large_image\" \/>\n<meta name=\"twitter:label1\" content=\"Written by\" \/>\n\t<meta name=\"twitter:data1\" content=\"Comunicaci\u00f3 Esplac\" \/>\n\t<meta name=\"twitter:label2\" content=\"Est. reading time\" \/>\n\t<meta name=\"twitter:data2\" content=\"3 minutes\" \/>\n<script type=\"application\/ld+json\" class=\"yoast-schema-graph\">{\"@context\":\"https:\\\/\\\/schema.org\",\"@graph\":[{\"@type\":\"Article\",\"@id\":\"https:\\\/\\\/www.esplac.cat\\\/en\\\/que-hem-extret-jornades-ambientals\\\/#article\",\"isPartOf\":{\"@id\":\"https:\\\/\\\/www.esplac.cat\\\/en\\\/que-hem-extret-jornades-ambientals\\\/\"},\"author\":{\"name\":\"Comunicaci\u00f3 Esplac\",\"@id\":\"https:\\\/\\\/www.esplac.cat\\\/#\\\/schema\\\/person\\\/908383cf240be18b68f8855d0583faca\"},\"headline\":\"\u201cEns costa entendre les causes estructurals que hi ha al darrere de la crisi clim\u00e0tica\u201d. Qu\u00e8 hem extret de les VIII Jornades Ambientals?\",\"datePublished\":\"2021-10-05T11:54:37+00:00\",\"dateModified\":\"2021-10-05T12:04:59+00:00\",\"mainEntityOfPage\":{\"@id\":\"https:\\\/\\\/www.esplac.cat\\\/en\\\/que-hem-extret-jornades-ambientals\\\/\"},\"wordCount\":596,\"publisher\":{\"@id\":\"https:\\\/\\\/www.esplac.cat\\\/#organization\"},\"image\":{\"@id\":\"https:\\\/\\\/www.esplac.cat\\\/en\\\/que-hem-extret-jornades-ambientals\\\/#primaryimage\"},\"thumbnailUrl\":\"https:\\\/\\\/www.esplac.cat\\\/wp-content\\\/uploads\\\/2021\\\/10\\\/JornadesAmbientals_portada.jpg\",\"articleSection\":[\"Comissi\u00f3 Reduint Petjada\"],\"inLanguage\":\"en-US\"},{\"@type\":\"WebPage\",\"@id\":\"https:\\\/\\\/www.esplac.cat\\\/en\\\/que-hem-extret-jornades-ambientals\\\/\",\"url\":\"https:\\\/\\\/www.esplac.cat\\\/en\\\/que-hem-extret-jornades-ambientals\\\/\",\"name\":\"\u201cEns costa entendre les causes estructurals que hi ha al darrere de la crisi clim\u00e0tica\u201d. Qu\u00e8 hem extret de les VIII Jornades Ambientals? - Esplac\",\"isPartOf\":{\"@id\":\"https:\\\/\\\/www.esplac.cat\\\/#website\"},\"primaryImageOfPage\":{\"@id\":\"https:\\\/\\\/www.esplac.cat\\\/en\\\/que-hem-extret-jornades-ambientals\\\/#primaryimage\"},\"image\":{\"@id\":\"https:\\\/\\\/www.esplac.cat\\\/en\\\/que-hem-extret-jornades-ambientals\\\/#primaryimage\"},\"thumbnailUrl\":\"https:\\\/\\\/www.esplac.cat\\\/wp-content\\\/uploads\\\/2021\\\/10\\\/JornadesAmbientals_portada.jpg\",\"datePublished\":\"2021-10-05T11:54:37+00:00\",\"dateModified\":\"2021-10-05T12:04:59+00:00\",\"breadcrumb\":{\"@id\":\"https:\\\/\\\/www.esplac.cat\\\/en\\\/que-hem-extret-jornades-ambientals\\\/#breadcrumb\"},\"inLanguage\":\"en-US\",\"potentialAction\":[{\"@type\":\"ReadAction\",\"target\":[\"https:\\\/\\\/www.esplac.cat\\\/en\\\/que-hem-extret-jornades-ambientals\\\/\"]}]},{\"@type\":\"ImageObject\",\"inLanguage\":\"en-US\",\"@id\":\"https:\\\/\\\/www.esplac.cat\\\/en\\\/que-hem-extret-jornades-ambientals\\\/#primaryimage\",\"url\":\"https:\\\/\\\/www.esplac.cat\\\/wp-content\\\/uploads\\\/2021\\\/10\\\/JornadesAmbientals_portada.jpg\",\"contentUrl\":\"https:\\\/\\\/www.esplac.cat\\\/wp-content\\\/uploads\\\/2021\\\/10\\\/JornadesAmbientals_portada.jpg\",\"width\":1697,\"height\":700},{\"@type\":\"BreadcrumbList\",\"@id\":\"https:\\\/\\\/www.esplac.cat\\\/en\\\/que-hem-extret-jornades-ambientals\\\/#breadcrumb\",\"itemListElement\":[{\"@type\":\"ListItem\",\"position\":1,\"name\":\"Inici\",\"item\":\"https:\\\/\\\/www.esplac.cat\\\/en\\\/\"},{\"@type\":\"ListItem\",\"position\":2,\"name\":\"\u201cEns costa entendre les causes estructurals que hi ha al darrere de la crisi clim\u00e0tica\u201d. Qu\u00e8 hem extret de les VIII Jornades Ambientals?\"}]},{\"@type\":\"WebSite\",\"@id\":\"https:\\\/\\\/www.esplac.cat\\\/#website\",\"url\":\"https:\\\/\\\/www.esplac.cat\\\/\",\"name\":\"Esplac\",\"description\":\"Esplais Catalans\",\"publisher\":{\"@id\":\"https:\\\/\\\/www.esplac.cat\\\/#organization\"},\"potentialAction\":[{\"@type\":\"SearchAction\",\"target\":{\"@type\":\"EntryPoint\",\"urlTemplate\":\"https:\\\/\\\/www.esplac.cat\\\/?s={search_term_string}\"},\"query-input\":{\"@type\":\"PropertyValueSpecification\",\"valueRequired\":true,\"valueName\":\"search_term_string\"}}],\"inLanguage\":\"en-US\"},{\"@type\":\"Organization\",\"@id\":\"https:\\\/\\\/www.esplac.cat\\\/#organization\",\"name\":\"Esplac\",\"url\":\"https:\\\/\\\/www.esplac.cat\\\/\",\"logo\":{\"@type\":\"ImageObject\",\"inLanguage\":\"en-US\",\"@id\":\"https:\\\/\\\/www.esplac.cat\\\/#\\\/schema\\\/logo\\\/image\\\/\",\"url\":\"https:\\\/\\\/www.esplac.cat\\\/wp-content\\\/uploads\\\/2019\\\/08\\\/logox2.png\",\"contentUrl\":\"https:\\\/\\\/www.esplac.cat\\\/wp-content\\\/uploads\\\/2019\\\/08\\\/logox2.png\",\"width\":600,\"height\":295,\"caption\":\"Esplac\"},\"image\":{\"@id\":\"https:\\\/\\\/www.esplac.cat\\\/#\\\/schema\\\/logo\\\/image\\\/\"}},{\"@type\":\"Person\",\"@id\":\"https:\\\/\\\/www.esplac.cat\\\/#\\\/schema\\\/person\\\/908383cf240be18b68f8855d0583faca\",\"name\":\"Comunicaci\u00f3 Esplac\",\"image\":{\"@type\":\"ImageObject\",\"inLanguage\":\"en-US\",\"@id\":\"https:\\\/\\\/secure.gravatar.com\\\/avatar\\\/7a4cf8feb412a76ea4a740ca02d95b06b2907b5a6c648c2dd0a1082a093c3141?s=96&d=mm&r=g\",\"url\":\"https:\\\/\\\/secure.gravatar.com\\\/avatar\\\/7a4cf8feb412a76ea4a740ca02d95b06b2907b5a6c648c2dd0a1082a093c3141?s=96&d=mm&r=g\",\"contentUrl\":\"https:\\\/\\\/secure.gravatar.com\\\/avatar\\\/7a4cf8feb412a76ea4a740ca02d95b06b2907b5a6c648c2dd0a1082a093c3141?s=96&d=mm&r=g\",\"caption\":\"Comunicaci\u00f3 Esplac\"}}]}<\/script>\n<!-- \/ Yoast SEO plugin. -->","yoast_head_json":{"title":"\u201cEns costa entendre les causes estructurals que hi ha al darrere de la crisi clim\u00e0tica\u201d. Qu\u00e8 hem extret de les VIII Jornades Ambientals? - Esplac","robots":{"index":"index","follow":"follow","max-snippet":"max-snippet:-1","max-image-preview":"max-image-preview:large","max-video-preview":"max-video-preview:-1"},"canonical":"https:\/\/www.esplac.cat\/en\/que-hem-extret-jornades-ambientals\/","og_locale":"en_US","og_type":"article","og_title":"\u201cEns costa entendre les causes estructurals que hi ha al darrere de la crisi clim\u00e0tica\u201d. Qu\u00e8 hem extret de les VIII Jornades Ambientals? - Esplac","og_description":"Les VIII Jornades Ambientals han abordat la crisi clim\u00e0tica des [&hellip;]","og_url":"https:\/\/www.esplac.cat\/en\/que-hem-extret-jornades-ambientals\/","og_site_name":"Esplac","article_published_time":"2021-10-05T11:54:37+00:00","article_modified_time":"2021-10-05T12:04:59+00:00","og_image":[{"width":1697,"height":700,"url":"https:\/\/www.esplac.cat\/wp-content\/uploads\/2021\/10\/JornadesAmbientals_portada.jpg","type":"image\/jpeg"}],"author":"Comunicaci\u00f3 Esplac","twitter_card":"summary_large_image","twitter_misc":{"Written by":"Comunicaci\u00f3 Esplac","Est. reading time":"3 minutes"},"schema":{"@context":"https:\/\/schema.org","@graph":[{"@type":"Article","@id":"https:\/\/www.esplac.cat\/en\/que-hem-extret-jornades-ambientals\/#article","isPartOf":{"@id":"https:\/\/www.esplac.cat\/en\/que-hem-extret-jornades-ambientals\/"},"author":{"name":"Comunicaci\u00f3 Esplac","@id":"https:\/\/www.esplac.cat\/#\/schema\/person\/908383cf240be18b68f8855d0583faca"},"headline":"\u201cEns costa entendre les causes estructurals que hi ha al darrere de la crisi clim\u00e0tica\u201d. Qu\u00e8 hem extret de les VIII Jornades Ambientals?","datePublished":"2021-10-05T11:54:37+00:00","dateModified":"2021-10-05T12:04:59+00:00","mainEntityOfPage":{"@id":"https:\/\/www.esplac.cat\/en\/que-hem-extret-jornades-ambientals\/"},"wordCount":596,"publisher":{"@id":"https:\/\/www.esplac.cat\/#organization"},"image":{"@id":"https:\/\/www.esplac.cat\/en\/que-hem-extret-jornades-ambientals\/#primaryimage"},"thumbnailUrl":"https:\/\/www.esplac.cat\/wp-content\/uploads\/2021\/10\/JornadesAmbientals_portada.jpg","articleSection":["Comissi\u00f3 Reduint Petjada"],"inLanguage":"en-US"},{"@type":"WebPage","@id":"https:\/\/www.esplac.cat\/en\/que-hem-extret-jornades-ambientals\/","url":"https:\/\/www.esplac.cat\/en\/que-hem-extret-jornades-ambientals\/","name":"\u201cEns costa entendre les causes estructurals que hi ha al darrere de la crisi clim\u00e0tica\u201d. Qu\u00e8 hem extret de les VIII Jornades Ambientals? - Esplac","isPartOf":{"@id":"https:\/\/www.esplac.cat\/#website"},"primaryImageOfPage":{"@id":"https:\/\/www.esplac.cat\/en\/que-hem-extret-jornades-ambientals\/#primaryimage"},"image":{"@id":"https:\/\/www.esplac.cat\/en\/que-hem-extret-jornades-ambientals\/#primaryimage"},"thumbnailUrl":"https:\/\/www.esplac.cat\/wp-content\/uploads\/2021\/10\/JornadesAmbientals_portada.jpg","datePublished":"2021-10-05T11:54:37+00:00","dateModified":"2021-10-05T12:04:59+00:00","breadcrumb":{"@id":"https:\/\/www.esplac.cat\/en\/que-hem-extret-jornades-ambientals\/#breadcrumb"},"inLanguage":"en-US","potentialAction":[{"@type":"ReadAction","target":["https:\/\/www.esplac.cat\/en\/que-hem-extret-jornades-ambientals\/"]}]},{"@type":"ImageObject","inLanguage":"en-US","@id":"https:\/\/www.esplac.cat\/en\/que-hem-extret-jornades-ambientals\/#primaryimage","url":"https:\/\/www.esplac.cat\/wp-content\/uploads\/2021\/10\/JornadesAmbientals_portada.jpg","contentUrl":"https:\/\/www.esplac.cat\/wp-content\/uploads\/2021\/10\/JornadesAmbientals_portada.jpg","width":1697,"height":700},{"@type":"BreadcrumbList","@id":"https:\/\/www.esplac.cat\/en\/que-hem-extret-jornades-ambientals\/#breadcrumb","itemListElement":[{"@type":"ListItem","position":1,"name":"Inici","item":"https:\/\/www.esplac.cat\/en\/"},{"@type":"ListItem","position":2,"name":"\u201cEns costa entendre les causes estructurals que hi ha al darrere de la crisi clim\u00e0tica\u201d. Qu\u00e8 hem extret de les VIII Jornades Ambientals?"}]},{"@type":"WebSite","@id":"https:\/\/www.esplac.cat\/#website","url":"https:\/\/www.esplac.cat\/","name":"Esplac","description":"Esplais Catalans","publisher":{"@id":"https:\/\/www.esplac.cat\/#organization"},"potentialAction":[{"@type":"SearchAction","target":{"@type":"EntryPoint","urlTemplate":"https:\/\/www.esplac.cat\/?s={search_term_string}"},"query-input":{"@type":"PropertyValueSpecification","valueRequired":true,"valueName":"search_term_string"}}],"inLanguage":"en-US"},{"@type":"Organization","@id":"https:\/\/www.esplac.cat\/#organization","name":"Esplac","url":"https:\/\/www.esplac.cat\/","logo":{"@type":"ImageObject","inLanguage":"en-US","@id":"https:\/\/www.esplac.cat\/#\/schema\/logo\/image\/","url":"https:\/\/www.esplac.cat\/wp-content\/uploads\/2019\/08\/logox2.png","contentUrl":"https:\/\/www.esplac.cat\/wp-content\/uploads\/2019\/08\/logox2.png","width":600,"height":295,"caption":"Esplac"},"image":{"@id":"https:\/\/www.esplac.cat\/#\/schema\/logo\/image\/"}},{"@type":"Person","@id":"https:\/\/www.esplac.cat\/#\/schema\/person\/908383cf240be18b68f8855d0583faca","name":"Comunicaci\u00f3 Esplac","image":{"@type":"ImageObject","inLanguage":"en-US","@id":"https:\/\/secure.gravatar.com\/avatar\/7a4cf8feb412a76ea4a740ca02d95b06b2907b5a6c648c2dd0a1082a093c3141?s=96&d=mm&r=g","url":"https:\/\/secure.gravatar.com\/avatar\/7a4cf8feb412a76ea4a740ca02d95b06b2907b5a6c648c2dd0a1082a093c3141?s=96&d=mm&r=g","contentUrl":"https:\/\/secure.gravatar.com\/avatar\/7a4cf8feb412a76ea4a740ca02d95b06b2907b5a6c648c2dd0a1082a093c3141?s=96&d=mm&r=g","caption":"Comunicaci\u00f3 Esplac"}}]}},"_links":{"self":[{"href":"https:\/\/www.esplac.cat\/en\/wp-json\/wp\/v2\/posts\/37358","targetHints":{"allow":["GET"]}}],"collection":[{"href":"https:\/\/www.esplac.cat\/en\/wp-json\/wp\/v2\/posts"}],"about":[{"href":"https:\/\/www.esplac.cat\/en\/wp-json\/wp\/v2\/types\/post"}],"author":[{"embeddable":true,"href":"https:\/\/www.esplac.cat\/en\/wp-json\/wp\/v2\/users\/3"}],"replies":[{"embeddable":true,"href":"https:\/\/www.esplac.cat\/en\/wp-json\/wp\/v2\/comments?post=37358"}],"version-history":[{"count":0,"href":"https:\/\/www.esplac.cat\/en\/wp-json\/wp\/v2\/posts\/37358\/revisions"}],"wp:featuredmedia":[{"embeddable":true,"href":"https:\/\/www.esplac.cat\/en\/wp-json\/wp\/v2\/media\/37359"}],"wp:attachment":[{"href":"https:\/\/www.esplac.cat\/en\/wp-json\/wp\/v2\/media?parent=37358"}],"wp:term":[{"taxonomy":"category","embeddable":true,"href":"https:\/\/www.esplac.cat\/en\/wp-json\/wp\/v2\/categories?post=37358"},{"taxonomy":"post_tag","embeddable":true,"href":"https:\/\/www.esplac.cat\/en\/wp-json\/wp\/v2\/tags?post=37358"}],"curies":[{"name":"wp","href":"https:\/\/api.w.org\/{rel}","templated":true}]}}