{"id":37409,"date":"2022-11-07T12:48:31","date_gmt":"2022-11-07T10:48:31","guid":{"rendered":"https:\/\/www.esplac.cat\/?p=37409"},"modified":"2023-02-28T12:46:24","modified_gmt":"2023-02-28T10:46:24","slug":"manual-assemblearisme-infantil-recurs-participacio-real-infants","status":"publish","type":"post","link":"https:\/\/www.esplac.cat\/en\/manual-assemblearisme-infantil-recurs-participacio-real-infants\/","title":{"rendered":"Us presentem el \u201cManual d\u2019Assemblearisme Infantil\u201d, el nou recurs per generar espais de participaci\u00f3 real pels infants!"},"content":{"rendered":"<div class=\"fusion-fullwidth fullwidth-box fusion-builder-row-1 nonhundred-percent-fullwidth non-hundred-percent-height-scrolling\" style=\"--awb-border-radius-top-left:0px;--awb-border-radius-top-right:0px;--awb-border-radius-bottom-right:0px;--awb-border-radius-bottom-left:0px;--awb-flex-wrap:wrap;\" ><div class=\"fusion-builder-row fusion-row\"><div class=\"fusion-layout-column fusion_builder_column fusion-builder-column-0 fusion_builder_column_1_1 1_1 fusion-one-full fusion-column-first fusion-column-last\" style=\"--awb-bg-size:cover;--awb-margin-bottom:0px;\"><div class=\"fusion-column-wrapper fusion-flex-column-wrapper-legacy\"><div class=\"fusion-text fusion-text-1\"><h6><strong>Ja teniu al vostre abast el manual de bones pr\u00e0ctiques per crear una assemblea d\u2019infants a l\u2019esplai!<\/strong><\/h6>\n<p>Surt a la llum el nou recurs creat des del projecte d\u2019Inf\u00e0ncia i Esplaiada que pret\u00e9n donar informaci\u00f3, eines i recursos per tal que us animeu a desenvolupar la metodologia assemble\u00e0ria entre els infants dels vostres esplais. Aquest recurs parteix de la base de qu\u00e8 <strong>la participaci\u00f3 infantil activa \u00e9s necess\u00e0ria perqu\u00e8 l\u2019esplai esdevingui realment una escola de ciutadania i un espai de creixement personal.<\/strong><\/p>\n<p>En aquest manual hi trobareu els motius pels quals creiem que cal promoure l\u2019assemblearisme infantil, factors que intervenen en la participaci\u00f3, aix\u00ed com un recull d\u2019aspectes pr\u00e0ctics a tenir en compte per fer les assemblees m\u00e9s fluides i efectives: on i com realitzem aquestes assemblees, quin rol han de tenir les monitores i els infants, o com els podem acompanyar en aquest proc\u00e9s personal i col\u00b7lectiu que \u00e9s la participaci\u00f3 assemble\u00e0ria, entre d\u2019altres.<\/p>\n<p>Aquest recurs va acompanyat de dues infografies: <strong>L&#8217;assemblea d&#8217;infants<\/strong>, que podeu penjar als vostres esplais per tal de transmetre el valor de l\u2019assemblearisme infantil; i <strong>La nostra assemblea<\/strong>, una infografia que podeu omplir per recollir els acords i premisses de la vostra pr\u00f2pia assemblea, i que ens podeu enviar a organitzaci\u00f3@esplac.cat o penjar-la a les vostres xarxes socials (etiqueteu-nos a @esplaiscatalans!)<\/p>\n<p>Des del Projecte Inf\u00e0ncia i Esplaiada, us animem a fer servir aquest manual com a guia per facilitar assemblees d\u2019infants al vostre esplai! I &#8230; quin millor moment per posar-ho en pr\u00e0ctica que per a la <strong>preparaci\u00f3 del Dia Universal dels Drets dels Infants<\/strong>? Animeu-vos i feu que siguin els mateixos infants qui decideixin com defensar els seus propis drets!!<\/p>\n<p>Podeu trobar el manual al seg\u00fcent bot\u00f3:<\/p>\n<\/div><div class=\"fusion-aligncenter\"><a class=\"fusion-button button-flat fusion-button-default-size button-default fusion-button-default button-1 fusion-button-default-span fusion-button-default-type\" target=\"_blank\" rel=\"noopener noreferrer\" href=\"https:\/\/www.esplac.cat\/manual-assemblearisme-infantil\/\"><span class=\"fusion-button-text\">Manual d&#8217;Assemblearisme Infantil<\/span><\/a><\/div><div class=\"fusion-clearfix\"><\/div><\/div><\/div><\/div><\/div>\n","protected":false},"excerpt":{"rendered":"","protected":false},"author":3,"featured_media":37456,"comment_status":"closed","ping_status":"closed","sticky":false,"template":"","format":"standard","meta":{"om_disable_all_campaigns":false,"_monsterinsights_skip_tracking":false,"_monsterinsights_sitenote_active":false,"_monsterinsights_sitenote_note":"","_monsterinsights_sitenote_category":0,"_uf_show_specific_survey":0,"_uf_disable_surveys":false,"footnotes":""},"categories":[1167],"tags":[],"class_list":["post-37409","post","type-post","status-publish","format-standard","has-post-thumbnail","hentry","category-infancia"],"yoast_head":"<!-- This site is optimized with the Yoast SEO plugin v27.4 - https:\/\/yoast.com\/product\/yoast-seo-wordpress\/ -->\n<title>Us presentem el \u201cManual d\u2019Assemblearisme Infantil\u201d, el nou recurs per generar espais de participaci\u00f3 real pels infants! - Esplac<\/title>\n<meta name=\"robots\" content=\"index, follow, max-snippet:-1, max-image-preview:large, max-video-preview:-1\" \/>\n<link rel=\"canonical\" href=\"https:\/\/www.esplac.cat\/manual-assemblearisme-infantil-recurs-participacio-real-infants\/\" \/>\n<meta property=\"og:locale\" content=\"en_US\" \/>\n<meta property=\"og:type\" content=\"article\" \/>\n<meta property=\"og:title\" content=\"Us presentem el \u201cManual d\u2019Assemblearisme Infantil\u201d, el nou recurs per generar espais de participaci\u00f3 real pels infants! - Esplac\" \/>\n<meta property=\"og:url\" content=\"https:\/\/www.esplac.cat\/manual-assemblearisme-infantil-recurs-participacio-real-infants\/\" \/>\n<meta property=\"og:site_name\" content=\"Esplac\" \/>\n<meta property=\"article:published_time\" content=\"2022-11-07T10:48:31+00:00\" \/>\n<meta property=\"article:modified_time\" content=\"2023-02-28T10:46:24+00:00\" \/>\n<meta property=\"og:image\" content=\"https:\/\/www.esplac.cat\/wp-content\/uploads\/2021\/10\/portada_assemblearisme-infantil.jpg\" \/>\n\t<meta property=\"og:image:width\" content=\"1697\" \/>\n\t<meta property=\"og:image:height\" content=\"700\" \/>\n\t<meta property=\"og:image:type\" content=\"image\/jpeg\" \/>\n<meta name=\"author\" content=\"Comunicaci\u00f3 Esplac\" \/>\n<meta name=\"twitter:card\" content=\"summary_large_image\" \/>\n<meta name=\"twitter:label1\" content=\"Written by\" \/>\n\t<meta name=\"twitter:data1\" content=\"Comunicaci\u00f3 Esplac\" \/>\n\t<meta name=\"twitter:label2\" content=\"Est. reading time\" \/>\n\t<meta name=\"twitter:data2\" content=\"3 minutes\" \/>\n<script type=\"application\/ld+json\" class=\"yoast-schema-graph\">{\"@context\":\"https:\\\/\\\/schema.org\",\"@graph\":[{\"@type\":\"Article\",\"@id\":\"https:\\\/\\\/www.esplac.cat\\\/manual-assemblearisme-infantil-recurs-participacio-real-infants\\\/#article\",\"isPartOf\":{\"@id\":\"https:\\\/\\\/www.esplac.cat\\\/manual-assemblearisme-infantil-recurs-participacio-real-infants\\\/\"},\"author\":{\"name\":\"Comunicaci\u00f3 Esplac\",\"@id\":\"https:\\\/\\\/www.esplac.cat\\\/#\\\/schema\\\/person\\\/908383cf240be18b68f8855d0583faca\"},\"headline\":\"Us presentem el \u201cManual d\u2019Assemblearisme Infantil\u201d, el nou recurs per generar espais de participaci\u00f3 real pels infants!\",\"datePublished\":\"2022-11-07T10:48:31+00:00\",\"dateModified\":\"2023-02-28T10:46:24+00:00\",\"mainEntityOfPage\":{\"@id\":\"https:\\\/\\\/www.esplac.cat\\\/manual-assemblearisme-infantil-recurs-participacio-real-infants\\\/\"},\"wordCount\":577,\"publisher\":{\"@id\":\"https:\\\/\\\/www.esplac.cat\\\/#organization\"},\"image\":{\"@id\":\"https:\\\/\\\/www.esplac.cat\\\/manual-assemblearisme-infantil-recurs-participacio-real-infants\\\/#primaryimage\"},\"thumbnailUrl\":\"https:\\\/\\\/www.esplac.cat\\\/wp-content\\\/uploads\\\/2021\\\/10\\\/portada_assemblearisme-infantil.jpg\",\"articleSection\":[\"Inf\u00e0ncia i Esplaiada\"],\"inLanguage\":\"en-US\"},{\"@type\":\"WebPage\",\"@id\":\"https:\\\/\\\/www.esplac.cat\\\/manual-assemblearisme-infantil-recurs-participacio-real-infants\\\/\",\"url\":\"https:\\\/\\\/www.esplac.cat\\\/manual-assemblearisme-infantil-recurs-participacio-real-infants\\\/\",\"name\":\"Us presentem el \u201cManual d\u2019Assemblearisme Infantil\u201d, el nou recurs per generar espais de participaci\u00f3 real pels infants! - Esplac\",\"isPartOf\":{\"@id\":\"https:\\\/\\\/www.esplac.cat\\\/#website\"},\"primaryImageOfPage\":{\"@id\":\"https:\\\/\\\/www.esplac.cat\\\/manual-assemblearisme-infantil-recurs-participacio-real-infants\\\/#primaryimage\"},\"image\":{\"@id\":\"https:\\\/\\\/www.esplac.cat\\\/manual-assemblearisme-infantil-recurs-participacio-real-infants\\\/#primaryimage\"},\"thumbnailUrl\":\"https:\\\/\\\/www.esplac.cat\\\/wp-content\\\/uploads\\\/2021\\\/10\\\/portada_assemblearisme-infantil.jpg\",\"datePublished\":\"2022-11-07T10:48:31+00:00\",\"dateModified\":\"2023-02-28T10:46:24+00:00\",\"breadcrumb\":{\"@id\":\"https:\\\/\\\/www.esplac.cat\\\/manual-assemblearisme-infantil-recurs-participacio-real-infants\\\/#breadcrumb\"},\"inLanguage\":\"en-US\",\"potentialAction\":[{\"@type\":\"ReadAction\",\"target\":[\"https:\\\/\\\/www.esplac.cat\\\/manual-assemblearisme-infantil-recurs-participacio-real-infants\\\/\"]}]},{\"@type\":\"ImageObject\",\"inLanguage\":\"en-US\",\"@id\":\"https:\\\/\\\/www.esplac.cat\\\/manual-assemblearisme-infantil-recurs-participacio-real-infants\\\/#primaryimage\",\"url\":\"https:\\\/\\\/www.esplac.cat\\\/wp-content\\\/uploads\\\/2021\\\/10\\\/portada_assemblearisme-infantil.jpg\",\"contentUrl\":\"https:\\\/\\\/www.esplac.cat\\\/wp-content\\\/uploads\\\/2021\\\/10\\\/portada_assemblearisme-infantil.jpg\",\"width\":1697,\"height\":700},{\"@type\":\"BreadcrumbList\",\"@id\":\"https:\\\/\\\/www.esplac.cat\\\/manual-assemblearisme-infantil-recurs-participacio-real-infants\\\/#breadcrumb\",\"itemListElement\":[{\"@type\":\"ListItem\",\"position\":1,\"name\":\"Inici\",\"item\":\"https:\\\/\\\/www.esplac.cat\\\/en\\\/\"},{\"@type\":\"ListItem\",\"position\":2,\"name\":\"Us presentem el \u201cManual d\u2019Assemblearisme Infantil\u201d, el nou recurs per generar espais de participaci\u00f3 real pels infants!\"}]},{\"@type\":\"WebSite\",\"@id\":\"https:\\\/\\\/www.esplac.cat\\\/#website\",\"url\":\"https:\\\/\\\/www.esplac.cat\\\/\",\"name\":\"Esplac\",\"description\":\"Esplais Catalans\",\"publisher\":{\"@id\":\"https:\\\/\\\/www.esplac.cat\\\/#organization\"},\"potentialAction\":[{\"@type\":\"SearchAction\",\"target\":{\"@type\":\"EntryPoint\",\"urlTemplate\":\"https:\\\/\\\/www.esplac.cat\\\/?s={search_term_string}\"},\"query-input\":{\"@type\":\"PropertyValueSpecification\",\"valueRequired\":true,\"valueName\":\"search_term_string\"}}],\"inLanguage\":\"en-US\"},{\"@type\":\"Organization\",\"@id\":\"https:\\\/\\\/www.esplac.cat\\\/#organization\",\"name\":\"Esplac\",\"url\":\"https:\\\/\\\/www.esplac.cat\\\/\",\"logo\":{\"@type\":\"ImageObject\",\"inLanguage\":\"en-US\",\"@id\":\"https:\\\/\\\/www.esplac.cat\\\/#\\\/schema\\\/logo\\\/image\\\/\",\"url\":\"https:\\\/\\\/www.esplac.cat\\\/wp-content\\\/uploads\\\/2019\\\/08\\\/logox2.png\",\"contentUrl\":\"https:\\\/\\\/www.esplac.cat\\\/wp-content\\\/uploads\\\/2019\\\/08\\\/logox2.png\",\"width\":600,\"height\":295,\"caption\":\"Esplac\"},\"image\":{\"@id\":\"https:\\\/\\\/www.esplac.cat\\\/#\\\/schema\\\/logo\\\/image\\\/\"}},{\"@type\":\"Person\",\"@id\":\"https:\\\/\\\/www.esplac.cat\\\/#\\\/schema\\\/person\\\/908383cf240be18b68f8855d0583faca\",\"name\":\"Comunicaci\u00f3 Esplac\",\"image\":{\"@type\":\"ImageObject\",\"inLanguage\":\"en-US\",\"@id\":\"https:\\\/\\\/secure.gravatar.com\\\/avatar\\\/7a4cf8feb412a76ea4a740ca02d95b06b2907b5a6c648c2dd0a1082a093c3141?s=96&d=mm&r=g\",\"url\":\"https:\\\/\\\/secure.gravatar.com\\\/avatar\\\/7a4cf8feb412a76ea4a740ca02d95b06b2907b5a6c648c2dd0a1082a093c3141?s=96&d=mm&r=g\",\"contentUrl\":\"https:\\\/\\\/secure.gravatar.com\\\/avatar\\\/7a4cf8feb412a76ea4a740ca02d95b06b2907b5a6c648c2dd0a1082a093c3141?s=96&d=mm&r=g\",\"caption\":\"Comunicaci\u00f3 Esplac\"}}]}<\/script>\n<!-- \/ Yoast SEO plugin. -->","yoast_head_json":{"title":"Us presentem el \u201cManual d\u2019Assemblearisme Infantil\u201d, el nou recurs per generar espais de participaci\u00f3 real pels infants! - Esplac","robots":{"index":"index","follow":"follow","max-snippet":"max-snippet:-1","max-image-preview":"max-image-preview:large","max-video-preview":"max-video-preview:-1"},"canonical":"https:\/\/www.esplac.cat\/manual-assemblearisme-infantil-recurs-participacio-real-infants\/","og_locale":"en_US","og_type":"article","og_title":"Us presentem el \u201cManual d\u2019Assemblearisme Infantil\u201d, el nou recurs per generar espais de participaci\u00f3 real pels infants! - Esplac","og_url":"https:\/\/www.esplac.cat\/manual-assemblearisme-infantil-recurs-participacio-real-infants\/","og_site_name":"Esplac","article_published_time":"2022-11-07T10:48:31+00:00","article_modified_time":"2023-02-28T10:46:24+00:00","og_image":[{"width":1697,"height":700,"url":"https:\/\/www.esplac.cat\/wp-content\/uploads\/2021\/10\/portada_assemblearisme-infantil.jpg","type":"image\/jpeg"}],"author":"Comunicaci\u00f3 Esplac","twitter_card":"summary_large_image","twitter_misc":{"Written by":"Comunicaci\u00f3 Esplac","Est. reading time":"3 minutes"},"schema":{"@context":"https:\/\/schema.org","@graph":[{"@type":"Article","@id":"https:\/\/www.esplac.cat\/manual-assemblearisme-infantil-recurs-participacio-real-infants\/#article","isPartOf":{"@id":"https:\/\/www.esplac.cat\/manual-assemblearisme-infantil-recurs-participacio-real-infants\/"},"author":{"name":"Comunicaci\u00f3 Esplac","@id":"https:\/\/www.esplac.cat\/#\/schema\/person\/908383cf240be18b68f8855d0583faca"},"headline":"Us presentem el \u201cManual d\u2019Assemblearisme Infantil\u201d, el nou recurs per generar espais de participaci\u00f3 real pels infants!","datePublished":"2022-11-07T10:48:31+00:00","dateModified":"2023-02-28T10:46:24+00:00","mainEntityOfPage":{"@id":"https:\/\/www.esplac.cat\/manual-assemblearisme-infantil-recurs-participacio-real-infants\/"},"wordCount":577,"publisher":{"@id":"https:\/\/www.esplac.cat\/#organization"},"image":{"@id":"https:\/\/www.esplac.cat\/manual-assemblearisme-infantil-recurs-participacio-real-infants\/#primaryimage"},"thumbnailUrl":"https:\/\/www.esplac.cat\/wp-content\/uploads\/2021\/10\/portada_assemblearisme-infantil.jpg","articleSection":["Inf\u00e0ncia i Esplaiada"],"inLanguage":"en-US"},{"@type":"WebPage","@id":"https:\/\/www.esplac.cat\/manual-assemblearisme-infantil-recurs-participacio-real-infants\/","url":"https:\/\/www.esplac.cat\/manual-assemblearisme-infantil-recurs-participacio-real-infants\/","name":"Us presentem el \u201cManual d\u2019Assemblearisme Infantil\u201d, el nou recurs per generar espais de participaci\u00f3 real pels infants! - Esplac","isPartOf":{"@id":"https:\/\/www.esplac.cat\/#website"},"primaryImageOfPage":{"@id":"https:\/\/www.esplac.cat\/manual-assemblearisme-infantil-recurs-participacio-real-infants\/#primaryimage"},"image":{"@id":"https:\/\/www.esplac.cat\/manual-assemblearisme-infantil-recurs-participacio-real-infants\/#primaryimage"},"thumbnailUrl":"https:\/\/www.esplac.cat\/wp-content\/uploads\/2021\/10\/portada_assemblearisme-infantil.jpg","datePublished":"2022-11-07T10:48:31+00:00","dateModified":"2023-02-28T10:46:24+00:00","breadcrumb":{"@id":"https:\/\/www.esplac.cat\/manual-assemblearisme-infantil-recurs-participacio-real-infants\/#breadcrumb"},"inLanguage":"en-US","potentialAction":[{"@type":"ReadAction","target":["https:\/\/www.esplac.cat\/manual-assemblearisme-infantil-recurs-participacio-real-infants\/"]}]},{"@type":"ImageObject","inLanguage":"en-US","@id":"https:\/\/www.esplac.cat\/manual-assemblearisme-infantil-recurs-participacio-real-infants\/#primaryimage","url":"https:\/\/www.esplac.cat\/wp-content\/uploads\/2021\/10\/portada_assemblearisme-infantil.jpg","contentUrl":"https:\/\/www.esplac.cat\/wp-content\/uploads\/2021\/10\/portada_assemblearisme-infantil.jpg","width":1697,"height":700},{"@type":"BreadcrumbList","@id":"https:\/\/www.esplac.cat\/manual-assemblearisme-infantil-recurs-participacio-real-infants\/#breadcrumb","itemListElement":[{"@type":"ListItem","position":1,"name":"Inici","item":"https:\/\/www.esplac.cat\/en\/"},{"@type":"ListItem","position":2,"name":"Us presentem el \u201cManual d\u2019Assemblearisme Infantil\u201d, el nou recurs per generar espais de participaci\u00f3 real pels infants!"}]},{"@type":"WebSite","@id":"https:\/\/www.esplac.cat\/#website","url":"https:\/\/www.esplac.cat\/","name":"Esplac","description":"Esplais Catalans","publisher":{"@id":"https:\/\/www.esplac.cat\/#organization"},"potentialAction":[{"@type":"SearchAction","target":{"@type":"EntryPoint","urlTemplate":"https:\/\/www.esplac.cat\/?s={search_term_string}"},"query-input":{"@type":"PropertyValueSpecification","valueRequired":true,"valueName":"search_term_string"}}],"inLanguage":"en-US"},{"@type":"Organization","@id":"https:\/\/www.esplac.cat\/#organization","name":"Esplac","url":"https:\/\/www.esplac.cat\/","logo":{"@type":"ImageObject","inLanguage":"en-US","@id":"https:\/\/www.esplac.cat\/#\/schema\/logo\/image\/","url":"https:\/\/www.esplac.cat\/wp-content\/uploads\/2019\/08\/logox2.png","contentUrl":"https:\/\/www.esplac.cat\/wp-content\/uploads\/2019\/08\/logox2.png","width":600,"height":295,"caption":"Esplac"},"image":{"@id":"https:\/\/www.esplac.cat\/#\/schema\/logo\/image\/"}},{"@type":"Person","@id":"https:\/\/www.esplac.cat\/#\/schema\/person\/908383cf240be18b68f8855d0583faca","name":"Comunicaci\u00f3 Esplac","image":{"@type":"ImageObject","inLanguage":"en-US","@id":"https:\/\/secure.gravatar.com\/avatar\/7a4cf8feb412a76ea4a740ca02d95b06b2907b5a6c648c2dd0a1082a093c3141?s=96&d=mm&r=g","url":"https:\/\/secure.gravatar.com\/avatar\/7a4cf8feb412a76ea4a740ca02d95b06b2907b5a6c648c2dd0a1082a093c3141?s=96&d=mm&r=g","contentUrl":"https:\/\/secure.gravatar.com\/avatar\/7a4cf8feb412a76ea4a740ca02d95b06b2907b5a6c648c2dd0a1082a093c3141?s=96&d=mm&r=g","caption":"Comunicaci\u00f3 Esplac"}}]}},"_links":{"self":[{"href":"https:\/\/www.esplac.cat\/en\/wp-json\/wp\/v2\/posts\/37409","targetHints":{"allow":["GET"]}}],"collection":[{"href":"https:\/\/www.esplac.cat\/en\/wp-json\/wp\/v2\/posts"}],"about":[{"href":"https:\/\/www.esplac.cat\/en\/wp-json\/wp\/v2\/types\/post"}],"author":[{"embeddable":true,"href":"https:\/\/www.esplac.cat\/en\/wp-json\/wp\/v2\/users\/3"}],"replies":[{"embeddable":true,"href":"https:\/\/www.esplac.cat\/en\/wp-json\/wp\/v2\/comments?post=37409"}],"version-history":[{"count":0,"href":"https:\/\/www.esplac.cat\/en\/wp-json\/wp\/v2\/posts\/37409\/revisions"}],"wp:featuredmedia":[{"embeddable":true,"href":"https:\/\/www.esplac.cat\/en\/wp-json\/wp\/v2\/media\/37456"}],"wp:attachment":[{"href":"https:\/\/www.esplac.cat\/en\/wp-json\/wp\/v2\/media?parent=37409"}],"wp:term":[{"taxonomy":"category","embeddable":true,"href":"https:\/\/www.esplac.cat\/en\/wp-json\/wp\/v2\/categories?post=37409"},{"taxonomy":"post_tag","embeddable":true,"href":"https:\/\/www.esplac.cat\/en\/wp-json\/wp\/v2\/tags?post=37409"}],"curies":[{"name":"wp","href":"https:\/\/api.w.org\/{rel}","templated":true}]}}