{"id":37698,"date":"2021-10-27T11:08:39","date_gmt":"2021-10-27T09:08:39","guid":{"rendered":"https:\/\/www.esplac.cat\/?p=37698"},"modified":"2021-10-27T11:26:57","modified_gmt":"2021-10-27T09:26:57","slug":"feminismes-defensa-vida-onzena-edicio-jornades-lleure-feminismes","status":"publish","type":"post","link":"https:\/\/www.esplac.cat\/en\/feminismes-defensa-vida-onzena-edicio-jornades-lleure-feminismes\/","title":{"rendered":"Els feminismes en defensa de la vida han guiat l\u2019onzena edici\u00f3 de les Jornades de Lleure i Feminismes"},"content":{"rendered":"<h6><strong>El 23 i 24 d\u2019octubre de 2021 es va celebrar l\u2019onzena edici\u00f3 de les Jornades de Lleure i Feminismes a la Lleialtat Santsenca de Barcelona, amb un total de 70 participants.\u00a0<\/strong><\/h6>\n<p>Ja \u00e9s el segon any que les Jornades de Lleure i Feminismes es preparen conjuntament entre l\u2019<span style=\"color: #ff9900;\"><a style=\"color: #ff9900;\" href=\"https:\/\/escolaelsol.coop\/\" target=\"_blank\" rel=\"noopener noreferrer\">Escola Lliure el Sol<\/a><\/span>, <span style=\"color: #ff9900;\"><a style=\"color: #ff9900;\" href=\"http:\/\/casalsdejoves.org\/\" target=\"_blank\" rel=\"noopener noreferrer\">Casals de Joves de Catalunya<\/a><\/span>, <span style=\"color: #ff9900;\"><a style=\"color: #ff9900;\" href=\"https:\/\/www.escoltes.org\/\" target=\"_blank\" rel=\"noopener noreferrer\">Escoltes Catalans<\/a><\/span>, <span style=\"color: #ff9900;\"><a style=\"color: #ff9900;\" href=\"https:\/\/www.escoltesiguies.cat\/\" target=\"_blank\" rel=\"noopener noreferrer\">Minyons Escoltes i Guies de Catalunya<\/a><\/span> (Demarcaci\u00f3 de Barcelona) i Esplais Catalans. <span style=\"font-weight: 400;\">Enguany s\u2019han recuperat els <strong>dos dies de formaci\u00f3<\/strong> (dissabte sencer i diumenge mat\u00ed) amb descansos entre formacions on poder menjar fruita de temporada. Enguany, s&#8217;ha volgut mantenir de certa manera la versi\u00f3 en l\u00ednia que es va haver de fer l&#8217;any passat pel context de la pand\u00e8mia i, la setmana anterior a les Jornades, es van fer dues pon\u00e8ncies obertes en l\u00ednia: dilluns 18 d\u2019octubre la <\/span><b>Magda Pi\u00f1eyro<\/b><span style=\"font-weight: 400;\"> ens va parlar de &#8220;<\/span><span style=\"font-weight: 400;\">La gordofobia como opresi\u00f3n y las resistencias cotidianas&#8221; <\/span><span style=\"font-weight: 400;\">i dimecres 20 d\u2019octubre l\u2019<\/span><b>Ana L\u00f3pez Cano <\/b><span style=\"font-weight: 400;\">va fer una xerrada titulada &#8220;<\/span><span style=\"font-weight: 400;\">Mujeres encarceladas. An\u00e1lisis cr\u00edtico feminista&#8221;.<\/span><\/p>\n<p><em><b>Les jornades, dia a dia<\/b><\/em><\/p>\n<p><span style=\"font-weight: 400;\">Pel que fa a les Jornades presencials, dissabte es van fer tallers en el marc dels diferents eixos durant tot el dia: Al mat\u00ed vam comptar amb <\/span><b>Sororitrans <\/b><span style=\"font-weight: 400;\">(&#8220;Dones trans: qui som?&#8221;), <\/span><b>Entrepobles i l\u2019Observatori DESC <\/b><span style=\"font-weight: 400;\">(&#8220;Transici\u00f3 ecosocial i lluites territorials des dels ecofeminismes. Quines sobiranies i en mans de qui?&#8221;), <\/span><b>Feminismo Comunitario <\/b><span style=\"font-weight: 400;\">(&#8220;Taller de despatriarcalitzaci\u00f3 i descolonitzaci\u00f3&#8221;), <\/span><b>Enruta\u2019t <\/b><span style=\"font-weight: 400;\">(&#8220;Taller de diversitats sexuals i de g\u00e8nere: a la varietat est\u00e0 el gust&#8221;) i <\/span><b>l\u2019Associaci\u00f3 de Drets Sexuals i Reproductius\/CJAS <\/b><span style=\"font-weight: 400;\">(&#8220;Presentaci\u00f3 guia de DSiR en el lleure&#8221;).\u00a0<\/span><\/p>\n<p><span style=\"font-weight: 400;\">A la tarda ens van acompanyar <\/span><b>Salut entre totxs <\/b><span style=\"font-weight: 400;\">(&#8220;Taller de salut comunit\u00e0ria&#8221;), <\/span><b>Observatori del Deute en la Globalitzaci\u00f3 i Acci\u00f3 Ecofeminista <\/b><span style=\"font-weight: 400;\">(&#8220;Ecofeminisme: Mirades i propostes des dels nostres territoris&#8221;), <\/span><b>Azad\u00ed Jin Grup Transfeminista Aut\u00f2nom <\/b><span style=\"font-weight: 400;\">(&#8220;La Jineolj\u00ee com a eina d\u2019autodefensa&#8221;), <\/span><b>Matriu <\/b><span style=\"font-weight: 400;\">(&#8220;Cures, gesti\u00f3 emocional i de conflictes amb eines feministes, de treball de processios i educaci\u00f3 per la Pau&#8221;) i <\/span><b>CooperAcci\u00f3 <\/b><span style=\"font-weight: 400;\">(&#8220;Repensar-nos des de l\u2019Economia Feminista&#8221;).\u00a0<\/span><\/p>\n<p><span style=\"font-weight: 400;\">Diumenge, vam comptar amb dues taules rodones: Una d\u2019elles sobre suport mutu, economia feminista i cures on hi van participar el <\/span><b>Feminismo Comunitario <\/b><span style=\"font-weight: 400;\">i la <\/span><b>Xarxa de Dones Cosidores, <\/b><span style=\"font-weight: 400;\">i una altra sobre salut amb la pres\u00e8ncia de <\/span><b>Metzineres i Radio Nik\u00f2sia<\/b><span style=\"font-weight: 400;\">. Tamb\u00e9 vam comptar amb un taller de <\/span><b>REDS &#8211; Red de solidaridad para la transformaci\u00f3n social <\/b><span style=\"font-weight: 400;\">(&#8220;Eines pr\u00e0ctiques de la comunicaci\u00f3 noviolenta per una cultura de la col\u00b7laboraci\u00f3&#8221;).\u00a0<\/span><\/p>\n<p><span style=\"font-weight: 400;\">Durant els dos dies es podia veure una exposici\u00f3 gr\u00e0fica a c\u00e0rrec d\u2019<\/span><b>Enruta\u2019t. <\/b><span style=\"font-weight: 400;\">Les Jornades van concloure amb una batucada a la Pla\u00e7a Bonet i Muix\u00ed a l\u2019hora del vermut de la m\u00e0 de <\/span><b>Soms\u00f3 Batucada. <\/b><span style=\"font-weight: 400;\">\u00a0<\/span><\/p>\n<p><em><b>Vincles i feminisme<\/b><\/em><\/p>\n<p><span style=\"font-weight: 400;\">Un any m\u00e9s hem seguit consolidant i enfortint els vincles entre les diferents entitats de lleure i els moviments feministes i de GSDD (G\u00e8neres i Sexualitats Diverses i Dissidents) i hem explorat possibles aliances per seguir treballant cap a una educaci\u00f3 i un m\u00f3n m\u00e9s just, lliure, divers i feminista!<\/span><\/p>\n<p>&nbsp;<\/p>\n\n\t\t<style type=\"text\/css\">\n\t\t\t#gallery-1 {\n\t\t\t\tmargin: auto;\n\t\t\t}\n\t\t\t#gallery-1 .gallery-item {\n\t\t\t\tfloat: left;\n\t\t\t\tmargin-top: 10px;\n\t\t\t\ttext-align: center;\n\t\t\t\twidth: 50%;\n\t\t\t}\n\t\t\t#gallery-1 img {\n\t\t\t\tborder: 2px solid #cfcfcf;\n\t\t\t}\n\t\t\t#gallery-1 .gallery-caption {\n\t\t\t\tmargin-left: 0;\n\t\t\t}\n\t\t\t\/* see gallery_shortcode() in wp-includes\/media.php *\/\n\t\t<\/style>\n\t\t<div id='gallery-1' class='gallery galleryid-37698 gallery-columns-2 gallery-size-medium'><dl class='gallery-item'>\n\t\t\t<dt class='gallery-icon landscape'>\n\t\t\t\t<a data-rel=\"iLightbox[postimages]\" data-title=\"1\" data-caption=\"\" href='https:\/\/www.esplac.cat\/wp-content\/uploads\/2021\/10\/1-1.jpg'><img decoding=\"async\" width=\"300\" height=\"225\" src=\"https:\/\/www.esplac.cat\/wp-content\/uploads\/2021\/10\/1-1-300x225.jpg\" class=\"attachment-medium size-medium\" alt=\"\" srcset=\"https:\/\/www.esplac.cat\/wp-content\/uploads\/2021\/10\/1-1-200x150.jpg 200w, https:\/\/www.esplac.cat\/wp-content\/uploads\/2021\/10\/1-1-300x225.jpg 300w, https:\/\/www.esplac.cat\/wp-content\/uploads\/2021\/10\/1-1-400x300.jpg 400w, https:\/\/www.esplac.cat\/wp-content\/uploads\/2021\/10\/1-1-600x450.jpg 600w, https:\/\/www.esplac.cat\/wp-content\/uploads\/2021\/10\/1-1-768x576.jpg 768w, https:\/\/www.esplac.cat\/wp-content\/uploads\/2021\/10\/1-1-800x600.jpg 800w, https:\/\/www.esplac.cat\/wp-content\/uploads\/2021\/10\/1-1-1024x768.jpg 1024w, https:\/\/www.esplac.cat\/wp-content\/uploads\/2021\/10\/1-1-1200x900.jpg 1200w, https:\/\/www.esplac.cat\/wp-content\/uploads\/2021\/10\/1-1-1536x1152.jpg 1536w, https:\/\/www.esplac.cat\/wp-content\/uploads\/2021\/10\/1-1.jpg 1600w\" sizes=\"(max-width: 300px) 100vw, 300px\" \/><\/a>\n\t\t\t<\/dt><\/dl><dl class='gallery-item'>\n\t\t\t<dt class='gallery-icon landscape'>\n\t\t\t\t<a data-rel=\"iLightbox[postimages]\" data-title=\"2\" data-caption=\"\" href='https:\/\/www.esplac.cat\/wp-content\/uploads\/2021\/10\/2.jpg'><img decoding=\"async\" width=\"300\" height=\"225\" src=\"https:\/\/www.esplac.cat\/wp-content\/uploads\/2021\/10\/2-300x225.jpg\" class=\"attachment-medium size-medium\" alt=\"\" srcset=\"https:\/\/www.esplac.cat\/wp-content\/uploads\/2021\/10\/2-200x150.jpg 200w, https:\/\/www.esplac.cat\/wp-content\/uploads\/2021\/10\/2-300x225.jpg 300w, https:\/\/www.esplac.cat\/wp-content\/uploads\/2021\/10\/2-400x300.jpg 400w, https:\/\/www.esplac.cat\/wp-content\/uploads\/2021\/10\/2-600x450.jpg 600w, https:\/\/www.esplac.cat\/wp-content\/uploads\/2021\/10\/2-768x576.jpg 768w, https:\/\/www.esplac.cat\/wp-content\/uploads\/2021\/10\/2-800x600.jpg 800w, https:\/\/www.esplac.cat\/wp-content\/uploads\/2021\/10\/2-1024x768.jpg 1024w, https:\/\/www.esplac.cat\/wp-content\/uploads\/2021\/10\/2-1200x900.jpg 1200w, https:\/\/www.esplac.cat\/wp-content\/uploads\/2021\/10\/2-1536x1152.jpg 1536w, https:\/\/www.esplac.cat\/wp-content\/uploads\/2021\/10\/2.jpg 1600w\" sizes=\"(max-width: 300px) 100vw, 300px\" \/><\/a>\n\t\t\t<\/dt><\/dl><br style=\"clear: both\" \/><dl class='gallery-item'>\n\t\t\t<dt class='gallery-icon landscape'>\n\t\t\t\t<a data-rel=\"iLightbox[postimages]\" data-title=\"FCYF6uRX0AIGk9A\" data-caption=\"\" href='https:\/\/www.esplac.cat\/wp-content\/uploads\/2021\/10\/FCYF6uRX0AIGk9A.jpeg'><img decoding=\"async\" width=\"300\" height=\"225\" src=\"https:\/\/www.esplac.cat\/wp-content\/uploads\/2021\/10\/FCYF6uRX0AIGk9A-300x225.jpeg\" class=\"attachment-medium size-medium\" alt=\"\" srcset=\"https:\/\/www.esplac.cat\/wp-content\/uploads\/2021\/10\/FCYF6uRX0AIGk9A-200x150.jpeg 200w, https:\/\/www.esplac.cat\/wp-content\/uploads\/2021\/10\/FCYF6uRX0AIGk9A-300x225.jpeg 300w, https:\/\/www.esplac.cat\/wp-content\/uploads\/2021\/10\/FCYF6uRX0AIGk9A-400x300.jpeg 400w, https:\/\/www.esplac.cat\/wp-content\/uploads\/2021\/10\/FCYF6uRX0AIGk9A-600x450.jpeg 600w, https:\/\/www.esplac.cat\/wp-content\/uploads\/2021\/10\/FCYF6uRX0AIGk9A-768x576.jpeg 768w, https:\/\/www.esplac.cat\/wp-content\/uploads\/2021\/10\/FCYF6uRX0AIGk9A-800x600.jpeg 800w, https:\/\/www.esplac.cat\/wp-content\/uploads\/2021\/10\/FCYF6uRX0AIGk9A.jpeg 1024w\" sizes=\"(max-width: 300px) 100vw, 300px\" \/><\/a>\n\t\t\t<\/dt><\/dl><dl class='gallery-item'>\n\t\t\t<dt class='gallery-icon landscape'>\n\t\t\t\t<a data-rel=\"iLightbox[postimages]\" data-title=\"FCYF6ibXEAAoCVg\" data-caption=\"\" href='https:\/\/www.esplac.cat\/wp-content\/uploads\/2021\/10\/FCYF6ibXEAAoCVg.jpeg'><img decoding=\"async\" width=\"300\" height=\"225\" src=\"https:\/\/www.esplac.cat\/wp-content\/uploads\/2021\/10\/FCYF6ibXEAAoCVg-300x225.jpeg\" class=\"attachment-medium size-medium\" alt=\"\" srcset=\"https:\/\/www.esplac.cat\/wp-content\/uploads\/2021\/10\/FCYF6ibXEAAoCVg-200x150.jpeg 200w, https:\/\/www.esplac.cat\/wp-content\/uploads\/2021\/10\/FCYF6ibXEAAoCVg-300x225.jpeg 300w, https:\/\/www.esplac.cat\/wp-content\/uploads\/2021\/10\/FCYF6ibXEAAoCVg-400x300.jpeg 400w, https:\/\/www.esplac.cat\/wp-content\/uploads\/2021\/10\/FCYF6ibXEAAoCVg-600x450.jpeg 600w, https:\/\/www.esplac.cat\/wp-content\/uploads\/2021\/10\/FCYF6ibXEAAoCVg-768x576.jpeg 768w, https:\/\/www.esplac.cat\/wp-content\/uploads\/2021\/10\/FCYF6ibXEAAoCVg-800x600.jpeg 800w, https:\/\/www.esplac.cat\/wp-content\/uploads\/2021\/10\/FCYF6ibXEAAoCVg.jpeg 1024w\" sizes=\"(max-width: 300px) 100vw, 300px\" \/><\/a>\n\t\t\t<\/dt><\/dl><br style=\"clear: both\" \/>\n\t\t<\/div>\n\n","protected":false},"excerpt":{"rendered":"<p>El 23 i 24 d\u2019octubre de 2021 es va celebrar [&hellip;]<\/p>\n","protected":false},"author":3,"featured_media":37700,"comment_status":"closed","ping_status":"closed","sticky":false,"template":"","format":"standard","meta":{"om_disable_all_campaigns":false,"_monsterinsights_skip_tracking":false,"_monsterinsights_sitenote_active":false,"_monsterinsights_sitenote_note":"","_monsterinsights_sitenote_category":0,"_uf_show_specific_survey":0,"_uf_disable_surveys":false,"footnotes":""},"categories":[1158],"tags":[],"class_list":["post-37698","post","type-post","status-publish","format-standard","has-post-thumbnail","hentry","category-jornades-lleure-feminismes"],"yoast_head":"<!-- This site is optimized with the Yoast SEO plugin v27.5 - https:\/\/yoast.com\/product\/yoast-seo-wordpress\/ -->\n<title>Els feminismes en defensa de la vida: Jornades de Lleure i Feminismes<\/title>\n<meta name=\"description\" content=\"El 23 i 24 d\u2019octubre de 2021 es va celebrar l\u2019onzena edici\u00f3 de les Jornades de Lleure i Feminismes a la Lleialtat Santsenca de Barcelona, amb un total de 70 participants.\u00a0\" \/>\n<meta name=\"robots\" content=\"index, follow, max-snippet:-1, max-image-preview:large, max-video-preview:-1\" \/>\n<link rel=\"canonical\" href=\"https:\/\/www.esplac.cat\/en\/feminismes-defensa-vida-onzena-edicio-jornades-lleure-feminismes\/\" \/>\n<meta property=\"og:locale\" content=\"en_US\" \/>\n<meta property=\"og:type\" content=\"article\" \/>\n<meta property=\"og:title\" content=\"Els feminismes en defensa de la vida: Jornades de Lleure i Feminismes\" \/>\n<meta property=\"og:description\" content=\"El 23 i 24 d\u2019octubre de 2021 es va celebrar l\u2019onzena edici\u00f3 de les Jornades de Lleure i Feminismes a la Lleialtat Santsenca de Barcelona, amb un total de 70 participants.\u00a0\" \/>\n<meta property=\"og:url\" content=\"https:\/\/www.esplac.cat\/en\/feminismes-defensa-vida-onzena-edicio-jornades-lleure-feminismes\/\" \/>\n<meta property=\"og:site_name\" content=\"Esplac\" \/>\n<meta property=\"article:published_time\" content=\"2021-10-27T09:08:39+00:00\" \/>\n<meta property=\"article:modified_time\" content=\"2021-10-27T09:26:57+00:00\" \/>\n<meta property=\"og:image\" content=\"https:\/\/www.esplac.cat\/wp-content\/uploads\/2021\/10\/JornadesLLF_portada.jpg\" \/>\n\t<meta property=\"og:image:width\" content=\"1697\" \/>\n\t<meta property=\"og:image:height\" content=\"700\" \/>\n\t<meta property=\"og:image:type\" content=\"image\/jpeg\" \/>\n<meta name=\"author\" content=\"Comunicaci\u00f3 Esplac\" \/>\n<meta name=\"twitter:card\" content=\"summary_large_image\" \/>\n<meta name=\"twitter:label1\" content=\"Written by\" \/>\n\t<meta name=\"twitter:data1\" content=\"Comunicaci\u00f3 Esplac\" \/>\n\t<meta name=\"twitter:label2\" content=\"Est. reading time\" \/>\n\t<meta name=\"twitter:data2\" content=\"3 minutes\" \/>\n<script type=\"application\/ld+json\" class=\"yoast-schema-graph\">{\"@context\":\"https:\\\/\\\/schema.org\",\"@graph\":[{\"@type\":\"Article\",\"@id\":\"https:\\\/\\\/www.esplac.cat\\\/en\\\/feminismes-defensa-vida-onzena-edicio-jornades-lleure-feminismes\\\/#article\",\"isPartOf\":{\"@id\":\"https:\\\/\\\/www.esplac.cat\\\/en\\\/feminismes-defensa-vida-onzena-edicio-jornades-lleure-feminismes\\\/\"},\"author\":{\"name\":\"Comunicaci\u00f3 Esplac\",\"@id\":\"https:\\\/\\\/www.esplac.cat\\\/#\\\/schema\\\/person\\\/908383cf240be18b68f8855d0583faca\"},\"headline\":\"Els feminismes en defensa de la vida han guiat l\u2019onzena edici\u00f3 de les Jornades de Lleure i Feminismes\",\"datePublished\":\"2021-10-27T09:08:39+00:00\",\"dateModified\":\"2021-10-27T09:26:57+00:00\",\"mainEntityOfPage\":{\"@id\":\"https:\\\/\\\/www.esplac.cat\\\/en\\\/feminismes-defensa-vida-onzena-edicio-jornades-lleure-feminismes\\\/\"},\"wordCount\":548,\"publisher\":{\"@id\":\"https:\\\/\\\/www.esplac.cat\\\/#organization\"},\"image\":{\"@id\":\"https:\\\/\\\/www.esplac.cat\\\/en\\\/feminismes-defensa-vida-onzena-edicio-jornades-lleure-feminismes\\\/#primaryimage\"},\"thumbnailUrl\":\"https:\\\/\\\/www.esplac.cat\\\/wp-content\\\/uploads\\\/2021\\\/10\\\/JornadesLLF_portada.jpg\",\"articleSection\":[\"Jornades de Lleure i Feminismes\"],\"inLanguage\":\"en-US\"},{\"@type\":\"WebPage\",\"@id\":\"https:\\\/\\\/www.esplac.cat\\\/en\\\/feminismes-defensa-vida-onzena-edicio-jornades-lleure-feminismes\\\/\",\"url\":\"https:\\\/\\\/www.esplac.cat\\\/en\\\/feminismes-defensa-vida-onzena-edicio-jornades-lleure-feminismes\\\/\",\"name\":\"Els feminismes en defensa de la vida: Jornades de Lleure i Feminismes\",\"isPartOf\":{\"@id\":\"https:\\\/\\\/www.esplac.cat\\\/#website\"},\"primaryImageOfPage\":{\"@id\":\"https:\\\/\\\/www.esplac.cat\\\/en\\\/feminismes-defensa-vida-onzena-edicio-jornades-lleure-feminismes\\\/#primaryimage\"},\"image\":{\"@id\":\"https:\\\/\\\/www.esplac.cat\\\/en\\\/feminismes-defensa-vida-onzena-edicio-jornades-lleure-feminismes\\\/#primaryimage\"},\"thumbnailUrl\":\"https:\\\/\\\/www.esplac.cat\\\/wp-content\\\/uploads\\\/2021\\\/10\\\/JornadesLLF_portada.jpg\",\"datePublished\":\"2021-10-27T09:08:39+00:00\",\"dateModified\":\"2021-10-27T09:26:57+00:00\",\"description\":\"El 23 i 24 d\u2019octubre de 2021 es va celebrar l\u2019onzena edici\u00f3 de les Jornades de Lleure i Feminismes a la Lleialtat Santsenca de Barcelona, amb un total de 70 participants.\u00a0\",\"breadcrumb\":{\"@id\":\"https:\\\/\\\/www.esplac.cat\\\/en\\\/feminismes-defensa-vida-onzena-edicio-jornades-lleure-feminismes\\\/#breadcrumb\"},\"inLanguage\":\"en-US\",\"potentialAction\":[{\"@type\":\"ReadAction\",\"target\":[\"https:\\\/\\\/www.esplac.cat\\\/en\\\/feminismes-defensa-vida-onzena-edicio-jornades-lleure-feminismes\\\/\"]}]},{\"@type\":\"ImageObject\",\"inLanguage\":\"en-US\",\"@id\":\"https:\\\/\\\/www.esplac.cat\\\/en\\\/feminismes-defensa-vida-onzena-edicio-jornades-lleure-feminismes\\\/#primaryimage\",\"url\":\"https:\\\/\\\/www.esplac.cat\\\/wp-content\\\/uploads\\\/2021\\\/10\\\/JornadesLLF_portada.jpg\",\"contentUrl\":\"https:\\\/\\\/www.esplac.cat\\\/wp-content\\\/uploads\\\/2021\\\/10\\\/JornadesLLF_portada.jpg\",\"width\":1697,\"height\":700},{\"@type\":\"BreadcrumbList\",\"@id\":\"https:\\\/\\\/www.esplac.cat\\\/en\\\/feminismes-defensa-vida-onzena-edicio-jornades-lleure-feminismes\\\/#breadcrumb\",\"itemListElement\":[{\"@type\":\"ListItem\",\"position\":1,\"name\":\"Inici\",\"item\":\"https:\\\/\\\/www.esplac.cat\\\/en\\\/\"},{\"@type\":\"ListItem\",\"position\":2,\"name\":\"Els feminismes en defensa de la vida han guiat l\u2019onzena edici\u00f3 de les Jornades de Lleure i Feminismes\"}]},{\"@type\":\"WebSite\",\"@id\":\"https:\\\/\\\/www.esplac.cat\\\/#website\",\"url\":\"https:\\\/\\\/www.esplac.cat\\\/\",\"name\":\"Esplac\",\"description\":\"Esplais Catalans\",\"publisher\":{\"@id\":\"https:\\\/\\\/www.esplac.cat\\\/#organization\"},\"potentialAction\":[{\"@type\":\"SearchAction\",\"target\":{\"@type\":\"EntryPoint\",\"urlTemplate\":\"https:\\\/\\\/www.esplac.cat\\\/?s={search_term_string}\"},\"query-input\":{\"@type\":\"PropertyValueSpecification\",\"valueRequired\":true,\"valueName\":\"search_term_string\"}}],\"inLanguage\":\"en-US\"},{\"@type\":\"Organization\",\"@id\":\"https:\\\/\\\/www.esplac.cat\\\/#organization\",\"name\":\"Esplac\",\"url\":\"https:\\\/\\\/www.esplac.cat\\\/\",\"logo\":{\"@type\":\"ImageObject\",\"inLanguage\":\"en-US\",\"@id\":\"https:\\\/\\\/www.esplac.cat\\\/#\\\/schema\\\/logo\\\/image\\\/\",\"url\":\"https:\\\/\\\/www.esplac.cat\\\/wp-content\\\/uploads\\\/2019\\\/08\\\/logox2.png\",\"contentUrl\":\"https:\\\/\\\/www.esplac.cat\\\/wp-content\\\/uploads\\\/2019\\\/08\\\/logox2.png\",\"width\":600,\"height\":295,\"caption\":\"Esplac\"},\"image\":{\"@id\":\"https:\\\/\\\/www.esplac.cat\\\/#\\\/schema\\\/logo\\\/image\\\/\"}},{\"@type\":\"Person\",\"@id\":\"https:\\\/\\\/www.esplac.cat\\\/#\\\/schema\\\/person\\\/908383cf240be18b68f8855d0583faca\",\"name\":\"Comunicaci\u00f3 Esplac\",\"image\":{\"@type\":\"ImageObject\",\"inLanguage\":\"en-US\",\"@id\":\"https:\\\/\\\/secure.gravatar.com\\\/avatar\\\/7a4cf8feb412a76ea4a740ca02d95b06b2907b5a6c648c2dd0a1082a093c3141?s=96&d=mm&r=g\",\"url\":\"https:\\\/\\\/secure.gravatar.com\\\/avatar\\\/7a4cf8feb412a76ea4a740ca02d95b06b2907b5a6c648c2dd0a1082a093c3141?s=96&d=mm&r=g\",\"contentUrl\":\"https:\\\/\\\/secure.gravatar.com\\\/avatar\\\/7a4cf8feb412a76ea4a740ca02d95b06b2907b5a6c648c2dd0a1082a093c3141?s=96&d=mm&r=g\",\"caption\":\"Comunicaci\u00f3 Esplac\"}}]}<\/script>\n<!-- \/ Yoast SEO plugin. -->","yoast_head_json":{"title":"Els feminismes en defensa de la vida: Jornades de Lleure i Feminismes","description":"El 23 i 24 d\u2019octubre de 2021 es va celebrar l\u2019onzena edici\u00f3 de les Jornades de Lleure i Feminismes a la Lleialtat Santsenca de Barcelona, amb un total de 70 participants.\u00a0","robots":{"index":"index","follow":"follow","max-snippet":"max-snippet:-1","max-image-preview":"max-image-preview:large","max-video-preview":"max-video-preview:-1"},"canonical":"https:\/\/www.esplac.cat\/en\/feminismes-defensa-vida-onzena-edicio-jornades-lleure-feminismes\/","og_locale":"en_US","og_type":"article","og_title":"Els feminismes en defensa de la vida: Jornades de Lleure i Feminismes","og_description":"El 23 i 24 d\u2019octubre de 2021 es va celebrar l\u2019onzena edici\u00f3 de les Jornades de Lleure i Feminismes a la Lleialtat Santsenca de Barcelona, amb un total de 70 participants.\u00a0","og_url":"https:\/\/www.esplac.cat\/en\/feminismes-defensa-vida-onzena-edicio-jornades-lleure-feminismes\/","og_site_name":"Esplac","article_published_time":"2021-10-27T09:08:39+00:00","article_modified_time":"2021-10-27T09:26:57+00:00","og_image":[{"width":1697,"height":700,"url":"https:\/\/www.esplac.cat\/wp-content\/uploads\/2021\/10\/JornadesLLF_portada.jpg","type":"image\/jpeg"}],"author":"Comunicaci\u00f3 Esplac","twitter_card":"summary_large_image","twitter_misc":{"Written by":"Comunicaci\u00f3 Esplac","Est. reading time":"3 minutes"},"schema":{"@context":"https:\/\/schema.org","@graph":[{"@type":"Article","@id":"https:\/\/www.esplac.cat\/en\/feminismes-defensa-vida-onzena-edicio-jornades-lleure-feminismes\/#article","isPartOf":{"@id":"https:\/\/www.esplac.cat\/en\/feminismes-defensa-vida-onzena-edicio-jornades-lleure-feminismes\/"},"author":{"name":"Comunicaci\u00f3 Esplac","@id":"https:\/\/www.esplac.cat\/#\/schema\/person\/908383cf240be18b68f8855d0583faca"},"headline":"Els feminismes en defensa de la vida han guiat l\u2019onzena edici\u00f3 de les Jornades de Lleure i Feminismes","datePublished":"2021-10-27T09:08:39+00:00","dateModified":"2021-10-27T09:26:57+00:00","mainEntityOfPage":{"@id":"https:\/\/www.esplac.cat\/en\/feminismes-defensa-vida-onzena-edicio-jornades-lleure-feminismes\/"},"wordCount":548,"publisher":{"@id":"https:\/\/www.esplac.cat\/#organization"},"image":{"@id":"https:\/\/www.esplac.cat\/en\/feminismes-defensa-vida-onzena-edicio-jornades-lleure-feminismes\/#primaryimage"},"thumbnailUrl":"https:\/\/www.esplac.cat\/wp-content\/uploads\/2021\/10\/JornadesLLF_portada.jpg","articleSection":["Jornades de Lleure i Feminismes"],"inLanguage":"en-US"},{"@type":"WebPage","@id":"https:\/\/www.esplac.cat\/en\/feminismes-defensa-vida-onzena-edicio-jornades-lleure-feminismes\/","url":"https:\/\/www.esplac.cat\/en\/feminismes-defensa-vida-onzena-edicio-jornades-lleure-feminismes\/","name":"Els feminismes en defensa de la vida: Jornades de Lleure i Feminismes","isPartOf":{"@id":"https:\/\/www.esplac.cat\/#website"},"primaryImageOfPage":{"@id":"https:\/\/www.esplac.cat\/en\/feminismes-defensa-vida-onzena-edicio-jornades-lleure-feminismes\/#primaryimage"},"image":{"@id":"https:\/\/www.esplac.cat\/en\/feminismes-defensa-vida-onzena-edicio-jornades-lleure-feminismes\/#primaryimage"},"thumbnailUrl":"https:\/\/www.esplac.cat\/wp-content\/uploads\/2021\/10\/JornadesLLF_portada.jpg","datePublished":"2021-10-27T09:08:39+00:00","dateModified":"2021-10-27T09:26:57+00:00","description":"El 23 i 24 d\u2019octubre de 2021 es va celebrar l\u2019onzena edici\u00f3 de les Jornades de Lleure i Feminismes a la Lleialtat Santsenca de Barcelona, amb un total de 70 participants.\u00a0","breadcrumb":{"@id":"https:\/\/www.esplac.cat\/en\/feminismes-defensa-vida-onzena-edicio-jornades-lleure-feminismes\/#breadcrumb"},"inLanguage":"en-US","potentialAction":[{"@type":"ReadAction","target":["https:\/\/www.esplac.cat\/en\/feminismes-defensa-vida-onzena-edicio-jornades-lleure-feminismes\/"]}]},{"@type":"ImageObject","inLanguage":"en-US","@id":"https:\/\/www.esplac.cat\/en\/feminismes-defensa-vida-onzena-edicio-jornades-lleure-feminismes\/#primaryimage","url":"https:\/\/www.esplac.cat\/wp-content\/uploads\/2021\/10\/JornadesLLF_portada.jpg","contentUrl":"https:\/\/www.esplac.cat\/wp-content\/uploads\/2021\/10\/JornadesLLF_portada.jpg","width":1697,"height":700},{"@type":"BreadcrumbList","@id":"https:\/\/www.esplac.cat\/en\/feminismes-defensa-vida-onzena-edicio-jornades-lleure-feminismes\/#breadcrumb","itemListElement":[{"@type":"ListItem","position":1,"name":"Inici","item":"https:\/\/www.esplac.cat\/en\/"},{"@type":"ListItem","position":2,"name":"Els feminismes en defensa de la vida han guiat l\u2019onzena edici\u00f3 de les Jornades de Lleure i Feminismes"}]},{"@type":"WebSite","@id":"https:\/\/www.esplac.cat\/#website","url":"https:\/\/www.esplac.cat\/","name":"Esplac","description":"Esplais Catalans","publisher":{"@id":"https:\/\/www.esplac.cat\/#organization"},"potentialAction":[{"@type":"SearchAction","target":{"@type":"EntryPoint","urlTemplate":"https:\/\/www.esplac.cat\/?s={search_term_string}"},"query-input":{"@type":"PropertyValueSpecification","valueRequired":true,"valueName":"search_term_string"}}],"inLanguage":"en-US"},{"@type":"Organization","@id":"https:\/\/www.esplac.cat\/#organization","name":"Esplac","url":"https:\/\/www.esplac.cat\/","logo":{"@type":"ImageObject","inLanguage":"en-US","@id":"https:\/\/www.esplac.cat\/#\/schema\/logo\/image\/","url":"https:\/\/www.esplac.cat\/wp-content\/uploads\/2019\/08\/logox2.png","contentUrl":"https:\/\/www.esplac.cat\/wp-content\/uploads\/2019\/08\/logox2.png","width":600,"height":295,"caption":"Esplac"},"image":{"@id":"https:\/\/www.esplac.cat\/#\/schema\/logo\/image\/"}},{"@type":"Person","@id":"https:\/\/www.esplac.cat\/#\/schema\/person\/908383cf240be18b68f8855d0583faca","name":"Comunicaci\u00f3 Esplac","image":{"@type":"ImageObject","inLanguage":"en-US","@id":"https:\/\/secure.gravatar.com\/avatar\/7a4cf8feb412a76ea4a740ca02d95b06b2907b5a6c648c2dd0a1082a093c3141?s=96&d=mm&r=g","url":"https:\/\/secure.gravatar.com\/avatar\/7a4cf8feb412a76ea4a740ca02d95b06b2907b5a6c648c2dd0a1082a093c3141?s=96&d=mm&r=g","contentUrl":"https:\/\/secure.gravatar.com\/avatar\/7a4cf8feb412a76ea4a740ca02d95b06b2907b5a6c648c2dd0a1082a093c3141?s=96&d=mm&r=g","caption":"Comunicaci\u00f3 Esplac"}}]}},"_links":{"self":[{"href":"https:\/\/www.esplac.cat\/en\/wp-json\/wp\/v2\/posts\/37698","targetHints":{"allow":["GET"]}}],"collection":[{"href":"https:\/\/www.esplac.cat\/en\/wp-json\/wp\/v2\/posts"}],"about":[{"href":"https:\/\/www.esplac.cat\/en\/wp-json\/wp\/v2\/types\/post"}],"author":[{"embeddable":true,"href":"https:\/\/www.esplac.cat\/en\/wp-json\/wp\/v2\/users\/3"}],"replies":[{"embeddable":true,"href":"https:\/\/www.esplac.cat\/en\/wp-json\/wp\/v2\/comments?post=37698"}],"version-history":[{"count":0,"href":"https:\/\/www.esplac.cat\/en\/wp-json\/wp\/v2\/posts\/37698\/revisions"}],"wp:featuredmedia":[{"embeddable":true,"href":"https:\/\/www.esplac.cat\/en\/wp-json\/wp\/v2\/media\/37700"}],"wp:attachment":[{"href":"https:\/\/www.esplac.cat\/en\/wp-json\/wp\/v2\/media?parent=37698"}],"wp:term":[{"taxonomy":"category","embeddable":true,"href":"https:\/\/www.esplac.cat\/en\/wp-json\/wp\/v2\/categories?post=37698"},{"taxonomy":"post_tag","embeddable":true,"href":"https:\/\/www.esplac.cat\/en\/wp-json\/wp\/v2\/tags?post=37698"}],"curies":[{"name":"wp","href":"https:\/\/api.w.org\/{rel}","templated":true}]}}