{"id":37860,"date":"2021-11-04T12:38:16","date_gmt":"2021-11-04T10:38:16","guid":{"rendered":"https:\/\/www.esplac.cat\/?p=37860"},"modified":"2021-11-04T12:42:53","modified_gmt":"2021-11-04T10:42:53","slug":"els-esplais-cap-a-la-banca-etica","status":"publish","type":"post","link":"https:\/\/www.esplac.cat\/en\/els-esplais-cap-a-la-banca-etica\/","title":{"rendered":"Els esplais, cap a la banca \u00e8tica!"},"content":{"rendered":"<h6><strong>Iniciem una campanya de sensibilitzaci\u00f3 per promoure una progressiva desvinculaci\u00f3 de la banca tradicional.<\/strong><\/h6>\n<p><span style=\"font-weight: 400;\">El proper <\/span><b>dimarts 9 de novembre a les 19:30 h<\/b><span style=\"font-weight: 400;\"> es dur\u00e0 a terme una reuni\u00f3 informativa sobre la Banca \u00e8tica en qu\u00e8 explicarem les condicions del banc cooperatiu <\/span><span style=\"color: #ff9900;\"><a style=\"color: #ff9900;\" href=\"https:\/\/www.fiarebancaetica.coop\/\"><span style=\"font-weight: 400;\">Fiare Banca \u00c9tica<\/span><\/a><\/span><span style=\"font-weight: 400;\"> i el proc\u00e9s a seguir per fer la migraci\u00f3 cap a la banca \u00e8tica.<\/span><\/p>\n<p><span style=\"font-weight: 400;\">En <\/span><span style=\"color: #ff9900;\"><a style=\"color: #ff9900;\" href=\"https:\/\/infoesplac.typeform.com\/to\/xGvl9H7A?typeform-source=www.google.com\"><span style=\"font-weight: 400;\">l\u2019enquesta<\/span><\/a><\/span><span style=\"font-weight: 400;\"> que vam passar als esplais a principis del 2021 per donar resposta al creixent inter\u00e8s per fer el canvi cap a la banca \u00e8tica,<strong> el 100% dels esplais que van respondre (fins a 22 esplais) segueixen treballant amb la banca tradicional<\/strong> (majorit\u00e0riament Caixabank o Banc Sabadell). S\u00f3n simb\u00f2liques les xifres d\u2019esplais d\u2019Esplac que operen amb la banca \u00e8tica, principalment Triodos Bank. Malgrat tractar-se d\u2019un inter\u00e8s majoritari, sobretot per coher\u00e8ncia amb els valors dels esplais, <strong>la burocr\u00e0cia \u00e9s un dels factors clau per explicar la resist\u00e8ncia al canvi<\/strong>, tal com apuntava l\u2019extresorer d\u2019Esplac ,Eduard Fernando, <\/span><span style=\"color: #ff9900;\"><a style=\"color: #ff9900;\" href=\"https:\/\/xarxanet.org\/economic\/noticies\/els-reptes-de-lassociacionisme-educatiu-amb-les-finances-etiques\"><span style=\"font-weight: 400;\">al mitj\u00e0 digital Xarxanet<\/span><\/a><\/span><span style=\"font-weight: 400;\">.<\/span><\/p>\n<p><span style=\"font-weight: 400;\">M\u00faltiples iniciatives, com <\/span><span style=\"color: #ff9900;\"><a style=\"color: #ff9900;\" href=\"http:\/\/www.bancaarmada.org\/ca\/campanya\/alternatives-la-banca-etica-cat\"><span style=\"font-weight: 400;\">Banca armada<\/span><\/a><\/span><span style=\"font-weight: 400;\"> o l\u2019entitat <\/span><span style=\"color: #ff9900;\"><a style=\"color: #ff9900;\" href=\"https:\/\/fets.org\/\"><span style=\"font-weight: 400;\">FETS (Finan\u00e7ament \u00c8tic i Solidari)<\/span><\/a><\/span><span style=\"font-weight: 400;\"> denuncien les institucions banc\u00e0ries que operen amb poca transpar\u00e8ncia, financen la ind\u00fastria militar o estan al darrere de desnonaments a fam\u00edlies en risc de vulnerabilitat social. <\/span><span style=\"font-weight: 400;\">Entitats com FETS o <\/span><span style=\"color: #ff9900;\"><a style=\"color: #ff9900;\" href=\"https:\/\/lacoordi.cat\/\"><span style=\"font-weight: 400;\">La Coordi<\/span><\/a><\/span><span style=\"font-weight: 400;\">, amb qui Esplac col\u00b7laborem, fomenten el finan\u00e7ament \u00e8tic i solidari, a partir de campanyes de sensibilitzaci\u00f3 i promovent iniciatives de serveis financers, com la cooperativa de cr\u00e8dit i estalvi Coop57 o Fiare Banca \u00c9tica.<\/span><\/p>\n<p><span style=\"font-weight: 400;\">Actualment, Esplac ja contractem les assegurances que cobreixen als infants, monitores i monitors dels esplais a trav\u00e9s d\u2019<\/span><span style=\"color: #ff9900;\"><a style=\"color: #ff9900;\" href=\"https:\/\/arc.coop\/\"><span style=\"font-weight: 400;\">Ar\u00e7 Cooperativa<\/span><\/a><\/span><span style=\"font-weight: 400;\">, i des de la <\/span><span style=\"color: #ff9900;\"><a style=\"color: #ff9900;\" href=\"https:\/\/www.esplac.cat\/comissions\/reduint-petjada\/\"><span style=\"font-weight: 400;\">Comissi\u00f3 Reduint Petjada<\/span><\/a><\/span><span style=\"font-weight: 400;\"> estem treballant per <strong>impulsar un canvi cap a la banca \u00e8tica dels esplais d\u2019Esplac<\/strong>, amb l\u2019objectiu de treballar de forma coherent amb l\u2019ideari de les entitats que conformen l\u2019associaci\u00f3 i que els diners treballin per a finan\u00e7ar projectes socials.\u00a0<\/span><\/p>\n<p>Aix\u00ed doncs, recordeu, si voleu fer el pas a la banca \u00e8tica, connecteu-vos telem\u00e0ticament el proper dimarts 9 de novembre, a les 19.30 h. Confirmeu assist\u00e8ncia a l&#8217;Era i all\u00e0 trobareu l&#8217;enlla\u00e7 per a la reuni\u00f3.<\/p>\n","protected":false},"excerpt":{"rendered":"<p>Iniciem una campanya de sensibilitzaci\u00f3 per promoure una progressiva desvinculaci\u00f3 [&hellip;]<\/p>\n","protected":false},"author":3,"featured_media":37868,"comment_status":"closed","ping_status":"closed","sticky":false,"template":"","format":"standard","meta":{"om_disable_all_campaigns":false,"_monsterinsights_skip_tracking":false,"_monsterinsights_sitenote_active":false,"_monsterinsights_sitenote_note":"","_monsterinsights_sitenote_category":0,"_uf_show_specific_survey":0,"_uf_disable_surveys":false,"footnotes":""},"categories":[1161],"tags":[],"class_list":["post-37860","post","type-post","status-publish","format-standard","has-post-thumbnail","hentry","category-comissio-reduint-petjada"],"yoast_head":"<!-- This site is optimized with the Yoast SEO plugin v27.4 - https:\/\/yoast.com\/product\/yoast-seo-wordpress\/ -->\n<title>Els esplais, cap a la banca \u00e8tica! - Esplac<\/title>\n<meta name=\"robots\" content=\"index, follow, max-snippet:-1, max-image-preview:large, max-video-preview:-1\" \/>\n<link rel=\"canonical\" href=\"https:\/\/www.esplac.cat\/en\/els-esplais-cap-a-la-banca-etica\/\" \/>\n<meta property=\"og:locale\" content=\"en_US\" \/>\n<meta property=\"og:type\" content=\"article\" \/>\n<meta property=\"og:title\" content=\"Els esplais, cap a la banca \u00e8tica! - Esplac\" \/>\n<meta property=\"og:description\" content=\"Iniciem una campanya de sensibilitzaci\u00f3 per promoure una progressiva desvinculaci\u00f3 [&hellip;]\" \/>\n<meta property=\"og:url\" content=\"https:\/\/www.esplac.cat\/en\/els-esplais-cap-a-la-banca-etica\/\" \/>\n<meta property=\"og:site_name\" content=\"Esplac\" \/>\n<meta property=\"article:published_time\" content=\"2021-11-04T10:38:16+00:00\" \/>\n<meta property=\"article:modified_time\" content=\"2021-11-04T10:42:53+00:00\" \/>\n<meta property=\"og:image\" content=\"https:\/\/www.esplac.cat\/wp-content\/uploads\/2021\/11\/Portades-Web-1.jpg\" \/>\n\t<meta property=\"og:image:width\" content=\"1697\" \/>\n\t<meta property=\"og:image:height\" content=\"700\" \/>\n\t<meta property=\"og:image:type\" content=\"image\/jpeg\" \/>\n<meta name=\"author\" content=\"Comunicaci\u00f3 Esplac\" \/>\n<meta name=\"twitter:card\" content=\"summary_large_image\" \/>\n<meta name=\"twitter:label1\" content=\"Written by\" \/>\n\t<meta name=\"twitter:data1\" content=\"Comunicaci\u00f3 Esplac\" \/>\n\t<meta name=\"twitter:label2\" content=\"Est. reading time\" \/>\n\t<meta name=\"twitter:data2\" content=\"2 minutes\" \/>\n<script type=\"application\/ld+json\" class=\"yoast-schema-graph\">{\"@context\":\"https:\\\/\\\/schema.org\",\"@graph\":[{\"@type\":\"Article\",\"@id\":\"https:\\\/\\\/www.esplac.cat\\\/en\\\/els-esplais-cap-a-la-banca-etica\\\/#article\",\"isPartOf\":{\"@id\":\"https:\\\/\\\/www.esplac.cat\\\/en\\\/els-esplais-cap-a-la-banca-etica\\\/\"},\"author\":{\"name\":\"Comunicaci\u00f3 Esplac\",\"@id\":\"https:\\\/\\\/www.esplac.cat\\\/#\\\/schema\\\/person\\\/908383cf240be18b68f8855d0583faca\"},\"headline\":\"Els esplais, cap a la banca \u00e8tica!\",\"datePublished\":\"2021-11-04T10:38:16+00:00\",\"dateModified\":\"2021-11-04T10:42:53+00:00\",\"mainEntityOfPage\":{\"@id\":\"https:\\\/\\\/www.esplac.cat\\\/en\\\/els-esplais-cap-a-la-banca-etica\\\/\"},\"wordCount\":375,\"publisher\":{\"@id\":\"https:\\\/\\\/www.esplac.cat\\\/#organization\"},\"image\":{\"@id\":\"https:\\\/\\\/www.esplac.cat\\\/en\\\/els-esplais-cap-a-la-banca-etica\\\/#primaryimage\"},\"thumbnailUrl\":\"https:\\\/\\\/www.esplac.cat\\\/wp-content\\\/uploads\\\/2021\\\/11\\\/Portades-Web-1.jpg\",\"articleSection\":[\"Comissi\u00f3 Reduint Petjada\"],\"inLanguage\":\"en-US\"},{\"@type\":\"WebPage\",\"@id\":\"https:\\\/\\\/www.esplac.cat\\\/en\\\/els-esplais-cap-a-la-banca-etica\\\/\",\"url\":\"https:\\\/\\\/www.esplac.cat\\\/en\\\/els-esplais-cap-a-la-banca-etica\\\/\",\"name\":\"Els esplais, cap a la banca \u00e8tica! - Esplac\",\"isPartOf\":{\"@id\":\"https:\\\/\\\/www.esplac.cat\\\/#website\"},\"primaryImageOfPage\":{\"@id\":\"https:\\\/\\\/www.esplac.cat\\\/en\\\/els-esplais-cap-a-la-banca-etica\\\/#primaryimage\"},\"image\":{\"@id\":\"https:\\\/\\\/www.esplac.cat\\\/en\\\/els-esplais-cap-a-la-banca-etica\\\/#primaryimage\"},\"thumbnailUrl\":\"https:\\\/\\\/www.esplac.cat\\\/wp-content\\\/uploads\\\/2021\\\/11\\\/Portades-Web-1.jpg\",\"datePublished\":\"2021-11-04T10:38:16+00:00\",\"dateModified\":\"2021-11-04T10:42:53+00:00\",\"breadcrumb\":{\"@id\":\"https:\\\/\\\/www.esplac.cat\\\/en\\\/els-esplais-cap-a-la-banca-etica\\\/#breadcrumb\"},\"inLanguage\":\"en-US\",\"potentialAction\":[{\"@type\":\"ReadAction\",\"target\":[\"https:\\\/\\\/www.esplac.cat\\\/en\\\/els-esplais-cap-a-la-banca-etica\\\/\"]}]},{\"@type\":\"ImageObject\",\"inLanguage\":\"en-US\",\"@id\":\"https:\\\/\\\/www.esplac.cat\\\/en\\\/els-esplais-cap-a-la-banca-etica\\\/#primaryimage\",\"url\":\"https:\\\/\\\/www.esplac.cat\\\/wp-content\\\/uploads\\\/2021\\\/11\\\/Portades-Web-1.jpg\",\"contentUrl\":\"https:\\\/\\\/www.esplac.cat\\\/wp-content\\\/uploads\\\/2021\\\/11\\\/Portades-Web-1.jpg\",\"width\":1697,\"height\":700},{\"@type\":\"BreadcrumbList\",\"@id\":\"https:\\\/\\\/www.esplac.cat\\\/en\\\/els-esplais-cap-a-la-banca-etica\\\/#breadcrumb\",\"itemListElement\":[{\"@type\":\"ListItem\",\"position\":1,\"name\":\"Inici\",\"item\":\"https:\\\/\\\/www.esplac.cat\\\/en\\\/\"},{\"@type\":\"ListItem\",\"position\":2,\"name\":\"Els esplais, cap a la banca \u00e8tica!\"}]},{\"@type\":\"WebSite\",\"@id\":\"https:\\\/\\\/www.esplac.cat\\\/#website\",\"url\":\"https:\\\/\\\/www.esplac.cat\\\/\",\"name\":\"Esplac\",\"description\":\"Esplais Catalans\",\"publisher\":{\"@id\":\"https:\\\/\\\/www.esplac.cat\\\/#organization\"},\"potentialAction\":[{\"@type\":\"SearchAction\",\"target\":{\"@type\":\"EntryPoint\",\"urlTemplate\":\"https:\\\/\\\/www.esplac.cat\\\/?s={search_term_string}\"},\"query-input\":{\"@type\":\"PropertyValueSpecification\",\"valueRequired\":true,\"valueName\":\"search_term_string\"}}],\"inLanguage\":\"en-US\"},{\"@type\":\"Organization\",\"@id\":\"https:\\\/\\\/www.esplac.cat\\\/#organization\",\"name\":\"Esplac\",\"url\":\"https:\\\/\\\/www.esplac.cat\\\/\",\"logo\":{\"@type\":\"ImageObject\",\"inLanguage\":\"en-US\",\"@id\":\"https:\\\/\\\/www.esplac.cat\\\/#\\\/schema\\\/logo\\\/image\\\/\",\"url\":\"https:\\\/\\\/www.esplac.cat\\\/wp-content\\\/uploads\\\/2019\\\/08\\\/logox2.png\",\"contentUrl\":\"https:\\\/\\\/www.esplac.cat\\\/wp-content\\\/uploads\\\/2019\\\/08\\\/logox2.png\",\"width\":600,\"height\":295,\"caption\":\"Esplac\"},\"image\":{\"@id\":\"https:\\\/\\\/www.esplac.cat\\\/#\\\/schema\\\/logo\\\/image\\\/\"}},{\"@type\":\"Person\",\"@id\":\"https:\\\/\\\/www.esplac.cat\\\/#\\\/schema\\\/person\\\/908383cf240be18b68f8855d0583faca\",\"name\":\"Comunicaci\u00f3 Esplac\",\"image\":{\"@type\":\"ImageObject\",\"inLanguage\":\"en-US\",\"@id\":\"https:\\\/\\\/secure.gravatar.com\\\/avatar\\\/7a4cf8feb412a76ea4a740ca02d95b06b2907b5a6c648c2dd0a1082a093c3141?s=96&d=mm&r=g\",\"url\":\"https:\\\/\\\/secure.gravatar.com\\\/avatar\\\/7a4cf8feb412a76ea4a740ca02d95b06b2907b5a6c648c2dd0a1082a093c3141?s=96&d=mm&r=g\",\"contentUrl\":\"https:\\\/\\\/secure.gravatar.com\\\/avatar\\\/7a4cf8feb412a76ea4a740ca02d95b06b2907b5a6c648c2dd0a1082a093c3141?s=96&d=mm&r=g\",\"caption\":\"Comunicaci\u00f3 Esplac\"}}]}<\/script>\n<!-- \/ Yoast SEO plugin. -->","yoast_head_json":{"title":"Els esplais, cap a la banca \u00e8tica! - Esplac","robots":{"index":"index","follow":"follow","max-snippet":"max-snippet:-1","max-image-preview":"max-image-preview:large","max-video-preview":"max-video-preview:-1"},"canonical":"https:\/\/www.esplac.cat\/en\/els-esplais-cap-a-la-banca-etica\/","og_locale":"en_US","og_type":"article","og_title":"Els esplais, cap a la banca \u00e8tica! - Esplac","og_description":"Iniciem una campanya de sensibilitzaci\u00f3 per promoure una progressiva desvinculaci\u00f3 [&hellip;]","og_url":"https:\/\/www.esplac.cat\/en\/els-esplais-cap-a-la-banca-etica\/","og_site_name":"Esplac","article_published_time":"2021-11-04T10:38:16+00:00","article_modified_time":"2021-11-04T10:42:53+00:00","og_image":[{"width":1697,"height":700,"url":"https:\/\/www.esplac.cat\/wp-content\/uploads\/2021\/11\/Portades-Web-1.jpg","type":"image\/jpeg"}],"author":"Comunicaci\u00f3 Esplac","twitter_card":"summary_large_image","twitter_misc":{"Written by":"Comunicaci\u00f3 Esplac","Est. reading time":"2 minutes"},"schema":{"@context":"https:\/\/schema.org","@graph":[{"@type":"Article","@id":"https:\/\/www.esplac.cat\/en\/els-esplais-cap-a-la-banca-etica\/#article","isPartOf":{"@id":"https:\/\/www.esplac.cat\/en\/els-esplais-cap-a-la-banca-etica\/"},"author":{"name":"Comunicaci\u00f3 Esplac","@id":"https:\/\/www.esplac.cat\/#\/schema\/person\/908383cf240be18b68f8855d0583faca"},"headline":"Els esplais, cap a la banca \u00e8tica!","datePublished":"2021-11-04T10:38:16+00:00","dateModified":"2021-11-04T10:42:53+00:00","mainEntityOfPage":{"@id":"https:\/\/www.esplac.cat\/en\/els-esplais-cap-a-la-banca-etica\/"},"wordCount":375,"publisher":{"@id":"https:\/\/www.esplac.cat\/#organization"},"image":{"@id":"https:\/\/www.esplac.cat\/en\/els-esplais-cap-a-la-banca-etica\/#primaryimage"},"thumbnailUrl":"https:\/\/www.esplac.cat\/wp-content\/uploads\/2021\/11\/Portades-Web-1.jpg","articleSection":["Comissi\u00f3 Reduint Petjada"],"inLanguage":"en-US"},{"@type":"WebPage","@id":"https:\/\/www.esplac.cat\/en\/els-esplais-cap-a-la-banca-etica\/","url":"https:\/\/www.esplac.cat\/en\/els-esplais-cap-a-la-banca-etica\/","name":"Els esplais, cap a la banca \u00e8tica! - Esplac","isPartOf":{"@id":"https:\/\/www.esplac.cat\/#website"},"primaryImageOfPage":{"@id":"https:\/\/www.esplac.cat\/en\/els-esplais-cap-a-la-banca-etica\/#primaryimage"},"image":{"@id":"https:\/\/www.esplac.cat\/en\/els-esplais-cap-a-la-banca-etica\/#primaryimage"},"thumbnailUrl":"https:\/\/www.esplac.cat\/wp-content\/uploads\/2021\/11\/Portades-Web-1.jpg","datePublished":"2021-11-04T10:38:16+00:00","dateModified":"2021-11-04T10:42:53+00:00","breadcrumb":{"@id":"https:\/\/www.esplac.cat\/en\/els-esplais-cap-a-la-banca-etica\/#breadcrumb"},"inLanguage":"en-US","potentialAction":[{"@type":"ReadAction","target":["https:\/\/www.esplac.cat\/en\/els-esplais-cap-a-la-banca-etica\/"]}]},{"@type":"ImageObject","inLanguage":"en-US","@id":"https:\/\/www.esplac.cat\/en\/els-esplais-cap-a-la-banca-etica\/#primaryimage","url":"https:\/\/www.esplac.cat\/wp-content\/uploads\/2021\/11\/Portades-Web-1.jpg","contentUrl":"https:\/\/www.esplac.cat\/wp-content\/uploads\/2021\/11\/Portades-Web-1.jpg","width":1697,"height":700},{"@type":"BreadcrumbList","@id":"https:\/\/www.esplac.cat\/en\/els-esplais-cap-a-la-banca-etica\/#breadcrumb","itemListElement":[{"@type":"ListItem","position":1,"name":"Inici","item":"https:\/\/www.esplac.cat\/en\/"},{"@type":"ListItem","position":2,"name":"Els esplais, cap a la banca \u00e8tica!"}]},{"@type":"WebSite","@id":"https:\/\/www.esplac.cat\/#website","url":"https:\/\/www.esplac.cat\/","name":"Esplac","description":"Esplais Catalans","publisher":{"@id":"https:\/\/www.esplac.cat\/#organization"},"potentialAction":[{"@type":"SearchAction","target":{"@type":"EntryPoint","urlTemplate":"https:\/\/www.esplac.cat\/?s={search_term_string}"},"query-input":{"@type":"PropertyValueSpecification","valueRequired":true,"valueName":"search_term_string"}}],"inLanguage":"en-US"},{"@type":"Organization","@id":"https:\/\/www.esplac.cat\/#organization","name":"Esplac","url":"https:\/\/www.esplac.cat\/","logo":{"@type":"ImageObject","inLanguage":"en-US","@id":"https:\/\/www.esplac.cat\/#\/schema\/logo\/image\/","url":"https:\/\/www.esplac.cat\/wp-content\/uploads\/2019\/08\/logox2.png","contentUrl":"https:\/\/www.esplac.cat\/wp-content\/uploads\/2019\/08\/logox2.png","width":600,"height":295,"caption":"Esplac"},"image":{"@id":"https:\/\/www.esplac.cat\/#\/schema\/logo\/image\/"}},{"@type":"Person","@id":"https:\/\/www.esplac.cat\/#\/schema\/person\/908383cf240be18b68f8855d0583faca","name":"Comunicaci\u00f3 Esplac","image":{"@type":"ImageObject","inLanguage":"en-US","@id":"https:\/\/secure.gravatar.com\/avatar\/7a4cf8feb412a76ea4a740ca02d95b06b2907b5a6c648c2dd0a1082a093c3141?s=96&d=mm&r=g","url":"https:\/\/secure.gravatar.com\/avatar\/7a4cf8feb412a76ea4a740ca02d95b06b2907b5a6c648c2dd0a1082a093c3141?s=96&d=mm&r=g","contentUrl":"https:\/\/secure.gravatar.com\/avatar\/7a4cf8feb412a76ea4a740ca02d95b06b2907b5a6c648c2dd0a1082a093c3141?s=96&d=mm&r=g","caption":"Comunicaci\u00f3 Esplac"}}]}},"_links":{"self":[{"href":"https:\/\/www.esplac.cat\/en\/wp-json\/wp\/v2\/posts\/37860","targetHints":{"allow":["GET"]}}],"collection":[{"href":"https:\/\/www.esplac.cat\/en\/wp-json\/wp\/v2\/posts"}],"about":[{"href":"https:\/\/www.esplac.cat\/en\/wp-json\/wp\/v2\/types\/post"}],"author":[{"embeddable":true,"href":"https:\/\/www.esplac.cat\/en\/wp-json\/wp\/v2\/users\/3"}],"replies":[{"embeddable":true,"href":"https:\/\/www.esplac.cat\/en\/wp-json\/wp\/v2\/comments?post=37860"}],"version-history":[{"count":0,"href":"https:\/\/www.esplac.cat\/en\/wp-json\/wp\/v2\/posts\/37860\/revisions"}],"wp:featuredmedia":[{"embeddable":true,"href":"https:\/\/www.esplac.cat\/en\/wp-json\/wp\/v2\/media\/37868"}],"wp:attachment":[{"href":"https:\/\/www.esplac.cat\/en\/wp-json\/wp\/v2\/media?parent=37860"}],"wp:term":[{"taxonomy":"category","embeddable":true,"href":"https:\/\/www.esplac.cat\/en\/wp-json\/wp\/v2\/categories?post=37860"},{"taxonomy":"post_tag","embeddable":true,"href":"https:\/\/www.esplac.cat\/en\/wp-json\/wp\/v2\/tags?post=37860"}],"curies":[{"name":"wp","href":"https:\/\/api.w.org\/{rel}","templated":true}]}}