{"id":37889,"date":"2021-11-09T14:36:28","date_gmt":"2021-11-09T12:36:28","guid":{"rendered":"https:\/\/www.esplac.cat\/?p=37889"},"modified":"2022-01-18T16:57:04","modified_gmt":"2022-01-18T14:57:04","slug":"primer-kids-hub-esplac","status":"publish","type":"post","link":"https:\/\/www.esplac.cat\/en\/primer-kids-hub-esplac\/","title":{"rendered":"Els infants reflexionen sobre els seus drets al primer Kids Hub d&#8217;Esplac"},"content":{"rendered":"<h6><strong>El dissabte 6 de novembre en el marc del projecte Kids Got Rights es va dur a terme el primer Kids Hub d&#8217;Esplac, tamb\u00e9 anoment la Jornada de Kids Got Rights! I en qu\u00e8 consistia? Els infants participants del projecte van preparar un seguit de din\u00e0miques i activitats per fer con\u00e8ixer els drets dels infants a infants i monis d&#8217;altres esplais.<\/strong><\/h6>\n<p>El cap de setmana del <strong>23 i 24 d&#8217;octubre<\/strong> els infants del Xirusplai que participan en el projecte internacional Kids Got Rights, van fer una sortida de preparaci\u00f3 en qu\u00e8 van <strong>crear i decidir uns jocs per tractar els drets<\/strong> i com aquests no s\u00f3n sempre respectats i fins i tot vulnerats arreu del m\u00f3n. All\u00e0 van posar en pr\u00e0ctica aquests jocs i activitats per veure com els haurien de dinamitzar de cara a fer-lo amb altres infants i monis.<\/p>\n<p>El<strong> dissabte 6 de novembre<\/strong> va ser el gran dia, uns<strong> 35 infants i 8 monis de l&#8217;esplai Guaita&#8217;l i Totikap van anar a Badalona<\/strong> on es van trobar al Parc de Can Solei <strong>amb el grup del Xirus (14 infants)<\/strong>. Aquests van fer dos grups, un nom\u00e9s d&#8217;infants i un altre nom\u00e9s de monis. Tots van fer les mateixes activitats dinamitzades pel grup del Xirusplai, que amb molt d&#8217;entusiasme i ganes va tirar endavant la tasca de coordinar i posar en pr\u00e0ctica les activitats que havien pensat.<\/p>\n<p>Despr\u00e9s van anar al local de l&#8217;associaci\u00f3 de ve\u00efnes i ve\u00efns del centre on els esperava una macarronada feta per la cooperativa-c\u00e0tering &#8220;mujeres pa&#8217;lante&#8221; i van menjar molt a gust. Finalment, i per tancar l&#8217;activitat, van omplir un mapa del m\u00f3n amb els diferents exemples de vulneraci\u00f3 dels seus drets i <strong>van reflexionar sobre com els propis infants poden lluitar per fer valdre els propis drets <\/strong>tant en l&#8217;entorn local com a nivell global.<\/p>\n<p>A la trobada tamb\u00e9 hi va haver dirigents d&#8217;Esplac i responsables del grup d&#8217;investigaci\u00f3 de la Universitat de Barcelona que participa en el projecte. La persona de la UB va encarregar-se d&#8217;observar com es desenvolupava la jornada i les din\u00e0miques, aix\u00ed com les relacions del grup d&#8217;infants quan estan amb el seu grup d&#8217;iguals o amb un grup de monis.<\/p>\n<p>A la celebraci\u00f3 del 20-N (Dia Universal dels Drets dels Infants) del Sector Baix Bes\u00f2s tamb\u00e9 aprofitaran per dur a terme aquesta din\u00e0mica i aix\u00ed augmentar l&#8217;impacte del projecte KGR arreu d&#8217;Esplac!<\/p>\n<p>&nbsp;<\/p>\n\n\t\t<style type=\"text\/css\">\n\t\t\t#gallery-1 {\n\t\t\t\tmargin: auto;\n\t\t\t}\n\t\t\t#gallery-1 .gallery-item {\n\t\t\t\tfloat: left;\n\t\t\t\tmargin-top: 10px;\n\t\t\t\ttext-align: center;\n\t\t\t\twidth: 50%;\n\t\t\t}\n\t\t\t#gallery-1 img {\n\t\t\t\tborder: 2px solid #cfcfcf;\n\t\t\t}\n\t\t\t#gallery-1 .gallery-caption {\n\t\t\t\tmargin-left: 0;\n\t\t\t}\n\t\t\t\/* see gallery_shortcode() in wp-includes\/media.php *\/\n\t\t<\/style>\n\t\t<div id='gallery-1' class='gallery galleryid-37889 gallery-columns-2 gallery-size-large'><dl class='gallery-item'>\n\t\t\t<dt class='gallery-icon landscape'>\n\t\t\t\t<a data-rel=\"iLightbox[postimages]\" data-title=\"photo_2021-11-09 17.16.30\" data-caption=\"\" href='https:\/\/www.esplac.cat\/wp-content\/uploads\/2021\/11\/photo_2021-11-09-17.16.30.jpeg'><img decoding=\"async\" width=\"1024\" height=\"768\" src=\"https:\/\/www.esplac.cat\/wp-content\/uploads\/2021\/11\/photo_2021-11-09-17.16.30-1024x768.jpeg\" class=\"attachment-large size-large\" alt=\"\" srcset=\"https:\/\/www.esplac.cat\/wp-content\/uploads\/2021\/11\/photo_2021-11-09-17.16.30-200x150.jpeg 200w, https:\/\/www.esplac.cat\/wp-content\/uploads\/2021\/11\/photo_2021-11-09-17.16.30-300x225.jpeg 300w, https:\/\/www.esplac.cat\/wp-content\/uploads\/2021\/11\/photo_2021-11-09-17.16.30-400x300.jpeg 400w, https:\/\/www.esplac.cat\/wp-content\/uploads\/2021\/11\/photo_2021-11-09-17.16.30-600x450.jpeg 600w, https:\/\/www.esplac.cat\/wp-content\/uploads\/2021\/11\/photo_2021-11-09-17.16.30-768x576.jpeg 768w, https:\/\/www.esplac.cat\/wp-content\/uploads\/2021\/11\/photo_2021-11-09-17.16.30-800x600.jpeg 800w, https:\/\/www.esplac.cat\/wp-content\/uploads\/2021\/11\/photo_2021-11-09-17.16.30-1024x768.jpeg 1024w, https:\/\/www.esplac.cat\/wp-content\/uploads\/2021\/11\/photo_2021-11-09-17.16.30-1200x900.jpeg 1200w, https:\/\/www.esplac.cat\/wp-content\/uploads\/2021\/11\/photo_2021-11-09-17.16.30.jpeg 1280w\" sizes=\"(max-width: 1024px) 100vw, 1024px\" \/><\/a>\n\t\t\t<\/dt><\/dl><dl class='gallery-item'>\n\t\t\t<dt class='gallery-icon landscape'>\n\t\t\t\t<a data-rel=\"iLightbox[postimages]\" data-title=\"kgr2\" data-caption=\"\" href='https:\/\/www.esplac.cat\/wp-content\/uploads\/2021\/11\/kgr2.jpg'><img decoding=\"async\" width=\"1024\" height=\"768\" src=\"https:\/\/www.esplac.cat\/wp-content\/uploads\/2021\/11\/kgr2.jpg\" class=\"attachment-large size-large\" alt=\"\" srcset=\"https:\/\/www.esplac.cat\/wp-content\/uploads\/2021\/11\/kgr2-200x150.jpg 200w, https:\/\/www.esplac.cat\/wp-content\/uploads\/2021\/11\/kgr2-300x225.jpg 300w, https:\/\/www.esplac.cat\/wp-content\/uploads\/2021\/11\/kgr2-400x300.jpg 400w, https:\/\/www.esplac.cat\/wp-content\/uploads\/2021\/11\/kgr2-600x450.jpg 600w, https:\/\/www.esplac.cat\/wp-content\/uploads\/2021\/11\/kgr2-768x576.jpg 768w, https:\/\/www.esplac.cat\/wp-content\/uploads\/2021\/11\/kgr2-800x600.jpg 800w, https:\/\/www.esplac.cat\/wp-content\/uploads\/2021\/11\/kgr2.jpg 1024w\" sizes=\"(max-width: 1024px) 100vw, 1024px\" \/><\/a>\n\t\t\t<\/dt><\/dl><br style=\"clear: both\" \/><dl class='gallery-item'>\n\t\t\t<dt class='gallery-icon landscape'>\n\t\t\t\t<a data-rel=\"iLightbox[postimages]\" data-title=\"kgr4\" data-caption=\"\" href='https:\/\/www.esplac.cat\/wp-content\/uploads\/2021\/11\/kgr4-1.jpg'><img decoding=\"async\" width=\"1024\" height=\"768\" src=\"https:\/\/www.esplac.cat\/wp-content\/uploads\/2021\/11\/kgr4-1.jpg\" class=\"attachment-large size-large\" alt=\"\" srcset=\"https:\/\/www.esplac.cat\/wp-content\/uploads\/2021\/11\/kgr4-1-200x150.jpg 200w, https:\/\/www.esplac.cat\/wp-content\/uploads\/2021\/11\/kgr4-1-300x225.jpg 300w, https:\/\/www.esplac.cat\/wp-content\/uploads\/2021\/11\/kgr4-1-400x300.jpg 400w, https:\/\/www.esplac.cat\/wp-content\/uploads\/2021\/11\/kgr4-1-600x450.jpg 600w, https:\/\/www.esplac.cat\/wp-content\/uploads\/2021\/11\/kgr4-1-768x576.jpg 768w, https:\/\/www.esplac.cat\/wp-content\/uploads\/2021\/11\/kgr4-1-800x600.jpg 800w, https:\/\/www.esplac.cat\/wp-content\/uploads\/2021\/11\/kgr4-1.jpg 1024w\" sizes=\"(max-width: 1024px) 100vw, 1024px\" \/><\/a>\n\t\t\t<\/dt><\/dl><dl class='gallery-item'>\n\t\t\t<dt class='gallery-icon landscape'>\n\t\t\t\t<a data-rel=\"iLightbox[postimages]\" data-title=\"photo_2021-11-09 17.16.28\" data-caption=\"\" href='https:\/\/www.esplac.cat\/wp-content\/uploads\/2021\/11\/photo_2021-11-09-17.16.28.jpeg'><img decoding=\"async\" width=\"1024\" height=\"768\" src=\"https:\/\/www.esplac.cat\/wp-content\/uploads\/2021\/11\/photo_2021-11-09-17.16.28-1024x768.jpeg\" class=\"attachment-large size-large\" alt=\"\" srcset=\"https:\/\/www.esplac.cat\/wp-content\/uploads\/2021\/11\/photo_2021-11-09-17.16.28-200x150.jpeg 200w, https:\/\/www.esplac.cat\/wp-content\/uploads\/2021\/11\/photo_2021-11-09-17.16.28-300x225.jpeg 300w, https:\/\/www.esplac.cat\/wp-content\/uploads\/2021\/11\/photo_2021-11-09-17.16.28-400x300.jpeg 400w, https:\/\/www.esplac.cat\/wp-content\/uploads\/2021\/11\/photo_2021-11-09-17.16.28-600x450.jpeg 600w, https:\/\/www.esplac.cat\/wp-content\/uploads\/2021\/11\/photo_2021-11-09-17.16.28-768x576.jpeg 768w, https:\/\/www.esplac.cat\/wp-content\/uploads\/2021\/11\/photo_2021-11-09-17.16.28-800x600.jpeg 800w, https:\/\/www.esplac.cat\/wp-content\/uploads\/2021\/11\/photo_2021-11-09-17.16.28-1024x768.jpeg 1024w, https:\/\/www.esplac.cat\/wp-content\/uploads\/2021\/11\/photo_2021-11-09-17.16.28-1200x900.jpeg 1200w, https:\/\/www.esplac.cat\/wp-content\/uploads\/2021\/11\/photo_2021-11-09-17.16.28.jpeg 1280w\" sizes=\"(max-width: 1024px) 100vw, 1024px\" \/><\/a>\n\t\t\t<\/dt><\/dl><br style=\"clear: both\" \/><dl class='gallery-item'>\n\t\t\t<dt class='gallery-icon portrait'>\n\t\t\t\t<a data-rel=\"iLightbox[postimages]\" data-title=\"kgr3\" data-caption=\"\" href='https:\/\/www.esplac.cat\/wp-content\/uploads\/2021\/11\/kgr3.jpeg'><img decoding=\"async\" width=\"768\" height=\"1024\" src=\"https:\/\/www.esplac.cat\/wp-content\/uploads\/2021\/11\/kgr3.jpeg\" class=\"attachment-large size-large\" alt=\"\" srcset=\"https:\/\/www.esplac.cat\/wp-content\/uploads\/2021\/11\/kgr3-200x267.jpeg 200w, https:\/\/www.esplac.cat\/wp-content\/uploads\/2021\/11\/kgr3-225x300.jpeg 225w, https:\/\/www.esplac.cat\/wp-content\/uploads\/2021\/11\/kgr3-400x533.jpeg 400w, https:\/\/www.esplac.cat\/wp-content\/uploads\/2021\/11\/kgr3-600x800.jpeg 600w, https:\/\/www.esplac.cat\/wp-content\/uploads\/2021\/11\/kgr3.jpeg 768w\" sizes=\"(max-width: 768px) 100vw, 768px\" \/><\/a>\n\t\t\t<\/dt><\/dl>\n\t\t\t<br style='clear: both' \/>\n\t\t<\/div>\n\n","protected":false},"excerpt":{"rendered":"<p>El dissabte 6 de novembre en el marc del projecte [&hellip;]<\/p>\n","protected":false},"author":3,"featured_media":37913,"comment_status":"closed","ping_status":"closed","sticky":false,"template":"","format":"standard","meta":{"om_disable_all_campaigns":false,"_monsterinsights_skip_tracking":false,"_monsterinsights_sitenote_active":false,"_monsterinsights_sitenote_note":"","_monsterinsights_sitenote_category":0,"_uf_show_specific_survey":0,"_uf_disable_surveys":false,"footnotes":""},"categories":[1112],"tags":[],"class_list":["post-37889","post","type-post","status-publish","format-standard","has-post-thumbnail","hentry","category-esplac-al-mon"],"yoast_head":"<!-- This site is optimized with the Yoast SEO plugin v27.5 - https:\/\/yoast.com\/product\/yoast-seo-wordpress\/ -->\n<title>Els infants reflexionen sobre els seus drets al primer Kids Hub d&#039;Esplac<\/title>\n<meta name=\"description\" content=\"El dissabte 6 de novembre en el marc del projecte Kids Got Rights es va dur a terme la Jornada de Kids Got Rights! I en qu\u00e8 consistia? Els infants participants del projecte van preparar un seguit de din\u00e0miques i activitats per fer con\u00e8ixer els drets dels infants a d&#039;altres infants i monitores i monitors d&#039;altres esplais.\" \/>\n<meta name=\"robots\" content=\"index, follow, max-snippet:-1, max-image-preview:large, max-video-preview:-1\" \/>\n<link rel=\"canonical\" href=\"https:\/\/www.esplac.cat\/primer-kids-hub-esplac\/\" \/>\n<meta property=\"og:locale\" content=\"en_US\" \/>\n<meta property=\"og:type\" content=\"article\" \/>\n<meta property=\"og:title\" content=\"Els infants reflexionen sobre els seus drets al primer Kids Hub d&#039;Esplac\" \/>\n<meta property=\"og:description\" content=\"El dissabte 6 de novembre en el marc del projecte Kids Got Rights es va dur a terme la Jornada de Kids Got Rights! I en qu\u00e8 consistia? Els infants participants del projecte van preparar un seguit de din\u00e0miques i activitats per fer con\u00e8ixer els drets dels infants a d&#039;altres infants i monitores i monitors d&#039;altres esplais.\" \/>\n<meta property=\"og:url\" content=\"https:\/\/www.esplac.cat\/primer-kids-hub-esplac\/\" \/>\n<meta property=\"og:site_name\" content=\"Esplac\" \/>\n<meta property=\"article:published_time\" content=\"2021-11-09T12:36:28+00:00\" \/>\n<meta property=\"article:modified_time\" content=\"2022-01-18T14:57:04+00:00\" \/>\n<meta property=\"og:image\" content=\"https:\/\/www.esplac.cat\/wp-content\/uploads\/2021\/11\/kidshub.jpg\" \/>\n\t<meta property=\"og:image:width\" content=\"1697\" \/>\n\t<meta property=\"og:image:height\" content=\"700\" \/>\n\t<meta property=\"og:image:type\" content=\"image\/jpeg\" \/>\n<meta name=\"author\" content=\"Comunicaci\u00f3 Esplac\" \/>\n<meta name=\"twitter:card\" content=\"summary_large_image\" \/>\n<meta name=\"twitter:label1\" content=\"Written by\" \/>\n\t<meta name=\"twitter:data1\" content=\"Comunicaci\u00f3 Esplac\" \/>\n\t<meta name=\"twitter:label2\" content=\"Est. reading time\" \/>\n\t<meta name=\"twitter:data2\" content=\"2 minutes\" \/>\n<script type=\"application\/ld+json\" class=\"yoast-schema-graph\">{\"@context\":\"https:\\\/\\\/schema.org\",\"@graph\":[{\"@type\":\"Article\",\"@id\":\"https:\\\/\\\/www.esplac.cat\\\/primer-kids-hub-esplac\\\/#article\",\"isPartOf\":{\"@id\":\"https:\\\/\\\/www.esplac.cat\\\/primer-kids-hub-esplac\\\/\"},\"author\":{\"name\":\"Comunicaci\u00f3 Esplac\",\"@id\":\"https:\\\/\\\/www.esplac.cat\\\/#\\\/schema\\\/person\\\/908383cf240be18b68f8855d0583faca\"},\"headline\":\"Els infants reflexionen sobre els seus drets al primer Kids Hub d&#8217;Esplac\",\"datePublished\":\"2021-11-09T12:36:28+00:00\",\"dateModified\":\"2022-01-18T14:57:04+00:00\",\"mainEntityOfPage\":{\"@id\":\"https:\\\/\\\/www.esplac.cat\\\/primer-kids-hub-esplac\\\/\"},\"wordCount\":443,\"publisher\":{\"@id\":\"https:\\\/\\\/www.esplac.cat\\\/#organization\"},\"image\":{\"@id\":\"https:\\\/\\\/www.esplac.cat\\\/primer-kids-hub-esplac\\\/#primaryimage\"},\"thumbnailUrl\":\"https:\\\/\\\/www.esplac.cat\\\/wp-content\\\/uploads\\\/2021\\\/11\\\/kidshub.jpg\",\"articleSection\":[\"Esplac al m\u00f3n\"],\"inLanguage\":\"en-US\"},{\"@type\":\"WebPage\",\"@id\":\"https:\\\/\\\/www.esplac.cat\\\/primer-kids-hub-esplac\\\/\",\"url\":\"https:\\\/\\\/www.esplac.cat\\\/primer-kids-hub-esplac\\\/\",\"name\":\"Els infants reflexionen sobre els seus drets al primer Kids Hub d'Esplac\",\"isPartOf\":{\"@id\":\"https:\\\/\\\/www.esplac.cat\\\/#website\"},\"primaryImageOfPage\":{\"@id\":\"https:\\\/\\\/www.esplac.cat\\\/primer-kids-hub-esplac\\\/#primaryimage\"},\"image\":{\"@id\":\"https:\\\/\\\/www.esplac.cat\\\/primer-kids-hub-esplac\\\/#primaryimage\"},\"thumbnailUrl\":\"https:\\\/\\\/www.esplac.cat\\\/wp-content\\\/uploads\\\/2021\\\/11\\\/kidshub.jpg\",\"datePublished\":\"2021-11-09T12:36:28+00:00\",\"dateModified\":\"2022-01-18T14:57:04+00:00\",\"description\":\"El dissabte 6 de novembre en el marc del projecte Kids Got Rights es va dur a terme la Jornada de Kids Got Rights! I en qu\u00e8 consistia? Els infants participants del projecte van preparar un seguit de din\u00e0miques i activitats per fer con\u00e8ixer els drets dels infants a d'altres infants i monitores i monitors d'altres esplais.\",\"breadcrumb\":{\"@id\":\"https:\\\/\\\/www.esplac.cat\\\/primer-kids-hub-esplac\\\/#breadcrumb\"},\"inLanguage\":\"en-US\",\"potentialAction\":[{\"@type\":\"ReadAction\",\"target\":[\"https:\\\/\\\/www.esplac.cat\\\/primer-kids-hub-esplac\\\/\"]}]},{\"@type\":\"ImageObject\",\"inLanguage\":\"en-US\",\"@id\":\"https:\\\/\\\/www.esplac.cat\\\/primer-kids-hub-esplac\\\/#primaryimage\",\"url\":\"https:\\\/\\\/www.esplac.cat\\\/wp-content\\\/uploads\\\/2021\\\/11\\\/kidshub.jpg\",\"contentUrl\":\"https:\\\/\\\/www.esplac.cat\\\/wp-content\\\/uploads\\\/2021\\\/11\\\/kidshub.jpg\",\"width\":1697,\"height\":700},{\"@type\":\"BreadcrumbList\",\"@id\":\"https:\\\/\\\/www.esplac.cat\\\/primer-kids-hub-esplac\\\/#breadcrumb\",\"itemListElement\":[{\"@type\":\"ListItem\",\"position\":1,\"name\":\"Inici\",\"item\":\"https:\\\/\\\/www.esplac.cat\\\/en\\\/\"},{\"@type\":\"ListItem\",\"position\":2,\"name\":\"Els infants reflexionen sobre els seus drets al primer Kids Hub d&#8217;Esplac\"}]},{\"@type\":\"WebSite\",\"@id\":\"https:\\\/\\\/www.esplac.cat\\\/#website\",\"url\":\"https:\\\/\\\/www.esplac.cat\\\/\",\"name\":\"Esplac\",\"description\":\"Esplais Catalans\",\"publisher\":{\"@id\":\"https:\\\/\\\/www.esplac.cat\\\/#organization\"},\"potentialAction\":[{\"@type\":\"SearchAction\",\"target\":{\"@type\":\"EntryPoint\",\"urlTemplate\":\"https:\\\/\\\/www.esplac.cat\\\/?s={search_term_string}\"},\"query-input\":{\"@type\":\"PropertyValueSpecification\",\"valueRequired\":true,\"valueName\":\"search_term_string\"}}],\"inLanguage\":\"en-US\"},{\"@type\":\"Organization\",\"@id\":\"https:\\\/\\\/www.esplac.cat\\\/#organization\",\"name\":\"Esplac\",\"url\":\"https:\\\/\\\/www.esplac.cat\\\/\",\"logo\":{\"@type\":\"ImageObject\",\"inLanguage\":\"en-US\",\"@id\":\"https:\\\/\\\/www.esplac.cat\\\/#\\\/schema\\\/logo\\\/image\\\/\",\"url\":\"https:\\\/\\\/www.esplac.cat\\\/wp-content\\\/uploads\\\/2019\\\/08\\\/logox2.png\",\"contentUrl\":\"https:\\\/\\\/www.esplac.cat\\\/wp-content\\\/uploads\\\/2019\\\/08\\\/logox2.png\",\"width\":600,\"height\":295,\"caption\":\"Esplac\"},\"image\":{\"@id\":\"https:\\\/\\\/www.esplac.cat\\\/#\\\/schema\\\/logo\\\/image\\\/\"}},{\"@type\":\"Person\",\"@id\":\"https:\\\/\\\/www.esplac.cat\\\/#\\\/schema\\\/person\\\/908383cf240be18b68f8855d0583faca\",\"name\":\"Comunicaci\u00f3 Esplac\",\"image\":{\"@type\":\"ImageObject\",\"inLanguage\":\"en-US\",\"@id\":\"https:\\\/\\\/secure.gravatar.com\\\/avatar\\\/7a4cf8feb412a76ea4a740ca02d95b06b2907b5a6c648c2dd0a1082a093c3141?s=96&d=mm&r=g\",\"url\":\"https:\\\/\\\/secure.gravatar.com\\\/avatar\\\/7a4cf8feb412a76ea4a740ca02d95b06b2907b5a6c648c2dd0a1082a093c3141?s=96&d=mm&r=g\",\"contentUrl\":\"https:\\\/\\\/secure.gravatar.com\\\/avatar\\\/7a4cf8feb412a76ea4a740ca02d95b06b2907b5a6c648c2dd0a1082a093c3141?s=96&d=mm&r=g\",\"caption\":\"Comunicaci\u00f3 Esplac\"}}]}<\/script>\n<!-- \/ Yoast SEO plugin. -->","yoast_head_json":{"title":"Els infants reflexionen sobre els seus drets al primer Kids Hub d'Esplac","description":"El dissabte 6 de novembre en el marc del projecte Kids Got Rights es va dur a terme la Jornada de Kids Got Rights! I en qu\u00e8 consistia? Els infants participants del projecte van preparar un seguit de din\u00e0miques i activitats per fer con\u00e8ixer els drets dels infants a d'altres infants i monitores i monitors d'altres esplais.","robots":{"index":"index","follow":"follow","max-snippet":"max-snippet:-1","max-image-preview":"max-image-preview:large","max-video-preview":"max-video-preview:-1"},"canonical":"https:\/\/www.esplac.cat\/primer-kids-hub-esplac\/","og_locale":"en_US","og_type":"article","og_title":"Els infants reflexionen sobre els seus drets al primer Kids Hub d'Esplac","og_description":"El dissabte 6 de novembre en el marc del projecte Kids Got Rights es va dur a terme la Jornada de Kids Got Rights! I en qu\u00e8 consistia? Els infants participants del projecte van preparar un seguit de din\u00e0miques i activitats per fer con\u00e8ixer els drets dels infants a d'altres infants i monitores i monitors d'altres esplais.","og_url":"https:\/\/www.esplac.cat\/primer-kids-hub-esplac\/","og_site_name":"Esplac","article_published_time":"2021-11-09T12:36:28+00:00","article_modified_time":"2022-01-18T14:57:04+00:00","og_image":[{"width":1697,"height":700,"url":"https:\/\/www.esplac.cat\/wp-content\/uploads\/2021\/11\/kidshub.jpg","type":"image\/jpeg"}],"author":"Comunicaci\u00f3 Esplac","twitter_card":"summary_large_image","twitter_misc":{"Written by":"Comunicaci\u00f3 Esplac","Est. reading time":"2 minutes"},"schema":{"@context":"https:\/\/schema.org","@graph":[{"@type":"Article","@id":"https:\/\/www.esplac.cat\/primer-kids-hub-esplac\/#article","isPartOf":{"@id":"https:\/\/www.esplac.cat\/primer-kids-hub-esplac\/"},"author":{"name":"Comunicaci\u00f3 Esplac","@id":"https:\/\/www.esplac.cat\/#\/schema\/person\/908383cf240be18b68f8855d0583faca"},"headline":"Els infants reflexionen sobre els seus drets al primer Kids Hub d&#8217;Esplac","datePublished":"2021-11-09T12:36:28+00:00","dateModified":"2022-01-18T14:57:04+00:00","mainEntityOfPage":{"@id":"https:\/\/www.esplac.cat\/primer-kids-hub-esplac\/"},"wordCount":443,"publisher":{"@id":"https:\/\/www.esplac.cat\/#organization"},"image":{"@id":"https:\/\/www.esplac.cat\/primer-kids-hub-esplac\/#primaryimage"},"thumbnailUrl":"https:\/\/www.esplac.cat\/wp-content\/uploads\/2021\/11\/kidshub.jpg","articleSection":["Esplac al m\u00f3n"],"inLanguage":"en-US"},{"@type":"WebPage","@id":"https:\/\/www.esplac.cat\/primer-kids-hub-esplac\/","url":"https:\/\/www.esplac.cat\/primer-kids-hub-esplac\/","name":"Els infants reflexionen sobre els seus drets al primer Kids Hub d'Esplac","isPartOf":{"@id":"https:\/\/www.esplac.cat\/#website"},"primaryImageOfPage":{"@id":"https:\/\/www.esplac.cat\/primer-kids-hub-esplac\/#primaryimage"},"image":{"@id":"https:\/\/www.esplac.cat\/primer-kids-hub-esplac\/#primaryimage"},"thumbnailUrl":"https:\/\/www.esplac.cat\/wp-content\/uploads\/2021\/11\/kidshub.jpg","datePublished":"2021-11-09T12:36:28+00:00","dateModified":"2022-01-18T14:57:04+00:00","description":"El dissabte 6 de novembre en el marc del projecte Kids Got Rights es va dur a terme la Jornada de Kids Got Rights! I en qu\u00e8 consistia? Els infants participants del projecte van preparar un seguit de din\u00e0miques i activitats per fer con\u00e8ixer els drets dels infants a d'altres infants i monitores i monitors d'altres esplais.","breadcrumb":{"@id":"https:\/\/www.esplac.cat\/primer-kids-hub-esplac\/#breadcrumb"},"inLanguage":"en-US","potentialAction":[{"@type":"ReadAction","target":["https:\/\/www.esplac.cat\/primer-kids-hub-esplac\/"]}]},{"@type":"ImageObject","inLanguage":"en-US","@id":"https:\/\/www.esplac.cat\/primer-kids-hub-esplac\/#primaryimage","url":"https:\/\/www.esplac.cat\/wp-content\/uploads\/2021\/11\/kidshub.jpg","contentUrl":"https:\/\/www.esplac.cat\/wp-content\/uploads\/2021\/11\/kidshub.jpg","width":1697,"height":700},{"@type":"BreadcrumbList","@id":"https:\/\/www.esplac.cat\/primer-kids-hub-esplac\/#breadcrumb","itemListElement":[{"@type":"ListItem","position":1,"name":"Inici","item":"https:\/\/www.esplac.cat\/en\/"},{"@type":"ListItem","position":2,"name":"Els infants reflexionen sobre els seus drets al primer Kids Hub d&#8217;Esplac"}]},{"@type":"WebSite","@id":"https:\/\/www.esplac.cat\/#website","url":"https:\/\/www.esplac.cat\/","name":"Esplac","description":"Esplais Catalans","publisher":{"@id":"https:\/\/www.esplac.cat\/#organization"},"potentialAction":[{"@type":"SearchAction","target":{"@type":"EntryPoint","urlTemplate":"https:\/\/www.esplac.cat\/?s={search_term_string}"},"query-input":{"@type":"PropertyValueSpecification","valueRequired":true,"valueName":"search_term_string"}}],"inLanguage":"en-US"},{"@type":"Organization","@id":"https:\/\/www.esplac.cat\/#organization","name":"Esplac","url":"https:\/\/www.esplac.cat\/","logo":{"@type":"ImageObject","inLanguage":"en-US","@id":"https:\/\/www.esplac.cat\/#\/schema\/logo\/image\/","url":"https:\/\/www.esplac.cat\/wp-content\/uploads\/2019\/08\/logox2.png","contentUrl":"https:\/\/www.esplac.cat\/wp-content\/uploads\/2019\/08\/logox2.png","width":600,"height":295,"caption":"Esplac"},"image":{"@id":"https:\/\/www.esplac.cat\/#\/schema\/logo\/image\/"}},{"@type":"Person","@id":"https:\/\/www.esplac.cat\/#\/schema\/person\/908383cf240be18b68f8855d0583faca","name":"Comunicaci\u00f3 Esplac","image":{"@type":"ImageObject","inLanguage":"en-US","@id":"https:\/\/secure.gravatar.com\/avatar\/7a4cf8feb412a76ea4a740ca02d95b06b2907b5a6c648c2dd0a1082a093c3141?s=96&d=mm&r=g","url":"https:\/\/secure.gravatar.com\/avatar\/7a4cf8feb412a76ea4a740ca02d95b06b2907b5a6c648c2dd0a1082a093c3141?s=96&d=mm&r=g","contentUrl":"https:\/\/secure.gravatar.com\/avatar\/7a4cf8feb412a76ea4a740ca02d95b06b2907b5a6c648c2dd0a1082a093c3141?s=96&d=mm&r=g","caption":"Comunicaci\u00f3 Esplac"}}]}},"_links":{"self":[{"href":"https:\/\/www.esplac.cat\/en\/wp-json\/wp\/v2\/posts\/37889","targetHints":{"allow":["GET"]}}],"collection":[{"href":"https:\/\/www.esplac.cat\/en\/wp-json\/wp\/v2\/posts"}],"about":[{"href":"https:\/\/www.esplac.cat\/en\/wp-json\/wp\/v2\/types\/post"}],"author":[{"embeddable":true,"href":"https:\/\/www.esplac.cat\/en\/wp-json\/wp\/v2\/users\/3"}],"replies":[{"embeddable":true,"href":"https:\/\/www.esplac.cat\/en\/wp-json\/wp\/v2\/comments?post=37889"}],"version-history":[{"count":0,"href":"https:\/\/www.esplac.cat\/en\/wp-json\/wp\/v2\/posts\/37889\/revisions"}],"wp:featuredmedia":[{"embeddable":true,"href":"https:\/\/www.esplac.cat\/en\/wp-json\/wp\/v2\/media\/37913"}],"wp:attachment":[{"href":"https:\/\/www.esplac.cat\/en\/wp-json\/wp\/v2\/media?parent=37889"}],"wp:term":[{"taxonomy":"category","embeddable":true,"href":"https:\/\/www.esplac.cat\/en\/wp-json\/wp\/v2\/categories?post=37889"},{"taxonomy":"post_tag","embeddable":true,"href":"https:\/\/www.esplac.cat\/en\/wp-json\/wp\/v2\/tags?post=37889"}],"curies":[{"name":"wp","href":"https:\/\/api.w.org\/{rel}","templated":true}]}}