{"id":38065,"date":"2021-11-22T17:46:23","date_gmt":"2021-11-22T15:46:23","guid":{"rendered":"https:\/\/www.esplac.cat\/?p=38065"},"modified":"2021-11-23T13:05:23","modified_gmt":"2021-11-23T11:05:23","slug":"20n-esplais-esplac-revindiquem-dret-infants-arreu-territori","status":"publish","type":"post","link":"https:\/\/www.esplac.cat\/en\/20n-esplais-esplac-revindiquem-dret-infants-arreu-territori\/","title":{"rendered":"20N: Els esplais d&#8217;Esplac reivindiquem els drets dels infants arreu del territori"},"content":{"rendered":"<h6><strong>Aquest dissabte 20 de novembre, Dia Universal dels Drets dels Infants (DUDI), els esplais d&#8217;Esplac vam sortir com cada any al carrer per reivindicar que els infants tamb\u00e9 s\u00f3n el present, que tenen veu i tenen drets.<\/strong><\/h6>\n<p><span style=\"color: #ff9900;\"><strong>El Sector Ripoll\u00e8s, Osona i Moian\u00e8s torna a reivindicar els drets dels infants<\/strong><\/span><\/p>\n<p>Pel Sector Ripoll\u00e8s, Osona i Moian\u00e8s ja \u00e9s tradici\u00f3 que aquest dia signifiqui trobada d\u2019infants i joves. Aix\u00ed doncs, aquest curs els esplais G\u00fcitxi-G\u00fcitxi, Sanferm, Casalot de Roda i 100 Teies es van reunir a Vic, al barri de l\u2019esplai Sanferm, on es van poder con\u00e8ixer.<\/p>\n<p>Durant el mat\u00ed, els infants i joves es van dividir per grups d\u2019edat i van fer jocs de coneixen\u00e7a. A la tarda, infants, joves i monis de diferents esplais i edats van tornar a barrejar-se per <strong>poder treballar diversos drets, entendre&#8217;ls, representar-los i reivindicar-los<\/strong>. Despr\u00e9s, es va crear una obra de teatre per entendre en quines situacions es vulneren els drets que acabaven de treballar.<\/p>\n<p>Finalment, es va fer una pancarta on el sector va deixar clar que <strong>&#8216;Nosaltres tamb\u00e9 tenim drets!&#8217;<\/strong>. Perqu\u00e8 els infants i joves s\u00f3n el futur i el present! El sector est\u00e0 molt content de com va anar tot el dia i per la possibilitat de poder con\u00e8ixer i fer cohesi\u00f3 entre elles i ells, sobretot entre els esplais nous!<\/p>\n\n\t\t<style type=\"text\/css\">\n\t\t\t#gallery-1 {\n\t\t\t\tmargin: auto;\n\t\t\t}\n\t\t\t#gallery-1 .gallery-item {\n\t\t\t\tfloat: left;\n\t\t\t\tmargin-top: 10px;\n\t\t\t\ttext-align: center;\n\t\t\t\twidth: 33%;\n\t\t\t}\n\t\t\t#gallery-1 img {\n\t\t\t\tborder: 2px solid #cfcfcf;\n\t\t\t}\n\t\t\t#gallery-1 .gallery-caption {\n\t\t\t\tmargin-left: 0;\n\t\t\t}\n\t\t\t\/* see gallery_shortcode() in wp-includes\/media.php *\/\n\t\t<\/style>\n\t\t<div id='gallery-1' class='gallery galleryid-38065 gallery-columns-3 gallery-size-medium'><dl class='gallery-item'>\n\t\t\t<dt class='gallery-icon landscape'>\n\t\t\t\t<a data-rel=\"iLightbox[postimages]\" data-title=\"WhatsApp Image 2021-11-22 at 10.43.42 (1)\" data-caption=\"\" href='https:\/\/www.esplac.cat\/en\/whatsapp-image-2021-11-22-at-10-43-42-1-2\/'><img decoding=\"async\" width=\"300\" height=\"225\" src=\"https:\/\/www.esplac.cat\/wp-content\/uploads\/2021\/11\/WhatsApp-Image-2021-11-22-at-10.43.42-1-300x225.jpeg\" class=\"attachment-medium size-medium\" alt=\"\" srcset=\"https:\/\/www.esplac.cat\/wp-content\/uploads\/2021\/11\/WhatsApp-Image-2021-11-22-at-10.43.42-1-200x150.jpeg 200w, https:\/\/www.esplac.cat\/wp-content\/uploads\/2021\/11\/WhatsApp-Image-2021-11-22-at-10.43.42-1-300x225.jpeg 300w, https:\/\/www.esplac.cat\/wp-content\/uploads\/2021\/11\/WhatsApp-Image-2021-11-22-at-10.43.42-1-400x300.jpeg 400w, https:\/\/www.esplac.cat\/wp-content\/uploads\/2021\/11\/WhatsApp-Image-2021-11-22-at-10.43.42-1-600x450.jpeg 600w, https:\/\/www.esplac.cat\/wp-content\/uploads\/2021\/11\/WhatsApp-Image-2021-11-22-at-10.43.42-1-768x576.jpeg 768w, https:\/\/www.esplac.cat\/wp-content\/uploads\/2021\/11\/WhatsApp-Image-2021-11-22-at-10.43.42-1-800x600.jpeg 800w, https:\/\/www.esplac.cat\/wp-content\/uploads\/2021\/11\/WhatsApp-Image-2021-11-22-at-10.43.42-1-1024x768.jpeg 1024w, https:\/\/www.esplac.cat\/wp-content\/uploads\/2021\/11\/WhatsApp-Image-2021-11-22-at-10.43.42-1-1200x900.jpeg 1200w, https:\/\/www.esplac.cat\/wp-content\/uploads\/2021\/11\/WhatsApp-Image-2021-11-22-at-10.43.42-1-1536x1152.jpeg 1536w, https:\/\/www.esplac.cat\/wp-content\/uploads\/2021\/11\/WhatsApp-Image-2021-11-22-at-10.43.42-1.jpeg 1600w\" sizes=\"(max-width: 300px) 100vw, 300px\" \/><\/a>\n\t\t\t<\/dt><\/dl><dl class='gallery-item'>\n\t\t\t<dt class='gallery-icon landscape'>\n\t\t\t\t<a data-rel=\"iLightbox[postimages]\" data-title=\"WhatsApp Image 2021-11-22 at 10.43.43 (1)\" data-caption=\"\" href='https:\/\/www.esplac.cat\/en\/whatsapp-image-2021-11-22-at-10-43-43-1-2\/'><img decoding=\"async\" width=\"300\" height=\"225\" src=\"https:\/\/www.esplac.cat\/wp-content\/uploads\/2021\/11\/WhatsApp-Image-2021-11-22-at-10.43.43-1-300x225.jpeg\" class=\"attachment-medium size-medium\" alt=\"\" srcset=\"https:\/\/www.esplac.cat\/wp-content\/uploads\/2021\/11\/WhatsApp-Image-2021-11-22-at-10.43.43-1-200x150.jpeg 200w, https:\/\/www.esplac.cat\/wp-content\/uploads\/2021\/11\/WhatsApp-Image-2021-11-22-at-10.43.43-1-300x225.jpeg 300w, https:\/\/www.esplac.cat\/wp-content\/uploads\/2021\/11\/WhatsApp-Image-2021-11-22-at-10.43.43-1-400x300.jpeg 400w, https:\/\/www.esplac.cat\/wp-content\/uploads\/2021\/11\/WhatsApp-Image-2021-11-22-at-10.43.43-1-600x450.jpeg 600w, https:\/\/www.esplac.cat\/wp-content\/uploads\/2021\/11\/WhatsApp-Image-2021-11-22-at-10.43.43-1-768x576.jpeg 768w, https:\/\/www.esplac.cat\/wp-content\/uploads\/2021\/11\/WhatsApp-Image-2021-11-22-at-10.43.43-1-800x600.jpeg 800w, https:\/\/www.esplac.cat\/wp-content\/uploads\/2021\/11\/WhatsApp-Image-2021-11-22-at-10.43.43-1-1024x768.jpeg 1024w, https:\/\/www.esplac.cat\/wp-content\/uploads\/2021\/11\/WhatsApp-Image-2021-11-22-at-10.43.43-1-1200x900.jpeg 1200w, https:\/\/www.esplac.cat\/wp-content\/uploads\/2021\/11\/WhatsApp-Image-2021-11-22-at-10.43.43-1-1536x1152.jpeg 1536w, https:\/\/www.esplac.cat\/wp-content\/uploads\/2021\/11\/WhatsApp-Image-2021-11-22-at-10.43.43-1.jpeg 1600w\" sizes=\"(max-width: 300px) 100vw, 300px\" \/><\/a>\n\t\t\t<\/dt><\/dl><dl class='gallery-item'>\n\t\t\t<dt class='gallery-icon portrait'>\n\t\t\t\t<a data-rel=\"iLightbox[postimages]\" data-title=\"WhatsApp Image 2021-11-22 at 10.43.42\" data-caption=\"\" href='https:\/\/www.esplac.cat\/en\/whatsapp-image-2021-11-22-at-10-43-42-2\/'><img decoding=\"async\" width=\"225\" height=\"300\" src=\"https:\/\/www.esplac.cat\/wp-content\/uploads\/2021\/11\/WhatsApp-Image-2021-11-22-at-10.43.42-225x300.jpeg\" class=\"attachment-medium size-medium\" alt=\"\" srcset=\"https:\/\/www.esplac.cat\/wp-content\/uploads\/2021\/11\/WhatsApp-Image-2021-11-22-at-10.43.42-200x267.jpeg 200w, https:\/\/www.esplac.cat\/wp-content\/uploads\/2021\/11\/WhatsApp-Image-2021-11-22-at-10.43.42-225x300.jpeg 225w, https:\/\/www.esplac.cat\/wp-content\/uploads\/2021\/11\/WhatsApp-Image-2021-11-22-at-10.43.42-400x533.jpeg 400w, https:\/\/www.esplac.cat\/wp-content\/uploads\/2021\/11\/WhatsApp-Image-2021-11-22-at-10.43.42-600x800.jpeg 600w, https:\/\/www.esplac.cat\/wp-content\/uploads\/2021\/11\/WhatsApp-Image-2021-11-22-at-10.43.42-768x1024.jpeg 768w, https:\/\/www.esplac.cat\/wp-content\/uploads\/2021\/11\/WhatsApp-Image-2021-11-22-at-10.43.42-800x1067.jpeg 800w, https:\/\/www.esplac.cat\/wp-content\/uploads\/2021\/11\/WhatsApp-Image-2021-11-22-at-10.43.42-1152x1536.jpeg 1152w, https:\/\/www.esplac.cat\/wp-content\/uploads\/2021\/11\/WhatsApp-Image-2021-11-22-at-10.43.42.jpeg 1200w\" sizes=\"(max-width: 225px) 100vw, 225px\" \/><\/a>\n\t\t\t<\/dt><\/dl><br style=\"clear: both\" \/>\n\t\t<\/div>\n\n<p><span style=\"color: #ff9900;\"><strong>El Camp de Tarragona aplega 70 persones a Vila-seca<\/strong><\/span><\/p>\n<p>Els esplais l&#8217;Esclop de Vila-Seca i La Grapadora de Tarragona tamb\u00e9 es van reunir a Vila-seca, amb un total de<strong>\u00a070 persones entre infants i monis<\/strong>, amb gimcanes i activitats sobre els drets dels infants. Algunes d&#8217;aquestes activitats van ser per edats i d&#8217;altres conjuntes, acabant amb la creaci\u00f3 de pancartes i cartells.<\/p>\n<div class=\"gmail_default\">La jornada va ser de tot el dia amb una pausa per dinar conjuntament (cadasc\u00fa es portava el seu dinar de casa). A m\u00e9s a m\u00e9s, es va aprofitar per presentar en societat a le Llani, una avellana que des de dissabte \u00e9s la mascota del sector!<\/div>\n<div><\/div>\n<div>\n\n\t\t<style type=\"text\/css\">\n\t\t\t#gallery-2 {\n\t\t\t\tmargin: auto;\n\t\t\t}\n\t\t\t#gallery-2 .gallery-item {\n\t\t\t\tfloat: left;\n\t\t\t\tmargin-top: 10px;\n\t\t\t\ttext-align: center;\n\t\t\t\twidth: 33%;\n\t\t\t}\n\t\t\t#gallery-2 img {\n\t\t\t\tborder: 2px solid #cfcfcf;\n\t\t\t}\n\t\t\t#gallery-2 .gallery-caption {\n\t\t\t\tmargin-left: 0;\n\t\t\t}\n\t\t\t\/* see gallery_shortcode() in wp-includes\/media.php *\/\n\t\t<\/style>\n\t\t<div id='gallery-2' class='gallery galleryid-38065 gallery-columns-3 gallery-size-medium'><dl class='gallery-item'>\n\t\t\t<dt class='gallery-icon landscape'>\n\t\t\t\t<a data-rel=\"iLightbox[postimages]\" data-title=\"WhatsApp Image 2021-11-22 at 11.52.08\" data-caption=\"\" href='https:\/\/www.esplac.cat\/en\/whatsapp-image-2021-11-22-at-11-52-08-2\/'><img decoding=\"async\" width=\"300\" height=\"225\" src=\"https:\/\/www.esplac.cat\/wp-content\/uploads\/2021\/11\/WhatsApp-Image-2021-11-22-at-11.52.08-300x225.jpeg\" class=\"attachment-medium size-medium\" alt=\"\" srcset=\"https:\/\/www.esplac.cat\/wp-content\/uploads\/2021\/11\/WhatsApp-Image-2021-11-22-at-11.52.08-200x150.jpeg 200w, https:\/\/www.esplac.cat\/wp-content\/uploads\/2021\/11\/WhatsApp-Image-2021-11-22-at-11.52.08-300x225.jpeg 300w, https:\/\/www.esplac.cat\/wp-content\/uploads\/2021\/11\/WhatsApp-Image-2021-11-22-at-11.52.08-400x300.jpeg 400w, https:\/\/www.esplac.cat\/wp-content\/uploads\/2021\/11\/WhatsApp-Image-2021-11-22-at-11.52.08-600x450.jpeg 600w, https:\/\/www.esplac.cat\/wp-content\/uploads\/2021\/11\/WhatsApp-Image-2021-11-22-at-11.52.08-768x576.jpeg 768w, https:\/\/www.esplac.cat\/wp-content\/uploads\/2021\/11\/WhatsApp-Image-2021-11-22-at-11.52.08-800x600.jpeg 800w, https:\/\/www.esplac.cat\/wp-content\/uploads\/2021\/11\/WhatsApp-Image-2021-11-22-at-11.52.08-1024x768.jpeg 1024w, https:\/\/www.esplac.cat\/wp-content\/uploads\/2021\/11\/WhatsApp-Image-2021-11-22-at-11.52.08-1200x900.jpeg 1200w, https:\/\/www.esplac.cat\/wp-content\/uploads\/2021\/11\/WhatsApp-Image-2021-11-22-at-11.52.08-1536x1152.jpeg 1536w\" sizes=\"(max-width: 300px) 100vw, 300px\" \/><\/a>\n\t\t\t<\/dt><\/dl><dl class='gallery-item'>\n\t\t\t<dt class='gallery-icon landscape'>\n\t\t\t\t<a data-rel=\"iLightbox[postimages]\" data-title=\"WhatsApp Image 2021-11-22 at 11.52.04\" data-caption=\"\" href='https:\/\/www.esplac.cat\/en\/whatsapp-image-2021-11-22-at-11-52-04-2\/'><img decoding=\"async\" width=\"300\" height=\"225\" src=\"https:\/\/www.esplac.cat\/wp-content\/uploads\/2021\/11\/WhatsApp-Image-2021-11-22-at-11.52.04-300x225.jpeg\" class=\"attachment-medium size-medium\" alt=\"\" srcset=\"https:\/\/www.esplac.cat\/wp-content\/uploads\/2021\/11\/WhatsApp-Image-2021-11-22-at-11.52.04-200x150.jpeg 200w, https:\/\/www.esplac.cat\/wp-content\/uploads\/2021\/11\/WhatsApp-Image-2021-11-22-at-11.52.04-300x225.jpeg 300w, https:\/\/www.esplac.cat\/wp-content\/uploads\/2021\/11\/WhatsApp-Image-2021-11-22-at-11.52.04-400x300.jpeg 400w, https:\/\/www.esplac.cat\/wp-content\/uploads\/2021\/11\/WhatsApp-Image-2021-11-22-at-11.52.04-600x450.jpeg 600w, https:\/\/www.esplac.cat\/wp-content\/uploads\/2021\/11\/WhatsApp-Image-2021-11-22-at-11.52.04-768x576.jpeg 768w, https:\/\/www.esplac.cat\/wp-content\/uploads\/2021\/11\/WhatsApp-Image-2021-11-22-at-11.52.04-800x600.jpeg 800w, https:\/\/www.esplac.cat\/wp-content\/uploads\/2021\/11\/WhatsApp-Image-2021-11-22-at-11.52.04-1024x768.jpeg 1024w, https:\/\/www.esplac.cat\/wp-content\/uploads\/2021\/11\/WhatsApp-Image-2021-11-22-at-11.52.04-1200x900.jpeg 1200w, https:\/\/www.esplac.cat\/wp-content\/uploads\/2021\/11\/WhatsApp-Image-2021-11-22-at-11.52.04-1536x1152.jpeg 1536w\" sizes=\"(max-width: 300px) 100vw, 300px\" \/><\/a>\n\t\t\t<\/dt><\/dl><dl class='gallery-item'>\n\t\t\t<dt class='gallery-icon landscape'>\n\t\t\t\t<a data-rel=\"iLightbox[postimages]\" data-title=\"WhatsApp Image 2021-11-22 at 11.52.02\" data-caption=\"\" href='https:\/\/www.esplac.cat\/en\/whatsapp-image-2021-11-22-at-11-52-02-2\/'><img decoding=\"async\" width=\"300\" height=\"225\" src=\"https:\/\/www.esplac.cat\/wp-content\/uploads\/2021\/11\/WhatsApp-Image-2021-11-22-at-11.52.02-300x225.jpeg\" class=\"attachment-medium size-medium\" alt=\"\" srcset=\"https:\/\/www.esplac.cat\/wp-content\/uploads\/2021\/11\/WhatsApp-Image-2021-11-22-at-11.52.02-200x150.jpeg 200w, https:\/\/www.esplac.cat\/wp-content\/uploads\/2021\/11\/WhatsApp-Image-2021-11-22-at-11.52.02-300x225.jpeg 300w, https:\/\/www.esplac.cat\/wp-content\/uploads\/2021\/11\/WhatsApp-Image-2021-11-22-at-11.52.02-400x300.jpeg 400w, https:\/\/www.esplac.cat\/wp-content\/uploads\/2021\/11\/WhatsApp-Image-2021-11-22-at-11.52.02-600x450.jpeg 600w, https:\/\/www.esplac.cat\/wp-content\/uploads\/2021\/11\/WhatsApp-Image-2021-11-22-at-11.52.02-768x576.jpeg 768w, https:\/\/www.esplac.cat\/wp-content\/uploads\/2021\/11\/WhatsApp-Image-2021-11-22-at-11.52.02-800x600.jpeg 800w, https:\/\/www.esplac.cat\/wp-content\/uploads\/2021\/11\/WhatsApp-Image-2021-11-22-at-11.52.02-1024x768.jpeg 1024w, https:\/\/www.esplac.cat\/wp-content\/uploads\/2021\/11\/WhatsApp-Image-2021-11-22-at-11.52.02-1200x900.jpeg 1200w, https:\/\/www.esplac.cat\/wp-content\/uploads\/2021\/11\/WhatsApp-Image-2021-11-22-at-11.52.02-1536x1152.jpeg 1536w\" sizes=\"(max-width: 300px) 100vw, 300px\" \/><\/a>\n\t\t\t<\/dt><\/dl><br style=\"clear: both\" \/><dl class='gallery-item'>\n\t\t\t<dt class='gallery-icon portrait'>\n\t\t\t\t<a data-rel=\"iLightbox[postimages]\" data-title=\"WhatsApp Image 2021-11-22 at 11.56.21\" data-caption=\"\" href='https:\/\/www.esplac.cat\/en\/whatsapp-image-2021-11-22-at-11-56-21-2\/'><img decoding=\"async\" width=\"225\" height=\"300\" src=\"https:\/\/www.esplac.cat\/wp-content\/uploads\/2021\/11\/WhatsApp-Image-2021-11-22-at-11.56.21-225x300.jpeg\" class=\"attachment-medium size-medium\" alt=\"\" srcset=\"https:\/\/www.esplac.cat\/wp-content\/uploads\/2021\/11\/WhatsApp-Image-2021-11-22-at-11.56.21-200x267.jpeg 200w, https:\/\/www.esplac.cat\/wp-content\/uploads\/2021\/11\/WhatsApp-Image-2021-11-22-at-11.56.21-225x300.jpeg 225w, https:\/\/www.esplac.cat\/wp-content\/uploads\/2021\/11\/WhatsApp-Image-2021-11-22-at-11.56.21-400x533.jpeg 400w, https:\/\/www.esplac.cat\/wp-content\/uploads\/2021\/11\/WhatsApp-Image-2021-11-22-at-11.56.21-600x800.jpeg 600w, https:\/\/www.esplac.cat\/wp-content\/uploads\/2021\/11\/WhatsApp-Image-2021-11-22-at-11.56.21-768x1024.jpeg 768w, https:\/\/www.esplac.cat\/wp-content\/uploads\/2021\/11\/WhatsApp-Image-2021-11-22-at-11.56.21-800x1067.jpeg 800w, https:\/\/www.esplac.cat\/wp-content\/uploads\/2021\/11\/WhatsApp-Image-2021-11-22-at-11.56.21-1152x1536.jpeg 1152w, https:\/\/www.esplac.cat\/wp-content\/uploads\/2021\/11\/WhatsApp-Image-2021-11-22-at-11.56.21.jpeg 1200w\" sizes=\"(max-width: 225px) 100vw, 225px\" \/><\/a>\n\t\t\t<\/dt><\/dl><dl class='gallery-item'>\n\t\t\t<dt class='gallery-icon landscape'>\n\t\t\t\t<a data-rel=\"iLightbox[postimages]\" data-title=\"WhatsApp Image 2021-11-22 at 11.52.07\" data-caption=\"\" href='https:\/\/www.esplac.cat\/en\/whatsapp-image-2021-11-22-at-11-52-07-2\/'><img decoding=\"async\" width=\"300\" height=\"300\" src=\"https:\/\/www.esplac.cat\/wp-content\/uploads\/2021\/11\/WhatsApp-Image-2021-11-22-at-11.52.07-300x300.jpeg\" class=\"attachment-medium size-medium\" alt=\"\" srcset=\"https:\/\/www.esplac.cat\/wp-content\/uploads\/2021\/11\/WhatsApp-Image-2021-11-22-at-11.52.07-66x66.jpeg 66w, https:\/\/www.esplac.cat\/wp-content\/uploads\/2021\/11\/WhatsApp-Image-2021-11-22-at-11.52.07-150x150.jpeg 150w, https:\/\/www.esplac.cat\/wp-content\/uploads\/2021\/11\/WhatsApp-Image-2021-11-22-at-11.52.07-200x200.jpeg 200w, https:\/\/www.esplac.cat\/wp-content\/uploads\/2021\/11\/WhatsApp-Image-2021-11-22-at-11.52.07-300x300.jpeg 300w, https:\/\/www.esplac.cat\/wp-content\/uploads\/2021\/11\/WhatsApp-Image-2021-11-22-at-11.52.07-400x400.jpeg 400w, https:\/\/www.esplac.cat\/wp-content\/uploads\/2021\/11\/WhatsApp-Image-2021-11-22-at-11.52.07-600x600.jpeg 600w, https:\/\/www.esplac.cat\/wp-content\/uploads\/2021\/11\/WhatsApp-Image-2021-11-22-at-11.52.07-768x768.jpeg 768w, https:\/\/www.esplac.cat\/wp-content\/uploads\/2021\/11\/WhatsApp-Image-2021-11-22-at-11.52.07-800x800.jpeg 800w, https:\/\/www.esplac.cat\/wp-content\/uploads\/2021\/11\/WhatsApp-Image-2021-11-22-at-11.52.07-1024x1024.jpeg 1024w, https:\/\/www.esplac.cat\/wp-content\/uploads\/2021\/11\/WhatsApp-Image-2021-11-22-at-11.52.07-1200x1200.jpeg 1200w, https:\/\/www.esplac.cat\/wp-content\/uploads\/2021\/11\/WhatsApp-Image-2021-11-22-at-11.52.07-1536x1536.jpeg 1536w\" sizes=\"(max-width: 300px) 100vw, 300px\" \/><\/a>\n\t\t\t<\/dt><\/dl>\n\t\t\t<br style='clear: both' \/>\n\t\t<\/div>\n\n<\/div>\n<p>&nbsp;<\/p>\n<p><strong><span style=\"color: #ff9900;\"> Martorell i Santa Coloma de Cervell\u00f3 s&#8217;omplen de reivindicaci\u00f3 pel DUDI<\/span><\/strong><\/p>\n<p><span style=\"color: #000000;\">El Sector Baix Llobregat tamb\u00e9 va fer activitats amb motiu del 20N. Es van dividir per edats, entre infants i joves, a <strong>Martorell<\/strong> i Santa <strong>Coloma de Cervell\u00f3<\/strong>. <\/span><\/p>\n<p><span style=\"color: #000000;\">El Greska, el Guspira, l&#8217;Agrupa, el Peti ki peti, el Pa amb Tom\u00e0quet, el Vol i vol i el Trapella es van trobar el passat dissabte per celebrar la DUDI. Els grups de peques, mitjans i grans es van trobar a Santa Coloma de Cervell\u00f3. Durant el mat\u00ed van fer <strong>activitats per treballar els drets dels infants<\/strong> repartits en grups d&#8217;edat, i a la tarda es van agrupar per celebrar un acte unitari que va ser tot un \u00e8xit! <\/span><span style=\"color: #000000;\">Cada grup d&#8217;infants de cada esplai, va escriure en una cartolina reivindicacions sobre els drets dels infants, per exemple, un dels drets que va sortir va ser el dret a l&#8217;habitatge. <\/span><\/p>\n<p><span style=\"color: #000000;\">Els grups de joves es van trobar a Martorell, on tamb\u00e9 van fer activitats relacionades amb els drets dels infants i joves. Va ser un dia ple de reivindicaci\u00f3 i cohesi\u00f3 dels esplais del sector.<\/span><\/p>\n<p><a href=\"https:\/\/www.esplac.cat\/wp-content\/uploads\/2021\/11\/WhatsApp-Image-2021-11-22-at-16.06.30.jpeg\"><img decoding=\"async\" class=\"aligncenter wp-image-38084\" src=\"https:\/\/www.esplac.cat\/wp-content\/uploads\/2021\/11\/WhatsApp-Image-2021-11-22-at-16.06.30.jpeg\" alt=\"\" width=\"595\" height=\"405\" srcset=\"https:\/\/www.esplac.cat\/wp-content\/uploads\/2021\/11\/WhatsApp-Image-2021-11-22-at-16.06.30-200x136.jpeg 200w, https:\/\/www.esplac.cat\/wp-content\/uploads\/2021\/11\/WhatsApp-Image-2021-11-22-at-16.06.30-300x204.jpeg 300w, https:\/\/www.esplac.cat\/wp-content\/uploads\/2021\/11\/WhatsApp-Image-2021-11-22-at-16.06.30-400x272.jpeg 400w, https:\/\/www.esplac.cat\/wp-content\/uploads\/2021\/11\/WhatsApp-Image-2021-11-22-at-16.06.30-600x409.jpeg 600w, https:\/\/www.esplac.cat\/wp-content\/uploads\/2021\/11\/WhatsApp-Image-2021-11-22-at-16.06.30-768x523.jpeg 768w, https:\/\/www.esplac.cat\/wp-content\/uploads\/2021\/11\/WhatsApp-Image-2021-11-22-at-16.06.30-800x545.jpeg 800w, https:\/\/www.esplac.cat\/wp-content\/uploads\/2021\/11\/WhatsApp-Image-2021-11-22-at-16.06.30.jpeg 828w\" sizes=\"(max-width: 595px) 100vw, 595px\" \/><\/a><\/p>\n<p>&nbsp;<\/p>\n<p><span style=\"color: #ff9900;\"><strong>I, el Baix Bes\u00f2s es reuneix dissabte al mat\u00ed a Badalona<\/strong><\/span><\/p>\n<p><span style=\"font-weight: 400;\">Enguany, els esplais Diplodocus, Puigcastellar i Xirusplai es van ajuntar al Parc de Can Solei, a la ciutat de <strong>Badalona<\/strong>, per fer activitats conjuntes i reivindicar aix\u00ed els drets dels infants.<\/span><\/p>\n<p><span style=\"font-weight: 400;\">Es va fer una <strong>xocolatada conjunta<\/strong> per esmorzar i agafar forces per les activitats que es van desenvolupar al llarg del mat\u00ed. Un cop esmorzats, els infants es van separar per grups d\u2019edat; petits, mitjans i grans per fer les activitats.<\/span><\/p>\n<p><span style=\"font-weight: 400;\">Entre altres coses, els infants van poder <strong>con\u00e8ixer, identificar i treballar els seus drets<\/strong>, concretament els que es veuen refor\u00e7ats a l&#8217;esplai. A m\u00e9s, van poder con\u00e8ixer els infants dels altres esplais i es van adonar de les moltes coses que tenen en com\u00fa!\u00a0<\/span><\/p>\n<p><span style=\"font-weight: 400;\">Va ser un mat\u00ed molt enriquidor i divertit. De ben segur que el Baix Bes\u00f2s convertir\u00e0 aquesta jornada en una tradici\u00f3!<\/span><\/p>\n\n\t\t<style type=\"text\/css\">\n\t\t\t#gallery-3 {\n\t\t\t\tmargin: auto;\n\t\t\t}\n\t\t\t#gallery-3 .gallery-item {\n\t\t\t\tfloat: left;\n\t\t\t\tmargin-top: 10px;\n\t\t\t\ttext-align: center;\n\t\t\t\twidth: 50%;\n\t\t\t}\n\t\t\t#gallery-3 img {\n\t\t\t\tborder: 2px solid #cfcfcf;\n\t\t\t}\n\t\t\t#gallery-3 .gallery-caption {\n\t\t\t\tmargin-left: 0;\n\t\t\t}\n\t\t\t\/* see gallery_shortcode() in wp-includes\/media.php *\/\n\t\t<\/style>\n\t\t<div id='gallery-3' class='gallery galleryid-38065 gallery-columns-2 gallery-size-medium'><dl class='gallery-item'>\n\t\t\t<dt class='gallery-icon portrait'>\n\t\t\t\t<a data-rel=\"iLightbox[postimages]\" data-title=\"WhatsApp Image 2021-11-22 at 15.36.11\" data-caption=\"\" href='https:\/\/www.esplac.cat\/wp-content\/uploads\/2021\/11\/WhatsApp-Image-2021-11-22-at-15.36.11.jpeg'><img decoding=\"async\" width=\"225\" height=\"300\" src=\"https:\/\/www.esplac.cat\/wp-content\/uploads\/2021\/11\/WhatsApp-Image-2021-11-22-at-15.36.11-225x300.jpeg\" class=\"attachment-medium size-medium\" alt=\"\" srcset=\"https:\/\/www.esplac.cat\/wp-content\/uploads\/2021\/11\/WhatsApp-Image-2021-11-22-at-15.36.11-200x267.jpeg 200w, https:\/\/www.esplac.cat\/wp-content\/uploads\/2021\/11\/WhatsApp-Image-2021-11-22-at-15.36.11-225x300.jpeg 225w, https:\/\/www.esplac.cat\/wp-content\/uploads\/2021\/11\/WhatsApp-Image-2021-11-22-at-15.36.11-400x533.jpeg 400w, https:\/\/www.esplac.cat\/wp-content\/uploads\/2021\/11\/WhatsApp-Image-2021-11-22-at-15.36.11-600x800.jpeg 600w, https:\/\/www.esplac.cat\/wp-content\/uploads\/2021\/11\/WhatsApp-Image-2021-11-22-at-15.36.11-768x1024.jpeg 768w, https:\/\/www.esplac.cat\/wp-content\/uploads\/2021\/11\/WhatsApp-Image-2021-11-22-at-15.36.11-800x1067.jpeg 800w, https:\/\/www.esplac.cat\/wp-content\/uploads\/2021\/11\/WhatsApp-Image-2021-11-22-at-15.36.11-1152x1536.jpeg 1152w, https:\/\/www.esplac.cat\/wp-content\/uploads\/2021\/11\/WhatsApp-Image-2021-11-22-at-15.36.11-1200x1600.jpeg 1200w, https:\/\/www.esplac.cat\/wp-content\/uploads\/2021\/11\/WhatsApp-Image-2021-11-22-at-15.36.11.jpeg 1536w\" sizes=\"(max-width: 225px) 100vw, 225px\" \/><\/a>\n\t\t\t<\/dt><\/dl><dl class='gallery-item'>\n\t\t\t<dt class='gallery-icon landscape'>\n\t\t\t\t<a data-rel=\"iLightbox[postimages]\" data-title=\"WhatsApp Image 2021-11-22 at 15.35.54\" data-caption=\"\" href='https:\/\/www.esplac.cat\/wp-content\/uploads\/2021\/11\/WhatsApp-Image-2021-11-22-at-15.35.54.jpeg'><img decoding=\"async\" width=\"300\" height=\"225\" src=\"https:\/\/www.esplac.cat\/wp-content\/uploads\/2021\/11\/WhatsApp-Image-2021-11-22-at-15.35.54-300x225.jpeg\" class=\"attachment-medium size-medium\" alt=\"\" srcset=\"https:\/\/www.esplac.cat\/wp-content\/uploads\/2021\/11\/WhatsApp-Image-2021-11-22-at-15.35.54-200x150.jpeg 200w, https:\/\/www.esplac.cat\/wp-content\/uploads\/2021\/11\/WhatsApp-Image-2021-11-22-at-15.35.54-300x225.jpeg 300w, https:\/\/www.esplac.cat\/wp-content\/uploads\/2021\/11\/WhatsApp-Image-2021-11-22-at-15.35.54-400x300.jpeg 400w, https:\/\/www.esplac.cat\/wp-content\/uploads\/2021\/11\/WhatsApp-Image-2021-11-22-at-15.35.54-600x450.jpeg 600w, https:\/\/www.esplac.cat\/wp-content\/uploads\/2021\/11\/WhatsApp-Image-2021-11-22-at-15.35.54-768x576.jpeg 768w, https:\/\/www.esplac.cat\/wp-content\/uploads\/2021\/11\/WhatsApp-Image-2021-11-22-at-15.35.54-800x600.jpeg 800w, https:\/\/www.esplac.cat\/wp-content\/uploads\/2021\/11\/WhatsApp-Image-2021-11-22-at-15.35.54-1024x768.jpeg 1024w, https:\/\/www.esplac.cat\/wp-content\/uploads\/2021\/11\/WhatsApp-Image-2021-11-22-at-15.35.54-1200x900.jpeg 1200w, https:\/\/www.esplac.cat\/wp-content\/uploads\/2021\/11\/WhatsApp-Image-2021-11-22-at-15.35.54-1536x1152.jpeg 1536w\" sizes=\"(max-width: 300px) 100vw, 300px\" \/><\/a>\n\t\t\t<\/dt><\/dl><br style=\"clear: both\" \/>\n\t\t<\/div>\n\n<p>&nbsp;<\/p>\n","protected":false},"excerpt":{"rendered":"<p>Aquest dissabte 20 de novembre, Dia Universal dels Drets dels [&hellip;]<\/p>\n","protected":false},"author":3,"featured_media":38094,"comment_status":"closed","ping_status":"closed","sticky":false,"template":"","format":"standard","meta":{"om_disable_all_campaigns":false,"_monsterinsights_skip_tracking":false,"_monsterinsights_sitenote_active":false,"_monsterinsights_sitenote_note":"","_monsterinsights_sitenote_category":0,"_uf_show_specific_survey":0,"_uf_disable_surveys":false,"footnotes":""},"categories":[1135],"tags":[],"class_list":["post-38065","post","type-post","status-publish","format-standard","has-post-thumbnail","hentry","category-20-n-drets-dels-infants"],"yoast_head":"<!-- This site is optimized with the Yoast SEO plugin v27.4 - https:\/\/yoast.com\/product\/yoast-seo-wordpress\/ -->\n<title>20N: Els esplais d&#039;Esplac reivindiquem els drets dels infants arreu del territori - Esplac<\/title>\n<meta name=\"robots\" content=\"index, follow, max-snippet:-1, max-image-preview:large, max-video-preview:-1\" \/>\n<link rel=\"canonical\" href=\"https:\/\/www.esplac.cat\/es\/20n-esplais-esplac-revindiquem-dret-infants-arreu-territori\/\" \/>\n<meta property=\"og:locale\" content=\"en_US\" \/>\n<meta property=\"og:type\" content=\"article\" \/>\n<meta property=\"og:title\" content=\"20N: Els esplais d&#039;Esplac reivindiquem els drets dels infants arreu del territori - Esplac\" \/>\n<meta property=\"og:description\" content=\"Aquest dissabte 20 de novembre, Dia Universal dels Drets dels [&hellip;]\" \/>\n<meta property=\"og:url\" content=\"https:\/\/www.esplac.cat\/es\/20n-esplais-esplac-revindiquem-dret-infants-arreu-territori\/\" \/>\n<meta property=\"og:site_name\" content=\"Esplac\" \/>\n<meta property=\"article:published_time\" content=\"2021-11-22T15:46:23+00:00\" \/>\n<meta property=\"article:modified_time\" content=\"2021-11-23T11:05:23+00:00\" \/>\n<meta property=\"og:image\" content=\"https:\/\/www.esplac.cat\/wp-content\/uploads\/2021\/11\/portades_DUDI.jpg\" \/>\n\t<meta property=\"og:image:width\" content=\"1697\" \/>\n\t<meta property=\"og:image:height\" content=\"700\" \/>\n\t<meta property=\"og:image:type\" content=\"image\/jpeg\" \/>\n<meta name=\"author\" content=\"Comunicaci\u00f3 Esplac\" \/>\n<meta name=\"twitter:card\" content=\"summary_large_image\" \/>\n<meta name=\"twitter:label1\" content=\"Written by\" \/>\n\t<meta name=\"twitter:data1\" content=\"Comunicaci\u00f3 Esplac\" \/>\n\t<meta name=\"twitter:label2\" content=\"Est. reading time\" \/>\n\t<meta name=\"twitter:data2\" content=\"4 minutes\" \/>\n<script type=\"application\/ld+json\" class=\"yoast-schema-graph\">{\"@context\":\"https:\\\/\\\/schema.org\",\"@graph\":[{\"@type\":\"Article\",\"@id\":\"https:\\\/\\\/www.esplac.cat\\\/es\\\/20n-esplais-esplac-revindiquem-dret-infants-arreu-territori\\\/#article\",\"isPartOf\":{\"@id\":\"https:\\\/\\\/www.esplac.cat\\\/es\\\/20n-esplais-esplac-revindiquem-dret-infants-arreu-territori\\\/\"},\"author\":{\"name\":\"Comunicaci\u00f3 Esplac\",\"@id\":\"https:\\\/\\\/www.esplac.cat\\\/#\\\/schema\\\/person\\\/908383cf240be18b68f8855d0583faca\"},\"headline\":\"20N: Els esplais d&#8217;Esplac reivindiquem els drets dels infants arreu del territori\",\"datePublished\":\"2021-11-22T15:46:23+00:00\",\"dateModified\":\"2021-11-23T11:05:23+00:00\",\"mainEntityOfPage\":{\"@id\":\"https:\\\/\\\/www.esplac.cat\\\/es\\\/20n-esplais-esplac-revindiquem-dret-infants-arreu-territori\\\/\"},\"wordCount\":724,\"publisher\":{\"@id\":\"https:\\\/\\\/www.esplac.cat\\\/#organization\"},\"image\":{\"@id\":\"https:\\\/\\\/www.esplac.cat\\\/es\\\/20n-esplais-esplac-revindiquem-dret-infants-arreu-territori\\\/#primaryimage\"},\"thumbnailUrl\":\"https:\\\/\\\/www.esplac.cat\\\/wp-content\\\/uploads\\\/2021\\\/11\\\/portades_DUDI.jpg\",\"articleSection\":[\"20-N: Drets dels infants\"],\"inLanguage\":\"en-US\"},{\"@type\":\"WebPage\",\"@id\":\"https:\\\/\\\/www.esplac.cat\\\/es\\\/20n-esplais-esplac-revindiquem-dret-infants-arreu-territori\\\/\",\"url\":\"https:\\\/\\\/www.esplac.cat\\\/es\\\/20n-esplais-esplac-revindiquem-dret-infants-arreu-territori\\\/\",\"name\":\"20N: Els esplais d'Esplac reivindiquem els drets dels infants arreu del territori - Esplac\",\"isPartOf\":{\"@id\":\"https:\\\/\\\/www.esplac.cat\\\/#website\"},\"primaryImageOfPage\":{\"@id\":\"https:\\\/\\\/www.esplac.cat\\\/es\\\/20n-esplais-esplac-revindiquem-dret-infants-arreu-territori\\\/#primaryimage\"},\"image\":{\"@id\":\"https:\\\/\\\/www.esplac.cat\\\/es\\\/20n-esplais-esplac-revindiquem-dret-infants-arreu-territori\\\/#primaryimage\"},\"thumbnailUrl\":\"https:\\\/\\\/www.esplac.cat\\\/wp-content\\\/uploads\\\/2021\\\/11\\\/portades_DUDI.jpg\",\"datePublished\":\"2021-11-22T15:46:23+00:00\",\"dateModified\":\"2021-11-23T11:05:23+00:00\",\"breadcrumb\":{\"@id\":\"https:\\\/\\\/www.esplac.cat\\\/es\\\/20n-esplais-esplac-revindiquem-dret-infants-arreu-territori\\\/#breadcrumb\"},\"inLanguage\":\"en-US\",\"potentialAction\":[{\"@type\":\"ReadAction\",\"target\":[\"https:\\\/\\\/www.esplac.cat\\\/es\\\/20n-esplais-esplac-revindiquem-dret-infants-arreu-territori\\\/\"]}]},{\"@type\":\"ImageObject\",\"inLanguage\":\"en-US\",\"@id\":\"https:\\\/\\\/www.esplac.cat\\\/es\\\/20n-esplais-esplac-revindiquem-dret-infants-arreu-territori\\\/#primaryimage\",\"url\":\"https:\\\/\\\/www.esplac.cat\\\/wp-content\\\/uploads\\\/2021\\\/11\\\/portades_DUDI.jpg\",\"contentUrl\":\"https:\\\/\\\/www.esplac.cat\\\/wp-content\\\/uploads\\\/2021\\\/11\\\/portades_DUDI.jpg\",\"width\":1697,\"height\":700},{\"@type\":\"BreadcrumbList\",\"@id\":\"https:\\\/\\\/www.esplac.cat\\\/es\\\/20n-esplais-esplac-revindiquem-dret-infants-arreu-territori\\\/#breadcrumb\",\"itemListElement\":[{\"@type\":\"ListItem\",\"position\":1,\"name\":\"Inici\",\"item\":\"https:\\\/\\\/www.esplac.cat\\\/en\\\/\"},{\"@type\":\"ListItem\",\"position\":2,\"name\":\"20N: Els esplais d&#8217;Esplac reivindiquem els drets dels infants arreu del territori\"}]},{\"@type\":\"WebSite\",\"@id\":\"https:\\\/\\\/www.esplac.cat\\\/#website\",\"url\":\"https:\\\/\\\/www.esplac.cat\\\/\",\"name\":\"Esplac\",\"description\":\"Esplais Catalans\",\"publisher\":{\"@id\":\"https:\\\/\\\/www.esplac.cat\\\/#organization\"},\"potentialAction\":[{\"@type\":\"SearchAction\",\"target\":{\"@type\":\"EntryPoint\",\"urlTemplate\":\"https:\\\/\\\/www.esplac.cat\\\/?s={search_term_string}\"},\"query-input\":{\"@type\":\"PropertyValueSpecification\",\"valueRequired\":true,\"valueName\":\"search_term_string\"}}],\"inLanguage\":\"en-US\"},{\"@type\":\"Organization\",\"@id\":\"https:\\\/\\\/www.esplac.cat\\\/#organization\",\"name\":\"Esplac\",\"url\":\"https:\\\/\\\/www.esplac.cat\\\/\",\"logo\":{\"@type\":\"ImageObject\",\"inLanguage\":\"en-US\",\"@id\":\"https:\\\/\\\/www.esplac.cat\\\/#\\\/schema\\\/logo\\\/image\\\/\",\"url\":\"https:\\\/\\\/www.esplac.cat\\\/wp-content\\\/uploads\\\/2019\\\/08\\\/logox2.png\",\"contentUrl\":\"https:\\\/\\\/www.esplac.cat\\\/wp-content\\\/uploads\\\/2019\\\/08\\\/logox2.png\",\"width\":600,\"height\":295,\"caption\":\"Esplac\"},\"image\":{\"@id\":\"https:\\\/\\\/www.esplac.cat\\\/#\\\/schema\\\/logo\\\/image\\\/\"}},{\"@type\":\"Person\",\"@id\":\"https:\\\/\\\/www.esplac.cat\\\/#\\\/schema\\\/person\\\/908383cf240be18b68f8855d0583faca\",\"name\":\"Comunicaci\u00f3 Esplac\",\"image\":{\"@type\":\"ImageObject\",\"inLanguage\":\"en-US\",\"@id\":\"https:\\\/\\\/secure.gravatar.com\\\/avatar\\\/7a4cf8feb412a76ea4a740ca02d95b06b2907b5a6c648c2dd0a1082a093c3141?s=96&d=mm&r=g\",\"url\":\"https:\\\/\\\/secure.gravatar.com\\\/avatar\\\/7a4cf8feb412a76ea4a740ca02d95b06b2907b5a6c648c2dd0a1082a093c3141?s=96&d=mm&r=g\",\"contentUrl\":\"https:\\\/\\\/secure.gravatar.com\\\/avatar\\\/7a4cf8feb412a76ea4a740ca02d95b06b2907b5a6c648c2dd0a1082a093c3141?s=96&d=mm&r=g\",\"caption\":\"Comunicaci\u00f3 Esplac\"}}]}<\/script>\n<!-- \/ Yoast SEO plugin. -->","yoast_head_json":{"title":"20N: Els esplais d'Esplac reivindiquem els drets dels infants arreu del territori - Esplac","robots":{"index":"index","follow":"follow","max-snippet":"max-snippet:-1","max-image-preview":"max-image-preview:large","max-video-preview":"max-video-preview:-1"},"canonical":"https:\/\/www.esplac.cat\/es\/20n-esplais-esplac-revindiquem-dret-infants-arreu-territori\/","og_locale":"en_US","og_type":"article","og_title":"20N: Els esplais d'Esplac reivindiquem els drets dels infants arreu del territori - Esplac","og_description":"Aquest dissabte 20 de novembre, Dia Universal dels Drets dels [&hellip;]","og_url":"https:\/\/www.esplac.cat\/es\/20n-esplais-esplac-revindiquem-dret-infants-arreu-territori\/","og_site_name":"Esplac","article_published_time":"2021-11-22T15:46:23+00:00","article_modified_time":"2021-11-23T11:05:23+00:00","og_image":[{"width":1697,"height":700,"url":"https:\/\/www.esplac.cat\/wp-content\/uploads\/2021\/11\/portades_DUDI.jpg","type":"image\/jpeg"}],"author":"Comunicaci\u00f3 Esplac","twitter_card":"summary_large_image","twitter_misc":{"Written by":"Comunicaci\u00f3 Esplac","Est. reading time":"4 minutes"},"schema":{"@context":"https:\/\/schema.org","@graph":[{"@type":"Article","@id":"https:\/\/www.esplac.cat\/es\/20n-esplais-esplac-revindiquem-dret-infants-arreu-territori\/#article","isPartOf":{"@id":"https:\/\/www.esplac.cat\/es\/20n-esplais-esplac-revindiquem-dret-infants-arreu-territori\/"},"author":{"name":"Comunicaci\u00f3 Esplac","@id":"https:\/\/www.esplac.cat\/#\/schema\/person\/908383cf240be18b68f8855d0583faca"},"headline":"20N: Els esplais d&#8217;Esplac reivindiquem els drets dels infants arreu del territori","datePublished":"2021-11-22T15:46:23+00:00","dateModified":"2021-11-23T11:05:23+00:00","mainEntityOfPage":{"@id":"https:\/\/www.esplac.cat\/es\/20n-esplais-esplac-revindiquem-dret-infants-arreu-territori\/"},"wordCount":724,"publisher":{"@id":"https:\/\/www.esplac.cat\/#organization"},"image":{"@id":"https:\/\/www.esplac.cat\/es\/20n-esplais-esplac-revindiquem-dret-infants-arreu-territori\/#primaryimage"},"thumbnailUrl":"https:\/\/www.esplac.cat\/wp-content\/uploads\/2021\/11\/portades_DUDI.jpg","articleSection":["20-N: Drets dels infants"],"inLanguage":"en-US"},{"@type":"WebPage","@id":"https:\/\/www.esplac.cat\/es\/20n-esplais-esplac-revindiquem-dret-infants-arreu-territori\/","url":"https:\/\/www.esplac.cat\/es\/20n-esplais-esplac-revindiquem-dret-infants-arreu-territori\/","name":"20N: Els esplais d'Esplac reivindiquem els drets dels infants arreu del territori - Esplac","isPartOf":{"@id":"https:\/\/www.esplac.cat\/#website"},"primaryImageOfPage":{"@id":"https:\/\/www.esplac.cat\/es\/20n-esplais-esplac-revindiquem-dret-infants-arreu-territori\/#primaryimage"},"image":{"@id":"https:\/\/www.esplac.cat\/es\/20n-esplais-esplac-revindiquem-dret-infants-arreu-territori\/#primaryimage"},"thumbnailUrl":"https:\/\/www.esplac.cat\/wp-content\/uploads\/2021\/11\/portades_DUDI.jpg","datePublished":"2021-11-22T15:46:23+00:00","dateModified":"2021-11-23T11:05:23+00:00","breadcrumb":{"@id":"https:\/\/www.esplac.cat\/es\/20n-esplais-esplac-revindiquem-dret-infants-arreu-territori\/#breadcrumb"},"inLanguage":"en-US","potentialAction":[{"@type":"ReadAction","target":["https:\/\/www.esplac.cat\/es\/20n-esplais-esplac-revindiquem-dret-infants-arreu-territori\/"]}]},{"@type":"ImageObject","inLanguage":"en-US","@id":"https:\/\/www.esplac.cat\/es\/20n-esplais-esplac-revindiquem-dret-infants-arreu-territori\/#primaryimage","url":"https:\/\/www.esplac.cat\/wp-content\/uploads\/2021\/11\/portades_DUDI.jpg","contentUrl":"https:\/\/www.esplac.cat\/wp-content\/uploads\/2021\/11\/portades_DUDI.jpg","width":1697,"height":700},{"@type":"BreadcrumbList","@id":"https:\/\/www.esplac.cat\/es\/20n-esplais-esplac-revindiquem-dret-infants-arreu-territori\/#breadcrumb","itemListElement":[{"@type":"ListItem","position":1,"name":"Inici","item":"https:\/\/www.esplac.cat\/en\/"},{"@type":"ListItem","position":2,"name":"20N: Els esplais d&#8217;Esplac reivindiquem els drets dels infants arreu del territori"}]},{"@type":"WebSite","@id":"https:\/\/www.esplac.cat\/#website","url":"https:\/\/www.esplac.cat\/","name":"Esplac","description":"Esplais Catalans","publisher":{"@id":"https:\/\/www.esplac.cat\/#organization"},"potentialAction":[{"@type":"SearchAction","target":{"@type":"EntryPoint","urlTemplate":"https:\/\/www.esplac.cat\/?s={search_term_string}"},"query-input":{"@type":"PropertyValueSpecification","valueRequired":true,"valueName":"search_term_string"}}],"inLanguage":"en-US"},{"@type":"Organization","@id":"https:\/\/www.esplac.cat\/#organization","name":"Esplac","url":"https:\/\/www.esplac.cat\/","logo":{"@type":"ImageObject","inLanguage":"en-US","@id":"https:\/\/www.esplac.cat\/#\/schema\/logo\/image\/","url":"https:\/\/www.esplac.cat\/wp-content\/uploads\/2019\/08\/logox2.png","contentUrl":"https:\/\/www.esplac.cat\/wp-content\/uploads\/2019\/08\/logox2.png","width":600,"height":295,"caption":"Esplac"},"image":{"@id":"https:\/\/www.esplac.cat\/#\/schema\/logo\/image\/"}},{"@type":"Person","@id":"https:\/\/www.esplac.cat\/#\/schema\/person\/908383cf240be18b68f8855d0583faca","name":"Comunicaci\u00f3 Esplac","image":{"@type":"ImageObject","inLanguage":"en-US","@id":"https:\/\/secure.gravatar.com\/avatar\/7a4cf8feb412a76ea4a740ca02d95b06b2907b5a6c648c2dd0a1082a093c3141?s=96&d=mm&r=g","url":"https:\/\/secure.gravatar.com\/avatar\/7a4cf8feb412a76ea4a740ca02d95b06b2907b5a6c648c2dd0a1082a093c3141?s=96&d=mm&r=g","contentUrl":"https:\/\/secure.gravatar.com\/avatar\/7a4cf8feb412a76ea4a740ca02d95b06b2907b5a6c648c2dd0a1082a093c3141?s=96&d=mm&r=g","caption":"Comunicaci\u00f3 Esplac"}}]}},"_links":{"self":[{"href":"https:\/\/www.esplac.cat\/en\/wp-json\/wp\/v2\/posts\/38065","targetHints":{"allow":["GET"]}}],"collection":[{"href":"https:\/\/www.esplac.cat\/en\/wp-json\/wp\/v2\/posts"}],"about":[{"href":"https:\/\/www.esplac.cat\/en\/wp-json\/wp\/v2\/types\/post"}],"author":[{"embeddable":true,"href":"https:\/\/www.esplac.cat\/en\/wp-json\/wp\/v2\/users\/3"}],"replies":[{"embeddable":true,"href":"https:\/\/www.esplac.cat\/en\/wp-json\/wp\/v2\/comments?post=38065"}],"version-history":[{"count":0,"href":"https:\/\/www.esplac.cat\/en\/wp-json\/wp\/v2\/posts\/38065\/revisions"}],"wp:featuredmedia":[{"embeddable":true,"href":"https:\/\/www.esplac.cat\/en\/wp-json\/wp\/v2\/media\/38094"}],"wp:attachment":[{"href":"https:\/\/www.esplac.cat\/en\/wp-json\/wp\/v2\/media?parent=38065"}],"wp:term":[{"taxonomy":"category","embeddable":true,"href":"https:\/\/www.esplac.cat\/en\/wp-json\/wp\/v2\/categories?post=38065"},{"taxonomy":"post_tag","embeddable":true,"href":"https:\/\/www.esplac.cat\/en\/wp-json\/wp\/v2\/tags?post=38065"}],"curies":[{"name":"wp","href":"https:\/\/api.w.org\/{rel}","templated":true}]}}