{"id":38165,"date":"2021-11-30T13:11:44","date_gmt":"2021-11-30T11:11:44","guid":{"rendered":"https:\/\/www.esplac.cat\/?p=38165"},"modified":"2021-11-30T13:35:48","modified_gmt":"2021-11-30T11:35:48","slug":"posicionem-davant-emergencia-linguistica-contra-discurs-odi-40ena-assemblea-general-ordinaria","status":"publish","type":"post","link":"https:\/\/www.esplac.cat\/en\/posicionem-davant-emergencia-linguistica-contra-discurs-odi-40ena-assemblea-general-ordinaria\/","title":{"rendered":"Ens posicionem davant l&#8217;emerg\u00e8ncia ling\u00fc\u00edstica i en contra del discurs d\u2019odi en la 40ena Assemblea General Ordin\u00e0ria"},"content":{"rendered":"<h6><strong>Esplais Catalans hem celebrat aquest cap de setmana, 27 i 28 de novembre, la 40ena Assemblea General Ordin\u00e0ria, el m\u00e0xim espai de decisi\u00f3 de l\u2019entitat. L&#8217;assemblea s\u2019ha realitzat presencialment, despr\u00e9s de mesos de virtualitat degut a la pand\u00e8mia, a l\u2019auditori Josep Carreras de Vila-seca.\u00a0<\/strong><\/h6>\n<p><span style=\"font-weight: 300;\">Al voltant de<\/span><b> 250 <\/b><b>monitores <\/b><b>i monitors<\/b><span style=\"font-weight: 300;\"> de<\/span> <b>67 <\/b><b>esplais d\u2019arreu del territori<\/b><span style=\"font-weight: 300;\"> han aprovat els principals projectes i l\u00ednies d&#8217;actuaci\u00f3 de l\u2019associaci\u00f3 pel curs vinent.<\/span><\/p>\n<p><span style=\"color: #ff9900;\"><b>Els esplais, compromesos enfront l\u2019emerg\u00e8ncia ling\u00fc\u00edstica<\/b><\/span><\/p>\n<p><span style=\"font-weight: 300;\">L\u2019assemblea ha aprovat, un\u00e0nimament, passar a l\u2019acci\u00f3 davant l\u2019emerg\u00e8ncia ling\u00fc\u00edstica que pateix el catal\u00e0. Davant la situaci\u00f3 actual, els esplais<\/span><b> reivindiquem la llengua catalana com una eina de cohesi\u00f3 social<\/b><span style=\"font-weight: 400;\">,<\/span><span style=\"font-weight: 300;\"> promovent l\u2019\u00fas d\u2019aquesta en tots els espais d\u2019Esplac i, aix\u00ed, esdevenir referents ling\u00fc\u00edstics pels infants i joves de l\u2019esplai. A m\u00e9s, exigim continguts en catal\u00e0 pels infants i joves del territori.<\/span><\/p>\n<p><span style=\"color: #ff9900;\"><b>Demandes en contra els discursos d\u2019odi<\/b><\/span><\/p>\n<p><span style=\"font-weight: 300;\">Durant l\u2019assemblea tamb\u00e9 s\u2019ha aprovat <\/span><b>el comprom\u00eds de l\u2019entitat per aturar els discursos d\u2019odi<\/b><span style=\"font-weight: 300;\">. S\u2019ha exigit als mitjans de comunicaci\u00f3 <\/span><b>deixar de donar cobertura medi\u00e0tica<\/b><span style=\"font-weight: 300;\"> als partits d\u2019extrema dreta i la <\/span><b>no toler\u00e0ncia<\/b><span style=\"font-weight: 300;\"> davant de comportaments i discursos discriminatoris.<\/span><\/p>\n<p><span style=\"color: #ff9900;\"><b>40 anys sent imprescindibles<\/b><\/span><\/p>\n<p><span style=\"font-weight: 300;\">Tamb\u00e9, hem volgut reivindicar la tasca imprescindible dels esplais, que aquesta sigui reconeguda com a agent educatiu clau en el desenvolupament d\u2019infants i joves d\u2019arreu del territori. Els esplais demanem unes<\/span> <b>condicions materials dignes<\/b> <span style=\"font-weight: 300;\">i que l\u2019educaci\u00f3 en el lleure de caire voluntari i laic es visibilitzi. Exigim tamb\u00e9, entre d\u2019altres, que es facilitin espais dignes i segurs on poder fer activitat.<\/span><\/p>\n<p><span style=\"font-weight: 300;\">Amb motiu del <\/span><b>40\u00e8 aniversari d\u2019Esplac<\/b><span style=\"font-weight: 400;\">, <\/span><span style=\"font-weight: 300;\">s\u2019han preparat diverses activitats com<\/span><span style=\"font-weight: 400;\"> l\u2019<\/span><b>Esplaiada 2022, la Trobada General d\u2019Esplais Catalans,<\/b><span style=\"font-weight: 400;\"> s<\/span><span style=\"font-weight: 300;\">ota el lema <\/span><b>\u201cLa veu d\u2019un infant \u00e9s m\u00e9s gran que un elefant!\u201d<\/b><span style=\"font-weight: 300;\">. Aquestes, s&#8217;han presentat durant l&#8217;assemblea, juntament amb l&#8217;inici de la creaci\u00f3 d\u2019un conte infantil autofinan\u00e7at que tractar\u00e0 la vida a l\u2019esplai i que engega motors el 13 de desembre amb una campanya a Goteo.org.. A m\u00e9s, s&#8217;ha deixat clar que enguany segueixen tots els espais formatius com l\u2019<\/span><b>Escola d\u2019Esplac<\/b><span style=\"font-weight: 400;\">,<\/span><span style=\"font-weight: 300;\"> aquest cop sobre les metodologies educatives a l\u2019esplai.\u00a0<\/span><\/p>\n<p><span style=\"color: #ff9900;\"><b>Aprovaci\u00f3 un\u00e0nime del Protocol contra agressions discriminat\u00f2ries d\u2019Esplais Catalans<\/b><\/span><\/p>\n<p><span style=\"font-weight: 300;\">Despr\u00e9s de 3 anys d\u2019elaboraci\u00f3, s&#8217;ha aprovat un\u00e0nimement el Protocol contra agressions discriminat\u00f2ries de l\u2019associaci\u00f3. Hem manifestat que <\/span><b>qualsevol tracte discriminatori \u00e9s un un greu problema social i pol\u00edtic<\/b><span style=\"font-weight: 300;\"> que afecta a tota la ciutadania. En el document aprovat, es plasma com es gestionaran, a partir d\u2019ara, els casos de que hi pugui haver a l\u2019entitat, establint criteris de prevenci\u00f3, acompanyament i gesti\u00f3 de les possibles situacions de discriminaci\u00f3 futures. \u00c9s un protocol aplicable al m\u00f3n de l\u2019esplai, aix\u00ed com tamb\u00e9 al m\u00f3n del lleure i l\u2019educaci\u00f3, que serveix com a guia a seguir davant una situaci\u00f3 discriminat\u00f2ria.\u00a0<\/span><\/p>\n<p><span style=\"color: #ff9900;\"><b>Ja hem omplert la motxilla: el Pla Estrat\u00e8gic 2021-24<\/b><\/span><\/p>\n<p><span style=\"font-weight: 300;\">Aquest cap de setmana tamb\u00e9 s\u2019ha portat a votaci\u00f3 el <\/span><b>Pla Estrat\u00e8gic d\u2019Esplais Catalans<\/b><span style=\"font-weight: 300;\">, que marcar\u00e0 els <\/span><b>eixos i objectius fins el proper 2024<\/b><span style=\"font-weight: 300;\">. Tamb\u00e9 recull la missi\u00f3, visi\u00f3 i valors d\u2019Esplac i ser\u00e0 el document sobre el qual valorar amb indicadors l\u2019evoluci\u00f3 de l\u2019entitat d\u2019aqu\u00ed a tres anys. Amb l\u2019aprovaci\u00f3 del Pla Estrat\u00e8gic s\u2019introdueixen <\/span><b>nous valors a l&#8217;entitat. <\/b><span style=\"font-weight: 300;\">Els valors d\u2019Esplais Catalans a partir d\u2019ara s\u00f3n<\/span><b> el voluntariat, la la\u00efcitat, l\u2019associacionisme, el feminisme interseccional, la just\u00edcia global\u00a0 i el decreixement.\u00a0<\/b><\/p>\n<p>En aquests dos dies de tasca conjunta, tamb\u00e9 es van aprovar altres punts com el<strong> Pla de Treball<\/strong> (amb dos projectes nous: <strong>Locals i territori, i Relleu<\/strong>); el <strong>Pressupost 2022;<\/strong>\u00a0la<strong> Mem\u00f2ria 2020-21;<\/strong>\u00a0el <strong>Circuit de posicionaments <\/strong>i\u00a0la<strong> Comissi\u00f3 de Compliment;<\/strong>\u00a0l&#8217;entrada de 3 membres nous a l&#8217;Equip de Coordinaci\u00f3: en <strong>Pau Camero<\/strong>, <strong>Pau Mora<\/strong> i <strong>Pau Casanovas; <\/strong>les dues persones noves representants de les comissions: <strong>Merc\u00e8 L\u00f3pez<\/strong> a G\u00e8neres i Sexualitats Diverses i Dissidents, i <strong>Epi Gal\u00e1n<\/strong> a Reduint Pejtada; i l&#8217;entrada de <strong>7 esplais nous:<\/strong> l&#8217;esplai Safa, l&#8217;esplai 4pedres, l&#8217;esplai Can Cristu, l&#8217;esplai Sanferm, l&#8217;esplai Serrallonga, l&#8217;esplai Natzaret i l&#8217;esplai El Casalot!<\/p>\n<p>Ens queden molts reptes proposats i comencem un curs ple d&#8217;activitats per celebrar entre totes i tots els 40 anys de l&#8217;entitat. Seguim reivindicant la nostra tasca i enfortint els esplais!<\/p>\n<p>Podeu veure totes les <strong>fotografies fetes a l&#8217;AGO<\/strong> en <span style=\"color: #ff9900;\"><a style=\"color: #ff9900;\" href=\"https:\/\/www.facebook.com\/media\/set\/?vanity=esplaiscatalans&amp;set=a.4666019760087552\" target=\"_blank\" rel=\"noopener noreferrer\">aquest enlla\u00e7.<\/a><\/span><\/p>\n<p>&nbsp;<\/p>\n\n\t\t<style type=\"text\/css\">\n\t\t\t#gallery-1 {\n\t\t\t\tmargin: auto;\n\t\t\t}\n\t\t\t#gallery-1 .gallery-item {\n\t\t\t\tfloat: left;\n\t\t\t\tmargin-top: 10px;\n\t\t\t\ttext-align: center;\n\t\t\t\twidth: 33%;\n\t\t\t}\n\t\t\t#gallery-1 img {\n\t\t\t\tborder: 2px solid #cfcfcf;\n\t\t\t}\n\t\t\t#gallery-1 .gallery-caption {\n\t\t\t\tmargin-left: 0;\n\t\t\t}\n\t\t\t\/* see gallery_shortcode() in wp-includes\/media.php *\/\n\t\t<\/style>\n\t\t<div id='gallery-1' class='gallery galleryid-38165 gallery-columns-3 gallery-size-medium'><dl class='gallery-item'>\n\t\t\t<dt class='gallery-icon landscape'>\n\t\t\t\t<a data-rel=\"iLightbox[postimages]\" data-title=\"WhatsApp Image 2021-11-30 at 12.26.49\" data-caption=\"\" href='https:\/\/www.esplac.cat\/en\/whatsapp-image-2021-11-30-at-12-26-49-5\/'><img decoding=\"async\" width=\"300\" height=\"168\" src=\"https:\/\/www.esplac.cat\/wp-content\/uploads\/2021\/11\/WhatsApp-Image-2021-11-30-at-12.26.49-300x168.jpeg\" class=\"attachment-medium size-medium\" alt=\"\" srcset=\"https:\/\/www.esplac.cat\/wp-content\/uploads\/2021\/11\/WhatsApp-Image-2021-11-30-at-12.26.49-200x112.jpeg 200w, https:\/\/www.esplac.cat\/wp-content\/uploads\/2021\/11\/WhatsApp-Image-2021-11-30-at-12.26.49-300x168.jpeg 300w, https:\/\/www.esplac.cat\/wp-content\/uploads\/2021\/11\/WhatsApp-Image-2021-11-30-at-12.26.49-400x225.jpeg 400w, https:\/\/www.esplac.cat\/wp-content\/uploads\/2021\/11\/WhatsApp-Image-2021-11-30-at-12.26.49-600x337.jpeg 600w, https:\/\/www.esplac.cat\/wp-content\/uploads\/2021\/11\/WhatsApp-Image-2021-11-30-at-12.26.49-768x431.jpeg 768w, https:\/\/www.esplac.cat\/wp-content\/uploads\/2021\/11\/WhatsApp-Image-2021-11-30-at-12.26.49-800x449.jpeg 800w, https:\/\/www.esplac.cat\/wp-content\/uploads\/2021\/11\/WhatsApp-Image-2021-11-30-at-12.26.49-1024x575.jpeg 1024w, https:\/\/www.esplac.cat\/wp-content\/uploads\/2021\/11\/WhatsApp-Image-2021-11-30-at-12.26.49-1200x674.jpeg 1200w, https:\/\/www.esplac.cat\/wp-content\/uploads\/2021\/11\/WhatsApp-Image-2021-11-30-at-12.26.49-1536x862.jpeg 1536w, https:\/\/www.esplac.cat\/wp-content\/uploads\/2021\/11\/WhatsApp-Image-2021-11-30-at-12.26.49.jpeg 1600w\" sizes=\"(max-width: 300px) 100vw, 300px\" \/><\/a>\n\t\t\t<\/dt><\/dl><dl class='gallery-item'>\n\t\t\t<dt class='gallery-icon landscape'>\n\t\t\t\t<a data-rel=\"iLightbox[postimages]\" data-title=\"WhatsApp Image 2021-11-30 at 12.26.49 (2)\" data-caption=\"\" href='https:\/\/www.esplac.cat\/en\/whatsapp-image-2021-11-30-at-12-26-49-2-2\/'><img decoding=\"async\" width=\"300\" height=\"168\" src=\"https:\/\/www.esplac.cat\/wp-content\/uploads\/2021\/11\/WhatsApp-Image-2021-11-30-at-12.26.49-2-300x168.jpeg\" class=\"attachment-medium size-medium\" alt=\"\" srcset=\"https:\/\/www.esplac.cat\/wp-content\/uploads\/2021\/11\/WhatsApp-Image-2021-11-30-at-12.26.49-2-200x112.jpeg 200w, https:\/\/www.esplac.cat\/wp-content\/uploads\/2021\/11\/WhatsApp-Image-2021-11-30-at-12.26.49-2-300x168.jpeg 300w, https:\/\/www.esplac.cat\/wp-content\/uploads\/2021\/11\/WhatsApp-Image-2021-11-30-at-12.26.49-2-400x225.jpeg 400w, https:\/\/www.esplac.cat\/wp-content\/uploads\/2021\/11\/WhatsApp-Image-2021-11-30-at-12.26.49-2-600x337.jpeg 600w, https:\/\/www.esplac.cat\/wp-content\/uploads\/2021\/11\/WhatsApp-Image-2021-11-30-at-12.26.49-2-768x431.jpeg 768w, https:\/\/www.esplac.cat\/wp-content\/uploads\/2021\/11\/WhatsApp-Image-2021-11-30-at-12.26.49-2-800x449.jpeg 800w, https:\/\/www.esplac.cat\/wp-content\/uploads\/2021\/11\/WhatsApp-Image-2021-11-30-at-12.26.49-2-1024x575.jpeg 1024w, https:\/\/www.esplac.cat\/wp-content\/uploads\/2021\/11\/WhatsApp-Image-2021-11-30-at-12.26.49-2-1200x674.jpeg 1200w, https:\/\/www.esplac.cat\/wp-content\/uploads\/2021\/11\/WhatsApp-Image-2021-11-30-at-12.26.49-2-1536x862.jpeg 1536w, https:\/\/www.esplac.cat\/wp-content\/uploads\/2021\/11\/WhatsApp-Image-2021-11-30-at-12.26.49-2.jpeg 1600w\" sizes=\"(max-width: 300px) 100vw, 300px\" \/><\/a>\n\t\t\t<\/dt><\/dl><dl class='gallery-item'>\n\t\t\t<dt class='gallery-icon landscape'>\n\t\t\t\t<a data-rel=\"iLightbox[postimages]\" data-title=\"WhatsApp Image 2021-11-30 at 12.26.49 (1)\" data-caption=\"\" href='https:\/\/www.esplac.cat\/en\/whatsapp-image-2021-11-30-at-12-26-49-1-2\/'><img decoding=\"async\" width=\"300\" height=\"168\" src=\"https:\/\/www.esplac.cat\/wp-content\/uploads\/2021\/11\/WhatsApp-Image-2021-11-30-at-12.26.49-1-300x168.jpeg\" class=\"attachment-medium size-medium\" alt=\"\" srcset=\"https:\/\/www.esplac.cat\/wp-content\/uploads\/2021\/11\/WhatsApp-Image-2021-11-30-at-12.26.49-1-200x112.jpeg 200w, https:\/\/www.esplac.cat\/wp-content\/uploads\/2021\/11\/WhatsApp-Image-2021-11-30-at-12.26.49-1-300x168.jpeg 300w, https:\/\/www.esplac.cat\/wp-content\/uploads\/2021\/11\/WhatsApp-Image-2021-11-30-at-12.26.49-1-400x225.jpeg 400w, https:\/\/www.esplac.cat\/wp-content\/uploads\/2021\/11\/WhatsApp-Image-2021-11-30-at-12.26.49-1-600x337.jpeg 600w, https:\/\/www.esplac.cat\/wp-content\/uploads\/2021\/11\/WhatsApp-Image-2021-11-30-at-12.26.49-1-768x431.jpeg 768w, https:\/\/www.esplac.cat\/wp-content\/uploads\/2021\/11\/WhatsApp-Image-2021-11-30-at-12.26.49-1-800x449.jpeg 800w, https:\/\/www.esplac.cat\/wp-content\/uploads\/2021\/11\/WhatsApp-Image-2021-11-30-at-12.26.49-1-1024x575.jpeg 1024w, https:\/\/www.esplac.cat\/wp-content\/uploads\/2021\/11\/WhatsApp-Image-2021-11-30-at-12.26.49-1-1200x674.jpeg 1200w, https:\/\/www.esplac.cat\/wp-content\/uploads\/2021\/11\/WhatsApp-Image-2021-11-30-at-12.26.49-1-1536x862.jpeg 1536w, https:\/\/www.esplac.cat\/wp-content\/uploads\/2021\/11\/WhatsApp-Image-2021-11-30-at-12.26.49-1.jpeg 1600w\" sizes=\"(max-width: 300px) 100vw, 300px\" \/><\/a>\n\t\t\t<\/dt><\/dl><br style=\"clear: both\" \/><dl class='gallery-item'>\n\t\t\t<dt class='gallery-icon landscape'>\n\t\t\t\t<a data-rel=\"iLightbox[postimages]\" data-title=\"WhatsApp Image 2021-11-30 at 12.27.42\" data-caption=\"\" href='https:\/\/www.esplac.cat\/en\/whatsapp-image-2021-11-30-at-12-27-42-2\/'><img decoding=\"async\" width=\"300\" height=\"168\" src=\"https:\/\/www.esplac.cat\/wp-content\/uploads\/2021\/11\/WhatsApp-Image-2021-11-30-at-12.27.42-300x168.jpeg\" class=\"attachment-medium size-medium\" alt=\"\" srcset=\"https:\/\/www.esplac.cat\/wp-content\/uploads\/2021\/11\/WhatsApp-Image-2021-11-30-at-12.27.42-200x112.jpeg 200w, https:\/\/www.esplac.cat\/wp-content\/uploads\/2021\/11\/WhatsApp-Image-2021-11-30-at-12.27.42-300x168.jpeg 300w, https:\/\/www.esplac.cat\/wp-content\/uploads\/2021\/11\/WhatsApp-Image-2021-11-30-at-12.27.42-400x225.jpeg 400w, https:\/\/www.esplac.cat\/wp-content\/uploads\/2021\/11\/WhatsApp-Image-2021-11-30-at-12.27.42-600x337.jpeg 600w, https:\/\/www.esplac.cat\/wp-content\/uploads\/2021\/11\/WhatsApp-Image-2021-11-30-at-12.27.42-768x431.jpeg 768w, https:\/\/www.esplac.cat\/wp-content\/uploads\/2021\/11\/WhatsApp-Image-2021-11-30-at-12.27.42-800x449.jpeg 800w, https:\/\/www.esplac.cat\/wp-content\/uploads\/2021\/11\/WhatsApp-Image-2021-11-30-at-12.27.42-1024x575.jpeg 1024w, https:\/\/www.esplac.cat\/wp-content\/uploads\/2021\/11\/WhatsApp-Image-2021-11-30-at-12.27.42-1200x674.jpeg 1200w, https:\/\/www.esplac.cat\/wp-content\/uploads\/2021\/11\/WhatsApp-Image-2021-11-30-at-12.27.42-1536x862.jpeg 1536w, https:\/\/www.esplac.cat\/wp-content\/uploads\/2021\/11\/WhatsApp-Image-2021-11-30-at-12.27.42.jpeg 1600w\" sizes=\"(max-width: 300px) 100vw, 300px\" \/><\/a>\n\t\t\t<\/dt><\/dl><dl class='gallery-item'>\n\t\t\t<dt class='gallery-icon landscape'>\n\t\t\t\t<a data-rel=\"iLightbox[postimages]\" data-title=\"WhatsApp Image 2021-11-30 at 12.26.49 (4)\" data-caption=\"\" href='https:\/\/www.esplac.cat\/en\/whatsapp-image-2021-11-30-at-12-26-49-4-2\/'><img decoding=\"async\" width=\"300\" height=\"168\" src=\"https:\/\/www.esplac.cat\/wp-content\/uploads\/2021\/11\/WhatsApp-Image-2021-11-30-at-12.26.49-4-300x168.jpeg\" class=\"attachment-medium size-medium\" alt=\"\" srcset=\"https:\/\/www.esplac.cat\/wp-content\/uploads\/2021\/11\/WhatsApp-Image-2021-11-30-at-12.26.49-4-200x112.jpeg 200w, https:\/\/www.esplac.cat\/wp-content\/uploads\/2021\/11\/WhatsApp-Image-2021-11-30-at-12.26.49-4-300x168.jpeg 300w, https:\/\/www.esplac.cat\/wp-content\/uploads\/2021\/11\/WhatsApp-Image-2021-11-30-at-12.26.49-4-400x225.jpeg 400w, https:\/\/www.esplac.cat\/wp-content\/uploads\/2021\/11\/WhatsApp-Image-2021-11-30-at-12.26.49-4-600x337.jpeg 600w, https:\/\/www.esplac.cat\/wp-content\/uploads\/2021\/11\/WhatsApp-Image-2021-11-30-at-12.26.49-4-768x431.jpeg 768w, https:\/\/www.esplac.cat\/wp-content\/uploads\/2021\/11\/WhatsApp-Image-2021-11-30-at-12.26.49-4-800x449.jpeg 800w, https:\/\/www.esplac.cat\/wp-content\/uploads\/2021\/11\/WhatsApp-Image-2021-11-30-at-12.26.49-4-1024x575.jpeg 1024w, https:\/\/www.esplac.cat\/wp-content\/uploads\/2021\/11\/WhatsApp-Image-2021-11-30-at-12.26.49-4-1200x674.jpeg 1200w, https:\/\/www.esplac.cat\/wp-content\/uploads\/2021\/11\/WhatsApp-Image-2021-11-30-at-12.26.49-4-1536x862.jpeg 1536w, https:\/\/www.esplac.cat\/wp-content\/uploads\/2021\/11\/WhatsApp-Image-2021-11-30-at-12.26.49-4.jpeg 1600w\" sizes=\"(max-width: 300px) 100vw, 300px\" \/><\/a>\n\t\t\t<\/dt><\/dl><dl class='gallery-item'>\n\t\t\t<dt class='gallery-icon landscape'>\n\t\t\t\t<a data-rel=\"iLightbox[postimages]\" data-title=\"WhatsApp Image 2021-11-30 at 12.26.49 (3)\" data-caption=\"\" href='https:\/\/www.esplac.cat\/en\/whatsapp-image-2021-11-30-at-12-26-49-3-2\/'><img decoding=\"async\" width=\"300\" height=\"168\" src=\"https:\/\/www.esplac.cat\/wp-content\/uploads\/2021\/11\/WhatsApp-Image-2021-11-30-at-12.26.49-3-300x168.jpeg\" class=\"attachment-medium size-medium\" alt=\"\" srcset=\"https:\/\/www.esplac.cat\/wp-content\/uploads\/2021\/11\/WhatsApp-Image-2021-11-30-at-12.26.49-3-200x112.jpeg 200w, https:\/\/www.esplac.cat\/wp-content\/uploads\/2021\/11\/WhatsApp-Image-2021-11-30-at-12.26.49-3-300x168.jpeg 300w, https:\/\/www.esplac.cat\/wp-content\/uploads\/2021\/11\/WhatsApp-Image-2021-11-30-at-12.26.49-3-400x225.jpeg 400w, https:\/\/www.esplac.cat\/wp-content\/uploads\/2021\/11\/WhatsApp-Image-2021-11-30-at-12.26.49-3-600x337.jpeg 600w, https:\/\/www.esplac.cat\/wp-content\/uploads\/2021\/11\/WhatsApp-Image-2021-11-30-at-12.26.49-3-768x431.jpeg 768w, https:\/\/www.esplac.cat\/wp-content\/uploads\/2021\/11\/WhatsApp-Image-2021-11-30-at-12.26.49-3-800x449.jpeg 800w, https:\/\/www.esplac.cat\/wp-content\/uploads\/2021\/11\/WhatsApp-Image-2021-11-30-at-12.26.49-3-1024x575.jpeg 1024w, https:\/\/www.esplac.cat\/wp-content\/uploads\/2021\/11\/WhatsApp-Image-2021-11-30-at-12.26.49-3-1200x674.jpeg 1200w, https:\/\/www.esplac.cat\/wp-content\/uploads\/2021\/11\/WhatsApp-Image-2021-11-30-at-12.26.49-3-1536x862.jpeg 1536w, https:\/\/www.esplac.cat\/wp-content\/uploads\/2021\/11\/WhatsApp-Image-2021-11-30-at-12.26.49-3.jpeg 1600w\" sizes=\"(max-width: 300px) 100vw, 300px\" \/><\/a>\n\t\t\t<\/dt><\/dl><br style=\"clear: both\" \/>\n\t\t<\/div>\n\n","protected":false},"excerpt":{"rendered":"<p>Esplais Catalans hem celebrat aquest cap de setmana, 27 i [&hellip;]<\/p>\n","protected":false},"author":3,"featured_media":38171,"comment_status":"closed","ping_status":"closed","sticky":false,"template":"","format":"standard","meta":{"om_disable_all_campaigns":false,"_monsterinsights_skip_tracking":false,"_monsterinsights_sitenote_active":false,"_monsterinsights_sitenote_note":"","_monsterinsights_sitenote_category":0,"_uf_show_specific_survey":0,"_uf_disable_surveys":false,"footnotes":""},"categories":[1134],"tags":[],"class_list":["post-38165","post","type-post","status-publish","format-standard","has-post-thumbnail","hentry","category-assemblea-general-ordinaria"],"yoast_head":"<!-- This site is optimized with the Yoast SEO plugin v27.4 - https:\/\/yoast.com\/product\/yoast-seo-wordpress\/ -->\n<title>Ens posicionem davant l&#039;emerg\u00e8ncia ling\u00fc\u00edstica i en contra del discurs d\u2019odi en la 40ena Assemblea General Ordin\u00e0ria - Esplac<\/title>\n<meta name=\"robots\" content=\"index, follow, max-snippet:-1, max-image-preview:large, max-video-preview:-1\" \/>\n<link rel=\"canonical\" href=\"https:\/\/www.esplac.cat\/posicionem-davant-emergencia-linguistica-contra-discurs-odi-40ena-assemblea-general-ordinaria\/\" \/>\n<meta property=\"og:locale\" content=\"en_US\" \/>\n<meta property=\"og:type\" content=\"article\" \/>\n<meta property=\"og:title\" content=\"Ens posicionem davant l&#039;emerg\u00e8ncia ling\u00fc\u00edstica i en contra del discurs d\u2019odi en la 40ena Assemblea General Ordin\u00e0ria - Esplac\" \/>\n<meta property=\"og:description\" content=\"Esplais Catalans hem celebrat aquest cap de setmana, 27 i [&hellip;]\" \/>\n<meta property=\"og:url\" content=\"https:\/\/www.esplac.cat\/posicionem-davant-emergencia-linguistica-contra-discurs-odi-40ena-assemblea-general-ordinaria\/\" \/>\n<meta property=\"og:site_name\" content=\"Esplac\" \/>\n<meta property=\"article:published_time\" content=\"2021-11-30T11:11:44+00:00\" \/>\n<meta property=\"article:modified_time\" content=\"2021-11-30T11:35:48+00:00\" \/>\n<meta property=\"og:image\" content=\"https:\/\/www.esplac.cat\/wp-content\/uploads\/2021\/11\/Portades-Web-1-1.jpg\" \/>\n\t<meta property=\"og:image:width\" content=\"1697\" \/>\n\t<meta property=\"og:image:height\" content=\"700\" \/>\n\t<meta property=\"og:image:type\" content=\"image\/jpeg\" \/>\n<meta name=\"author\" content=\"Comunicaci\u00f3 Esplac\" \/>\n<meta name=\"twitter:card\" content=\"summary_large_image\" \/>\n<meta name=\"twitter:label1\" content=\"Written by\" \/>\n\t<meta name=\"twitter:data1\" content=\"Comunicaci\u00f3 Esplac\" \/>\n\t<meta name=\"twitter:label2\" content=\"Est. reading time\" \/>\n\t<meta name=\"twitter:data2\" content=\"4 minutes\" \/>\n<script type=\"application\/ld+json\" class=\"yoast-schema-graph\">{\"@context\":\"https:\\\/\\\/schema.org\",\"@graph\":[{\"@type\":\"Article\",\"@id\":\"https:\\\/\\\/www.esplac.cat\\\/posicionem-davant-emergencia-linguistica-contra-discurs-odi-40ena-assemblea-general-ordinaria\\\/#article\",\"isPartOf\":{\"@id\":\"https:\\\/\\\/www.esplac.cat\\\/posicionem-davant-emergencia-linguistica-contra-discurs-odi-40ena-assemblea-general-ordinaria\\\/\"},\"author\":{\"name\":\"Comunicaci\u00f3 Esplac\",\"@id\":\"https:\\\/\\\/www.esplac.cat\\\/#\\\/schema\\\/person\\\/908383cf240be18b68f8855d0583faca\"},\"headline\":\"Ens posicionem davant l&#8217;emerg\u00e8ncia ling\u00fc\u00edstica i en contra del discurs d\u2019odi en la 40ena Assemblea General Ordin\u00e0ria\",\"datePublished\":\"2021-11-30T11:11:44+00:00\",\"dateModified\":\"2021-11-30T11:35:48+00:00\",\"mainEntityOfPage\":{\"@id\":\"https:\\\/\\\/www.esplac.cat\\\/posicionem-davant-emergencia-linguistica-contra-discurs-odi-40ena-assemblea-general-ordinaria\\\/\"},\"wordCount\":805,\"publisher\":{\"@id\":\"https:\\\/\\\/www.esplac.cat\\\/#organization\"},\"image\":{\"@id\":\"https:\\\/\\\/www.esplac.cat\\\/posicionem-davant-emergencia-linguistica-contra-discurs-odi-40ena-assemblea-general-ordinaria\\\/#primaryimage\"},\"thumbnailUrl\":\"https:\\\/\\\/www.esplac.cat\\\/wp-content\\\/uploads\\\/2021\\\/11\\\/Portades-Web-1-1.jpg\",\"articleSection\":[\"Assemblea General Ordin\u00e0ria\"],\"inLanguage\":\"en-US\"},{\"@type\":\"WebPage\",\"@id\":\"https:\\\/\\\/www.esplac.cat\\\/posicionem-davant-emergencia-linguistica-contra-discurs-odi-40ena-assemblea-general-ordinaria\\\/\",\"url\":\"https:\\\/\\\/www.esplac.cat\\\/posicionem-davant-emergencia-linguistica-contra-discurs-odi-40ena-assemblea-general-ordinaria\\\/\",\"name\":\"Ens posicionem davant l'emerg\u00e8ncia ling\u00fc\u00edstica i en contra del discurs d\u2019odi en la 40ena Assemblea General Ordin\u00e0ria - Esplac\",\"isPartOf\":{\"@id\":\"https:\\\/\\\/www.esplac.cat\\\/#website\"},\"primaryImageOfPage\":{\"@id\":\"https:\\\/\\\/www.esplac.cat\\\/posicionem-davant-emergencia-linguistica-contra-discurs-odi-40ena-assemblea-general-ordinaria\\\/#primaryimage\"},\"image\":{\"@id\":\"https:\\\/\\\/www.esplac.cat\\\/posicionem-davant-emergencia-linguistica-contra-discurs-odi-40ena-assemblea-general-ordinaria\\\/#primaryimage\"},\"thumbnailUrl\":\"https:\\\/\\\/www.esplac.cat\\\/wp-content\\\/uploads\\\/2021\\\/11\\\/Portades-Web-1-1.jpg\",\"datePublished\":\"2021-11-30T11:11:44+00:00\",\"dateModified\":\"2021-11-30T11:35:48+00:00\",\"breadcrumb\":{\"@id\":\"https:\\\/\\\/www.esplac.cat\\\/posicionem-davant-emergencia-linguistica-contra-discurs-odi-40ena-assemblea-general-ordinaria\\\/#breadcrumb\"},\"inLanguage\":\"en-US\",\"potentialAction\":[{\"@type\":\"ReadAction\",\"target\":[\"https:\\\/\\\/www.esplac.cat\\\/posicionem-davant-emergencia-linguistica-contra-discurs-odi-40ena-assemblea-general-ordinaria\\\/\"]}]},{\"@type\":\"ImageObject\",\"inLanguage\":\"en-US\",\"@id\":\"https:\\\/\\\/www.esplac.cat\\\/posicionem-davant-emergencia-linguistica-contra-discurs-odi-40ena-assemblea-general-ordinaria\\\/#primaryimage\",\"url\":\"https:\\\/\\\/www.esplac.cat\\\/wp-content\\\/uploads\\\/2021\\\/11\\\/Portades-Web-1-1.jpg\",\"contentUrl\":\"https:\\\/\\\/www.esplac.cat\\\/wp-content\\\/uploads\\\/2021\\\/11\\\/Portades-Web-1-1.jpg\",\"width\":1697,\"height\":700},{\"@type\":\"BreadcrumbList\",\"@id\":\"https:\\\/\\\/www.esplac.cat\\\/posicionem-davant-emergencia-linguistica-contra-discurs-odi-40ena-assemblea-general-ordinaria\\\/#breadcrumb\",\"itemListElement\":[{\"@type\":\"ListItem\",\"position\":1,\"name\":\"Inici\",\"item\":\"https:\\\/\\\/www.esplac.cat\\\/en\\\/\"},{\"@type\":\"ListItem\",\"position\":2,\"name\":\"Ens posicionem davant l&#8217;emerg\u00e8ncia ling\u00fc\u00edstica i en contra del discurs d\u2019odi en la 40ena Assemblea General Ordin\u00e0ria\"}]},{\"@type\":\"WebSite\",\"@id\":\"https:\\\/\\\/www.esplac.cat\\\/#website\",\"url\":\"https:\\\/\\\/www.esplac.cat\\\/\",\"name\":\"Esplac\",\"description\":\"Esplais Catalans\",\"publisher\":{\"@id\":\"https:\\\/\\\/www.esplac.cat\\\/#organization\"},\"potentialAction\":[{\"@type\":\"SearchAction\",\"target\":{\"@type\":\"EntryPoint\",\"urlTemplate\":\"https:\\\/\\\/www.esplac.cat\\\/?s={search_term_string}\"},\"query-input\":{\"@type\":\"PropertyValueSpecification\",\"valueRequired\":true,\"valueName\":\"search_term_string\"}}],\"inLanguage\":\"en-US\"},{\"@type\":\"Organization\",\"@id\":\"https:\\\/\\\/www.esplac.cat\\\/#organization\",\"name\":\"Esplac\",\"url\":\"https:\\\/\\\/www.esplac.cat\\\/\",\"logo\":{\"@type\":\"ImageObject\",\"inLanguage\":\"en-US\",\"@id\":\"https:\\\/\\\/www.esplac.cat\\\/#\\\/schema\\\/logo\\\/image\\\/\",\"url\":\"https:\\\/\\\/www.esplac.cat\\\/wp-content\\\/uploads\\\/2019\\\/08\\\/logox2.png\",\"contentUrl\":\"https:\\\/\\\/www.esplac.cat\\\/wp-content\\\/uploads\\\/2019\\\/08\\\/logox2.png\",\"width\":600,\"height\":295,\"caption\":\"Esplac\"},\"image\":{\"@id\":\"https:\\\/\\\/www.esplac.cat\\\/#\\\/schema\\\/logo\\\/image\\\/\"}},{\"@type\":\"Person\",\"@id\":\"https:\\\/\\\/www.esplac.cat\\\/#\\\/schema\\\/person\\\/908383cf240be18b68f8855d0583faca\",\"name\":\"Comunicaci\u00f3 Esplac\",\"image\":{\"@type\":\"ImageObject\",\"inLanguage\":\"en-US\",\"@id\":\"https:\\\/\\\/secure.gravatar.com\\\/avatar\\\/7a4cf8feb412a76ea4a740ca02d95b06b2907b5a6c648c2dd0a1082a093c3141?s=96&d=mm&r=g\",\"url\":\"https:\\\/\\\/secure.gravatar.com\\\/avatar\\\/7a4cf8feb412a76ea4a740ca02d95b06b2907b5a6c648c2dd0a1082a093c3141?s=96&d=mm&r=g\",\"contentUrl\":\"https:\\\/\\\/secure.gravatar.com\\\/avatar\\\/7a4cf8feb412a76ea4a740ca02d95b06b2907b5a6c648c2dd0a1082a093c3141?s=96&d=mm&r=g\",\"caption\":\"Comunicaci\u00f3 Esplac\"}}]}<\/script>\n<!-- \/ Yoast SEO plugin. -->","yoast_head_json":{"title":"Ens posicionem davant l'emerg\u00e8ncia ling\u00fc\u00edstica i en contra del discurs d\u2019odi en la 40ena Assemblea General Ordin\u00e0ria - Esplac","robots":{"index":"index","follow":"follow","max-snippet":"max-snippet:-1","max-image-preview":"max-image-preview:large","max-video-preview":"max-video-preview:-1"},"canonical":"https:\/\/www.esplac.cat\/posicionem-davant-emergencia-linguistica-contra-discurs-odi-40ena-assemblea-general-ordinaria\/","og_locale":"en_US","og_type":"article","og_title":"Ens posicionem davant l'emerg\u00e8ncia ling\u00fc\u00edstica i en contra del discurs d\u2019odi en la 40ena Assemblea General Ordin\u00e0ria - Esplac","og_description":"Esplais Catalans hem celebrat aquest cap de setmana, 27 i [&hellip;]","og_url":"https:\/\/www.esplac.cat\/posicionem-davant-emergencia-linguistica-contra-discurs-odi-40ena-assemblea-general-ordinaria\/","og_site_name":"Esplac","article_published_time":"2021-11-30T11:11:44+00:00","article_modified_time":"2021-11-30T11:35:48+00:00","og_image":[{"width":1697,"height":700,"url":"https:\/\/www.esplac.cat\/wp-content\/uploads\/2021\/11\/Portades-Web-1-1.jpg","type":"image\/jpeg"}],"author":"Comunicaci\u00f3 Esplac","twitter_card":"summary_large_image","twitter_misc":{"Written by":"Comunicaci\u00f3 Esplac","Est. reading time":"4 minutes"},"schema":{"@context":"https:\/\/schema.org","@graph":[{"@type":"Article","@id":"https:\/\/www.esplac.cat\/posicionem-davant-emergencia-linguistica-contra-discurs-odi-40ena-assemblea-general-ordinaria\/#article","isPartOf":{"@id":"https:\/\/www.esplac.cat\/posicionem-davant-emergencia-linguistica-contra-discurs-odi-40ena-assemblea-general-ordinaria\/"},"author":{"name":"Comunicaci\u00f3 Esplac","@id":"https:\/\/www.esplac.cat\/#\/schema\/person\/908383cf240be18b68f8855d0583faca"},"headline":"Ens posicionem davant l&#8217;emerg\u00e8ncia ling\u00fc\u00edstica i en contra del discurs d\u2019odi en la 40ena Assemblea General Ordin\u00e0ria","datePublished":"2021-11-30T11:11:44+00:00","dateModified":"2021-11-30T11:35:48+00:00","mainEntityOfPage":{"@id":"https:\/\/www.esplac.cat\/posicionem-davant-emergencia-linguistica-contra-discurs-odi-40ena-assemblea-general-ordinaria\/"},"wordCount":805,"publisher":{"@id":"https:\/\/www.esplac.cat\/#organization"},"image":{"@id":"https:\/\/www.esplac.cat\/posicionem-davant-emergencia-linguistica-contra-discurs-odi-40ena-assemblea-general-ordinaria\/#primaryimage"},"thumbnailUrl":"https:\/\/www.esplac.cat\/wp-content\/uploads\/2021\/11\/Portades-Web-1-1.jpg","articleSection":["Assemblea General Ordin\u00e0ria"],"inLanguage":"en-US"},{"@type":"WebPage","@id":"https:\/\/www.esplac.cat\/posicionem-davant-emergencia-linguistica-contra-discurs-odi-40ena-assemblea-general-ordinaria\/","url":"https:\/\/www.esplac.cat\/posicionem-davant-emergencia-linguistica-contra-discurs-odi-40ena-assemblea-general-ordinaria\/","name":"Ens posicionem davant l'emerg\u00e8ncia ling\u00fc\u00edstica i en contra del discurs d\u2019odi en la 40ena Assemblea General Ordin\u00e0ria - Esplac","isPartOf":{"@id":"https:\/\/www.esplac.cat\/#website"},"primaryImageOfPage":{"@id":"https:\/\/www.esplac.cat\/posicionem-davant-emergencia-linguistica-contra-discurs-odi-40ena-assemblea-general-ordinaria\/#primaryimage"},"image":{"@id":"https:\/\/www.esplac.cat\/posicionem-davant-emergencia-linguistica-contra-discurs-odi-40ena-assemblea-general-ordinaria\/#primaryimage"},"thumbnailUrl":"https:\/\/www.esplac.cat\/wp-content\/uploads\/2021\/11\/Portades-Web-1-1.jpg","datePublished":"2021-11-30T11:11:44+00:00","dateModified":"2021-11-30T11:35:48+00:00","breadcrumb":{"@id":"https:\/\/www.esplac.cat\/posicionem-davant-emergencia-linguistica-contra-discurs-odi-40ena-assemblea-general-ordinaria\/#breadcrumb"},"inLanguage":"en-US","potentialAction":[{"@type":"ReadAction","target":["https:\/\/www.esplac.cat\/posicionem-davant-emergencia-linguistica-contra-discurs-odi-40ena-assemblea-general-ordinaria\/"]}]},{"@type":"ImageObject","inLanguage":"en-US","@id":"https:\/\/www.esplac.cat\/posicionem-davant-emergencia-linguistica-contra-discurs-odi-40ena-assemblea-general-ordinaria\/#primaryimage","url":"https:\/\/www.esplac.cat\/wp-content\/uploads\/2021\/11\/Portades-Web-1-1.jpg","contentUrl":"https:\/\/www.esplac.cat\/wp-content\/uploads\/2021\/11\/Portades-Web-1-1.jpg","width":1697,"height":700},{"@type":"BreadcrumbList","@id":"https:\/\/www.esplac.cat\/posicionem-davant-emergencia-linguistica-contra-discurs-odi-40ena-assemblea-general-ordinaria\/#breadcrumb","itemListElement":[{"@type":"ListItem","position":1,"name":"Inici","item":"https:\/\/www.esplac.cat\/en\/"},{"@type":"ListItem","position":2,"name":"Ens posicionem davant l&#8217;emerg\u00e8ncia ling\u00fc\u00edstica i en contra del discurs d\u2019odi en la 40ena Assemblea General Ordin\u00e0ria"}]},{"@type":"WebSite","@id":"https:\/\/www.esplac.cat\/#website","url":"https:\/\/www.esplac.cat\/","name":"Esplac","description":"Esplais Catalans","publisher":{"@id":"https:\/\/www.esplac.cat\/#organization"},"potentialAction":[{"@type":"SearchAction","target":{"@type":"EntryPoint","urlTemplate":"https:\/\/www.esplac.cat\/?s={search_term_string}"},"query-input":{"@type":"PropertyValueSpecification","valueRequired":true,"valueName":"search_term_string"}}],"inLanguage":"en-US"},{"@type":"Organization","@id":"https:\/\/www.esplac.cat\/#organization","name":"Esplac","url":"https:\/\/www.esplac.cat\/","logo":{"@type":"ImageObject","inLanguage":"en-US","@id":"https:\/\/www.esplac.cat\/#\/schema\/logo\/image\/","url":"https:\/\/www.esplac.cat\/wp-content\/uploads\/2019\/08\/logox2.png","contentUrl":"https:\/\/www.esplac.cat\/wp-content\/uploads\/2019\/08\/logox2.png","width":600,"height":295,"caption":"Esplac"},"image":{"@id":"https:\/\/www.esplac.cat\/#\/schema\/logo\/image\/"}},{"@type":"Person","@id":"https:\/\/www.esplac.cat\/#\/schema\/person\/908383cf240be18b68f8855d0583faca","name":"Comunicaci\u00f3 Esplac","image":{"@type":"ImageObject","inLanguage":"en-US","@id":"https:\/\/secure.gravatar.com\/avatar\/7a4cf8feb412a76ea4a740ca02d95b06b2907b5a6c648c2dd0a1082a093c3141?s=96&d=mm&r=g","url":"https:\/\/secure.gravatar.com\/avatar\/7a4cf8feb412a76ea4a740ca02d95b06b2907b5a6c648c2dd0a1082a093c3141?s=96&d=mm&r=g","contentUrl":"https:\/\/secure.gravatar.com\/avatar\/7a4cf8feb412a76ea4a740ca02d95b06b2907b5a6c648c2dd0a1082a093c3141?s=96&d=mm&r=g","caption":"Comunicaci\u00f3 Esplac"}}]}},"_links":{"self":[{"href":"https:\/\/www.esplac.cat\/en\/wp-json\/wp\/v2\/posts\/38165","targetHints":{"allow":["GET"]}}],"collection":[{"href":"https:\/\/www.esplac.cat\/en\/wp-json\/wp\/v2\/posts"}],"about":[{"href":"https:\/\/www.esplac.cat\/en\/wp-json\/wp\/v2\/types\/post"}],"author":[{"embeddable":true,"href":"https:\/\/www.esplac.cat\/en\/wp-json\/wp\/v2\/users\/3"}],"replies":[{"embeddable":true,"href":"https:\/\/www.esplac.cat\/en\/wp-json\/wp\/v2\/comments?post=38165"}],"version-history":[{"count":0,"href":"https:\/\/www.esplac.cat\/en\/wp-json\/wp\/v2\/posts\/38165\/revisions"}],"wp:featuredmedia":[{"embeddable":true,"href":"https:\/\/www.esplac.cat\/en\/wp-json\/wp\/v2\/media\/38171"}],"wp:attachment":[{"href":"https:\/\/www.esplac.cat\/en\/wp-json\/wp\/v2\/media?parent=38165"}],"wp:term":[{"taxonomy":"category","embeddable":true,"href":"https:\/\/www.esplac.cat\/en\/wp-json\/wp\/v2\/categories?post=38165"},{"taxonomy":"post_tag","embeddable":true,"href":"https:\/\/www.esplac.cat\/en\/wp-json\/wp\/v2\/tags?post=38165"}],"curies":[{"name":"wp","href":"https:\/\/api.w.org\/{rel}","templated":true}]}}