{"id":38236,"date":"2021-11-30T17:51:23","date_gmt":"2021-11-30T15:51:23","guid":{"rendered":"https:\/\/www.esplac.cat\/?p=38236"},"modified":"2021-11-30T18:07:21","modified_gmt":"2021-11-30T16:07:21","slug":"obertes-les-inscripcions-escola-desplac-2022","status":"publish","type":"post","link":"https:\/\/www.esplac.cat\/en\/obertes-les-inscripcions-escola-desplac-2022\/","title":{"rendered":"Ja estan obertes les inscripcions per l\u2019Escola d\u2019Esplac 2022: Es pot saber qu\u00e8 estem fent? Les metodologies educatives a l\u2019esplai"},"content":{"rendered":"<h6><strong>S\u2019obren les inscripcions per a la vuitena edici\u00f3 de l\u2019Escola d\u2019Esplac! Aquest any ens tornarem a trobar presencialment el 12 i 13 de mar\u00e7 a l\u2019Escola Andersen de Vic.<\/strong><\/h6>\n<p><span style=\"font-weight: 300;\">Aquest any deixem enrere el cicle de Pol\u00edtica i Educaci\u00f3 de les tres \u00faltimes edicions on ens hem preguntat\u00a0 \u201c<span style=\"color: #f69d0b;\"><a style=\"color: #f69d0b;\" href=\"https:\/\/www.esplac.cat\/formacions\/escola-esplac-2018\/\">Per qu\u00e8 eduquem?<\/a><\/span>&#8220;<\/span><a href=\"https:\/\/www.esplac.cat\/formacions\/escola-esplac-2018\/\" target=\"_blank\" rel=\"noopener noreferrer\"><span style=\"font-weight: 300;\"><span style=\"color: #f69d0b;\"><span style=\"text-decoration: underline;\"><span style=\"color: #000000; text-decoration: underline;\">,<\/span><\/span><\/span><\/span><\/a><span style=\"color: #f69d0b;\"><span style=\"font-weight: 300; color: #000000;\"> \u201c<\/span><a style=\"color: #f69d0b;\" href=\"https:\/\/www.esplac.cat\/formacions\/escola-esplac-2019\/\" target=\"_blank\" rel=\"noopener noreferrer\"><span style=\"font-weight: 300;\">Com eduquem?<\/span><\/a><\/span><span style=\"font-weight: 300;\">\u201d i <span style=\"color: #000000;\">\u201c<\/span><\/span><span style=\"color: #f69d0b;\"><a style=\"color: #f69d0b;\" href=\"https:\/\/www.esplac.cat\/formacions\/escola-esplac-2021\/\" target=\"_blank\" rel=\"noopener noreferrer\"><span style=\"font-weight: 300;\">En qu\u00e8 eduquem?<\/span><\/a><\/span><span style=\"font-weight: 300;\">\u201d i posarem la mirada en<\/span><b> les metodologies educatives de l\u2019esplai!<\/b><\/p>\n<p><span style=\"font-weight: 300;\">\u00daltimament, s\u2019est\u00e0 vivint una<\/span> onada de transformaci\u00f3 al sistema educatiu<span style=\"font-weight: 300;\"> de Catalunya acompanyat per les famoses <\/span><b>metodologies educatives alternatives<\/b><span style=\"font-weight: 300;\">. Aquest proc\u00e9s de canvi,\u00a0 ens ha portat a posar la mirada en <\/span><b>les metodologies educatives a l\u2019esplai i q\u00fcestionar-nos: <\/b><span style=\"font-weight: 300;\">Monitores! Monitors! <\/span>Es pot saber que estem fent? Amb quines metodologies eduquem? Han evolucionat amb el temps?<\/p>\n<p>A l&#8217;esplai valorem molt el com fem les coses, ja que a trav\u00e9s de la nostra metodologia volem transformar i educar, per\u00f2, ens plantegem el perqu\u00e8 ho fem aix\u00ed? T\u00e9 sentit? Seguint aquest fil ens haur\u00edem de plantejar: Som conscients de com eduquem o simplement estem educant reproduint patrons que ja venen donats des de fa temps? Que ens fa aplicar una metodologia o una altra? La metodologia que usem va acompanyada d\u2019un proc\u00e9s reflexiu i de presa de consci\u00e8ncia en el context que actuem?<\/p>\n<p><span style=\"font-weight: 300;\">Tot aix\u00f2, ho farem a<\/span><span style=\"font-weight: 300;\"> trav\u00e9s d\u2019una<\/span> l\u00ednia del temps<span style=\"font-weight: 300;\"> que ens permeti fer una\u00a0 <\/span><b>mirada cap al passat<\/b><span style=\"font-weight: 300;\">, per saber d\u2019on venim i<\/span><b> prendre consci\u00e8ncia de l\u2019evoluci\u00f3 pedag\u00f2gica i metodol\u00f2gica<\/b><span style=\"font-weight: 300;\"> que ha fet l\u2019educaci\u00f3 no formal. Per\u00f2 tamb\u00e9 mirarem al <\/span><strong>present<\/strong><b>,<\/b><span style=\"font-weight: 300;\"> per q\u00fcestionar-nos si t\u00e9 sentit el com eduquem, i <\/span>explorar i aprofundir sobre diferents metodologies i enfocaments pedag\u00f2gics que ens poden donar eines i recursos per enriquir la nostra tasca educativ<span style=\"font-weight: 300;\">a. Finalment,\u00a0 volem mirar al <\/span><b>futur<\/b><span style=\"font-weight: 300;\">, per analitzar quines s\u00f3n les <\/span><b>necessitats a les quals volem donar resposta, i sobretot, com fer-ho.<\/b><\/p>\n<p><b>Si tens ganes d\u2019enriquir la teva tasca educativa, inscriu-te a l\u2019Escola d\u2019Esplac 2022 a trav\u00e9s de l\u2019Era i no et quedis sense pla\u00e7a!\u00a0<\/b><\/p>\n<p><span style=\"font-weight: 300;\">Consulta <\/span><span style=\"color: #f69d0b;\"><a style=\"color: #f69d0b;\" href=\"https:\/\/www.esplac.cat\/formacions\/escola-desplac\/\" target=\"_blank\" rel=\"noopener noreferrer\"><span style=\"font-weight: 300;\">la p\u00e0gina de l\u2019Escola d\u2019Esplac<\/span><\/a><\/span><span style=\"font-weight: 300;\"> i les nostres xarxes socials regularment per estar al dia de totes les novetats!<\/span><\/p>\n<p>&nbsp;<\/p>\n<p><strong>Et pots inscriure ja a trav\u00e9s de l\u2019Era:<\/strong><\/p>\n<ul>\n<li style=\"font-weight: 400;\" aria-level=\"1\"><span style=\"font-weight: 300;\">23 \u20ac per tot el cap de setmana durant la primera fase d\u2019inscripci\u00f3 (fins al 20\/12).<\/span><\/li>\n<li style=\"font-weight: 400;\" aria-level=\"1\"><span style=\"font-weight: 300;\">28 \u20ac per tot el cap de setmana en la segona fase d\u2019inscripci\u00f3 (del 17\/01 al 14\/02).<\/span><\/li>\n<\/ul>\n<p><span style=\"font-weight: 300;\">Podeu ser fins a 5 monis de cada esplai, la resta quedaran en llista d\u2019espera.<\/span><\/p>\n<p><span style=\"font-weight: 300;\">Nota: <\/span><i><span style=\"font-weight: 300;\">La participaci\u00f3 en totes les sessions formatives de l\u2019Escola d\u2019Esplac, <\/span><\/i><b><i>convalida 12 hores associatives dels cursos d\u2019\u00c8xit del programa Marta Mata de l\u2019Escola Lliure El Sol<\/i><\/b><i><span style=\"font-weight: 300;\">. Les hores associatives nom\u00e9s compten<\/span><\/i><b><i> si s\u2019assisteix a tota la jornada formativa<\/i><\/b><i><span style=\"font-weight: 300;\">, ja que es contempla com una experi\u00e8ncia formativa amb sentit quan \u00e9s completa.<\/span><\/i><\/p>\n<p>&nbsp;<\/p>\n","protected":false},"excerpt":{"rendered":"<p>S\u2019obren les inscripcions per a la vuitena edici\u00f3 de l\u2019Escola [&hellip;]<\/p>\n","protected":false},"author":3,"featured_media":38224,"comment_status":"closed","ping_status":"closed","sticky":false,"template":"","format":"standard","meta":{"om_disable_all_campaigns":false,"_monsterinsights_skip_tracking":false,"_monsterinsights_sitenote_active":false,"_monsterinsights_sitenote_note":"","_monsterinsights_sitenote_category":0,"_uf_show_specific_survey":0,"_uf_disable_surveys":false,"footnotes":""},"categories":[1129],"tags":[],"class_list":["post-38236","post","type-post","status-publish","format-standard","has-post-thumbnail","hentry","category-escola-desplac"],"yoast_head":"<!-- This site is optimized with the Yoast SEO plugin v27.5 - https:\/\/yoast.com\/product\/yoast-seo-wordpress\/ -->\n<title>Ja estan obertes les inscripcions per l\u2019Escola d\u2019Esplac 2022: Es pot saber qu\u00e8 estem fent? Les metodologies educatives a l\u2019esplai - Esplac<\/title>\n<meta name=\"robots\" content=\"index, follow, max-snippet:-1, max-image-preview:large, max-video-preview:-1\" \/>\n<link rel=\"canonical\" href=\"https:\/\/www.esplac.cat\/es\/obertes-les-inscripcions-escola-desplac-2022\/\" \/>\n<meta property=\"og:locale\" content=\"en_US\" \/>\n<meta property=\"og:type\" content=\"article\" \/>\n<meta property=\"og:title\" content=\"Ja estan obertes les inscripcions per l\u2019Escola d\u2019Esplac 2022: Es pot saber qu\u00e8 estem fent? Les metodologies educatives a l\u2019esplai - Esplac\" \/>\n<meta property=\"og:description\" content=\"S\u2019obren les inscripcions per a la vuitena edici\u00f3 de l\u2019Escola [&hellip;]\" \/>\n<meta property=\"og:url\" content=\"https:\/\/www.esplac.cat\/es\/obertes-les-inscripcions-escola-desplac-2022\/\" \/>\n<meta property=\"og:site_name\" content=\"Esplac\" \/>\n<meta property=\"article:published_time\" content=\"2021-11-30T15:51:23+00:00\" \/>\n<meta property=\"article:modified_time\" content=\"2021-11-30T16:07:21+00:00\" \/>\n<meta property=\"og:image\" content=\"https:\/\/www.esplac.cat\/wp-content\/uploads\/2021\/11\/banner.png\" \/>\n\t<meta property=\"og:image:width\" content=\"1200\" \/>\n\t<meta property=\"og:image:height\" content=\"445\" \/>\n\t<meta property=\"og:image:type\" content=\"image\/png\" \/>\n<meta name=\"author\" content=\"Comunicaci\u00f3 Esplac\" \/>\n<meta name=\"twitter:card\" content=\"summary_large_image\" \/>\n<meta name=\"twitter:label1\" content=\"Written by\" \/>\n\t<meta name=\"twitter:data1\" content=\"Comunicaci\u00f3 Esplac\" \/>\n\t<meta name=\"twitter:label2\" content=\"Est. reading time\" \/>\n\t<meta name=\"twitter:data2\" content=\"2 minutes\" \/>\n<script type=\"application\/ld+json\" class=\"yoast-schema-graph\">{\"@context\":\"https:\\\/\\\/schema.org\",\"@graph\":[{\"@type\":\"Article\",\"@id\":\"https:\\\/\\\/www.esplac.cat\\\/es\\\/obertes-les-inscripcions-escola-desplac-2022\\\/#article\",\"isPartOf\":{\"@id\":\"https:\\\/\\\/www.esplac.cat\\\/es\\\/obertes-les-inscripcions-escola-desplac-2022\\\/\"},\"author\":{\"name\":\"Comunicaci\u00f3 Esplac\",\"@id\":\"https:\\\/\\\/www.esplac.cat\\\/#\\\/schema\\\/person\\\/908383cf240be18b68f8855d0583faca\"},\"headline\":\"Ja estan obertes les inscripcions per l\u2019Escola d\u2019Esplac 2022: Es pot saber qu\u00e8 estem fent? Les metodologies educatives a l\u2019esplai\",\"datePublished\":\"2021-11-30T15:51:23+00:00\",\"dateModified\":\"2021-11-30T16:07:21+00:00\",\"mainEntityOfPage\":{\"@id\":\"https:\\\/\\\/www.esplac.cat\\\/es\\\/obertes-les-inscripcions-escola-desplac-2022\\\/\"},\"wordCount\":513,\"publisher\":{\"@id\":\"https:\\\/\\\/www.esplac.cat\\\/#organization\"},\"image\":{\"@id\":\"https:\\\/\\\/www.esplac.cat\\\/es\\\/obertes-les-inscripcions-escola-desplac-2022\\\/#primaryimage\"},\"thumbnailUrl\":\"https:\\\/\\\/www.esplac.cat\\\/wp-content\\\/uploads\\\/2021\\\/11\\\/banner.png\",\"articleSection\":[\"Escola d'Esplac\"],\"inLanguage\":\"en-US\"},{\"@type\":\"WebPage\",\"@id\":\"https:\\\/\\\/www.esplac.cat\\\/es\\\/obertes-les-inscripcions-escola-desplac-2022\\\/\",\"url\":\"https:\\\/\\\/www.esplac.cat\\\/es\\\/obertes-les-inscripcions-escola-desplac-2022\\\/\",\"name\":\"Ja estan obertes les inscripcions per l\u2019Escola d\u2019Esplac 2022: Es pot saber qu\u00e8 estem fent? Les metodologies educatives a l\u2019esplai - Esplac\",\"isPartOf\":{\"@id\":\"https:\\\/\\\/www.esplac.cat\\\/#website\"},\"primaryImageOfPage\":{\"@id\":\"https:\\\/\\\/www.esplac.cat\\\/es\\\/obertes-les-inscripcions-escola-desplac-2022\\\/#primaryimage\"},\"image\":{\"@id\":\"https:\\\/\\\/www.esplac.cat\\\/es\\\/obertes-les-inscripcions-escola-desplac-2022\\\/#primaryimage\"},\"thumbnailUrl\":\"https:\\\/\\\/www.esplac.cat\\\/wp-content\\\/uploads\\\/2021\\\/11\\\/banner.png\",\"datePublished\":\"2021-11-30T15:51:23+00:00\",\"dateModified\":\"2021-11-30T16:07:21+00:00\",\"breadcrumb\":{\"@id\":\"https:\\\/\\\/www.esplac.cat\\\/es\\\/obertes-les-inscripcions-escola-desplac-2022\\\/#breadcrumb\"},\"inLanguage\":\"en-US\",\"potentialAction\":[{\"@type\":\"ReadAction\",\"target\":[\"https:\\\/\\\/www.esplac.cat\\\/es\\\/obertes-les-inscripcions-escola-desplac-2022\\\/\"]}]},{\"@type\":\"ImageObject\",\"inLanguage\":\"en-US\",\"@id\":\"https:\\\/\\\/www.esplac.cat\\\/es\\\/obertes-les-inscripcions-escola-desplac-2022\\\/#primaryimage\",\"url\":\"https:\\\/\\\/www.esplac.cat\\\/wp-content\\\/uploads\\\/2021\\\/11\\\/banner.png\",\"contentUrl\":\"https:\\\/\\\/www.esplac.cat\\\/wp-content\\\/uploads\\\/2021\\\/11\\\/banner.png\",\"width\":1200,\"height\":445},{\"@type\":\"BreadcrumbList\",\"@id\":\"https:\\\/\\\/www.esplac.cat\\\/es\\\/obertes-les-inscripcions-escola-desplac-2022\\\/#breadcrumb\",\"itemListElement\":[{\"@type\":\"ListItem\",\"position\":1,\"name\":\"Inici\",\"item\":\"https:\\\/\\\/www.esplac.cat\\\/en\\\/\"},{\"@type\":\"ListItem\",\"position\":2,\"name\":\"Ja estan obertes les inscripcions per l\u2019Escola d\u2019Esplac 2022: Es pot saber qu\u00e8 estem fent? Les metodologies educatives a l\u2019esplai\"}]},{\"@type\":\"WebSite\",\"@id\":\"https:\\\/\\\/www.esplac.cat\\\/#website\",\"url\":\"https:\\\/\\\/www.esplac.cat\\\/\",\"name\":\"Esplac\",\"description\":\"Esplais Catalans\",\"publisher\":{\"@id\":\"https:\\\/\\\/www.esplac.cat\\\/#organization\"},\"potentialAction\":[{\"@type\":\"SearchAction\",\"target\":{\"@type\":\"EntryPoint\",\"urlTemplate\":\"https:\\\/\\\/www.esplac.cat\\\/?s={search_term_string}\"},\"query-input\":{\"@type\":\"PropertyValueSpecification\",\"valueRequired\":true,\"valueName\":\"search_term_string\"}}],\"inLanguage\":\"en-US\"},{\"@type\":\"Organization\",\"@id\":\"https:\\\/\\\/www.esplac.cat\\\/#organization\",\"name\":\"Esplac\",\"url\":\"https:\\\/\\\/www.esplac.cat\\\/\",\"logo\":{\"@type\":\"ImageObject\",\"inLanguage\":\"en-US\",\"@id\":\"https:\\\/\\\/www.esplac.cat\\\/#\\\/schema\\\/logo\\\/image\\\/\",\"url\":\"https:\\\/\\\/www.esplac.cat\\\/wp-content\\\/uploads\\\/2019\\\/08\\\/logox2.png\",\"contentUrl\":\"https:\\\/\\\/www.esplac.cat\\\/wp-content\\\/uploads\\\/2019\\\/08\\\/logox2.png\",\"width\":600,\"height\":295,\"caption\":\"Esplac\"},\"image\":{\"@id\":\"https:\\\/\\\/www.esplac.cat\\\/#\\\/schema\\\/logo\\\/image\\\/\"}},{\"@type\":\"Person\",\"@id\":\"https:\\\/\\\/www.esplac.cat\\\/#\\\/schema\\\/person\\\/908383cf240be18b68f8855d0583faca\",\"name\":\"Comunicaci\u00f3 Esplac\",\"image\":{\"@type\":\"ImageObject\",\"inLanguage\":\"en-US\",\"@id\":\"https:\\\/\\\/secure.gravatar.com\\\/avatar\\\/7a4cf8feb412a76ea4a740ca02d95b06b2907b5a6c648c2dd0a1082a093c3141?s=96&d=mm&r=g\",\"url\":\"https:\\\/\\\/secure.gravatar.com\\\/avatar\\\/7a4cf8feb412a76ea4a740ca02d95b06b2907b5a6c648c2dd0a1082a093c3141?s=96&d=mm&r=g\",\"contentUrl\":\"https:\\\/\\\/secure.gravatar.com\\\/avatar\\\/7a4cf8feb412a76ea4a740ca02d95b06b2907b5a6c648c2dd0a1082a093c3141?s=96&d=mm&r=g\",\"caption\":\"Comunicaci\u00f3 Esplac\"}}]}<\/script>\n<!-- \/ Yoast SEO plugin. -->","yoast_head_json":{"title":"Ja estan obertes les inscripcions per l\u2019Escola d\u2019Esplac 2022: Es pot saber qu\u00e8 estem fent? Les metodologies educatives a l\u2019esplai - Esplac","robots":{"index":"index","follow":"follow","max-snippet":"max-snippet:-1","max-image-preview":"max-image-preview:large","max-video-preview":"max-video-preview:-1"},"canonical":"https:\/\/www.esplac.cat\/es\/obertes-les-inscripcions-escola-desplac-2022\/","og_locale":"en_US","og_type":"article","og_title":"Ja estan obertes les inscripcions per l\u2019Escola d\u2019Esplac 2022: Es pot saber qu\u00e8 estem fent? Les metodologies educatives a l\u2019esplai - Esplac","og_description":"S\u2019obren les inscripcions per a la vuitena edici\u00f3 de l\u2019Escola [&hellip;]","og_url":"https:\/\/www.esplac.cat\/es\/obertes-les-inscripcions-escola-desplac-2022\/","og_site_name":"Esplac","article_published_time":"2021-11-30T15:51:23+00:00","article_modified_time":"2021-11-30T16:07:21+00:00","og_image":[{"width":1200,"height":445,"url":"https:\/\/www.esplac.cat\/wp-content\/uploads\/2021\/11\/banner.png","type":"image\/png"}],"author":"Comunicaci\u00f3 Esplac","twitter_card":"summary_large_image","twitter_misc":{"Written by":"Comunicaci\u00f3 Esplac","Est. reading time":"2 minutes"},"schema":{"@context":"https:\/\/schema.org","@graph":[{"@type":"Article","@id":"https:\/\/www.esplac.cat\/es\/obertes-les-inscripcions-escola-desplac-2022\/#article","isPartOf":{"@id":"https:\/\/www.esplac.cat\/es\/obertes-les-inscripcions-escola-desplac-2022\/"},"author":{"name":"Comunicaci\u00f3 Esplac","@id":"https:\/\/www.esplac.cat\/#\/schema\/person\/908383cf240be18b68f8855d0583faca"},"headline":"Ja estan obertes les inscripcions per l\u2019Escola d\u2019Esplac 2022: Es pot saber qu\u00e8 estem fent? Les metodologies educatives a l\u2019esplai","datePublished":"2021-11-30T15:51:23+00:00","dateModified":"2021-11-30T16:07:21+00:00","mainEntityOfPage":{"@id":"https:\/\/www.esplac.cat\/es\/obertes-les-inscripcions-escola-desplac-2022\/"},"wordCount":513,"publisher":{"@id":"https:\/\/www.esplac.cat\/#organization"},"image":{"@id":"https:\/\/www.esplac.cat\/es\/obertes-les-inscripcions-escola-desplac-2022\/#primaryimage"},"thumbnailUrl":"https:\/\/www.esplac.cat\/wp-content\/uploads\/2021\/11\/banner.png","articleSection":["Escola d'Esplac"],"inLanguage":"en-US"},{"@type":"WebPage","@id":"https:\/\/www.esplac.cat\/es\/obertes-les-inscripcions-escola-desplac-2022\/","url":"https:\/\/www.esplac.cat\/es\/obertes-les-inscripcions-escola-desplac-2022\/","name":"Ja estan obertes les inscripcions per l\u2019Escola d\u2019Esplac 2022: Es pot saber qu\u00e8 estem fent? Les metodologies educatives a l\u2019esplai - Esplac","isPartOf":{"@id":"https:\/\/www.esplac.cat\/#website"},"primaryImageOfPage":{"@id":"https:\/\/www.esplac.cat\/es\/obertes-les-inscripcions-escola-desplac-2022\/#primaryimage"},"image":{"@id":"https:\/\/www.esplac.cat\/es\/obertes-les-inscripcions-escola-desplac-2022\/#primaryimage"},"thumbnailUrl":"https:\/\/www.esplac.cat\/wp-content\/uploads\/2021\/11\/banner.png","datePublished":"2021-11-30T15:51:23+00:00","dateModified":"2021-11-30T16:07:21+00:00","breadcrumb":{"@id":"https:\/\/www.esplac.cat\/es\/obertes-les-inscripcions-escola-desplac-2022\/#breadcrumb"},"inLanguage":"en-US","potentialAction":[{"@type":"ReadAction","target":["https:\/\/www.esplac.cat\/es\/obertes-les-inscripcions-escola-desplac-2022\/"]}]},{"@type":"ImageObject","inLanguage":"en-US","@id":"https:\/\/www.esplac.cat\/es\/obertes-les-inscripcions-escola-desplac-2022\/#primaryimage","url":"https:\/\/www.esplac.cat\/wp-content\/uploads\/2021\/11\/banner.png","contentUrl":"https:\/\/www.esplac.cat\/wp-content\/uploads\/2021\/11\/banner.png","width":1200,"height":445},{"@type":"BreadcrumbList","@id":"https:\/\/www.esplac.cat\/es\/obertes-les-inscripcions-escola-desplac-2022\/#breadcrumb","itemListElement":[{"@type":"ListItem","position":1,"name":"Inici","item":"https:\/\/www.esplac.cat\/en\/"},{"@type":"ListItem","position":2,"name":"Ja estan obertes les inscripcions per l\u2019Escola d\u2019Esplac 2022: Es pot saber qu\u00e8 estem fent? Les metodologies educatives a l\u2019esplai"}]},{"@type":"WebSite","@id":"https:\/\/www.esplac.cat\/#website","url":"https:\/\/www.esplac.cat\/","name":"Esplac","description":"Esplais Catalans","publisher":{"@id":"https:\/\/www.esplac.cat\/#organization"},"potentialAction":[{"@type":"SearchAction","target":{"@type":"EntryPoint","urlTemplate":"https:\/\/www.esplac.cat\/?s={search_term_string}"},"query-input":{"@type":"PropertyValueSpecification","valueRequired":true,"valueName":"search_term_string"}}],"inLanguage":"en-US"},{"@type":"Organization","@id":"https:\/\/www.esplac.cat\/#organization","name":"Esplac","url":"https:\/\/www.esplac.cat\/","logo":{"@type":"ImageObject","inLanguage":"en-US","@id":"https:\/\/www.esplac.cat\/#\/schema\/logo\/image\/","url":"https:\/\/www.esplac.cat\/wp-content\/uploads\/2019\/08\/logox2.png","contentUrl":"https:\/\/www.esplac.cat\/wp-content\/uploads\/2019\/08\/logox2.png","width":600,"height":295,"caption":"Esplac"},"image":{"@id":"https:\/\/www.esplac.cat\/#\/schema\/logo\/image\/"}},{"@type":"Person","@id":"https:\/\/www.esplac.cat\/#\/schema\/person\/908383cf240be18b68f8855d0583faca","name":"Comunicaci\u00f3 Esplac","image":{"@type":"ImageObject","inLanguage":"en-US","@id":"https:\/\/secure.gravatar.com\/avatar\/7a4cf8feb412a76ea4a740ca02d95b06b2907b5a6c648c2dd0a1082a093c3141?s=96&d=mm&r=g","url":"https:\/\/secure.gravatar.com\/avatar\/7a4cf8feb412a76ea4a740ca02d95b06b2907b5a6c648c2dd0a1082a093c3141?s=96&d=mm&r=g","contentUrl":"https:\/\/secure.gravatar.com\/avatar\/7a4cf8feb412a76ea4a740ca02d95b06b2907b5a6c648c2dd0a1082a093c3141?s=96&d=mm&r=g","caption":"Comunicaci\u00f3 Esplac"}}]}},"_links":{"self":[{"href":"https:\/\/www.esplac.cat\/en\/wp-json\/wp\/v2\/posts\/38236","targetHints":{"allow":["GET"]}}],"collection":[{"href":"https:\/\/www.esplac.cat\/en\/wp-json\/wp\/v2\/posts"}],"about":[{"href":"https:\/\/www.esplac.cat\/en\/wp-json\/wp\/v2\/types\/post"}],"author":[{"embeddable":true,"href":"https:\/\/www.esplac.cat\/en\/wp-json\/wp\/v2\/users\/3"}],"replies":[{"embeddable":true,"href":"https:\/\/www.esplac.cat\/en\/wp-json\/wp\/v2\/comments?post=38236"}],"version-history":[{"count":0,"href":"https:\/\/www.esplac.cat\/en\/wp-json\/wp\/v2\/posts\/38236\/revisions"}],"wp:featuredmedia":[{"embeddable":true,"href":"https:\/\/www.esplac.cat\/en\/wp-json\/wp\/v2\/media\/38224"}],"wp:attachment":[{"href":"https:\/\/www.esplac.cat\/en\/wp-json\/wp\/v2\/media?parent=38236"}],"wp:term":[{"taxonomy":"category","embeddable":true,"href":"https:\/\/www.esplac.cat\/en\/wp-json\/wp\/v2\/categories?post=38236"},{"taxonomy":"post_tag","embeddable":true,"href":"https:\/\/www.esplac.cat\/en\/wp-json\/wp\/v2\/tags?post=38236"}],"curies":[{"name":"wp","href":"https:\/\/api.w.org\/{rel}","templated":true}]}}