{"id":38397,"date":"2021-12-10T14:09:06","date_gmt":"2021-12-10T12:09:06","guid":{"rendered":"https:\/\/www.esplac.cat\/?p=38397"},"modified":"2021-12-10T14:27:30","modified_gmt":"2021-12-10T12:27:30","slug":"busquem-pds-concert-esplaiada","status":"publish","type":"post","link":"https:\/\/www.esplac.cat\/en\/busquem-pds-concert-esplaiada\/","title":{"rendered":"Busquem PD&#8217;s pel concert de l\u2019Esplaiada!"},"content":{"rendered":"<h6><strong>Si sou un grup de joves que vindreu a l\u2019Esplaiada 2022, us agrada la m\u00fasica, la festa i voleu pujar a l&#8217;escenari, no us ho penseu m\u00e9s i participeu en el concurs de PD\u2019s!<\/strong><\/h6>\n<p><span style=\"font-weight: 300;\">Des de l\u2019organitzaci\u00f3 de l\u2019Esplaiada estem organitzant un concert per al grup de joves (entre 15 i 18 anys) per a la nit del dissabte 7 de maig, i volem que aquest us el sentiu vostre!<\/span><\/p>\n<p><span style=\"font-weight: 300;\">Per aix\u00f2, hem organitzat un concurs de PD\u2019s (punxadiscos) que es far\u00e0 a trav\u00e9s de l\u2019Instagram de l\u2019Esplaiada <\/span><b>@elefant.fan<\/b>. En aquest compte, e<span style=\"font-weight: 300;\">ntre totes i tots votarem i decidirem la o les persones PD&#8217;s escollides i com volem que sigui la festa!<\/span><\/p>\n<p><b>Que qu\u00e8 heu de fer per a participar?<\/b><\/p>\n<p><span style=\"font-weight: 300;\">Molt f\u00e0cil! Nom\u00e9s cal que us llegiu amb atenci\u00f3 les <\/span><strong><span style=\"color: #ff9900;\"><a style=\"color: #ff9900;\" href=\"https:\/\/www.esplac.cat\/wp-content\/uploads\/2021\/12\/Bases-del-Concurs-de-PD-Esplaiada-2022.pdf\" target=\"_blank\" rel=\"noopener noreferrer\">bases del concurs<\/a><\/span><\/strong><span style=\"font-weight: 300;\"> i envieu la vostra candidatura en format v\u00eddeo a <\/span><a href=\"mailto:organitzacio@esplac.cat\"><span style=\"font-weight: 300;\">organitzacio@esplac.cat. <\/span><\/a>\u00a0 <b>Teniu fins al 24 de gener!<\/b><\/p>\n<p><span style=\"font-weight: 300;\">A m\u00e9s a m\u00e9s, hi haur\u00e0 un <\/span><b>comit\u00e8 de valoraci\u00f3<\/b><span style=\"font-weight: 300;\"> que s\u2019encarregar\u00e0 de valorar les candidatures i les llistes de reproducci\u00f3 que envi\u00efn els grups per:<\/span><\/p>\n<ul>\n<li style=\"font-weight: 300;\" aria-level=\"1\"><span style=\"font-weight: 300;\">Vetllar que no hi hagi discriminaci\u00f3 envers cap col\u00b7lectiu vulnerable o oprimit<\/span><\/li>\n<li style=\"font-weight: 300;\" aria-level=\"1\"><span style=\"font-weight: 300;\">Vetllar que hi hagi pres\u00e8ncia de veus femenines a les can\u00e7ons<\/span><\/li>\n<li style=\"font-weight: 300;\" aria-level=\"1\"><span style=\"font-weight: 300;\">Valorar si els grups autors de les can\u00e7ons encaixen amb els valors d\u2019Esplac<\/span><\/li>\n<li style=\"font-weight: 300;\" aria-level=\"1\"><span style=\"font-weight: 300;\">Vetllar perqu\u00e8 hi hagi diversitat a dalt de l\u2019escenari<\/span><\/li>\n<\/ul>\n<p><b>Si vols formar part del comit\u00e8 de valoraci\u00f3,<\/b> escriu un correu a <a href=\"mailto:organitzacio@esplac.cat\">organitzacio@esplac.cat<\/a> i escriu com a assumpte: &#8220;Comit\u00e8 Valoraci\u00f3 Esplaiada 2022&#8221;.<\/p>\n<p>&nbsp;<\/p>\n","protected":false},"excerpt":{"rendered":"<p>Si sou un grup de joves que vindreu a l\u2019Esplaiada [&hellip;]<\/p>\n","protected":false},"author":3,"featured_media":38398,"comment_status":"closed","ping_status":"closed","sticky":false,"template":"","format":"standard","meta":{"om_disable_all_campaigns":false,"_monsterinsights_skip_tracking":false,"_monsterinsights_sitenote_active":false,"_monsterinsights_sitenote_note":"","_monsterinsights_sitenote_category":0,"_uf_show_specific_survey":0,"_uf_disable_surveys":false,"footnotes":""},"categories":[1136],"tags":[],"class_list":["post-38397","post","type-post","status-publish","format-standard","has-post-thumbnail","hentry","category-esplaiada"],"yoast_head":"<!-- This site is optimized with the Yoast SEO plugin v27.4 - https:\/\/yoast.com\/product\/yoast-seo-wordpress\/ -->\n<title>Busquem PD&#039;s pel concert de l\u2019Esplaiada! - Esplac<\/title>\n<meta name=\"robots\" content=\"index, follow, max-snippet:-1, max-image-preview:large, max-video-preview:-1\" \/>\n<link rel=\"canonical\" href=\"https:\/\/www.esplac.cat\/es\/busquem-pds-concert-esplaiada\/\" \/>\n<meta property=\"og:locale\" content=\"en_US\" \/>\n<meta property=\"og:type\" content=\"article\" \/>\n<meta property=\"og:title\" content=\"Busquem PD&#039;s pel concert de l\u2019Esplaiada! - Esplac\" \/>\n<meta property=\"og:description\" content=\"Si sou un grup de joves que vindreu a l\u2019Esplaiada [&hellip;]\" \/>\n<meta property=\"og:url\" content=\"https:\/\/www.esplac.cat\/es\/busquem-pds-concert-esplaiada\/\" \/>\n<meta property=\"og:site_name\" content=\"Esplac\" \/>\n<meta property=\"article:published_time\" content=\"2021-12-10T12:09:06+00:00\" \/>\n<meta property=\"article:modified_time\" content=\"2021-12-10T12:27:30+00:00\" \/>\n<meta property=\"og:image\" content=\"https:\/\/www.esplac.cat\/wp-content\/uploads\/2021\/12\/dj.jpg\" \/>\n\t<meta property=\"og:image:width\" content=\"1697\" \/>\n\t<meta property=\"og:image:height\" content=\"700\" \/>\n\t<meta property=\"og:image:type\" content=\"image\/jpeg\" \/>\n<meta name=\"author\" content=\"Comunicaci\u00f3 Esplac\" \/>\n<meta name=\"twitter:card\" content=\"summary_large_image\" \/>\n<meta name=\"twitter:label1\" content=\"Written by\" \/>\n\t<meta name=\"twitter:data1\" content=\"Comunicaci\u00f3 Esplac\" \/>\n\t<meta name=\"twitter:label2\" content=\"Est. reading time\" \/>\n\t<meta name=\"twitter:data2\" content=\"1 minute\" \/>\n<script type=\"application\/ld+json\" class=\"yoast-schema-graph\">{\"@context\":\"https:\\\/\\\/schema.org\",\"@graph\":[{\"@type\":\"Article\",\"@id\":\"https:\\\/\\\/www.esplac.cat\\\/es\\\/busquem-pds-concert-esplaiada\\\/#article\",\"isPartOf\":{\"@id\":\"https:\\\/\\\/www.esplac.cat\\\/es\\\/busquem-pds-concert-esplaiada\\\/\"},\"author\":{\"name\":\"Comunicaci\u00f3 Esplac\",\"@id\":\"https:\\\/\\\/www.esplac.cat\\\/#\\\/schema\\\/person\\\/908383cf240be18b68f8855d0583faca\"},\"headline\":\"Busquem PD&#8217;s pel concert de l\u2019Esplaiada!\",\"datePublished\":\"2021-12-10T12:09:06+00:00\",\"dateModified\":\"2021-12-10T12:27:30+00:00\",\"mainEntityOfPage\":{\"@id\":\"https:\\\/\\\/www.esplac.cat\\\/es\\\/busquem-pds-concert-esplaiada\\\/\"},\"wordCount\":275,\"publisher\":{\"@id\":\"https:\\\/\\\/www.esplac.cat\\\/#organization\"},\"image\":{\"@id\":\"https:\\\/\\\/www.esplac.cat\\\/es\\\/busquem-pds-concert-esplaiada\\\/#primaryimage\"},\"thumbnailUrl\":\"https:\\\/\\\/www.esplac.cat\\\/wp-content\\\/uploads\\\/2021\\\/12\\\/dj.jpg\",\"articleSection\":[\"Esplaiada\"],\"inLanguage\":\"en-US\"},{\"@type\":\"WebPage\",\"@id\":\"https:\\\/\\\/www.esplac.cat\\\/es\\\/busquem-pds-concert-esplaiada\\\/\",\"url\":\"https:\\\/\\\/www.esplac.cat\\\/es\\\/busquem-pds-concert-esplaiada\\\/\",\"name\":\"Busquem PD's pel concert de l\u2019Esplaiada! - Esplac\",\"isPartOf\":{\"@id\":\"https:\\\/\\\/www.esplac.cat\\\/#website\"},\"primaryImageOfPage\":{\"@id\":\"https:\\\/\\\/www.esplac.cat\\\/es\\\/busquem-pds-concert-esplaiada\\\/#primaryimage\"},\"image\":{\"@id\":\"https:\\\/\\\/www.esplac.cat\\\/es\\\/busquem-pds-concert-esplaiada\\\/#primaryimage\"},\"thumbnailUrl\":\"https:\\\/\\\/www.esplac.cat\\\/wp-content\\\/uploads\\\/2021\\\/12\\\/dj.jpg\",\"datePublished\":\"2021-12-10T12:09:06+00:00\",\"dateModified\":\"2021-12-10T12:27:30+00:00\",\"breadcrumb\":{\"@id\":\"https:\\\/\\\/www.esplac.cat\\\/es\\\/busquem-pds-concert-esplaiada\\\/#breadcrumb\"},\"inLanguage\":\"en-US\",\"potentialAction\":[{\"@type\":\"ReadAction\",\"target\":[\"https:\\\/\\\/www.esplac.cat\\\/es\\\/busquem-pds-concert-esplaiada\\\/\"]}]},{\"@type\":\"ImageObject\",\"inLanguage\":\"en-US\",\"@id\":\"https:\\\/\\\/www.esplac.cat\\\/es\\\/busquem-pds-concert-esplaiada\\\/#primaryimage\",\"url\":\"https:\\\/\\\/www.esplac.cat\\\/wp-content\\\/uploads\\\/2021\\\/12\\\/dj.jpg\",\"contentUrl\":\"https:\\\/\\\/www.esplac.cat\\\/wp-content\\\/uploads\\\/2021\\\/12\\\/dj.jpg\",\"width\":1697,\"height\":700},{\"@type\":\"BreadcrumbList\",\"@id\":\"https:\\\/\\\/www.esplac.cat\\\/es\\\/busquem-pds-concert-esplaiada\\\/#breadcrumb\",\"itemListElement\":[{\"@type\":\"ListItem\",\"position\":1,\"name\":\"Inici\",\"item\":\"https:\\\/\\\/www.esplac.cat\\\/en\\\/\"},{\"@type\":\"ListItem\",\"position\":2,\"name\":\"Busquem PD&#8217;s pel concert de l\u2019Esplaiada!\"}]},{\"@type\":\"WebSite\",\"@id\":\"https:\\\/\\\/www.esplac.cat\\\/#website\",\"url\":\"https:\\\/\\\/www.esplac.cat\\\/\",\"name\":\"Esplac\",\"description\":\"Esplais Catalans\",\"publisher\":{\"@id\":\"https:\\\/\\\/www.esplac.cat\\\/#organization\"},\"potentialAction\":[{\"@type\":\"SearchAction\",\"target\":{\"@type\":\"EntryPoint\",\"urlTemplate\":\"https:\\\/\\\/www.esplac.cat\\\/?s={search_term_string}\"},\"query-input\":{\"@type\":\"PropertyValueSpecification\",\"valueRequired\":true,\"valueName\":\"search_term_string\"}}],\"inLanguage\":\"en-US\"},{\"@type\":\"Organization\",\"@id\":\"https:\\\/\\\/www.esplac.cat\\\/#organization\",\"name\":\"Esplac\",\"url\":\"https:\\\/\\\/www.esplac.cat\\\/\",\"logo\":{\"@type\":\"ImageObject\",\"inLanguage\":\"en-US\",\"@id\":\"https:\\\/\\\/www.esplac.cat\\\/#\\\/schema\\\/logo\\\/image\\\/\",\"url\":\"https:\\\/\\\/www.esplac.cat\\\/wp-content\\\/uploads\\\/2019\\\/08\\\/logox2.png\",\"contentUrl\":\"https:\\\/\\\/www.esplac.cat\\\/wp-content\\\/uploads\\\/2019\\\/08\\\/logox2.png\",\"width\":600,\"height\":295,\"caption\":\"Esplac\"},\"image\":{\"@id\":\"https:\\\/\\\/www.esplac.cat\\\/#\\\/schema\\\/logo\\\/image\\\/\"}},{\"@type\":\"Person\",\"@id\":\"https:\\\/\\\/www.esplac.cat\\\/#\\\/schema\\\/person\\\/908383cf240be18b68f8855d0583faca\",\"name\":\"Comunicaci\u00f3 Esplac\",\"image\":{\"@type\":\"ImageObject\",\"inLanguage\":\"en-US\",\"@id\":\"https:\\\/\\\/secure.gravatar.com\\\/avatar\\\/7a4cf8feb412a76ea4a740ca02d95b06b2907b5a6c648c2dd0a1082a093c3141?s=96&d=mm&r=g\",\"url\":\"https:\\\/\\\/secure.gravatar.com\\\/avatar\\\/7a4cf8feb412a76ea4a740ca02d95b06b2907b5a6c648c2dd0a1082a093c3141?s=96&d=mm&r=g\",\"contentUrl\":\"https:\\\/\\\/secure.gravatar.com\\\/avatar\\\/7a4cf8feb412a76ea4a740ca02d95b06b2907b5a6c648c2dd0a1082a093c3141?s=96&d=mm&r=g\",\"caption\":\"Comunicaci\u00f3 Esplac\"}}]}<\/script>\n<!-- \/ Yoast SEO plugin. -->","yoast_head_json":{"title":"Busquem PD's pel concert de l\u2019Esplaiada! - Esplac","robots":{"index":"index","follow":"follow","max-snippet":"max-snippet:-1","max-image-preview":"max-image-preview:large","max-video-preview":"max-video-preview:-1"},"canonical":"https:\/\/www.esplac.cat\/es\/busquem-pds-concert-esplaiada\/","og_locale":"en_US","og_type":"article","og_title":"Busquem PD's pel concert de l\u2019Esplaiada! - Esplac","og_description":"Si sou un grup de joves que vindreu a l\u2019Esplaiada [&hellip;]","og_url":"https:\/\/www.esplac.cat\/es\/busquem-pds-concert-esplaiada\/","og_site_name":"Esplac","article_published_time":"2021-12-10T12:09:06+00:00","article_modified_time":"2021-12-10T12:27:30+00:00","og_image":[{"width":1697,"height":700,"url":"https:\/\/www.esplac.cat\/wp-content\/uploads\/2021\/12\/dj.jpg","type":"image\/jpeg"}],"author":"Comunicaci\u00f3 Esplac","twitter_card":"summary_large_image","twitter_misc":{"Written by":"Comunicaci\u00f3 Esplac","Est. reading time":"1 minute"},"schema":{"@context":"https:\/\/schema.org","@graph":[{"@type":"Article","@id":"https:\/\/www.esplac.cat\/es\/busquem-pds-concert-esplaiada\/#article","isPartOf":{"@id":"https:\/\/www.esplac.cat\/es\/busquem-pds-concert-esplaiada\/"},"author":{"name":"Comunicaci\u00f3 Esplac","@id":"https:\/\/www.esplac.cat\/#\/schema\/person\/908383cf240be18b68f8855d0583faca"},"headline":"Busquem PD&#8217;s pel concert de l\u2019Esplaiada!","datePublished":"2021-12-10T12:09:06+00:00","dateModified":"2021-12-10T12:27:30+00:00","mainEntityOfPage":{"@id":"https:\/\/www.esplac.cat\/es\/busquem-pds-concert-esplaiada\/"},"wordCount":275,"publisher":{"@id":"https:\/\/www.esplac.cat\/#organization"},"image":{"@id":"https:\/\/www.esplac.cat\/es\/busquem-pds-concert-esplaiada\/#primaryimage"},"thumbnailUrl":"https:\/\/www.esplac.cat\/wp-content\/uploads\/2021\/12\/dj.jpg","articleSection":["Esplaiada"],"inLanguage":"en-US"},{"@type":"WebPage","@id":"https:\/\/www.esplac.cat\/es\/busquem-pds-concert-esplaiada\/","url":"https:\/\/www.esplac.cat\/es\/busquem-pds-concert-esplaiada\/","name":"Busquem PD's pel concert de l\u2019Esplaiada! - Esplac","isPartOf":{"@id":"https:\/\/www.esplac.cat\/#website"},"primaryImageOfPage":{"@id":"https:\/\/www.esplac.cat\/es\/busquem-pds-concert-esplaiada\/#primaryimage"},"image":{"@id":"https:\/\/www.esplac.cat\/es\/busquem-pds-concert-esplaiada\/#primaryimage"},"thumbnailUrl":"https:\/\/www.esplac.cat\/wp-content\/uploads\/2021\/12\/dj.jpg","datePublished":"2021-12-10T12:09:06+00:00","dateModified":"2021-12-10T12:27:30+00:00","breadcrumb":{"@id":"https:\/\/www.esplac.cat\/es\/busquem-pds-concert-esplaiada\/#breadcrumb"},"inLanguage":"en-US","potentialAction":[{"@type":"ReadAction","target":["https:\/\/www.esplac.cat\/es\/busquem-pds-concert-esplaiada\/"]}]},{"@type":"ImageObject","inLanguage":"en-US","@id":"https:\/\/www.esplac.cat\/es\/busquem-pds-concert-esplaiada\/#primaryimage","url":"https:\/\/www.esplac.cat\/wp-content\/uploads\/2021\/12\/dj.jpg","contentUrl":"https:\/\/www.esplac.cat\/wp-content\/uploads\/2021\/12\/dj.jpg","width":1697,"height":700},{"@type":"BreadcrumbList","@id":"https:\/\/www.esplac.cat\/es\/busquem-pds-concert-esplaiada\/#breadcrumb","itemListElement":[{"@type":"ListItem","position":1,"name":"Inici","item":"https:\/\/www.esplac.cat\/en\/"},{"@type":"ListItem","position":2,"name":"Busquem PD&#8217;s pel concert de l\u2019Esplaiada!"}]},{"@type":"WebSite","@id":"https:\/\/www.esplac.cat\/#website","url":"https:\/\/www.esplac.cat\/","name":"Esplac","description":"Esplais Catalans","publisher":{"@id":"https:\/\/www.esplac.cat\/#organization"},"potentialAction":[{"@type":"SearchAction","target":{"@type":"EntryPoint","urlTemplate":"https:\/\/www.esplac.cat\/?s={search_term_string}"},"query-input":{"@type":"PropertyValueSpecification","valueRequired":true,"valueName":"search_term_string"}}],"inLanguage":"en-US"},{"@type":"Organization","@id":"https:\/\/www.esplac.cat\/#organization","name":"Esplac","url":"https:\/\/www.esplac.cat\/","logo":{"@type":"ImageObject","inLanguage":"en-US","@id":"https:\/\/www.esplac.cat\/#\/schema\/logo\/image\/","url":"https:\/\/www.esplac.cat\/wp-content\/uploads\/2019\/08\/logox2.png","contentUrl":"https:\/\/www.esplac.cat\/wp-content\/uploads\/2019\/08\/logox2.png","width":600,"height":295,"caption":"Esplac"},"image":{"@id":"https:\/\/www.esplac.cat\/#\/schema\/logo\/image\/"}},{"@type":"Person","@id":"https:\/\/www.esplac.cat\/#\/schema\/person\/908383cf240be18b68f8855d0583faca","name":"Comunicaci\u00f3 Esplac","image":{"@type":"ImageObject","inLanguage":"en-US","@id":"https:\/\/secure.gravatar.com\/avatar\/7a4cf8feb412a76ea4a740ca02d95b06b2907b5a6c648c2dd0a1082a093c3141?s=96&d=mm&r=g","url":"https:\/\/secure.gravatar.com\/avatar\/7a4cf8feb412a76ea4a740ca02d95b06b2907b5a6c648c2dd0a1082a093c3141?s=96&d=mm&r=g","contentUrl":"https:\/\/secure.gravatar.com\/avatar\/7a4cf8feb412a76ea4a740ca02d95b06b2907b5a6c648c2dd0a1082a093c3141?s=96&d=mm&r=g","caption":"Comunicaci\u00f3 Esplac"}}]}},"_links":{"self":[{"href":"https:\/\/www.esplac.cat\/en\/wp-json\/wp\/v2\/posts\/38397","targetHints":{"allow":["GET"]}}],"collection":[{"href":"https:\/\/www.esplac.cat\/en\/wp-json\/wp\/v2\/posts"}],"about":[{"href":"https:\/\/www.esplac.cat\/en\/wp-json\/wp\/v2\/types\/post"}],"author":[{"embeddable":true,"href":"https:\/\/www.esplac.cat\/en\/wp-json\/wp\/v2\/users\/3"}],"replies":[{"embeddable":true,"href":"https:\/\/www.esplac.cat\/en\/wp-json\/wp\/v2\/comments?post=38397"}],"version-history":[{"count":0,"href":"https:\/\/www.esplac.cat\/en\/wp-json\/wp\/v2\/posts\/38397\/revisions"}],"wp:featuredmedia":[{"embeddable":true,"href":"https:\/\/www.esplac.cat\/en\/wp-json\/wp\/v2\/media\/38398"}],"wp:attachment":[{"href":"https:\/\/www.esplac.cat\/en\/wp-json\/wp\/v2\/media?parent=38397"}],"wp:term":[{"taxonomy":"category","embeddable":true,"href":"https:\/\/www.esplac.cat\/en\/wp-json\/wp\/v2\/categories?post=38397"},{"taxonomy":"post_tag","embeddable":true,"href":"https:\/\/www.esplac.cat\/en\/wp-json\/wp\/v2\/tags?post=38397"}],"curies":[{"name":"wp","href":"https:\/\/api.w.org\/{rel}","templated":true}]}}