{"id":38616,"date":"2021-12-23T12:40:02","date_gmt":"2021-12-23T10:40:02","guid":{"rendered":"https:\/\/www.esplac.cat\/?p=38616"},"modified":"2021-12-23T12:49:16","modified_gmt":"2021-12-23T10:49:16","slug":"age-sectors-2021-pressupostos-noves-persones-egs","status":"publish","type":"post","link":"https:\/\/www.esplac.cat\/en\/age-sectors-2021-pressupostos-noves-persones-egs\/","title":{"rendered":"AGE de sectors 2021: pressupostos i noves persones a l&#8217;EGS"},"content":{"rendered":"<h6><strong>Durant les \u00faltimes setmanes de l&#8217;any han tingut lloc les Assemblees Generals Extraordin\u00e0ries (AGE) dels sectors. S&#8217;han aprovat nous Equips Generals de Sector (EGS) i pressupostos pel 2022.<\/strong><\/h6>\n<p>Per encetar l&#8217;any 2021, els sectors d&#8217;Esplac han fet les AGE per acabar de decidir com s&#8217;encarar\u00e0 el curs 2021\/22 arreu del territori.<\/p>\n<p><strong>El Sector Barcelona vota 2 nous EGS a l\u2019AGE d\u2019aquest desembre<\/strong><\/p>\n<p>Els subsectors Gregal, SantsAntxample i Gracioles de Barcelona s\u2019han reunit al Casal de Joves Girapells, al Guinard\u00f3, per celebrar una Assemblea General Extraordin\u00e0ria en qu\u00e8 han votat el <strong>pressupost del sector<\/strong> d\u2019aquest curs i les <strong>dues candidatures a l\u2019Equip General de Sector,<\/strong> el Bernat Riu, exmonitor de l\u2019Esplai Movi de Sarri\u00e0, i l\u2019Eduard Ballesteros, monitor de l\u2019Esplai Sant Medir.<\/p>\n<p>En aquesta assemblea hi van participar <strong>35 monis de 15 esplais diferents<\/strong> (Turons, GMM, Isard-Flor de Neu, Torxa, Totikap, Matinada-P\u00f2rtics, Xiroc, Xang\u00f3, Movi de Sarri\u00e0, Natzaret, Olivera Rodona, Sant Medir, Espurna, Tr3smon, Kasperle). Des de l\u2019AGO d&#8217;Esplac, el Sector Barcelona ja est\u00e0 organitzant-se per subsectors. \u00c9s per aquest motiu que la meitat de la reuni\u00f3 va ser conjunta i l\u2019altra meitat va ser per subsectors, on cada un va estar treballant en les comissions de subsector, com ara el Domingueo Formatiu.<\/p>\n<p><a href=\"https:\/\/www.esplac.cat\/wp-content\/uploads\/2021\/12\/AGE-Sector-Barcelona.jpg\"><img decoding=\"async\" class=\"aligncenter wp-image-38626 \" src=\"https:\/\/www.esplac.cat\/wp-content\/uploads\/2021\/12\/AGE-Sector-Barcelona-1024x768.jpg\" alt=\"\" width=\"332\" height=\"249\" srcset=\"https:\/\/www.esplac.cat\/wp-content\/uploads\/2021\/12\/AGE-Sector-Barcelona-200x150.jpg 200w, https:\/\/www.esplac.cat\/wp-content\/uploads\/2021\/12\/AGE-Sector-Barcelona-300x225.jpg 300w, https:\/\/www.esplac.cat\/wp-content\/uploads\/2021\/12\/AGE-Sector-Barcelona-400x300.jpg 400w, https:\/\/www.esplac.cat\/wp-content\/uploads\/2021\/12\/AGE-Sector-Barcelona-600x450.jpg 600w, https:\/\/www.esplac.cat\/wp-content\/uploads\/2021\/12\/AGE-Sector-Barcelona-768x576.jpg 768w, https:\/\/www.esplac.cat\/wp-content\/uploads\/2021\/12\/AGE-Sector-Barcelona-800x600.jpg 800w, https:\/\/www.esplac.cat\/wp-content\/uploads\/2021\/12\/AGE-Sector-Barcelona-1024x768.jpg 1024w, https:\/\/www.esplac.cat\/wp-content\/uploads\/2021\/12\/AGE-Sector-Barcelona-1200x900.jpg 1200w, https:\/\/www.esplac.cat\/wp-content\/uploads\/2021\/12\/AGE-Sector-Barcelona-1536x1152.jpg 1536w\" sizes=\"(max-width: 332px) 100vw, 332px\" \/><\/a><\/p>\n<p><strong>El Baix Llobregat comen\u00e7a l&#8217;any amb un Equip General de Sector renovat<\/strong><\/p>\n<p>A la reuni\u00f3 de sector de desembre es va fer un comiat a la N\u00faria Mar\u00edn, del Trapella, com a part de l&#8217;EGS, que despr\u00e9s de dos anys al c\u00e0rrec finalment ha acabat el seu mandat. Moltes gr\u00e0cies per la feina feta, N\u00faria! Per\u00f2 aix\u00f2 no \u00e9s tot, a la mateixa reuni\u00f3 es va donar la benvinguda a la <strong>Nina Corresa<\/strong>, de l&#8217;esplai Agrupa, com a nova membre de l&#8217;EGS. D&#8217;aquesta manera, l&#8217;Equip General del Sector Baix Llobregat segueix tenint 3 membres: la Berta, el Pol i la Nina. A m\u00e9s a m\u00e9s, entre punt i punt de la reuni\u00f3, es va fer cagar al ti\u00f3!<\/p>\n\n\t\t<style type=\"text\/css\">\n\t\t\t#gallery-1 {\n\t\t\t\tmargin: auto;\n\t\t\t}\n\t\t\t#gallery-1 .gallery-item {\n\t\t\t\tfloat: left;\n\t\t\t\tmargin-top: 10px;\n\t\t\t\ttext-align: center;\n\t\t\t\twidth: 33%;\n\t\t\t}\n\t\t\t#gallery-1 img {\n\t\t\t\tborder: 2px solid #cfcfcf;\n\t\t\t}\n\t\t\t#gallery-1 .gallery-caption {\n\t\t\t\tmargin-left: 0;\n\t\t\t}\n\t\t\t\/* see gallery_shortcode() in wp-includes\/media.php *\/\n\t\t<\/style>\n\t\t<div id='gallery-1' class='gallery galleryid-38616 gallery-columns-3 gallery-size-medium'><dl class='gallery-item'>\n\t\t\t<dt class='gallery-icon landscape'>\n\t\t\t\t<a data-rel=\"iLightbox[postimages]\" data-title=\"WhatsApp Image 2021-12-21 at 13.37.45\" data-caption=\"\" href='https:\/\/www.esplac.cat\/en\/whatsapp-image-2021-12-21-at-13-37-45-2\/'><img decoding=\"async\" width=\"300\" height=\"169\" src=\"https:\/\/www.esplac.cat\/wp-content\/uploads\/2021\/12\/WhatsApp-Image-2021-12-21-at-13.37.45-300x169.jpeg\" class=\"attachment-medium size-medium\" alt=\"\" srcset=\"https:\/\/www.esplac.cat\/wp-content\/uploads\/2021\/12\/WhatsApp-Image-2021-12-21-at-13.37.45-200x113.jpeg 200w, https:\/\/www.esplac.cat\/wp-content\/uploads\/2021\/12\/WhatsApp-Image-2021-12-21-at-13.37.45-300x169.jpeg 300w, https:\/\/www.esplac.cat\/wp-content\/uploads\/2021\/12\/WhatsApp-Image-2021-12-21-at-13.37.45-400x225.jpeg 400w, https:\/\/www.esplac.cat\/wp-content\/uploads\/2021\/12\/WhatsApp-Image-2021-12-21-at-13.37.45-600x338.jpeg 600w, https:\/\/www.esplac.cat\/wp-content\/uploads\/2021\/12\/WhatsApp-Image-2021-12-21-at-13.37.45-768x432.jpeg 768w, https:\/\/www.esplac.cat\/wp-content\/uploads\/2021\/12\/WhatsApp-Image-2021-12-21-at-13.37.45-800x450.jpeg 800w, https:\/\/www.esplac.cat\/wp-content\/uploads\/2021\/12\/WhatsApp-Image-2021-12-21-at-13.37.45-1024x576.jpeg 1024w, https:\/\/www.esplac.cat\/wp-content\/uploads\/2021\/12\/WhatsApp-Image-2021-12-21-at-13.37.45-1200x675.jpeg 1200w, https:\/\/www.esplac.cat\/wp-content\/uploads\/2021\/12\/WhatsApp-Image-2021-12-21-at-13.37.45-1536x864.jpeg 1536w\" sizes=\"(max-width: 300px) 100vw, 300px\" \/><\/a>\n\t\t\t<\/dt><\/dl><dl class='gallery-item'>\n\t\t\t<dt class='gallery-icon landscape'>\n\t\t\t\t<a data-rel=\"iLightbox[postimages]\" data-title=\"WhatsApp Image 2021-12-21 at 13.39.24\" data-caption=\"\" href='https:\/\/www.esplac.cat\/en\/whatsapp-image-2021-12-21-at-13-39-24-2\/'><img decoding=\"async\" width=\"300\" height=\"225\" src=\"https:\/\/www.esplac.cat\/wp-content\/uploads\/2021\/12\/WhatsApp-Image-2021-12-21-at-13.39.24-300x225.jpeg\" class=\"attachment-medium size-medium\" alt=\"\" srcset=\"https:\/\/www.esplac.cat\/wp-content\/uploads\/2021\/12\/WhatsApp-Image-2021-12-21-at-13.39.24-200x150.jpeg 200w, https:\/\/www.esplac.cat\/wp-content\/uploads\/2021\/12\/WhatsApp-Image-2021-12-21-at-13.39.24-300x225.jpeg 300w, https:\/\/www.esplac.cat\/wp-content\/uploads\/2021\/12\/WhatsApp-Image-2021-12-21-at-13.39.24-400x300.jpeg 400w, https:\/\/www.esplac.cat\/wp-content\/uploads\/2021\/12\/WhatsApp-Image-2021-12-21-at-13.39.24-600x451.jpeg 600w, https:\/\/www.esplac.cat\/wp-content\/uploads\/2021\/12\/WhatsApp-Image-2021-12-21-at-13.39.24-768x577.jpeg 768w, https:\/\/www.esplac.cat\/wp-content\/uploads\/2021\/12\/WhatsApp-Image-2021-12-21-at-13.39.24-800x601.jpeg 800w, https:\/\/www.esplac.cat\/wp-content\/uploads\/2021\/12\/WhatsApp-Image-2021-12-21-at-13.39.24-1024x769.jpeg 1024w, https:\/\/www.esplac.cat\/wp-content\/uploads\/2021\/12\/WhatsApp-Image-2021-12-21-at-13.39.24-1200x901.jpeg 1200w, https:\/\/www.esplac.cat\/wp-content\/uploads\/2021\/12\/WhatsApp-Image-2021-12-21-at-13.39.24-1536x1154.jpeg 1536w\" sizes=\"(max-width: 300px) 100vw, 300px\" \/><\/a>\n\t\t\t<\/dt><\/dl><dl class='gallery-item'>\n\t\t\t<dt class='gallery-icon landscape'>\n\t\t\t\t<a data-rel=\"iLightbox[postimages]\" data-title=\"EGS BLL desembre 2021\" data-caption=\"\" href='https:\/\/www.esplac.cat\/en\/egs-bll-desembre-2021-2\/'><img decoding=\"async\" width=\"300\" height=\"300\" src=\"https:\/\/www.esplac.cat\/wp-content\/uploads\/2021\/12\/EGS-BLL-desembre-2021-300x300.jpeg\" class=\"attachment-medium size-medium\" alt=\"\" srcset=\"https:\/\/www.esplac.cat\/wp-content\/uploads\/2021\/12\/EGS-BLL-desembre-2021-66x66.jpeg 66w, https:\/\/www.esplac.cat\/wp-content\/uploads\/2021\/12\/EGS-BLL-desembre-2021-150x150.jpeg 150w, https:\/\/www.esplac.cat\/wp-content\/uploads\/2021\/12\/EGS-BLL-desembre-2021-200x199.jpeg 200w, https:\/\/www.esplac.cat\/wp-content\/uploads\/2021\/12\/EGS-BLL-desembre-2021-300x300.jpeg 300w, https:\/\/www.esplac.cat\/wp-content\/uploads\/2021\/12\/EGS-BLL-desembre-2021-400x399.jpeg 400w, https:\/\/www.esplac.cat\/wp-content\/uploads\/2021\/12\/EGS-BLL-desembre-2021-600x598.jpeg 600w, https:\/\/www.esplac.cat\/wp-content\/uploads\/2021\/12\/EGS-BLL-desembre-2021-768x766.jpeg 768w, https:\/\/www.esplac.cat\/wp-content\/uploads\/2021\/12\/EGS-BLL-desembre-2021-800x798.jpeg 800w, https:\/\/www.esplac.cat\/wp-content\/uploads\/2021\/12\/EGS-BLL-desembre-2021-1024x1021.jpeg 1024w, https:\/\/www.esplac.cat\/wp-content\/uploads\/2021\/12\/EGS-BLL-desembre-2021.jpeg 1080w\" sizes=\"(max-width: 300px) 100vw, 300px\" \/><\/a>\n\t\t\t<\/dt><\/dl><br style=\"clear: both\" \/>\n\t\t<\/div>\n\n<p>&nbsp;<\/p>\n<p><strong>AGE arreu del territori<\/strong><\/p>\n<p>Altres sectors com el <strong>Ripoll\u00e8s, Osona i Moian\u00e8s<\/strong> i el <strong>Camp de Tarragona<\/strong> tamb\u00e9 van fer AGE i van aprovar el pressupost del 2022. A m\u00e9s, aquest \u00faltim sector, va aprovar l&#8217;entrada d&#8217;una <strong>nova membre de l&#8217;EGS<\/strong>, l&#8217;Ainhoa Mallafre Garc\u00eda.<\/p>\n","protected":false},"excerpt":{"rendered":"<p>Durant les \u00faltimes setmanes de l&#8217;any han tingut lloc les [&hellip;]<\/p>\n","protected":false},"author":3,"featured_media":38631,"comment_status":"closed","ping_status":"closed","sticky":false,"template":"","format":"standard","meta":{"om_disable_all_campaigns":false,"_monsterinsights_skip_tracking":false,"_monsterinsights_sitenote_active":false,"_monsterinsights_sitenote_note":"","_monsterinsights_sitenote_category":0,"_uf_show_specific_survey":0,"_uf_disable_surveys":false,"footnotes":""},"categories":[1110],"tags":[],"class_list":["post-38616","post","type-post","status-publish","format-standard","has-post-thumbnail","hentry","category-activitats-sectors"],"yoast_head":"<!-- This site is optimized with the Yoast SEO plugin v27.5 - https:\/\/yoast.com\/product\/yoast-seo-wordpress\/ -->\n<title>AGE de sectors 2021: pressupostos i noves persones a l&#039;EGS - Esplac<\/title>\n<meta name=\"robots\" content=\"index, follow, max-snippet:-1, max-image-preview:large, max-video-preview:-1\" \/>\n<link rel=\"canonical\" href=\"https:\/\/www.esplac.cat\/age-sectors-2021-pressupostos-noves-persones-egs\/\" \/>\n<meta property=\"og:locale\" content=\"en_US\" \/>\n<meta property=\"og:type\" content=\"article\" \/>\n<meta property=\"og:title\" content=\"AGE de sectors 2021: pressupostos i noves persones a l&#039;EGS - Esplac\" \/>\n<meta property=\"og:description\" content=\"Durant les \u00faltimes setmanes de l&#8217;any han tingut lloc les [&hellip;]\" \/>\n<meta property=\"og:url\" content=\"https:\/\/www.esplac.cat\/age-sectors-2021-pressupostos-noves-persones-egs\/\" \/>\n<meta property=\"og:site_name\" content=\"Esplac\" \/>\n<meta property=\"article:published_time\" content=\"2021-12-23T10:40:02+00:00\" \/>\n<meta property=\"article:modified_time\" content=\"2021-12-23T10:49:16+00:00\" \/>\n<meta property=\"og:image\" content=\"https:\/\/www.esplac.cat\/wp-content\/uploads\/2021\/12\/bcn_age.jpg\" \/>\n\t<meta property=\"og:image:width\" content=\"1697\" \/>\n\t<meta property=\"og:image:height\" content=\"700\" \/>\n\t<meta property=\"og:image:type\" content=\"image\/jpeg\" \/>\n<meta name=\"author\" content=\"Comunicaci\u00f3 Esplac\" \/>\n<meta name=\"twitter:card\" content=\"summary_large_image\" \/>\n<meta name=\"twitter:label1\" content=\"Written by\" \/>\n\t<meta name=\"twitter:data1\" content=\"Comunicaci\u00f3 Esplac\" \/>\n\t<meta name=\"twitter:label2\" content=\"Est. reading time\" \/>\n\t<meta name=\"twitter:data2\" content=\"2 minutes\" \/>\n<script type=\"application\/ld+json\" class=\"yoast-schema-graph\">{\"@context\":\"https:\\\/\\\/schema.org\",\"@graph\":[{\"@type\":\"Article\",\"@id\":\"https:\\\/\\\/www.esplac.cat\\\/age-sectors-2021-pressupostos-noves-persones-egs\\\/#article\",\"isPartOf\":{\"@id\":\"https:\\\/\\\/www.esplac.cat\\\/age-sectors-2021-pressupostos-noves-persones-egs\\\/\"},\"author\":{\"name\":\"Comunicaci\u00f3 Esplac\",\"@id\":\"https:\\\/\\\/www.esplac.cat\\\/#\\\/schema\\\/person\\\/908383cf240be18b68f8855d0583faca\"},\"headline\":\"AGE de sectors 2021: pressupostos i noves persones a l&#8217;EGS\",\"datePublished\":\"2021-12-23T10:40:02+00:00\",\"dateModified\":\"2021-12-23T10:49:16+00:00\",\"mainEntityOfPage\":{\"@id\":\"https:\\\/\\\/www.esplac.cat\\\/age-sectors-2021-pressupostos-noves-persones-egs\\\/\"},\"wordCount\":414,\"publisher\":{\"@id\":\"https:\\\/\\\/www.esplac.cat\\\/#organization\"},\"image\":{\"@id\":\"https:\\\/\\\/www.esplac.cat\\\/age-sectors-2021-pressupostos-noves-persones-egs\\\/#primaryimage\"},\"thumbnailUrl\":\"https:\\\/\\\/www.esplac.cat\\\/wp-content\\\/uploads\\\/2021\\\/12\\\/bcn_age.jpg\",\"articleSection\":[\"Activitats sectors\"],\"inLanguage\":\"en-US\"},{\"@type\":\"WebPage\",\"@id\":\"https:\\\/\\\/www.esplac.cat\\\/age-sectors-2021-pressupostos-noves-persones-egs\\\/\",\"url\":\"https:\\\/\\\/www.esplac.cat\\\/age-sectors-2021-pressupostos-noves-persones-egs\\\/\",\"name\":\"AGE de sectors 2021: pressupostos i noves persones a l'EGS - Esplac\",\"isPartOf\":{\"@id\":\"https:\\\/\\\/www.esplac.cat\\\/#website\"},\"primaryImageOfPage\":{\"@id\":\"https:\\\/\\\/www.esplac.cat\\\/age-sectors-2021-pressupostos-noves-persones-egs\\\/#primaryimage\"},\"image\":{\"@id\":\"https:\\\/\\\/www.esplac.cat\\\/age-sectors-2021-pressupostos-noves-persones-egs\\\/#primaryimage\"},\"thumbnailUrl\":\"https:\\\/\\\/www.esplac.cat\\\/wp-content\\\/uploads\\\/2021\\\/12\\\/bcn_age.jpg\",\"datePublished\":\"2021-12-23T10:40:02+00:00\",\"dateModified\":\"2021-12-23T10:49:16+00:00\",\"breadcrumb\":{\"@id\":\"https:\\\/\\\/www.esplac.cat\\\/age-sectors-2021-pressupostos-noves-persones-egs\\\/#breadcrumb\"},\"inLanguage\":\"en-US\",\"potentialAction\":[{\"@type\":\"ReadAction\",\"target\":[\"https:\\\/\\\/www.esplac.cat\\\/age-sectors-2021-pressupostos-noves-persones-egs\\\/\"]}]},{\"@type\":\"ImageObject\",\"inLanguage\":\"en-US\",\"@id\":\"https:\\\/\\\/www.esplac.cat\\\/age-sectors-2021-pressupostos-noves-persones-egs\\\/#primaryimage\",\"url\":\"https:\\\/\\\/www.esplac.cat\\\/wp-content\\\/uploads\\\/2021\\\/12\\\/bcn_age.jpg\",\"contentUrl\":\"https:\\\/\\\/www.esplac.cat\\\/wp-content\\\/uploads\\\/2021\\\/12\\\/bcn_age.jpg\",\"width\":1697,\"height\":700},{\"@type\":\"BreadcrumbList\",\"@id\":\"https:\\\/\\\/www.esplac.cat\\\/age-sectors-2021-pressupostos-noves-persones-egs\\\/#breadcrumb\",\"itemListElement\":[{\"@type\":\"ListItem\",\"position\":1,\"name\":\"Inici\",\"item\":\"https:\\\/\\\/www.esplac.cat\\\/en\\\/\"},{\"@type\":\"ListItem\",\"position\":2,\"name\":\"AGE de sectors 2021: pressupostos i noves persones a l&#8217;EGS\"}]},{\"@type\":\"WebSite\",\"@id\":\"https:\\\/\\\/www.esplac.cat\\\/#website\",\"url\":\"https:\\\/\\\/www.esplac.cat\\\/\",\"name\":\"Esplac\",\"description\":\"Esplais Catalans\",\"publisher\":{\"@id\":\"https:\\\/\\\/www.esplac.cat\\\/#organization\"},\"potentialAction\":[{\"@type\":\"SearchAction\",\"target\":{\"@type\":\"EntryPoint\",\"urlTemplate\":\"https:\\\/\\\/www.esplac.cat\\\/?s={search_term_string}\"},\"query-input\":{\"@type\":\"PropertyValueSpecification\",\"valueRequired\":true,\"valueName\":\"search_term_string\"}}],\"inLanguage\":\"en-US\"},{\"@type\":\"Organization\",\"@id\":\"https:\\\/\\\/www.esplac.cat\\\/#organization\",\"name\":\"Esplac\",\"url\":\"https:\\\/\\\/www.esplac.cat\\\/\",\"logo\":{\"@type\":\"ImageObject\",\"inLanguage\":\"en-US\",\"@id\":\"https:\\\/\\\/www.esplac.cat\\\/#\\\/schema\\\/logo\\\/image\\\/\",\"url\":\"https:\\\/\\\/www.esplac.cat\\\/wp-content\\\/uploads\\\/2019\\\/08\\\/logox2.png\",\"contentUrl\":\"https:\\\/\\\/www.esplac.cat\\\/wp-content\\\/uploads\\\/2019\\\/08\\\/logox2.png\",\"width\":600,\"height\":295,\"caption\":\"Esplac\"},\"image\":{\"@id\":\"https:\\\/\\\/www.esplac.cat\\\/#\\\/schema\\\/logo\\\/image\\\/\"}},{\"@type\":\"Person\",\"@id\":\"https:\\\/\\\/www.esplac.cat\\\/#\\\/schema\\\/person\\\/908383cf240be18b68f8855d0583faca\",\"name\":\"Comunicaci\u00f3 Esplac\",\"image\":{\"@type\":\"ImageObject\",\"inLanguage\":\"en-US\",\"@id\":\"https:\\\/\\\/secure.gravatar.com\\\/avatar\\\/7a4cf8feb412a76ea4a740ca02d95b06b2907b5a6c648c2dd0a1082a093c3141?s=96&d=mm&r=g\",\"url\":\"https:\\\/\\\/secure.gravatar.com\\\/avatar\\\/7a4cf8feb412a76ea4a740ca02d95b06b2907b5a6c648c2dd0a1082a093c3141?s=96&d=mm&r=g\",\"contentUrl\":\"https:\\\/\\\/secure.gravatar.com\\\/avatar\\\/7a4cf8feb412a76ea4a740ca02d95b06b2907b5a6c648c2dd0a1082a093c3141?s=96&d=mm&r=g\",\"caption\":\"Comunicaci\u00f3 Esplac\"}}]}<\/script>\n<!-- \/ Yoast SEO plugin. -->","yoast_head_json":{"title":"AGE de sectors 2021: pressupostos i noves persones a l'EGS - Esplac","robots":{"index":"index","follow":"follow","max-snippet":"max-snippet:-1","max-image-preview":"max-image-preview:large","max-video-preview":"max-video-preview:-1"},"canonical":"https:\/\/www.esplac.cat\/age-sectors-2021-pressupostos-noves-persones-egs\/","og_locale":"en_US","og_type":"article","og_title":"AGE de sectors 2021: pressupostos i noves persones a l'EGS - Esplac","og_description":"Durant les \u00faltimes setmanes de l&#8217;any han tingut lloc les [&hellip;]","og_url":"https:\/\/www.esplac.cat\/age-sectors-2021-pressupostos-noves-persones-egs\/","og_site_name":"Esplac","article_published_time":"2021-12-23T10:40:02+00:00","article_modified_time":"2021-12-23T10:49:16+00:00","og_image":[{"width":1697,"height":700,"url":"https:\/\/www.esplac.cat\/wp-content\/uploads\/2021\/12\/bcn_age.jpg","type":"image\/jpeg"}],"author":"Comunicaci\u00f3 Esplac","twitter_card":"summary_large_image","twitter_misc":{"Written by":"Comunicaci\u00f3 Esplac","Est. reading time":"2 minutes"},"schema":{"@context":"https:\/\/schema.org","@graph":[{"@type":"Article","@id":"https:\/\/www.esplac.cat\/age-sectors-2021-pressupostos-noves-persones-egs\/#article","isPartOf":{"@id":"https:\/\/www.esplac.cat\/age-sectors-2021-pressupostos-noves-persones-egs\/"},"author":{"name":"Comunicaci\u00f3 Esplac","@id":"https:\/\/www.esplac.cat\/#\/schema\/person\/908383cf240be18b68f8855d0583faca"},"headline":"AGE de sectors 2021: pressupostos i noves persones a l&#8217;EGS","datePublished":"2021-12-23T10:40:02+00:00","dateModified":"2021-12-23T10:49:16+00:00","mainEntityOfPage":{"@id":"https:\/\/www.esplac.cat\/age-sectors-2021-pressupostos-noves-persones-egs\/"},"wordCount":414,"publisher":{"@id":"https:\/\/www.esplac.cat\/#organization"},"image":{"@id":"https:\/\/www.esplac.cat\/age-sectors-2021-pressupostos-noves-persones-egs\/#primaryimage"},"thumbnailUrl":"https:\/\/www.esplac.cat\/wp-content\/uploads\/2021\/12\/bcn_age.jpg","articleSection":["Activitats sectors"],"inLanguage":"en-US"},{"@type":"WebPage","@id":"https:\/\/www.esplac.cat\/age-sectors-2021-pressupostos-noves-persones-egs\/","url":"https:\/\/www.esplac.cat\/age-sectors-2021-pressupostos-noves-persones-egs\/","name":"AGE de sectors 2021: pressupostos i noves persones a l'EGS - Esplac","isPartOf":{"@id":"https:\/\/www.esplac.cat\/#website"},"primaryImageOfPage":{"@id":"https:\/\/www.esplac.cat\/age-sectors-2021-pressupostos-noves-persones-egs\/#primaryimage"},"image":{"@id":"https:\/\/www.esplac.cat\/age-sectors-2021-pressupostos-noves-persones-egs\/#primaryimage"},"thumbnailUrl":"https:\/\/www.esplac.cat\/wp-content\/uploads\/2021\/12\/bcn_age.jpg","datePublished":"2021-12-23T10:40:02+00:00","dateModified":"2021-12-23T10:49:16+00:00","breadcrumb":{"@id":"https:\/\/www.esplac.cat\/age-sectors-2021-pressupostos-noves-persones-egs\/#breadcrumb"},"inLanguage":"en-US","potentialAction":[{"@type":"ReadAction","target":["https:\/\/www.esplac.cat\/age-sectors-2021-pressupostos-noves-persones-egs\/"]}]},{"@type":"ImageObject","inLanguage":"en-US","@id":"https:\/\/www.esplac.cat\/age-sectors-2021-pressupostos-noves-persones-egs\/#primaryimage","url":"https:\/\/www.esplac.cat\/wp-content\/uploads\/2021\/12\/bcn_age.jpg","contentUrl":"https:\/\/www.esplac.cat\/wp-content\/uploads\/2021\/12\/bcn_age.jpg","width":1697,"height":700},{"@type":"BreadcrumbList","@id":"https:\/\/www.esplac.cat\/age-sectors-2021-pressupostos-noves-persones-egs\/#breadcrumb","itemListElement":[{"@type":"ListItem","position":1,"name":"Inici","item":"https:\/\/www.esplac.cat\/en\/"},{"@type":"ListItem","position":2,"name":"AGE de sectors 2021: pressupostos i noves persones a l&#8217;EGS"}]},{"@type":"WebSite","@id":"https:\/\/www.esplac.cat\/#website","url":"https:\/\/www.esplac.cat\/","name":"Esplac","description":"Esplais Catalans","publisher":{"@id":"https:\/\/www.esplac.cat\/#organization"},"potentialAction":[{"@type":"SearchAction","target":{"@type":"EntryPoint","urlTemplate":"https:\/\/www.esplac.cat\/?s={search_term_string}"},"query-input":{"@type":"PropertyValueSpecification","valueRequired":true,"valueName":"search_term_string"}}],"inLanguage":"en-US"},{"@type":"Organization","@id":"https:\/\/www.esplac.cat\/#organization","name":"Esplac","url":"https:\/\/www.esplac.cat\/","logo":{"@type":"ImageObject","inLanguage":"en-US","@id":"https:\/\/www.esplac.cat\/#\/schema\/logo\/image\/","url":"https:\/\/www.esplac.cat\/wp-content\/uploads\/2019\/08\/logox2.png","contentUrl":"https:\/\/www.esplac.cat\/wp-content\/uploads\/2019\/08\/logox2.png","width":600,"height":295,"caption":"Esplac"},"image":{"@id":"https:\/\/www.esplac.cat\/#\/schema\/logo\/image\/"}},{"@type":"Person","@id":"https:\/\/www.esplac.cat\/#\/schema\/person\/908383cf240be18b68f8855d0583faca","name":"Comunicaci\u00f3 Esplac","image":{"@type":"ImageObject","inLanguage":"en-US","@id":"https:\/\/secure.gravatar.com\/avatar\/7a4cf8feb412a76ea4a740ca02d95b06b2907b5a6c648c2dd0a1082a093c3141?s=96&d=mm&r=g","url":"https:\/\/secure.gravatar.com\/avatar\/7a4cf8feb412a76ea4a740ca02d95b06b2907b5a6c648c2dd0a1082a093c3141?s=96&d=mm&r=g","contentUrl":"https:\/\/secure.gravatar.com\/avatar\/7a4cf8feb412a76ea4a740ca02d95b06b2907b5a6c648c2dd0a1082a093c3141?s=96&d=mm&r=g","caption":"Comunicaci\u00f3 Esplac"}}]}},"_links":{"self":[{"href":"https:\/\/www.esplac.cat\/en\/wp-json\/wp\/v2\/posts\/38616","targetHints":{"allow":["GET"]}}],"collection":[{"href":"https:\/\/www.esplac.cat\/en\/wp-json\/wp\/v2\/posts"}],"about":[{"href":"https:\/\/www.esplac.cat\/en\/wp-json\/wp\/v2\/types\/post"}],"author":[{"embeddable":true,"href":"https:\/\/www.esplac.cat\/en\/wp-json\/wp\/v2\/users\/3"}],"replies":[{"embeddable":true,"href":"https:\/\/www.esplac.cat\/en\/wp-json\/wp\/v2\/comments?post=38616"}],"version-history":[{"count":0,"href":"https:\/\/www.esplac.cat\/en\/wp-json\/wp\/v2\/posts\/38616\/revisions"}],"wp:featuredmedia":[{"embeddable":true,"href":"https:\/\/www.esplac.cat\/en\/wp-json\/wp\/v2\/media\/38631"}],"wp:attachment":[{"href":"https:\/\/www.esplac.cat\/en\/wp-json\/wp\/v2\/media?parent=38616"}],"wp:term":[{"taxonomy":"category","embeddable":true,"href":"https:\/\/www.esplac.cat\/en\/wp-json\/wp\/v2\/categories?post=38616"},{"taxonomy":"post_tag","embeddable":true,"href":"https:\/\/www.esplac.cat\/en\/wp-json\/wp\/v2\/tags?post=38616"}],"curies":[{"name":"wp","href":"https:\/\/api.w.org\/{rel}","templated":true}]}}