{"id":38945,"date":"2022-01-25T16:17:42","date_gmt":"2022-01-25T14:17:42","guid":{"rendered":"https:\/\/www.esplac.cat\/?p=38945"},"modified":"2022-01-26T11:31:23","modified_gmt":"2022-01-26T09:31:23","slug":"nou-equip-coordinacio-esplac","status":"publish","type":"post","link":"https:\/\/www.esplac.cat\/en\/nou-equip-coordinacio-esplac\/","title":{"rendered":"Qui hi ha al nou Equip de Coordinaci\u00f3 d&#8217;Esplac?"},"content":{"rendered":"<p style=\"padding-left: 40px;\"><div class=\"fusion-fullwidth fullwidth-box fusion-builder-row-1 nonhundred-percent-fullwidth non-hundred-percent-height-scrolling\" style=\"--awb-border-radius-top-left:0px;--awb-border-radius-top-right:0px;--awb-border-radius-bottom-right:0px;--awb-border-radius-bottom-left:0px;--awb-flex-wrap:wrap;\" ><div class=\"fusion-builder-row fusion-row\"><div class=\"fusion-layout-column fusion_builder_column fusion-builder-column-0 fusion_builder_column_1_1 1_1 fusion-one-full fusion-column-first fusion-column-last\" style=\"--awb-bg-size:cover;--awb-margin-bottom:0px;\"><div class=\"fusion-column-wrapper fusion-flex-column-wrapper-legacy\"><div class=\"fusion-text fusion-text-1\"><h6><strong>Com cada any, a l&#8217;Assemblea General Ordin\u00e0ria, els esplais d&#8217;Esplac van escollir les persones que formaran part de l&#8217;Equip de Coordinaci\u00f3 (Equico) aquest curs 2021\/22. Cada membre es referent d&#8217;un Sector Geogr\u00e0fic i s&#8217;encarrega d&#8217;unes tasques concretes.<\/strong><\/h6>\n<p>L&#8217;Equip de Coordinaci\u00f3 (Equico) d&#8217;aquest curs compta amb un total de 7 persones. La presidenta d&#8217;Esplac \u00e9s la <strong>Carmen Alonso-Villaverde<\/strong>. T\u00e9 28 anys i va ser infant i moni de l&#8217;esplai Sarau (Sant Cugat). La Car, aquest curs \u00e9s referent del Sector Ripoll\u00e8s, Osona i Moian\u00e8s, del Camp de Tarragona, del projecte Pla de Participaci\u00f3, Som Esplai i les \u00e0rees de Comunicaci\u00f3, Inform\u00e0tica i del Grup de Posicionaments.\u00a0 Tamb\u00e9 ser\u00e0 l&#8217;encarregada de la relaci\u00f3 d&#8217;Esplac amb la <span style=\"color: #ff9900;\"><a style=\"color: #ff9900;\" href=\"https:\/\/www.ferrerguardia.org\/es\/\" target=\"_blank\" rel=\"noopener noreferrer\">Fundaci\u00f3 Francesc Ferrer i Gu\u00e0rdia<\/a><\/span>. Ens ha confessat que si fos un personatge de ficci\u00f3 li agradaria ser el <strong>Tuk Tuk<\/strong>, de la peli <em>Raya,<\/em> <span class=\"JsGRdQ\">per poder-se fer una bola en qualsevol moment, transportar-se molt r\u00e0pid i ser-hi sempre que la necessitin!<\/span><\/p>\n<p>Com a vicepresid\u00e8ncia, tenim en <strong>Pau Casanovas<\/strong>. T\u00e9 21 anys i es de l&#8217;esplai l&#8217;Espurna (Sants, Barcelona). Ser\u00e0 el referent del Sector Vall\u00e8s Occidental i Vall\u00e8s Oriental. S&#8217;encarrega tamb\u00e9 de ser referent als nous projectes de Relleu i Locals i Territori. D&#8217;accions ordin\u00e0ries, coordinar\u00e0 la Formaci\u00f3, l&#8217;ASI i l&#8217;<span style=\"color: #ff9900;\"><a style=\"color: #ff9900;\" href=\"https:\/\/www.esplac.cat\/formacions\/escola-desplac\/\" target=\"_blank\" rel=\"noopener noreferrer\">Escola d&#8217;Esplac<\/a><\/span>. Com a relacions externes estar\u00e0 amb l&#8217;<span style=\"color: #ff9900;\"><a style=\"color: #ff9900;\" href=\"https:\/\/escolaelsol.coop\/\" target=\"_blank\" rel=\"noopener noreferrer\">Escola Lliure El Sol<\/a><\/span> i s&#8217;encarrega tamb\u00e9 de la Coco (Comissi\u00f3 de Compliment), la presentaci\u00f3 del conte del 40\u00e8 aniversari d&#8217;Esplac i del Grup de Posicionaments. Ens confessa que el personatge que m\u00e9s el representa \u00e9s <strong>El Professor<\/strong> de <em>La Casa de<\/em> <em>Papel<\/em>, perqu\u00e8 \u00e9s una persona molt organitzada i li agrada sempre tenir-ho tot ben planificat i pensat!<\/p>\n<p>A la vicepresid\u00e8ncia segona tenim l&#8217;<strong>Al\u00edcia Antol\u00edn<\/strong>, t\u00e9 23 anys i \u00e9s de l&#8217;esplai Gatzara (Castellbisbal) i l&#8217;actual referent del Sector Barcelona. Alhora coordina els projectes de L\u00ednies Pedag\u00f2giques i la Comissi\u00f3 GSDD (G\u00e8neres i Sexualitats Diverses i Dissidents)! S&#8217;encarrega tamb\u00e9 de l&#8217;ASI, la relaci\u00f3 amb el <span style=\"color: #ff9900;\"><a style=\"color: #ff9900;\" href=\"https:\/\/www.cnjc.cat\/ca\" target=\"_blank\" rel=\"noopener noreferrer\">CNJC<\/a><\/span> i de la Trobada de s\u00f2cies, la presentaci\u00f3 del conte i \u00e9s la suplent a l&#8217;Equip Gestor de Protocol. Ens diu que se sent identificada amb l<span class=\"JsGRdQ\">&#8216;<strong>Anna<\/strong> de <em>Frozen<\/em> perqu\u00e8 aquest personatge viu intentant cuidar sempre dels seus vincles (tot i que no sempre li surt tot b\u00e9), \u00e9s una mica sapastre i sempre confia en els altres. A m\u00e9s, \u00e9s molt entusiasta, sensible, xerrameca i t\u00e9 moltes ganes canviar el m\u00f3n.<\/span><\/p>\n<p>En <strong>Pau Camero<\/strong>\u00a0\u00e9s el secretari. T\u00e9 22 anys i ve de l&#8217;esplai La Fera (Terrassa). Enguany \u00e9s el referent dels sectors Baix Bes\u00f2s i Maresme i s&#8217;encarrega de l&#8217;\u00e0rea d&#8217;Internacional i del projecte d&#8217;Inclusi\u00f3 i Diversitat. Tamb\u00e9, coordina les relacions amb l&#8217;<span style=\"color: #ff9900;\"><a style=\"color: #ff9900;\" href=\"https:\/\/ifm-sei.org\/\" target=\"_blank\" rel=\"noopener noreferrer\">IFM-SEI<\/a><\/span>, la<span style=\"color: #ff9900;\"><a style=\"color: #ff9900;\" href=\"https:\/\/www.lafede.cat\/ca\/\" target=\"_blank\" rel=\"noopener noreferrer\"> Fede.cat<\/a><\/span> i <span style=\"color: #ff9900;\"><a style=\"color: #ff9900;\" href=\"http:\/\/www.focir.cat\" target=\"_blank\" rel=\"noopener noreferrer\">FOCIR<\/a><\/span>. Ens confessa que s&#8217;identifica amb en <strong>Miguel Rivera<\/strong> de la pel\u00b7l\u00edcula <em>COCO<\/em> perqu\u00e8 \u00e9s un personatge que tot i les retin\u00e8ncies de la seva fam\u00edlia, ell segueix c<span class=\"JsGRdQ\">reient en el que fa, lluita per aconseguir-ho i al final aconsegueix que l&#8217;entenguin i pugui dedicar-se a cantar!<\/span><\/p>\n<p>A la tresoreria tenim en <strong>Pau Mora<\/strong>, de 24 anys i de l&#8217;esplai l&#8217;Espurna de Gr\u00e0cia (Barcelona). \u00c9s el referent dels sectors Baix Llobregat i Girona, del projecte de Relleu i de la Comissi\u00f3 Reduint Petjada. S&#8217;encarrega tamb\u00e9 de la Gesti\u00f3 de Recursos i de la relaci\u00f3 externa amb el <span style=\"color: #ff9900;\"><a style=\"color: #ff9900;\" href=\"https:\/\/www.cnjc.cat\/ca\" target=\"_blank\" rel=\"noopener noreferrer\">CNJC<\/a><\/span>. Com a personatge de ficci\u00f3 diu que li encanta i seria en Sam (samseny) d&#8217; <em>El Senyor Dels Anells<\/em>, persona de <span class=\"JsGRdQ\">confian\u00e7a, cap fred, t\u00e9 els objectius clars i no t\u00e9 por en aventurar-se en missions estranyes.<\/span><\/p>\n<p>Com a vocal tenim l&#8217;<strong>Olga Castells<\/strong>, 26 anys i de l&#8217;esplai G\u00fcitxi-G\u00fcitxi de Tona. L&#8217;Olga \u00e9s la referent dels sectors Bages i Bergued\u00e0, i Pened\u00e8s, Garraf i Anoia. Tamb\u00e9 coordina els projectes d&#8217;Inf\u00e0ncia i Esplaiada i el d\u2019Inclusi\u00f3 i Diversitat. A la vegada, \u00e9s responsabilitza de l&#8217;atenci\u00f3 personalitzada i del conte del 40\u00e8. Tamb\u00e9, del contacte amb la <span style=\"color: #ff9900;\"><a style=\"color: #ff9900;\" href=\"http:\/\/www.tiac.cat\/index.php\/ca\/\" target=\"_blank\" rel=\"noopener noreferrer\">TIAC<\/a><\/span>. Ens ha confessat que li agradaria ser l&#8217;<strong>Arale<\/strong>, intel\u00b7ligent, sempre amb ganes de passar-s&#8217;ho b\u00e9, <span class=\"JsGRdQ\">mirant les coses amb il\u00b7lusi\u00f3 i acabar sempre trobant solucions. A m\u00e9s, l&#8217;Arale t\u00e9 molta for\u00e7a (interna i externa)!<\/span><\/p>\n<p>I, per \u00faltim, a la Secretaria General hi ha la<strong> Clara Bricull\u00e9<\/strong>. Amb 26 anys i de tota la vida de l&#8217;esplai MIV (Vilafranca del Pened\u00e8s). La Clara \u00e9s la referent del projecte Pla de Participaci\u00f3 i de la Comi Reduint Petjada. Entre les seves tasques tamb\u00e9 s&#8217;encarrega de la relaci\u00f3 amb<span style=\"color: #ff9900;\"><a style=\"color: #ff9900;\" href=\"https:\/\/incoop.cat\/\" target=\"_blank\" rel=\"noopener noreferrer\"> Incoop<\/a><\/span> i de la Trobada de s\u00f2cies del 40\u00e8. I li agradaria ser&#8230; la <strong>Rey<\/strong> de La Guerra de les Gal\u00e0xies! Li encantaria poder viatjar per les gal\u00e0xies i ser tan forta i valenta com ella.<\/p>\n<p>A m\u00e9s a m\u00e9s d&#8217;aquest equip tan bo, Esplac tamb\u00e9 comptem amb les figures de <strong>Representants de Comissi\u00f3<\/strong> i amb els <strong>Equips Generals dels Sectors<\/strong>. Les primeres, com el seu nom indica, s\u00f3n portaveus i representants de les opinions preses i les l\u00ednies marcades en cada comissi\u00f3. Els Equips Generals dels sectors estan formats per les persones que coordinen l\u2019acci\u00f3 dels sectors geogr\u00e0fics amb unes funcions semblants a l\u2019Equip de Coordinaci\u00f3, per\u00f2 en l\u2019\u00e0mbit del sector geogr\u00e0fic. Totes elles, igual que l&#8217;Equico, ho fan <strong>de manera volunt\u00e0ria<\/strong>.<\/p>\n<p>Podeu veure quines cares fan totes aquestes persones<span style=\"color: #ff9900;\"><a style=\"color: #ff9900;\" href=\"http:\/\/esplac.cat\/equips\" target=\"_blank\" rel=\"noopener noreferrer\"> a la p\u00e0gina &#8220;Equips&#8221; d&#8217;aquest web<\/a><\/span>. All\u00e0, tamb\u00e9 hi trobareu a la <strong>Secretaria T\u00e8cnica<\/strong>, els i les treballadores que realitzen la feina quotidiana d\u2019Esplais Catalans, contribuint al desenvolupament dels projectes i donant suport als esplais.<\/p>\n<\/div><div class=\"fusion-clearfix\"><\/div><\/div><\/div><\/div><\/div><div class=\"fusion-fullwidth fullwidth-box fusion-builder-row-2 nonhundred-percent-fullwidth non-hundred-percent-height-scrolling\" style=\"--awb-border-radius-top-left:0px;--awb-border-radius-top-right:0px;--awb-border-radius-bottom-right:0px;--awb-border-radius-bottom-left:0px;--awb-flex-wrap:wrap;\" ><div class=\"fusion-builder-row fusion-row\"><div class=\"fusion-layout-column fusion_builder_column fusion-builder-column-1 fusion_builder_column_1_1 1_1 fusion-one-full fusion-column-first fusion-column-last\" style=\"--awb-bg-size:cover;\"><div class=\"fusion-column-wrapper fusion-column-has-shadow fusion-flex-column-wrapper-legacy\">\n<div class=\"fusion-clearfix\"><\/div><\/div><\/div><\/div><\/div><a href=\"https:\/\/www.esplac.cat\/wp-content\/uploads\/2022\/01\/1-2.jpg\"><img decoding=\"async\" class=\"aligncenter wp-image-38973 size-full\" src=\"https:\/\/www.esplac.cat\/wp-content\/uploads\/2022\/01\/1-2.jpg\" alt=\"\" width=\"2000\" height=\"1050\" srcset=\"https:\/\/www.esplac.cat\/wp-content\/uploads\/2022\/01\/1-2-200x105.jpg 200w, https:\/\/www.esplac.cat\/wp-content\/uploads\/2022\/01\/1-2-300x158.jpg 300w, https:\/\/www.esplac.cat\/wp-content\/uploads\/2022\/01\/1-2-400x210.jpg 400w, https:\/\/www.esplac.cat\/wp-content\/uploads\/2022\/01\/1-2-600x315.jpg 600w, https:\/\/www.esplac.cat\/wp-content\/uploads\/2022\/01\/1-2-768x403.jpg 768w, https:\/\/www.esplac.cat\/wp-content\/uploads\/2022\/01\/1-2-800x420.jpg 800w, https:\/\/www.esplac.cat\/wp-content\/uploads\/2022\/01\/1-2-1024x538.jpg 1024w, https:\/\/www.esplac.cat\/wp-content\/uploads\/2022\/01\/1-2-1200x630.jpg 1200w, https:\/\/www.esplac.cat\/wp-content\/uploads\/2022\/01\/1-2-1536x806.jpg 1536w, https:\/\/www.esplac.cat\/wp-content\/uploads\/2022\/01\/1-2.jpg 2000w\" sizes=\"(max-width: 2000px) 100vw, 2000px\" \/><\/a><\/p>\n<p><img decoding=\"async\" class=\"aligncenter wp-image-38987 size-full\" src=\"https:\/\/www.esplac.cat\/wp-content\/uploads\/2022\/01\/EQUICO-21-22-PRESENTACIO-40-x-21-cm.png\" alt=\"EQUICO 21-22 - PRESENTACI\u00d3 (40 x 21 cm)\" width=\"2000\" height=\"1050\" srcset=\"https:\/\/www.esplac.cat\/wp-content\/uploads\/2022\/01\/EQUICO-21-22-PRESENTACIO-40-x-21-cm-200x105.png 200w, https:\/\/www.esplac.cat\/wp-content\/uploads\/2022\/01\/EQUICO-21-22-PRESENTACIO-40-x-21-cm-300x158.png 300w, https:\/\/www.esplac.cat\/wp-content\/uploads\/2022\/01\/EQUICO-21-22-PRESENTACIO-40-x-21-cm-400x210.png 400w, https:\/\/www.esplac.cat\/wp-content\/uploads\/2022\/01\/EQUICO-21-22-PRESENTACIO-40-x-21-cm-600x315.png 600w, https:\/\/www.esplac.cat\/wp-content\/uploads\/2022\/01\/EQUICO-21-22-PRESENTACIO-40-x-21-cm-768x403.png 768w, https:\/\/www.esplac.cat\/wp-content\/uploads\/2022\/01\/EQUICO-21-22-PRESENTACIO-40-x-21-cm-800x420.png 800w, https:\/\/www.esplac.cat\/wp-content\/uploads\/2022\/01\/EQUICO-21-22-PRESENTACIO-40-x-21-cm-1024x538.png 1024w, https:\/\/www.esplac.cat\/wp-content\/uploads\/2022\/01\/EQUICO-21-22-PRESENTACIO-40-x-21-cm-1200x630.png 1200w, https:\/\/www.esplac.cat\/wp-content\/uploads\/2022\/01\/EQUICO-21-22-PRESENTACIO-40-x-21-cm-1536x806.png 1536w, https:\/\/www.esplac.cat\/wp-content\/uploads\/2022\/01\/EQUICO-21-22-PRESENTACIO-40-x-21-cm.png 2000w\" sizes=\"(max-width: 2000px) 100vw, 2000px\" \/><\/p>\n","protected":false},"excerpt":{"rendered":"","protected":false},"author":3,"featured_media":38968,"comment_status":"closed","ping_status":"closed","sticky":false,"template":"","format":"standard","meta":{"om_disable_all_campaigns":false,"_monsterinsights_skip_tracking":false,"_monsterinsights_sitenote_active":false,"_monsterinsights_sitenote_note":"","_monsterinsights_sitenote_category":0,"_uf_show_specific_survey":0,"_uf_disable_surveys":false,"footnotes":""},"categories":[1134,1247],"tags":[],"class_list":["post-38945","post","type-post","status-publish","format-standard","has-post-thumbnail","hentry","category-assemblea-general-ordinaria","category-gran-comite"],"yoast_head":"<!-- This site is optimized with the Yoast SEO plugin v27.4 - https:\/\/yoast.com\/product\/yoast-seo-wordpress\/ -->\n<title>Qui hi ha al nou Equip de Coordinaci\u00f3 d&#039;Esplac? - Esplac<\/title>\n<meta name=\"description\" content=\"Com cada any, a l&#039;Assemblea General Ordin\u00e0ria, els esplais d&#039;Esplac van escollir les persones que formaran part de l&#039;Equip de Coordinaci\u00f3 (Equico) aquest curs 2021\/22. Cada membre es referent d&#039;un Sector Geogr\u00e0fic i s&#039;encarrega d&#039;unes tasques concretes.\" \/>\n<meta name=\"robots\" content=\"index, follow, max-snippet:-1, max-image-preview:large, max-video-preview:-1\" \/>\n<link rel=\"canonical\" href=\"https:\/\/www.esplac.cat\/es\/nou-equip-coordinacio-esplac\/\" \/>\n<meta property=\"og:locale\" content=\"en_US\" \/>\n<meta property=\"og:type\" content=\"article\" \/>\n<meta property=\"og:title\" content=\"Qui \u00e9s qui al nou Equip de Coordinaci\u00f3 d&#039;Esplac?\" \/>\n<meta property=\"og:description\" content=\"Com cada any, a l&#039;Assemblea General Ordin\u00e0ria, els esplais d&#039;Esplac van escollir les persones que formaran part de l&#039;Equip de Coordinaci\u00f3 (Equico) aquest curs 2021\/22. Cada membre es referent d&#039;un Sector Geogr\u00e0fic i s&#039;encarrega d&#039;unes tasques concretes.\" \/>\n<meta property=\"og:url\" content=\"https:\/\/www.esplac.cat\/es\/nou-equip-coordinacio-esplac\/\" \/>\n<meta property=\"og:site_name\" content=\"Esplac\" \/>\n<meta property=\"article:published_time\" content=\"2022-01-25T14:17:42+00:00\" \/>\n<meta property=\"article:modified_time\" content=\"2022-01-26T09:31:23+00:00\" \/>\n<meta property=\"og:image\" content=\"https:\/\/www.esplac.cat\/wp-content\/uploads\/2022\/01\/2-4.jpg\" \/>\n\t<meta property=\"og:image:width\" content=\"1080\" \/>\n\t<meta property=\"og:image:height\" content=\"1080\" \/>\n\t<meta property=\"og:image:type\" content=\"image\/jpeg\" \/>\n<meta name=\"author\" content=\"Comunicaci\u00f3 Esplac\" \/>\n<meta name=\"twitter:card\" content=\"summary_large_image\" \/>\n<meta name=\"twitter:title\" content=\"Qui \u00e9s qui al nou Equip de Coordinaci\u00f3 d&#039;Esplac?\" \/>\n<meta name=\"twitter:description\" content=\"Com cada any, a l&#039;Assemblea General Ordin\u00e0ria, els esplais d&#039;Esplac van escollir les persones que formaran part de l&#039;Equip de Coordinaci\u00f3 (Equico) aquest curs 2021\/22. Cada membre es referent d&#039;un Sector Geogr\u00e0fic i s&#039;encarrega d&#039;unes tasques concretes.\" \/>\n<meta name=\"twitter:image\" content=\"https:\/\/www.esplac.cat\/wp-content\/uploads\/2022\/01\/2-4.jpg\" \/>\n<meta name=\"twitter:label1\" content=\"Written by\" \/>\n\t<meta name=\"twitter:data1\" content=\"Comunicaci\u00f3 Esplac\" \/>\n\t<meta name=\"twitter:label2\" content=\"Est. reading time\" \/>\n\t<meta name=\"twitter:data2\" content=\"7 minutes\" \/>\n<script type=\"application\/ld+json\" class=\"yoast-schema-graph\">{\"@context\":\"https:\\\/\\\/schema.org\",\"@graph\":[{\"@type\":\"Article\",\"@id\":\"https:\\\/\\\/www.esplac.cat\\\/es\\\/nou-equip-coordinacio-esplac\\\/#article\",\"isPartOf\":{\"@id\":\"https:\\\/\\\/www.esplac.cat\\\/es\\\/nou-equip-coordinacio-esplac\\\/\"},\"author\":{\"name\":\"Comunicaci\u00f3 Esplac\",\"@id\":\"https:\\\/\\\/www.esplac.cat\\\/#\\\/schema\\\/person\\\/908383cf240be18b68f8855d0583faca\"},\"headline\":\"Qui hi ha al nou Equip de Coordinaci\u00f3 d&#8217;Esplac?\",\"datePublished\":\"2022-01-25T14:17:42+00:00\",\"dateModified\":\"2022-01-26T09:31:23+00:00\",\"mainEntityOfPage\":{\"@id\":\"https:\\\/\\\/www.esplac.cat\\\/es\\\/nou-equip-coordinacio-esplac\\\/\"},\"wordCount\":1410,\"publisher\":{\"@id\":\"https:\\\/\\\/www.esplac.cat\\\/#organization\"},\"image\":{\"@id\":\"https:\\\/\\\/www.esplac.cat\\\/es\\\/nou-equip-coordinacio-esplac\\\/#primaryimage\"},\"thumbnailUrl\":\"https:\\\/\\\/www.esplac.cat\\\/wp-content\\\/uploads\\\/2022\\\/01\\\/equico_21-22.jpg\",\"articleSection\":[\"Assemblea General Ordin\u00e0ria\",\"Gran Comit\u00e8\"],\"inLanguage\":\"en-US\"},{\"@type\":\"WebPage\",\"@id\":\"https:\\\/\\\/www.esplac.cat\\\/es\\\/nou-equip-coordinacio-esplac\\\/\",\"url\":\"https:\\\/\\\/www.esplac.cat\\\/es\\\/nou-equip-coordinacio-esplac\\\/\",\"name\":\"Qui hi ha al nou Equip de Coordinaci\u00f3 d'Esplac? - Esplac\",\"isPartOf\":{\"@id\":\"https:\\\/\\\/www.esplac.cat\\\/#website\"},\"primaryImageOfPage\":{\"@id\":\"https:\\\/\\\/www.esplac.cat\\\/es\\\/nou-equip-coordinacio-esplac\\\/#primaryimage\"},\"image\":{\"@id\":\"https:\\\/\\\/www.esplac.cat\\\/es\\\/nou-equip-coordinacio-esplac\\\/#primaryimage\"},\"thumbnailUrl\":\"https:\\\/\\\/www.esplac.cat\\\/wp-content\\\/uploads\\\/2022\\\/01\\\/equico_21-22.jpg\",\"datePublished\":\"2022-01-25T14:17:42+00:00\",\"dateModified\":\"2022-01-26T09:31:23+00:00\",\"description\":\"Com cada any, a l'Assemblea General Ordin\u00e0ria, els esplais d'Esplac van escollir les persones que formaran part de l'Equip de Coordinaci\u00f3 (Equico) aquest curs 2021\\\/22. Cada membre es referent d'un Sector Geogr\u00e0fic i s'encarrega d'unes tasques concretes.\",\"breadcrumb\":{\"@id\":\"https:\\\/\\\/www.esplac.cat\\\/es\\\/nou-equip-coordinacio-esplac\\\/#breadcrumb\"},\"inLanguage\":\"en-US\",\"potentialAction\":[{\"@type\":\"ReadAction\",\"target\":[\"https:\\\/\\\/www.esplac.cat\\\/es\\\/nou-equip-coordinacio-esplac\\\/\"]}]},{\"@type\":\"ImageObject\",\"inLanguage\":\"en-US\",\"@id\":\"https:\\\/\\\/www.esplac.cat\\\/es\\\/nou-equip-coordinacio-esplac\\\/#primaryimage\",\"url\":\"https:\\\/\\\/www.esplac.cat\\\/wp-content\\\/uploads\\\/2022\\\/01\\\/equico_21-22.jpg\",\"contentUrl\":\"https:\\\/\\\/www.esplac.cat\\\/wp-content\\\/uploads\\\/2022\\\/01\\\/equico_21-22.jpg\",\"width\":1697,\"height\":700},{\"@type\":\"BreadcrumbList\",\"@id\":\"https:\\\/\\\/www.esplac.cat\\\/es\\\/nou-equip-coordinacio-esplac\\\/#breadcrumb\",\"itemListElement\":[{\"@type\":\"ListItem\",\"position\":1,\"name\":\"Inici\",\"item\":\"https:\\\/\\\/www.esplac.cat\\\/en\\\/\"},{\"@type\":\"ListItem\",\"position\":2,\"name\":\"Qui hi ha al nou Equip de Coordinaci\u00f3 d&#8217;Esplac?\"}]},{\"@type\":\"WebSite\",\"@id\":\"https:\\\/\\\/www.esplac.cat\\\/#website\",\"url\":\"https:\\\/\\\/www.esplac.cat\\\/\",\"name\":\"Esplac\",\"description\":\"Esplais Catalans\",\"publisher\":{\"@id\":\"https:\\\/\\\/www.esplac.cat\\\/#organization\"},\"potentialAction\":[{\"@type\":\"SearchAction\",\"target\":{\"@type\":\"EntryPoint\",\"urlTemplate\":\"https:\\\/\\\/www.esplac.cat\\\/?s={search_term_string}\"},\"query-input\":{\"@type\":\"PropertyValueSpecification\",\"valueRequired\":true,\"valueName\":\"search_term_string\"}}],\"inLanguage\":\"en-US\"},{\"@type\":\"Organization\",\"@id\":\"https:\\\/\\\/www.esplac.cat\\\/#organization\",\"name\":\"Esplac\",\"url\":\"https:\\\/\\\/www.esplac.cat\\\/\",\"logo\":{\"@type\":\"ImageObject\",\"inLanguage\":\"en-US\",\"@id\":\"https:\\\/\\\/www.esplac.cat\\\/#\\\/schema\\\/logo\\\/image\\\/\",\"url\":\"https:\\\/\\\/www.esplac.cat\\\/wp-content\\\/uploads\\\/2019\\\/08\\\/logox2.png\",\"contentUrl\":\"https:\\\/\\\/www.esplac.cat\\\/wp-content\\\/uploads\\\/2019\\\/08\\\/logox2.png\",\"width\":600,\"height\":295,\"caption\":\"Esplac\"},\"image\":{\"@id\":\"https:\\\/\\\/www.esplac.cat\\\/#\\\/schema\\\/logo\\\/image\\\/\"}},{\"@type\":\"Person\",\"@id\":\"https:\\\/\\\/www.esplac.cat\\\/#\\\/schema\\\/person\\\/908383cf240be18b68f8855d0583faca\",\"name\":\"Comunicaci\u00f3 Esplac\",\"image\":{\"@type\":\"ImageObject\",\"inLanguage\":\"en-US\",\"@id\":\"https:\\\/\\\/secure.gravatar.com\\\/avatar\\\/7a4cf8feb412a76ea4a740ca02d95b06b2907b5a6c648c2dd0a1082a093c3141?s=96&d=mm&r=g\",\"url\":\"https:\\\/\\\/secure.gravatar.com\\\/avatar\\\/7a4cf8feb412a76ea4a740ca02d95b06b2907b5a6c648c2dd0a1082a093c3141?s=96&d=mm&r=g\",\"contentUrl\":\"https:\\\/\\\/secure.gravatar.com\\\/avatar\\\/7a4cf8feb412a76ea4a740ca02d95b06b2907b5a6c648c2dd0a1082a093c3141?s=96&d=mm&r=g\",\"caption\":\"Comunicaci\u00f3 Esplac\"}}]}<\/script>\n<!-- \/ Yoast SEO plugin. -->","yoast_head_json":{"title":"Qui hi ha al nou Equip de Coordinaci\u00f3 d'Esplac? - Esplac","description":"Com cada any, a l'Assemblea General Ordin\u00e0ria, els esplais d'Esplac van escollir les persones que formaran part de l'Equip de Coordinaci\u00f3 (Equico) aquest curs 2021\/22. Cada membre es referent d'un Sector Geogr\u00e0fic i s'encarrega d'unes tasques concretes.","robots":{"index":"index","follow":"follow","max-snippet":"max-snippet:-1","max-image-preview":"max-image-preview:large","max-video-preview":"max-video-preview:-1"},"canonical":"https:\/\/www.esplac.cat\/es\/nou-equip-coordinacio-esplac\/","og_locale":"en_US","og_type":"article","og_title":"Qui \u00e9s qui al nou Equip de Coordinaci\u00f3 d'Esplac?","og_description":"Com cada any, a l'Assemblea General Ordin\u00e0ria, els esplais d'Esplac van escollir les persones que formaran part de l'Equip de Coordinaci\u00f3 (Equico) aquest curs 2021\/22. Cada membre es referent d'un Sector Geogr\u00e0fic i s'encarrega d'unes tasques concretes.","og_url":"https:\/\/www.esplac.cat\/es\/nou-equip-coordinacio-esplac\/","og_site_name":"Esplac","article_published_time":"2022-01-25T14:17:42+00:00","article_modified_time":"2022-01-26T09:31:23+00:00","og_image":[{"width":1080,"height":1080,"url":"https:\/\/www.esplac.cat\/wp-content\/uploads\/2022\/01\/2-4.jpg","type":"image\/jpeg"}],"author":"Comunicaci\u00f3 Esplac","twitter_card":"summary_large_image","twitter_title":"Qui \u00e9s qui al nou Equip de Coordinaci\u00f3 d'Esplac?","twitter_description":"Com cada any, a l'Assemblea General Ordin\u00e0ria, els esplais d'Esplac van escollir les persones que formaran part de l'Equip de Coordinaci\u00f3 (Equico) aquest curs 2021\/22. Cada membre es referent d'un Sector Geogr\u00e0fic i s'encarrega d'unes tasques concretes.","twitter_image":"https:\/\/www.esplac.cat\/wp-content\/uploads\/2022\/01\/2-4.jpg","twitter_misc":{"Written by":"Comunicaci\u00f3 Esplac","Est. reading time":"7 minutes"},"schema":{"@context":"https:\/\/schema.org","@graph":[{"@type":"Article","@id":"https:\/\/www.esplac.cat\/es\/nou-equip-coordinacio-esplac\/#article","isPartOf":{"@id":"https:\/\/www.esplac.cat\/es\/nou-equip-coordinacio-esplac\/"},"author":{"name":"Comunicaci\u00f3 Esplac","@id":"https:\/\/www.esplac.cat\/#\/schema\/person\/908383cf240be18b68f8855d0583faca"},"headline":"Qui hi ha al nou Equip de Coordinaci\u00f3 d&#8217;Esplac?","datePublished":"2022-01-25T14:17:42+00:00","dateModified":"2022-01-26T09:31:23+00:00","mainEntityOfPage":{"@id":"https:\/\/www.esplac.cat\/es\/nou-equip-coordinacio-esplac\/"},"wordCount":1410,"publisher":{"@id":"https:\/\/www.esplac.cat\/#organization"},"image":{"@id":"https:\/\/www.esplac.cat\/es\/nou-equip-coordinacio-esplac\/#primaryimage"},"thumbnailUrl":"https:\/\/www.esplac.cat\/wp-content\/uploads\/2022\/01\/equico_21-22.jpg","articleSection":["Assemblea General Ordin\u00e0ria","Gran Comit\u00e8"],"inLanguage":"en-US"},{"@type":"WebPage","@id":"https:\/\/www.esplac.cat\/es\/nou-equip-coordinacio-esplac\/","url":"https:\/\/www.esplac.cat\/es\/nou-equip-coordinacio-esplac\/","name":"Qui hi ha al nou Equip de Coordinaci\u00f3 d'Esplac? - Esplac","isPartOf":{"@id":"https:\/\/www.esplac.cat\/#website"},"primaryImageOfPage":{"@id":"https:\/\/www.esplac.cat\/es\/nou-equip-coordinacio-esplac\/#primaryimage"},"image":{"@id":"https:\/\/www.esplac.cat\/es\/nou-equip-coordinacio-esplac\/#primaryimage"},"thumbnailUrl":"https:\/\/www.esplac.cat\/wp-content\/uploads\/2022\/01\/equico_21-22.jpg","datePublished":"2022-01-25T14:17:42+00:00","dateModified":"2022-01-26T09:31:23+00:00","description":"Com cada any, a l'Assemblea General Ordin\u00e0ria, els esplais d'Esplac van escollir les persones que formaran part de l'Equip de Coordinaci\u00f3 (Equico) aquest curs 2021\/22. Cada membre es referent d'un Sector Geogr\u00e0fic i s'encarrega d'unes tasques concretes.","breadcrumb":{"@id":"https:\/\/www.esplac.cat\/es\/nou-equip-coordinacio-esplac\/#breadcrumb"},"inLanguage":"en-US","potentialAction":[{"@type":"ReadAction","target":["https:\/\/www.esplac.cat\/es\/nou-equip-coordinacio-esplac\/"]}]},{"@type":"ImageObject","inLanguage":"en-US","@id":"https:\/\/www.esplac.cat\/es\/nou-equip-coordinacio-esplac\/#primaryimage","url":"https:\/\/www.esplac.cat\/wp-content\/uploads\/2022\/01\/equico_21-22.jpg","contentUrl":"https:\/\/www.esplac.cat\/wp-content\/uploads\/2022\/01\/equico_21-22.jpg","width":1697,"height":700},{"@type":"BreadcrumbList","@id":"https:\/\/www.esplac.cat\/es\/nou-equip-coordinacio-esplac\/#breadcrumb","itemListElement":[{"@type":"ListItem","position":1,"name":"Inici","item":"https:\/\/www.esplac.cat\/en\/"},{"@type":"ListItem","position":2,"name":"Qui hi ha al nou Equip de Coordinaci\u00f3 d&#8217;Esplac?"}]},{"@type":"WebSite","@id":"https:\/\/www.esplac.cat\/#website","url":"https:\/\/www.esplac.cat\/","name":"Esplac","description":"Esplais Catalans","publisher":{"@id":"https:\/\/www.esplac.cat\/#organization"},"potentialAction":[{"@type":"SearchAction","target":{"@type":"EntryPoint","urlTemplate":"https:\/\/www.esplac.cat\/?s={search_term_string}"},"query-input":{"@type":"PropertyValueSpecification","valueRequired":true,"valueName":"search_term_string"}}],"inLanguage":"en-US"},{"@type":"Organization","@id":"https:\/\/www.esplac.cat\/#organization","name":"Esplac","url":"https:\/\/www.esplac.cat\/","logo":{"@type":"ImageObject","inLanguage":"en-US","@id":"https:\/\/www.esplac.cat\/#\/schema\/logo\/image\/","url":"https:\/\/www.esplac.cat\/wp-content\/uploads\/2019\/08\/logox2.png","contentUrl":"https:\/\/www.esplac.cat\/wp-content\/uploads\/2019\/08\/logox2.png","width":600,"height":295,"caption":"Esplac"},"image":{"@id":"https:\/\/www.esplac.cat\/#\/schema\/logo\/image\/"}},{"@type":"Person","@id":"https:\/\/www.esplac.cat\/#\/schema\/person\/908383cf240be18b68f8855d0583faca","name":"Comunicaci\u00f3 Esplac","image":{"@type":"ImageObject","inLanguage":"en-US","@id":"https:\/\/secure.gravatar.com\/avatar\/7a4cf8feb412a76ea4a740ca02d95b06b2907b5a6c648c2dd0a1082a093c3141?s=96&d=mm&r=g","url":"https:\/\/secure.gravatar.com\/avatar\/7a4cf8feb412a76ea4a740ca02d95b06b2907b5a6c648c2dd0a1082a093c3141?s=96&d=mm&r=g","contentUrl":"https:\/\/secure.gravatar.com\/avatar\/7a4cf8feb412a76ea4a740ca02d95b06b2907b5a6c648c2dd0a1082a093c3141?s=96&d=mm&r=g","caption":"Comunicaci\u00f3 Esplac"}}]}},"_links":{"self":[{"href":"https:\/\/www.esplac.cat\/en\/wp-json\/wp\/v2\/posts\/38945","targetHints":{"allow":["GET"]}}],"collection":[{"href":"https:\/\/www.esplac.cat\/en\/wp-json\/wp\/v2\/posts"}],"about":[{"href":"https:\/\/www.esplac.cat\/en\/wp-json\/wp\/v2\/types\/post"}],"author":[{"embeddable":true,"href":"https:\/\/www.esplac.cat\/en\/wp-json\/wp\/v2\/users\/3"}],"replies":[{"embeddable":true,"href":"https:\/\/www.esplac.cat\/en\/wp-json\/wp\/v2\/comments?post=38945"}],"version-history":[{"count":0,"href":"https:\/\/www.esplac.cat\/en\/wp-json\/wp\/v2\/posts\/38945\/revisions"}],"wp:featuredmedia":[{"embeddable":true,"href":"https:\/\/www.esplac.cat\/en\/wp-json\/wp\/v2\/media\/38968"}],"wp:attachment":[{"href":"https:\/\/www.esplac.cat\/en\/wp-json\/wp\/v2\/media?parent=38945"}],"wp:term":[{"taxonomy":"category","embeddable":true,"href":"https:\/\/www.esplac.cat\/en\/wp-json\/wp\/v2\/categories?post=38945"},{"taxonomy":"post_tag","embeddable":true,"href":"https:\/\/www.esplac.cat\/en\/wp-json\/wp\/v2\/tags?post=38945"}],"curies":[{"name":"wp","href":"https:\/\/api.w.org\/{rel}","templated":true}]}}