{"id":39055,"date":"2022-02-01T15:04:02","date_gmt":"2022-02-01T13:04:02","guid":{"rendered":"https:\/\/www.esplac.cat\/?p=39055"},"modified":"2022-02-01T15:04:23","modified_gmt":"2022-02-01T13:04:23","slug":"inscripcions-iii-jornades-dissidents","status":"publish","type":"post","link":"https:\/\/www.esplac.cat\/en\/inscripcions-iii-jornades-dissidents\/","title":{"rendered":"Ja estan obertes les inscripcions per les III Jornades Dissidents"},"content":{"rendered":"<h6><span style=\"color: #000000;\"><strong>Diumenge 20 de febrer se celebrar\u00e0 la tercera edici\u00f3 de les Jornades Dissidents al Casal de Joves de Les Corts (Barcelona) sobre la tem\u00e0tica &#8220;Corporalitats: Habitar els cossos des de la resist\u00e8ncia&#8221;<\/strong><\/span><\/h6>\n<p><span style=\"font-weight: 400;\"><span style=\"color: #000000;\">Despr\u00e9s de tres anys, les<\/span> <span style=\"color: #f69d0b;\"><a style=\"color: #f69d0b;\" href=\"https:\/\/www.esplac.cat\/events\/jornades-dissidents-2022\/\">Jornades Dissidents<\/a><\/span> <span style=\"color: #000000;\">ja \u00e9s una activitat consolidada dins d\u2019Esplac. Aquestes jornades estan organitzades per la <\/span><\/span><span style=\"color: #f69d0b;\"><a style=\"color: #f69d0b;\" href=\"https:\/\/www.esplac.cat\/comissions\/generes-sexualitats-diverses-dissidents\/\"><span style=\"font-weight: 400;\">Comissi\u00f3 de G\u00e8neres i Sexualitats Diverses i Dissidents<\/span><\/a>\u00a0<span style=\"color: #000000;\">i es defineixen com\u00a0un espai de formaci\u00f3 per les monitores i monitors de l\u2019associaci\u00f3 per reflexionar al voltant de temes relacionats amb g\u00e8neres i sexualitats.<\/span><\/span><span style=\"font-weight: 400;\"><span style=\"color: #000000;\">\u00a0La primera edici\u00f3 es va basar en la<\/span>\u00a0<\/span><span style=\"color: #f69d0b;\"><a style=\"color: #f69d0b;\" href=\"https:\/\/www.esplac.cat\/retorn-jornades-dissidents\/\"><span style=\"font-weight: 400;\">tem\u00e0tica trans<\/span><\/a><\/span><span style=\"font-weight: 400;\"><span style=\"color: #000000;\"> i la segona en el<\/span>\u00a0<\/span><span style=\"color: #f69d0b;\"><a style=\"color: #f69d0b;\" href=\"https:\/\/www.esplac.cat\/mirades-realitats-diverses-desig-sexual-jornades-dissidents\/\"><span style=\"font-weight: 400;\">desig sexual<\/span><\/a>. <\/span><\/p>\n<p><span style=\"color: #000000;\">E<span style=\"font-weight: 400;\">nguany, les <strong>III Jornades Dissidents<\/strong> abordaran els\u00a0diferents eixos de resist\u00e8ncia-opressi\u00f3 que ens travessen.\u00a0<\/span><\/span><\/p>\n<p><span style=\"font-weight: 400; color: #000000;\">Com cada any, la Comissi\u00f3 GSDD iniciar\u00e0 les Jornades amb una <strong>pon\u00e8ncia introduct\u00f2ria<\/strong> i la <strong>lectura d&#8217;un manifest<\/strong>. A continuaci\u00f3 hi haur\u00e0 l&#8217;opci\u00f3 d&#8217;assistir al <strong>tres tallers<\/strong>:<\/span><\/p>\n<ul>\n<li style=\"font-weight: 400;\" aria-level=\"1\"><span style=\"font-weight: 400;\"><span style=\"color: #000000;\"><em>Entendiendo la discriminaci\u00f3n y exclusi\u00f3n de los cuerpos racializados<\/em> a c\u00e0rrec de<\/span>\u00a0<\/span><span style=\"color: #f69d0b;\"><a style=\"color: #f69d0b;\" href=\"https:\/\/www.instagram.com\/lizette_nin_\/\"><span style=\"font-weight: 400;\">Lizette Nin<\/span><\/a><\/span><\/li>\n<li style=\"font-weight: 400;\" aria-level=\"1\"><span style=\"font-weight: 400; color: #000000;\"><em>S\u00f3c gorda i qu\u00e8?<\/em> a c\u00e0rrec d\u2019<\/span><span style=\"color: #f69d0b;\"><a style=\"color: #f69d0b;\" href=\"https:\/\/www.instagram.com\/artemapache\/\"><span style=\"font-weight: 400;\">Arte Mapache<\/span><\/a><\/span><\/li>\n<li style=\"font-weight: 400;\" aria-level=\"1\"><span style=\"font-weight: 400; color: #000000;\"><em>Herramientas anti-transfobia<\/em> a c\u00e0rrec d\u2019<\/span><span style=\"color: #f69d0b;\"><a style=\"color: #f69d0b;\" href=\"https:\/\/www.instagram.com\/empatravas\/\"><span style=\"font-weight: 400;\">Empatravas\u00a0<\/span><\/a><\/span><\/li>\n<\/ul>\n<p><span style=\"font-weight: 400; color: #000000;\">A l\u2019hora del caf\u00e8 es far\u00e0 l\u2019aterratge d\u2019idees, on es compartiran els diferents aprenentatges del mat\u00ed i es pensaran recursos, eines i idees per treballar-los amb els infants i joves. Despr\u00e9s es preveuen espais de <strong>tallers autogestionats<\/strong>, dinamitzats per la pr\u00f2pia comissi\u00f3, com un cinef\u00f2rum. Durant aquests dies s&#8217;anir\u00e0 ampliant la informaci\u00f3. Finalment, es tancaran les Jornades amb un <strong>&#8220;micro obert&#8221;<\/strong>.\u00a0<\/span><\/p>\n<p><span style=\"color: #000000;\"><span style=\"font-weight: 400;\">Les III Jornades Dissidents tindran lloc al <\/span><b>Casal de Joves de Les Corts <\/b><span style=\"font-weight: 400;\">(C\/ Dolors Masferrer 33-35, Barcelona). Comen\u00e7aran a les 9:00h del mat\u00ed i finalitzaran a les 18:30h de la tarda. L\u2019activitat t\u00e9 un cost de 5\u20ac per participant. En cas d&#8217;estar-hi inscrita per\u00f2 no poder participar-hi, es retornaran els diners si s&#8217;avisa abans del 15 de febrer. Per motius excepcionals i\/o Covid-19 tamb\u00e9 es retornaran si s&#8217;avisa com a tard el 18 de febrer.\u00a0<\/span><\/span><span style=\"font-weight: 400; color: #000000;\">Des de l\u2019organitzaci\u00f3 s\u2019oferir\u00e0 esmorzar i el dinar ser\u00e0 a c\u00e0rrec de cadasc\u00fa.\u00a0<\/span><\/p>\n<p><span style=\"color: #000000;\"><span style=\"font-weight: 400;\">Aquesta activitat \u00e9s per a monis i s\u00f2cies d\u2019Esplac, podeu inscriure\u2019us a trav\u00e9s de l\u2019Era de <\/span><b>l\u20191 de febrer a l\u201911 de febrer<\/b><span style=\"font-weight: 400;\">, i recorda que pots fer-te s\u00f2cia d\u2019Esplais Catalans en qualsevol moment.\u00a0<\/span><\/span><\/p>\n<p><span style=\"color: #000000;\"><span style=\"font-weight: 400;\">Per qualsevol dubte podeu contactar a <\/span><span style=\"color: #f69d0b;\"><span style=\"font-weight: 400;\">generesisexualitats@esplac.cat<\/span><\/span><\/span><span style=\"font-weight: 400;\"><span style=\"color: #000000;\"> i estigueu pendents de la nova<\/span> <\/span><a href=\"https:\/\/www.esplac.cat\/formacions\/jornades-dissidents\/\"><span style=\"font-weight: 400;\"><span style=\"color: #f69d0b;\">p\u00e0gina web de les Jornades Dissidents<\/span><\/span><\/a><span style=\"font-weight: 400;\">.<\/span><\/p>\n","protected":false},"excerpt":{"rendered":"<p>Diumenge 20 de febrer se celebrar\u00e0 la tercera edici\u00f3 de [&hellip;]<\/p>\n","protected":false},"author":3,"featured_media":39048,"comment_status":"closed","ping_status":"closed","sticky":false,"template":"","format":"standard","meta":{"om_disable_all_campaigns":false,"_monsterinsights_skip_tracking":false,"_monsterinsights_sitenote_active":false,"_monsterinsights_sitenote_note":"","_monsterinsights_sitenote_category":0,"_uf_show_specific_survey":0,"_uf_disable_surveys":false,"footnotes":""},"categories":[1111,1160],"tags":[],"class_list":["post-39055","post","type-post","status-publish","format-standard","has-post-thumbnail","hentry","category-activitats-esplac","category-comissio-gsdd"],"yoast_head":"<!-- This site is optimized with the Yoast SEO plugin v27.5 - https:\/\/yoast.com\/product\/yoast-seo-wordpress\/ -->\n<title>Ja estan obertes les inscripcions per les III Jornades Dissidents - Esplac<\/title>\n<meta name=\"robots\" content=\"index, follow, max-snippet:-1, max-image-preview:large, max-video-preview:-1\" \/>\n<link rel=\"canonical\" href=\"https:\/\/www.esplac.cat\/inscripcions-iii-jornades-dissidents\/\" \/>\n<meta property=\"og:locale\" content=\"en_US\" \/>\n<meta property=\"og:type\" content=\"article\" \/>\n<meta property=\"og:title\" content=\"Ja estan obertes les inscripcions per les III Jornades Dissidents - Esplac\" \/>\n<meta property=\"og:description\" content=\"Diumenge 20 de febrer se celebrar\u00e0 la tercera edici\u00f3 de [&hellip;]\" \/>\n<meta property=\"og:url\" content=\"https:\/\/www.esplac.cat\/inscripcions-iii-jornades-dissidents\/\" \/>\n<meta property=\"og:site_name\" content=\"Esplac\" \/>\n<meta property=\"article:published_time\" content=\"2022-02-01T13:04:02+00:00\" \/>\n<meta property=\"article:modified_time\" content=\"2022-02-01T13:04:23+00:00\" \/>\n<meta property=\"og:image\" content=\"https:\/\/www.esplac.cat\/wp-content\/uploads\/2022\/02\/Portades-Web-3.jpg\" \/>\n\t<meta property=\"og:image:width\" content=\"1697\" \/>\n\t<meta property=\"og:image:height\" content=\"700\" \/>\n\t<meta property=\"og:image:type\" content=\"image\/jpeg\" \/>\n<meta name=\"author\" content=\"Comunicaci\u00f3 Esplac\" \/>\n<meta name=\"twitter:card\" content=\"summary_large_image\" \/>\n<meta name=\"twitter:label1\" content=\"Written by\" \/>\n\t<meta name=\"twitter:data1\" content=\"Comunicaci\u00f3 Esplac\" \/>\n\t<meta name=\"twitter:label2\" content=\"Est. reading time\" \/>\n\t<meta name=\"twitter:data2\" content=\"2 minutes\" \/>\n<script type=\"application\/ld+json\" class=\"yoast-schema-graph\">{\"@context\":\"https:\\\/\\\/schema.org\",\"@graph\":[{\"@type\":\"Article\",\"@id\":\"https:\\\/\\\/www.esplac.cat\\\/inscripcions-iii-jornades-dissidents\\\/#article\",\"isPartOf\":{\"@id\":\"https:\\\/\\\/www.esplac.cat\\\/inscripcions-iii-jornades-dissidents\\\/\"},\"author\":{\"name\":\"Comunicaci\u00f3 Esplac\",\"@id\":\"https:\\\/\\\/www.esplac.cat\\\/#\\\/schema\\\/person\\\/908383cf240be18b68f8855d0583faca\"},\"headline\":\"Ja estan obertes les inscripcions per les III Jornades Dissidents\",\"datePublished\":\"2022-02-01T13:04:02+00:00\",\"dateModified\":\"2022-02-01T13:04:23+00:00\",\"mainEntityOfPage\":{\"@id\":\"https:\\\/\\\/www.esplac.cat\\\/inscripcions-iii-jornades-dissidents\\\/\"},\"wordCount\":428,\"publisher\":{\"@id\":\"https:\\\/\\\/www.esplac.cat\\\/#organization\"},\"image\":{\"@id\":\"https:\\\/\\\/www.esplac.cat\\\/inscripcions-iii-jornades-dissidents\\\/#primaryimage\"},\"thumbnailUrl\":\"https:\\\/\\\/www.esplac.cat\\\/wp-content\\\/uploads\\\/2022\\\/02\\\/Portades-Web-3.jpg\",\"articleSection\":[\"Activitats esplac\",\"Comissi\u00f3 GSDD\"],\"inLanguage\":\"en-US\"},{\"@type\":\"WebPage\",\"@id\":\"https:\\\/\\\/www.esplac.cat\\\/inscripcions-iii-jornades-dissidents\\\/\",\"url\":\"https:\\\/\\\/www.esplac.cat\\\/inscripcions-iii-jornades-dissidents\\\/\",\"name\":\"Ja estan obertes les inscripcions per les III Jornades Dissidents - Esplac\",\"isPartOf\":{\"@id\":\"https:\\\/\\\/www.esplac.cat\\\/#website\"},\"primaryImageOfPage\":{\"@id\":\"https:\\\/\\\/www.esplac.cat\\\/inscripcions-iii-jornades-dissidents\\\/#primaryimage\"},\"image\":{\"@id\":\"https:\\\/\\\/www.esplac.cat\\\/inscripcions-iii-jornades-dissidents\\\/#primaryimage\"},\"thumbnailUrl\":\"https:\\\/\\\/www.esplac.cat\\\/wp-content\\\/uploads\\\/2022\\\/02\\\/Portades-Web-3.jpg\",\"datePublished\":\"2022-02-01T13:04:02+00:00\",\"dateModified\":\"2022-02-01T13:04:23+00:00\",\"breadcrumb\":{\"@id\":\"https:\\\/\\\/www.esplac.cat\\\/inscripcions-iii-jornades-dissidents\\\/#breadcrumb\"},\"inLanguage\":\"en-US\",\"potentialAction\":[{\"@type\":\"ReadAction\",\"target\":[\"https:\\\/\\\/www.esplac.cat\\\/inscripcions-iii-jornades-dissidents\\\/\"]}]},{\"@type\":\"ImageObject\",\"inLanguage\":\"en-US\",\"@id\":\"https:\\\/\\\/www.esplac.cat\\\/inscripcions-iii-jornades-dissidents\\\/#primaryimage\",\"url\":\"https:\\\/\\\/www.esplac.cat\\\/wp-content\\\/uploads\\\/2022\\\/02\\\/Portades-Web-3.jpg\",\"contentUrl\":\"https:\\\/\\\/www.esplac.cat\\\/wp-content\\\/uploads\\\/2022\\\/02\\\/Portades-Web-3.jpg\",\"width\":1697,\"height\":700,\"caption\":\"Banner Dissidents III\"},{\"@type\":\"BreadcrumbList\",\"@id\":\"https:\\\/\\\/www.esplac.cat\\\/inscripcions-iii-jornades-dissidents\\\/#breadcrumb\",\"itemListElement\":[{\"@type\":\"ListItem\",\"position\":1,\"name\":\"Inici\",\"item\":\"https:\\\/\\\/www.esplac.cat\\\/en\\\/\"},{\"@type\":\"ListItem\",\"position\":2,\"name\":\"Ja estan obertes les inscripcions per les III Jornades Dissidents\"}]},{\"@type\":\"WebSite\",\"@id\":\"https:\\\/\\\/www.esplac.cat\\\/#website\",\"url\":\"https:\\\/\\\/www.esplac.cat\\\/\",\"name\":\"Esplac\",\"description\":\"Esplais Catalans\",\"publisher\":{\"@id\":\"https:\\\/\\\/www.esplac.cat\\\/#organization\"},\"potentialAction\":[{\"@type\":\"SearchAction\",\"target\":{\"@type\":\"EntryPoint\",\"urlTemplate\":\"https:\\\/\\\/www.esplac.cat\\\/?s={search_term_string}\"},\"query-input\":{\"@type\":\"PropertyValueSpecification\",\"valueRequired\":true,\"valueName\":\"search_term_string\"}}],\"inLanguage\":\"en-US\"},{\"@type\":\"Organization\",\"@id\":\"https:\\\/\\\/www.esplac.cat\\\/#organization\",\"name\":\"Esplac\",\"url\":\"https:\\\/\\\/www.esplac.cat\\\/\",\"logo\":{\"@type\":\"ImageObject\",\"inLanguage\":\"en-US\",\"@id\":\"https:\\\/\\\/www.esplac.cat\\\/#\\\/schema\\\/logo\\\/image\\\/\",\"url\":\"https:\\\/\\\/www.esplac.cat\\\/wp-content\\\/uploads\\\/2019\\\/08\\\/logox2.png\",\"contentUrl\":\"https:\\\/\\\/www.esplac.cat\\\/wp-content\\\/uploads\\\/2019\\\/08\\\/logox2.png\",\"width\":600,\"height\":295,\"caption\":\"Esplac\"},\"image\":{\"@id\":\"https:\\\/\\\/www.esplac.cat\\\/#\\\/schema\\\/logo\\\/image\\\/\"}},{\"@type\":\"Person\",\"@id\":\"https:\\\/\\\/www.esplac.cat\\\/#\\\/schema\\\/person\\\/908383cf240be18b68f8855d0583faca\",\"name\":\"Comunicaci\u00f3 Esplac\",\"image\":{\"@type\":\"ImageObject\",\"inLanguage\":\"en-US\",\"@id\":\"https:\\\/\\\/secure.gravatar.com\\\/avatar\\\/7a4cf8feb412a76ea4a740ca02d95b06b2907b5a6c648c2dd0a1082a093c3141?s=96&d=mm&r=g\",\"url\":\"https:\\\/\\\/secure.gravatar.com\\\/avatar\\\/7a4cf8feb412a76ea4a740ca02d95b06b2907b5a6c648c2dd0a1082a093c3141?s=96&d=mm&r=g\",\"contentUrl\":\"https:\\\/\\\/secure.gravatar.com\\\/avatar\\\/7a4cf8feb412a76ea4a740ca02d95b06b2907b5a6c648c2dd0a1082a093c3141?s=96&d=mm&r=g\",\"caption\":\"Comunicaci\u00f3 Esplac\"}}]}<\/script>\n<!-- \/ Yoast SEO plugin. -->","yoast_head_json":{"title":"Ja estan obertes les inscripcions per les III Jornades Dissidents - Esplac","robots":{"index":"index","follow":"follow","max-snippet":"max-snippet:-1","max-image-preview":"max-image-preview:large","max-video-preview":"max-video-preview:-1"},"canonical":"https:\/\/www.esplac.cat\/inscripcions-iii-jornades-dissidents\/","og_locale":"en_US","og_type":"article","og_title":"Ja estan obertes les inscripcions per les III Jornades Dissidents - Esplac","og_description":"Diumenge 20 de febrer se celebrar\u00e0 la tercera edici\u00f3 de [&hellip;]","og_url":"https:\/\/www.esplac.cat\/inscripcions-iii-jornades-dissidents\/","og_site_name":"Esplac","article_published_time":"2022-02-01T13:04:02+00:00","article_modified_time":"2022-02-01T13:04:23+00:00","og_image":[{"width":1697,"height":700,"url":"https:\/\/www.esplac.cat\/wp-content\/uploads\/2022\/02\/Portades-Web-3.jpg","type":"image\/jpeg"}],"author":"Comunicaci\u00f3 Esplac","twitter_card":"summary_large_image","twitter_misc":{"Written by":"Comunicaci\u00f3 Esplac","Est. reading time":"2 minutes"},"schema":{"@context":"https:\/\/schema.org","@graph":[{"@type":"Article","@id":"https:\/\/www.esplac.cat\/inscripcions-iii-jornades-dissidents\/#article","isPartOf":{"@id":"https:\/\/www.esplac.cat\/inscripcions-iii-jornades-dissidents\/"},"author":{"name":"Comunicaci\u00f3 Esplac","@id":"https:\/\/www.esplac.cat\/#\/schema\/person\/908383cf240be18b68f8855d0583faca"},"headline":"Ja estan obertes les inscripcions per les III Jornades Dissidents","datePublished":"2022-02-01T13:04:02+00:00","dateModified":"2022-02-01T13:04:23+00:00","mainEntityOfPage":{"@id":"https:\/\/www.esplac.cat\/inscripcions-iii-jornades-dissidents\/"},"wordCount":428,"publisher":{"@id":"https:\/\/www.esplac.cat\/#organization"},"image":{"@id":"https:\/\/www.esplac.cat\/inscripcions-iii-jornades-dissidents\/#primaryimage"},"thumbnailUrl":"https:\/\/www.esplac.cat\/wp-content\/uploads\/2022\/02\/Portades-Web-3.jpg","articleSection":["Activitats esplac","Comissi\u00f3 GSDD"],"inLanguage":"en-US"},{"@type":"WebPage","@id":"https:\/\/www.esplac.cat\/inscripcions-iii-jornades-dissidents\/","url":"https:\/\/www.esplac.cat\/inscripcions-iii-jornades-dissidents\/","name":"Ja estan obertes les inscripcions per les III Jornades Dissidents - Esplac","isPartOf":{"@id":"https:\/\/www.esplac.cat\/#website"},"primaryImageOfPage":{"@id":"https:\/\/www.esplac.cat\/inscripcions-iii-jornades-dissidents\/#primaryimage"},"image":{"@id":"https:\/\/www.esplac.cat\/inscripcions-iii-jornades-dissidents\/#primaryimage"},"thumbnailUrl":"https:\/\/www.esplac.cat\/wp-content\/uploads\/2022\/02\/Portades-Web-3.jpg","datePublished":"2022-02-01T13:04:02+00:00","dateModified":"2022-02-01T13:04:23+00:00","breadcrumb":{"@id":"https:\/\/www.esplac.cat\/inscripcions-iii-jornades-dissidents\/#breadcrumb"},"inLanguage":"en-US","potentialAction":[{"@type":"ReadAction","target":["https:\/\/www.esplac.cat\/inscripcions-iii-jornades-dissidents\/"]}]},{"@type":"ImageObject","inLanguage":"en-US","@id":"https:\/\/www.esplac.cat\/inscripcions-iii-jornades-dissidents\/#primaryimage","url":"https:\/\/www.esplac.cat\/wp-content\/uploads\/2022\/02\/Portades-Web-3.jpg","contentUrl":"https:\/\/www.esplac.cat\/wp-content\/uploads\/2022\/02\/Portades-Web-3.jpg","width":1697,"height":700,"caption":"Banner Dissidents III"},{"@type":"BreadcrumbList","@id":"https:\/\/www.esplac.cat\/inscripcions-iii-jornades-dissidents\/#breadcrumb","itemListElement":[{"@type":"ListItem","position":1,"name":"Inici","item":"https:\/\/www.esplac.cat\/en\/"},{"@type":"ListItem","position":2,"name":"Ja estan obertes les inscripcions per les III Jornades Dissidents"}]},{"@type":"WebSite","@id":"https:\/\/www.esplac.cat\/#website","url":"https:\/\/www.esplac.cat\/","name":"Esplac","description":"Esplais Catalans","publisher":{"@id":"https:\/\/www.esplac.cat\/#organization"},"potentialAction":[{"@type":"SearchAction","target":{"@type":"EntryPoint","urlTemplate":"https:\/\/www.esplac.cat\/?s={search_term_string}"},"query-input":{"@type":"PropertyValueSpecification","valueRequired":true,"valueName":"search_term_string"}}],"inLanguage":"en-US"},{"@type":"Organization","@id":"https:\/\/www.esplac.cat\/#organization","name":"Esplac","url":"https:\/\/www.esplac.cat\/","logo":{"@type":"ImageObject","inLanguage":"en-US","@id":"https:\/\/www.esplac.cat\/#\/schema\/logo\/image\/","url":"https:\/\/www.esplac.cat\/wp-content\/uploads\/2019\/08\/logox2.png","contentUrl":"https:\/\/www.esplac.cat\/wp-content\/uploads\/2019\/08\/logox2.png","width":600,"height":295,"caption":"Esplac"},"image":{"@id":"https:\/\/www.esplac.cat\/#\/schema\/logo\/image\/"}},{"@type":"Person","@id":"https:\/\/www.esplac.cat\/#\/schema\/person\/908383cf240be18b68f8855d0583faca","name":"Comunicaci\u00f3 Esplac","image":{"@type":"ImageObject","inLanguage":"en-US","@id":"https:\/\/secure.gravatar.com\/avatar\/7a4cf8feb412a76ea4a740ca02d95b06b2907b5a6c648c2dd0a1082a093c3141?s=96&d=mm&r=g","url":"https:\/\/secure.gravatar.com\/avatar\/7a4cf8feb412a76ea4a740ca02d95b06b2907b5a6c648c2dd0a1082a093c3141?s=96&d=mm&r=g","contentUrl":"https:\/\/secure.gravatar.com\/avatar\/7a4cf8feb412a76ea4a740ca02d95b06b2907b5a6c648c2dd0a1082a093c3141?s=96&d=mm&r=g","caption":"Comunicaci\u00f3 Esplac"}}]}},"_links":{"self":[{"href":"https:\/\/www.esplac.cat\/en\/wp-json\/wp\/v2\/posts\/39055","targetHints":{"allow":["GET"]}}],"collection":[{"href":"https:\/\/www.esplac.cat\/en\/wp-json\/wp\/v2\/posts"}],"about":[{"href":"https:\/\/www.esplac.cat\/en\/wp-json\/wp\/v2\/types\/post"}],"author":[{"embeddable":true,"href":"https:\/\/www.esplac.cat\/en\/wp-json\/wp\/v2\/users\/3"}],"replies":[{"embeddable":true,"href":"https:\/\/www.esplac.cat\/en\/wp-json\/wp\/v2\/comments?post=39055"}],"version-history":[{"count":0,"href":"https:\/\/www.esplac.cat\/en\/wp-json\/wp\/v2\/posts\/39055\/revisions"}],"wp:featuredmedia":[{"embeddable":true,"href":"https:\/\/www.esplac.cat\/en\/wp-json\/wp\/v2\/media\/39048"}],"wp:attachment":[{"href":"https:\/\/www.esplac.cat\/en\/wp-json\/wp\/v2\/media?parent=39055"}],"wp:term":[{"taxonomy":"category","embeddable":true,"href":"https:\/\/www.esplac.cat\/en\/wp-json\/wp\/v2\/categories?post=39055"},{"taxonomy":"post_tag","embeddable":true,"href":"https:\/\/www.esplac.cat\/en\/wp-json\/wp\/v2\/tags?post=39055"}],"curies":[{"name":"wp","href":"https:\/\/api.w.org\/{rel}","templated":true}]}}