{"id":39156,"date":"2022-02-15T12:46:38","date_gmt":"2022-02-15T10:46:38","guid":{"rendered":"https:\/\/www.esplac.cat\/?p=39156"},"modified":"2022-03-07T11:06:51","modified_gmt":"2022-03-07T09:06:51","slug":"queer-easter-2022","status":"publish","type":"post","link":"https:\/\/www.esplac.cat\/en\/queer-easter-2022\/","title":{"rendered":"Ja et pots inscriure a la Queer Easter 2022"},"content":{"rendered":"<div class=\"fusion-fullwidth fullwidth-box fusion-builder-row-1 nonhundred-percent-fullwidth non-hundred-percent-height-scrolling\" style=\"--awb-border-radius-top-left:0px;--awb-border-radius-top-right:0px;--awb-border-radius-bottom-right:0px;--awb-border-radius-bottom-left:0px;--awb-flex-wrap:wrap;\" ><div class=\"fusion-builder-row fusion-row\"><div class=\"fusion-layout-column fusion_builder_column fusion-builder-column-0 fusion_builder_column_1_1 1_1 fusion-one-full fusion-column-first fusion-column-last\" style=\"--awb-bg-size:cover;--awb-margin-bottom:0px;\"><div class=\"fusion-column-wrapper fusion-flex-column-wrapper-legacy\"><div class=\"fusion-text fusion-text-1\"><h6><strong>La Queer Easter, amb m\u00e9s de 20 anys de recorregut, \u00e9s un dels seminaris m\u00e9s emblem\u00e0tics del Centre Kurt Low\u00ebnstein, que ofereix un espai per a joves per formar-se i compartir la seva experi\u00e8ncia.<\/strong><\/h6>\n<p><span style=\"font-weight: 300;\">Vols aprendre sobre les lluites de g\u00e8neres i sexualitats dissidents d\u2019arreu del m\u00f3n? T\u2019agradaria formar part d\u2019un espai LGBT+ i socialista? Et motiva compartir el teu coneixement, participar activament i organitzar-te per a un m\u00f3n millor?<\/span><\/p>\n<p><span style=\"font-weight: 300;\">La \u201cQueer Easter\u201d \u00e9s un dels esdeveniments educatius LGBT+ m\u00e9s grans d\u2019Europa destinat a la formaci\u00f3 col\u00b7lectiva de persones joves involucrades associativament. Aquest any far\u00e0 \u00e8mfasi entre la<strong> connexi\u00f3 entre els moviments LGBT+<\/strong>, i per qu\u00e8 s\u00f3n necessaris els dos per a lluitar per a una societat m\u00e9s justa. En el seminari s&#8217;investigar\u00e0 com el capitalisme impedeix l\u2019alliberament de les comunitats marginades i les segueix oprimint.<\/span><\/p>\n<p><span style=\"font-weight: 300;\">Tot aix\u00f2 es far\u00e0<strong> a trav\u00e9s de l\u2019educaci\u00f3 no formal i amb l\u2019intercanvi d\u2019experi\u00e8ncies arreu del m\u00f3n<\/strong>. S\u2019oferiran diversos temes a explorar conjuntament i es donar\u00e0 l\u2019oportunitat per a autoorganitzar el programa formatiu en un espai inclusiu i segur, coordinat per l\u2019Equip Internacional del centre.<\/span><\/p>\n<p><span style=\"font-weight: 300;\">Hi poden participar jovent activista i monis entre 16 i 30 anys. \u00c9s una formaci\u00f3 pensada per aprendre conjuntament i fomentar la lluita col\u00b7lectiva i global.<\/span><\/p>\n<p>\u00a0<\/p>\n<p><b>Dates:<\/b><span style=\"font-weight: 400;\"> 11 al 18 d\u2019abril 2022<\/span><\/p>\n<p><b>Lloc:<\/b><span style=\"font-weight: 400;\"> Centre Kurt L\u00f6wenstein (Werftpfuhl &#8211; Alemanya)<\/span><\/p>\n<p><b>Cost:<\/b><span style=\"font-weight: 400;\"> 70\u20ac (inclou allotjament, \u00e0pats i viatge)<\/span><\/p>\n<p><b>Idioma de treball: <\/b><span style=\"font-weight: 400;\">Angl\u00e8s<\/span><\/p>\n<p><b>Com m\u2019inscric? <\/b><span style=\"font-weight: 400;\">A trav\u00e9s <a href=\"https:\/\/era.esplac.cat\/#\/gestio-personal\/activitats\" target=\"_blank\" rel=\"noopener noreferrer\">de l\u2019Era<\/a>!\u00a0<\/span><\/p>\n<p><span style=\"font-weight: 400;\">Tens temps<\/span><b> fins al 6 de mar\u00e7! <\/b><span style=\"font-weight: 400;\">Un cop tancat el per\u00edode d\u2019inscripci\u00f3, t\u2019informarem si has estat una de les persones seleccionades per participar en aquest seminari.<\/span><\/p>\n<p><b>IMPORTANT! Informaci\u00f3 relacionada amb la Covid-19<\/b><\/p>\n<p><span style=\"font-weight: 400;\">El Centre Kurt Low\u00ebnstein segueix un protocol sanitari per evitar els contagis per Covid-19 durant les seves formacions. Es segueixen unes normes d\u2019higiene (com portar mascareta en els espais tancats). Per entrar al centre <\/span><b>fa falta el certificat de vacunaci\u00f3 (tres dosis) o certificat de recuperaci\u00f3 o b\u00e9 certificat amb dos vacunes amb un test negatiu<\/b><span style=\"font-weight: 400;\">. Fins ara han dut a terme satisfact\u00f2riament totes les formacions i confien en qu\u00e8 el seminari ser\u00e0 possible. En cas de cancel\u00b7laci\u00f3 no s\u2019haur\u00e0 de pagar cap quota.<\/span><\/p>\n<p><span style=\"font-weight: 400;\">Podeu informar-vos m\u00e9s sobre les <a href=\"https:\/\/www.auswaertiges-amt.de\/en\/coronavirus\/2317268\" target=\"_blank\" rel=\"noopener noreferrer\">restriccions de viatge a Alemanya aqu\u00ed<\/a>.\u00a0<\/span><\/p>\n<p><b>M\u00e9s informaci\u00f3 i contacte: <\/b><span style=\"font-weight: 400;\">\u00a0<\/span><a href=\"mailto:internacional@esplac.cat\"><span style=\"font-weight: 400;\">internacional@esplac.cat<\/span><\/a><span style=\"font-weight: 400;\">\u00a0 \/ 933026103\u00a0<\/span><\/p>\n<p>\u00a0<\/p>\n<p><span style=\"font-weight: 400;\">\u00a0<\/span><\/p>\n<p>\u00a0<\/p>\n<\/div><div class=\"fusion-clearfix\"><\/div><\/div><\/div><\/div><\/div>\n","protected":false},"excerpt":{"rendered":"","protected":false},"author":3,"featured_media":39179,"comment_status":"closed","ping_status":"closed","sticky":false,"template":"","format":"standard","meta":{"om_disable_all_campaigns":false,"_monsterinsights_skip_tracking":false,"_monsterinsights_sitenote_active":false,"_monsterinsights_sitenote_note":"","_monsterinsights_sitenote_category":0,"_uf_show_specific_survey":0,"_uf_disable_surveys":false,"footnotes":""},"categories":[1112],"tags":[],"class_list":["post-39156","post","type-post","status-publish","format-standard","has-post-thumbnail","hentry","category-esplac-al-mon"],"yoast_head":"<!-- This site is optimized with the Yoast SEO plugin v27.5 - https:\/\/yoast.com\/product\/yoast-seo-wordpress\/ -->\n<title>Ja et pots inscriure a la Queer Easter 2022 - Esplac<\/title>\n<meta name=\"robots\" content=\"index, follow, max-snippet:-1, max-image-preview:large, max-video-preview:-1\" \/>\n<link rel=\"canonical\" href=\"https:\/\/www.esplac.cat\/es\/queer-easter-2022\/\" \/>\n<meta property=\"og:locale\" content=\"en_US\" \/>\n<meta property=\"og:type\" content=\"article\" \/>\n<meta property=\"og:title\" content=\"Ja et pots inscriure a la Queer Easter 2022 - Esplac\" \/>\n<meta property=\"og:url\" content=\"https:\/\/www.esplac.cat\/es\/queer-easter-2022\/\" \/>\n<meta property=\"og:site_name\" content=\"Esplac\" \/>\n<meta property=\"article:published_time\" content=\"2022-02-15T10:46:38+00:00\" \/>\n<meta property=\"article:modified_time\" content=\"2022-03-07T09:06:51+00:00\" \/>\n<meta property=\"og:image\" content=\"https:\/\/www.esplac.cat\/wp-content\/uploads\/2022\/02\/queereaster-scaled.jpg\" \/>\n\t<meta property=\"og:image:width\" content=\"2560\" \/>\n\t<meta property=\"og:image:height\" content=\"1058\" \/>\n\t<meta property=\"og:image:type\" content=\"image\/jpeg\" \/>\n<meta name=\"author\" content=\"Comunicaci\u00f3 Esplac\" \/>\n<meta name=\"twitter:card\" content=\"summary_large_image\" \/>\n<meta name=\"twitter:label1\" content=\"Written by\" \/>\n\t<meta name=\"twitter:data1\" content=\"Comunicaci\u00f3 Esplac\" \/>\n\t<meta name=\"twitter:label2\" content=\"Est. reading time\" \/>\n\t<meta name=\"twitter:data2\" content=\"3 minutes\" \/>\n<script type=\"application\/ld+json\" class=\"yoast-schema-graph\">{\"@context\":\"https:\\\/\\\/schema.org\",\"@graph\":[{\"@type\":\"Article\",\"@id\":\"https:\\\/\\\/www.esplac.cat\\\/es\\\/queer-easter-2022\\\/#article\",\"isPartOf\":{\"@id\":\"https:\\\/\\\/www.esplac.cat\\\/es\\\/queer-easter-2022\\\/\"},\"author\":{\"name\":\"Comunicaci\u00f3 Esplac\",\"@id\":\"https:\\\/\\\/www.esplac.cat\\\/#\\\/schema\\\/person\\\/908383cf240be18b68f8855d0583faca\"},\"headline\":\"Ja et pots inscriure a la Queer Easter 2022\",\"datePublished\":\"2022-02-15T10:46:38+00:00\",\"dateModified\":\"2022-03-07T09:06:51+00:00\",\"mainEntityOfPage\":{\"@id\":\"https:\\\/\\\/www.esplac.cat\\\/es\\\/queer-easter-2022\\\/\"},\"wordCount\":577,\"publisher\":{\"@id\":\"https:\\\/\\\/www.esplac.cat\\\/#organization\"},\"image\":{\"@id\":\"https:\\\/\\\/www.esplac.cat\\\/es\\\/queer-easter-2022\\\/#primaryimage\"},\"thumbnailUrl\":\"https:\\\/\\\/www.esplac.cat\\\/wp-content\\\/uploads\\\/2022\\\/02\\\/queereaster-scaled.jpg\",\"articleSection\":[\"Esplac al m\u00f3n\"],\"inLanguage\":\"en-US\"},{\"@type\":\"WebPage\",\"@id\":\"https:\\\/\\\/www.esplac.cat\\\/es\\\/queer-easter-2022\\\/\",\"url\":\"https:\\\/\\\/www.esplac.cat\\\/es\\\/queer-easter-2022\\\/\",\"name\":\"Ja et pots inscriure a la Queer Easter 2022 - Esplac\",\"isPartOf\":{\"@id\":\"https:\\\/\\\/www.esplac.cat\\\/#website\"},\"primaryImageOfPage\":{\"@id\":\"https:\\\/\\\/www.esplac.cat\\\/es\\\/queer-easter-2022\\\/#primaryimage\"},\"image\":{\"@id\":\"https:\\\/\\\/www.esplac.cat\\\/es\\\/queer-easter-2022\\\/#primaryimage\"},\"thumbnailUrl\":\"https:\\\/\\\/www.esplac.cat\\\/wp-content\\\/uploads\\\/2022\\\/02\\\/queereaster-scaled.jpg\",\"datePublished\":\"2022-02-15T10:46:38+00:00\",\"dateModified\":\"2022-03-07T09:06:51+00:00\",\"breadcrumb\":{\"@id\":\"https:\\\/\\\/www.esplac.cat\\\/es\\\/queer-easter-2022\\\/#breadcrumb\"},\"inLanguage\":\"en-US\",\"potentialAction\":[{\"@type\":\"ReadAction\",\"target\":[\"https:\\\/\\\/www.esplac.cat\\\/es\\\/queer-easter-2022\\\/\"]}]},{\"@type\":\"ImageObject\",\"inLanguage\":\"en-US\",\"@id\":\"https:\\\/\\\/www.esplac.cat\\\/es\\\/queer-easter-2022\\\/#primaryimage\",\"url\":\"https:\\\/\\\/www.esplac.cat\\\/wp-content\\\/uploads\\\/2022\\\/02\\\/queereaster-scaled.jpg\",\"contentUrl\":\"https:\\\/\\\/www.esplac.cat\\\/wp-content\\\/uploads\\\/2022\\\/02\\\/queereaster-scaled.jpg\",\"width\":2560,\"height\":1058},{\"@type\":\"BreadcrumbList\",\"@id\":\"https:\\\/\\\/www.esplac.cat\\\/es\\\/queer-easter-2022\\\/#breadcrumb\",\"itemListElement\":[{\"@type\":\"ListItem\",\"position\":1,\"name\":\"Inici\",\"item\":\"https:\\\/\\\/www.esplac.cat\\\/en\\\/\"},{\"@type\":\"ListItem\",\"position\":2,\"name\":\"Ja et pots inscriure a la Queer Easter 2022\"}]},{\"@type\":\"WebSite\",\"@id\":\"https:\\\/\\\/www.esplac.cat\\\/#website\",\"url\":\"https:\\\/\\\/www.esplac.cat\\\/\",\"name\":\"Esplac\",\"description\":\"Esplais Catalans\",\"publisher\":{\"@id\":\"https:\\\/\\\/www.esplac.cat\\\/#organization\"},\"potentialAction\":[{\"@type\":\"SearchAction\",\"target\":{\"@type\":\"EntryPoint\",\"urlTemplate\":\"https:\\\/\\\/www.esplac.cat\\\/?s={search_term_string}\"},\"query-input\":{\"@type\":\"PropertyValueSpecification\",\"valueRequired\":true,\"valueName\":\"search_term_string\"}}],\"inLanguage\":\"en-US\"},{\"@type\":\"Organization\",\"@id\":\"https:\\\/\\\/www.esplac.cat\\\/#organization\",\"name\":\"Esplac\",\"url\":\"https:\\\/\\\/www.esplac.cat\\\/\",\"logo\":{\"@type\":\"ImageObject\",\"inLanguage\":\"en-US\",\"@id\":\"https:\\\/\\\/www.esplac.cat\\\/#\\\/schema\\\/logo\\\/image\\\/\",\"url\":\"https:\\\/\\\/www.esplac.cat\\\/wp-content\\\/uploads\\\/2019\\\/08\\\/logox2.png\",\"contentUrl\":\"https:\\\/\\\/www.esplac.cat\\\/wp-content\\\/uploads\\\/2019\\\/08\\\/logox2.png\",\"width\":600,\"height\":295,\"caption\":\"Esplac\"},\"image\":{\"@id\":\"https:\\\/\\\/www.esplac.cat\\\/#\\\/schema\\\/logo\\\/image\\\/\"}},{\"@type\":\"Person\",\"@id\":\"https:\\\/\\\/www.esplac.cat\\\/#\\\/schema\\\/person\\\/908383cf240be18b68f8855d0583faca\",\"name\":\"Comunicaci\u00f3 Esplac\",\"image\":{\"@type\":\"ImageObject\",\"inLanguage\":\"en-US\",\"@id\":\"https:\\\/\\\/secure.gravatar.com\\\/avatar\\\/7a4cf8feb412a76ea4a740ca02d95b06b2907b5a6c648c2dd0a1082a093c3141?s=96&d=mm&r=g\",\"url\":\"https:\\\/\\\/secure.gravatar.com\\\/avatar\\\/7a4cf8feb412a76ea4a740ca02d95b06b2907b5a6c648c2dd0a1082a093c3141?s=96&d=mm&r=g\",\"contentUrl\":\"https:\\\/\\\/secure.gravatar.com\\\/avatar\\\/7a4cf8feb412a76ea4a740ca02d95b06b2907b5a6c648c2dd0a1082a093c3141?s=96&d=mm&r=g\",\"caption\":\"Comunicaci\u00f3 Esplac\"}}]}<\/script>\n<!-- \/ Yoast SEO plugin. -->","yoast_head_json":{"title":"Ja et pots inscriure a la Queer Easter 2022 - Esplac","robots":{"index":"index","follow":"follow","max-snippet":"max-snippet:-1","max-image-preview":"max-image-preview:large","max-video-preview":"max-video-preview:-1"},"canonical":"https:\/\/www.esplac.cat\/es\/queer-easter-2022\/","og_locale":"en_US","og_type":"article","og_title":"Ja et pots inscriure a la Queer Easter 2022 - Esplac","og_url":"https:\/\/www.esplac.cat\/es\/queer-easter-2022\/","og_site_name":"Esplac","article_published_time":"2022-02-15T10:46:38+00:00","article_modified_time":"2022-03-07T09:06:51+00:00","og_image":[{"width":2560,"height":1058,"url":"https:\/\/www.esplac.cat\/wp-content\/uploads\/2022\/02\/queereaster-scaled.jpg","type":"image\/jpeg"}],"author":"Comunicaci\u00f3 Esplac","twitter_card":"summary_large_image","twitter_misc":{"Written by":"Comunicaci\u00f3 Esplac","Est. reading time":"3 minutes"},"schema":{"@context":"https:\/\/schema.org","@graph":[{"@type":"Article","@id":"https:\/\/www.esplac.cat\/es\/queer-easter-2022\/#article","isPartOf":{"@id":"https:\/\/www.esplac.cat\/es\/queer-easter-2022\/"},"author":{"name":"Comunicaci\u00f3 Esplac","@id":"https:\/\/www.esplac.cat\/#\/schema\/person\/908383cf240be18b68f8855d0583faca"},"headline":"Ja et pots inscriure a la Queer Easter 2022","datePublished":"2022-02-15T10:46:38+00:00","dateModified":"2022-03-07T09:06:51+00:00","mainEntityOfPage":{"@id":"https:\/\/www.esplac.cat\/es\/queer-easter-2022\/"},"wordCount":577,"publisher":{"@id":"https:\/\/www.esplac.cat\/#organization"},"image":{"@id":"https:\/\/www.esplac.cat\/es\/queer-easter-2022\/#primaryimage"},"thumbnailUrl":"https:\/\/www.esplac.cat\/wp-content\/uploads\/2022\/02\/queereaster-scaled.jpg","articleSection":["Esplac al m\u00f3n"],"inLanguage":"en-US"},{"@type":"WebPage","@id":"https:\/\/www.esplac.cat\/es\/queer-easter-2022\/","url":"https:\/\/www.esplac.cat\/es\/queer-easter-2022\/","name":"Ja et pots inscriure a la Queer Easter 2022 - Esplac","isPartOf":{"@id":"https:\/\/www.esplac.cat\/#website"},"primaryImageOfPage":{"@id":"https:\/\/www.esplac.cat\/es\/queer-easter-2022\/#primaryimage"},"image":{"@id":"https:\/\/www.esplac.cat\/es\/queer-easter-2022\/#primaryimage"},"thumbnailUrl":"https:\/\/www.esplac.cat\/wp-content\/uploads\/2022\/02\/queereaster-scaled.jpg","datePublished":"2022-02-15T10:46:38+00:00","dateModified":"2022-03-07T09:06:51+00:00","breadcrumb":{"@id":"https:\/\/www.esplac.cat\/es\/queer-easter-2022\/#breadcrumb"},"inLanguage":"en-US","potentialAction":[{"@type":"ReadAction","target":["https:\/\/www.esplac.cat\/es\/queer-easter-2022\/"]}]},{"@type":"ImageObject","inLanguage":"en-US","@id":"https:\/\/www.esplac.cat\/es\/queer-easter-2022\/#primaryimage","url":"https:\/\/www.esplac.cat\/wp-content\/uploads\/2022\/02\/queereaster-scaled.jpg","contentUrl":"https:\/\/www.esplac.cat\/wp-content\/uploads\/2022\/02\/queereaster-scaled.jpg","width":2560,"height":1058},{"@type":"BreadcrumbList","@id":"https:\/\/www.esplac.cat\/es\/queer-easter-2022\/#breadcrumb","itemListElement":[{"@type":"ListItem","position":1,"name":"Inici","item":"https:\/\/www.esplac.cat\/en\/"},{"@type":"ListItem","position":2,"name":"Ja et pots inscriure a la Queer Easter 2022"}]},{"@type":"WebSite","@id":"https:\/\/www.esplac.cat\/#website","url":"https:\/\/www.esplac.cat\/","name":"Esplac","description":"Esplais Catalans","publisher":{"@id":"https:\/\/www.esplac.cat\/#organization"},"potentialAction":[{"@type":"SearchAction","target":{"@type":"EntryPoint","urlTemplate":"https:\/\/www.esplac.cat\/?s={search_term_string}"},"query-input":{"@type":"PropertyValueSpecification","valueRequired":true,"valueName":"search_term_string"}}],"inLanguage":"en-US"},{"@type":"Organization","@id":"https:\/\/www.esplac.cat\/#organization","name":"Esplac","url":"https:\/\/www.esplac.cat\/","logo":{"@type":"ImageObject","inLanguage":"en-US","@id":"https:\/\/www.esplac.cat\/#\/schema\/logo\/image\/","url":"https:\/\/www.esplac.cat\/wp-content\/uploads\/2019\/08\/logox2.png","contentUrl":"https:\/\/www.esplac.cat\/wp-content\/uploads\/2019\/08\/logox2.png","width":600,"height":295,"caption":"Esplac"},"image":{"@id":"https:\/\/www.esplac.cat\/#\/schema\/logo\/image\/"}},{"@type":"Person","@id":"https:\/\/www.esplac.cat\/#\/schema\/person\/908383cf240be18b68f8855d0583faca","name":"Comunicaci\u00f3 Esplac","image":{"@type":"ImageObject","inLanguage":"en-US","@id":"https:\/\/secure.gravatar.com\/avatar\/7a4cf8feb412a76ea4a740ca02d95b06b2907b5a6c648c2dd0a1082a093c3141?s=96&d=mm&r=g","url":"https:\/\/secure.gravatar.com\/avatar\/7a4cf8feb412a76ea4a740ca02d95b06b2907b5a6c648c2dd0a1082a093c3141?s=96&d=mm&r=g","contentUrl":"https:\/\/secure.gravatar.com\/avatar\/7a4cf8feb412a76ea4a740ca02d95b06b2907b5a6c648c2dd0a1082a093c3141?s=96&d=mm&r=g","caption":"Comunicaci\u00f3 Esplac"}}]}},"_links":{"self":[{"href":"https:\/\/www.esplac.cat\/en\/wp-json\/wp\/v2\/posts\/39156","targetHints":{"allow":["GET"]}}],"collection":[{"href":"https:\/\/www.esplac.cat\/en\/wp-json\/wp\/v2\/posts"}],"about":[{"href":"https:\/\/www.esplac.cat\/en\/wp-json\/wp\/v2\/types\/post"}],"author":[{"embeddable":true,"href":"https:\/\/www.esplac.cat\/en\/wp-json\/wp\/v2\/users\/3"}],"replies":[{"embeddable":true,"href":"https:\/\/www.esplac.cat\/en\/wp-json\/wp\/v2\/comments?post=39156"}],"version-history":[{"count":0,"href":"https:\/\/www.esplac.cat\/en\/wp-json\/wp\/v2\/posts\/39156\/revisions"}],"wp:featuredmedia":[{"embeddable":true,"href":"https:\/\/www.esplac.cat\/en\/wp-json\/wp\/v2\/media\/39179"}],"wp:attachment":[{"href":"https:\/\/www.esplac.cat\/en\/wp-json\/wp\/v2\/media?parent=39156"}],"wp:term":[{"taxonomy":"category","embeddable":true,"href":"https:\/\/www.esplac.cat\/en\/wp-json\/wp\/v2\/categories?post=39156"},{"taxonomy":"post_tag","embeddable":true,"href":"https:\/\/www.esplac.cat\/en\/wp-json\/wp\/v2\/tags?post=39156"}],"curies":[{"name":"wp","href":"https:\/\/api.w.org\/{rel}","templated":true}]}}