{"id":39192,"date":"2022-02-16T11:46:23","date_gmt":"2022-02-16T09:46:23","guid":{"rendered":"https:\/\/www.esplac.cat\/?p=39192"},"modified":"2022-02-16T11:49:47","modified_gmt":"2022-02-16T09:49:47","slug":"primera-santa-pinya-curs-premia-mar","status":"publish","type":"post","link":"https:\/\/www.esplac.cat\/en\/primera-santa-pinya-curs-premia-mar\/","title":{"rendered":"Primera Santa Pinya del curs a Premi\u00e0 de Mar"},"content":{"rendered":"<h6><strong>El passat 6 de febrer unes 30 monitores i monitors del Sector Maresme es van trobar a Can Sanpere, un espai autogestionat de Premi\u00e0 de Mar, per dur a terme la primera Santa Pinya d&#8217;aquest 2022, la seva segona trobada formativa del curs.\u00a0<\/strong><\/h6>\n<p>Pel <span style=\"color: #ff9900;\"><a style=\"color: #ff9900;\" href=\"https:\/\/www.esplac.cat\/sectors-geografics\/maresme\/\" target=\"_blank\" rel=\"noopener noreferrer\">Sector Maresme<\/a><\/span>, aquest mes de febrer a comen\u00e7at a Premi\u00e0 de Mar amb la Santa Pinya, la trobada formativa del sector. Aquesta va constar d&#8217;una primera part amb la formaci\u00f3 <strong>&#8220;Alimentaci\u00f3 saludable i trastorns alimentaris&#8221;<\/strong>, impartida per l&#8217;<span style=\"color: #ff9900;\"><a style=\"color: #ff9900;\" href=\"https:\/\/escolaelsol.coop\/\" target=\"_blank\" rel=\"noopener noreferrer\">Escola Lliure el Sol<\/a><\/span>, on les monitores van poder tractar conjuntament problem\u00e0tiques relacionades amb l&#8217;alimentaci\u00f3 que troben habitualment en els seus esplais. Tamb\u00e9 va permetre augmentar el seu coneixement sobre el gran nombre de causes dels trastorns de conducta aliment\u00e0ria (TCA), recursos per reaccionar-hi o maneres de pensar i aplicar l&#8217;alimentaci\u00f3 saludable a l&#8217;esplai i fent-ne part\u00edcips els grups d&#8217;infants.<\/p>\n<p>En finalitzar la formaci\u00f3 hi va haver un <strong>vermut conjunt, dinar<\/strong> i bona part de les monitores i monitors van fer activitats de<strong> cohesi\u00f3 a la tarda<\/strong>, temps que tamb\u00e9 es va aprofitar per con\u00e8ixer l&#8217;espai on es trobaven, aix\u00ed com les activitats que s&#8217;hi duen a terme, les associacions que en fan \u00fas i la seva situaci\u00f3 actual. La jornada va acabar amb unes partides de cartes vora el foc i amb les ganes refor\u00e7ades de cara a les trobades de sector que tindran lloc el proper mes de mar\u00e7.<\/p>\n<p>&nbsp;<\/p>\n<p>*Can Sanpere \u00e9s una antiga f\u00e0brica ocupada amb gran suport social, actualment amb una notificaci\u00f3 de desallotjament obert.<\/p>\n<p>&nbsp;<\/p>\n\n\t\t<style type=\"text\/css\">\n\t\t\t#gallery-1 {\n\t\t\t\tmargin: auto;\n\t\t\t}\n\t\t\t#gallery-1 .gallery-item {\n\t\t\t\tfloat: left;\n\t\t\t\tmargin-top: 10px;\n\t\t\t\ttext-align: center;\n\t\t\t\twidth: 25%;\n\t\t\t}\n\t\t\t#gallery-1 img {\n\t\t\t\tborder: 2px solid #cfcfcf;\n\t\t\t}\n\t\t\t#gallery-1 .gallery-caption {\n\t\t\t\tmargin-left: 0;\n\t\t\t}\n\t\t\t\/* see gallery_shortcode() in wp-includes\/media.php *\/\n\t\t<\/style>\n\t\t<div id='gallery-1' class='gallery galleryid-39192 gallery-columns-4 gallery-size-medium'><dl class='gallery-item'>\n\t\t\t<dt class='gallery-icon landscape'>\n\t\t\t\t<a data-rel=\"iLightbox[postimages]\" data-title=\"santa pinya 4\" data-caption=\"\" href='https:\/\/www.esplac.cat\/en\/santa-pinya-4-2\/'><img decoding=\"async\" width=\"300\" height=\"225\" src=\"https:\/\/www.esplac.cat\/wp-content\/uploads\/2022\/02\/santa-pinya-4-300x225.jpeg\" class=\"attachment-medium size-medium\" alt=\"\" srcset=\"https:\/\/www.esplac.cat\/wp-content\/uploads\/2022\/02\/santa-pinya-4-200x150.jpeg 200w, https:\/\/www.esplac.cat\/wp-content\/uploads\/2022\/02\/santa-pinya-4-300x225.jpeg 300w, https:\/\/www.esplac.cat\/wp-content\/uploads\/2022\/02\/santa-pinya-4-400x300.jpeg 400w, https:\/\/www.esplac.cat\/wp-content\/uploads\/2022\/02\/santa-pinya-4-600x450.jpeg 600w, https:\/\/www.esplac.cat\/wp-content\/uploads\/2022\/02\/santa-pinya-4-768x576.jpeg 768w, https:\/\/www.esplac.cat\/wp-content\/uploads\/2022\/02\/santa-pinya-4-800x600.jpeg 800w, https:\/\/www.esplac.cat\/wp-content\/uploads\/2022\/02\/santa-pinya-4-1024x768.jpeg 1024w, https:\/\/www.esplac.cat\/wp-content\/uploads\/2022\/02\/santa-pinya-4-1200x900.jpeg 1200w, https:\/\/www.esplac.cat\/wp-content\/uploads\/2022\/02\/santa-pinya-4-1536x1152.jpeg 1536w\" sizes=\"(max-width: 300px) 100vw, 300px\" \/><\/a>\n\t\t\t<\/dt><\/dl><dl class='gallery-item'>\n\t\t\t<dt class='gallery-icon landscape'>\n\t\t\t\t<a data-rel=\"iLightbox[postimages]\" data-title=\"santa pinya 3\" data-caption=\"\" href='https:\/\/www.esplac.cat\/en\/santa-pinya-3-2\/'><img decoding=\"async\" width=\"300\" height=\"225\" src=\"https:\/\/www.esplac.cat\/wp-content\/uploads\/2022\/02\/santa-pinya-3-300x225.jpeg\" class=\"attachment-medium size-medium\" alt=\"\" srcset=\"https:\/\/www.esplac.cat\/wp-content\/uploads\/2022\/02\/santa-pinya-3-200x150.jpeg 200w, https:\/\/www.esplac.cat\/wp-content\/uploads\/2022\/02\/santa-pinya-3-300x225.jpeg 300w, https:\/\/www.esplac.cat\/wp-content\/uploads\/2022\/02\/santa-pinya-3-400x300.jpeg 400w, https:\/\/www.esplac.cat\/wp-content\/uploads\/2022\/02\/santa-pinya-3-600x450.jpeg 600w, https:\/\/www.esplac.cat\/wp-content\/uploads\/2022\/02\/santa-pinya-3-768x576.jpeg 768w, https:\/\/www.esplac.cat\/wp-content\/uploads\/2022\/02\/santa-pinya-3-800x600.jpeg 800w, https:\/\/www.esplac.cat\/wp-content\/uploads\/2022\/02\/santa-pinya-3-1024x768.jpeg 1024w, https:\/\/www.esplac.cat\/wp-content\/uploads\/2022\/02\/santa-pinya-3-1200x900.jpeg 1200w, https:\/\/www.esplac.cat\/wp-content\/uploads\/2022\/02\/santa-pinya-3-1536x1152.jpeg 1536w\" sizes=\"(max-width: 300px) 100vw, 300px\" \/><\/a>\n\t\t\t<\/dt><\/dl><dl class='gallery-item'>\n\t\t\t<dt class='gallery-icon landscape'>\n\t\t\t\t<a data-rel=\"iLightbox[postimages]\" data-title=\"santa pinya 2\" data-caption=\"\" href='https:\/\/www.esplac.cat\/en\/santa-pinya-2-2\/'><img decoding=\"async\" width=\"300\" height=\"225\" src=\"https:\/\/www.esplac.cat\/wp-content\/uploads\/2022\/02\/santa-pinya-2-300x225.jpeg\" class=\"attachment-medium size-medium\" alt=\"\" srcset=\"https:\/\/www.esplac.cat\/wp-content\/uploads\/2022\/02\/santa-pinya-2-200x150.jpeg 200w, https:\/\/www.esplac.cat\/wp-content\/uploads\/2022\/02\/santa-pinya-2-300x225.jpeg 300w, https:\/\/www.esplac.cat\/wp-content\/uploads\/2022\/02\/santa-pinya-2-400x300.jpeg 400w, https:\/\/www.esplac.cat\/wp-content\/uploads\/2022\/02\/santa-pinya-2-600x450.jpeg 600w, https:\/\/www.esplac.cat\/wp-content\/uploads\/2022\/02\/santa-pinya-2-768x576.jpeg 768w, https:\/\/www.esplac.cat\/wp-content\/uploads\/2022\/02\/santa-pinya-2-800x600.jpeg 800w, https:\/\/www.esplac.cat\/wp-content\/uploads\/2022\/02\/santa-pinya-2-1024x768.jpeg 1024w, https:\/\/www.esplac.cat\/wp-content\/uploads\/2022\/02\/santa-pinya-2-1200x900.jpeg 1200w, https:\/\/www.esplac.cat\/wp-content\/uploads\/2022\/02\/santa-pinya-2-1536x1152.jpeg 1536w\" sizes=\"(max-width: 300px) 100vw, 300px\" \/><\/a>\n\t\t\t<\/dt><\/dl><dl class='gallery-item'>\n\t\t\t<dt class='gallery-icon landscape'>\n\t\t\t\t<a data-rel=\"iLightbox[postimages]\" data-title=\"santa pinya 1\" data-caption=\"\" href='https:\/\/www.esplac.cat\/en\/santa-pinya-1-2\/'><img decoding=\"async\" width=\"300\" height=\"225\" src=\"https:\/\/www.esplac.cat\/wp-content\/uploads\/2022\/02\/santa-pinya-1-300x225.jpeg\" class=\"attachment-medium size-medium\" alt=\"\" srcset=\"https:\/\/www.esplac.cat\/wp-content\/uploads\/2022\/02\/santa-pinya-1-200x150.jpeg 200w, https:\/\/www.esplac.cat\/wp-content\/uploads\/2022\/02\/santa-pinya-1-300x225.jpeg 300w, https:\/\/www.esplac.cat\/wp-content\/uploads\/2022\/02\/santa-pinya-1-400x300.jpeg 400w, https:\/\/www.esplac.cat\/wp-content\/uploads\/2022\/02\/santa-pinya-1-600x450.jpeg 600w, https:\/\/www.esplac.cat\/wp-content\/uploads\/2022\/02\/santa-pinya-1-768x576.jpeg 768w, https:\/\/www.esplac.cat\/wp-content\/uploads\/2022\/02\/santa-pinya-1-800x600.jpeg 800w, https:\/\/www.esplac.cat\/wp-content\/uploads\/2022\/02\/santa-pinya-1-1024x768.jpeg 1024w, https:\/\/www.esplac.cat\/wp-content\/uploads\/2022\/02\/santa-pinya-1-1200x900.jpeg 1200w, https:\/\/www.esplac.cat\/wp-content\/uploads\/2022\/02\/santa-pinya-1-1536x1152.jpeg 1536w\" sizes=\"(max-width: 300px) 100vw, 300px\" \/><\/a>\n\t\t\t<\/dt><\/dl><br style=\"clear: both\" \/>\n\t\t<\/div>\n\n","protected":false},"excerpt":{"rendered":"<p>El passat 6 de febrer unes 30 monitores i monitors [&hellip;]<\/p>\n","protected":false},"author":3,"featured_media":39193,"comment_status":"closed","ping_status":"closed","sticky":false,"template":"","format":"standard","meta":{"om_disable_all_campaigns":false,"_monsterinsights_skip_tracking":false,"_monsterinsights_sitenote_active":false,"_monsterinsights_sitenote_note":"","_monsterinsights_sitenote_category":0,"_uf_show_specific_survey":0,"_uf_disable_surveys":false,"footnotes":""},"categories":[1113],"tags":[],"class_list":["post-39192","post","type-post","status-publish","format-standard","has-post-thumbnail","hentry","category-sector-maresme"],"yoast_head":"<!-- This site is optimized with the Yoast SEO plugin v27.5 - https:\/\/yoast.com\/product\/yoast-seo-wordpress\/ -->\n<title>Primera Santa Pinya del curs a Premi\u00e0 de Mar - Esplac<\/title>\n<meta name=\"description\" content=\"El 6 de febrer el Sector Maresme es van trobar a Can Sanpere per dur a terme la primera Santa Pinya d&#039;aquest 2022.\" \/>\n<meta name=\"robots\" content=\"index, follow, max-snippet:-1, max-image-preview:large, max-video-preview:-1\" \/>\n<link rel=\"canonical\" href=\"https:\/\/www.esplac.cat\/primera-santa-pinya-curs-premia-mar\/\" \/>\n<meta property=\"og:locale\" content=\"en_US\" \/>\n<meta property=\"og:type\" content=\"article\" \/>\n<meta property=\"og:title\" content=\"Primera Santa Pinya del curs a Premi\u00e0 de Mar - Esplac\" \/>\n<meta property=\"og:description\" content=\"El 6 de febrer el Sector Maresme es van trobar a Can Sanpere per dur a terme la primera Santa Pinya d&#039;aquest 2022.\" \/>\n<meta property=\"og:url\" content=\"https:\/\/www.esplac.cat\/primera-santa-pinya-curs-premia-mar\/\" \/>\n<meta property=\"og:site_name\" content=\"Esplac\" \/>\n<meta property=\"article:published_time\" content=\"2022-02-16T09:46:23+00:00\" \/>\n<meta property=\"article:modified_time\" content=\"2022-02-16T09:49:47+00:00\" \/>\n<meta property=\"og:image\" content=\"https:\/\/www.esplac.cat\/wp-content\/uploads\/2022\/02\/santapinya.jpg\" \/>\n\t<meta property=\"og:image:width\" content=\"1697\" \/>\n\t<meta property=\"og:image:height\" content=\"700\" \/>\n\t<meta property=\"og:image:type\" content=\"image\/jpeg\" \/>\n<meta name=\"author\" content=\"Comunicaci\u00f3 Esplac\" \/>\n<meta name=\"twitter:card\" content=\"summary_large_image\" \/>\n<meta name=\"twitter:label1\" content=\"Written by\" \/>\n\t<meta name=\"twitter:data1\" content=\"Comunicaci\u00f3 Esplac\" \/>\n\t<meta name=\"twitter:label2\" content=\"Est. reading time\" \/>\n\t<meta name=\"twitter:data2\" content=\"1 minute\" \/>\n<script type=\"application\/ld+json\" class=\"yoast-schema-graph\">{\"@context\":\"https:\\\/\\\/schema.org\",\"@graph\":[{\"@type\":\"Article\",\"@id\":\"https:\\\/\\\/www.esplac.cat\\\/primera-santa-pinya-curs-premia-mar\\\/#article\",\"isPartOf\":{\"@id\":\"https:\\\/\\\/www.esplac.cat\\\/primera-santa-pinya-curs-premia-mar\\\/\"},\"author\":{\"name\":\"Comunicaci\u00f3 Esplac\",\"@id\":\"https:\\\/\\\/www.esplac.cat\\\/#\\\/schema\\\/person\\\/908383cf240be18b68f8855d0583faca\"},\"headline\":\"Primera Santa Pinya del curs a Premi\u00e0 de Mar\",\"datePublished\":\"2022-02-16T09:46:23+00:00\",\"dateModified\":\"2022-02-16T09:49:47+00:00\",\"mainEntityOfPage\":{\"@id\":\"https:\\\/\\\/www.esplac.cat\\\/primera-santa-pinya-curs-premia-mar\\\/\"},\"wordCount\":279,\"publisher\":{\"@id\":\"https:\\\/\\\/www.esplac.cat\\\/#organization\"},\"image\":{\"@id\":\"https:\\\/\\\/www.esplac.cat\\\/primera-santa-pinya-curs-premia-mar\\\/#primaryimage\"},\"thumbnailUrl\":\"https:\\\/\\\/www.esplac.cat\\\/wp-content\\\/uploads\\\/2022\\\/02\\\/santapinya.jpg\",\"articleSection\":[\"Sector Maresme\"],\"inLanguage\":\"en-US\"},{\"@type\":\"WebPage\",\"@id\":\"https:\\\/\\\/www.esplac.cat\\\/primera-santa-pinya-curs-premia-mar\\\/\",\"url\":\"https:\\\/\\\/www.esplac.cat\\\/primera-santa-pinya-curs-premia-mar\\\/\",\"name\":\"Primera Santa Pinya del curs a Premi\u00e0 de Mar - Esplac\",\"isPartOf\":{\"@id\":\"https:\\\/\\\/www.esplac.cat\\\/#website\"},\"primaryImageOfPage\":{\"@id\":\"https:\\\/\\\/www.esplac.cat\\\/primera-santa-pinya-curs-premia-mar\\\/#primaryimage\"},\"image\":{\"@id\":\"https:\\\/\\\/www.esplac.cat\\\/primera-santa-pinya-curs-premia-mar\\\/#primaryimage\"},\"thumbnailUrl\":\"https:\\\/\\\/www.esplac.cat\\\/wp-content\\\/uploads\\\/2022\\\/02\\\/santapinya.jpg\",\"datePublished\":\"2022-02-16T09:46:23+00:00\",\"dateModified\":\"2022-02-16T09:49:47+00:00\",\"description\":\"El 6 de febrer el Sector Maresme es van trobar a Can Sanpere per dur a terme la primera Santa Pinya d'aquest 2022.\",\"breadcrumb\":{\"@id\":\"https:\\\/\\\/www.esplac.cat\\\/primera-santa-pinya-curs-premia-mar\\\/#breadcrumb\"},\"inLanguage\":\"en-US\",\"potentialAction\":[{\"@type\":\"ReadAction\",\"target\":[\"https:\\\/\\\/www.esplac.cat\\\/primera-santa-pinya-curs-premia-mar\\\/\"]}]},{\"@type\":\"ImageObject\",\"inLanguage\":\"en-US\",\"@id\":\"https:\\\/\\\/www.esplac.cat\\\/primera-santa-pinya-curs-premia-mar\\\/#primaryimage\",\"url\":\"https:\\\/\\\/www.esplac.cat\\\/wp-content\\\/uploads\\\/2022\\\/02\\\/santapinya.jpg\",\"contentUrl\":\"https:\\\/\\\/www.esplac.cat\\\/wp-content\\\/uploads\\\/2022\\\/02\\\/santapinya.jpg\",\"width\":1697,\"height\":700},{\"@type\":\"BreadcrumbList\",\"@id\":\"https:\\\/\\\/www.esplac.cat\\\/primera-santa-pinya-curs-premia-mar\\\/#breadcrumb\",\"itemListElement\":[{\"@type\":\"ListItem\",\"position\":1,\"name\":\"Inici\",\"item\":\"https:\\\/\\\/www.esplac.cat\\\/en\\\/\"},{\"@type\":\"ListItem\",\"position\":2,\"name\":\"Primera Santa Pinya del curs a Premi\u00e0 de Mar\"}]},{\"@type\":\"WebSite\",\"@id\":\"https:\\\/\\\/www.esplac.cat\\\/#website\",\"url\":\"https:\\\/\\\/www.esplac.cat\\\/\",\"name\":\"Esplac\",\"description\":\"Esplais Catalans\",\"publisher\":{\"@id\":\"https:\\\/\\\/www.esplac.cat\\\/#organization\"},\"potentialAction\":[{\"@type\":\"SearchAction\",\"target\":{\"@type\":\"EntryPoint\",\"urlTemplate\":\"https:\\\/\\\/www.esplac.cat\\\/?s={search_term_string}\"},\"query-input\":{\"@type\":\"PropertyValueSpecification\",\"valueRequired\":true,\"valueName\":\"search_term_string\"}}],\"inLanguage\":\"en-US\"},{\"@type\":\"Organization\",\"@id\":\"https:\\\/\\\/www.esplac.cat\\\/#organization\",\"name\":\"Esplac\",\"url\":\"https:\\\/\\\/www.esplac.cat\\\/\",\"logo\":{\"@type\":\"ImageObject\",\"inLanguage\":\"en-US\",\"@id\":\"https:\\\/\\\/www.esplac.cat\\\/#\\\/schema\\\/logo\\\/image\\\/\",\"url\":\"https:\\\/\\\/www.esplac.cat\\\/wp-content\\\/uploads\\\/2019\\\/08\\\/logox2.png\",\"contentUrl\":\"https:\\\/\\\/www.esplac.cat\\\/wp-content\\\/uploads\\\/2019\\\/08\\\/logox2.png\",\"width\":600,\"height\":295,\"caption\":\"Esplac\"},\"image\":{\"@id\":\"https:\\\/\\\/www.esplac.cat\\\/#\\\/schema\\\/logo\\\/image\\\/\"}},{\"@type\":\"Person\",\"@id\":\"https:\\\/\\\/www.esplac.cat\\\/#\\\/schema\\\/person\\\/908383cf240be18b68f8855d0583faca\",\"name\":\"Comunicaci\u00f3 Esplac\",\"image\":{\"@type\":\"ImageObject\",\"inLanguage\":\"en-US\",\"@id\":\"https:\\\/\\\/secure.gravatar.com\\\/avatar\\\/7a4cf8feb412a76ea4a740ca02d95b06b2907b5a6c648c2dd0a1082a093c3141?s=96&d=mm&r=g\",\"url\":\"https:\\\/\\\/secure.gravatar.com\\\/avatar\\\/7a4cf8feb412a76ea4a740ca02d95b06b2907b5a6c648c2dd0a1082a093c3141?s=96&d=mm&r=g\",\"contentUrl\":\"https:\\\/\\\/secure.gravatar.com\\\/avatar\\\/7a4cf8feb412a76ea4a740ca02d95b06b2907b5a6c648c2dd0a1082a093c3141?s=96&d=mm&r=g\",\"caption\":\"Comunicaci\u00f3 Esplac\"}}]}<\/script>\n<!-- \/ Yoast SEO plugin. -->","yoast_head_json":{"title":"Primera Santa Pinya del curs a Premi\u00e0 de Mar - Esplac","description":"El 6 de febrer el Sector Maresme es van trobar a Can Sanpere per dur a terme la primera Santa Pinya d'aquest 2022.","robots":{"index":"index","follow":"follow","max-snippet":"max-snippet:-1","max-image-preview":"max-image-preview:large","max-video-preview":"max-video-preview:-1"},"canonical":"https:\/\/www.esplac.cat\/primera-santa-pinya-curs-premia-mar\/","og_locale":"en_US","og_type":"article","og_title":"Primera Santa Pinya del curs a Premi\u00e0 de Mar - Esplac","og_description":"El 6 de febrer el Sector Maresme es van trobar a Can Sanpere per dur a terme la primera Santa Pinya d'aquest 2022.","og_url":"https:\/\/www.esplac.cat\/primera-santa-pinya-curs-premia-mar\/","og_site_name":"Esplac","article_published_time":"2022-02-16T09:46:23+00:00","article_modified_time":"2022-02-16T09:49:47+00:00","og_image":[{"width":1697,"height":700,"url":"https:\/\/www.esplac.cat\/wp-content\/uploads\/2022\/02\/santapinya.jpg","type":"image\/jpeg"}],"author":"Comunicaci\u00f3 Esplac","twitter_card":"summary_large_image","twitter_misc":{"Written by":"Comunicaci\u00f3 Esplac","Est. reading time":"1 minute"},"schema":{"@context":"https:\/\/schema.org","@graph":[{"@type":"Article","@id":"https:\/\/www.esplac.cat\/primera-santa-pinya-curs-premia-mar\/#article","isPartOf":{"@id":"https:\/\/www.esplac.cat\/primera-santa-pinya-curs-premia-mar\/"},"author":{"name":"Comunicaci\u00f3 Esplac","@id":"https:\/\/www.esplac.cat\/#\/schema\/person\/908383cf240be18b68f8855d0583faca"},"headline":"Primera Santa Pinya del curs a Premi\u00e0 de Mar","datePublished":"2022-02-16T09:46:23+00:00","dateModified":"2022-02-16T09:49:47+00:00","mainEntityOfPage":{"@id":"https:\/\/www.esplac.cat\/primera-santa-pinya-curs-premia-mar\/"},"wordCount":279,"publisher":{"@id":"https:\/\/www.esplac.cat\/#organization"},"image":{"@id":"https:\/\/www.esplac.cat\/primera-santa-pinya-curs-premia-mar\/#primaryimage"},"thumbnailUrl":"https:\/\/www.esplac.cat\/wp-content\/uploads\/2022\/02\/santapinya.jpg","articleSection":["Sector Maresme"],"inLanguage":"en-US"},{"@type":"WebPage","@id":"https:\/\/www.esplac.cat\/primera-santa-pinya-curs-premia-mar\/","url":"https:\/\/www.esplac.cat\/primera-santa-pinya-curs-premia-mar\/","name":"Primera Santa Pinya del curs a Premi\u00e0 de Mar - Esplac","isPartOf":{"@id":"https:\/\/www.esplac.cat\/#website"},"primaryImageOfPage":{"@id":"https:\/\/www.esplac.cat\/primera-santa-pinya-curs-premia-mar\/#primaryimage"},"image":{"@id":"https:\/\/www.esplac.cat\/primera-santa-pinya-curs-premia-mar\/#primaryimage"},"thumbnailUrl":"https:\/\/www.esplac.cat\/wp-content\/uploads\/2022\/02\/santapinya.jpg","datePublished":"2022-02-16T09:46:23+00:00","dateModified":"2022-02-16T09:49:47+00:00","description":"El 6 de febrer el Sector Maresme es van trobar a Can Sanpere per dur a terme la primera Santa Pinya d'aquest 2022.","breadcrumb":{"@id":"https:\/\/www.esplac.cat\/primera-santa-pinya-curs-premia-mar\/#breadcrumb"},"inLanguage":"en-US","potentialAction":[{"@type":"ReadAction","target":["https:\/\/www.esplac.cat\/primera-santa-pinya-curs-premia-mar\/"]}]},{"@type":"ImageObject","inLanguage":"en-US","@id":"https:\/\/www.esplac.cat\/primera-santa-pinya-curs-premia-mar\/#primaryimage","url":"https:\/\/www.esplac.cat\/wp-content\/uploads\/2022\/02\/santapinya.jpg","contentUrl":"https:\/\/www.esplac.cat\/wp-content\/uploads\/2022\/02\/santapinya.jpg","width":1697,"height":700},{"@type":"BreadcrumbList","@id":"https:\/\/www.esplac.cat\/primera-santa-pinya-curs-premia-mar\/#breadcrumb","itemListElement":[{"@type":"ListItem","position":1,"name":"Inici","item":"https:\/\/www.esplac.cat\/en\/"},{"@type":"ListItem","position":2,"name":"Primera Santa Pinya del curs a Premi\u00e0 de Mar"}]},{"@type":"WebSite","@id":"https:\/\/www.esplac.cat\/#website","url":"https:\/\/www.esplac.cat\/","name":"Esplac","description":"Esplais Catalans","publisher":{"@id":"https:\/\/www.esplac.cat\/#organization"},"potentialAction":[{"@type":"SearchAction","target":{"@type":"EntryPoint","urlTemplate":"https:\/\/www.esplac.cat\/?s={search_term_string}"},"query-input":{"@type":"PropertyValueSpecification","valueRequired":true,"valueName":"search_term_string"}}],"inLanguage":"en-US"},{"@type":"Organization","@id":"https:\/\/www.esplac.cat\/#organization","name":"Esplac","url":"https:\/\/www.esplac.cat\/","logo":{"@type":"ImageObject","inLanguage":"en-US","@id":"https:\/\/www.esplac.cat\/#\/schema\/logo\/image\/","url":"https:\/\/www.esplac.cat\/wp-content\/uploads\/2019\/08\/logox2.png","contentUrl":"https:\/\/www.esplac.cat\/wp-content\/uploads\/2019\/08\/logox2.png","width":600,"height":295,"caption":"Esplac"},"image":{"@id":"https:\/\/www.esplac.cat\/#\/schema\/logo\/image\/"}},{"@type":"Person","@id":"https:\/\/www.esplac.cat\/#\/schema\/person\/908383cf240be18b68f8855d0583faca","name":"Comunicaci\u00f3 Esplac","image":{"@type":"ImageObject","inLanguage":"en-US","@id":"https:\/\/secure.gravatar.com\/avatar\/7a4cf8feb412a76ea4a740ca02d95b06b2907b5a6c648c2dd0a1082a093c3141?s=96&d=mm&r=g","url":"https:\/\/secure.gravatar.com\/avatar\/7a4cf8feb412a76ea4a740ca02d95b06b2907b5a6c648c2dd0a1082a093c3141?s=96&d=mm&r=g","contentUrl":"https:\/\/secure.gravatar.com\/avatar\/7a4cf8feb412a76ea4a740ca02d95b06b2907b5a6c648c2dd0a1082a093c3141?s=96&d=mm&r=g","caption":"Comunicaci\u00f3 Esplac"}}]}},"_links":{"self":[{"href":"https:\/\/www.esplac.cat\/en\/wp-json\/wp\/v2\/posts\/39192","targetHints":{"allow":["GET"]}}],"collection":[{"href":"https:\/\/www.esplac.cat\/en\/wp-json\/wp\/v2\/posts"}],"about":[{"href":"https:\/\/www.esplac.cat\/en\/wp-json\/wp\/v2\/types\/post"}],"author":[{"embeddable":true,"href":"https:\/\/www.esplac.cat\/en\/wp-json\/wp\/v2\/users\/3"}],"replies":[{"embeddable":true,"href":"https:\/\/www.esplac.cat\/en\/wp-json\/wp\/v2\/comments?post=39192"}],"version-history":[{"count":0,"href":"https:\/\/www.esplac.cat\/en\/wp-json\/wp\/v2\/posts\/39192\/revisions"}],"wp:featuredmedia":[{"embeddable":true,"href":"https:\/\/www.esplac.cat\/en\/wp-json\/wp\/v2\/media\/39193"}],"wp:attachment":[{"href":"https:\/\/www.esplac.cat\/en\/wp-json\/wp\/v2\/media?parent=39192"}],"wp:term":[{"taxonomy":"category","embeddable":true,"href":"https:\/\/www.esplac.cat\/en\/wp-json\/wp\/v2\/categories?post=39192"},{"taxonomy":"post_tag","embeddable":true,"href":"https:\/\/www.esplac.cat\/en\/wp-json\/wp\/v2\/tags?post=39192"}],"curies":[{"name":"wp","href":"https:\/\/api.w.org\/{rel}","templated":true}]}}