{"id":39221,"date":"2022-02-17T12:52:16","date_gmt":"2022-02-17T10:52:16","guid":{"rendered":"https:\/\/www.esplac.cat\/?p=39221"},"modified":"2022-02-17T12:52:16","modified_gmt":"2022-02-17T10:52:16","slug":"monitrobada-valles-occidental-recupera-vincle-esplais-sector","status":"publish","type":"post","link":"https:\/\/www.esplac.cat\/en\/monitrobada-valles-occidental-recupera-vincle-esplais-sector\/","title":{"rendered":"La Monitrobada del Vall\u00e8s Occidental recupera el vincle entre els esplais del sector"},"content":{"rendered":"<h6><strong>Aquest cap de setmana una seixantena de monitores i monitors del Sector Vall\u00e8s Occidental han recuperat la tradicional trobada a l\u2019Ametlla del Vall\u00e8s.<\/strong><\/h6>\n<p><span style=\"font-weight: 400;\">La casa de col\u00f2nies de Can Xammar, a l\u2019Ametlla del Vall\u00e8s, ha acollit aquest passat cap de setmana 12 i 13 de febrer la tradicional <strong>Monitrobada <\/strong>del<span style=\"color: #ff9900;\"><a style=\"color: #ff9900;\" href=\"https:\/\/www.esplac.cat\/sectors-geografics\/valles-occidental\/\" target=\"_blank\" rel=\"noopener noreferrer\"> Sector Vall\u00e8s Occidental<\/a><\/span>, una trobada de monitores i monitors dels diferents esplais del sector que ha agrupat fins a <strong>seixanta participants<\/strong>.<\/span><\/p>\n<p><span style=\"font-weight: 400;\">Els esplais han arribat el dissabte per la tarda a la casa i han participat a un espai de<strong> debat i tert\u00falia<\/strong> dinamitzat per l\u2019Equip General de Sector. Despr\u00e9s de sopar, la comissi\u00f3 organitzadora de la trobada, formada per monitores i monitors d\u2019esplais diferents, ha preparat les <strong>estones l\u00fadiques amb diferents activitats de coneixen\u00e7a i de cohesi\u00f3.\u00a0<\/strong><\/span><\/p>\n<p><span style=\"font-weight: 400;\">El mat\u00ed de diumenge ha estat dedicat als <strong>espais formatius<\/strong> de la Monitrobada, en qu\u00e8 s\u2019han dut a terme quatre formacions a c\u00e0rrec de l\u2019Escola Lliure El Sol, on les monitores han pogut aprofundir els seus coneixements en <strong>perspectiva LGTBI+<\/strong>, aprendre com abordar <strong>la mort i el dol<\/strong> a l\u2019esplai, parlar sobre la <strong>salut mental<\/strong> i el <strong>treball emocional<\/strong> amb infants i joves.<\/span><\/p>\n<p><span style=\"font-weight: 400;\">L\u2019esdeveniment ha finalitzat amb un dinar de germanor, una macarronada que ha cuinat l\u2019EGS del Vall\u00e8s Occidental, i les monitores i els monitors dels esplais s\u2019han acomiadat amb la mirada a la propera activitat de sector, la Trobada General de Sector i la Trobada Jove, que es dur\u00e0 a terme el proper cap de setmana del 19 i 20 de mar\u00e7.<\/span><\/p>\n<p>&nbsp;<\/p>\n\n\t\t<style type=\"text\/css\">\n\t\t\t#gallery-1 {\n\t\t\t\tmargin: auto;\n\t\t\t}\n\t\t\t#gallery-1 .gallery-item {\n\t\t\t\tfloat: left;\n\t\t\t\tmargin-top: 10px;\n\t\t\t\ttext-align: center;\n\t\t\t\twidth: 25%;\n\t\t\t}\n\t\t\t#gallery-1 img {\n\t\t\t\tborder: 2px solid #cfcfcf;\n\t\t\t}\n\t\t\t#gallery-1 .gallery-caption {\n\t\t\t\tmargin-left: 0;\n\t\t\t}\n\t\t\t\/* see gallery_shortcode() in wp-includes\/media.php *\/\n\t\t<\/style>\n\t\t<div id='gallery-1' class='gallery galleryid-39221 gallery-columns-4 gallery-size-medium'><dl class='gallery-item'>\n\t\t\t<dt class='gallery-icon landscape'>\n\t\t\t\t<a data-rel=\"iLightbox[postimages]\" data-title=\"WhatsApp Image 2022-02-16 at 22.21.19 (1)\" data-caption=\"\" href='https:\/\/www.esplac.cat\/en\/whatsapp-image-2022-02-16-at-22-21-19-1-2\/'><img decoding=\"async\" width=\"300\" height=\"225\" src=\"https:\/\/www.esplac.cat\/wp-content\/uploads\/2022\/02\/WhatsApp-Image-2022-02-16-at-22.21.19-1-300x225.jpeg\" class=\"attachment-medium size-medium\" alt=\"\" srcset=\"https:\/\/www.esplac.cat\/wp-content\/uploads\/2022\/02\/WhatsApp-Image-2022-02-16-at-22.21.19-1-200x150.jpeg 200w, https:\/\/www.esplac.cat\/wp-content\/uploads\/2022\/02\/WhatsApp-Image-2022-02-16-at-22.21.19-1-300x225.jpeg 300w, https:\/\/www.esplac.cat\/wp-content\/uploads\/2022\/02\/WhatsApp-Image-2022-02-16-at-22.21.19-1-400x300.jpeg 400w, https:\/\/www.esplac.cat\/wp-content\/uploads\/2022\/02\/WhatsApp-Image-2022-02-16-at-22.21.19-1-600x450.jpeg 600w, https:\/\/www.esplac.cat\/wp-content\/uploads\/2022\/02\/WhatsApp-Image-2022-02-16-at-22.21.19-1-768x576.jpeg 768w, https:\/\/www.esplac.cat\/wp-content\/uploads\/2022\/02\/WhatsApp-Image-2022-02-16-at-22.21.19-1-800x600.jpeg 800w, https:\/\/www.esplac.cat\/wp-content\/uploads\/2022\/02\/WhatsApp-Image-2022-02-16-at-22.21.19-1-1024x768.jpeg 1024w, https:\/\/www.esplac.cat\/wp-content\/uploads\/2022\/02\/WhatsApp-Image-2022-02-16-at-22.21.19-1-1200x900.jpeg 1200w, https:\/\/www.esplac.cat\/wp-content\/uploads\/2022\/02\/WhatsApp-Image-2022-02-16-at-22.21.19-1-1536x1152.jpeg 1536w\" sizes=\"(max-width: 300px) 100vw, 300px\" \/><\/a>\n\t\t\t<\/dt><\/dl><dl class='gallery-item'>\n\t\t\t<dt class='gallery-icon landscape'>\n\t\t\t\t<a data-rel=\"iLightbox[postimages]\" data-title=\"WhatsApp Image 2022-02-16 at 12.08.51 (1)\" data-caption=\"\" href='https:\/\/www.esplac.cat\/en\/whatsapp-image-2022-02-16-at-12-08-51-1-2\/'><img decoding=\"async\" width=\"300\" height=\"225\" src=\"https:\/\/www.esplac.cat\/wp-content\/uploads\/2022\/02\/WhatsApp-Image-2022-02-16-at-12.08.51-1-300x225.jpeg\" class=\"attachment-medium size-medium\" alt=\"\" srcset=\"https:\/\/www.esplac.cat\/wp-content\/uploads\/2022\/02\/WhatsApp-Image-2022-02-16-at-12.08.51-1-200x150.jpeg 200w, https:\/\/www.esplac.cat\/wp-content\/uploads\/2022\/02\/WhatsApp-Image-2022-02-16-at-12.08.51-1-300x225.jpeg 300w, https:\/\/www.esplac.cat\/wp-content\/uploads\/2022\/02\/WhatsApp-Image-2022-02-16-at-12.08.51-1-400x300.jpeg 400w, https:\/\/www.esplac.cat\/wp-content\/uploads\/2022\/02\/WhatsApp-Image-2022-02-16-at-12.08.51-1-600x450.jpeg 600w, https:\/\/www.esplac.cat\/wp-content\/uploads\/2022\/02\/WhatsApp-Image-2022-02-16-at-12.08.51-1-768x576.jpeg 768w, https:\/\/www.esplac.cat\/wp-content\/uploads\/2022\/02\/WhatsApp-Image-2022-02-16-at-12.08.51-1-800x600.jpeg 800w, https:\/\/www.esplac.cat\/wp-content\/uploads\/2022\/02\/WhatsApp-Image-2022-02-16-at-12.08.51-1-1024x768.jpeg 1024w, https:\/\/www.esplac.cat\/wp-content\/uploads\/2022\/02\/WhatsApp-Image-2022-02-16-at-12.08.51-1-1200x900.jpeg 1200w, https:\/\/www.esplac.cat\/wp-content\/uploads\/2022\/02\/WhatsApp-Image-2022-02-16-at-12.08.51-1-1536x1152.jpeg 1536w\" sizes=\"(max-width: 300px) 100vw, 300px\" \/><\/a>\n\t\t\t<\/dt><\/dl><dl class='gallery-item'>\n\t\t\t<dt class='gallery-icon landscape'>\n\t\t\t\t<a data-rel=\"iLightbox[postimages]\" data-title=\"WhatsApp Image 2022-02-16 at 12.08.52 (2)\" data-caption=\"\" href='https:\/\/www.esplac.cat\/en\/whatsapp-image-2022-02-16-at-12-08-52-2-2\/'><img decoding=\"async\" width=\"300\" height=\"225\" src=\"https:\/\/www.esplac.cat\/wp-content\/uploads\/2022\/02\/WhatsApp-Image-2022-02-16-at-12.08.52-2-300x225.jpeg\" class=\"attachment-medium size-medium\" alt=\"\" srcset=\"https:\/\/www.esplac.cat\/wp-content\/uploads\/2022\/02\/WhatsApp-Image-2022-02-16-at-12.08.52-2-200x150.jpeg 200w, https:\/\/www.esplac.cat\/wp-content\/uploads\/2022\/02\/WhatsApp-Image-2022-02-16-at-12.08.52-2-300x225.jpeg 300w, https:\/\/www.esplac.cat\/wp-content\/uploads\/2022\/02\/WhatsApp-Image-2022-02-16-at-12.08.52-2-400x300.jpeg 400w, https:\/\/www.esplac.cat\/wp-content\/uploads\/2022\/02\/WhatsApp-Image-2022-02-16-at-12.08.52-2-600x450.jpeg 600w, https:\/\/www.esplac.cat\/wp-content\/uploads\/2022\/02\/WhatsApp-Image-2022-02-16-at-12.08.52-2-768x576.jpeg 768w, https:\/\/www.esplac.cat\/wp-content\/uploads\/2022\/02\/WhatsApp-Image-2022-02-16-at-12.08.52-2-800x600.jpeg 800w, https:\/\/www.esplac.cat\/wp-content\/uploads\/2022\/02\/WhatsApp-Image-2022-02-16-at-12.08.52-2-1024x768.jpeg 1024w, https:\/\/www.esplac.cat\/wp-content\/uploads\/2022\/02\/WhatsApp-Image-2022-02-16-at-12.08.52-2-1200x900.jpeg 1200w, https:\/\/www.esplac.cat\/wp-content\/uploads\/2022\/02\/WhatsApp-Image-2022-02-16-at-12.08.52-2-1536x1152.jpeg 1536w\" sizes=\"(max-width: 300px) 100vw, 300px\" \/><\/a>\n\t\t\t<\/dt><\/dl><dl class='gallery-item'>\n\t\t\t<dt class='gallery-icon landscape'>\n\t\t\t\t<a data-rel=\"iLightbox[postimages]\" data-title=\"WhatsApp Image 2022-02-16 at 12.08.52\" data-caption=\"\" href='https:\/\/www.esplac.cat\/en\/whatsapp-image-2022-02-16-at-12-08-52-3\/'><img decoding=\"async\" width=\"300\" height=\"225\" src=\"https:\/\/www.esplac.cat\/wp-content\/uploads\/2022\/02\/WhatsApp-Image-2022-02-16-at-12.08.52-300x225.jpeg\" class=\"attachment-medium size-medium\" alt=\"\" srcset=\"https:\/\/www.esplac.cat\/wp-content\/uploads\/2022\/02\/WhatsApp-Image-2022-02-16-at-12.08.52-200x150.jpeg 200w, https:\/\/www.esplac.cat\/wp-content\/uploads\/2022\/02\/WhatsApp-Image-2022-02-16-at-12.08.52-300x225.jpeg 300w, https:\/\/www.esplac.cat\/wp-content\/uploads\/2022\/02\/WhatsApp-Image-2022-02-16-at-12.08.52-400x300.jpeg 400w, https:\/\/www.esplac.cat\/wp-content\/uploads\/2022\/02\/WhatsApp-Image-2022-02-16-at-12.08.52-600x450.jpeg 600w, https:\/\/www.esplac.cat\/wp-content\/uploads\/2022\/02\/WhatsApp-Image-2022-02-16-at-12.08.52-768x576.jpeg 768w, https:\/\/www.esplac.cat\/wp-content\/uploads\/2022\/02\/WhatsApp-Image-2022-02-16-at-12.08.52-800x600.jpeg 800w, https:\/\/www.esplac.cat\/wp-content\/uploads\/2022\/02\/WhatsApp-Image-2022-02-16-at-12.08.52-1024x768.jpeg 1024w, https:\/\/www.esplac.cat\/wp-content\/uploads\/2022\/02\/WhatsApp-Image-2022-02-16-at-12.08.52-1200x900.jpeg 1200w, https:\/\/www.esplac.cat\/wp-content\/uploads\/2022\/02\/WhatsApp-Image-2022-02-16-at-12.08.52-1536x1152.jpeg 1536w\" sizes=\"(max-width: 300px) 100vw, 300px\" \/><\/a>\n\t\t\t<\/dt><\/dl><br style=\"clear: both\" \/>\n\t\t<\/div>\n\n","protected":false},"excerpt":{"rendered":"<p>Aquest cap de setmana una seixantena de monitores i monitors [&hellip;]<\/p>\n","protected":false},"author":3,"featured_media":39222,"comment_status":"closed","ping_status":"closed","sticky":false,"template":"","format":"standard","meta":{"om_disable_all_campaigns":false,"_monsterinsights_skip_tracking":false,"_monsterinsights_sitenote_active":false,"_monsterinsights_sitenote_note":"","_monsterinsights_sitenote_category":0,"_uf_show_specific_survey":0,"_uf_disable_surveys":false,"footnotes":""},"categories":[1118],"tags":[],"class_list":["post-39221","post","type-post","status-publish","format-standard","has-post-thumbnail","hentry","category-sector-valles-occidental-activitats-sectors"],"yoast_head":"<!-- This site is optimized with the Yoast SEO plugin v27.4 - https:\/\/yoast.com\/product\/yoast-seo-wordpress\/ -->\n<title>Monitrobada del Sector Vall\u00e8s Occidental a l&#039;Atmella de Mar<\/title>\n<meta name=\"description\" content=\"Aquest cap de setmana una seixantena de monitores del Sector Vall\u00e8s Occidental han recuperat la tradicional trobada a l\u2019Ametlla del Vall\u00e8s.\" \/>\n<meta name=\"robots\" content=\"index, follow, max-snippet:-1, max-image-preview:large, max-video-preview:-1\" \/>\n<link rel=\"canonical\" href=\"https:\/\/www.esplac.cat\/monitrobada-valles-occidental-recupera-vincle-esplais-sector\/\" \/>\n<meta property=\"og:locale\" content=\"en_US\" \/>\n<meta property=\"og:type\" content=\"article\" \/>\n<meta property=\"og:title\" content=\"Monitrobada del Sector Vall\u00e8s Occidental a l&#039;Atmella de Mar\" \/>\n<meta property=\"og:description\" content=\"Aquest cap de setmana una seixantena de monitores del Sector Vall\u00e8s Occidental han recuperat la tradicional trobada a l\u2019Ametlla del Vall\u00e8s.\" \/>\n<meta property=\"og:url\" content=\"https:\/\/www.esplac.cat\/monitrobada-valles-occidental-recupera-vincle-esplais-sector\/\" \/>\n<meta property=\"og:site_name\" content=\"Esplac\" \/>\n<meta property=\"article:published_time\" content=\"2022-02-17T10:52:16+00:00\" \/>\n<meta property=\"og:image\" content=\"https:\/\/www.esplac.cat\/wp-content\/uploads\/2022\/02\/monitrvalloc.jpg\" \/>\n\t<meta property=\"og:image:width\" content=\"1697\" \/>\n\t<meta property=\"og:image:height\" content=\"700\" \/>\n\t<meta property=\"og:image:type\" content=\"image\/jpeg\" \/>\n<meta name=\"author\" content=\"Comunicaci\u00f3 Esplac\" \/>\n<meta name=\"twitter:card\" content=\"summary_large_image\" \/>\n<meta name=\"twitter:label1\" content=\"Written by\" \/>\n\t<meta name=\"twitter:data1\" content=\"Comunicaci\u00f3 Esplac\" \/>\n\t<meta name=\"twitter:label2\" content=\"Est. reading time\" \/>\n\t<meta name=\"twitter:data2\" content=\"1 minute\" \/>\n<script type=\"application\/ld+json\" class=\"yoast-schema-graph\">{\"@context\":\"https:\\\/\\\/schema.org\",\"@graph\":[{\"@type\":\"Article\",\"@id\":\"https:\\\/\\\/www.esplac.cat\\\/monitrobada-valles-occidental-recupera-vincle-esplais-sector\\\/#article\",\"isPartOf\":{\"@id\":\"https:\\\/\\\/www.esplac.cat\\\/monitrobada-valles-occidental-recupera-vincle-esplais-sector\\\/\"},\"author\":{\"name\":\"Comunicaci\u00f3 Esplac\",\"@id\":\"https:\\\/\\\/www.esplac.cat\\\/#\\\/schema\\\/person\\\/908383cf240be18b68f8855d0583faca\"},\"headline\":\"La Monitrobada del Vall\u00e8s Occidental recupera el vincle entre els esplais del sector\",\"datePublished\":\"2022-02-17T10:52:16+00:00\",\"mainEntityOfPage\":{\"@id\":\"https:\\\/\\\/www.esplac.cat\\\/monitrobada-valles-occidental-recupera-vincle-esplais-sector\\\/\"},\"wordCount\":289,\"publisher\":{\"@id\":\"https:\\\/\\\/www.esplac.cat\\\/#organization\"},\"image\":{\"@id\":\"https:\\\/\\\/www.esplac.cat\\\/monitrobada-valles-occidental-recupera-vincle-esplais-sector\\\/#primaryimage\"},\"thumbnailUrl\":\"https:\\\/\\\/www.esplac.cat\\\/wp-content\\\/uploads\\\/2022\\\/02\\\/monitrvalloc.jpg\",\"articleSection\":[\"Sector Vall\u00e8s Occidental\"],\"inLanguage\":\"en-US\"},{\"@type\":\"WebPage\",\"@id\":\"https:\\\/\\\/www.esplac.cat\\\/monitrobada-valles-occidental-recupera-vincle-esplais-sector\\\/\",\"url\":\"https:\\\/\\\/www.esplac.cat\\\/monitrobada-valles-occidental-recupera-vincle-esplais-sector\\\/\",\"name\":\"Monitrobada del Sector Vall\u00e8s Occidental a l'Atmella de Mar\",\"isPartOf\":{\"@id\":\"https:\\\/\\\/www.esplac.cat\\\/#website\"},\"primaryImageOfPage\":{\"@id\":\"https:\\\/\\\/www.esplac.cat\\\/monitrobada-valles-occidental-recupera-vincle-esplais-sector\\\/#primaryimage\"},\"image\":{\"@id\":\"https:\\\/\\\/www.esplac.cat\\\/monitrobada-valles-occidental-recupera-vincle-esplais-sector\\\/#primaryimage\"},\"thumbnailUrl\":\"https:\\\/\\\/www.esplac.cat\\\/wp-content\\\/uploads\\\/2022\\\/02\\\/monitrvalloc.jpg\",\"datePublished\":\"2022-02-17T10:52:16+00:00\",\"description\":\"Aquest cap de setmana una seixantena de monitores del Sector Vall\u00e8s Occidental han recuperat la tradicional trobada a l\u2019Ametlla del Vall\u00e8s.\",\"breadcrumb\":{\"@id\":\"https:\\\/\\\/www.esplac.cat\\\/monitrobada-valles-occidental-recupera-vincle-esplais-sector\\\/#breadcrumb\"},\"inLanguage\":\"en-US\",\"potentialAction\":[{\"@type\":\"ReadAction\",\"target\":[\"https:\\\/\\\/www.esplac.cat\\\/monitrobada-valles-occidental-recupera-vincle-esplais-sector\\\/\"]}]},{\"@type\":\"ImageObject\",\"inLanguage\":\"en-US\",\"@id\":\"https:\\\/\\\/www.esplac.cat\\\/monitrobada-valles-occidental-recupera-vincle-esplais-sector\\\/#primaryimage\",\"url\":\"https:\\\/\\\/www.esplac.cat\\\/wp-content\\\/uploads\\\/2022\\\/02\\\/monitrvalloc.jpg\",\"contentUrl\":\"https:\\\/\\\/www.esplac.cat\\\/wp-content\\\/uploads\\\/2022\\\/02\\\/monitrvalloc.jpg\",\"width\":1697,\"height\":700,\"caption\":\"monitrobada vall\u00e8s occidental\"},{\"@type\":\"BreadcrumbList\",\"@id\":\"https:\\\/\\\/www.esplac.cat\\\/monitrobada-valles-occidental-recupera-vincle-esplais-sector\\\/#breadcrumb\",\"itemListElement\":[{\"@type\":\"ListItem\",\"position\":1,\"name\":\"Inici\",\"item\":\"https:\\\/\\\/www.esplac.cat\\\/en\\\/\"},{\"@type\":\"ListItem\",\"position\":2,\"name\":\"La Monitrobada del Vall\u00e8s Occidental recupera el vincle entre els esplais del sector\"}]},{\"@type\":\"WebSite\",\"@id\":\"https:\\\/\\\/www.esplac.cat\\\/#website\",\"url\":\"https:\\\/\\\/www.esplac.cat\\\/\",\"name\":\"Esplac\",\"description\":\"Esplais Catalans\",\"publisher\":{\"@id\":\"https:\\\/\\\/www.esplac.cat\\\/#organization\"},\"potentialAction\":[{\"@type\":\"SearchAction\",\"target\":{\"@type\":\"EntryPoint\",\"urlTemplate\":\"https:\\\/\\\/www.esplac.cat\\\/?s={search_term_string}\"},\"query-input\":{\"@type\":\"PropertyValueSpecification\",\"valueRequired\":true,\"valueName\":\"search_term_string\"}}],\"inLanguage\":\"en-US\"},{\"@type\":\"Organization\",\"@id\":\"https:\\\/\\\/www.esplac.cat\\\/#organization\",\"name\":\"Esplac\",\"url\":\"https:\\\/\\\/www.esplac.cat\\\/\",\"logo\":{\"@type\":\"ImageObject\",\"inLanguage\":\"en-US\",\"@id\":\"https:\\\/\\\/www.esplac.cat\\\/#\\\/schema\\\/logo\\\/image\\\/\",\"url\":\"https:\\\/\\\/www.esplac.cat\\\/wp-content\\\/uploads\\\/2019\\\/08\\\/logox2.png\",\"contentUrl\":\"https:\\\/\\\/www.esplac.cat\\\/wp-content\\\/uploads\\\/2019\\\/08\\\/logox2.png\",\"width\":600,\"height\":295,\"caption\":\"Esplac\"},\"image\":{\"@id\":\"https:\\\/\\\/www.esplac.cat\\\/#\\\/schema\\\/logo\\\/image\\\/\"}},{\"@type\":\"Person\",\"@id\":\"https:\\\/\\\/www.esplac.cat\\\/#\\\/schema\\\/person\\\/908383cf240be18b68f8855d0583faca\",\"name\":\"Comunicaci\u00f3 Esplac\",\"image\":{\"@type\":\"ImageObject\",\"inLanguage\":\"en-US\",\"@id\":\"https:\\\/\\\/secure.gravatar.com\\\/avatar\\\/7a4cf8feb412a76ea4a740ca02d95b06b2907b5a6c648c2dd0a1082a093c3141?s=96&d=mm&r=g\",\"url\":\"https:\\\/\\\/secure.gravatar.com\\\/avatar\\\/7a4cf8feb412a76ea4a740ca02d95b06b2907b5a6c648c2dd0a1082a093c3141?s=96&d=mm&r=g\",\"contentUrl\":\"https:\\\/\\\/secure.gravatar.com\\\/avatar\\\/7a4cf8feb412a76ea4a740ca02d95b06b2907b5a6c648c2dd0a1082a093c3141?s=96&d=mm&r=g\",\"caption\":\"Comunicaci\u00f3 Esplac\"}}]}<\/script>\n<!-- \/ Yoast SEO plugin. -->","yoast_head_json":{"title":"Monitrobada del Sector Vall\u00e8s Occidental a l'Atmella de Mar","description":"Aquest cap de setmana una seixantena de monitores del Sector Vall\u00e8s Occidental han recuperat la tradicional trobada a l\u2019Ametlla del Vall\u00e8s.","robots":{"index":"index","follow":"follow","max-snippet":"max-snippet:-1","max-image-preview":"max-image-preview:large","max-video-preview":"max-video-preview:-1"},"canonical":"https:\/\/www.esplac.cat\/monitrobada-valles-occidental-recupera-vincle-esplais-sector\/","og_locale":"en_US","og_type":"article","og_title":"Monitrobada del Sector Vall\u00e8s Occidental a l'Atmella de Mar","og_description":"Aquest cap de setmana una seixantena de monitores del Sector Vall\u00e8s Occidental han recuperat la tradicional trobada a l\u2019Ametlla del Vall\u00e8s.","og_url":"https:\/\/www.esplac.cat\/monitrobada-valles-occidental-recupera-vincle-esplais-sector\/","og_site_name":"Esplac","article_published_time":"2022-02-17T10:52:16+00:00","og_image":[{"width":1697,"height":700,"url":"https:\/\/www.esplac.cat\/wp-content\/uploads\/2022\/02\/monitrvalloc.jpg","type":"image\/jpeg"}],"author":"Comunicaci\u00f3 Esplac","twitter_card":"summary_large_image","twitter_misc":{"Written by":"Comunicaci\u00f3 Esplac","Est. reading time":"1 minute"},"schema":{"@context":"https:\/\/schema.org","@graph":[{"@type":"Article","@id":"https:\/\/www.esplac.cat\/monitrobada-valles-occidental-recupera-vincle-esplais-sector\/#article","isPartOf":{"@id":"https:\/\/www.esplac.cat\/monitrobada-valles-occidental-recupera-vincle-esplais-sector\/"},"author":{"name":"Comunicaci\u00f3 Esplac","@id":"https:\/\/www.esplac.cat\/#\/schema\/person\/908383cf240be18b68f8855d0583faca"},"headline":"La Monitrobada del Vall\u00e8s Occidental recupera el vincle entre els esplais del sector","datePublished":"2022-02-17T10:52:16+00:00","mainEntityOfPage":{"@id":"https:\/\/www.esplac.cat\/monitrobada-valles-occidental-recupera-vincle-esplais-sector\/"},"wordCount":289,"publisher":{"@id":"https:\/\/www.esplac.cat\/#organization"},"image":{"@id":"https:\/\/www.esplac.cat\/monitrobada-valles-occidental-recupera-vincle-esplais-sector\/#primaryimage"},"thumbnailUrl":"https:\/\/www.esplac.cat\/wp-content\/uploads\/2022\/02\/monitrvalloc.jpg","articleSection":["Sector Vall\u00e8s Occidental"],"inLanguage":"en-US"},{"@type":"WebPage","@id":"https:\/\/www.esplac.cat\/monitrobada-valles-occidental-recupera-vincle-esplais-sector\/","url":"https:\/\/www.esplac.cat\/monitrobada-valles-occidental-recupera-vincle-esplais-sector\/","name":"Monitrobada del Sector Vall\u00e8s Occidental a l'Atmella de Mar","isPartOf":{"@id":"https:\/\/www.esplac.cat\/#website"},"primaryImageOfPage":{"@id":"https:\/\/www.esplac.cat\/monitrobada-valles-occidental-recupera-vincle-esplais-sector\/#primaryimage"},"image":{"@id":"https:\/\/www.esplac.cat\/monitrobada-valles-occidental-recupera-vincle-esplais-sector\/#primaryimage"},"thumbnailUrl":"https:\/\/www.esplac.cat\/wp-content\/uploads\/2022\/02\/monitrvalloc.jpg","datePublished":"2022-02-17T10:52:16+00:00","description":"Aquest cap de setmana una seixantena de monitores del Sector Vall\u00e8s Occidental han recuperat la tradicional trobada a l\u2019Ametlla del Vall\u00e8s.","breadcrumb":{"@id":"https:\/\/www.esplac.cat\/monitrobada-valles-occidental-recupera-vincle-esplais-sector\/#breadcrumb"},"inLanguage":"en-US","potentialAction":[{"@type":"ReadAction","target":["https:\/\/www.esplac.cat\/monitrobada-valles-occidental-recupera-vincle-esplais-sector\/"]}]},{"@type":"ImageObject","inLanguage":"en-US","@id":"https:\/\/www.esplac.cat\/monitrobada-valles-occidental-recupera-vincle-esplais-sector\/#primaryimage","url":"https:\/\/www.esplac.cat\/wp-content\/uploads\/2022\/02\/monitrvalloc.jpg","contentUrl":"https:\/\/www.esplac.cat\/wp-content\/uploads\/2022\/02\/monitrvalloc.jpg","width":1697,"height":700,"caption":"monitrobada vall\u00e8s occidental"},{"@type":"BreadcrumbList","@id":"https:\/\/www.esplac.cat\/monitrobada-valles-occidental-recupera-vincle-esplais-sector\/#breadcrumb","itemListElement":[{"@type":"ListItem","position":1,"name":"Inici","item":"https:\/\/www.esplac.cat\/en\/"},{"@type":"ListItem","position":2,"name":"La Monitrobada del Vall\u00e8s Occidental recupera el vincle entre els esplais del sector"}]},{"@type":"WebSite","@id":"https:\/\/www.esplac.cat\/#website","url":"https:\/\/www.esplac.cat\/","name":"Esplac","description":"Esplais Catalans","publisher":{"@id":"https:\/\/www.esplac.cat\/#organization"},"potentialAction":[{"@type":"SearchAction","target":{"@type":"EntryPoint","urlTemplate":"https:\/\/www.esplac.cat\/?s={search_term_string}"},"query-input":{"@type":"PropertyValueSpecification","valueRequired":true,"valueName":"search_term_string"}}],"inLanguage":"en-US"},{"@type":"Organization","@id":"https:\/\/www.esplac.cat\/#organization","name":"Esplac","url":"https:\/\/www.esplac.cat\/","logo":{"@type":"ImageObject","inLanguage":"en-US","@id":"https:\/\/www.esplac.cat\/#\/schema\/logo\/image\/","url":"https:\/\/www.esplac.cat\/wp-content\/uploads\/2019\/08\/logox2.png","contentUrl":"https:\/\/www.esplac.cat\/wp-content\/uploads\/2019\/08\/logox2.png","width":600,"height":295,"caption":"Esplac"},"image":{"@id":"https:\/\/www.esplac.cat\/#\/schema\/logo\/image\/"}},{"@type":"Person","@id":"https:\/\/www.esplac.cat\/#\/schema\/person\/908383cf240be18b68f8855d0583faca","name":"Comunicaci\u00f3 Esplac","image":{"@type":"ImageObject","inLanguage":"en-US","@id":"https:\/\/secure.gravatar.com\/avatar\/7a4cf8feb412a76ea4a740ca02d95b06b2907b5a6c648c2dd0a1082a093c3141?s=96&d=mm&r=g","url":"https:\/\/secure.gravatar.com\/avatar\/7a4cf8feb412a76ea4a740ca02d95b06b2907b5a6c648c2dd0a1082a093c3141?s=96&d=mm&r=g","contentUrl":"https:\/\/secure.gravatar.com\/avatar\/7a4cf8feb412a76ea4a740ca02d95b06b2907b5a6c648c2dd0a1082a093c3141?s=96&d=mm&r=g","caption":"Comunicaci\u00f3 Esplac"}}]}},"_links":{"self":[{"href":"https:\/\/www.esplac.cat\/en\/wp-json\/wp\/v2\/posts\/39221","targetHints":{"allow":["GET"]}}],"collection":[{"href":"https:\/\/www.esplac.cat\/en\/wp-json\/wp\/v2\/posts"}],"about":[{"href":"https:\/\/www.esplac.cat\/en\/wp-json\/wp\/v2\/types\/post"}],"author":[{"embeddable":true,"href":"https:\/\/www.esplac.cat\/en\/wp-json\/wp\/v2\/users\/3"}],"replies":[{"embeddable":true,"href":"https:\/\/www.esplac.cat\/en\/wp-json\/wp\/v2\/comments?post=39221"}],"version-history":[{"count":0,"href":"https:\/\/www.esplac.cat\/en\/wp-json\/wp\/v2\/posts\/39221\/revisions"}],"wp:featuredmedia":[{"embeddable":true,"href":"https:\/\/www.esplac.cat\/en\/wp-json\/wp\/v2\/media\/39222"}],"wp:attachment":[{"href":"https:\/\/www.esplac.cat\/en\/wp-json\/wp\/v2\/media?parent=39221"}],"wp:term":[{"taxonomy":"category","embeddable":true,"href":"https:\/\/www.esplac.cat\/en\/wp-json\/wp\/v2\/categories?post=39221"},{"taxonomy":"post_tag","embeddable":true,"href":"https:\/\/www.esplac.cat\/en\/wp-json\/wp\/v2\/tags?post=39221"}],"curies":[{"name":"wp","href":"https:\/\/api.w.org\/{rel}","templated":true}]}}