{"id":39287,"date":"2022-02-22T13:56:00","date_gmt":"2022-02-22T11:56:00","guid":{"rendered":"https:\/\/www.esplac.cat\/?p=39287"},"modified":"2022-02-22T13:57:37","modified_gmt":"2022-02-22T11:57:37","slug":"jornades-dissidents-casal-joves-corts","status":"publish","type":"post","link":"https:\/\/www.esplac.cat\/en\/jornades-dissidents-casal-joves-corts\/","title":{"rendered":"Les III Jornades Dissidents han reunint unes 40 persones al Casal de Joves de les Corts"},"content":{"rendered":"<h6><b>Durant el transcurs de les Jornades s\u2019ha abordat la tem\u00e0tica \u201ccorporalitats\u201d, comptant tamb\u00e9 amb un espai d\u2019aterratge d&#8217;idees per treballar les tem\u00e0tiques dissidents als esplais.\u00a0<\/b><\/h6>\n<p><span style=\"font-weight: 300;\">El diumenge 20 de febrer s\u2019han realitzat les III Jornades Dissidents al Casal de Joves de les Corts, sota el lema <\/span><b><i>\u201cCorporalitas. Habitar els cossos des de la resist\u00e8ncia\u201d.<\/i><\/b><span style=\"font-weight: 300;\"> Les Jornades, en qu\u00e8 han participat unes 40 persones, han estat organitzades per la <span style=\"color: #ff9900;\"><a style=\"color: #ff9900;\" href=\"https:\/\/www.esplac.cat\/comissions\/generes-sexualitats-diverses-dissidents\/\" target=\"_blank\" rel=\"noopener noreferrer\">Comissi\u00f3 de G\u00e8neres i Sexualitats Diverses i Dissidents<\/a><\/span> d\u2019Esplac.<\/span><\/p>\n<p><span style=\"font-weight: 300;\">Les Jornades Dissidents ja porten tres anys de traject\u00f2ria i, aquest cop, s\u2019emmarquen en l\u2019any del <span style=\"color: #ff9900;\"><a style=\"color: #ff9900;\" href=\"https:\/\/www.esplac.cat\/40-anys-esplac\/\" target=\"_blank\" rel=\"noopener noreferrer\">40\u00e8 aniversari d\u2019Esplac<\/a>.<\/span><\/span><\/p>\n<p><strong>Les III Jornades Dissidents al detall<\/strong><\/p>\n<p><span style=\"font-weight: 300;\">S\u2019han dut a terme durant tot el diumenge 20 de febrer, configurant un dia d\u2019aprenentatge i idees posades en com\u00fa.\u00a0<\/span><\/p>\n<p><span style=\"font-weight: 300;\">Durant el mat\u00ed es van realitzar diversos tallers i xerrades, a c\u00e0rrec de <\/span><b><span style=\"color: #ff9900;\"><a style=\"color: #ff9900;\" href=\"https:\/\/lizettenin.wordpress.com\/\" target=\"_blank\" rel=\"noopener noreferrer\">Lizette Nin<\/a><\/span>,<span style=\"color: #ff9900;\"><a style=\"color: #ff9900;\" href=\"https:\/\/www.artemapacheartist.com\/\" target=\"_blank\" rel=\"noopener noreferrer\"> Arte Mapache<\/a><\/span> i <span style=\"color: #ff9900;\"><a style=\"color: #ff9900;\" href=\"https:\/\/www.instagram.com\/empatravas\/\" target=\"_blank\" rel=\"noopener noreferrer\">Empatravas<\/a><\/span><\/b><span style=\"font-weight: 300;\">. En aquestes xerrades es van poder tractar les parts te\u00f2riques de la tem\u00e0tica \u201ccorporalitats\u201d, eix transversal i tem\u00e0tic de les Jornades. Tamb\u00e9 es van evidenciar els diferents eixos d\u2019opressi\u00f3 treballats i pr\u00e0ctiques per combatre les discriminacions.\u00a0<\/span><\/p>\n<p><span style=\"font-weight: 300;\">Les Jornades tamb\u00e9 han comptat amb un <strong>aterratge d\u2019idees per grups<\/strong> en qu\u00e8 s\u2019ha pogut compartir, mitjan\u00e7ant diverses formes d\u2019expressi\u00f3 com l\u2019escriptura i el dibuix, les tem\u00e0tiques m\u00e9s importants i destacades extretes de les Jornades, per poder-ho treballar posteriorment als esplais amb infants i joves.<\/span><\/p>\n<p><span style=\"font-weight: 300;\">Ja entrada la tarda, s\u2019ha comptat amb el visionat i posterior debat del documental <\/span><i><span style=\"font-weight: 300;\">Orchids, My Intersex Adventure<\/span><\/i><span style=\"font-weight: 300;\"> i amb tallers en espais no mixtes, que han perm\u00e8s treballar altres formes d\u2019expressi\u00f3 i poder compartir experi\u00e8ncies comunes.\u00a0<\/span><\/p>\n<p><span style=\"font-weight: 300;\">La jornada formativa ha finalitzat amb la xerrada de tancament a c\u00e0rrec de <\/span><b>Columba Zabala <\/b><b><i>&#8220;Acciones perform\u00e1ticas en manada. Cuerpos-territorios, tr\u00e1nsitos afectivos.<\/i><\/b><b><i>&#8220;<\/i><\/b><b>,<\/b><span style=\"font-weight: 300;\"> que ha perm\u00e8s treballar din\u00e0miques de cos i ha abordat la forma en qu\u00e8 ens comuniquem.\u00a0<\/span><\/p>\n<p><b>Aprenentatges compartits<\/b><\/p>\n<p><span style=\"font-weight: 300;\">Un dels punts claus que ha travessat totes les Jornades Dissidents ha estat la<\/span><b> interseccionalitat<\/b><span style=\"font-weight: 300;\">, present a molts dels debats originats durant el transcurs de l\u2019esdeveniment i un dels valors aprovats en el nou <\/span><span style=\"color: #ff9900;\"><a style=\"color: #ff9900;\" href=\"https:\/\/www.esplac.cat\/wp-content\/uploads\/2021\/12\/PE21-24_amb_esmenes.pdf\" target=\"_blank\" rel=\"noopener noreferrer\"><span style=\"font-weight: 300;\">Pla Estrat\u00e8gic 2021-24 d\u2019Esplais Catalans<\/span><\/a><span style=\"font-weight: 300;\">.<\/span><\/span><\/p>\n<p><span style=\"font-weight: 300;\">Les Jornades Dissidents d\u2019Esplac segueixen creixent i abordant tem\u00e0tiques diverses al voltant de la dissid\u00e8ncia. A m\u00e9s, enguany, s\u2019ha seguit apostant per crear un espai que fomenti eines a les persones participants i poder aplicar-les en el treball diari dels esplais amb infants i joves.<\/span><\/p>\n<p>&nbsp;<\/p>\n\n\t\t<style type=\"text\/css\">\n\t\t\t#gallery-1 {\n\t\t\t\tmargin: auto;\n\t\t\t}\n\t\t\t#gallery-1 .gallery-item {\n\t\t\t\tfloat: left;\n\t\t\t\tmargin-top: 10px;\n\t\t\t\ttext-align: center;\n\t\t\t\twidth: 33%;\n\t\t\t}\n\t\t\t#gallery-1 img {\n\t\t\t\tborder: 2px solid #cfcfcf;\n\t\t\t}\n\t\t\t#gallery-1 .gallery-caption {\n\t\t\t\tmargin-left: 0;\n\t\t\t}\n\t\t\t\/* see gallery_shortcode() in wp-includes\/media.php *\/\n\t\t<\/style>\n\t\t<div id='gallery-1' class='gallery galleryid-39287 gallery-columns-3 gallery-size-medium'><dl class='gallery-item'>\n\t\t\t<dt class='gallery-icon landscape'>\n\t\t\t\t<a data-rel=\"iLightbox[postimages]\" data-title=\"photo5812273607412398583\" data-caption=\"\" href='https:\/\/www.esplac.cat\/wp-content\/uploads\/2022\/02\/photo5812273607412398583.jpg'><img decoding=\"async\" width=\"300\" height=\"222\" src=\"https:\/\/www.esplac.cat\/wp-content\/uploads\/2022\/02\/photo5812273607412398583-300x222.jpg\" class=\"attachment-medium size-medium\" alt=\"\" srcset=\"https:\/\/www.esplac.cat\/wp-content\/uploads\/2022\/02\/photo5812273607412398583-200x148.jpg 200w, https:\/\/www.esplac.cat\/wp-content\/uploads\/2022\/02\/photo5812273607412398583-300x222.jpg 300w, https:\/\/www.esplac.cat\/wp-content\/uploads\/2022\/02\/photo5812273607412398583-400x297.jpg 400w, https:\/\/www.esplac.cat\/wp-content\/uploads\/2022\/02\/photo5812273607412398583-600x445.jpg 600w, https:\/\/www.esplac.cat\/wp-content\/uploads\/2022\/02\/photo5812273607412398583-768x569.jpg 768w, https:\/\/www.esplac.cat\/wp-content\/uploads\/2022\/02\/photo5812273607412398583-800x593.jpg 800w, https:\/\/www.esplac.cat\/wp-content\/uploads\/2022\/02\/photo5812273607412398583-1024x759.jpg 1024w, https:\/\/www.esplac.cat\/wp-content\/uploads\/2022\/02\/photo5812273607412398583-1200x890.jpg 1200w, https:\/\/www.esplac.cat\/wp-content\/uploads\/2022\/02\/photo5812273607412398583.jpg 1280w\" sizes=\"(max-width: 300px) 100vw, 300px\" \/><\/a>\n\t\t\t<\/dt><\/dl><dl class='gallery-item'>\n\t\t\t<dt class='gallery-icon landscape'>\n\t\t\t\t<a data-rel=\"iLightbox[postimages]\" data-title=\"photo5812273607412398584\" data-caption=\"\" href='https:\/\/www.esplac.cat\/wp-content\/uploads\/2022\/02\/photo5812273607412398584.jpg'><img decoding=\"async\" width=\"300\" height=\"225\" src=\"https:\/\/www.esplac.cat\/wp-content\/uploads\/2022\/02\/photo5812273607412398584-300x225.jpg\" class=\"attachment-medium size-medium\" alt=\"\" srcset=\"https:\/\/www.esplac.cat\/wp-content\/uploads\/2022\/02\/photo5812273607412398584-200x150.jpg 200w, https:\/\/www.esplac.cat\/wp-content\/uploads\/2022\/02\/photo5812273607412398584-300x225.jpg 300w, https:\/\/www.esplac.cat\/wp-content\/uploads\/2022\/02\/photo5812273607412398584-400x300.jpg 400w, https:\/\/www.esplac.cat\/wp-content\/uploads\/2022\/02\/photo5812273607412398584-600x450.jpg 600w, https:\/\/www.esplac.cat\/wp-content\/uploads\/2022\/02\/photo5812273607412398584-768x576.jpg 768w, https:\/\/www.esplac.cat\/wp-content\/uploads\/2022\/02\/photo5812273607412398584-800x600.jpg 800w, https:\/\/www.esplac.cat\/wp-content\/uploads\/2022\/02\/photo5812273607412398584-1024x768.jpg 1024w, https:\/\/www.esplac.cat\/wp-content\/uploads\/2022\/02\/photo5812273607412398584-1200x900.jpg 1200w, https:\/\/www.esplac.cat\/wp-content\/uploads\/2022\/02\/photo5812273607412398584.jpg 1280w\" sizes=\"(max-width: 300px) 100vw, 300px\" \/><\/a>\n\t\t\t<\/dt><\/dl><dl class='gallery-item'>\n\t\t\t<dt class='gallery-icon landscape'>\n\t\t\t\t<a data-rel=\"iLightbox[postimages]\" data-title=\"photo5812273607412398587\" data-caption=\"\" href='https:\/\/www.esplac.cat\/wp-content\/uploads\/2022\/02\/photo5812273607412398587.jpg'><img decoding=\"async\" width=\"300\" height=\"225\" src=\"https:\/\/www.esplac.cat\/wp-content\/uploads\/2022\/02\/photo5812273607412398587-300x225.jpg\" class=\"attachment-medium size-medium\" alt=\"\" srcset=\"https:\/\/www.esplac.cat\/wp-content\/uploads\/2022\/02\/photo5812273607412398587-200x150.jpg 200w, https:\/\/www.esplac.cat\/wp-content\/uploads\/2022\/02\/photo5812273607412398587-300x225.jpg 300w, https:\/\/www.esplac.cat\/wp-content\/uploads\/2022\/02\/photo5812273607412398587-400x300.jpg 400w, https:\/\/www.esplac.cat\/wp-content\/uploads\/2022\/02\/photo5812273607412398587-600x450.jpg 600w, https:\/\/www.esplac.cat\/wp-content\/uploads\/2022\/02\/photo5812273607412398587-768x576.jpg 768w, https:\/\/www.esplac.cat\/wp-content\/uploads\/2022\/02\/photo5812273607412398587-800x600.jpg 800w, https:\/\/www.esplac.cat\/wp-content\/uploads\/2022\/02\/photo5812273607412398587-1024x768.jpg 1024w, https:\/\/www.esplac.cat\/wp-content\/uploads\/2022\/02\/photo5812273607412398587-1200x900.jpg 1200w, https:\/\/www.esplac.cat\/wp-content\/uploads\/2022\/02\/photo5812273607412398587.jpg 1280w\" sizes=\"(max-width: 300px) 100vw, 300px\" \/><\/a>\n\t\t\t<\/dt><\/dl><br style=\"clear: both\" \/><dl class='gallery-item'>\n\t\t\t<dt class='gallery-icon portrait'>\n\t\t\t\t<a data-rel=\"iLightbox[postimages]\" data-title=\"photo5812273607412398586\" data-caption=\"\" href='https:\/\/www.esplac.cat\/wp-content\/uploads\/2022\/02\/photo5812273607412398586.jpg'><img decoding=\"async\" width=\"227\" height=\"300\" src=\"https:\/\/www.esplac.cat\/wp-content\/uploads\/2022\/02\/photo5812273607412398586-227x300.jpg\" class=\"attachment-medium size-medium\" alt=\"\" srcset=\"https:\/\/www.esplac.cat\/wp-content\/uploads\/2022\/02\/photo5812273607412398586-200x264.jpg 200w, https:\/\/www.esplac.cat\/wp-content\/uploads\/2022\/02\/photo5812273607412398586-227x300.jpg 227w, https:\/\/www.esplac.cat\/wp-content\/uploads\/2022\/02\/photo5812273607412398586-400x528.jpg 400w, https:\/\/www.esplac.cat\/wp-content\/uploads\/2022\/02\/photo5812273607412398586-600x793.jpg 600w, https:\/\/www.esplac.cat\/wp-content\/uploads\/2022\/02\/photo5812273607412398586-768x1014.jpg 768w, https:\/\/www.esplac.cat\/wp-content\/uploads\/2022\/02\/photo5812273607412398586-775x1024.jpg 775w, https:\/\/www.esplac.cat\/wp-content\/uploads\/2022\/02\/photo5812273607412398586-800x1057.jpg 800w, https:\/\/www.esplac.cat\/wp-content\/uploads\/2022\/02\/photo5812273607412398586.jpg 969w\" sizes=\"(max-width: 227px) 100vw, 227px\" \/><\/a>\n\t\t\t<\/dt><\/dl><dl class='gallery-item'>\n\t\t\t<dt class='gallery-icon landscape'>\n\t\t\t\t<a data-rel=\"iLightbox[postimages]\" data-title=\"photo5812273607412398585\" data-caption=\"\" href='https:\/\/www.esplac.cat\/wp-content\/uploads\/2022\/02\/photo5812273607412398585.jpg'><img decoding=\"async\" width=\"300\" height=\"205\" src=\"https:\/\/www.esplac.cat\/wp-content\/uploads\/2022\/02\/photo5812273607412398585-300x205.jpg\" class=\"attachment-medium size-medium\" alt=\"\" srcset=\"https:\/\/www.esplac.cat\/wp-content\/uploads\/2022\/02\/photo5812273607412398585-200x137.jpg 200w, https:\/\/www.esplac.cat\/wp-content\/uploads\/2022\/02\/photo5812273607412398585-300x205.jpg 300w, https:\/\/www.esplac.cat\/wp-content\/uploads\/2022\/02\/photo5812273607412398585-400x274.jpg 400w, https:\/\/www.esplac.cat\/wp-content\/uploads\/2022\/02\/photo5812273607412398585-600x411.jpg 600w, https:\/\/www.esplac.cat\/wp-content\/uploads\/2022\/02\/photo5812273607412398585-768x526.jpg 768w, https:\/\/www.esplac.cat\/wp-content\/uploads\/2022\/02\/photo5812273607412398585-800x548.jpg 800w, https:\/\/www.esplac.cat\/wp-content\/uploads\/2022\/02\/photo5812273607412398585-1024x701.jpg 1024w, https:\/\/www.esplac.cat\/wp-content\/uploads\/2022\/02\/photo5812273607412398585-1200x821.jpg 1200w, https:\/\/www.esplac.cat\/wp-content\/uploads\/2022\/02\/photo5812273607412398585.jpg 1280w\" sizes=\"(max-width: 300px) 100vw, 300px\" \/><\/a>\n\t\t\t<\/dt><\/dl>\n\t\t\t<br style='clear: both' \/>\n\t\t<\/div>\n\n","protected":false},"excerpt":{"rendered":"<p>Durant el transcurs de les Jornades s\u2019ha abordat la tem\u00e0tica [&hellip;]<\/p>\n","protected":false},"author":3,"featured_media":39289,"comment_status":"closed","ping_status":"closed","sticky":false,"template":"","format":"standard","meta":{"om_disable_all_campaigns":false,"_monsterinsights_skip_tracking":false,"_monsterinsights_sitenote_active":false,"_monsterinsights_sitenote_note":"","_monsterinsights_sitenote_category":0,"_uf_show_specific_survey":0,"_uf_disable_surveys":false,"footnotes":""},"categories":[1160],"tags":[],"class_list":["post-39287","post","type-post","status-publish","format-standard","has-post-thumbnail","hentry","category-comissio-gsdd"],"yoast_head":"<!-- This site is optimized with the Yoast SEO plugin v27.5 - https:\/\/yoast.com\/product\/yoast-seo-wordpress\/ -->\n<title>Les III Jornades Dissidents d&#039;Esplac han reunit unes 40 persones<\/title>\n<meta name=\"description\" content=\"A les III Jornades Dissidents s\u2019ha abordat la tem\u00e0tica \u201ccorporalitats\u201d, comptant amb un espai d\u2019aterratge d&#039;idees per posar-les en pr\u00e0ctica.\" \/>\n<meta name=\"robots\" content=\"index, follow, max-snippet:-1, max-image-preview:large, max-video-preview:-1\" \/>\n<link rel=\"canonical\" href=\"https:\/\/www.esplac.cat\/jornades-dissidents-casal-joves-corts\/\" \/>\n<meta property=\"og:locale\" content=\"en_US\" \/>\n<meta property=\"og:type\" content=\"article\" \/>\n<meta property=\"og:title\" content=\"Les III Jornades Dissidents d&#039;Esplac han reunit unes 40 persones\" \/>\n<meta property=\"og:description\" content=\"A les III Jornades Dissidents s\u2019ha abordat la tem\u00e0tica \u201ccorporalitats\u201d, comptant amb un espai d\u2019aterratge d&#039;idees per posar-les en pr\u00e0ctica.\" \/>\n<meta property=\"og:url\" content=\"https:\/\/www.esplac.cat\/jornades-dissidents-casal-joves-corts\/\" \/>\n<meta property=\"og:site_name\" content=\"Esplac\" \/>\n<meta property=\"article:published_time\" content=\"2022-02-22T11:56:00+00:00\" \/>\n<meta property=\"article:modified_time\" content=\"2022-02-22T11:57:37+00:00\" \/>\n<meta property=\"og:image\" content=\"https:\/\/www.esplac.cat\/wp-content\/uploads\/2022\/02\/jornadesdissidentspost.jpg\" \/>\n\t<meta property=\"og:image:width\" content=\"1694\" \/>\n\t<meta property=\"og:image:height\" content=\"700\" \/>\n\t<meta property=\"og:image:type\" content=\"image\/jpeg\" \/>\n<meta name=\"author\" content=\"Comunicaci\u00f3 Esplac\" \/>\n<meta name=\"twitter:card\" content=\"summary_large_image\" \/>\n<meta name=\"twitter:label1\" content=\"Written by\" \/>\n\t<meta name=\"twitter:data1\" content=\"Comunicaci\u00f3 Esplac\" \/>\n\t<meta name=\"twitter:label2\" content=\"Est. reading time\" \/>\n\t<meta name=\"twitter:data2\" content=\"2 minutes\" \/>\n<script type=\"application\/ld+json\" class=\"yoast-schema-graph\">{\"@context\":\"https:\\\/\\\/schema.org\",\"@graph\":[{\"@type\":\"Article\",\"@id\":\"https:\\\/\\\/www.esplac.cat\\\/jornades-dissidents-casal-joves-corts\\\/#article\",\"isPartOf\":{\"@id\":\"https:\\\/\\\/www.esplac.cat\\\/jornades-dissidents-casal-joves-corts\\\/\"},\"author\":{\"name\":\"Comunicaci\u00f3 Esplac\",\"@id\":\"https:\\\/\\\/www.esplac.cat\\\/#\\\/schema\\\/person\\\/908383cf240be18b68f8855d0583faca\"},\"headline\":\"Les III Jornades Dissidents han reunint unes 40 persones al Casal de Joves de les Corts\",\"datePublished\":\"2022-02-22T11:56:00+00:00\",\"dateModified\":\"2022-02-22T11:57:37+00:00\",\"mainEntityOfPage\":{\"@id\":\"https:\\\/\\\/www.esplac.cat\\\/jornades-dissidents-casal-joves-corts\\\/\"},\"wordCount\":446,\"publisher\":{\"@id\":\"https:\\\/\\\/www.esplac.cat\\\/#organization\"},\"image\":{\"@id\":\"https:\\\/\\\/www.esplac.cat\\\/jornades-dissidents-casal-joves-corts\\\/#primaryimage\"},\"thumbnailUrl\":\"https:\\\/\\\/www.esplac.cat\\\/wp-content\\\/uploads\\\/2022\\\/02\\\/jornadesdissidentspost.jpg\",\"articleSection\":[\"Comissi\u00f3 GSDD\"],\"inLanguage\":\"en-US\"},{\"@type\":\"WebPage\",\"@id\":\"https:\\\/\\\/www.esplac.cat\\\/jornades-dissidents-casal-joves-corts\\\/\",\"url\":\"https:\\\/\\\/www.esplac.cat\\\/jornades-dissidents-casal-joves-corts\\\/\",\"name\":\"Les III Jornades Dissidents d'Esplac han reunit unes 40 persones\",\"isPartOf\":{\"@id\":\"https:\\\/\\\/www.esplac.cat\\\/#website\"},\"primaryImageOfPage\":{\"@id\":\"https:\\\/\\\/www.esplac.cat\\\/jornades-dissidents-casal-joves-corts\\\/#primaryimage\"},\"image\":{\"@id\":\"https:\\\/\\\/www.esplac.cat\\\/jornades-dissidents-casal-joves-corts\\\/#primaryimage\"},\"thumbnailUrl\":\"https:\\\/\\\/www.esplac.cat\\\/wp-content\\\/uploads\\\/2022\\\/02\\\/jornadesdissidentspost.jpg\",\"datePublished\":\"2022-02-22T11:56:00+00:00\",\"dateModified\":\"2022-02-22T11:57:37+00:00\",\"description\":\"A les III Jornades Dissidents s\u2019ha abordat la tem\u00e0tica \u201ccorporalitats\u201d, comptant amb un espai d\u2019aterratge d'idees per posar-les en pr\u00e0ctica.\",\"breadcrumb\":{\"@id\":\"https:\\\/\\\/www.esplac.cat\\\/jornades-dissidents-casal-joves-corts\\\/#breadcrumb\"},\"inLanguage\":\"en-US\",\"potentialAction\":[{\"@type\":\"ReadAction\",\"target\":[\"https:\\\/\\\/www.esplac.cat\\\/jornades-dissidents-casal-joves-corts\\\/\"]}]},{\"@type\":\"ImageObject\",\"inLanguage\":\"en-US\",\"@id\":\"https:\\\/\\\/www.esplac.cat\\\/jornades-dissidents-casal-joves-corts\\\/#primaryimage\",\"url\":\"https:\\\/\\\/www.esplac.cat\\\/wp-content\\\/uploads\\\/2022\\\/02\\\/jornadesdissidentspost.jpg\",\"contentUrl\":\"https:\\\/\\\/www.esplac.cat\\\/wp-content\\\/uploads\\\/2022\\\/02\\\/jornadesdissidentspost.jpg\",\"width\":1694,\"height\":700,\"caption\":\"III Jornades Dissidents\"},{\"@type\":\"BreadcrumbList\",\"@id\":\"https:\\\/\\\/www.esplac.cat\\\/jornades-dissidents-casal-joves-corts\\\/#breadcrumb\",\"itemListElement\":[{\"@type\":\"ListItem\",\"position\":1,\"name\":\"Inici\",\"item\":\"https:\\\/\\\/www.esplac.cat\\\/en\\\/\"},{\"@type\":\"ListItem\",\"position\":2,\"name\":\"Les III Jornades Dissidents han reunint unes 40 persones al Casal de Joves de les Corts\"}]},{\"@type\":\"WebSite\",\"@id\":\"https:\\\/\\\/www.esplac.cat\\\/#website\",\"url\":\"https:\\\/\\\/www.esplac.cat\\\/\",\"name\":\"Esplac\",\"description\":\"Esplais Catalans\",\"publisher\":{\"@id\":\"https:\\\/\\\/www.esplac.cat\\\/#organization\"},\"potentialAction\":[{\"@type\":\"SearchAction\",\"target\":{\"@type\":\"EntryPoint\",\"urlTemplate\":\"https:\\\/\\\/www.esplac.cat\\\/?s={search_term_string}\"},\"query-input\":{\"@type\":\"PropertyValueSpecification\",\"valueRequired\":true,\"valueName\":\"search_term_string\"}}],\"inLanguage\":\"en-US\"},{\"@type\":\"Organization\",\"@id\":\"https:\\\/\\\/www.esplac.cat\\\/#organization\",\"name\":\"Esplac\",\"url\":\"https:\\\/\\\/www.esplac.cat\\\/\",\"logo\":{\"@type\":\"ImageObject\",\"inLanguage\":\"en-US\",\"@id\":\"https:\\\/\\\/www.esplac.cat\\\/#\\\/schema\\\/logo\\\/image\\\/\",\"url\":\"https:\\\/\\\/www.esplac.cat\\\/wp-content\\\/uploads\\\/2019\\\/08\\\/logox2.png\",\"contentUrl\":\"https:\\\/\\\/www.esplac.cat\\\/wp-content\\\/uploads\\\/2019\\\/08\\\/logox2.png\",\"width\":600,\"height\":295,\"caption\":\"Esplac\"},\"image\":{\"@id\":\"https:\\\/\\\/www.esplac.cat\\\/#\\\/schema\\\/logo\\\/image\\\/\"}},{\"@type\":\"Person\",\"@id\":\"https:\\\/\\\/www.esplac.cat\\\/#\\\/schema\\\/person\\\/908383cf240be18b68f8855d0583faca\",\"name\":\"Comunicaci\u00f3 Esplac\",\"image\":{\"@type\":\"ImageObject\",\"inLanguage\":\"en-US\",\"@id\":\"https:\\\/\\\/secure.gravatar.com\\\/avatar\\\/7a4cf8feb412a76ea4a740ca02d95b06b2907b5a6c648c2dd0a1082a093c3141?s=96&d=mm&r=g\",\"url\":\"https:\\\/\\\/secure.gravatar.com\\\/avatar\\\/7a4cf8feb412a76ea4a740ca02d95b06b2907b5a6c648c2dd0a1082a093c3141?s=96&d=mm&r=g\",\"contentUrl\":\"https:\\\/\\\/secure.gravatar.com\\\/avatar\\\/7a4cf8feb412a76ea4a740ca02d95b06b2907b5a6c648c2dd0a1082a093c3141?s=96&d=mm&r=g\",\"caption\":\"Comunicaci\u00f3 Esplac\"}}]}<\/script>\n<!-- \/ Yoast SEO plugin. -->","yoast_head_json":{"title":"Les III Jornades Dissidents d'Esplac han reunit unes 40 persones","description":"A les III Jornades Dissidents s\u2019ha abordat la tem\u00e0tica \u201ccorporalitats\u201d, comptant amb un espai d\u2019aterratge d'idees per posar-les en pr\u00e0ctica.","robots":{"index":"index","follow":"follow","max-snippet":"max-snippet:-1","max-image-preview":"max-image-preview:large","max-video-preview":"max-video-preview:-1"},"canonical":"https:\/\/www.esplac.cat\/jornades-dissidents-casal-joves-corts\/","og_locale":"en_US","og_type":"article","og_title":"Les III Jornades Dissidents d'Esplac han reunit unes 40 persones","og_description":"A les III Jornades Dissidents s\u2019ha abordat la tem\u00e0tica \u201ccorporalitats\u201d, comptant amb un espai d\u2019aterratge d'idees per posar-les en pr\u00e0ctica.","og_url":"https:\/\/www.esplac.cat\/jornades-dissidents-casal-joves-corts\/","og_site_name":"Esplac","article_published_time":"2022-02-22T11:56:00+00:00","article_modified_time":"2022-02-22T11:57:37+00:00","og_image":[{"width":1694,"height":700,"url":"https:\/\/www.esplac.cat\/wp-content\/uploads\/2022\/02\/jornadesdissidentspost.jpg","type":"image\/jpeg"}],"author":"Comunicaci\u00f3 Esplac","twitter_card":"summary_large_image","twitter_misc":{"Written by":"Comunicaci\u00f3 Esplac","Est. reading time":"2 minutes"},"schema":{"@context":"https:\/\/schema.org","@graph":[{"@type":"Article","@id":"https:\/\/www.esplac.cat\/jornades-dissidents-casal-joves-corts\/#article","isPartOf":{"@id":"https:\/\/www.esplac.cat\/jornades-dissidents-casal-joves-corts\/"},"author":{"name":"Comunicaci\u00f3 Esplac","@id":"https:\/\/www.esplac.cat\/#\/schema\/person\/908383cf240be18b68f8855d0583faca"},"headline":"Les III Jornades Dissidents han reunint unes 40 persones al Casal de Joves de les Corts","datePublished":"2022-02-22T11:56:00+00:00","dateModified":"2022-02-22T11:57:37+00:00","mainEntityOfPage":{"@id":"https:\/\/www.esplac.cat\/jornades-dissidents-casal-joves-corts\/"},"wordCount":446,"publisher":{"@id":"https:\/\/www.esplac.cat\/#organization"},"image":{"@id":"https:\/\/www.esplac.cat\/jornades-dissidents-casal-joves-corts\/#primaryimage"},"thumbnailUrl":"https:\/\/www.esplac.cat\/wp-content\/uploads\/2022\/02\/jornadesdissidentspost.jpg","articleSection":["Comissi\u00f3 GSDD"],"inLanguage":"en-US"},{"@type":"WebPage","@id":"https:\/\/www.esplac.cat\/jornades-dissidents-casal-joves-corts\/","url":"https:\/\/www.esplac.cat\/jornades-dissidents-casal-joves-corts\/","name":"Les III Jornades Dissidents d'Esplac han reunit unes 40 persones","isPartOf":{"@id":"https:\/\/www.esplac.cat\/#website"},"primaryImageOfPage":{"@id":"https:\/\/www.esplac.cat\/jornades-dissidents-casal-joves-corts\/#primaryimage"},"image":{"@id":"https:\/\/www.esplac.cat\/jornades-dissidents-casal-joves-corts\/#primaryimage"},"thumbnailUrl":"https:\/\/www.esplac.cat\/wp-content\/uploads\/2022\/02\/jornadesdissidentspost.jpg","datePublished":"2022-02-22T11:56:00+00:00","dateModified":"2022-02-22T11:57:37+00:00","description":"A les III Jornades Dissidents s\u2019ha abordat la tem\u00e0tica \u201ccorporalitats\u201d, comptant amb un espai d\u2019aterratge d'idees per posar-les en pr\u00e0ctica.","breadcrumb":{"@id":"https:\/\/www.esplac.cat\/jornades-dissidents-casal-joves-corts\/#breadcrumb"},"inLanguage":"en-US","potentialAction":[{"@type":"ReadAction","target":["https:\/\/www.esplac.cat\/jornades-dissidents-casal-joves-corts\/"]}]},{"@type":"ImageObject","inLanguage":"en-US","@id":"https:\/\/www.esplac.cat\/jornades-dissidents-casal-joves-corts\/#primaryimage","url":"https:\/\/www.esplac.cat\/wp-content\/uploads\/2022\/02\/jornadesdissidentspost.jpg","contentUrl":"https:\/\/www.esplac.cat\/wp-content\/uploads\/2022\/02\/jornadesdissidentspost.jpg","width":1694,"height":700,"caption":"III Jornades Dissidents"},{"@type":"BreadcrumbList","@id":"https:\/\/www.esplac.cat\/jornades-dissidents-casal-joves-corts\/#breadcrumb","itemListElement":[{"@type":"ListItem","position":1,"name":"Inici","item":"https:\/\/www.esplac.cat\/en\/"},{"@type":"ListItem","position":2,"name":"Les III Jornades Dissidents han reunint unes 40 persones al Casal de Joves de les Corts"}]},{"@type":"WebSite","@id":"https:\/\/www.esplac.cat\/#website","url":"https:\/\/www.esplac.cat\/","name":"Esplac","description":"Esplais Catalans","publisher":{"@id":"https:\/\/www.esplac.cat\/#organization"},"potentialAction":[{"@type":"SearchAction","target":{"@type":"EntryPoint","urlTemplate":"https:\/\/www.esplac.cat\/?s={search_term_string}"},"query-input":{"@type":"PropertyValueSpecification","valueRequired":true,"valueName":"search_term_string"}}],"inLanguage":"en-US"},{"@type":"Organization","@id":"https:\/\/www.esplac.cat\/#organization","name":"Esplac","url":"https:\/\/www.esplac.cat\/","logo":{"@type":"ImageObject","inLanguage":"en-US","@id":"https:\/\/www.esplac.cat\/#\/schema\/logo\/image\/","url":"https:\/\/www.esplac.cat\/wp-content\/uploads\/2019\/08\/logox2.png","contentUrl":"https:\/\/www.esplac.cat\/wp-content\/uploads\/2019\/08\/logox2.png","width":600,"height":295,"caption":"Esplac"},"image":{"@id":"https:\/\/www.esplac.cat\/#\/schema\/logo\/image\/"}},{"@type":"Person","@id":"https:\/\/www.esplac.cat\/#\/schema\/person\/908383cf240be18b68f8855d0583faca","name":"Comunicaci\u00f3 Esplac","image":{"@type":"ImageObject","inLanguage":"en-US","@id":"https:\/\/secure.gravatar.com\/avatar\/7a4cf8feb412a76ea4a740ca02d95b06b2907b5a6c648c2dd0a1082a093c3141?s=96&d=mm&r=g","url":"https:\/\/secure.gravatar.com\/avatar\/7a4cf8feb412a76ea4a740ca02d95b06b2907b5a6c648c2dd0a1082a093c3141?s=96&d=mm&r=g","contentUrl":"https:\/\/secure.gravatar.com\/avatar\/7a4cf8feb412a76ea4a740ca02d95b06b2907b5a6c648c2dd0a1082a093c3141?s=96&d=mm&r=g","caption":"Comunicaci\u00f3 Esplac"}}]}},"_links":{"self":[{"href":"https:\/\/www.esplac.cat\/en\/wp-json\/wp\/v2\/posts\/39287","targetHints":{"allow":["GET"]}}],"collection":[{"href":"https:\/\/www.esplac.cat\/en\/wp-json\/wp\/v2\/posts"}],"about":[{"href":"https:\/\/www.esplac.cat\/en\/wp-json\/wp\/v2\/types\/post"}],"author":[{"embeddable":true,"href":"https:\/\/www.esplac.cat\/en\/wp-json\/wp\/v2\/users\/3"}],"replies":[{"embeddable":true,"href":"https:\/\/www.esplac.cat\/en\/wp-json\/wp\/v2\/comments?post=39287"}],"version-history":[{"count":0,"href":"https:\/\/www.esplac.cat\/en\/wp-json\/wp\/v2\/posts\/39287\/revisions"}],"wp:featuredmedia":[{"embeddable":true,"href":"https:\/\/www.esplac.cat\/en\/wp-json\/wp\/v2\/media\/39289"}],"wp:attachment":[{"href":"https:\/\/www.esplac.cat\/en\/wp-json\/wp\/v2\/media?parent=39287"}],"wp:term":[{"taxonomy":"category","embeddable":true,"href":"https:\/\/www.esplac.cat\/en\/wp-json\/wp\/v2\/categories?post=39287"},{"taxonomy":"post_tag","embeddable":true,"href":"https:\/\/www.esplac.cat\/en\/wp-json\/wp\/v2\/tags?post=39287"}],"curies":[{"name":"wp","href":"https:\/\/api.w.org\/{rel}","templated":true}]}}