{"id":39414,"date":"2022-02-28T18:09:10","date_gmt":"2022-02-28T16:09:10","guid":{"rendered":"https:\/\/www.esplac.cat\/?p=39414"},"modified":"2022-02-28T18:11:03","modified_gmt":"2022-02-28T16:11:03","slug":"torna-ambauka-esplaiada","status":"publish","type":"post","link":"https:\/\/www.esplac.cat\/en\/torna-ambauka-esplaiada\/","title":{"rendered":"Torna Ambauka per l&#8217;Esplaiada 2022!"},"content":{"rendered":"<div class=\"MOdxS \">\n<h6><strong>Divendres passat vam desvetllar una gran inc\u00f2gnita: torna Ambauka per l&#8217;Esplaiada 2022!<\/strong><\/h6>\n<p>Tal com ho llegiu, despr\u00e9s de deu anys, torna <span style=\"color: #f69d0b;\"><a style=\"color: #f69d0b;\" href=\"https:\/\/ambauka.cat\">Ambauka<\/a> <\/span>per l&#8217;Esplaiada! El grup de m\u00fasica infantil Ambauka ens acompanyar\u00e0 durant el diumenge <strong>8 de maig a Sant Cugat del Vall\u00e8s<\/strong>. Ballarem, cantarem i ens divertirem de la m\u00e0 del grup que va crear el gran &#8220;hit&#8221; de <span style=\"color: #f69d0b;\"><a style=\"color: #f69d0b;\" href=\"https:\/\/www.youtube.com\/watch?v=J6BwEylgZwo\"><em>L&#8217;energia de l&#8217;esplai<\/em><\/a><\/span>\u00a0el 2012, i que aquest any ha creat la nova can\u00e7\u00f3 de l&#8217;Esplaiada.<\/p>\n<p>Ambauka ens va acompanyar durant l&#8217;<span style=\"color: #f69d0b;\"><a style=\"color: #f69d0b;\" href=\"https:\/\/www.esplac.cat\/trobades\/esplaiada-2012\/\">Esplaiada 2012<\/a><\/span> i ara tornen amb m\u00e9s for\u00e7a que mai per celebrar l&#8217;Esplaiada del <span style=\"color: #f69d0b;\"><a style=\"color: #f69d0b;\" href=\"https:\/\/www.esplac.cat\/40-anys-esplac\/\">40\u00e8 aniversari.<\/a><\/span> Durant tot l&#8217;any, des d&#8217;Esplac hem anat treballant amb el grup per poder crear una can\u00e7\u00f3 \u00fanica i que es converteixi en la banda sonora de l&#8217;Esplaiada. Aquesta can\u00e7\u00f3 ens explicar\u00e0 que simbolitza anar a l&#8217;esplai i reivindicar\u00e0 el lema de l&#8217;<span style=\"color: #f69d0b;\"><a style=\"color: #f69d0b;\" href=\"https:\/\/www.esplac.cat\/events\/esplaiada-2022\/\">Esplaiada<\/a><\/span> d&#8217;aquest any: <em><strong>&#8220;La veu d&#8217;un infant \u00e9s m\u00e9s gran que un elefant&#8221;.<\/strong><\/em><\/p>\n<p>El grup de m\u00fasica Ambauka, a m\u00e9s, t\u00e9 una gran relaci\u00f3 amb Esplac, ja va n\u00e9ixer el 2008 a l\u2019Esplai l\u2019Agrupa de Molins de Rei, al <span style=\"color: #f69d0b;\"><a style=\"color: #f69d0b;\" href=\"https:\/\/www.esplac.cat\/sectors-geografics\/baix-llobregat\/\">Sector Baix Llobregat<\/a><\/span>. Un grup de monis va decidir formar Ambauka com a un grup d&#8217;animaci\u00f3 infantil per celebrar la Festa de la Primavera!<\/p>\n<p>Tot i que encara no es pot escoltar la can\u00e7\u00f3 sencera i ens falten detalls que descobrirem imminentment, ja podeu ballar-ne un trosset per Instagram. Nom\u00e9s heu de fer el vostre ball preferit per <em>reels d&#8217;Instagram,\u00a0<\/em>etiquetar-ne al nostre influencer de l&#8217;Esplaiada de confian\u00e7a: l&#8217;<span style=\"color: #f69d0b;\"><a style=\"color: #f69d0b;\" href=\"https:\/\/www.instagram.com\/elefant.fan\/\">@elefant.fan<\/a><\/span>, i a <span style=\"color: #f69d0b;\"><a style=\"color: #f69d0b;\" href=\"https:\/\/www.instagram.com\/esplaiscatalans\/\">@esplaiscatalans<\/a><\/span>. Les etiquetes que heu de fer servir s\u00f3n les que ens acompanyaran durant tota l&#8217;Esplaiada <strong>#LaVeuDelsInfants #Esplaiada2022 i #TincEsplai<\/strong>.<\/p>\n<p>Aquest any, a m\u00e9s, podreu anar descobrint sorpreses sobre la can\u00e7\u00f3 i l&#8217;Esplaiada per les nostres xarxes i les del grup Ambauka. \u00a0I atenci\u00f3, perqu\u00e8 en menys d&#8217;un mes tindrem el nom de la can\u00e7\u00f3, sabrem com sona i totes les seves an\u00e8cdotes en exclusiva!<\/p>\n<p>&nbsp;<\/p>\n<p><img decoding=\"async\" class=\"aligncenter wp-image-39419\" src=\"https:\/\/www.esplac.cat\/wp-content\/uploads\/2022\/02\/DD8ABA1A-3EB3-4E5A-B061-90D835A4D415.jpg\" alt=\"\" width=\"650\" height=\"650\" srcset=\"https:\/\/www.esplac.cat\/wp-content\/uploads\/2022\/02\/DD8ABA1A-3EB3-4E5A-B061-90D835A4D415-66x66.jpg 66w, https:\/\/www.esplac.cat\/wp-content\/uploads\/2022\/02\/DD8ABA1A-3EB3-4E5A-B061-90D835A4D415-150x150.jpg 150w, https:\/\/www.esplac.cat\/wp-content\/uploads\/2022\/02\/DD8ABA1A-3EB3-4E5A-B061-90D835A4D415.jpg 1440w\" sizes=\"(max-width: 650px) 100vw, 650px\" \/><\/p>\n<\/div>\n<p>&nbsp;<\/p>\n<p>&nbsp;<\/p>\n","protected":false},"excerpt":{"rendered":"<p>Divendres passat vam desvetllar una gran inc\u00f2gnita: torna Ambauka per [&hellip;]<\/p>\n","protected":false},"author":3,"featured_media":39415,"comment_status":"closed","ping_status":"closed","sticky":false,"template":"","format":"standard","meta":{"om_disable_all_campaigns":false,"_monsterinsights_skip_tracking":false,"_monsterinsights_sitenote_active":false,"_monsterinsights_sitenote_note":"","_monsterinsights_sitenote_category":0,"_uf_show_specific_survey":0,"_uf_disable_surveys":false,"footnotes":""},"categories":[1136],"tags":[],"class_list":["post-39414","post","type-post","status-publish","format-standard","has-post-thumbnail","hentry","category-esplaiada"],"yoast_head":"<!-- This site is optimized with the Yoast SEO plugin v27.4 - https:\/\/yoast.com\/product\/yoast-seo-wordpress\/ -->\n<title>Torna Ambauka per l&#039;Esplaiada 2022! - Esplac<\/title>\n<meta name=\"description\" content=\"Ambauka \u00e9s el grup de m\u00fasica que ha fet la can\u00e7\u00f3 de l&#039;Esplaiada 2022! En poc temps podreu escoltar-la amb un munt de sorpreses per davant!\" \/>\n<meta name=\"robots\" content=\"index, follow, max-snippet:-1, max-image-preview:large, max-video-preview:-1\" \/>\n<link rel=\"canonical\" href=\"https:\/\/www.esplac.cat\/en\/torna-ambauka-esplaiada\/\" \/>\n<meta property=\"og:locale\" content=\"en_US\" \/>\n<meta property=\"og:type\" content=\"article\" \/>\n<meta property=\"og:title\" content=\"Torna Ambauka per l&#039;Esplaiada 2022! - Esplac\" \/>\n<meta property=\"og:description\" content=\"Ambauka \u00e9s el grup de m\u00fasica que ha fet la can\u00e7\u00f3 de l&#039;Esplaiada 2022! En poc temps podreu escoltar-la amb un munt de sorpreses per davant!\" \/>\n<meta property=\"og:url\" content=\"https:\/\/www.esplac.cat\/en\/torna-ambauka-esplaiada\/\" \/>\n<meta property=\"og:site_name\" content=\"Esplac\" \/>\n<meta property=\"article:published_time\" content=\"2022-02-28T16:09:10+00:00\" \/>\n<meta property=\"article:modified_time\" content=\"2022-02-28T16:11:03+00:00\" \/>\n<meta property=\"og:image\" content=\"https:\/\/www.esplac.cat\/wp-content\/uploads\/2022\/02\/Portades-web-5.jpg\" \/>\n\t<meta property=\"og:image:width\" content=\"1694\" \/>\n\t<meta property=\"og:image:height\" content=\"700\" \/>\n\t<meta property=\"og:image:type\" content=\"image\/jpeg\" \/>\n<meta name=\"author\" content=\"Comunicaci\u00f3 Esplac\" \/>\n<meta name=\"twitter:card\" content=\"summary_large_image\" \/>\n<meta name=\"twitter:label1\" content=\"Written by\" \/>\n\t<meta name=\"twitter:data1\" content=\"Comunicaci\u00f3 Esplac\" \/>\n\t<meta name=\"twitter:label2\" content=\"Est. reading time\" \/>\n\t<meta name=\"twitter:data2\" content=\"2 minutes\" \/>\n<script type=\"application\/ld+json\" class=\"yoast-schema-graph\">{\"@context\":\"https:\\\/\\\/schema.org\",\"@graph\":[{\"@type\":\"Article\",\"@id\":\"https:\\\/\\\/www.esplac.cat\\\/en\\\/torna-ambauka-esplaiada\\\/#article\",\"isPartOf\":{\"@id\":\"https:\\\/\\\/www.esplac.cat\\\/en\\\/torna-ambauka-esplaiada\\\/\"},\"author\":{\"name\":\"Comunicaci\u00f3 Esplac\",\"@id\":\"https:\\\/\\\/www.esplac.cat\\\/#\\\/schema\\\/person\\\/908383cf240be18b68f8855d0583faca\"},\"headline\":\"Torna Ambauka per l&#8217;Esplaiada 2022!\",\"datePublished\":\"2022-02-28T16:09:10+00:00\",\"dateModified\":\"2022-02-28T16:11:03+00:00\",\"mainEntityOfPage\":{\"@id\":\"https:\\\/\\\/www.esplac.cat\\\/en\\\/torna-ambauka-esplaiada\\\/\"},\"wordCount\":354,\"publisher\":{\"@id\":\"https:\\\/\\\/www.esplac.cat\\\/#organization\"},\"image\":{\"@id\":\"https:\\\/\\\/www.esplac.cat\\\/en\\\/torna-ambauka-esplaiada\\\/#primaryimage\"},\"thumbnailUrl\":\"https:\\\/\\\/www.esplac.cat\\\/wp-content\\\/uploads\\\/2022\\\/02\\\/Portades-web-5.jpg\",\"articleSection\":[\"Esplaiada\"],\"inLanguage\":\"en-US\"},{\"@type\":\"WebPage\",\"@id\":\"https:\\\/\\\/www.esplac.cat\\\/en\\\/torna-ambauka-esplaiada\\\/\",\"url\":\"https:\\\/\\\/www.esplac.cat\\\/en\\\/torna-ambauka-esplaiada\\\/\",\"name\":\"Torna Ambauka per l'Esplaiada 2022! - Esplac\",\"isPartOf\":{\"@id\":\"https:\\\/\\\/www.esplac.cat\\\/#website\"},\"primaryImageOfPage\":{\"@id\":\"https:\\\/\\\/www.esplac.cat\\\/en\\\/torna-ambauka-esplaiada\\\/#primaryimage\"},\"image\":{\"@id\":\"https:\\\/\\\/www.esplac.cat\\\/en\\\/torna-ambauka-esplaiada\\\/#primaryimage\"},\"thumbnailUrl\":\"https:\\\/\\\/www.esplac.cat\\\/wp-content\\\/uploads\\\/2022\\\/02\\\/Portades-web-5.jpg\",\"datePublished\":\"2022-02-28T16:09:10+00:00\",\"dateModified\":\"2022-02-28T16:11:03+00:00\",\"description\":\"Ambauka \u00e9s el grup de m\u00fasica que ha fet la can\u00e7\u00f3 de l'Esplaiada 2022! En poc temps podreu escoltar-la amb un munt de sorpreses per davant!\",\"breadcrumb\":{\"@id\":\"https:\\\/\\\/www.esplac.cat\\\/en\\\/torna-ambauka-esplaiada\\\/#breadcrumb\"},\"inLanguage\":\"en-US\",\"potentialAction\":[{\"@type\":\"ReadAction\",\"target\":[\"https:\\\/\\\/www.esplac.cat\\\/en\\\/torna-ambauka-esplaiada\\\/\"]}]},{\"@type\":\"ImageObject\",\"inLanguage\":\"en-US\",\"@id\":\"https:\\\/\\\/www.esplac.cat\\\/en\\\/torna-ambauka-esplaiada\\\/#primaryimage\",\"url\":\"https:\\\/\\\/www.esplac.cat\\\/wp-content\\\/uploads\\\/2022\\\/02\\\/Portades-web-5.jpg\",\"contentUrl\":\"https:\\\/\\\/www.esplac.cat\\\/wp-content\\\/uploads\\\/2022\\\/02\\\/Portades-web-5.jpg\",\"width\":1694,\"height\":700,\"caption\":\"Portades web-5\"},{\"@type\":\"BreadcrumbList\",\"@id\":\"https:\\\/\\\/www.esplac.cat\\\/en\\\/torna-ambauka-esplaiada\\\/#breadcrumb\",\"itemListElement\":[{\"@type\":\"ListItem\",\"position\":1,\"name\":\"Inici\",\"item\":\"https:\\\/\\\/www.esplac.cat\\\/en\\\/\"},{\"@type\":\"ListItem\",\"position\":2,\"name\":\"Torna Ambauka per l&#8217;Esplaiada 2022!\"}]},{\"@type\":\"WebSite\",\"@id\":\"https:\\\/\\\/www.esplac.cat\\\/#website\",\"url\":\"https:\\\/\\\/www.esplac.cat\\\/\",\"name\":\"Esplac\",\"description\":\"Esplais Catalans\",\"publisher\":{\"@id\":\"https:\\\/\\\/www.esplac.cat\\\/#organization\"},\"potentialAction\":[{\"@type\":\"SearchAction\",\"target\":{\"@type\":\"EntryPoint\",\"urlTemplate\":\"https:\\\/\\\/www.esplac.cat\\\/?s={search_term_string}\"},\"query-input\":{\"@type\":\"PropertyValueSpecification\",\"valueRequired\":true,\"valueName\":\"search_term_string\"}}],\"inLanguage\":\"en-US\"},{\"@type\":\"Organization\",\"@id\":\"https:\\\/\\\/www.esplac.cat\\\/#organization\",\"name\":\"Esplac\",\"url\":\"https:\\\/\\\/www.esplac.cat\\\/\",\"logo\":{\"@type\":\"ImageObject\",\"inLanguage\":\"en-US\",\"@id\":\"https:\\\/\\\/www.esplac.cat\\\/#\\\/schema\\\/logo\\\/image\\\/\",\"url\":\"https:\\\/\\\/www.esplac.cat\\\/wp-content\\\/uploads\\\/2019\\\/08\\\/logox2.png\",\"contentUrl\":\"https:\\\/\\\/www.esplac.cat\\\/wp-content\\\/uploads\\\/2019\\\/08\\\/logox2.png\",\"width\":600,\"height\":295,\"caption\":\"Esplac\"},\"image\":{\"@id\":\"https:\\\/\\\/www.esplac.cat\\\/#\\\/schema\\\/logo\\\/image\\\/\"}},{\"@type\":\"Person\",\"@id\":\"https:\\\/\\\/www.esplac.cat\\\/#\\\/schema\\\/person\\\/908383cf240be18b68f8855d0583faca\",\"name\":\"Comunicaci\u00f3 Esplac\",\"image\":{\"@type\":\"ImageObject\",\"inLanguage\":\"en-US\",\"@id\":\"https:\\\/\\\/secure.gravatar.com\\\/avatar\\\/7a4cf8feb412a76ea4a740ca02d95b06b2907b5a6c648c2dd0a1082a093c3141?s=96&d=mm&r=g\",\"url\":\"https:\\\/\\\/secure.gravatar.com\\\/avatar\\\/7a4cf8feb412a76ea4a740ca02d95b06b2907b5a6c648c2dd0a1082a093c3141?s=96&d=mm&r=g\",\"contentUrl\":\"https:\\\/\\\/secure.gravatar.com\\\/avatar\\\/7a4cf8feb412a76ea4a740ca02d95b06b2907b5a6c648c2dd0a1082a093c3141?s=96&d=mm&r=g\",\"caption\":\"Comunicaci\u00f3 Esplac\"}}]}<\/script>\n<!-- \/ Yoast SEO plugin. -->","yoast_head_json":{"title":"Torna Ambauka per l'Esplaiada 2022! - Esplac","description":"Ambauka \u00e9s el grup de m\u00fasica que ha fet la can\u00e7\u00f3 de l'Esplaiada 2022! En poc temps podreu escoltar-la amb un munt de sorpreses per davant!","robots":{"index":"index","follow":"follow","max-snippet":"max-snippet:-1","max-image-preview":"max-image-preview:large","max-video-preview":"max-video-preview:-1"},"canonical":"https:\/\/www.esplac.cat\/en\/torna-ambauka-esplaiada\/","og_locale":"en_US","og_type":"article","og_title":"Torna Ambauka per l'Esplaiada 2022! - Esplac","og_description":"Ambauka \u00e9s el grup de m\u00fasica que ha fet la can\u00e7\u00f3 de l'Esplaiada 2022! En poc temps podreu escoltar-la amb un munt de sorpreses per davant!","og_url":"https:\/\/www.esplac.cat\/en\/torna-ambauka-esplaiada\/","og_site_name":"Esplac","article_published_time":"2022-02-28T16:09:10+00:00","article_modified_time":"2022-02-28T16:11:03+00:00","og_image":[{"width":1694,"height":700,"url":"https:\/\/www.esplac.cat\/wp-content\/uploads\/2022\/02\/Portades-web-5.jpg","type":"image\/jpeg"}],"author":"Comunicaci\u00f3 Esplac","twitter_card":"summary_large_image","twitter_misc":{"Written by":"Comunicaci\u00f3 Esplac","Est. reading time":"2 minutes"},"schema":{"@context":"https:\/\/schema.org","@graph":[{"@type":"Article","@id":"https:\/\/www.esplac.cat\/en\/torna-ambauka-esplaiada\/#article","isPartOf":{"@id":"https:\/\/www.esplac.cat\/en\/torna-ambauka-esplaiada\/"},"author":{"name":"Comunicaci\u00f3 Esplac","@id":"https:\/\/www.esplac.cat\/#\/schema\/person\/908383cf240be18b68f8855d0583faca"},"headline":"Torna Ambauka per l&#8217;Esplaiada 2022!","datePublished":"2022-02-28T16:09:10+00:00","dateModified":"2022-02-28T16:11:03+00:00","mainEntityOfPage":{"@id":"https:\/\/www.esplac.cat\/en\/torna-ambauka-esplaiada\/"},"wordCount":354,"publisher":{"@id":"https:\/\/www.esplac.cat\/#organization"},"image":{"@id":"https:\/\/www.esplac.cat\/en\/torna-ambauka-esplaiada\/#primaryimage"},"thumbnailUrl":"https:\/\/www.esplac.cat\/wp-content\/uploads\/2022\/02\/Portades-web-5.jpg","articleSection":["Esplaiada"],"inLanguage":"en-US"},{"@type":"WebPage","@id":"https:\/\/www.esplac.cat\/en\/torna-ambauka-esplaiada\/","url":"https:\/\/www.esplac.cat\/en\/torna-ambauka-esplaiada\/","name":"Torna Ambauka per l'Esplaiada 2022! - Esplac","isPartOf":{"@id":"https:\/\/www.esplac.cat\/#website"},"primaryImageOfPage":{"@id":"https:\/\/www.esplac.cat\/en\/torna-ambauka-esplaiada\/#primaryimage"},"image":{"@id":"https:\/\/www.esplac.cat\/en\/torna-ambauka-esplaiada\/#primaryimage"},"thumbnailUrl":"https:\/\/www.esplac.cat\/wp-content\/uploads\/2022\/02\/Portades-web-5.jpg","datePublished":"2022-02-28T16:09:10+00:00","dateModified":"2022-02-28T16:11:03+00:00","description":"Ambauka \u00e9s el grup de m\u00fasica que ha fet la can\u00e7\u00f3 de l'Esplaiada 2022! En poc temps podreu escoltar-la amb un munt de sorpreses per davant!","breadcrumb":{"@id":"https:\/\/www.esplac.cat\/en\/torna-ambauka-esplaiada\/#breadcrumb"},"inLanguage":"en-US","potentialAction":[{"@type":"ReadAction","target":["https:\/\/www.esplac.cat\/en\/torna-ambauka-esplaiada\/"]}]},{"@type":"ImageObject","inLanguage":"en-US","@id":"https:\/\/www.esplac.cat\/en\/torna-ambauka-esplaiada\/#primaryimage","url":"https:\/\/www.esplac.cat\/wp-content\/uploads\/2022\/02\/Portades-web-5.jpg","contentUrl":"https:\/\/www.esplac.cat\/wp-content\/uploads\/2022\/02\/Portades-web-5.jpg","width":1694,"height":700,"caption":"Portades web-5"},{"@type":"BreadcrumbList","@id":"https:\/\/www.esplac.cat\/en\/torna-ambauka-esplaiada\/#breadcrumb","itemListElement":[{"@type":"ListItem","position":1,"name":"Inici","item":"https:\/\/www.esplac.cat\/en\/"},{"@type":"ListItem","position":2,"name":"Torna Ambauka per l&#8217;Esplaiada 2022!"}]},{"@type":"WebSite","@id":"https:\/\/www.esplac.cat\/#website","url":"https:\/\/www.esplac.cat\/","name":"Esplac","description":"Esplais Catalans","publisher":{"@id":"https:\/\/www.esplac.cat\/#organization"},"potentialAction":[{"@type":"SearchAction","target":{"@type":"EntryPoint","urlTemplate":"https:\/\/www.esplac.cat\/?s={search_term_string}"},"query-input":{"@type":"PropertyValueSpecification","valueRequired":true,"valueName":"search_term_string"}}],"inLanguage":"en-US"},{"@type":"Organization","@id":"https:\/\/www.esplac.cat\/#organization","name":"Esplac","url":"https:\/\/www.esplac.cat\/","logo":{"@type":"ImageObject","inLanguage":"en-US","@id":"https:\/\/www.esplac.cat\/#\/schema\/logo\/image\/","url":"https:\/\/www.esplac.cat\/wp-content\/uploads\/2019\/08\/logox2.png","contentUrl":"https:\/\/www.esplac.cat\/wp-content\/uploads\/2019\/08\/logox2.png","width":600,"height":295,"caption":"Esplac"},"image":{"@id":"https:\/\/www.esplac.cat\/#\/schema\/logo\/image\/"}},{"@type":"Person","@id":"https:\/\/www.esplac.cat\/#\/schema\/person\/908383cf240be18b68f8855d0583faca","name":"Comunicaci\u00f3 Esplac","image":{"@type":"ImageObject","inLanguage":"en-US","@id":"https:\/\/secure.gravatar.com\/avatar\/7a4cf8feb412a76ea4a740ca02d95b06b2907b5a6c648c2dd0a1082a093c3141?s=96&d=mm&r=g","url":"https:\/\/secure.gravatar.com\/avatar\/7a4cf8feb412a76ea4a740ca02d95b06b2907b5a6c648c2dd0a1082a093c3141?s=96&d=mm&r=g","contentUrl":"https:\/\/secure.gravatar.com\/avatar\/7a4cf8feb412a76ea4a740ca02d95b06b2907b5a6c648c2dd0a1082a093c3141?s=96&d=mm&r=g","caption":"Comunicaci\u00f3 Esplac"}}]}},"_links":{"self":[{"href":"https:\/\/www.esplac.cat\/en\/wp-json\/wp\/v2\/posts\/39414","targetHints":{"allow":["GET"]}}],"collection":[{"href":"https:\/\/www.esplac.cat\/en\/wp-json\/wp\/v2\/posts"}],"about":[{"href":"https:\/\/www.esplac.cat\/en\/wp-json\/wp\/v2\/types\/post"}],"author":[{"embeddable":true,"href":"https:\/\/www.esplac.cat\/en\/wp-json\/wp\/v2\/users\/3"}],"replies":[{"embeddable":true,"href":"https:\/\/www.esplac.cat\/en\/wp-json\/wp\/v2\/comments?post=39414"}],"version-history":[{"count":0,"href":"https:\/\/www.esplac.cat\/en\/wp-json\/wp\/v2\/posts\/39414\/revisions"}],"wp:featuredmedia":[{"embeddable":true,"href":"https:\/\/www.esplac.cat\/en\/wp-json\/wp\/v2\/media\/39415"}],"wp:attachment":[{"href":"https:\/\/www.esplac.cat\/en\/wp-json\/wp\/v2\/media?parent=39414"}],"wp:term":[{"taxonomy":"category","embeddable":true,"href":"https:\/\/www.esplac.cat\/en\/wp-json\/wp\/v2\/categories?post=39414"},{"taxonomy":"post_tag","embeddable":true,"href":"https:\/\/www.esplac.cat\/en\/wp-json\/wp\/v2\/tags?post=39414"}],"curies":[{"name":"wp","href":"https:\/\/api.w.org\/{rel}","templated":true}]}}