{"id":39536,"date":"2022-03-15T13:20:48","date_gmt":"2022-03-15T11:20:48","guid":{"rendered":"https:\/\/www.esplac.cat\/?p=39536"},"modified":"2022-03-15T13:39:19","modified_gmt":"2022-03-15T11:39:19","slug":"monis-esplai-questionen-necessari-continuar-fent-esplai-escola-esplac-2022","status":"publish","type":"post","link":"https:\/\/www.esplac.cat\/en\/monis-esplai-questionen-necessari-continuar-fent-esplai-escola-esplac-2022\/","title":{"rendered":"Monis d\u2019esplai es q\u00fcestionen si \u00e9s necessari continuar fent esplai a l\u2019Escola d\u2019Esplac 2022"},"content":{"rendered":"<h6 dir=\"ltr\"><strong>Unes 100 monis, dirigents i joves amb vincles a l\u2019associacionisme educatiu han passat un cap de setmana reflexionant al voltant de la tem\u00e0tica \u201cMetodologies Educatives a l\u2019esplai\u201d. Aquest cap de setmana, 12 i 13 de mar\u00e7, s\u2019ha celebrat la vuitena edici\u00f3 de l\u2019<a href=\"https:\/\/www.esplac.cat\/formacions\/escola-desplac\/\" target=\"_blank\" rel=\"noopener noreferrer\" data-saferedirecturl=\"https:\/\/www.google.com\/url?q=https:\/\/www.esplac.cat\/formacions\/escola-desplac\/&amp;source=gmail&amp;ust=1647424101826000&amp;usg=AOvVaw022mlDWJj0J9XGrKAWsuEN\"><span style=\"color: #ff9900;\">Escola d\u2019Esplac<\/span><\/a> a Vic, les jornades de formaci\u00f3 organitzades per Esplac.<\/strong><\/h6>\n<p dir=\"ltr\"><span style=\"color: #000000;\">L\u2019octava edici\u00f3 de l\u2019Escola d\u2019Esplac, l\u2019espai de formaci\u00f3 i debat d\u2019Esplais Catalans, ha englobat la tem\u00e0tica de les \u201cMetodologies educatives a l\u2019esplai&#8221;. El tret de sortida ha perm\u00e8s la reflexi\u00f3 al voltant de les noves \u201cmetodologies alternatives\u201d, reapropiades des de l\u2019educaci\u00f3 formal. S\u2019ha reivindicat que aquestes metodologies alternatives ja fa anys que les fem servir als esplais i que cal seguir fent-les i reivindicant la tasca educativa dels esplais del territori.\u00a0\u00a0<\/span><\/p>\n<p dir=\"ltr\"><span style=\"color: #000000;\">Amb la <span style=\"color: #ff9900;\"><a style=\"color: #ff9900;\" href=\"https:\/\/twitter.com\/esplaiscatalans\/status\/1502584345193766912\" target=\"_blank\" rel=\"noopener noreferrer\">pon\u00e8ncia inicial,<\/a><\/span> de la m\u00e0 de <strong>Caterina Pedregal i Dani Costa<\/strong>, s\u2019ha defensat l\u2019educaci\u00f3 en el lleure, l\u2019educaci\u00f3 basada en aprenentatges compartits, la transformaci\u00f3 social, etc. \u201cL\u2019esplai \u00e9s un contrap\u00e8s als valors que hi ha a la societat. Per una societat masclista eduquem en feminisme; per una societat racista apostem per l\u2019antiracisme; en una societat capitalista: l\u2019anticapitalisme\u201d, exposava en Dani Costa.<\/span><\/p>\n<p dir=\"ltr\"><span style=\"color: #000000;\">L\u2019edici\u00f3 ha comptat tamb\u00e9 amb la pon\u00e8ncia de <strong>Joffre Villanueva<\/strong><\/span>, <span style=\"color: #ff9900;\"><a style=\"color: #ff9900;\" href=\"https:\/\/twitter.com\/esplaiscatalans\/status\/1502608613864624130?s=21\" target=\"_blank\" rel=\"noopener noreferrer\" data-saferedirecturl=\"https:\/\/www.google.com\/url?q=https:\/\/twitter.com\/esplaiscatalans\/status\/1502608613864624130?s%3D21&amp;source=gmail&amp;ust=1647424101826000&amp;usg=AOvVaw1MBJTEN37NFcK_pHnAgrAC\">sobre referents hist\u00f2rics i actuals en el m\u00f3n de l\u2019educaci\u00f3<\/a>,<\/span> <span style=\"color: #000000;\">i ha concl\u00f2s amb la pon\u00e8ncia de la doctora en educaci\u00f3, <strong>Ani P\u00e9rez<\/strong>. Aquesta \u00faltima<\/span>, <span style=\"color: #ff9900;\"><a style=\"color: #ff9900;\" href=\"https:\/\/twitter.com\/esplaiscatalans\/status\/1502976918496460803\" target=\"_blank\" rel=\"noopener noreferrer\">sobre perspectiva cr\u00edtica entorn de les escoles alternatives, les escoles lliures i els discursos dels mitjans de comunicaci\u00f3 sobre innovaci\u00f3 educativa<\/a><\/span>: <span style=\"color: #000000;\">\u201cUna cosa que no hem de perdre de vista \u00e9s que la introducci\u00f3 de les metodologies innovadores genera compet\u00e8ncia entre les pr\u00f2pies escoles. Aquestes atrauen les classes benestants i genera un augment de la segregaci\u00f3 escolar.\u201d<\/span><\/p>\n<p><span style=\"color: #000000;\"><strong>L\u2019Escola d\u2019Esplac: Debat i reflexi\u00f3 sobre les metodologies educatives<\/strong><\/span><\/p>\n<p dir=\"ltr\"><span style=\"color: #000000;\">L\u2019edici\u00f3 d\u2019enguany ha tingut lloc a l\u2019Escola Andersen de Vic, en<\/span> <span style=\"color: #ff9900;\"><a style=\"color: #ff9900;\" href=\"https:\/\/www.esplac.cat\/40-anys-esplac\/\" target=\"_blank\" rel=\"noopener noreferrer\" data-saferedirecturl=\"https:\/\/www.google.com\/url?q=https:\/\/www.esplac.cat\/40-anys-esplac\/&amp;source=gmail&amp;ust=1647424101826000&amp;usg=AOvVaw0Of2eWp-dQV2cLlJPZDVLw\">el marc del 40 aniversari d\u2019Esplais Catalans<\/a><\/span>. <span style=\"color: #000000;\">Gaireb\u00e9 un centenar de participants han gaudit d\u2019aquest espai formatiu, de debat i d\u2019intercanvi d\u2019experi\u00e8ncies i recursos que ofereix Esplais Catalans a les monitores i monitors, les persones s\u00f2cies i a altres persones vinculades al m\u00f3n de l\u2019associacionisme educatiu, idees noves per revisar i millorar la seva tasca educativa. El cap de setmana ha proporcionat diversos espais i din\u00e0miques que han perm\u00e8s el treball en petits i grans grups segons l\u2019objectiu.\u00a0<\/span><\/p>\n<p dir=\"ltr\"><span style=\"color: #000000;\">Per al debat i la reflexi\u00f3, hi han hagut <strong>vuit Taules Rodones<\/strong> amb persones vinculades en el camp de l\u2019educaci\u00f3 o amb experi\u00e8ncia en l\u2019associacionisme educatiu amb perspectiva del tema tractat. Han estat dividides en dos blocs:<\/span> <span style=\"color: #ff9900;\"><a style=\"color: #ff9900;\" href=\"https:\/\/twitter.com\/esplaiscatalans\/status\/1502710830764371973\" target=\"_blank\" rel=\"noopener noreferrer\">&#8220;Explorem diferents formes d&#8217;educar&#8221;<\/a><\/span> i\u00a0 <span style=\"color: #ff9900;\"><a style=\"color: #ff9900;\" href=\"https:\/\/twitter.com\/esplaiscatalans\/status\/1502727883046985728\" target=\"_blank\" rel=\"noopener noreferrer\">&#8220;Aprofundim en les nostres eines educatives&#8221;.<\/a> <span style=\"color: #000000;\">Les tem\u00e0tiques han estat: <\/span><\/span><span style=\"color: #000000;\"><strong>Educaci\u00f3 i joc, Educaci\u00f3 i Art, Participaci\u00f3 i assemblearisme infantil, Educaci\u00f3 i just\u00edcia global, Educaci\u00f3 Vivencial, Educaci\u00f3 Llibert\u00e0ria, Educomunicaci\u00f3 i Aprenentatge i Servei i Educaci\u00f3.<\/strong> Una de les conclusions a les que s\u2019ha pogut arribar \u00e9s que el sistema econ\u00f2mic genera desigualtats i est\u00e0 connectat al valor del treball i la generaci\u00f3 del capital davant el desenvolupament de la vida. El lleure voluntari \u00e9s un espai de resist\u00e8ncia a tot aix\u00f2.<\/span><\/p>\n<p><span style=\"color: #000000;\">Es finalitza aquesta Escola d\u2019Esplac reivindicant, com exposa l\u2019actual presidenta d\u2019Esplac, Carmen Alonso-Villaverde que \u201c\u00e9s important posar sobre la taula i nombrar les metodologies educatives que fem servir els esplais. Nom\u00e9s aix\u00ed podem posar en valor totes les coses que fem b\u00e9 i alhora innovar, per\u00f2 fent-ho des de l\u2019an\u00e0lisi cr\u00edtica i no caient en modes.\u201d<\/span><\/p>\n<p dir=\"ltr\"><span style=\"color: #000000;\">Durant les properes setmanes <strong>publicarem les fotografies del cap de setmana i al <span style=\"color: #ff9900;\"><a style=\"color: #ff9900;\" href=\"https:\/\/www.youtube.com\/user\/EsplaisCatalans\" target=\"_blank\" rel=\"noopener noreferrer\">canal de Youtube d&#8217;Esplais Catalans<\/a><\/span> les pon\u00e8ncies al complet, entrevistes i molt m\u00e9s.<\/strong><\/span><\/p>\n\n\t\t<style type=\"text\/css\">\n\t\t\t#gallery-1 {\n\t\t\t\tmargin: auto;\n\t\t\t}\n\t\t\t#gallery-1 .gallery-item {\n\t\t\t\tfloat: left;\n\t\t\t\tmargin-top: 10px;\n\t\t\t\ttext-align: center;\n\t\t\t\twidth: 33%;\n\t\t\t}\n\t\t\t#gallery-1 img {\n\t\t\t\tborder: 2px solid #cfcfcf;\n\t\t\t}\n\t\t\t#gallery-1 .gallery-caption {\n\t\t\t\tmargin-left: 0;\n\t\t\t}\n\t\t\t\/* see gallery_shortcode() in wp-includes\/media.php *\/\n\t\t<\/style>\n\t\t<div id='gallery-1' class='gallery galleryid-39536 gallery-columns-3 gallery-size-medium'><dl class='gallery-item'>\n\t\t\t<dt class='gallery-icon landscape'>\n\t\t\t\t<a data-rel=\"iLightbox[postimages]\" data-title=\"IMG_6329\" data-caption=\"\" href='https:\/\/www.esplac.cat\/wp-content\/uploads\/2022\/03\/IMG_6329-scaled.jpg'><img decoding=\"async\" width=\"300\" height=\"169\" src=\"https:\/\/www.esplac.cat\/wp-content\/uploads\/2022\/03\/IMG_6329-300x169.jpg\" class=\"attachment-medium size-medium\" alt=\"\" srcset=\"https:\/\/www.esplac.cat\/wp-content\/uploads\/2022\/03\/IMG_6329-200x112.jpg 200w, https:\/\/www.esplac.cat\/wp-content\/uploads\/2022\/03\/IMG_6329-300x169.jpg 300w, https:\/\/www.esplac.cat\/wp-content\/uploads\/2022\/03\/IMG_6329-400x225.jpg 400w, https:\/\/www.esplac.cat\/wp-content\/uploads\/2022\/03\/IMG_6329-600x337.jpg 600w, https:\/\/www.esplac.cat\/wp-content\/uploads\/2022\/03\/IMG_6329-768x431.jpg 768w, https:\/\/www.esplac.cat\/wp-content\/uploads\/2022\/03\/IMG_6329-800x449.jpg 800w, https:\/\/www.esplac.cat\/wp-content\/uploads\/2022\/03\/IMG_6329-1024x575.jpg 1024w, https:\/\/www.esplac.cat\/wp-content\/uploads\/2022\/03\/IMG_6329-1200x674.jpg 1200w, https:\/\/www.esplac.cat\/wp-content\/uploads\/2022\/03\/IMG_6329-1536x863.jpg 1536w\" sizes=\"(max-width: 300px) 100vw, 300px\" \/><\/a>\n\t\t\t<\/dt><\/dl><dl class='gallery-item'>\n\t\t\t<dt class='gallery-icon landscape'>\n\t\t\t\t<a data-rel=\"iLightbox[postimages]\" data-title=\"IMG_6338\" data-caption=\"\" href='https:\/\/www.esplac.cat\/wp-content\/uploads\/2022\/03\/IMG_6338-scaled.jpg'><img decoding=\"async\" width=\"300\" height=\"169\" src=\"https:\/\/www.esplac.cat\/wp-content\/uploads\/2022\/03\/IMG_6338-300x169.jpg\" class=\"attachment-medium size-medium\" alt=\"\" srcset=\"https:\/\/www.esplac.cat\/wp-content\/uploads\/2022\/03\/IMG_6338-200x112.jpg 200w, https:\/\/www.esplac.cat\/wp-content\/uploads\/2022\/03\/IMG_6338-300x169.jpg 300w, https:\/\/www.esplac.cat\/wp-content\/uploads\/2022\/03\/IMG_6338-400x225.jpg 400w, https:\/\/www.esplac.cat\/wp-content\/uploads\/2022\/03\/IMG_6338-600x337.jpg 600w, https:\/\/www.esplac.cat\/wp-content\/uploads\/2022\/03\/IMG_6338-768x431.jpg 768w, https:\/\/www.esplac.cat\/wp-content\/uploads\/2022\/03\/IMG_6338-800x449.jpg 800w, https:\/\/www.esplac.cat\/wp-content\/uploads\/2022\/03\/IMG_6338-1024x575.jpg 1024w, https:\/\/www.esplac.cat\/wp-content\/uploads\/2022\/03\/IMG_6338-1200x674.jpg 1200w, https:\/\/www.esplac.cat\/wp-content\/uploads\/2022\/03\/IMG_6338-1536x863.jpg 1536w\" sizes=\"(max-width: 300px) 100vw, 300px\" \/><\/a>\n\t\t\t<\/dt><\/dl><dl class='gallery-item'>\n\t\t\t<dt class='gallery-icon landscape'>\n\t\t\t\t<a data-rel=\"iLightbox[postimages]\" data-title=\"IMG_6389\" data-caption=\"Joffre Villanueva\" href='https:\/\/www.esplac.cat\/wp-content\/uploads\/2022\/03\/IMG_6389-scaled.jpg'><img decoding=\"async\" width=\"300\" height=\"169\" src=\"https:\/\/www.esplac.cat\/wp-content\/uploads\/2022\/03\/IMG_6389-300x169.jpg\" class=\"attachment-medium size-medium\" alt=\"\" aria-describedby=\"gallery-1-39550\" srcset=\"https:\/\/www.esplac.cat\/wp-content\/uploads\/2022\/03\/IMG_6389-200x112.jpg 200w, https:\/\/www.esplac.cat\/wp-content\/uploads\/2022\/03\/IMG_6389-300x169.jpg 300w, https:\/\/www.esplac.cat\/wp-content\/uploads\/2022\/03\/IMG_6389-400x225.jpg 400w, https:\/\/www.esplac.cat\/wp-content\/uploads\/2022\/03\/IMG_6389-600x337.jpg 600w, https:\/\/www.esplac.cat\/wp-content\/uploads\/2022\/03\/IMG_6389-768x431.jpg 768w, https:\/\/www.esplac.cat\/wp-content\/uploads\/2022\/03\/IMG_6389-800x449.jpg 800w, https:\/\/www.esplac.cat\/wp-content\/uploads\/2022\/03\/IMG_6389-1024x575.jpg 1024w, https:\/\/www.esplac.cat\/wp-content\/uploads\/2022\/03\/IMG_6389-1200x674.jpg 1200w, https:\/\/www.esplac.cat\/wp-content\/uploads\/2022\/03\/IMG_6389-1536x863.jpg 1536w\" sizes=\"(max-width: 300px) 100vw, 300px\" \/><\/a>\n\t\t\t<\/dt>\n\t\t\t\t<dd class='wp-caption-text gallery-caption' id='gallery-1-39550'>\n\t\t\t\tJoffre Villanueva\n\t\t\t\t<\/dd><\/dl><br style=\"clear: both\" \/><dl class='gallery-item'>\n\t\t\t<dt class='gallery-icon landscape'>\n\t\t\t\t<a data-rel=\"iLightbox[postimages]\" data-title=\"IMG_6508\" data-caption=\"\" href='https:\/\/www.esplac.cat\/wp-content\/uploads\/2022\/03\/IMG_6508-scaled.jpg'><img decoding=\"async\" width=\"300\" height=\"169\" src=\"https:\/\/www.esplac.cat\/wp-content\/uploads\/2022\/03\/IMG_6508-300x169.jpg\" class=\"attachment-medium size-medium\" alt=\"\" srcset=\"https:\/\/www.esplac.cat\/wp-content\/uploads\/2022\/03\/IMG_6508-200x112.jpg 200w, https:\/\/www.esplac.cat\/wp-content\/uploads\/2022\/03\/IMG_6508-300x169.jpg 300w, https:\/\/www.esplac.cat\/wp-content\/uploads\/2022\/03\/IMG_6508-400x225.jpg 400w, https:\/\/www.esplac.cat\/wp-content\/uploads\/2022\/03\/IMG_6508-600x337.jpg 600w, https:\/\/www.esplac.cat\/wp-content\/uploads\/2022\/03\/IMG_6508-768x431.jpg 768w, https:\/\/www.esplac.cat\/wp-content\/uploads\/2022\/03\/IMG_6508-800x449.jpg 800w, https:\/\/www.esplac.cat\/wp-content\/uploads\/2022\/03\/IMG_6508-1024x575.jpg 1024w, https:\/\/www.esplac.cat\/wp-content\/uploads\/2022\/03\/IMG_6508-1200x674.jpg 1200w, https:\/\/www.esplac.cat\/wp-content\/uploads\/2022\/03\/IMG_6508-1536x863.jpg 1536w\" sizes=\"(max-width: 300px) 100vw, 300px\" \/><\/a>\n\t\t\t<\/dt><\/dl><dl class='gallery-item'>\n\t\t\t<dt class='gallery-icon landscape'>\n\t\t\t\t<a data-rel=\"iLightbox[postimages]\" data-title=\"IMG_6528\" data-caption=\"Ani P\u00e9rez\" href='https:\/\/www.esplac.cat\/wp-content\/uploads\/2022\/03\/IMG_6528-scaled.jpg'><img decoding=\"async\" width=\"300\" height=\"169\" src=\"https:\/\/www.esplac.cat\/wp-content\/uploads\/2022\/03\/IMG_6528-300x169.jpg\" class=\"attachment-medium size-medium\" alt=\"\" aria-describedby=\"gallery-1-39556\" srcset=\"https:\/\/www.esplac.cat\/wp-content\/uploads\/2022\/03\/IMG_6528-200x112.jpg 200w, https:\/\/www.esplac.cat\/wp-content\/uploads\/2022\/03\/IMG_6528-300x169.jpg 300w, https:\/\/www.esplac.cat\/wp-content\/uploads\/2022\/03\/IMG_6528-400x225.jpg 400w, https:\/\/www.esplac.cat\/wp-content\/uploads\/2022\/03\/IMG_6528-600x337.jpg 600w, https:\/\/www.esplac.cat\/wp-content\/uploads\/2022\/03\/IMG_6528-768x431.jpg 768w, https:\/\/www.esplac.cat\/wp-content\/uploads\/2022\/03\/IMG_6528-800x449.jpg 800w, https:\/\/www.esplac.cat\/wp-content\/uploads\/2022\/03\/IMG_6528-1024x575.jpg 1024w, https:\/\/www.esplac.cat\/wp-content\/uploads\/2022\/03\/IMG_6528-1200x674.jpg 1200w, https:\/\/www.esplac.cat\/wp-content\/uploads\/2022\/03\/IMG_6528-1536x863.jpg 1536w\" sizes=\"(max-width: 300px) 100vw, 300px\" \/><\/a>\n\t\t\t<\/dt>\n\t\t\t\t<dd class='wp-caption-text gallery-caption' id='gallery-1-39556'>\n\t\t\t\tAni P\u00e9rez\n\t\t\t\t<\/dd><\/dl><dl class='gallery-item'>\n\t\t\t<dt class='gallery-icon landscape'>\n\t\t\t\t<a data-rel=\"iLightbox[postimages]\" data-title=\"IMG_6543\" data-caption=\"\" href='https:\/\/www.esplac.cat\/wp-content\/uploads\/2022\/03\/IMG_6543-scaled.jpg'><img decoding=\"async\" width=\"300\" height=\"169\" src=\"https:\/\/www.esplac.cat\/wp-content\/uploads\/2022\/03\/IMG_6543-300x169.jpg\" class=\"attachment-medium size-medium\" alt=\"\" srcset=\"https:\/\/www.esplac.cat\/wp-content\/uploads\/2022\/03\/IMG_6543-200x112.jpg 200w, https:\/\/www.esplac.cat\/wp-content\/uploads\/2022\/03\/IMG_6543-300x169.jpg 300w, https:\/\/www.esplac.cat\/wp-content\/uploads\/2022\/03\/IMG_6543-400x225.jpg 400w, https:\/\/www.esplac.cat\/wp-content\/uploads\/2022\/03\/IMG_6543-600x337.jpg 600w, https:\/\/www.esplac.cat\/wp-content\/uploads\/2022\/03\/IMG_6543-768x431.jpg 768w, https:\/\/www.esplac.cat\/wp-content\/uploads\/2022\/03\/IMG_6543-800x449.jpg 800w, https:\/\/www.esplac.cat\/wp-content\/uploads\/2022\/03\/IMG_6543-1024x575.jpg 1024w, https:\/\/www.esplac.cat\/wp-content\/uploads\/2022\/03\/IMG_6543-1200x674.jpg 1200w, https:\/\/www.esplac.cat\/wp-content\/uploads\/2022\/03\/IMG_6543-1536x863.jpg 1536w\" sizes=\"(max-width: 300px) 100vw, 300px\" \/><\/a>\n\t\t\t<\/dt><\/dl><br style=\"clear: both\" \/><dl class='gallery-item'>\n\t\t\t<dt class='gallery-icon landscape'>\n\t\t\t\t<a data-rel=\"iLightbox[postimages]\" data-title=\"IMG_6364\" data-caption=\"Caterina Pedregal i Dani Costa\" href='https:\/\/www.esplac.cat\/wp-content\/uploads\/2022\/03\/IMG_6364-scaled.jpg'><img decoding=\"async\" width=\"300\" height=\"169\" src=\"https:\/\/www.esplac.cat\/wp-content\/uploads\/2022\/03\/IMG_6364-300x169.jpg\" class=\"attachment-medium size-medium\" alt=\"\" aria-describedby=\"gallery-1-39562\" srcset=\"https:\/\/www.esplac.cat\/wp-content\/uploads\/2022\/03\/IMG_6364-200x112.jpg 200w, https:\/\/www.esplac.cat\/wp-content\/uploads\/2022\/03\/IMG_6364-300x169.jpg 300w, https:\/\/www.esplac.cat\/wp-content\/uploads\/2022\/03\/IMG_6364-400x225.jpg 400w, https:\/\/www.esplac.cat\/wp-content\/uploads\/2022\/03\/IMG_6364-600x337.jpg 600w, https:\/\/www.esplac.cat\/wp-content\/uploads\/2022\/03\/IMG_6364-768x431.jpg 768w, https:\/\/www.esplac.cat\/wp-content\/uploads\/2022\/03\/IMG_6364-800x449.jpg 800w, https:\/\/www.esplac.cat\/wp-content\/uploads\/2022\/03\/IMG_6364-1024x575.jpg 1024w, https:\/\/www.esplac.cat\/wp-content\/uploads\/2022\/03\/IMG_6364-1200x674.jpg 1200w, https:\/\/www.esplac.cat\/wp-content\/uploads\/2022\/03\/IMG_6364-1536x863.jpg 1536w\" sizes=\"(max-width: 300px) 100vw, 300px\" \/><\/a>\n\t\t\t<\/dt>\n\t\t\t\t<dd class='wp-caption-text gallery-caption' id='gallery-1-39562'>\n\t\t\t\tCaterina Pedregal i Dani Costa\n\t\t\t\t<\/dd><\/dl><dl class='gallery-item'>\n\t\t\t<dt class='gallery-icon landscape'>\n\t\t\t\t<a data-rel=\"iLightbox[postimages]\" data-title=\"IMG_6393\" data-caption=\"\" href='https:\/\/www.esplac.cat\/wp-content\/uploads\/2022\/03\/IMG_6393-scaled.jpg'><img decoding=\"async\" width=\"300\" height=\"169\" src=\"https:\/\/www.esplac.cat\/wp-content\/uploads\/2022\/03\/IMG_6393-300x169.jpg\" class=\"attachment-medium size-medium\" alt=\"\" srcset=\"https:\/\/www.esplac.cat\/wp-content\/uploads\/2022\/03\/IMG_6393-200x112.jpg 200w, https:\/\/www.esplac.cat\/wp-content\/uploads\/2022\/03\/IMG_6393-300x169.jpg 300w, https:\/\/www.esplac.cat\/wp-content\/uploads\/2022\/03\/IMG_6393-400x225.jpg 400w, https:\/\/www.esplac.cat\/wp-content\/uploads\/2022\/03\/IMG_6393-600x337.jpg 600w, https:\/\/www.esplac.cat\/wp-content\/uploads\/2022\/03\/IMG_6393-768x431.jpg 768w, https:\/\/www.esplac.cat\/wp-content\/uploads\/2022\/03\/IMG_6393-800x449.jpg 800w, https:\/\/www.esplac.cat\/wp-content\/uploads\/2022\/03\/IMG_6393-1024x575.jpg 1024w, https:\/\/www.esplac.cat\/wp-content\/uploads\/2022\/03\/IMG_6393-1200x674.jpg 1200w, https:\/\/www.esplac.cat\/wp-content\/uploads\/2022\/03\/IMG_6393-1536x863.jpg 1536w\" sizes=\"(max-width: 300px) 100vw, 300px\" \/><\/a>\n\t\t\t<\/dt><\/dl><dl class='gallery-item'>\n\t\t\t<dt class='gallery-icon landscape'>\n\t\t\t\t<a data-rel=\"iLightbox[postimages]\" data-title=\"IMG_6401\" data-caption=\"\" href='https:\/\/www.esplac.cat\/wp-content\/uploads\/2022\/03\/IMG_6401-scaled.jpg'><img decoding=\"async\" width=\"300\" height=\"169\" src=\"https:\/\/www.esplac.cat\/wp-content\/uploads\/2022\/03\/IMG_6401-300x169.jpg\" class=\"attachment-medium size-medium\" alt=\"\" srcset=\"https:\/\/www.esplac.cat\/wp-content\/uploads\/2022\/03\/IMG_6401-200x112.jpg 200w, https:\/\/www.esplac.cat\/wp-content\/uploads\/2022\/03\/IMG_6401-300x169.jpg 300w, https:\/\/www.esplac.cat\/wp-content\/uploads\/2022\/03\/IMG_6401-400x225.jpg 400w, https:\/\/www.esplac.cat\/wp-content\/uploads\/2022\/03\/IMG_6401-600x337.jpg 600w, https:\/\/www.esplac.cat\/wp-content\/uploads\/2022\/03\/IMG_6401-768x432.jpg 768w, https:\/\/www.esplac.cat\/wp-content\/uploads\/2022\/03\/IMG_6401-800x449.jpg 800w, https:\/\/www.esplac.cat\/wp-content\/uploads\/2022\/03\/IMG_6401-1024x575.jpg 1024w, https:\/\/www.esplac.cat\/wp-content\/uploads\/2022\/03\/IMG_6401-1200x674.jpg 1200w, https:\/\/www.esplac.cat\/wp-content\/uploads\/2022\/03\/IMG_6401-1536x863.jpg 1536w\" sizes=\"(max-width: 300px) 100vw, 300px\" \/><\/a>\n\t\t\t<\/dt><\/dl><br style=\"clear: both\" \/><dl class='gallery-item'>\n\t\t\t<dt class='gallery-icon landscape'>\n\t\t\t\t<a data-rel=\"iLightbox[postimages]\" data-title=\"IMG_6482\" data-caption=\"\" href='https:\/\/www.esplac.cat\/wp-content\/uploads\/2022\/03\/IMG_6482-scaled.jpg'><img decoding=\"async\" width=\"300\" height=\"200\" src=\"https:\/\/www.esplac.cat\/wp-content\/uploads\/2022\/03\/IMG_6482-300x200.jpg\" class=\"attachment-medium size-medium\" alt=\"\" srcset=\"https:\/\/www.esplac.cat\/wp-content\/uploads\/2022\/03\/IMG_6482-200x133.jpg 200w, https:\/\/www.esplac.cat\/wp-content\/uploads\/2022\/03\/IMG_6482-300x200.jpg 300w, https:\/\/www.esplac.cat\/wp-content\/uploads\/2022\/03\/IMG_6482-400x267.jpg 400w, https:\/\/www.esplac.cat\/wp-content\/uploads\/2022\/03\/IMG_6482-600x400.jpg 600w, https:\/\/www.esplac.cat\/wp-content\/uploads\/2022\/03\/IMG_6482-768x512.jpg 768w, https:\/\/www.esplac.cat\/wp-content\/uploads\/2022\/03\/IMG_6482-800x533.jpg 800w, https:\/\/www.esplac.cat\/wp-content\/uploads\/2022\/03\/IMG_6482-1024x683.jpg 1024w, https:\/\/www.esplac.cat\/wp-content\/uploads\/2022\/03\/IMG_6482-1200x800.jpg 1200w, https:\/\/www.esplac.cat\/wp-content\/uploads\/2022\/03\/IMG_6482-1536x1024.jpg 1536w\" sizes=\"(max-width: 300px) 100vw, 300px\" \/><\/a>\n\t\t\t<\/dt><\/dl><dl class='gallery-item'>\n\t\t\t<dt class='gallery-icon landscape'>\n\t\t\t\t<a data-rel=\"iLightbox[postimages]\" data-title=\"IMG_6494.\" data-caption=\"\" href='https:\/\/www.esplac.cat\/wp-content\/uploads\/2022\/03\/IMG_6494.-scaled.jpg'><img decoding=\"async\" width=\"300\" height=\"175\" src=\"https:\/\/www.esplac.cat\/wp-content\/uploads\/2022\/03\/IMG_6494.-300x175.jpg\" class=\"attachment-medium size-medium\" alt=\"\" srcset=\"https:\/\/www.esplac.cat\/wp-content\/uploads\/2022\/03\/IMG_6494.-200x116.jpg 200w, https:\/\/www.esplac.cat\/wp-content\/uploads\/2022\/03\/IMG_6494.-300x175.jpg 300w, https:\/\/www.esplac.cat\/wp-content\/uploads\/2022\/03\/IMG_6494.-400x233.jpg 400w, https:\/\/www.esplac.cat\/wp-content\/uploads\/2022\/03\/IMG_6494.-600x349.jpg 600w, https:\/\/www.esplac.cat\/wp-content\/uploads\/2022\/03\/IMG_6494.-768x447.jpg 768w, https:\/\/www.esplac.cat\/wp-content\/uploads\/2022\/03\/IMG_6494.-800x465.jpg 800w, https:\/\/www.esplac.cat\/wp-content\/uploads\/2022\/03\/IMG_6494.-1024x596.jpg 1024w, https:\/\/www.esplac.cat\/wp-content\/uploads\/2022\/03\/IMG_6494.-1200x698.jpg 1200w, https:\/\/www.esplac.cat\/wp-content\/uploads\/2022\/03\/IMG_6494.-1536x894.jpg 1536w\" sizes=\"(max-width: 300px) 100vw, 300px\" \/><\/a>\n\t\t\t<\/dt><\/dl><dl class='gallery-item'>\n\t\t\t<dt class='gallery-icon landscape'>\n\t\t\t\t<a data-rel=\"iLightbox[postimages]\" data-title=\"IMG_6413\" data-caption=\"\" href='https:\/\/www.esplac.cat\/wp-content\/uploads\/2022\/03\/IMG_6413-2-scaled.jpg'><img decoding=\"async\" width=\"300\" height=\"198\" src=\"https:\/\/www.esplac.cat\/wp-content\/uploads\/2022\/03\/IMG_6413-2-300x198.jpg\" class=\"attachment-medium size-medium\" alt=\"\" srcset=\"https:\/\/www.esplac.cat\/wp-content\/uploads\/2022\/03\/IMG_6413-2-200x132.jpg 200w, https:\/\/www.esplac.cat\/wp-content\/uploads\/2022\/03\/IMG_6413-2-300x198.jpg 300w, https:\/\/www.esplac.cat\/wp-content\/uploads\/2022\/03\/IMG_6413-2-400x264.jpg 400w, https:\/\/www.esplac.cat\/wp-content\/uploads\/2022\/03\/IMG_6413-2-600x396.jpg 600w, https:\/\/www.esplac.cat\/wp-content\/uploads\/2022\/03\/IMG_6413-2-768x507.jpg 768w, https:\/\/www.esplac.cat\/wp-content\/uploads\/2022\/03\/IMG_6413-2-800x528.jpg 800w, https:\/\/www.esplac.cat\/wp-content\/uploads\/2022\/03\/IMG_6413-2-1024x676.jpg 1024w, https:\/\/www.esplac.cat\/wp-content\/uploads\/2022\/03\/IMG_6413-2-1200x792.jpg 1200w, https:\/\/www.esplac.cat\/wp-content\/uploads\/2022\/03\/IMG_6413-2-1536x1014.jpg 1536w\" sizes=\"(max-width: 300px) 100vw, 300px\" \/><\/a>\n\t\t\t<\/dt><\/dl><br style=\"clear: both\" \/>\n\t\t<\/div>\n\n<p dir=\"ltr\">\n","protected":false},"excerpt":{"rendered":"<p>Unes 100 monis, dirigents i joves amb vincles a l\u2019associacionisme [&hellip;]<\/p>\n","protected":false},"author":3,"featured_media":39537,"comment_status":"closed","ping_status":"closed","sticky":false,"template":"","format":"standard","meta":{"om_disable_all_campaigns":false,"_monsterinsights_skip_tracking":false,"_monsterinsights_sitenote_active":false,"_monsterinsights_sitenote_note":"","_monsterinsights_sitenote_category":0,"_uf_show_specific_survey":0,"_uf_disable_surveys":false,"footnotes":""},"categories":[1129],"tags":[],"class_list":["post-39536","post","type-post","status-publish","format-standard","has-post-thumbnail","hentry","category-escola-desplac"],"yoast_head":"<!-- This site is optimized with the Yoast SEO plugin v27.4 - https:\/\/yoast.com\/product\/yoast-seo-wordpress\/ -->\n<title>Monis d\u2019esplai es q\u00fcestionen si \u00e9s necessari continuar fent esplai a l\u2019Escola d\u2019Esplac 2022 - Esplac<\/title>\n<meta name=\"robots\" content=\"index, follow, max-snippet:-1, max-image-preview:large, max-video-preview:-1\" \/>\n<link rel=\"canonical\" href=\"https:\/\/www.esplac.cat\/monis-esplai-questionen-necessari-continuar-fent-esplai-escola-esplac-2022\/\" \/>\n<meta property=\"og:locale\" content=\"en_US\" \/>\n<meta property=\"og:type\" content=\"article\" \/>\n<meta property=\"og:title\" content=\"Monis d\u2019esplai es q\u00fcestionen si \u00e9s necessari continuar fent esplai a l\u2019Escola d\u2019Esplac 2022 - Esplac\" \/>\n<meta property=\"og:description\" content=\"Unes 100 monis, dirigents i joves amb vincles a l\u2019associacionisme [&hellip;]\" \/>\n<meta property=\"og:url\" content=\"https:\/\/www.esplac.cat\/monis-esplai-questionen-necessari-continuar-fent-esplai-escola-esplac-2022\/\" \/>\n<meta property=\"og:site_name\" content=\"Esplac\" \/>\n<meta property=\"article:published_time\" content=\"2022-03-15T11:20:48+00:00\" \/>\n<meta property=\"article:modified_time\" content=\"2022-03-15T11:39:19+00:00\" \/>\n<meta property=\"og:image\" content=\"https:\/\/www.esplac.cat\/wp-content\/uploads\/2022\/03\/portada_escolaesplac.jpg\" \/>\n\t<meta property=\"og:image:width\" content=\"1694\" \/>\n\t<meta property=\"og:image:height\" content=\"700\" \/>\n\t<meta property=\"og:image:type\" content=\"image\/jpeg\" \/>\n<meta name=\"author\" content=\"Comunicaci\u00f3 Esplac\" \/>\n<meta name=\"twitter:card\" content=\"summary_large_image\" \/>\n<meta name=\"twitter:image\" content=\"https:\/\/www.esplac.cat\/wp-content\/uploads\/2022\/03\/portada_escolaesplac.jpg\" \/>\n<meta name=\"twitter:label1\" content=\"Written by\" \/>\n\t<meta name=\"twitter:data1\" content=\"Comunicaci\u00f3 Esplac\" \/>\n\t<meta name=\"twitter:label2\" content=\"Est. reading time\" \/>\n\t<meta name=\"twitter:data2\" content=\"3 minutes\" \/>\n<script type=\"application\/ld+json\" class=\"yoast-schema-graph\">{\"@context\":\"https:\\\/\\\/schema.org\",\"@graph\":[{\"@type\":\"Article\",\"@id\":\"https:\\\/\\\/www.esplac.cat\\\/monis-esplai-questionen-necessari-continuar-fent-esplai-escola-esplac-2022\\\/#article\",\"isPartOf\":{\"@id\":\"https:\\\/\\\/www.esplac.cat\\\/monis-esplai-questionen-necessari-continuar-fent-esplai-escola-esplac-2022\\\/\"},\"author\":{\"name\":\"Comunicaci\u00f3 Esplac\",\"@id\":\"https:\\\/\\\/www.esplac.cat\\\/#\\\/schema\\\/person\\\/908383cf240be18b68f8855d0583faca\"},\"headline\":\"Monis d\u2019esplai es q\u00fcestionen si \u00e9s necessari continuar fent esplai a l\u2019Escola d\u2019Esplac 2022\",\"datePublished\":\"2022-03-15T11:20:48+00:00\",\"dateModified\":\"2022-03-15T11:39:19+00:00\",\"mainEntityOfPage\":{\"@id\":\"https:\\\/\\\/www.esplac.cat\\\/monis-esplai-questionen-necessari-continuar-fent-esplai-escola-esplac-2022\\\/\"},\"wordCount\":672,\"publisher\":{\"@id\":\"https:\\\/\\\/www.esplac.cat\\\/#organization\"},\"image\":{\"@id\":\"https:\\\/\\\/www.esplac.cat\\\/monis-esplai-questionen-necessari-continuar-fent-esplai-escola-esplac-2022\\\/#primaryimage\"},\"thumbnailUrl\":\"https:\\\/\\\/www.esplac.cat\\\/wp-content\\\/uploads\\\/2022\\\/03\\\/portada_escolaesplac.jpg\",\"articleSection\":[\"Escola d'Esplac\"],\"inLanguage\":\"en-US\"},{\"@type\":\"WebPage\",\"@id\":\"https:\\\/\\\/www.esplac.cat\\\/monis-esplai-questionen-necessari-continuar-fent-esplai-escola-esplac-2022\\\/\",\"url\":\"https:\\\/\\\/www.esplac.cat\\\/monis-esplai-questionen-necessari-continuar-fent-esplai-escola-esplac-2022\\\/\",\"name\":\"Monis d\u2019esplai es q\u00fcestionen si \u00e9s necessari continuar fent esplai a l\u2019Escola d\u2019Esplac 2022 - Esplac\",\"isPartOf\":{\"@id\":\"https:\\\/\\\/www.esplac.cat\\\/#website\"},\"primaryImageOfPage\":{\"@id\":\"https:\\\/\\\/www.esplac.cat\\\/monis-esplai-questionen-necessari-continuar-fent-esplai-escola-esplac-2022\\\/#primaryimage\"},\"image\":{\"@id\":\"https:\\\/\\\/www.esplac.cat\\\/monis-esplai-questionen-necessari-continuar-fent-esplai-escola-esplac-2022\\\/#primaryimage\"},\"thumbnailUrl\":\"https:\\\/\\\/www.esplac.cat\\\/wp-content\\\/uploads\\\/2022\\\/03\\\/portada_escolaesplac.jpg\",\"datePublished\":\"2022-03-15T11:20:48+00:00\",\"dateModified\":\"2022-03-15T11:39:19+00:00\",\"breadcrumb\":{\"@id\":\"https:\\\/\\\/www.esplac.cat\\\/monis-esplai-questionen-necessari-continuar-fent-esplai-escola-esplac-2022\\\/#breadcrumb\"},\"inLanguage\":\"en-US\",\"potentialAction\":[{\"@type\":\"ReadAction\",\"target\":[\"https:\\\/\\\/www.esplac.cat\\\/monis-esplai-questionen-necessari-continuar-fent-esplai-escola-esplac-2022\\\/\"]}]},{\"@type\":\"ImageObject\",\"inLanguage\":\"en-US\",\"@id\":\"https:\\\/\\\/www.esplac.cat\\\/monis-esplai-questionen-necessari-continuar-fent-esplai-escola-esplac-2022\\\/#primaryimage\",\"url\":\"https:\\\/\\\/www.esplac.cat\\\/wp-content\\\/uploads\\\/2022\\\/03\\\/portada_escolaesplac.jpg\",\"contentUrl\":\"https:\\\/\\\/www.esplac.cat\\\/wp-content\\\/uploads\\\/2022\\\/03\\\/portada_escolaesplac.jpg\",\"width\":1694,\"height\":700},{\"@type\":\"BreadcrumbList\",\"@id\":\"https:\\\/\\\/www.esplac.cat\\\/monis-esplai-questionen-necessari-continuar-fent-esplai-escola-esplac-2022\\\/#breadcrumb\",\"itemListElement\":[{\"@type\":\"ListItem\",\"position\":1,\"name\":\"Inici\",\"item\":\"https:\\\/\\\/www.esplac.cat\\\/en\\\/\"},{\"@type\":\"ListItem\",\"position\":2,\"name\":\"Monis d\u2019esplai es q\u00fcestionen si \u00e9s necessari continuar fent esplai a l\u2019Escola d\u2019Esplac 2022\"}]},{\"@type\":\"WebSite\",\"@id\":\"https:\\\/\\\/www.esplac.cat\\\/#website\",\"url\":\"https:\\\/\\\/www.esplac.cat\\\/\",\"name\":\"Esplac\",\"description\":\"Esplais Catalans\",\"publisher\":{\"@id\":\"https:\\\/\\\/www.esplac.cat\\\/#organization\"},\"potentialAction\":[{\"@type\":\"SearchAction\",\"target\":{\"@type\":\"EntryPoint\",\"urlTemplate\":\"https:\\\/\\\/www.esplac.cat\\\/?s={search_term_string}\"},\"query-input\":{\"@type\":\"PropertyValueSpecification\",\"valueRequired\":true,\"valueName\":\"search_term_string\"}}],\"inLanguage\":\"en-US\"},{\"@type\":\"Organization\",\"@id\":\"https:\\\/\\\/www.esplac.cat\\\/#organization\",\"name\":\"Esplac\",\"url\":\"https:\\\/\\\/www.esplac.cat\\\/\",\"logo\":{\"@type\":\"ImageObject\",\"inLanguage\":\"en-US\",\"@id\":\"https:\\\/\\\/www.esplac.cat\\\/#\\\/schema\\\/logo\\\/image\\\/\",\"url\":\"https:\\\/\\\/www.esplac.cat\\\/wp-content\\\/uploads\\\/2019\\\/08\\\/logox2.png\",\"contentUrl\":\"https:\\\/\\\/www.esplac.cat\\\/wp-content\\\/uploads\\\/2019\\\/08\\\/logox2.png\",\"width\":600,\"height\":295,\"caption\":\"Esplac\"},\"image\":{\"@id\":\"https:\\\/\\\/www.esplac.cat\\\/#\\\/schema\\\/logo\\\/image\\\/\"}},{\"@type\":\"Person\",\"@id\":\"https:\\\/\\\/www.esplac.cat\\\/#\\\/schema\\\/person\\\/908383cf240be18b68f8855d0583faca\",\"name\":\"Comunicaci\u00f3 Esplac\",\"image\":{\"@type\":\"ImageObject\",\"inLanguage\":\"en-US\",\"@id\":\"https:\\\/\\\/secure.gravatar.com\\\/avatar\\\/7a4cf8feb412a76ea4a740ca02d95b06b2907b5a6c648c2dd0a1082a093c3141?s=96&d=mm&r=g\",\"url\":\"https:\\\/\\\/secure.gravatar.com\\\/avatar\\\/7a4cf8feb412a76ea4a740ca02d95b06b2907b5a6c648c2dd0a1082a093c3141?s=96&d=mm&r=g\",\"contentUrl\":\"https:\\\/\\\/secure.gravatar.com\\\/avatar\\\/7a4cf8feb412a76ea4a740ca02d95b06b2907b5a6c648c2dd0a1082a093c3141?s=96&d=mm&r=g\",\"caption\":\"Comunicaci\u00f3 Esplac\"}}]}<\/script>\n<!-- \/ Yoast SEO plugin. -->","yoast_head_json":{"title":"Monis d\u2019esplai es q\u00fcestionen si \u00e9s necessari continuar fent esplai a l\u2019Escola d\u2019Esplac 2022 - Esplac","robots":{"index":"index","follow":"follow","max-snippet":"max-snippet:-1","max-image-preview":"max-image-preview:large","max-video-preview":"max-video-preview:-1"},"canonical":"https:\/\/www.esplac.cat\/monis-esplai-questionen-necessari-continuar-fent-esplai-escola-esplac-2022\/","og_locale":"en_US","og_type":"article","og_title":"Monis d\u2019esplai es q\u00fcestionen si \u00e9s necessari continuar fent esplai a l\u2019Escola d\u2019Esplac 2022 - Esplac","og_description":"Unes 100 monis, dirigents i joves amb vincles a l\u2019associacionisme [&hellip;]","og_url":"https:\/\/www.esplac.cat\/monis-esplai-questionen-necessari-continuar-fent-esplai-escola-esplac-2022\/","og_site_name":"Esplac","article_published_time":"2022-03-15T11:20:48+00:00","article_modified_time":"2022-03-15T11:39:19+00:00","og_image":[{"width":1694,"height":700,"url":"https:\/\/www.esplac.cat\/wp-content\/uploads\/2022\/03\/portada_escolaesplac.jpg","type":"image\/jpeg"}],"author":"Comunicaci\u00f3 Esplac","twitter_card":"summary_large_image","twitter_image":"https:\/\/www.esplac.cat\/wp-content\/uploads\/2022\/03\/portada_escolaesplac.jpg","twitter_misc":{"Written by":"Comunicaci\u00f3 Esplac","Est. reading time":"3 minutes"},"schema":{"@context":"https:\/\/schema.org","@graph":[{"@type":"Article","@id":"https:\/\/www.esplac.cat\/monis-esplai-questionen-necessari-continuar-fent-esplai-escola-esplac-2022\/#article","isPartOf":{"@id":"https:\/\/www.esplac.cat\/monis-esplai-questionen-necessari-continuar-fent-esplai-escola-esplac-2022\/"},"author":{"name":"Comunicaci\u00f3 Esplac","@id":"https:\/\/www.esplac.cat\/#\/schema\/person\/908383cf240be18b68f8855d0583faca"},"headline":"Monis d\u2019esplai es q\u00fcestionen si \u00e9s necessari continuar fent esplai a l\u2019Escola d\u2019Esplac 2022","datePublished":"2022-03-15T11:20:48+00:00","dateModified":"2022-03-15T11:39:19+00:00","mainEntityOfPage":{"@id":"https:\/\/www.esplac.cat\/monis-esplai-questionen-necessari-continuar-fent-esplai-escola-esplac-2022\/"},"wordCount":672,"publisher":{"@id":"https:\/\/www.esplac.cat\/#organization"},"image":{"@id":"https:\/\/www.esplac.cat\/monis-esplai-questionen-necessari-continuar-fent-esplai-escola-esplac-2022\/#primaryimage"},"thumbnailUrl":"https:\/\/www.esplac.cat\/wp-content\/uploads\/2022\/03\/portada_escolaesplac.jpg","articleSection":["Escola d'Esplac"],"inLanguage":"en-US"},{"@type":"WebPage","@id":"https:\/\/www.esplac.cat\/monis-esplai-questionen-necessari-continuar-fent-esplai-escola-esplac-2022\/","url":"https:\/\/www.esplac.cat\/monis-esplai-questionen-necessari-continuar-fent-esplai-escola-esplac-2022\/","name":"Monis d\u2019esplai es q\u00fcestionen si \u00e9s necessari continuar fent esplai a l\u2019Escola d\u2019Esplac 2022 - Esplac","isPartOf":{"@id":"https:\/\/www.esplac.cat\/#website"},"primaryImageOfPage":{"@id":"https:\/\/www.esplac.cat\/monis-esplai-questionen-necessari-continuar-fent-esplai-escola-esplac-2022\/#primaryimage"},"image":{"@id":"https:\/\/www.esplac.cat\/monis-esplai-questionen-necessari-continuar-fent-esplai-escola-esplac-2022\/#primaryimage"},"thumbnailUrl":"https:\/\/www.esplac.cat\/wp-content\/uploads\/2022\/03\/portada_escolaesplac.jpg","datePublished":"2022-03-15T11:20:48+00:00","dateModified":"2022-03-15T11:39:19+00:00","breadcrumb":{"@id":"https:\/\/www.esplac.cat\/monis-esplai-questionen-necessari-continuar-fent-esplai-escola-esplac-2022\/#breadcrumb"},"inLanguage":"en-US","potentialAction":[{"@type":"ReadAction","target":["https:\/\/www.esplac.cat\/monis-esplai-questionen-necessari-continuar-fent-esplai-escola-esplac-2022\/"]}]},{"@type":"ImageObject","inLanguage":"en-US","@id":"https:\/\/www.esplac.cat\/monis-esplai-questionen-necessari-continuar-fent-esplai-escola-esplac-2022\/#primaryimage","url":"https:\/\/www.esplac.cat\/wp-content\/uploads\/2022\/03\/portada_escolaesplac.jpg","contentUrl":"https:\/\/www.esplac.cat\/wp-content\/uploads\/2022\/03\/portada_escolaesplac.jpg","width":1694,"height":700},{"@type":"BreadcrumbList","@id":"https:\/\/www.esplac.cat\/monis-esplai-questionen-necessari-continuar-fent-esplai-escola-esplac-2022\/#breadcrumb","itemListElement":[{"@type":"ListItem","position":1,"name":"Inici","item":"https:\/\/www.esplac.cat\/en\/"},{"@type":"ListItem","position":2,"name":"Monis d\u2019esplai es q\u00fcestionen si \u00e9s necessari continuar fent esplai a l\u2019Escola d\u2019Esplac 2022"}]},{"@type":"WebSite","@id":"https:\/\/www.esplac.cat\/#website","url":"https:\/\/www.esplac.cat\/","name":"Esplac","description":"Esplais Catalans","publisher":{"@id":"https:\/\/www.esplac.cat\/#organization"},"potentialAction":[{"@type":"SearchAction","target":{"@type":"EntryPoint","urlTemplate":"https:\/\/www.esplac.cat\/?s={search_term_string}"},"query-input":{"@type":"PropertyValueSpecification","valueRequired":true,"valueName":"search_term_string"}}],"inLanguage":"en-US"},{"@type":"Organization","@id":"https:\/\/www.esplac.cat\/#organization","name":"Esplac","url":"https:\/\/www.esplac.cat\/","logo":{"@type":"ImageObject","inLanguage":"en-US","@id":"https:\/\/www.esplac.cat\/#\/schema\/logo\/image\/","url":"https:\/\/www.esplac.cat\/wp-content\/uploads\/2019\/08\/logox2.png","contentUrl":"https:\/\/www.esplac.cat\/wp-content\/uploads\/2019\/08\/logox2.png","width":600,"height":295,"caption":"Esplac"},"image":{"@id":"https:\/\/www.esplac.cat\/#\/schema\/logo\/image\/"}},{"@type":"Person","@id":"https:\/\/www.esplac.cat\/#\/schema\/person\/908383cf240be18b68f8855d0583faca","name":"Comunicaci\u00f3 Esplac","image":{"@type":"ImageObject","inLanguage":"en-US","@id":"https:\/\/secure.gravatar.com\/avatar\/7a4cf8feb412a76ea4a740ca02d95b06b2907b5a6c648c2dd0a1082a093c3141?s=96&d=mm&r=g","url":"https:\/\/secure.gravatar.com\/avatar\/7a4cf8feb412a76ea4a740ca02d95b06b2907b5a6c648c2dd0a1082a093c3141?s=96&d=mm&r=g","contentUrl":"https:\/\/secure.gravatar.com\/avatar\/7a4cf8feb412a76ea4a740ca02d95b06b2907b5a6c648c2dd0a1082a093c3141?s=96&d=mm&r=g","caption":"Comunicaci\u00f3 Esplac"}}]}},"_links":{"self":[{"href":"https:\/\/www.esplac.cat\/en\/wp-json\/wp\/v2\/posts\/39536","targetHints":{"allow":["GET"]}}],"collection":[{"href":"https:\/\/www.esplac.cat\/en\/wp-json\/wp\/v2\/posts"}],"about":[{"href":"https:\/\/www.esplac.cat\/en\/wp-json\/wp\/v2\/types\/post"}],"author":[{"embeddable":true,"href":"https:\/\/www.esplac.cat\/en\/wp-json\/wp\/v2\/users\/3"}],"replies":[{"embeddable":true,"href":"https:\/\/www.esplac.cat\/en\/wp-json\/wp\/v2\/comments?post=39536"}],"version-history":[{"count":0,"href":"https:\/\/www.esplac.cat\/en\/wp-json\/wp\/v2\/posts\/39536\/revisions"}],"wp:featuredmedia":[{"embeddable":true,"href":"https:\/\/www.esplac.cat\/en\/wp-json\/wp\/v2\/media\/39537"}],"wp:attachment":[{"href":"https:\/\/www.esplac.cat\/en\/wp-json\/wp\/v2\/media?parent=39536"}],"wp:term":[{"taxonomy":"category","embeddable":true,"href":"https:\/\/www.esplac.cat\/en\/wp-json\/wp\/v2\/categories?post=39536"},{"taxonomy":"post_tag","embeddable":true,"href":"https:\/\/www.esplac.cat\/en\/wp-json\/wp\/v2\/tags?post=39536"}],"curies":[{"name":"wp","href":"https:\/\/api.w.org\/{rel}","templated":true}]}}