{"id":39783,"date":"2022-03-30T13:58:05","date_gmt":"2022-03-30T11:58:05","guid":{"rendered":"https:\/\/www.esplac.cat\/?p=39783"},"modified":"2022-03-30T14:08:40","modified_gmt":"2022-03-30T12:08:40","slug":"tancada-gran-comite-marc","status":"publish","type":"post","link":"https:\/\/www.esplac.cat\/en\/tancada-gran-comite-marc\/","title":{"rendered":"De qu\u00e8 s&#8217;ha parlat a la tancada del Gran Comit\u00e8 de mar\u00e7?"},"content":{"rendered":"<h6><strong>El passat 26 i 27 de mar\u00e7 va tenir lloc la tancada de mar\u00e7 del Gran Comit\u00e8, l&#8217;espai on hi s\u00f3n representats tots els \u00f2rgans de decisi\u00f3 d&#8217;Esplac.\u00a0<\/strong><\/h6>\n<p>El cap de setmana va comen\u00e7ar dissabte al mat\u00ed amb la <strong>reuni\u00f3 d\u2019organitzaci\u00f3 de l\u2019Esplaiada <\/strong>(encara us podeu inscriure i formar part de l&#8217;<span style=\"color: #ff9900;\"><a style=\"color: #ff9900;\" href=\"https:\/\/infoesplac.typeform.com\/to\/Ozauqbip?typeform-source=infoesplac.typeform.com\" target=\"_blank\" rel=\"noopener noreferrer\">equip d&#8217;organitzaci\u00f3!<\/a><\/span>).\u00a0La reuni\u00f3 va servir per mirar espais, dividir tasques i preparar-ho tot perqu\u00e8 l\u2019Esplaiada surti d\u2019all\u00f2 m\u00e9s b\u00e9.<\/p>\n<p>Despr\u00e9s, la tancada va donar el tret de sortida en un alberg de Vallvidrera. Aquesta trobada \u00e9s un espai per compartir <strong>l\u2019estat de projectes del curs (Pla de Participaci\u00f3, L\u00ednies Pedag\u00f2giques, Inf\u00e0ncia i Esplaiada, Inclusi\u00f3 i Diversitat, Locals i Territori, i Relleu) i de les comissions d&#8217;Esplac, <\/strong>on es reuneixen els Equips Generals de Sector, l&#8217;Equip de Coordinaci\u00f3, Representants de Comissions i la Coordinaci\u00f3 T\u00e8cnica. A m\u00e9s a m\u00e9s, aquest cop tamb\u00e9 van participar-hi les <strong>persones comissionades d\u2019Esplac<\/strong>, que ens representen a diferents espais: El Xema, ex EGS Maresme i participant del Grup de Treball de Pla de Participaci\u00f3 que ens representa a la TIAC, el Xavi, ex Secretari General que ens representa a Incoop i la Rosa, ex EGS Bages i Bergued\u00e0 que ens representa al Consell Nacional de Joventut de Catalunya (CNJC).<\/p>\n<p>Durant el cap de setmana tamb\u00e9 es van tractar diversos temes com el <strong>calendari del curs 2022-2023<\/strong>, on est\u00e0 programada la Monifesta\u2019t 2023; es va aprofitar per fer una din\u00e0mica de <strong>comunicaci\u00f3 interna,<\/strong> una diagnosi de la situaci\u00f3 per poder organitzar b\u00e9 la informaci\u00f3 i els canals de l\u2019entitat; i, a part, es van valorar eines per aterrar els <strong>criteris de distribuci\u00f3 de l\u2019entitat<\/strong> i fer-los m\u00e9s inclusius i diversos.<\/p>\n<p>Per acabar, es va aprofundir en el <strong>relleu de l\u2019entitat<\/strong> a trav\u00e9s d\u2019una din\u00e0mica que ens va permetre analitzar l\u2019estat de l\u2019EGS dels diferents sectors geogr\u00e0fics, aix\u00ed com proposar eines perqu\u00e8 els relleus siguin \u00fatils i sans.<\/p>\n<p>El Gran Comit\u00e8 se seguir\u00e0 reunint i treballant per tornar-se a retrobar a l&#8217;Esplaiada i al Gran Comit\u00e8 de juny!<\/p>\n\n\t\t<style type=\"text\/css\">\n\t\t\t#gallery-1 {\n\t\t\t\tmargin: auto;\n\t\t\t}\n\t\t\t#gallery-1 .gallery-item {\n\t\t\t\tfloat: left;\n\t\t\t\tmargin-top: 10px;\n\t\t\t\ttext-align: center;\n\t\t\t\twidth: 33%;\n\t\t\t}\n\t\t\t#gallery-1 img {\n\t\t\t\tborder: 2px solid #cfcfcf;\n\t\t\t}\n\t\t\t#gallery-1 .gallery-caption {\n\t\t\t\tmargin-left: 0;\n\t\t\t}\n\t\t\t\/* see gallery_shortcode() in wp-includes\/media.php *\/\n\t\t<\/style>\n\t\t<div id='gallery-1' class='gallery galleryid-39783 gallery-columns-3 gallery-size-large'><dl class='gallery-item'>\n\t\t\t<dt class='gallery-icon landscape'>\n\t\t\t\t<a data-rel=\"iLightbox[postimages]\" data-title=\"photo5334891668954004859\" data-caption=\"\" href='https:\/\/www.esplac.cat\/wp-content\/uploads\/2022\/03\/photo5334891668954004859.jpg'><img decoding=\"async\" width=\"1024\" height=\"768\" src=\"https:\/\/www.esplac.cat\/wp-content\/uploads\/2022\/03\/photo5334891668954004859-1024x768.jpg\" class=\"attachment-large size-large\" alt=\"\" srcset=\"https:\/\/www.esplac.cat\/wp-content\/uploads\/2022\/03\/photo5334891668954004859-200x150.jpg 200w, https:\/\/www.esplac.cat\/wp-content\/uploads\/2022\/03\/photo5334891668954004859-300x225.jpg 300w, https:\/\/www.esplac.cat\/wp-content\/uploads\/2022\/03\/photo5334891668954004859-400x300.jpg 400w, https:\/\/www.esplac.cat\/wp-content\/uploads\/2022\/03\/photo5334891668954004859-600x450.jpg 600w, https:\/\/www.esplac.cat\/wp-content\/uploads\/2022\/03\/photo5334891668954004859-768x576.jpg 768w, https:\/\/www.esplac.cat\/wp-content\/uploads\/2022\/03\/photo5334891668954004859-800x600.jpg 800w, https:\/\/www.esplac.cat\/wp-content\/uploads\/2022\/03\/photo5334891668954004859-1024x768.jpg 1024w, https:\/\/www.esplac.cat\/wp-content\/uploads\/2022\/03\/photo5334891668954004859-1200x900.jpg 1200w, https:\/\/www.esplac.cat\/wp-content\/uploads\/2022\/03\/photo5334891668954004859.jpg 1280w\" sizes=\"(max-width: 1024px) 100vw, 1024px\" \/><\/a>\n\t\t\t<\/dt><\/dl><dl class='gallery-item'>\n\t\t\t<dt class='gallery-icon landscape'>\n\t\t\t\t<a data-rel=\"iLightbox[postimages]\" data-title=\"photo5917908139078956810\" data-caption=\"\" href='https:\/\/www.esplac.cat\/wp-content\/uploads\/2022\/03\/photo5917908139078956810.jpg'><img decoding=\"async\" width=\"1024\" height=\"653\" src=\"https:\/\/www.esplac.cat\/wp-content\/uploads\/2022\/03\/photo5917908139078956810-1024x653.jpg\" class=\"attachment-large size-large\" alt=\"\" srcset=\"https:\/\/www.esplac.cat\/wp-content\/uploads\/2022\/03\/photo5917908139078956810-200x128.jpg 200w, https:\/\/www.esplac.cat\/wp-content\/uploads\/2022\/03\/photo5917908139078956810-300x191.jpg 300w, https:\/\/www.esplac.cat\/wp-content\/uploads\/2022\/03\/photo5917908139078956810-400x255.jpg 400w, https:\/\/www.esplac.cat\/wp-content\/uploads\/2022\/03\/photo5917908139078956810-600x383.jpg 600w, https:\/\/www.esplac.cat\/wp-content\/uploads\/2022\/03\/photo5917908139078956810-768x490.jpg 768w, https:\/\/www.esplac.cat\/wp-content\/uploads\/2022\/03\/photo5917908139078956810-800x510.jpg 800w, https:\/\/www.esplac.cat\/wp-content\/uploads\/2022\/03\/photo5917908139078956810-1024x653.jpg 1024w, https:\/\/www.esplac.cat\/wp-content\/uploads\/2022\/03\/photo5917908139078956810-1200x765.jpg 1200w, https:\/\/www.esplac.cat\/wp-content\/uploads\/2022\/03\/photo5917908139078956810.jpg 1280w\" sizes=\"(max-width: 1024px) 100vw, 1024px\" \/><\/a>\n\t\t\t<\/dt><\/dl><dl class='gallery-item'>\n\t\t\t<dt class='gallery-icon landscape'>\n\t\t\t\t<a data-rel=\"iLightbox[postimages]\" data-title=\"photo5917908139078956809\" data-caption=\"\" href='https:\/\/www.esplac.cat\/wp-content\/uploads\/2022\/03\/photo5917908139078956809.jpg'><img decoding=\"async\" width=\"1024\" height=\"768\" src=\"https:\/\/www.esplac.cat\/wp-content\/uploads\/2022\/03\/photo5917908139078956809-1024x768.jpg\" class=\"attachment-large size-large\" alt=\"\" srcset=\"https:\/\/www.esplac.cat\/wp-content\/uploads\/2022\/03\/photo5917908139078956809-200x150.jpg 200w, https:\/\/www.esplac.cat\/wp-content\/uploads\/2022\/03\/photo5917908139078956809-300x225.jpg 300w, https:\/\/www.esplac.cat\/wp-content\/uploads\/2022\/03\/photo5917908139078956809-400x300.jpg 400w, https:\/\/www.esplac.cat\/wp-content\/uploads\/2022\/03\/photo5917908139078956809-600x450.jpg 600w, https:\/\/www.esplac.cat\/wp-content\/uploads\/2022\/03\/photo5917908139078956809-768x576.jpg 768w, https:\/\/www.esplac.cat\/wp-content\/uploads\/2022\/03\/photo5917908139078956809-800x600.jpg 800w, https:\/\/www.esplac.cat\/wp-content\/uploads\/2022\/03\/photo5917908139078956809-1024x768.jpg 1024w, https:\/\/www.esplac.cat\/wp-content\/uploads\/2022\/03\/photo5917908139078956809-1200x900.jpg 1200w, https:\/\/www.esplac.cat\/wp-content\/uploads\/2022\/03\/photo5917908139078956809.jpg 1280w\" sizes=\"(max-width: 1024px) 100vw, 1024px\" \/><\/a>\n\t\t\t<\/dt><\/dl><br style=\"clear: both\" \/>\n\t\t<\/div>\n\n","protected":false},"excerpt":{"rendered":"<p>El passat 26 i 27 de mar\u00e7 va tenir lloc [&hellip;]<\/p>\n","protected":false},"author":3,"featured_media":39798,"comment_status":"closed","ping_status":"closed","sticky":false,"template":"","format":"standard","meta":{"om_disable_all_campaigns":false,"_monsterinsights_skip_tracking":false,"_monsterinsights_sitenote_active":false,"_monsterinsights_sitenote_note":"","_monsterinsights_sitenote_category":0,"_uf_show_specific_survey":0,"_uf_disable_surveys":false,"footnotes":""},"categories":[1247],"tags":[],"class_list":["post-39783","post","type-post","status-publish","format-standard","has-post-thumbnail","hentry","category-gran-comite"],"yoast_head":"<!-- This site is optimized with the Yoast SEO plugin v27.4 - https:\/\/yoast.com\/product\/yoast-seo-wordpress\/ -->\n<title>De qu\u00e8 s&#039;ha parlat a la tancada del Gran Comit\u00e8 de mar\u00e7? - Esplac<\/title>\n<meta name=\"robots\" content=\"index, follow, max-snippet:-1, max-image-preview:large, max-video-preview:-1\" \/>\n<link rel=\"canonical\" href=\"https:\/\/www.esplac.cat\/es\/tancada-gran-comite-marc\/\" \/>\n<meta property=\"og:locale\" content=\"en_US\" \/>\n<meta property=\"og:type\" content=\"article\" \/>\n<meta property=\"og:title\" content=\"De qu\u00e8 s&#039;ha parlat a la tancada del Gran Comit\u00e8 de mar\u00e7? - Esplac\" \/>\n<meta property=\"og:description\" content=\"El passat 26 i 27 de mar\u00e7 va tenir lloc [&hellip;]\" \/>\n<meta property=\"og:url\" content=\"https:\/\/www.esplac.cat\/es\/tancada-gran-comite-marc\/\" \/>\n<meta property=\"og:site_name\" content=\"Esplac\" \/>\n<meta property=\"article:published_time\" content=\"2022-03-30T11:58:05+00:00\" \/>\n<meta property=\"article:modified_time\" content=\"2022-03-30T12:08:40+00:00\" \/>\n<meta property=\"og:image\" content=\"https:\/\/www.esplac.cat\/wp-content\/uploads\/2022\/03\/GC_3.jpg\" \/>\n\t<meta property=\"og:image:width\" content=\"1694\" \/>\n\t<meta property=\"og:image:height\" content=\"700\" \/>\n\t<meta property=\"og:image:type\" content=\"image\/jpeg\" \/>\n<meta name=\"author\" content=\"Comunicaci\u00f3 Esplac\" \/>\n<meta name=\"twitter:card\" content=\"summary_large_image\" \/>\n<meta name=\"twitter:label1\" content=\"Written by\" \/>\n\t<meta name=\"twitter:data1\" content=\"Comunicaci\u00f3 Esplac\" \/>\n\t<meta name=\"twitter:label2\" content=\"Est. reading time\" \/>\n\t<meta name=\"twitter:data2\" content=\"2 minutes\" \/>\n<script type=\"application\/ld+json\" class=\"yoast-schema-graph\">{\"@context\":\"https:\\\/\\\/schema.org\",\"@graph\":[{\"@type\":\"Article\",\"@id\":\"https:\\\/\\\/www.esplac.cat\\\/es\\\/tancada-gran-comite-marc\\\/#article\",\"isPartOf\":{\"@id\":\"https:\\\/\\\/www.esplac.cat\\\/es\\\/tancada-gran-comite-marc\\\/\"},\"author\":{\"name\":\"Comunicaci\u00f3 Esplac\",\"@id\":\"https:\\\/\\\/www.esplac.cat\\\/#\\\/schema\\\/person\\\/908383cf240be18b68f8855d0583faca\"},\"headline\":\"De qu\u00e8 s&#8217;ha parlat a la tancada del Gran Comit\u00e8 de mar\u00e7?\",\"datePublished\":\"2022-03-30T11:58:05+00:00\",\"dateModified\":\"2022-03-30T12:08:40+00:00\",\"mainEntityOfPage\":{\"@id\":\"https:\\\/\\\/www.esplac.cat\\\/es\\\/tancada-gran-comite-marc\\\/\"},\"wordCount\":383,\"publisher\":{\"@id\":\"https:\\\/\\\/www.esplac.cat\\\/#organization\"},\"image\":{\"@id\":\"https:\\\/\\\/www.esplac.cat\\\/es\\\/tancada-gran-comite-marc\\\/#primaryimage\"},\"thumbnailUrl\":\"https:\\\/\\\/www.esplac.cat\\\/wp-content\\\/uploads\\\/2022\\\/03\\\/GC_3.jpg\",\"articleSection\":[\"Gran Comit\u00e8\"],\"inLanguage\":\"en-US\"},{\"@type\":\"WebPage\",\"@id\":\"https:\\\/\\\/www.esplac.cat\\\/es\\\/tancada-gran-comite-marc\\\/\",\"url\":\"https:\\\/\\\/www.esplac.cat\\\/es\\\/tancada-gran-comite-marc\\\/\",\"name\":\"De qu\u00e8 s'ha parlat a la tancada del Gran Comit\u00e8 de mar\u00e7? - Esplac\",\"isPartOf\":{\"@id\":\"https:\\\/\\\/www.esplac.cat\\\/#website\"},\"primaryImageOfPage\":{\"@id\":\"https:\\\/\\\/www.esplac.cat\\\/es\\\/tancada-gran-comite-marc\\\/#primaryimage\"},\"image\":{\"@id\":\"https:\\\/\\\/www.esplac.cat\\\/es\\\/tancada-gran-comite-marc\\\/#primaryimage\"},\"thumbnailUrl\":\"https:\\\/\\\/www.esplac.cat\\\/wp-content\\\/uploads\\\/2022\\\/03\\\/GC_3.jpg\",\"datePublished\":\"2022-03-30T11:58:05+00:00\",\"dateModified\":\"2022-03-30T12:08:40+00:00\",\"breadcrumb\":{\"@id\":\"https:\\\/\\\/www.esplac.cat\\\/es\\\/tancada-gran-comite-marc\\\/#breadcrumb\"},\"inLanguage\":\"en-US\",\"potentialAction\":[{\"@type\":\"ReadAction\",\"target\":[\"https:\\\/\\\/www.esplac.cat\\\/es\\\/tancada-gran-comite-marc\\\/\"]}]},{\"@type\":\"ImageObject\",\"inLanguage\":\"en-US\",\"@id\":\"https:\\\/\\\/www.esplac.cat\\\/es\\\/tancada-gran-comite-marc\\\/#primaryimage\",\"url\":\"https:\\\/\\\/www.esplac.cat\\\/wp-content\\\/uploads\\\/2022\\\/03\\\/GC_3.jpg\",\"contentUrl\":\"https:\\\/\\\/www.esplac.cat\\\/wp-content\\\/uploads\\\/2022\\\/03\\\/GC_3.jpg\",\"width\":1694,\"height\":700},{\"@type\":\"BreadcrumbList\",\"@id\":\"https:\\\/\\\/www.esplac.cat\\\/es\\\/tancada-gran-comite-marc\\\/#breadcrumb\",\"itemListElement\":[{\"@type\":\"ListItem\",\"position\":1,\"name\":\"Inici\",\"item\":\"https:\\\/\\\/www.esplac.cat\\\/en\\\/\"},{\"@type\":\"ListItem\",\"position\":2,\"name\":\"De qu\u00e8 s&#8217;ha parlat a la tancada del Gran Comit\u00e8 de mar\u00e7?\"}]},{\"@type\":\"WebSite\",\"@id\":\"https:\\\/\\\/www.esplac.cat\\\/#website\",\"url\":\"https:\\\/\\\/www.esplac.cat\\\/\",\"name\":\"Esplac\",\"description\":\"Esplais Catalans\",\"publisher\":{\"@id\":\"https:\\\/\\\/www.esplac.cat\\\/#organization\"},\"potentialAction\":[{\"@type\":\"SearchAction\",\"target\":{\"@type\":\"EntryPoint\",\"urlTemplate\":\"https:\\\/\\\/www.esplac.cat\\\/?s={search_term_string}\"},\"query-input\":{\"@type\":\"PropertyValueSpecification\",\"valueRequired\":true,\"valueName\":\"search_term_string\"}}],\"inLanguage\":\"en-US\"},{\"@type\":\"Organization\",\"@id\":\"https:\\\/\\\/www.esplac.cat\\\/#organization\",\"name\":\"Esplac\",\"url\":\"https:\\\/\\\/www.esplac.cat\\\/\",\"logo\":{\"@type\":\"ImageObject\",\"inLanguage\":\"en-US\",\"@id\":\"https:\\\/\\\/www.esplac.cat\\\/#\\\/schema\\\/logo\\\/image\\\/\",\"url\":\"https:\\\/\\\/www.esplac.cat\\\/wp-content\\\/uploads\\\/2019\\\/08\\\/logox2.png\",\"contentUrl\":\"https:\\\/\\\/www.esplac.cat\\\/wp-content\\\/uploads\\\/2019\\\/08\\\/logox2.png\",\"width\":600,\"height\":295,\"caption\":\"Esplac\"},\"image\":{\"@id\":\"https:\\\/\\\/www.esplac.cat\\\/#\\\/schema\\\/logo\\\/image\\\/\"}},{\"@type\":\"Person\",\"@id\":\"https:\\\/\\\/www.esplac.cat\\\/#\\\/schema\\\/person\\\/908383cf240be18b68f8855d0583faca\",\"name\":\"Comunicaci\u00f3 Esplac\",\"image\":{\"@type\":\"ImageObject\",\"inLanguage\":\"en-US\",\"@id\":\"https:\\\/\\\/secure.gravatar.com\\\/avatar\\\/7a4cf8feb412a76ea4a740ca02d95b06b2907b5a6c648c2dd0a1082a093c3141?s=96&d=mm&r=g\",\"url\":\"https:\\\/\\\/secure.gravatar.com\\\/avatar\\\/7a4cf8feb412a76ea4a740ca02d95b06b2907b5a6c648c2dd0a1082a093c3141?s=96&d=mm&r=g\",\"contentUrl\":\"https:\\\/\\\/secure.gravatar.com\\\/avatar\\\/7a4cf8feb412a76ea4a740ca02d95b06b2907b5a6c648c2dd0a1082a093c3141?s=96&d=mm&r=g\",\"caption\":\"Comunicaci\u00f3 Esplac\"}}]}<\/script>\n<!-- \/ Yoast SEO plugin. -->","yoast_head_json":{"title":"De qu\u00e8 s'ha parlat a la tancada del Gran Comit\u00e8 de mar\u00e7? - Esplac","robots":{"index":"index","follow":"follow","max-snippet":"max-snippet:-1","max-image-preview":"max-image-preview:large","max-video-preview":"max-video-preview:-1"},"canonical":"https:\/\/www.esplac.cat\/es\/tancada-gran-comite-marc\/","og_locale":"en_US","og_type":"article","og_title":"De qu\u00e8 s'ha parlat a la tancada del Gran Comit\u00e8 de mar\u00e7? - Esplac","og_description":"El passat 26 i 27 de mar\u00e7 va tenir lloc [&hellip;]","og_url":"https:\/\/www.esplac.cat\/es\/tancada-gran-comite-marc\/","og_site_name":"Esplac","article_published_time":"2022-03-30T11:58:05+00:00","article_modified_time":"2022-03-30T12:08:40+00:00","og_image":[{"width":1694,"height":700,"url":"https:\/\/www.esplac.cat\/wp-content\/uploads\/2022\/03\/GC_3.jpg","type":"image\/jpeg"}],"author":"Comunicaci\u00f3 Esplac","twitter_card":"summary_large_image","twitter_misc":{"Written by":"Comunicaci\u00f3 Esplac","Est. reading time":"2 minutes"},"schema":{"@context":"https:\/\/schema.org","@graph":[{"@type":"Article","@id":"https:\/\/www.esplac.cat\/es\/tancada-gran-comite-marc\/#article","isPartOf":{"@id":"https:\/\/www.esplac.cat\/es\/tancada-gran-comite-marc\/"},"author":{"name":"Comunicaci\u00f3 Esplac","@id":"https:\/\/www.esplac.cat\/#\/schema\/person\/908383cf240be18b68f8855d0583faca"},"headline":"De qu\u00e8 s&#8217;ha parlat a la tancada del Gran Comit\u00e8 de mar\u00e7?","datePublished":"2022-03-30T11:58:05+00:00","dateModified":"2022-03-30T12:08:40+00:00","mainEntityOfPage":{"@id":"https:\/\/www.esplac.cat\/es\/tancada-gran-comite-marc\/"},"wordCount":383,"publisher":{"@id":"https:\/\/www.esplac.cat\/#organization"},"image":{"@id":"https:\/\/www.esplac.cat\/es\/tancada-gran-comite-marc\/#primaryimage"},"thumbnailUrl":"https:\/\/www.esplac.cat\/wp-content\/uploads\/2022\/03\/GC_3.jpg","articleSection":["Gran Comit\u00e8"],"inLanguage":"en-US"},{"@type":"WebPage","@id":"https:\/\/www.esplac.cat\/es\/tancada-gran-comite-marc\/","url":"https:\/\/www.esplac.cat\/es\/tancada-gran-comite-marc\/","name":"De qu\u00e8 s'ha parlat a la tancada del Gran Comit\u00e8 de mar\u00e7? - Esplac","isPartOf":{"@id":"https:\/\/www.esplac.cat\/#website"},"primaryImageOfPage":{"@id":"https:\/\/www.esplac.cat\/es\/tancada-gran-comite-marc\/#primaryimage"},"image":{"@id":"https:\/\/www.esplac.cat\/es\/tancada-gran-comite-marc\/#primaryimage"},"thumbnailUrl":"https:\/\/www.esplac.cat\/wp-content\/uploads\/2022\/03\/GC_3.jpg","datePublished":"2022-03-30T11:58:05+00:00","dateModified":"2022-03-30T12:08:40+00:00","breadcrumb":{"@id":"https:\/\/www.esplac.cat\/es\/tancada-gran-comite-marc\/#breadcrumb"},"inLanguage":"en-US","potentialAction":[{"@type":"ReadAction","target":["https:\/\/www.esplac.cat\/es\/tancada-gran-comite-marc\/"]}]},{"@type":"ImageObject","inLanguage":"en-US","@id":"https:\/\/www.esplac.cat\/es\/tancada-gran-comite-marc\/#primaryimage","url":"https:\/\/www.esplac.cat\/wp-content\/uploads\/2022\/03\/GC_3.jpg","contentUrl":"https:\/\/www.esplac.cat\/wp-content\/uploads\/2022\/03\/GC_3.jpg","width":1694,"height":700},{"@type":"BreadcrumbList","@id":"https:\/\/www.esplac.cat\/es\/tancada-gran-comite-marc\/#breadcrumb","itemListElement":[{"@type":"ListItem","position":1,"name":"Inici","item":"https:\/\/www.esplac.cat\/en\/"},{"@type":"ListItem","position":2,"name":"De qu\u00e8 s&#8217;ha parlat a la tancada del Gran Comit\u00e8 de mar\u00e7?"}]},{"@type":"WebSite","@id":"https:\/\/www.esplac.cat\/#website","url":"https:\/\/www.esplac.cat\/","name":"Esplac","description":"Esplais Catalans","publisher":{"@id":"https:\/\/www.esplac.cat\/#organization"},"potentialAction":[{"@type":"SearchAction","target":{"@type":"EntryPoint","urlTemplate":"https:\/\/www.esplac.cat\/?s={search_term_string}"},"query-input":{"@type":"PropertyValueSpecification","valueRequired":true,"valueName":"search_term_string"}}],"inLanguage":"en-US"},{"@type":"Organization","@id":"https:\/\/www.esplac.cat\/#organization","name":"Esplac","url":"https:\/\/www.esplac.cat\/","logo":{"@type":"ImageObject","inLanguage":"en-US","@id":"https:\/\/www.esplac.cat\/#\/schema\/logo\/image\/","url":"https:\/\/www.esplac.cat\/wp-content\/uploads\/2019\/08\/logox2.png","contentUrl":"https:\/\/www.esplac.cat\/wp-content\/uploads\/2019\/08\/logox2.png","width":600,"height":295,"caption":"Esplac"},"image":{"@id":"https:\/\/www.esplac.cat\/#\/schema\/logo\/image\/"}},{"@type":"Person","@id":"https:\/\/www.esplac.cat\/#\/schema\/person\/908383cf240be18b68f8855d0583faca","name":"Comunicaci\u00f3 Esplac","image":{"@type":"ImageObject","inLanguage":"en-US","@id":"https:\/\/secure.gravatar.com\/avatar\/7a4cf8feb412a76ea4a740ca02d95b06b2907b5a6c648c2dd0a1082a093c3141?s=96&d=mm&r=g","url":"https:\/\/secure.gravatar.com\/avatar\/7a4cf8feb412a76ea4a740ca02d95b06b2907b5a6c648c2dd0a1082a093c3141?s=96&d=mm&r=g","contentUrl":"https:\/\/secure.gravatar.com\/avatar\/7a4cf8feb412a76ea4a740ca02d95b06b2907b5a6c648c2dd0a1082a093c3141?s=96&d=mm&r=g","caption":"Comunicaci\u00f3 Esplac"}}]}},"_links":{"self":[{"href":"https:\/\/www.esplac.cat\/en\/wp-json\/wp\/v2\/posts\/39783","targetHints":{"allow":["GET"]}}],"collection":[{"href":"https:\/\/www.esplac.cat\/en\/wp-json\/wp\/v2\/posts"}],"about":[{"href":"https:\/\/www.esplac.cat\/en\/wp-json\/wp\/v2\/types\/post"}],"author":[{"embeddable":true,"href":"https:\/\/www.esplac.cat\/en\/wp-json\/wp\/v2\/users\/3"}],"replies":[{"embeddable":true,"href":"https:\/\/www.esplac.cat\/en\/wp-json\/wp\/v2\/comments?post=39783"}],"version-history":[{"count":0,"href":"https:\/\/www.esplac.cat\/en\/wp-json\/wp\/v2\/posts\/39783\/revisions"}],"wp:featuredmedia":[{"embeddable":true,"href":"https:\/\/www.esplac.cat\/en\/wp-json\/wp\/v2\/media\/39798"}],"wp:attachment":[{"href":"https:\/\/www.esplac.cat\/en\/wp-json\/wp\/v2\/media?parent=39783"}],"wp:term":[{"taxonomy":"category","embeddable":true,"href":"https:\/\/www.esplac.cat\/en\/wp-json\/wp\/v2\/categories?post=39783"},{"taxonomy":"post_tag","embeddable":true,"href":"https:\/\/www.esplac.cat\/en\/wp-json\/wp\/v2\/tags?post=39783"}],"curies":[{"name":"wp","href":"https:\/\/api.w.org\/{rel}","templated":true}]}}