{"id":39938,"date":"2022-04-06T15:57:44","date_gmt":"2022-04-06T13:57:44","guid":{"rendered":"https:\/\/www.esplac.cat\/?p=39938"},"modified":"2022-04-06T17:05:04","modified_gmt":"2022-04-06T15:05:04","slug":"creix-interes-esplais-mudar-els-seus-comptes-a-la-banca-etica","status":"publish","type":"post","link":"https:\/\/www.esplac.cat\/en\/creix-interes-esplais-mudar-els-seus-comptes-a-la-banca-etica\/","title":{"rendered":"Els esplais fan un pas m\u00e9s cap a la Banca \u00c8tica"},"content":{"rendered":"<h6><strong>Una vintena de monitores i monitors de diferents esplais d\u2019Esplac han assistit el passat dimarts 5 d\u2019abril a la xerrada formativa \u201cBanca \u00c8tica? Qu\u00e8 fem amb els diners dels esplais?\u201d organitzada per la Comissi\u00f3 Reduint Petjada, en una aposta per apropar les finances \u00e8tiques a les entitats i els equips educatius.\u00a0<\/strong><\/h6>\n<p><span style=\"font-weight: 300;\">L\u2019activitat s\u2019ha dut a terme al <\/span><span style=\"color: #ff9900;\"><a style=\"color: #ff9900;\" href=\"https:\/\/www.joveslescorts.info\/\"><b>Casal de Joves de Les Corts<\/b><\/a><\/span><span style=\"font-weight: 300;\"> amb la col\u00b7laboraci\u00f3 de les principals entitats de l\u2019economia social i solid\u00e0ria especialitzades en l\u2019\u00e0mbit, <\/span><span style=\"color: #ff9900;\"><a style=\"color: #ff9900;\" href=\"https:\/\/lacoordi.cat\/\"><b>La Coordi<\/b><\/a><b>, <\/b><a style=\"color: #ff9900;\" href=\"https:\/\/fets.org\/\"><b>Finan\u00e7ament \u00c8tic i Solidari<\/b><\/a><b> (FETS)<\/b><\/span><span style=\"font-weight: 300;\"> i el<\/span><b> GiT Barcelona de <\/b><span style=\"color: #ff9900;\"><a style=\"color: #ff9900;\" href=\"https:\/\/www.fiarebancaetica.coop\/\"><b>Fiare Banca \u00c8tica<\/b><\/a><\/span><b>.\u00a0<\/b><\/p>\n<p><span style=\"font-weight: 300;\">Operar amb la banca \u00e8tica \u00e9s una de les assignatures pendents dels esplais. No obstant, els farragosos tr\u00e0mits burocr\u00e0tics i les complicacions en la gesti\u00f3 econ\u00f2mica dificulten implementar aquest canvi. <\/span><span style=\"font-weight: 300;\">Les finances \u00e8tiques promouen un <\/span><b>model de gesti\u00f3 responsable dels diners,<\/b><span style=\"font-weight: 300;\"> segons <\/span><b>Sergi Salavert, <\/b><span style=\"font-weight: 300;\">de l\u2019entitat FETS, <\/span><i><span style=\"font-weight: 300;\">\u201cfinan\u00e7ant \u00fanicament projectes que generin un impacte positiu en l\u2019\u00e0mbit ambiental, social o cultural\u201d<\/span><\/i><span style=\"font-weight: 300;\">. Salavert destaca que, al contrari de la banca convencional, especialment arran de la crisi de la Covid-19, <\/span><b>les finances \u00e8tiques <\/b><span style=\"color: #ff9900;\"><a style=\"color: #ff9900;\" href=\"https:\/\/xarxanet.org\/economic\/noticies\/les-finances-etiques-creixen-en-lany-de-la-pandemia\"><b>segueixen creixent any rere any<\/b><\/a><\/span><b>, assolint fins a 200.000 persones usu\u00e0ries.<\/b><\/p>\n<p><span style=\"font-weight: 300;\">Promoure canvis interns en les organitzacions \u00e9s una tasca complexa. Per fer el pas a la banca \u00e8tica cal, abans de tot, creure-hi, estar-ne conven\u00e7ut i <\/span><b>entendre-ho com una aposta pol\u00edtica de l\u2019entitat.<\/b><span style=\"font-weight: 300;\"> Per aquesta ra\u00f3, tal com assenya <\/span><b>Ander Zabala,<\/b><span style=\"font-weight: 300;\"> voluntari del <\/span><span style=\"color: #ff9900;\"><a style=\"color: #ff9900;\" href=\"https:\/\/fiarebancaetica.coop\/git\/barcelona?_ga=2.117069062.1679103296.1649245868-1119553916.1619110711\"><span style=\"font-weight: 300;\">grup de s\u00f2cies de Fiare Barcelona<\/span><\/a><\/span><span style=\"font-weight: 300;\">, fer el canvi a t\u00edtol individual \u00e9s una manera d\u2019apropar la banca \u00e8tica als esplais, <\/span><b>\u00e9s un canvi mobilitzador<\/b><span style=\"font-weight: 300;\"> i esdev\u00e9 referent per motivar-ne d\u2019altres.<\/span><\/p>\n<p><span style=\"font-weight: 300;\">L\u2019any 2021, des d\u2019Esplac, es va iniciar un acompanyament des de l\u2019equip t\u00e8cnic per resoldre els dubtes i inquietuds dels esplais en aquesta tem\u00e0tica que s\u2019ha transformat en una de les principals l\u00ednies de treball d\u2019aquest any de la Comissi\u00f3 Reduint Petjada.<\/span><\/p>\n<p>Si sou un esplai i teniu dubtes sobre com fer la transici\u00f3 cap a la banca \u00e8tica, podeu posar-vos en contacte amb reduintpetjada@esplac.cat.<\/p>\n\n\t\t<style type=\"text\/css\">\n\t\t\t#gallery-1 {\n\t\t\t\tmargin: auto;\n\t\t\t}\n\t\t\t#gallery-1 .gallery-item {\n\t\t\t\tfloat: left;\n\t\t\t\tmargin-top: 10px;\n\t\t\t\ttext-align: center;\n\t\t\t\twidth: 33%;\n\t\t\t}\n\t\t\t#gallery-1 img {\n\t\t\t\tborder: 2px solid #cfcfcf;\n\t\t\t}\n\t\t\t#gallery-1 .gallery-caption {\n\t\t\t\tmargin-left: 0;\n\t\t\t}\n\t\t\t\/* see gallery_shortcode() in wp-includes\/media.php *\/\n\t\t<\/style>\n\t\t<div id='gallery-1' class='gallery galleryid-39938 gallery-columns-3 gallery-size-medium'><dl class='gallery-item'>\n\t\t\t<dt class='gallery-icon landscape'>\n\t\t\t\t<a data-rel=\"iLightbox[postimages]\" data-title=\"WhatsApp Image 2022-04-06 at 11.15.16\" data-caption=\"\" href='https:\/\/www.esplac.cat\/wp-content\/uploads\/2022\/04\/WhatsApp-Image-2022-04-06-at-11.15.16.jpeg'><img decoding=\"async\" width=\"300\" height=\"225\" src=\"https:\/\/www.esplac.cat\/wp-content\/uploads\/2022\/04\/WhatsApp-Image-2022-04-06-at-11.15.16-300x225.jpeg\" class=\"attachment-medium size-medium\" alt=\"\" srcset=\"https:\/\/www.esplac.cat\/wp-content\/uploads\/2022\/04\/WhatsApp-Image-2022-04-06-at-11.15.16-200x150.jpeg 200w, https:\/\/www.esplac.cat\/wp-content\/uploads\/2022\/04\/WhatsApp-Image-2022-04-06-at-11.15.16-300x225.jpeg 300w, https:\/\/www.esplac.cat\/wp-content\/uploads\/2022\/04\/WhatsApp-Image-2022-04-06-at-11.15.16-400x300.jpeg 400w, https:\/\/www.esplac.cat\/wp-content\/uploads\/2022\/04\/WhatsApp-Image-2022-04-06-at-11.15.16-600x450.jpeg 600w, https:\/\/www.esplac.cat\/wp-content\/uploads\/2022\/04\/WhatsApp-Image-2022-04-06-at-11.15.16-768x576.jpeg 768w, https:\/\/www.esplac.cat\/wp-content\/uploads\/2022\/04\/WhatsApp-Image-2022-04-06-at-11.15.16-800x600.jpeg 800w, https:\/\/www.esplac.cat\/wp-content\/uploads\/2022\/04\/WhatsApp-Image-2022-04-06-at-11.15.16-1024x768.jpeg 1024w, https:\/\/www.esplac.cat\/wp-content\/uploads\/2022\/04\/WhatsApp-Image-2022-04-06-at-11.15.16-1200x900.jpeg 1200w, https:\/\/www.esplac.cat\/wp-content\/uploads\/2022\/04\/WhatsApp-Image-2022-04-06-at-11.15.16-1536x1152.jpeg 1536w, https:\/\/www.esplac.cat\/wp-content\/uploads\/2022\/04\/WhatsApp-Image-2022-04-06-at-11.15.16.jpeg 1600w\" sizes=\"(max-width: 300px) 100vw, 300px\" \/><\/a>\n\t\t\t<\/dt><\/dl><dl class='gallery-item'>\n\t\t\t<dt class='gallery-icon landscape'>\n\t\t\t\t<a data-rel=\"iLightbox[postimages]\" data-title=\"WhatsApp Image 2022-04-06 at 11.15.13\" data-caption=\"\" href='https:\/\/www.esplac.cat\/wp-content\/uploads\/2022\/04\/WhatsApp-Image-2022-04-06-at-11.15.13.jpeg'><img decoding=\"async\" width=\"300\" height=\"225\" src=\"https:\/\/www.esplac.cat\/wp-content\/uploads\/2022\/04\/WhatsApp-Image-2022-04-06-at-11.15.13-300x225.jpeg\" class=\"attachment-medium size-medium\" alt=\"\" srcset=\"https:\/\/www.esplac.cat\/wp-content\/uploads\/2022\/04\/WhatsApp-Image-2022-04-06-at-11.15.13-200x150.jpeg 200w, https:\/\/www.esplac.cat\/wp-content\/uploads\/2022\/04\/WhatsApp-Image-2022-04-06-at-11.15.13-300x225.jpeg 300w, https:\/\/www.esplac.cat\/wp-content\/uploads\/2022\/04\/WhatsApp-Image-2022-04-06-at-11.15.13-400x300.jpeg 400w, https:\/\/www.esplac.cat\/wp-content\/uploads\/2022\/04\/WhatsApp-Image-2022-04-06-at-11.15.13-600x450.jpeg 600w, https:\/\/www.esplac.cat\/wp-content\/uploads\/2022\/04\/WhatsApp-Image-2022-04-06-at-11.15.13-768x576.jpeg 768w, https:\/\/www.esplac.cat\/wp-content\/uploads\/2022\/04\/WhatsApp-Image-2022-04-06-at-11.15.13-800x600.jpeg 800w, https:\/\/www.esplac.cat\/wp-content\/uploads\/2022\/04\/WhatsApp-Image-2022-04-06-at-11.15.13-1024x768.jpeg 1024w, https:\/\/www.esplac.cat\/wp-content\/uploads\/2022\/04\/WhatsApp-Image-2022-04-06-at-11.15.13-1200x900.jpeg 1200w, https:\/\/www.esplac.cat\/wp-content\/uploads\/2022\/04\/WhatsApp-Image-2022-04-06-at-11.15.13-1536x1152.jpeg 1536w, https:\/\/www.esplac.cat\/wp-content\/uploads\/2022\/04\/WhatsApp-Image-2022-04-06-at-11.15.13.jpeg 1600w\" sizes=\"(max-width: 300px) 100vw, 300px\" \/><\/a>\n\t\t\t<\/dt><\/dl><dl class='gallery-item'>\n\t\t\t<dt class='gallery-icon landscape'>\n\t\t\t\t<a data-rel=\"iLightbox[postimages]\" data-title=\"WhatsApp Image 2022-04-06 at 11.15.22\" data-caption=\"\" href='https:\/\/www.esplac.cat\/wp-content\/uploads\/2022\/04\/WhatsApp-Image-2022-04-06-at-11.15.22.jpeg'><img decoding=\"async\" width=\"300\" height=\"225\" src=\"https:\/\/www.esplac.cat\/wp-content\/uploads\/2022\/04\/WhatsApp-Image-2022-04-06-at-11.15.22-300x225.jpeg\" class=\"attachment-medium size-medium\" alt=\"\" srcset=\"https:\/\/www.esplac.cat\/wp-content\/uploads\/2022\/04\/WhatsApp-Image-2022-04-06-at-11.15.22-200x150.jpeg 200w, https:\/\/www.esplac.cat\/wp-content\/uploads\/2022\/04\/WhatsApp-Image-2022-04-06-at-11.15.22-300x225.jpeg 300w, https:\/\/www.esplac.cat\/wp-content\/uploads\/2022\/04\/WhatsApp-Image-2022-04-06-at-11.15.22-400x300.jpeg 400w, https:\/\/www.esplac.cat\/wp-content\/uploads\/2022\/04\/WhatsApp-Image-2022-04-06-at-11.15.22-600x450.jpeg 600w, https:\/\/www.esplac.cat\/wp-content\/uploads\/2022\/04\/WhatsApp-Image-2022-04-06-at-11.15.22-768x576.jpeg 768w, https:\/\/www.esplac.cat\/wp-content\/uploads\/2022\/04\/WhatsApp-Image-2022-04-06-at-11.15.22-800x600.jpeg 800w, https:\/\/www.esplac.cat\/wp-content\/uploads\/2022\/04\/WhatsApp-Image-2022-04-06-at-11.15.22-1024x768.jpeg 1024w, https:\/\/www.esplac.cat\/wp-content\/uploads\/2022\/04\/WhatsApp-Image-2022-04-06-at-11.15.22-1200x900.jpeg 1200w, https:\/\/www.esplac.cat\/wp-content\/uploads\/2022\/04\/WhatsApp-Image-2022-04-06-at-11.15.22-1536x1152.jpeg 1536w, https:\/\/www.esplac.cat\/wp-content\/uploads\/2022\/04\/WhatsApp-Image-2022-04-06-at-11.15.22.jpeg 1600w\" sizes=\"(max-width: 300px) 100vw, 300px\" \/><\/a>\n\t\t\t<\/dt><\/dl><br style=\"clear: both\" \/><dl class='gallery-item'>\n\t\t\t<dt class='gallery-icon landscape'>\n\t\t\t\t<a data-rel=\"iLightbox[postimages]\" data-title=\"WhatsApp Image 2022-04-06 at 11.15.21\" data-caption=\"\" href='https:\/\/www.esplac.cat\/wp-content\/uploads\/2022\/04\/WhatsApp-Image-2022-04-06-at-11.15.21.jpeg'><img decoding=\"async\" width=\"300\" height=\"225\" src=\"https:\/\/www.esplac.cat\/wp-content\/uploads\/2022\/04\/WhatsApp-Image-2022-04-06-at-11.15.21-300x225.jpeg\" class=\"attachment-medium size-medium\" alt=\"\" srcset=\"https:\/\/www.esplac.cat\/wp-content\/uploads\/2022\/04\/WhatsApp-Image-2022-04-06-at-11.15.21-200x150.jpeg 200w, https:\/\/www.esplac.cat\/wp-content\/uploads\/2022\/04\/WhatsApp-Image-2022-04-06-at-11.15.21-300x225.jpeg 300w, https:\/\/www.esplac.cat\/wp-content\/uploads\/2022\/04\/WhatsApp-Image-2022-04-06-at-11.15.21-400x300.jpeg 400w, https:\/\/www.esplac.cat\/wp-content\/uploads\/2022\/04\/WhatsApp-Image-2022-04-06-at-11.15.21-600x450.jpeg 600w, https:\/\/www.esplac.cat\/wp-content\/uploads\/2022\/04\/WhatsApp-Image-2022-04-06-at-11.15.21-768x576.jpeg 768w, https:\/\/www.esplac.cat\/wp-content\/uploads\/2022\/04\/WhatsApp-Image-2022-04-06-at-11.15.21-800x600.jpeg 800w, https:\/\/www.esplac.cat\/wp-content\/uploads\/2022\/04\/WhatsApp-Image-2022-04-06-at-11.15.21-1024x768.jpeg 1024w, https:\/\/www.esplac.cat\/wp-content\/uploads\/2022\/04\/WhatsApp-Image-2022-04-06-at-11.15.21-1200x900.jpeg 1200w, https:\/\/www.esplac.cat\/wp-content\/uploads\/2022\/04\/WhatsApp-Image-2022-04-06-at-11.15.21-1536x1152.jpeg 1536w, https:\/\/www.esplac.cat\/wp-content\/uploads\/2022\/04\/WhatsApp-Image-2022-04-06-at-11.15.21.jpeg 1600w\" sizes=\"(max-width: 300px) 100vw, 300px\" \/><\/a>\n\t\t\t<\/dt><\/dl><dl class='gallery-item'>\n\t\t\t<dt class='gallery-icon landscape'>\n\t\t\t\t<a data-rel=\"iLightbox[postimages]\" data-title=\"WhatsApp Image 2022-04-06 at 11.15.20\" data-caption=\"\" href='https:\/\/www.esplac.cat\/wp-content\/uploads\/2022\/04\/WhatsApp-Image-2022-04-06-at-11.15.20.jpeg'><img decoding=\"async\" width=\"300\" height=\"225\" src=\"https:\/\/www.esplac.cat\/wp-content\/uploads\/2022\/04\/WhatsApp-Image-2022-04-06-at-11.15.20-300x225.jpeg\" class=\"attachment-medium size-medium\" alt=\"\" srcset=\"https:\/\/www.esplac.cat\/wp-content\/uploads\/2022\/04\/WhatsApp-Image-2022-04-06-at-11.15.20-200x150.jpeg 200w, https:\/\/www.esplac.cat\/wp-content\/uploads\/2022\/04\/WhatsApp-Image-2022-04-06-at-11.15.20-300x225.jpeg 300w, https:\/\/www.esplac.cat\/wp-content\/uploads\/2022\/04\/WhatsApp-Image-2022-04-06-at-11.15.20-400x300.jpeg 400w, https:\/\/www.esplac.cat\/wp-content\/uploads\/2022\/04\/WhatsApp-Image-2022-04-06-at-11.15.20-600x450.jpeg 600w, https:\/\/www.esplac.cat\/wp-content\/uploads\/2022\/04\/WhatsApp-Image-2022-04-06-at-11.15.20-768x576.jpeg 768w, https:\/\/www.esplac.cat\/wp-content\/uploads\/2022\/04\/WhatsApp-Image-2022-04-06-at-11.15.20-800x600.jpeg 800w, https:\/\/www.esplac.cat\/wp-content\/uploads\/2022\/04\/WhatsApp-Image-2022-04-06-at-11.15.20-1024x768.jpeg 1024w, https:\/\/www.esplac.cat\/wp-content\/uploads\/2022\/04\/WhatsApp-Image-2022-04-06-at-11.15.20-1200x900.jpeg 1200w, https:\/\/www.esplac.cat\/wp-content\/uploads\/2022\/04\/WhatsApp-Image-2022-04-06-at-11.15.20-1536x1152.jpeg 1536w, https:\/\/www.esplac.cat\/wp-content\/uploads\/2022\/04\/WhatsApp-Image-2022-04-06-at-11.15.20.jpeg 1600w\" sizes=\"(max-width: 300px) 100vw, 300px\" \/><\/a>\n\t\t\t<\/dt><\/dl>\n\t\t\t<br style='clear: both' \/>\n\t\t<\/div>\n\n","protected":false},"excerpt":{"rendered":"<p>Una vintena de monitores i monitors de diferents esplais d\u2019Esplac [&hellip;]<\/p>\n","protected":false},"author":3,"featured_media":39939,"comment_status":"closed","ping_status":"closed","sticky":false,"template":"","format":"standard","meta":{"om_disable_all_campaigns":false,"_monsterinsights_skip_tracking":false,"_monsterinsights_sitenote_active":false,"_monsterinsights_sitenote_note":"","_monsterinsights_sitenote_category":0,"_uf_show_specific_survey":0,"_uf_disable_surveys":false,"footnotes":""},"categories":[1161],"tags":[],"class_list":["post-39938","post","type-post","status-publish","format-standard","has-post-thumbnail","hentry","category-comissio-reduint-petjada"],"yoast_head":"<!-- This site is optimized with the Yoast SEO plugin v27.4 - https:\/\/yoast.com\/product\/yoast-seo-wordpress\/ -->\n<title>Els esplais fan un pas m\u00e9s cap a la Banca \u00c8tica - Esplac<\/title>\n<meta name=\"robots\" content=\"index, follow, max-snippet:-1, max-image-preview:large, max-video-preview:-1\" \/>\n<link rel=\"canonical\" href=\"https:\/\/www.esplac.cat\/en\/creix-interes-esplais-mudar-els-seus-comptes-a-la-banca-etica\/\" \/>\n<meta property=\"og:locale\" content=\"en_US\" \/>\n<meta property=\"og:type\" content=\"article\" \/>\n<meta property=\"og:title\" content=\"Els esplais fan un pas m\u00e9s cap a la Banca \u00c8tica - Esplac\" \/>\n<meta property=\"og:description\" content=\"Una vintena de monitores i monitors de diferents esplais d\u2019Esplac [&hellip;]\" \/>\n<meta property=\"og:url\" content=\"https:\/\/www.esplac.cat\/en\/creix-interes-esplais-mudar-els-seus-comptes-a-la-banca-etica\/\" \/>\n<meta property=\"og:site_name\" content=\"Esplac\" \/>\n<meta property=\"article:published_time\" content=\"2022-04-06T13:57:44+00:00\" \/>\n<meta property=\"article:modified_time\" content=\"2022-04-06T15:05:04+00:00\" \/>\n<meta property=\"og:image\" content=\"https:\/\/www.esplac.cat\/wp-content\/uploads\/2022\/04\/Bancaetica_noti.jpg\" \/>\n\t<meta property=\"og:image:width\" content=\"1697\" \/>\n\t<meta property=\"og:image:height\" content=\"700\" \/>\n\t<meta property=\"og:image:type\" content=\"image\/jpeg\" \/>\n<meta name=\"author\" content=\"Comunicaci\u00f3 Esplac\" \/>\n<meta name=\"twitter:card\" content=\"summary_large_image\" \/>\n<meta name=\"twitter:label1\" content=\"Written by\" \/>\n\t<meta name=\"twitter:data1\" content=\"Comunicaci\u00f3 Esplac\" \/>\n\t<meta name=\"twitter:label2\" content=\"Est. reading time\" \/>\n\t<meta name=\"twitter:data2\" content=\"2 minutes\" \/>\n<script type=\"application\/ld+json\" class=\"yoast-schema-graph\">{\"@context\":\"https:\\\/\\\/schema.org\",\"@graph\":[{\"@type\":\"Article\",\"@id\":\"https:\\\/\\\/www.esplac.cat\\\/en\\\/creix-interes-esplais-mudar-els-seus-comptes-a-la-banca-etica\\\/#article\",\"isPartOf\":{\"@id\":\"https:\\\/\\\/www.esplac.cat\\\/en\\\/creix-interes-esplais-mudar-els-seus-comptes-a-la-banca-etica\\\/\"},\"author\":{\"name\":\"Comunicaci\u00f3 Esplac\",\"@id\":\"https:\\\/\\\/www.esplac.cat\\\/#\\\/schema\\\/person\\\/908383cf240be18b68f8855d0583faca\"},\"headline\":\"Els esplais fan un pas m\u00e9s cap a la Banca \u00c8tica\",\"datePublished\":\"2022-04-06T13:57:44+00:00\",\"dateModified\":\"2022-04-06T15:05:04+00:00\",\"mainEntityOfPage\":{\"@id\":\"https:\\\/\\\/www.esplac.cat\\\/en\\\/creix-interes-esplais-mudar-els-seus-comptes-a-la-banca-etica\\\/\"},\"wordCount\":372,\"publisher\":{\"@id\":\"https:\\\/\\\/www.esplac.cat\\\/#organization\"},\"image\":{\"@id\":\"https:\\\/\\\/www.esplac.cat\\\/en\\\/creix-interes-esplais-mudar-els-seus-comptes-a-la-banca-etica\\\/#primaryimage\"},\"thumbnailUrl\":\"https:\\\/\\\/www.esplac.cat\\\/wp-content\\\/uploads\\\/2022\\\/04\\\/Bancaetica_noti.jpg\",\"articleSection\":[\"Comissi\u00f3 Reduint Petjada\"],\"inLanguage\":\"en-US\"},{\"@type\":\"WebPage\",\"@id\":\"https:\\\/\\\/www.esplac.cat\\\/en\\\/creix-interes-esplais-mudar-els-seus-comptes-a-la-banca-etica\\\/\",\"url\":\"https:\\\/\\\/www.esplac.cat\\\/en\\\/creix-interes-esplais-mudar-els-seus-comptes-a-la-banca-etica\\\/\",\"name\":\"Els esplais fan un pas m\u00e9s cap a la Banca \u00c8tica - Esplac\",\"isPartOf\":{\"@id\":\"https:\\\/\\\/www.esplac.cat\\\/#website\"},\"primaryImageOfPage\":{\"@id\":\"https:\\\/\\\/www.esplac.cat\\\/en\\\/creix-interes-esplais-mudar-els-seus-comptes-a-la-banca-etica\\\/#primaryimage\"},\"image\":{\"@id\":\"https:\\\/\\\/www.esplac.cat\\\/en\\\/creix-interes-esplais-mudar-els-seus-comptes-a-la-banca-etica\\\/#primaryimage\"},\"thumbnailUrl\":\"https:\\\/\\\/www.esplac.cat\\\/wp-content\\\/uploads\\\/2022\\\/04\\\/Bancaetica_noti.jpg\",\"datePublished\":\"2022-04-06T13:57:44+00:00\",\"dateModified\":\"2022-04-06T15:05:04+00:00\",\"breadcrumb\":{\"@id\":\"https:\\\/\\\/www.esplac.cat\\\/en\\\/creix-interes-esplais-mudar-els-seus-comptes-a-la-banca-etica\\\/#breadcrumb\"},\"inLanguage\":\"en-US\",\"potentialAction\":[{\"@type\":\"ReadAction\",\"target\":[\"https:\\\/\\\/www.esplac.cat\\\/en\\\/creix-interes-esplais-mudar-els-seus-comptes-a-la-banca-etica\\\/\"]}]},{\"@type\":\"ImageObject\",\"inLanguage\":\"en-US\",\"@id\":\"https:\\\/\\\/www.esplac.cat\\\/en\\\/creix-interes-esplais-mudar-els-seus-comptes-a-la-banca-etica\\\/#primaryimage\",\"url\":\"https:\\\/\\\/www.esplac.cat\\\/wp-content\\\/uploads\\\/2022\\\/04\\\/Bancaetica_noti.jpg\",\"contentUrl\":\"https:\\\/\\\/www.esplac.cat\\\/wp-content\\\/uploads\\\/2022\\\/04\\\/Bancaetica_noti.jpg\",\"width\":1697,\"height\":700},{\"@type\":\"BreadcrumbList\",\"@id\":\"https:\\\/\\\/www.esplac.cat\\\/en\\\/creix-interes-esplais-mudar-els-seus-comptes-a-la-banca-etica\\\/#breadcrumb\",\"itemListElement\":[{\"@type\":\"ListItem\",\"position\":1,\"name\":\"Inici\",\"item\":\"https:\\\/\\\/www.esplac.cat\\\/en\\\/\"},{\"@type\":\"ListItem\",\"position\":2,\"name\":\"Els esplais fan un pas m\u00e9s cap a la Banca \u00c8tica\"}]},{\"@type\":\"WebSite\",\"@id\":\"https:\\\/\\\/www.esplac.cat\\\/#website\",\"url\":\"https:\\\/\\\/www.esplac.cat\\\/\",\"name\":\"Esplac\",\"description\":\"Esplais Catalans\",\"publisher\":{\"@id\":\"https:\\\/\\\/www.esplac.cat\\\/#organization\"},\"potentialAction\":[{\"@type\":\"SearchAction\",\"target\":{\"@type\":\"EntryPoint\",\"urlTemplate\":\"https:\\\/\\\/www.esplac.cat\\\/?s={search_term_string}\"},\"query-input\":{\"@type\":\"PropertyValueSpecification\",\"valueRequired\":true,\"valueName\":\"search_term_string\"}}],\"inLanguage\":\"en-US\"},{\"@type\":\"Organization\",\"@id\":\"https:\\\/\\\/www.esplac.cat\\\/#organization\",\"name\":\"Esplac\",\"url\":\"https:\\\/\\\/www.esplac.cat\\\/\",\"logo\":{\"@type\":\"ImageObject\",\"inLanguage\":\"en-US\",\"@id\":\"https:\\\/\\\/www.esplac.cat\\\/#\\\/schema\\\/logo\\\/image\\\/\",\"url\":\"https:\\\/\\\/www.esplac.cat\\\/wp-content\\\/uploads\\\/2019\\\/08\\\/logox2.png\",\"contentUrl\":\"https:\\\/\\\/www.esplac.cat\\\/wp-content\\\/uploads\\\/2019\\\/08\\\/logox2.png\",\"width\":600,\"height\":295,\"caption\":\"Esplac\"},\"image\":{\"@id\":\"https:\\\/\\\/www.esplac.cat\\\/#\\\/schema\\\/logo\\\/image\\\/\"}},{\"@type\":\"Person\",\"@id\":\"https:\\\/\\\/www.esplac.cat\\\/#\\\/schema\\\/person\\\/908383cf240be18b68f8855d0583faca\",\"name\":\"Comunicaci\u00f3 Esplac\",\"image\":{\"@type\":\"ImageObject\",\"inLanguage\":\"en-US\",\"@id\":\"https:\\\/\\\/secure.gravatar.com\\\/avatar\\\/7a4cf8feb412a76ea4a740ca02d95b06b2907b5a6c648c2dd0a1082a093c3141?s=96&d=mm&r=g\",\"url\":\"https:\\\/\\\/secure.gravatar.com\\\/avatar\\\/7a4cf8feb412a76ea4a740ca02d95b06b2907b5a6c648c2dd0a1082a093c3141?s=96&d=mm&r=g\",\"contentUrl\":\"https:\\\/\\\/secure.gravatar.com\\\/avatar\\\/7a4cf8feb412a76ea4a740ca02d95b06b2907b5a6c648c2dd0a1082a093c3141?s=96&d=mm&r=g\",\"caption\":\"Comunicaci\u00f3 Esplac\"}}]}<\/script>\n<!-- \/ Yoast SEO plugin. -->","yoast_head_json":{"title":"Els esplais fan un pas m\u00e9s cap a la Banca \u00c8tica - Esplac","robots":{"index":"index","follow":"follow","max-snippet":"max-snippet:-1","max-image-preview":"max-image-preview:large","max-video-preview":"max-video-preview:-1"},"canonical":"https:\/\/www.esplac.cat\/en\/creix-interes-esplais-mudar-els-seus-comptes-a-la-banca-etica\/","og_locale":"en_US","og_type":"article","og_title":"Els esplais fan un pas m\u00e9s cap a la Banca \u00c8tica - Esplac","og_description":"Una vintena de monitores i monitors de diferents esplais d\u2019Esplac [&hellip;]","og_url":"https:\/\/www.esplac.cat\/en\/creix-interes-esplais-mudar-els-seus-comptes-a-la-banca-etica\/","og_site_name":"Esplac","article_published_time":"2022-04-06T13:57:44+00:00","article_modified_time":"2022-04-06T15:05:04+00:00","og_image":[{"width":1697,"height":700,"url":"https:\/\/www.esplac.cat\/wp-content\/uploads\/2022\/04\/Bancaetica_noti.jpg","type":"image\/jpeg"}],"author":"Comunicaci\u00f3 Esplac","twitter_card":"summary_large_image","twitter_misc":{"Written by":"Comunicaci\u00f3 Esplac","Est. reading time":"2 minutes"},"schema":{"@context":"https:\/\/schema.org","@graph":[{"@type":"Article","@id":"https:\/\/www.esplac.cat\/en\/creix-interes-esplais-mudar-els-seus-comptes-a-la-banca-etica\/#article","isPartOf":{"@id":"https:\/\/www.esplac.cat\/en\/creix-interes-esplais-mudar-els-seus-comptes-a-la-banca-etica\/"},"author":{"name":"Comunicaci\u00f3 Esplac","@id":"https:\/\/www.esplac.cat\/#\/schema\/person\/908383cf240be18b68f8855d0583faca"},"headline":"Els esplais fan un pas m\u00e9s cap a la Banca \u00c8tica","datePublished":"2022-04-06T13:57:44+00:00","dateModified":"2022-04-06T15:05:04+00:00","mainEntityOfPage":{"@id":"https:\/\/www.esplac.cat\/en\/creix-interes-esplais-mudar-els-seus-comptes-a-la-banca-etica\/"},"wordCount":372,"publisher":{"@id":"https:\/\/www.esplac.cat\/#organization"},"image":{"@id":"https:\/\/www.esplac.cat\/en\/creix-interes-esplais-mudar-els-seus-comptes-a-la-banca-etica\/#primaryimage"},"thumbnailUrl":"https:\/\/www.esplac.cat\/wp-content\/uploads\/2022\/04\/Bancaetica_noti.jpg","articleSection":["Comissi\u00f3 Reduint Petjada"],"inLanguage":"en-US"},{"@type":"WebPage","@id":"https:\/\/www.esplac.cat\/en\/creix-interes-esplais-mudar-els-seus-comptes-a-la-banca-etica\/","url":"https:\/\/www.esplac.cat\/en\/creix-interes-esplais-mudar-els-seus-comptes-a-la-banca-etica\/","name":"Els esplais fan un pas m\u00e9s cap a la Banca \u00c8tica - Esplac","isPartOf":{"@id":"https:\/\/www.esplac.cat\/#website"},"primaryImageOfPage":{"@id":"https:\/\/www.esplac.cat\/en\/creix-interes-esplais-mudar-els-seus-comptes-a-la-banca-etica\/#primaryimage"},"image":{"@id":"https:\/\/www.esplac.cat\/en\/creix-interes-esplais-mudar-els-seus-comptes-a-la-banca-etica\/#primaryimage"},"thumbnailUrl":"https:\/\/www.esplac.cat\/wp-content\/uploads\/2022\/04\/Bancaetica_noti.jpg","datePublished":"2022-04-06T13:57:44+00:00","dateModified":"2022-04-06T15:05:04+00:00","breadcrumb":{"@id":"https:\/\/www.esplac.cat\/en\/creix-interes-esplais-mudar-els-seus-comptes-a-la-banca-etica\/#breadcrumb"},"inLanguage":"en-US","potentialAction":[{"@type":"ReadAction","target":["https:\/\/www.esplac.cat\/en\/creix-interes-esplais-mudar-els-seus-comptes-a-la-banca-etica\/"]}]},{"@type":"ImageObject","inLanguage":"en-US","@id":"https:\/\/www.esplac.cat\/en\/creix-interes-esplais-mudar-els-seus-comptes-a-la-banca-etica\/#primaryimage","url":"https:\/\/www.esplac.cat\/wp-content\/uploads\/2022\/04\/Bancaetica_noti.jpg","contentUrl":"https:\/\/www.esplac.cat\/wp-content\/uploads\/2022\/04\/Bancaetica_noti.jpg","width":1697,"height":700},{"@type":"BreadcrumbList","@id":"https:\/\/www.esplac.cat\/en\/creix-interes-esplais-mudar-els-seus-comptes-a-la-banca-etica\/#breadcrumb","itemListElement":[{"@type":"ListItem","position":1,"name":"Inici","item":"https:\/\/www.esplac.cat\/en\/"},{"@type":"ListItem","position":2,"name":"Els esplais fan un pas m\u00e9s cap a la Banca \u00c8tica"}]},{"@type":"WebSite","@id":"https:\/\/www.esplac.cat\/#website","url":"https:\/\/www.esplac.cat\/","name":"Esplac","description":"Esplais Catalans","publisher":{"@id":"https:\/\/www.esplac.cat\/#organization"},"potentialAction":[{"@type":"SearchAction","target":{"@type":"EntryPoint","urlTemplate":"https:\/\/www.esplac.cat\/?s={search_term_string}"},"query-input":{"@type":"PropertyValueSpecification","valueRequired":true,"valueName":"search_term_string"}}],"inLanguage":"en-US"},{"@type":"Organization","@id":"https:\/\/www.esplac.cat\/#organization","name":"Esplac","url":"https:\/\/www.esplac.cat\/","logo":{"@type":"ImageObject","inLanguage":"en-US","@id":"https:\/\/www.esplac.cat\/#\/schema\/logo\/image\/","url":"https:\/\/www.esplac.cat\/wp-content\/uploads\/2019\/08\/logox2.png","contentUrl":"https:\/\/www.esplac.cat\/wp-content\/uploads\/2019\/08\/logox2.png","width":600,"height":295,"caption":"Esplac"},"image":{"@id":"https:\/\/www.esplac.cat\/#\/schema\/logo\/image\/"}},{"@type":"Person","@id":"https:\/\/www.esplac.cat\/#\/schema\/person\/908383cf240be18b68f8855d0583faca","name":"Comunicaci\u00f3 Esplac","image":{"@type":"ImageObject","inLanguage":"en-US","@id":"https:\/\/secure.gravatar.com\/avatar\/7a4cf8feb412a76ea4a740ca02d95b06b2907b5a6c648c2dd0a1082a093c3141?s=96&d=mm&r=g","url":"https:\/\/secure.gravatar.com\/avatar\/7a4cf8feb412a76ea4a740ca02d95b06b2907b5a6c648c2dd0a1082a093c3141?s=96&d=mm&r=g","contentUrl":"https:\/\/secure.gravatar.com\/avatar\/7a4cf8feb412a76ea4a740ca02d95b06b2907b5a6c648c2dd0a1082a093c3141?s=96&d=mm&r=g","caption":"Comunicaci\u00f3 Esplac"}}]}},"_links":{"self":[{"href":"https:\/\/www.esplac.cat\/en\/wp-json\/wp\/v2\/posts\/39938","targetHints":{"allow":["GET"]}}],"collection":[{"href":"https:\/\/www.esplac.cat\/en\/wp-json\/wp\/v2\/posts"}],"about":[{"href":"https:\/\/www.esplac.cat\/en\/wp-json\/wp\/v2\/types\/post"}],"author":[{"embeddable":true,"href":"https:\/\/www.esplac.cat\/en\/wp-json\/wp\/v2\/users\/3"}],"replies":[{"embeddable":true,"href":"https:\/\/www.esplac.cat\/en\/wp-json\/wp\/v2\/comments?post=39938"}],"version-history":[{"count":0,"href":"https:\/\/www.esplac.cat\/en\/wp-json\/wp\/v2\/posts\/39938\/revisions"}],"wp:featuredmedia":[{"embeddable":true,"href":"https:\/\/www.esplac.cat\/en\/wp-json\/wp\/v2\/media\/39939"}],"wp:attachment":[{"href":"https:\/\/www.esplac.cat\/en\/wp-json\/wp\/v2\/media?parent=39938"}],"wp:term":[{"taxonomy":"category","embeddable":true,"href":"https:\/\/www.esplac.cat\/en\/wp-json\/wp\/v2\/categories?post=39938"},{"taxonomy":"post_tag","embeddable":true,"href":"https:\/\/www.esplac.cat\/en\/wp-json\/wp\/v2\/tags?post=39938"}],"curies":[{"name":"wp","href":"https:\/\/api.w.org\/{rel}","templated":true}]}}