{"id":40125,"date":"2022-04-20T13:03:53","date_gmt":"2022-04-20T11:03:53","guid":{"rendered":"https:\/\/www.esplac.cat\/?p=40125"},"modified":"2022-05-12T09:48:40","modified_gmt":"2022-05-12T07:48:40","slug":"participa-peace-communicators-mediation-academy","status":"publish","type":"post","link":"https:\/\/www.esplac.cat\/en\/participa-peace-communicators-mediation-academy\/","title":{"rendered":"Participa en el projecte internacional Peace Communicators Mediation Academy"},"content":{"rendered":"<div class=\"fusion-fullwidth fullwidth-box fusion-builder-row-1 nonhundred-percent-fullwidth non-hundred-percent-height-scrolling\" style=\"--awb-border-radius-top-left:0px;--awb-border-radius-top-right:0px;--awb-border-radius-bottom-right:0px;--awb-border-radius-bottom-left:0px;--awb-flex-wrap:wrap;\" ><div class=\"fusion-builder-row fusion-row\"><div class=\"fusion-layout-column fusion_builder_column fusion-builder-column-0 fusion_builder_column_1_1 1_1 fusion-one-full fusion-column-first fusion-column-last\" style=\"--awb-bg-size:cover;--awb-margin-bottom:0px;\"><div class=\"fusion-column-wrapper fusion-flex-column-wrapper-legacy\"><div class=\"fusion-text fusion-text-1\"><h6><strong>En aquesta segona fase del projecte Peace Communicators, el projecte es centra en millorar i refor\u00e7ar la capacitat de les monis en l\u2019educaci\u00f3 per la pau, la mediaci\u00f3, comunicaci\u00f3 no-violenta i el combat de les opressions.<\/strong><\/h6>\n<p><span style=\"font-weight: 300;\">El projecte \u201cPeace Communicators\u201d \u00e9s una iniciativa de la IFM-SEI, amb el suport del Consell d\u2019Europa, amb un pla de treball anual que vol generar espais on el jovent puguin millorar les seves habilitats, actituds, coneixements i valors per construir societats mes justes, sostenibles i solid\u00e0ries; que serveixin d\u2019alternativa a la norma tot q\u00fcestionant l\u2019statu quo.<\/span><\/p>\n<p><span style=\"font-weight: 300;\">Despr\u00e9s de la primera fase d\u2019aquest projecte ara entra a la segona amb la celebraci\u00f3 de \u201c<strong>l\u2019Acad\u00e8mia de Mediaci\u00f3<\/strong>\u201d (<\/span><i><span style=\"font-weight: 300;\">Mediation Academy<\/span><\/i><span style=\"font-weight: 300;\">) que tindr\u00e0 lloc durant la <\/span><span style=\"color: #ff9900;\"><a style=\"color: #ff9900;\" href=\"https:\/\/www.commonground.camp\/\"><span style=\"font-weight: 300;\">Common Ground<\/span><\/a><\/span><span style=\"font-weight: 300;\"> aquest estiu.<\/span><\/p>\n<p><span style=\"font-weight: 300;\">Aquesta formaci\u00f3 t\u00e9 per objectiu millorar i incrementar els coneixements de persones monitores i educadores en educaci\u00f3 per la pau, mediaci\u00f3, comunicaci\u00f3 pac\u00edfica, combat contra l\u2019opressi\u00f3, teatre de l\u2019oprimit, esperit cr\u00edtic\u2026 Es focalitzar\u00e0 en el conflicte no com un fet abstracte global, sin\u00f3 en una q\u00fcesti\u00f3 interpersonal, per tal d&#8217;adquirir consci\u00e8ncia de que molts conflictes globals succeeixen perqu\u00e8 tenen un origen en les problem\u00e0tiques d\u2019arrel cronificades i traumes que pateixen moltes persones.<\/span><\/p>\n<p><b>Objectius del seminari:<\/b><\/p>\n<ul>\n<li style=\"font-weight: 300;\" aria-level=\"1\"><span style=\"font-weight: 300;\">Adquirir capacitats i compet\u00e8ncies en mediaci\u00f3, comunicaci\u00f3 pac\u00edfica, reconeixement de sentiments i emocions i esperit cr\u00edtic.<\/span><\/li>\n<li style=\"font-weight: 300;\" aria-level=\"1\"><span style=\"font-weight: 300;\">Entendre la connexi\u00f3 entre el trauma personal no treballat i l\u2019\u00fas de la viol\u00e8ncia.<\/span><\/li>\n<li style=\"font-weight: 300;\" aria-level=\"1\"><span style=\"font-weight: 300;\">Oferir suport per crear i implementar un pla de treball d\u2019observaci\u00f3 i documentaci\u00f3 en grup.<\/span><\/li>\n<li style=\"font-weight: 300;\" aria-level=\"1\"><span style=\"font-weight: 300;\">Contribuir a donar forma a recursos educatius sobre educaci\u00f3 per la pau.<\/span><\/li>\n<\/ul>\n<p><b>Quan i on? <\/b><span style=\"font-weight: 300;\">Del 29 de juliol al 8 d\u2019agost. A la Common Ground (Anglaterra)<\/span><\/p>\n<p><b>Quin cost t\u00e9? <\/b><span style=\"font-weight: 300;\">Quota de participaci\u00f3: 120\u20ac (inclou la quota de participaci\u00f3 a la Common Ground &#8211; allotjament i \u00e0pats). Es retornarr\u00e0 fins a un 80% de les despeses de viatge (avi\u00f3, tren i bus).<\/span><\/p>\n<p><b>Vull m\u00e9s informaci\u00f3 o apuntar-me! <\/b><span style=\"font-weight: 300;\">Si t\u2019interessa pots apuntar-te <\/span><span style=\"color: #ff9900;\"><a style=\"color: #ff9900;\" href=\"https:\/\/docs.google.com\/forms\/d\/e\/1FAIpQLSe98dphEGb7X_Yp_015KzYMGCTtuNcEz7QA7_p2-cKQbsYCZw\/viewform\"><b>a trav\u00e9s d\u2019aquest formulari<\/b><\/a><\/span><b> fins al 26 de maig<\/b><span style=\"font-weight: 300;\">. A la <\/span><span style=\"color: #ff9900;\"><a style=\"color: #ff9900;\" href=\"http:\/\/ifm-sei.org\/projects\/peacecommunicators\/\"><span style=\"font-weight: 300;\">p\u00e0gina web del projecte<\/span><\/a><\/span><span style=\"font-weight: 300;\"> hi trobar\u00e0s m\u00e9s informaci\u00f3 Si tens dubtes, preguntes o vols m\u00e9s informaci\u00f3, escriu a: <\/span><span style=\"color: #ff9900;\"><a style=\"color: #ff9900;\" href=\"mailto:internacional@esplac.cat\"><span style=\"font-weight: 300;\">internacional@esplac.cat<\/span><\/a><span style=\"font-weight: 300;\">.<\/span><\/span><\/p>\n<p><b>Tens coneixement en educaci\u00f3 per la pau, treball en grup i facilitaci\u00f3 amb joves?<\/b><span style=\"font-weight: 300;\"> Doncs si vols <\/span><span style=\"font-weight: 300;\">pots apuntar-te com a formadora<\/span><span style=\"font-weight: 300;\">! Demana m\u00e9s informaci\u00f3 a internacional@esplac.cat<\/span><\/p>\n<\/div><div class=\"fusion-clearfix\"><\/div><\/div><\/div><\/div><\/div>\n","protected":false},"excerpt":{"rendered":"","protected":false},"author":3,"featured_media":40126,"comment_status":"closed","ping_status":"closed","sticky":false,"template":"","format":"standard","meta":{"om_disable_all_campaigns":false,"_monsterinsights_skip_tracking":false,"_monsterinsights_sitenote_active":false,"_monsterinsights_sitenote_note":"","_monsterinsights_sitenote_category":0,"_uf_show_specific_survey":0,"_uf_disable_surveys":false,"footnotes":""},"categories":[1112],"tags":[],"class_list":["post-40125","post","type-post","status-publish","format-standard","has-post-thumbnail","hentry","category-esplac-al-mon"],"yoast_head":"<!-- This site is optimized with the Yoast SEO plugin v27.5 - https:\/\/yoast.com\/product\/yoast-seo-wordpress\/ -->\n<title>Participa en el projecte internacional Peace Communicators Mediation Academy - Esplac<\/title>\n<meta name=\"robots\" content=\"index, follow, max-snippet:-1, max-image-preview:large, max-video-preview:-1\" \/>\n<link rel=\"canonical\" href=\"https:\/\/www.esplac.cat\/es\/participa-peace-communicators-mediation-academy\/\" \/>\n<meta property=\"og:locale\" content=\"en_US\" \/>\n<meta property=\"og:type\" content=\"article\" \/>\n<meta property=\"og:title\" content=\"Participa en el projecte internacional Peace Communicators Mediation Academy - Esplac\" \/>\n<meta property=\"og:url\" content=\"https:\/\/www.esplac.cat\/es\/participa-peace-communicators-mediation-academy\/\" \/>\n<meta property=\"og:site_name\" content=\"Esplac\" \/>\n<meta property=\"article:published_time\" content=\"2022-04-20T11:03:53+00:00\" \/>\n<meta property=\"article:modified_time\" content=\"2022-05-12T07:48:40+00:00\" \/>\n<meta property=\"og:image\" content=\"https:\/\/www.esplac.cat\/wp-content\/uploads\/2022\/04\/pcomm_second.jpg\" \/>\n\t<meta property=\"og:image:width\" content=\"1694\" \/>\n\t<meta property=\"og:image:height\" content=\"700\" \/>\n\t<meta property=\"og:image:type\" content=\"image\/jpeg\" \/>\n<meta name=\"author\" content=\"Comunicaci\u00f3 Esplac\" \/>\n<meta name=\"twitter:card\" content=\"summary_large_image\" \/>\n<meta name=\"twitter:label1\" content=\"Written by\" \/>\n\t<meta name=\"twitter:data1\" content=\"Comunicaci\u00f3 Esplac\" \/>\n\t<meta name=\"twitter:label2\" content=\"Est. reading time\" \/>\n\t<meta name=\"twitter:data2\" content=\"3 minutes\" \/>\n<script type=\"application\/ld+json\" class=\"yoast-schema-graph\">{\"@context\":\"https:\\\/\\\/schema.org\",\"@graph\":[{\"@type\":\"Article\",\"@id\":\"https:\\\/\\\/www.esplac.cat\\\/es\\\/participa-peace-communicators-mediation-academy\\\/#article\",\"isPartOf\":{\"@id\":\"https:\\\/\\\/www.esplac.cat\\\/es\\\/participa-peace-communicators-mediation-academy\\\/\"},\"author\":{\"name\":\"Comunicaci\u00f3 Esplac\",\"@id\":\"https:\\\/\\\/www.esplac.cat\\\/#\\\/schema\\\/person\\\/908383cf240be18b68f8855d0583faca\"},\"headline\":\"Participa en el projecte internacional Peace Communicators Mediation Academy\",\"datePublished\":\"2022-04-20T11:03:53+00:00\",\"dateModified\":\"2022-05-12T07:48:40+00:00\",\"mainEntityOfPage\":{\"@id\":\"https:\\\/\\\/www.esplac.cat\\\/es\\\/participa-peace-communicators-mediation-academy\\\/\"},\"wordCount\":575,\"publisher\":{\"@id\":\"https:\\\/\\\/www.esplac.cat\\\/#organization\"},\"image\":{\"@id\":\"https:\\\/\\\/www.esplac.cat\\\/es\\\/participa-peace-communicators-mediation-academy\\\/#primaryimage\"},\"thumbnailUrl\":\"https:\\\/\\\/www.esplac.cat\\\/wp-content\\\/uploads\\\/2022\\\/04\\\/pcomm_second.jpg\",\"articleSection\":[\"Esplac al m\u00f3n\"],\"inLanguage\":\"en-US\"},{\"@type\":\"WebPage\",\"@id\":\"https:\\\/\\\/www.esplac.cat\\\/es\\\/participa-peace-communicators-mediation-academy\\\/\",\"url\":\"https:\\\/\\\/www.esplac.cat\\\/es\\\/participa-peace-communicators-mediation-academy\\\/\",\"name\":\"Participa en el projecte internacional Peace Communicators Mediation Academy - Esplac\",\"isPartOf\":{\"@id\":\"https:\\\/\\\/www.esplac.cat\\\/#website\"},\"primaryImageOfPage\":{\"@id\":\"https:\\\/\\\/www.esplac.cat\\\/es\\\/participa-peace-communicators-mediation-academy\\\/#primaryimage\"},\"image\":{\"@id\":\"https:\\\/\\\/www.esplac.cat\\\/es\\\/participa-peace-communicators-mediation-academy\\\/#primaryimage\"},\"thumbnailUrl\":\"https:\\\/\\\/www.esplac.cat\\\/wp-content\\\/uploads\\\/2022\\\/04\\\/pcomm_second.jpg\",\"datePublished\":\"2022-04-20T11:03:53+00:00\",\"dateModified\":\"2022-05-12T07:48:40+00:00\",\"breadcrumb\":{\"@id\":\"https:\\\/\\\/www.esplac.cat\\\/es\\\/participa-peace-communicators-mediation-academy\\\/#breadcrumb\"},\"inLanguage\":\"en-US\",\"potentialAction\":[{\"@type\":\"ReadAction\",\"target\":[\"https:\\\/\\\/www.esplac.cat\\\/es\\\/participa-peace-communicators-mediation-academy\\\/\"]}]},{\"@type\":\"ImageObject\",\"inLanguage\":\"en-US\",\"@id\":\"https:\\\/\\\/www.esplac.cat\\\/es\\\/participa-peace-communicators-mediation-academy\\\/#primaryimage\",\"url\":\"https:\\\/\\\/www.esplac.cat\\\/wp-content\\\/uploads\\\/2022\\\/04\\\/pcomm_second.jpg\",\"contentUrl\":\"https:\\\/\\\/www.esplac.cat\\\/wp-content\\\/uploads\\\/2022\\\/04\\\/pcomm_second.jpg\",\"width\":1694,\"height\":700},{\"@type\":\"BreadcrumbList\",\"@id\":\"https:\\\/\\\/www.esplac.cat\\\/es\\\/participa-peace-communicators-mediation-academy\\\/#breadcrumb\",\"itemListElement\":[{\"@type\":\"ListItem\",\"position\":1,\"name\":\"Inici\",\"item\":\"https:\\\/\\\/www.esplac.cat\\\/en\\\/\"},{\"@type\":\"ListItem\",\"position\":2,\"name\":\"Participa en el projecte internacional Peace Communicators Mediation Academy\"}]},{\"@type\":\"WebSite\",\"@id\":\"https:\\\/\\\/www.esplac.cat\\\/#website\",\"url\":\"https:\\\/\\\/www.esplac.cat\\\/\",\"name\":\"Esplac\",\"description\":\"Esplais Catalans\",\"publisher\":{\"@id\":\"https:\\\/\\\/www.esplac.cat\\\/#organization\"},\"potentialAction\":[{\"@type\":\"SearchAction\",\"target\":{\"@type\":\"EntryPoint\",\"urlTemplate\":\"https:\\\/\\\/www.esplac.cat\\\/?s={search_term_string}\"},\"query-input\":{\"@type\":\"PropertyValueSpecification\",\"valueRequired\":true,\"valueName\":\"search_term_string\"}}],\"inLanguage\":\"en-US\"},{\"@type\":\"Organization\",\"@id\":\"https:\\\/\\\/www.esplac.cat\\\/#organization\",\"name\":\"Esplac\",\"url\":\"https:\\\/\\\/www.esplac.cat\\\/\",\"logo\":{\"@type\":\"ImageObject\",\"inLanguage\":\"en-US\",\"@id\":\"https:\\\/\\\/www.esplac.cat\\\/#\\\/schema\\\/logo\\\/image\\\/\",\"url\":\"https:\\\/\\\/www.esplac.cat\\\/wp-content\\\/uploads\\\/2019\\\/08\\\/logox2.png\",\"contentUrl\":\"https:\\\/\\\/www.esplac.cat\\\/wp-content\\\/uploads\\\/2019\\\/08\\\/logox2.png\",\"width\":600,\"height\":295,\"caption\":\"Esplac\"},\"image\":{\"@id\":\"https:\\\/\\\/www.esplac.cat\\\/#\\\/schema\\\/logo\\\/image\\\/\"}},{\"@type\":\"Person\",\"@id\":\"https:\\\/\\\/www.esplac.cat\\\/#\\\/schema\\\/person\\\/908383cf240be18b68f8855d0583faca\",\"name\":\"Comunicaci\u00f3 Esplac\",\"image\":{\"@type\":\"ImageObject\",\"inLanguage\":\"en-US\",\"@id\":\"https:\\\/\\\/secure.gravatar.com\\\/avatar\\\/7a4cf8feb412a76ea4a740ca02d95b06b2907b5a6c648c2dd0a1082a093c3141?s=96&d=mm&r=g\",\"url\":\"https:\\\/\\\/secure.gravatar.com\\\/avatar\\\/7a4cf8feb412a76ea4a740ca02d95b06b2907b5a6c648c2dd0a1082a093c3141?s=96&d=mm&r=g\",\"contentUrl\":\"https:\\\/\\\/secure.gravatar.com\\\/avatar\\\/7a4cf8feb412a76ea4a740ca02d95b06b2907b5a6c648c2dd0a1082a093c3141?s=96&d=mm&r=g\",\"caption\":\"Comunicaci\u00f3 Esplac\"}}]}<\/script>\n<!-- \/ Yoast SEO plugin. -->","yoast_head_json":{"title":"Participa en el projecte internacional Peace Communicators Mediation Academy - Esplac","robots":{"index":"index","follow":"follow","max-snippet":"max-snippet:-1","max-image-preview":"max-image-preview:large","max-video-preview":"max-video-preview:-1"},"canonical":"https:\/\/www.esplac.cat\/es\/participa-peace-communicators-mediation-academy\/","og_locale":"en_US","og_type":"article","og_title":"Participa en el projecte internacional Peace Communicators Mediation Academy - Esplac","og_url":"https:\/\/www.esplac.cat\/es\/participa-peace-communicators-mediation-academy\/","og_site_name":"Esplac","article_published_time":"2022-04-20T11:03:53+00:00","article_modified_time":"2022-05-12T07:48:40+00:00","og_image":[{"width":1694,"height":700,"url":"https:\/\/www.esplac.cat\/wp-content\/uploads\/2022\/04\/pcomm_second.jpg","type":"image\/jpeg"}],"author":"Comunicaci\u00f3 Esplac","twitter_card":"summary_large_image","twitter_misc":{"Written by":"Comunicaci\u00f3 Esplac","Est. reading time":"3 minutes"},"schema":{"@context":"https:\/\/schema.org","@graph":[{"@type":"Article","@id":"https:\/\/www.esplac.cat\/es\/participa-peace-communicators-mediation-academy\/#article","isPartOf":{"@id":"https:\/\/www.esplac.cat\/es\/participa-peace-communicators-mediation-academy\/"},"author":{"name":"Comunicaci\u00f3 Esplac","@id":"https:\/\/www.esplac.cat\/#\/schema\/person\/908383cf240be18b68f8855d0583faca"},"headline":"Participa en el projecte internacional Peace Communicators Mediation Academy","datePublished":"2022-04-20T11:03:53+00:00","dateModified":"2022-05-12T07:48:40+00:00","mainEntityOfPage":{"@id":"https:\/\/www.esplac.cat\/es\/participa-peace-communicators-mediation-academy\/"},"wordCount":575,"publisher":{"@id":"https:\/\/www.esplac.cat\/#organization"},"image":{"@id":"https:\/\/www.esplac.cat\/es\/participa-peace-communicators-mediation-academy\/#primaryimage"},"thumbnailUrl":"https:\/\/www.esplac.cat\/wp-content\/uploads\/2022\/04\/pcomm_second.jpg","articleSection":["Esplac al m\u00f3n"],"inLanguage":"en-US"},{"@type":"WebPage","@id":"https:\/\/www.esplac.cat\/es\/participa-peace-communicators-mediation-academy\/","url":"https:\/\/www.esplac.cat\/es\/participa-peace-communicators-mediation-academy\/","name":"Participa en el projecte internacional Peace Communicators Mediation Academy - Esplac","isPartOf":{"@id":"https:\/\/www.esplac.cat\/#website"},"primaryImageOfPage":{"@id":"https:\/\/www.esplac.cat\/es\/participa-peace-communicators-mediation-academy\/#primaryimage"},"image":{"@id":"https:\/\/www.esplac.cat\/es\/participa-peace-communicators-mediation-academy\/#primaryimage"},"thumbnailUrl":"https:\/\/www.esplac.cat\/wp-content\/uploads\/2022\/04\/pcomm_second.jpg","datePublished":"2022-04-20T11:03:53+00:00","dateModified":"2022-05-12T07:48:40+00:00","breadcrumb":{"@id":"https:\/\/www.esplac.cat\/es\/participa-peace-communicators-mediation-academy\/#breadcrumb"},"inLanguage":"en-US","potentialAction":[{"@type":"ReadAction","target":["https:\/\/www.esplac.cat\/es\/participa-peace-communicators-mediation-academy\/"]}]},{"@type":"ImageObject","inLanguage":"en-US","@id":"https:\/\/www.esplac.cat\/es\/participa-peace-communicators-mediation-academy\/#primaryimage","url":"https:\/\/www.esplac.cat\/wp-content\/uploads\/2022\/04\/pcomm_second.jpg","contentUrl":"https:\/\/www.esplac.cat\/wp-content\/uploads\/2022\/04\/pcomm_second.jpg","width":1694,"height":700},{"@type":"BreadcrumbList","@id":"https:\/\/www.esplac.cat\/es\/participa-peace-communicators-mediation-academy\/#breadcrumb","itemListElement":[{"@type":"ListItem","position":1,"name":"Inici","item":"https:\/\/www.esplac.cat\/en\/"},{"@type":"ListItem","position":2,"name":"Participa en el projecte internacional Peace Communicators Mediation Academy"}]},{"@type":"WebSite","@id":"https:\/\/www.esplac.cat\/#website","url":"https:\/\/www.esplac.cat\/","name":"Esplac","description":"Esplais Catalans","publisher":{"@id":"https:\/\/www.esplac.cat\/#organization"},"potentialAction":[{"@type":"SearchAction","target":{"@type":"EntryPoint","urlTemplate":"https:\/\/www.esplac.cat\/?s={search_term_string}"},"query-input":{"@type":"PropertyValueSpecification","valueRequired":true,"valueName":"search_term_string"}}],"inLanguage":"en-US"},{"@type":"Organization","@id":"https:\/\/www.esplac.cat\/#organization","name":"Esplac","url":"https:\/\/www.esplac.cat\/","logo":{"@type":"ImageObject","inLanguage":"en-US","@id":"https:\/\/www.esplac.cat\/#\/schema\/logo\/image\/","url":"https:\/\/www.esplac.cat\/wp-content\/uploads\/2019\/08\/logox2.png","contentUrl":"https:\/\/www.esplac.cat\/wp-content\/uploads\/2019\/08\/logox2.png","width":600,"height":295,"caption":"Esplac"},"image":{"@id":"https:\/\/www.esplac.cat\/#\/schema\/logo\/image\/"}},{"@type":"Person","@id":"https:\/\/www.esplac.cat\/#\/schema\/person\/908383cf240be18b68f8855d0583faca","name":"Comunicaci\u00f3 Esplac","image":{"@type":"ImageObject","inLanguage":"en-US","@id":"https:\/\/secure.gravatar.com\/avatar\/7a4cf8feb412a76ea4a740ca02d95b06b2907b5a6c648c2dd0a1082a093c3141?s=96&d=mm&r=g","url":"https:\/\/secure.gravatar.com\/avatar\/7a4cf8feb412a76ea4a740ca02d95b06b2907b5a6c648c2dd0a1082a093c3141?s=96&d=mm&r=g","contentUrl":"https:\/\/secure.gravatar.com\/avatar\/7a4cf8feb412a76ea4a740ca02d95b06b2907b5a6c648c2dd0a1082a093c3141?s=96&d=mm&r=g","caption":"Comunicaci\u00f3 Esplac"}}]}},"_links":{"self":[{"href":"https:\/\/www.esplac.cat\/en\/wp-json\/wp\/v2\/posts\/40125","targetHints":{"allow":["GET"]}}],"collection":[{"href":"https:\/\/www.esplac.cat\/en\/wp-json\/wp\/v2\/posts"}],"about":[{"href":"https:\/\/www.esplac.cat\/en\/wp-json\/wp\/v2\/types\/post"}],"author":[{"embeddable":true,"href":"https:\/\/www.esplac.cat\/en\/wp-json\/wp\/v2\/users\/3"}],"replies":[{"embeddable":true,"href":"https:\/\/www.esplac.cat\/en\/wp-json\/wp\/v2\/comments?post=40125"}],"version-history":[{"count":0,"href":"https:\/\/www.esplac.cat\/en\/wp-json\/wp\/v2\/posts\/40125\/revisions"}],"wp:featuredmedia":[{"embeddable":true,"href":"https:\/\/www.esplac.cat\/en\/wp-json\/wp\/v2\/media\/40126"}],"wp:attachment":[{"href":"https:\/\/www.esplac.cat\/en\/wp-json\/wp\/v2\/media?parent=40125"}],"wp:term":[{"taxonomy":"category","embeddable":true,"href":"https:\/\/www.esplac.cat\/en\/wp-json\/wp\/v2\/categories?post=40125"},{"taxonomy":"post_tag","embeddable":true,"href":"https:\/\/www.esplac.cat\/en\/wp-json\/wp\/v2\/tags?post=40125"}],"curies":[{"name":"wp","href":"https:\/\/api.w.org\/{rel}","templated":true}]}}