{"id":40138,"date":"2022-04-22T12:30:23","date_gmt":"2022-04-22T10:30:23","guid":{"rendered":"https:\/\/www.esplac.cat\/?p=40138"},"modified":"2022-07-04T12:54:02","modified_gmt":"2022-07-04T10:54:02","slug":"publiquem-el-protocol-general-dactivitats-per-a-lesplaiada","status":"publish","type":"post","link":"https:\/\/www.esplac.cat\/en\/publiquem-el-protocol-general-dactivitats-per-a-lesplaiada\/","title":{"rendered":"Publiquem el Protocol General d\u2019activitats per a l\u2019Esplaiada"},"content":{"rendered":"<div class=\"fusion-fullwidth fullwidth-box fusion-builder-row-1 nonhundred-percent-fullwidth non-hundred-percent-height-scrolling\" style=\"--awb-border-radius-top-left:0px;--awb-border-radius-top-right:0px;--awb-border-radius-bottom-right:0px;--awb-border-radius-bottom-left:0px;--awb-flex-wrap:wrap;\" ><div class=\"fusion-builder-row fusion-row\"><div class=\"fusion-layout-column fusion_builder_column fusion-builder-column-0 fusion_builder_column_1_1 1_1 fusion-one-full fusion-column-first fusion-column-last\" style=\"--awb-bg-size:cover;--awb-margin-bottom:0px;\"><div class=\"fusion-column-wrapper fusion-flex-column-wrapper-legacy\"><div class=\"fusion-text fusion-text-1\"><h6><strong>L\u2019Equip Gestor de Protocol d\u2019Esplais Catalans hem realitzat diversos protocols per fer de l\u2019Esplaiada un espai segur i lliure d\u2019agressions discriminat\u00f2ries<\/strong><\/h6>\n<p><span style=\"font-weight: 400;\">Volem que Esplais Catalans sigui un <\/span><b>espai segur<\/b><span style=\"font-weight: 400;\"> i \u00e9s per aix\u00f2 que mostrem la nostra ferma voluntat d<\/span><b>\u2019acabar amb qualsevol tipus d\u2019agressi\u00f3 i\/o actitud discriminat\u00f2ria,<\/b><span style=\"font-weight: 400;\"> sent conscients que una agressi\u00f3 succeeix quan una persona se sent agredida. Treballar la <\/span><b>prevenci\u00f3 de viol\u00e8ncies<\/b><span style=\"font-weight: 400;\"> \u00e9s essencial per tal d\u2019erradicar-les i per aquest motiu des d\u2019Esplac realitzem un gran ventall d\u2019accions preventives en el dia a dia de l\u2019associaci\u00f3.\u00a0<\/span><\/p>\n<p><span style=\"font-weight: 400;\">Seguint la mateixa l\u00ednia, durant la celebraci\u00f3 de l\u2019Esplaiada tamb\u00e9 hi haur\u00e0<\/span><b> diverses accions de caire preventiu<\/b><span style=\"font-weight: 400;\"> (cartelleria, difusi\u00f3 de tr\u00edptics, Punt Lila, activitats i tallers per a joves\u2026). Tot i aix\u00ed, les viol\u00e8ncies segueixen sent una realitat dels esplais de l\u2019associaci\u00f3 i \u00e9s per aix\u00f2 que creiem que \u00e9s necessari <\/span><b>crear protocols<\/b><span style=\"font-weight: 400;\"> per tal d\u2019abordar situacions d\u2019agressi\u00f3 que es puguin donar.\u00a0<\/span><\/p>\n<p><span style=\"font-weight: 400;\">En el context de l\u2019Esplaiada, ens trobem amb un gran nombre de persones amb diferents rols (infants, joves, monitores, dirigents, t\u00e8cniques)&#8230; Davant d\u2019aquesta realitat, tenim la necessitat de <\/span><b>diferenciar els diferents circuits d\u2019actuaci\u00f3 en funci\u00f3 dels rols de qui ha agredit i qui ha patit l\u2019agressi\u00f3.\u00a0<\/b><\/p>\n<p><span style=\"color: #f69d0b;\"><a style=\"color: #f69d0b;\" href=\"https:\/\/www.esplac.cat\/wp-content\/uploads\/2022\/04\/Protocol-General-dactivitats-Esplaiada.pdf\" target=\"_blank\" rel=\"noopener noreferrer\"><b>Aqu\u00ed<\/b><\/a> <\/span><b>podeu trobar el Protocol General d\u2019activitats de l\u2019Esplaida, <\/b><span style=\"font-weight: 400;\">basat en el Protocol Contra Agressions Discriminat\u00f2ries d\u2019Esplais Catalans i el Protocol de prevenci\u00f3 dels abusos sexuals i altres maltractaments en l&#8217;\u00e0mbit de l&#8217;educaci\u00f3 en el lleure de la Generalitat de Catalunya i Vicki Bernadet. Tamb\u00e9 podeu consultar les respectives <\/span><span style=\"font-weight: 400;\"><span style=\"color: #f69d0b;\"><a style=\"color: #f69d0b;\" href=\"https:\/\/www.esplac.cat\/wp-content\/uploads\/2022\/04\/Protocol.pdf\" target=\"_blank\" rel=\"noopener noreferrer\">infografies<\/a><\/span>.<\/span><span style=\"font-weight: 400;\">\u00a0\u00a0<\/span><\/p>\n<p style=\"text-align: center;\"><div class=\"fusion-button-wrapper\"><a class=\"fusion-button button-flat fusion-button-default-size button-default fusion-button-default button-1 fusion-button-default-span fusion-button-default-type\" target=\"_self\" href=\"https:\/\/www.esplac.cat\/wp-content\/uploads\/2022\/04\/Protocol-General-dactivitats-Esplaiada.pdf\"><span class=\"fusion-button-text\">Protocol General d&#8217;activitats de l&#8217;Esplaiada<\/span><\/a><\/div><\/p>\n<p style=\"text-align: center;\"><div class=\"fusion-button-wrapper\"><a class=\"fusion-button button-flat fusion-button-default-size button-default fusion-button-default button-2 fusion-button-default-span fusion-button-default-type\" target=\"_self\" href=\"https:\/\/www.esplac.cat\/wp-content\/uploads\/2022\/04\/Protocol.pdf\"><span class=\"fusion-button-text\">Infografies del Protocol<\/span><\/a><\/div><\/p>\n<p style=\"text-align: left;\"><span style=\"font-weight: 400;\">Si teniu qualsevol inquietud i\/o proposta de millora, podeu escriure\u2019ns a <\/span><span style=\"font-weight: 400;\">protocol@esplac.cat<\/span><span style=\"font-weight: 400;\">. De la mateixa manera, si teniu ganes de donar un cop de m\u00e0 en alguna de les tasques derivades del Protocol (fer torn de Punt Lila, penjar cartells\u2026) tamb\u00e9 ens podeu escriure.\u00a0<\/span><\/p>\n<\/div><div class=\"fusion-clearfix\"><\/div><\/div><\/div><\/div><\/div>\n","protected":false},"excerpt":{"rendered":"","protected":false},"author":3,"featured_media":40146,"comment_status":"closed","ping_status":"closed","sticky":false,"template":"","format":"standard","meta":{"om_disable_all_campaigns":false,"_monsterinsights_skip_tracking":false,"_monsterinsights_sitenote_active":false,"_monsterinsights_sitenote_note":"","_monsterinsights_sitenote_category":0,"_uf_show_specific_survey":0,"_uf_disable_surveys":false,"footnotes":""},"categories":[1136,1163],"tags":[],"class_list":["post-40138","post","type-post","status-publish","format-standard","has-post-thumbnail","hentry","category-esplaiada","category-protocol"],"yoast_head":"<!-- This site is optimized with the Yoast SEO plugin v27.4 - https:\/\/yoast.com\/product\/yoast-seo-wordpress\/ -->\n<title>Publiquem el Protocol General d\u2019activitats per a l\u2019Esplaiada - Esplac<\/title>\n<meta name=\"robots\" content=\"index, follow, max-snippet:-1, max-image-preview:large, max-video-preview:-1\" \/>\n<link rel=\"canonical\" href=\"https:\/\/www.esplac.cat\/publiquem-el-protocol-general-dactivitats-per-a-lesplaiada\/\" \/>\n<meta property=\"og:locale\" content=\"en_US\" \/>\n<meta property=\"og:type\" content=\"article\" \/>\n<meta property=\"og:title\" content=\"Publiquem el Protocol General d\u2019activitats per a l\u2019Esplaiada - Esplac\" \/>\n<meta property=\"og:url\" content=\"https:\/\/www.esplac.cat\/publiquem-el-protocol-general-dactivitats-per-a-lesplaiada\/\" \/>\n<meta property=\"og:site_name\" content=\"Esplac\" \/>\n<meta property=\"article:published_time\" content=\"2022-04-22T10:30:23+00:00\" \/>\n<meta property=\"article:modified_time\" content=\"2022-07-04T10:54:02+00:00\" \/>\n<meta property=\"og:image\" content=\"https:\/\/www.esplac.cat\/wp-content\/uploads\/2022\/04\/Portades-web-10.png\" \/>\n\t<meta property=\"og:image:width\" content=\"1694\" \/>\n\t<meta property=\"og:image:height\" content=\"700\" \/>\n\t<meta property=\"og:image:type\" content=\"image\/png\" \/>\n<meta name=\"author\" content=\"Comunicaci\u00f3 Esplac\" \/>\n<meta name=\"twitter:card\" content=\"summary_large_image\" \/>\n<meta name=\"twitter:label1\" content=\"Written by\" \/>\n\t<meta name=\"twitter:data1\" content=\"Comunicaci\u00f3 Esplac\" \/>\n\t<meta name=\"twitter:label2\" content=\"Est. reading time\" \/>\n\t<meta name=\"twitter:data2\" content=\"3 minutes\" \/>\n<script type=\"application\/ld+json\" class=\"yoast-schema-graph\">{\"@context\":\"https:\\\/\\\/schema.org\",\"@graph\":[{\"@type\":\"Article\",\"@id\":\"https:\\\/\\\/www.esplac.cat\\\/publiquem-el-protocol-general-dactivitats-per-a-lesplaiada\\\/#article\",\"isPartOf\":{\"@id\":\"https:\\\/\\\/www.esplac.cat\\\/publiquem-el-protocol-general-dactivitats-per-a-lesplaiada\\\/\"},\"author\":{\"name\":\"Comunicaci\u00f3 Esplac\",\"@id\":\"https:\\\/\\\/www.esplac.cat\\\/#\\\/schema\\\/person\\\/908383cf240be18b68f8855d0583faca\"},\"headline\":\"Publiquem el Protocol General d\u2019activitats per a l\u2019Esplaiada\",\"datePublished\":\"2022-04-22T10:30:23+00:00\",\"dateModified\":\"2022-07-04T10:54:02+00:00\",\"mainEntityOfPage\":{\"@id\":\"https:\\\/\\\/www.esplac.cat\\\/publiquem-el-protocol-general-dactivitats-per-a-lesplaiada\\\/\"},\"wordCount\":709,\"publisher\":{\"@id\":\"https:\\\/\\\/www.esplac.cat\\\/#organization\"},\"image\":{\"@id\":\"https:\\\/\\\/www.esplac.cat\\\/publiquem-el-protocol-general-dactivitats-per-a-lesplaiada\\\/#primaryimage\"},\"thumbnailUrl\":\"https:\\\/\\\/www.esplac.cat\\\/wp-content\\\/uploads\\\/2022\\\/04\\\/Portades-web-10.png\",\"articleSection\":[\"Esplaiada\",\"Protocol\"],\"inLanguage\":\"en-US\"},{\"@type\":\"WebPage\",\"@id\":\"https:\\\/\\\/www.esplac.cat\\\/publiquem-el-protocol-general-dactivitats-per-a-lesplaiada\\\/\",\"url\":\"https:\\\/\\\/www.esplac.cat\\\/publiquem-el-protocol-general-dactivitats-per-a-lesplaiada\\\/\",\"name\":\"Publiquem el Protocol General d\u2019activitats per a l\u2019Esplaiada - Esplac\",\"isPartOf\":{\"@id\":\"https:\\\/\\\/www.esplac.cat\\\/#website\"},\"primaryImageOfPage\":{\"@id\":\"https:\\\/\\\/www.esplac.cat\\\/publiquem-el-protocol-general-dactivitats-per-a-lesplaiada\\\/#primaryimage\"},\"image\":{\"@id\":\"https:\\\/\\\/www.esplac.cat\\\/publiquem-el-protocol-general-dactivitats-per-a-lesplaiada\\\/#primaryimage\"},\"thumbnailUrl\":\"https:\\\/\\\/www.esplac.cat\\\/wp-content\\\/uploads\\\/2022\\\/04\\\/Portades-web-10.png\",\"datePublished\":\"2022-04-22T10:30:23+00:00\",\"dateModified\":\"2022-07-04T10:54:02+00:00\",\"breadcrumb\":{\"@id\":\"https:\\\/\\\/www.esplac.cat\\\/publiquem-el-protocol-general-dactivitats-per-a-lesplaiada\\\/#breadcrumb\"},\"inLanguage\":\"en-US\",\"potentialAction\":[{\"@type\":\"ReadAction\",\"target\":[\"https:\\\/\\\/www.esplac.cat\\\/publiquem-el-protocol-general-dactivitats-per-a-lesplaiada\\\/\"]}]},{\"@type\":\"ImageObject\",\"inLanguage\":\"en-US\",\"@id\":\"https:\\\/\\\/www.esplac.cat\\\/publiquem-el-protocol-general-dactivitats-per-a-lesplaiada\\\/#primaryimage\",\"url\":\"https:\\\/\\\/www.esplac.cat\\\/wp-content\\\/uploads\\\/2022\\\/04\\\/Portades-web-10.png\",\"contentUrl\":\"https:\\\/\\\/www.esplac.cat\\\/wp-content\\\/uploads\\\/2022\\\/04\\\/Portades-web-10.png\",\"width\":1694,\"height\":700,\"caption\":\"Protocol Esplaiada\"},{\"@type\":\"BreadcrumbList\",\"@id\":\"https:\\\/\\\/www.esplac.cat\\\/publiquem-el-protocol-general-dactivitats-per-a-lesplaiada\\\/#breadcrumb\",\"itemListElement\":[{\"@type\":\"ListItem\",\"position\":1,\"name\":\"Inici\",\"item\":\"https:\\\/\\\/www.esplac.cat\\\/en\\\/\"},{\"@type\":\"ListItem\",\"position\":2,\"name\":\"Publiquem el Protocol General d\u2019activitats per a l\u2019Esplaiada\"}]},{\"@type\":\"WebSite\",\"@id\":\"https:\\\/\\\/www.esplac.cat\\\/#website\",\"url\":\"https:\\\/\\\/www.esplac.cat\\\/\",\"name\":\"Esplac\",\"description\":\"Esplais Catalans\",\"publisher\":{\"@id\":\"https:\\\/\\\/www.esplac.cat\\\/#organization\"},\"potentialAction\":[{\"@type\":\"SearchAction\",\"target\":{\"@type\":\"EntryPoint\",\"urlTemplate\":\"https:\\\/\\\/www.esplac.cat\\\/?s={search_term_string}\"},\"query-input\":{\"@type\":\"PropertyValueSpecification\",\"valueRequired\":true,\"valueName\":\"search_term_string\"}}],\"inLanguage\":\"en-US\"},{\"@type\":\"Organization\",\"@id\":\"https:\\\/\\\/www.esplac.cat\\\/#organization\",\"name\":\"Esplac\",\"url\":\"https:\\\/\\\/www.esplac.cat\\\/\",\"logo\":{\"@type\":\"ImageObject\",\"inLanguage\":\"en-US\",\"@id\":\"https:\\\/\\\/www.esplac.cat\\\/#\\\/schema\\\/logo\\\/image\\\/\",\"url\":\"https:\\\/\\\/www.esplac.cat\\\/wp-content\\\/uploads\\\/2019\\\/08\\\/logox2.png\",\"contentUrl\":\"https:\\\/\\\/www.esplac.cat\\\/wp-content\\\/uploads\\\/2019\\\/08\\\/logox2.png\",\"width\":600,\"height\":295,\"caption\":\"Esplac\"},\"image\":{\"@id\":\"https:\\\/\\\/www.esplac.cat\\\/#\\\/schema\\\/logo\\\/image\\\/\"}},{\"@type\":\"Person\",\"@id\":\"https:\\\/\\\/www.esplac.cat\\\/#\\\/schema\\\/person\\\/908383cf240be18b68f8855d0583faca\",\"name\":\"Comunicaci\u00f3 Esplac\",\"image\":{\"@type\":\"ImageObject\",\"inLanguage\":\"en-US\",\"@id\":\"https:\\\/\\\/secure.gravatar.com\\\/avatar\\\/7a4cf8feb412a76ea4a740ca02d95b06b2907b5a6c648c2dd0a1082a093c3141?s=96&d=mm&r=g\",\"url\":\"https:\\\/\\\/secure.gravatar.com\\\/avatar\\\/7a4cf8feb412a76ea4a740ca02d95b06b2907b5a6c648c2dd0a1082a093c3141?s=96&d=mm&r=g\",\"contentUrl\":\"https:\\\/\\\/secure.gravatar.com\\\/avatar\\\/7a4cf8feb412a76ea4a740ca02d95b06b2907b5a6c648c2dd0a1082a093c3141?s=96&d=mm&r=g\",\"caption\":\"Comunicaci\u00f3 Esplac\"}}]}<\/script>\n<!-- \/ Yoast SEO plugin. -->","yoast_head_json":{"title":"Publiquem el Protocol General d\u2019activitats per a l\u2019Esplaiada - Esplac","robots":{"index":"index","follow":"follow","max-snippet":"max-snippet:-1","max-image-preview":"max-image-preview:large","max-video-preview":"max-video-preview:-1"},"canonical":"https:\/\/www.esplac.cat\/publiquem-el-protocol-general-dactivitats-per-a-lesplaiada\/","og_locale":"en_US","og_type":"article","og_title":"Publiquem el Protocol General d\u2019activitats per a l\u2019Esplaiada - Esplac","og_url":"https:\/\/www.esplac.cat\/publiquem-el-protocol-general-dactivitats-per-a-lesplaiada\/","og_site_name":"Esplac","article_published_time":"2022-04-22T10:30:23+00:00","article_modified_time":"2022-07-04T10:54:02+00:00","og_image":[{"width":1694,"height":700,"url":"https:\/\/www.esplac.cat\/wp-content\/uploads\/2022\/04\/Portades-web-10.png","type":"image\/png"}],"author":"Comunicaci\u00f3 Esplac","twitter_card":"summary_large_image","twitter_misc":{"Written by":"Comunicaci\u00f3 Esplac","Est. reading time":"3 minutes"},"schema":{"@context":"https:\/\/schema.org","@graph":[{"@type":"Article","@id":"https:\/\/www.esplac.cat\/publiquem-el-protocol-general-dactivitats-per-a-lesplaiada\/#article","isPartOf":{"@id":"https:\/\/www.esplac.cat\/publiquem-el-protocol-general-dactivitats-per-a-lesplaiada\/"},"author":{"name":"Comunicaci\u00f3 Esplac","@id":"https:\/\/www.esplac.cat\/#\/schema\/person\/908383cf240be18b68f8855d0583faca"},"headline":"Publiquem el Protocol General d\u2019activitats per a l\u2019Esplaiada","datePublished":"2022-04-22T10:30:23+00:00","dateModified":"2022-07-04T10:54:02+00:00","mainEntityOfPage":{"@id":"https:\/\/www.esplac.cat\/publiquem-el-protocol-general-dactivitats-per-a-lesplaiada\/"},"wordCount":709,"publisher":{"@id":"https:\/\/www.esplac.cat\/#organization"},"image":{"@id":"https:\/\/www.esplac.cat\/publiquem-el-protocol-general-dactivitats-per-a-lesplaiada\/#primaryimage"},"thumbnailUrl":"https:\/\/www.esplac.cat\/wp-content\/uploads\/2022\/04\/Portades-web-10.png","articleSection":["Esplaiada","Protocol"],"inLanguage":"en-US"},{"@type":"WebPage","@id":"https:\/\/www.esplac.cat\/publiquem-el-protocol-general-dactivitats-per-a-lesplaiada\/","url":"https:\/\/www.esplac.cat\/publiquem-el-protocol-general-dactivitats-per-a-lesplaiada\/","name":"Publiquem el Protocol General d\u2019activitats per a l\u2019Esplaiada - Esplac","isPartOf":{"@id":"https:\/\/www.esplac.cat\/#website"},"primaryImageOfPage":{"@id":"https:\/\/www.esplac.cat\/publiquem-el-protocol-general-dactivitats-per-a-lesplaiada\/#primaryimage"},"image":{"@id":"https:\/\/www.esplac.cat\/publiquem-el-protocol-general-dactivitats-per-a-lesplaiada\/#primaryimage"},"thumbnailUrl":"https:\/\/www.esplac.cat\/wp-content\/uploads\/2022\/04\/Portades-web-10.png","datePublished":"2022-04-22T10:30:23+00:00","dateModified":"2022-07-04T10:54:02+00:00","breadcrumb":{"@id":"https:\/\/www.esplac.cat\/publiquem-el-protocol-general-dactivitats-per-a-lesplaiada\/#breadcrumb"},"inLanguage":"en-US","potentialAction":[{"@type":"ReadAction","target":["https:\/\/www.esplac.cat\/publiquem-el-protocol-general-dactivitats-per-a-lesplaiada\/"]}]},{"@type":"ImageObject","inLanguage":"en-US","@id":"https:\/\/www.esplac.cat\/publiquem-el-protocol-general-dactivitats-per-a-lesplaiada\/#primaryimage","url":"https:\/\/www.esplac.cat\/wp-content\/uploads\/2022\/04\/Portades-web-10.png","contentUrl":"https:\/\/www.esplac.cat\/wp-content\/uploads\/2022\/04\/Portades-web-10.png","width":1694,"height":700,"caption":"Protocol Esplaiada"},{"@type":"BreadcrumbList","@id":"https:\/\/www.esplac.cat\/publiquem-el-protocol-general-dactivitats-per-a-lesplaiada\/#breadcrumb","itemListElement":[{"@type":"ListItem","position":1,"name":"Inici","item":"https:\/\/www.esplac.cat\/en\/"},{"@type":"ListItem","position":2,"name":"Publiquem el Protocol General d\u2019activitats per a l\u2019Esplaiada"}]},{"@type":"WebSite","@id":"https:\/\/www.esplac.cat\/#website","url":"https:\/\/www.esplac.cat\/","name":"Esplac","description":"Esplais Catalans","publisher":{"@id":"https:\/\/www.esplac.cat\/#organization"},"potentialAction":[{"@type":"SearchAction","target":{"@type":"EntryPoint","urlTemplate":"https:\/\/www.esplac.cat\/?s={search_term_string}"},"query-input":{"@type":"PropertyValueSpecification","valueRequired":true,"valueName":"search_term_string"}}],"inLanguage":"en-US"},{"@type":"Organization","@id":"https:\/\/www.esplac.cat\/#organization","name":"Esplac","url":"https:\/\/www.esplac.cat\/","logo":{"@type":"ImageObject","inLanguage":"en-US","@id":"https:\/\/www.esplac.cat\/#\/schema\/logo\/image\/","url":"https:\/\/www.esplac.cat\/wp-content\/uploads\/2019\/08\/logox2.png","contentUrl":"https:\/\/www.esplac.cat\/wp-content\/uploads\/2019\/08\/logox2.png","width":600,"height":295,"caption":"Esplac"},"image":{"@id":"https:\/\/www.esplac.cat\/#\/schema\/logo\/image\/"}},{"@type":"Person","@id":"https:\/\/www.esplac.cat\/#\/schema\/person\/908383cf240be18b68f8855d0583faca","name":"Comunicaci\u00f3 Esplac","image":{"@type":"ImageObject","inLanguage":"en-US","@id":"https:\/\/secure.gravatar.com\/avatar\/7a4cf8feb412a76ea4a740ca02d95b06b2907b5a6c648c2dd0a1082a093c3141?s=96&d=mm&r=g","url":"https:\/\/secure.gravatar.com\/avatar\/7a4cf8feb412a76ea4a740ca02d95b06b2907b5a6c648c2dd0a1082a093c3141?s=96&d=mm&r=g","contentUrl":"https:\/\/secure.gravatar.com\/avatar\/7a4cf8feb412a76ea4a740ca02d95b06b2907b5a6c648c2dd0a1082a093c3141?s=96&d=mm&r=g","caption":"Comunicaci\u00f3 Esplac"}}]}},"_links":{"self":[{"href":"https:\/\/www.esplac.cat\/en\/wp-json\/wp\/v2\/posts\/40138","targetHints":{"allow":["GET"]}}],"collection":[{"href":"https:\/\/www.esplac.cat\/en\/wp-json\/wp\/v2\/posts"}],"about":[{"href":"https:\/\/www.esplac.cat\/en\/wp-json\/wp\/v2\/types\/post"}],"author":[{"embeddable":true,"href":"https:\/\/www.esplac.cat\/en\/wp-json\/wp\/v2\/users\/3"}],"replies":[{"embeddable":true,"href":"https:\/\/www.esplac.cat\/en\/wp-json\/wp\/v2\/comments?post=40138"}],"version-history":[{"count":0,"href":"https:\/\/www.esplac.cat\/en\/wp-json\/wp\/v2\/posts\/40138\/revisions"}],"wp:featuredmedia":[{"embeddable":true,"href":"https:\/\/www.esplac.cat\/en\/wp-json\/wp\/v2\/media\/40146"}],"wp:attachment":[{"href":"https:\/\/www.esplac.cat\/en\/wp-json\/wp\/v2\/media?parent=40138"}],"wp:term":[{"taxonomy":"category","embeddable":true,"href":"https:\/\/www.esplac.cat\/en\/wp-json\/wp\/v2\/categories?post=40138"},{"taxonomy":"post_tag","embeddable":true,"href":"https:\/\/www.esplac.cat\/en\/wp-json\/wp\/v2\/tags?post=40138"}],"curies":[{"name":"wp","href":"https:\/\/api.w.org\/{rel}","templated":true}]}}