{"id":40153,"date":"2022-04-26T13:52:09","date_gmt":"2022-04-26T11:52:09","guid":{"rendered":"https:\/\/www.esplac.cat\/?p=40153"},"modified":"2022-04-26T13:53:24","modified_gmt":"2022-04-26T11:53:24","slug":"celebrem-40-anys-presentacio-conte-que-fas-dissabte","status":"publish","type":"post","link":"https:\/\/www.esplac.cat\/en\/celebrem-40-anys-presentacio-conte-que-fas-dissabte\/","title":{"rendered":"Celebrem els 40 anys amb la presentaci\u00f3 del conte &#8220;I tu, qu\u00e8 fas dissabte?&#8221;"},"content":{"rendered":"<h6><strong>El passat 22 d\u2019abril va tenir lloc al teatre d\u2019<span style=\"color: #ff9900;\"><a style=\"color: #ff9900;\" href=\"https:\/\/elcircol.cat\">El C\u00edrcol<\/a><\/span> de Badalona, la presentaci\u00f3 del conte il\u00b7lustrat <i>\u201cI tu, qu\u00e8 fas dissabte? L\u2019aventura d\u2019anar a l\u2019esplai!\u201d <\/i>de Lia Casas Setplans, Mireia Pujol i Riera i Pol\u00b7len Edicions. El conte, que s\u2019ha finan\u00e7at a trav\u00e9s d\u2019una campanya de <span style=\"color: #ff9900;\"><a style=\"color: #ff9900;\" href=\"https:\/\/www.goteo.org\/project\/un-dissabte-d-esplai\">Goteo.org<\/a> <\/span>amb m\u00e9s de 150 cofinan\u00e7adores, reivindica la import\u00e0ncia d\u2019educar en el lleure des de l\u2019esplai i neix de la iniciativa d\u2019Esplais Catalans en el marc del <span style=\"color: #ff9900;\"><a style=\"color: #ff9900;\" href=\"https:\/\/www.esplac.cat\/40-anys-esplac\/\">40\u00e8 aniversari<\/a><\/span> de l\u2019entitat.\u00a0<\/strong><\/h6>\n<p>Badalona va ser el punt de trobada, la vig\u00edlia de Sant Jordi, per presentar el nou conte sobre l&#8217;esplai &#8220;I tu, qu\u00e8 fas dissabte? L&#8217;aventura d&#8217;anar a l&#8217;esplai!&#8221;. T<span style=\"font-weight: 300;\">amb\u00e9 va servir com a <strong>acte inaugural del 40\u00e8 aniversari d&#8217;Esplais Catalans<\/strong>, amb els parlaments d&#8217;algunes de les persones fundadores de l\u2019entitat i d\u2019actuals dirigents, un col\u00b7loqui d\u2019infants de diversos esplais, de la il\u00b7lustradora del conte i de membres de l&#8217;editorial.<\/span><\/p>\n<p><span style=\"font-weight: 300;\">A banda, tamb\u00e9 es va visionar el documental <\/span><span style=\"color: #ff9900;\"><a style=\"color: #ff9900;\" href=\"https:\/\/www.youtube.com\/watch?v=vp2Eb3l23VQ\"><span style=\"font-weight: 300;\">\u201cTransformar Educant\u201d<\/span><\/a><\/span><span style=\"font-weight: 300;\"><span style=\"color: #ff9900;\">,<\/span> un film que mostra com actuen i influeixen dia a dia en el seu entorn els esplais.<\/span><\/p>\n<p><span style=\"color: #ff9900;\"><strong>&#8220;I tu, qu\u00e8 fas dissabte?&#8221;, el regal perfecte per Sant Jordi<\/strong><\/span><\/p>\n<p><span style=\"font-weight: 300;\">Els protagonistes del conte, com la gran majoria d\u2019infants i joves que van a l\u2019esplai, es troben un dissabte per fer esplai. Aquest cop, per\u00f2, hauran d\u2019afrontar un obstacle inesperat: l\u2019equip de monis a desaparegut! A partir d\u2019aquell moment, jugant i cooperant a partir d\u2019un seguit de pistes misterioses, hauran d\u2019intentar de totes les formes possibles que tornin. Ho aconseguiran?<\/span><\/p>\n<p><span style=\"font-weight: 300;\">Aix\u00ed s\u2019inicia l\u2019aventura de <\/span><i><span style=\"font-weight: 300;\">\u201cI tu, qu\u00e8 fas dissabte\u201d<\/span><\/i><span style=\"font-weight: 300;\"> que pren com a objectiu que petits i grans lectors descobreixin la tasca educativa que caracteritza als esplais. El conte il\u00b7lustrat pret\u00e9n, des de la reivindicaci\u00f3, mostrar com els esplais de base laica i volunt\u00e0ria transformem i eduquem mitjan\u00e7ant el joc i les din\u00e0miques.\u00a0\u00a0<\/span><\/p>\n<p><span style=\"font-weight: 300;\">A m\u00e9s, el conte neix de la voluntat de crear un recurs il\u00b7lustrat dedicat a la inf\u00e0ncia i<strong> s\u2019acompanya de jocs durant tota la lectura<\/strong>, a partir dels quals els infants hauran de trobar objectes amagats que han proposat els esplais de l\u2019entitat. Tamb\u00e9 compta amb un glossari dels jocs als quals els protagonistes juguen durant el conte.\u00a0<\/span><\/p>\n<p>Durant la diada de Sant Jordi, els esplais d&#8217;Esplac han pogut vendre aquest conte a les seves paradetes i, malgrat la pluja, ha estat tot un \u00e8xit.<\/p>\n<p><span style=\"color: #ff9900;\"><strong>Celebrem els 40 anys d&#8217;Esplac<\/strong><\/span><\/p>\n<p><span style=\"font-weight: 300;\">El conte, publicat sota el pseud\u00f2nim <\/span><b>Lia Casas Setplans<\/b><span style=\"font-weight: 300;\"> (que compta amb les mateixes lletres que Esplais Catalans) est\u00e0 escrit des del Grup de Treball del 40\u00e8 aniversari de l\u2019entitat. Un equip de monis, s\u00f2cies i socis, dirigents i treballadores d\u2019Esplais Catalans han estat qui s\u2019ha encarregat de la creaci\u00f3 i redacci\u00f3 del conte.\u00a0<\/span><\/p>\n<p><span style=\"font-weight: 300;\">Per les il\u00b7lustracions s\u2019ha comptat amb l\u2019artista <\/span><span style=\"color: #ff9900;\"><a style=\"color: #ff9900;\" href=\"https:\/\/www.instagram.com\/mireiapujolriera\/\"><span style=\"font-weight: 300;\">Mireia Pujol i Riera<\/span><\/a><\/span><span style=\"font-weight: 300;\">, de Vilassar de Dalt, que ha estat implicada durant tot el proc\u00e9s creatiu del conte. <\/span><i><span style=\"font-weight: 300;\">\u201cI tu, qu\u00e8 fas dissabte?\u201d<\/span><\/i><span style=\"font-weight: 300;\"> a m\u00e9s, ha estat editat per l\u2019editorial <\/span><span style=\"color: #ff9900;\"><a style=\"color: #ff9900;\" href=\"https:\/\/pol-len.cat\"><span style=\"font-weight: 300;\">Pol\u00b7len Edicions<\/span><\/a><\/span><span style=\"font-weight: 300;\"> i properament es podr\u00e0 trobar a llibreries i biblioteques d\u2019arreu de Catalunya.\u00a0<\/span><\/p>\n<p>Aquest esdeveniment ha estat el tret de sortida d&#8217;<span style=\"color: #ff9900;\"><a style=\"color: #ff9900;\" href=\"https:\/\/www.esplac.cat\/40-anys-esplac\/\" target=\"_blank\" rel=\"noopener noreferrer\">un any ple d&#8217;activitats<\/a><\/span> per celebrar el 40\u00e8 aniversari de l&#8217;entitat. De moment, la propera parada \u00e9s Sant Cugat del Vall\u00e8s amb la Trobada General d&#8217;Esplais Catalans, l&#8217;<span style=\"color: #ff9900;\"><a style=\"color: #ff9900;\" href=\"https:\/\/www.esplac.cat\/trobades\/esplaiada\/\" target=\"_blank\" rel=\"noopener noreferrer\">Esplaiada 2022<\/a><\/span>!<\/p>\n<p>A continuaci\u00f3 podeu veure un tast de les fotografies de l&#8217;acte, per\u00f2 durant la setmana enlla\u00e7arem en aquesta mateixa not\u00edcia l&#8217;\u00e0lbum sencer.<\/p>\n\n\t\t<style type=\"text\/css\">\n\t\t\t#gallery-1 {\n\t\t\t\tmargin: auto;\n\t\t\t}\n\t\t\t#gallery-1 .gallery-item {\n\t\t\t\tfloat: left;\n\t\t\t\tmargin-top: 10px;\n\t\t\t\ttext-align: center;\n\t\t\t\twidth: 25%;\n\t\t\t}\n\t\t\t#gallery-1 img {\n\t\t\t\tborder: 2px solid #cfcfcf;\n\t\t\t}\n\t\t\t#gallery-1 .gallery-caption {\n\t\t\t\tmargin-left: 0;\n\t\t\t}\n\t\t\t\/* see gallery_shortcode() in wp-includes\/media.php *\/\n\t\t<\/style>\n\t\t<div id='gallery-1' class='gallery galleryid-40153 gallery-columns-4 gallery-size-full'><dl class='gallery-item'>\n\t\t\t<dt class='gallery-icon landscape'>\n\t\t\t\t<a data-rel=\"iLightbox[postimages]\" data-title=\"conte17\" data-caption=\"\" href='https:\/\/www.esplac.cat\/wp-content\/uploads\/2022\/04\/conte17.jpeg'><img decoding=\"async\" width=\"1600\" height=\"898\" src=\"https:\/\/www.esplac.cat\/wp-content\/uploads\/2022\/04\/conte17.jpeg\" class=\"attachment-full size-full\" alt=\"\" srcset=\"https:\/\/www.esplac.cat\/wp-content\/uploads\/2022\/04\/conte17-200x112.jpeg 200w, https:\/\/www.esplac.cat\/wp-content\/uploads\/2022\/04\/conte17-300x168.jpeg 300w, https:\/\/www.esplac.cat\/wp-content\/uploads\/2022\/04\/conte17-400x225.jpeg 400w, https:\/\/www.esplac.cat\/wp-content\/uploads\/2022\/04\/conte17-600x337.jpeg 600w, https:\/\/www.esplac.cat\/wp-content\/uploads\/2022\/04\/conte17-768x431.jpeg 768w, https:\/\/www.esplac.cat\/wp-content\/uploads\/2022\/04\/conte17-800x449.jpeg 800w, https:\/\/www.esplac.cat\/wp-content\/uploads\/2022\/04\/conte17-1024x575.jpeg 1024w, https:\/\/www.esplac.cat\/wp-content\/uploads\/2022\/04\/conte17-1200x674.jpeg 1200w, https:\/\/www.esplac.cat\/wp-content\/uploads\/2022\/04\/conte17-1536x862.jpeg 1536w, https:\/\/www.esplac.cat\/wp-content\/uploads\/2022\/04\/conte17.jpeg 1600w\" sizes=\"(max-width: 1600px) 100vw, 1600px\" \/><\/a>\n\t\t\t<\/dt><\/dl><dl class='gallery-item'>\n\t\t\t<dt class='gallery-icon landscape'>\n\t\t\t\t<a data-rel=\"iLightbox[postimages]\" data-title=\"conte15\" data-caption=\"\" href='https:\/\/www.esplac.cat\/wp-content\/uploads\/2022\/04\/conte15.jpeg'><img decoding=\"async\" width=\"1600\" height=\"898\" src=\"https:\/\/www.esplac.cat\/wp-content\/uploads\/2022\/04\/conte15.jpeg\" class=\"attachment-full size-full\" alt=\"\" srcset=\"https:\/\/www.esplac.cat\/wp-content\/uploads\/2022\/04\/conte15-200x112.jpeg 200w, https:\/\/www.esplac.cat\/wp-content\/uploads\/2022\/04\/conte15-300x168.jpeg 300w, https:\/\/www.esplac.cat\/wp-content\/uploads\/2022\/04\/conte15-400x225.jpeg 400w, https:\/\/www.esplac.cat\/wp-content\/uploads\/2022\/04\/conte15-600x337.jpeg 600w, https:\/\/www.esplac.cat\/wp-content\/uploads\/2022\/04\/conte15-768x431.jpeg 768w, https:\/\/www.esplac.cat\/wp-content\/uploads\/2022\/04\/conte15-800x449.jpeg 800w, https:\/\/www.esplac.cat\/wp-content\/uploads\/2022\/04\/conte15-1024x575.jpeg 1024w, https:\/\/www.esplac.cat\/wp-content\/uploads\/2022\/04\/conte15-1200x674.jpeg 1200w, https:\/\/www.esplac.cat\/wp-content\/uploads\/2022\/04\/conte15-1536x862.jpeg 1536w, https:\/\/www.esplac.cat\/wp-content\/uploads\/2022\/04\/conte15.jpeg 1600w\" sizes=\"(max-width: 1600px) 100vw, 1600px\" \/><\/a>\n\t\t\t<\/dt><\/dl><dl class='gallery-item'>\n\t\t\t<dt class='gallery-icon landscape'>\n\t\t\t\t<a data-rel=\"iLightbox[postimages]\" data-title=\"conte14\" data-caption=\"\" href='https:\/\/www.esplac.cat\/wp-content\/uploads\/2022\/04\/conte14.jpeg'><img decoding=\"async\" width=\"1600\" height=\"898\" src=\"https:\/\/www.esplac.cat\/wp-content\/uploads\/2022\/04\/conte14.jpeg\" class=\"attachment-full size-full\" alt=\"\" srcset=\"https:\/\/www.esplac.cat\/wp-content\/uploads\/2022\/04\/conte14-200x112.jpeg 200w, https:\/\/www.esplac.cat\/wp-content\/uploads\/2022\/04\/conte14-300x168.jpeg 300w, https:\/\/www.esplac.cat\/wp-content\/uploads\/2022\/04\/conte14-400x225.jpeg 400w, https:\/\/www.esplac.cat\/wp-content\/uploads\/2022\/04\/conte14-600x337.jpeg 600w, https:\/\/www.esplac.cat\/wp-content\/uploads\/2022\/04\/conte14-768x431.jpeg 768w, https:\/\/www.esplac.cat\/wp-content\/uploads\/2022\/04\/conte14-800x449.jpeg 800w, https:\/\/www.esplac.cat\/wp-content\/uploads\/2022\/04\/conte14-1024x575.jpeg 1024w, https:\/\/www.esplac.cat\/wp-content\/uploads\/2022\/04\/conte14-1200x674.jpeg 1200w, https:\/\/www.esplac.cat\/wp-content\/uploads\/2022\/04\/conte14-1536x862.jpeg 1536w, https:\/\/www.esplac.cat\/wp-content\/uploads\/2022\/04\/conte14.jpeg 1600w\" sizes=\"(max-width: 1600px) 100vw, 1600px\" \/><\/a>\n\t\t\t<\/dt><\/dl><dl class='gallery-item'>\n\t\t\t<dt class='gallery-icon landscape'>\n\t\t\t\t<a data-rel=\"iLightbox[postimages]\" data-title=\"conte13\" data-caption=\"\" href='https:\/\/www.esplac.cat\/wp-content\/uploads\/2022\/04\/conte13.jpeg'><img decoding=\"async\" width=\"1600\" height=\"898\" src=\"https:\/\/www.esplac.cat\/wp-content\/uploads\/2022\/04\/conte13.jpeg\" class=\"attachment-full size-full\" alt=\"\" srcset=\"https:\/\/www.esplac.cat\/wp-content\/uploads\/2022\/04\/conte13-200x112.jpeg 200w, https:\/\/www.esplac.cat\/wp-content\/uploads\/2022\/04\/conte13-300x168.jpeg 300w, https:\/\/www.esplac.cat\/wp-content\/uploads\/2022\/04\/conte13-400x225.jpeg 400w, https:\/\/www.esplac.cat\/wp-content\/uploads\/2022\/04\/conte13-600x337.jpeg 600w, https:\/\/www.esplac.cat\/wp-content\/uploads\/2022\/04\/conte13-768x431.jpeg 768w, https:\/\/www.esplac.cat\/wp-content\/uploads\/2022\/04\/conte13-800x449.jpeg 800w, https:\/\/www.esplac.cat\/wp-content\/uploads\/2022\/04\/conte13-1024x575.jpeg 1024w, https:\/\/www.esplac.cat\/wp-content\/uploads\/2022\/04\/conte13-1200x674.jpeg 1200w, https:\/\/www.esplac.cat\/wp-content\/uploads\/2022\/04\/conte13-1536x862.jpeg 1536w, https:\/\/www.esplac.cat\/wp-content\/uploads\/2022\/04\/conte13.jpeg 1600w\" sizes=\"(max-width: 1600px) 100vw, 1600px\" \/><\/a>\n\t\t\t<\/dt><\/dl><br style=\"clear: both\" \/><dl class='gallery-item'>\n\t\t\t<dt class='gallery-icon landscape'>\n\t\t\t\t<a data-rel=\"iLightbox[postimages]\" data-title=\"conte12\" data-caption=\"\" href='https:\/\/www.esplac.cat\/wp-content\/uploads\/2022\/04\/conte12.jpeg'><img decoding=\"async\" width=\"1600\" height=\"1066\" src=\"https:\/\/www.esplac.cat\/wp-content\/uploads\/2022\/04\/conte12.jpeg\" class=\"attachment-full size-full\" alt=\"\" srcset=\"https:\/\/www.esplac.cat\/wp-content\/uploads\/2022\/04\/conte12-200x133.jpeg 200w, https:\/\/www.esplac.cat\/wp-content\/uploads\/2022\/04\/conte12-300x200.jpeg 300w, https:\/\/www.esplac.cat\/wp-content\/uploads\/2022\/04\/conte12-400x267.jpeg 400w, https:\/\/www.esplac.cat\/wp-content\/uploads\/2022\/04\/conte12-600x400.jpeg 600w, https:\/\/www.esplac.cat\/wp-content\/uploads\/2022\/04\/conte12-768x512.jpeg 768w, https:\/\/www.esplac.cat\/wp-content\/uploads\/2022\/04\/conte12-800x533.jpeg 800w, https:\/\/www.esplac.cat\/wp-content\/uploads\/2022\/04\/conte12-1024x682.jpeg 1024w, https:\/\/www.esplac.cat\/wp-content\/uploads\/2022\/04\/conte12-1200x800.jpeg 1200w, https:\/\/www.esplac.cat\/wp-content\/uploads\/2022\/04\/conte12-1536x1023.jpeg 1536w, https:\/\/www.esplac.cat\/wp-content\/uploads\/2022\/04\/conte12.jpeg 1600w\" sizes=\"(max-width: 1600px) 100vw, 1600px\" \/><\/a>\n\t\t\t<\/dt><\/dl><dl class='gallery-item'>\n\t\t\t<dt class='gallery-icon landscape'>\n\t\t\t\t<a data-rel=\"iLightbox[postimages]\" data-title=\"conte1\" data-caption=\"\" href='https:\/\/www.esplac.cat\/wp-content\/uploads\/2022\/04\/conte1.jpeg'><img decoding=\"async\" width=\"1600\" height=\"898\" src=\"https:\/\/www.esplac.cat\/wp-content\/uploads\/2022\/04\/conte1.jpeg\" class=\"attachment-full size-full\" alt=\"\" srcset=\"https:\/\/www.esplac.cat\/wp-content\/uploads\/2022\/04\/conte1-200x112.jpeg 200w, https:\/\/www.esplac.cat\/wp-content\/uploads\/2022\/04\/conte1-300x168.jpeg 300w, https:\/\/www.esplac.cat\/wp-content\/uploads\/2022\/04\/conte1-400x225.jpeg 400w, https:\/\/www.esplac.cat\/wp-content\/uploads\/2022\/04\/conte1-600x337.jpeg 600w, https:\/\/www.esplac.cat\/wp-content\/uploads\/2022\/04\/conte1-768x431.jpeg 768w, https:\/\/www.esplac.cat\/wp-content\/uploads\/2022\/04\/conte1-800x449.jpeg 800w, https:\/\/www.esplac.cat\/wp-content\/uploads\/2022\/04\/conte1-1024x575.jpeg 1024w, https:\/\/www.esplac.cat\/wp-content\/uploads\/2022\/04\/conte1-1200x674.jpeg 1200w, https:\/\/www.esplac.cat\/wp-content\/uploads\/2022\/04\/conte1-1536x862.jpeg 1536w, https:\/\/www.esplac.cat\/wp-content\/uploads\/2022\/04\/conte1.jpeg 1600w\" sizes=\"(max-width: 1600px) 100vw, 1600px\" \/><\/a>\n\t\t\t<\/dt><\/dl><dl class='gallery-item'>\n\t\t\t<dt class='gallery-icon landscape'>\n\t\t\t\t<a data-rel=\"iLightbox[postimages]\" data-title=\"WhatsApp Image 2022-04-25 at 13.04.53 (4)\" data-caption=\"\" href='https:\/\/www.esplac.cat\/wp-content\/uploads\/2022\/04\/WhatsApp-Image-2022-04-25-at-13.04.53-4.jpeg'><img decoding=\"async\" width=\"1600\" height=\"898\" src=\"https:\/\/www.esplac.cat\/wp-content\/uploads\/2022\/04\/WhatsApp-Image-2022-04-25-at-13.04.53-4.jpeg\" class=\"attachment-full size-full\" alt=\"\" srcset=\"https:\/\/www.esplac.cat\/wp-content\/uploads\/2022\/04\/WhatsApp-Image-2022-04-25-at-13.04.53-4-200x112.jpeg 200w, https:\/\/www.esplac.cat\/wp-content\/uploads\/2022\/04\/WhatsApp-Image-2022-04-25-at-13.04.53-4-300x168.jpeg 300w, https:\/\/www.esplac.cat\/wp-content\/uploads\/2022\/04\/WhatsApp-Image-2022-04-25-at-13.04.53-4-400x225.jpeg 400w, https:\/\/www.esplac.cat\/wp-content\/uploads\/2022\/04\/WhatsApp-Image-2022-04-25-at-13.04.53-4-600x337.jpeg 600w, https:\/\/www.esplac.cat\/wp-content\/uploads\/2022\/04\/WhatsApp-Image-2022-04-25-at-13.04.53-4-768x431.jpeg 768w, https:\/\/www.esplac.cat\/wp-content\/uploads\/2022\/04\/WhatsApp-Image-2022-04-25-at-13.04.53-4-800x449.jpeg 800w, https:\/\/www.esplac.cat\/wp-content\/uploads\/2022\/04\/WhatsApp-Image-2022-04-25-at-13.04.53-4-1024x575.jpeg 1024w, https:\/\/www.esplac.cat\/wp-content\/uploads\/2022\/04\/WhatsApp-Image-2022-04-25-at-13.04.53-4-1200x674.jpeg 1200w, https:\/\/www.esplac.cat\/wp-content\/uploads\/2022\/04\/WhatsApp-Image-2022-04-25-at-13.04.53-4-1536x862.jpeg 1536w, https:\/\/www.esplac.cat\/wp-content\/uploads\/2022\/04\/WhatsApp-Image-2022-04-25-at-13.04.53-4.jpeg 1600w\" sizes=\"(max-width: 1600px) 100vw, 1600px\" \/><\/a>\n\t\t\t<\/dt><\/dl><dl class='gallery-item'>\n\t\t\t<dt class='gallery-icon landscape'>\n\t\t\t\t<a data-rel=\"iLightbox[postimages]\" data-title=\"WhatsApp Image 2022-04-25 at 13.04.53 (3)\" data-caption=\"\" href='https:\/\/www.esplac.cat\/wp-content\/uploads\/2022\/04\/WhatsApp-Image-2022-04-25-at-13.04.53-3.jpeg'><img decoding=\"async\" width=\"1600\" height=\"898\" src=\"https:\/\/www.esplac.cat\/wp-content\/uploads\/2022\/04\/WhatsApp-Image-2022-04-25-at-13.04.53-3.jpeg\" class=\"attachment-full size-full\" alt=\"\" srcset=\"https:\/\/www.esplac.cat\/wp-content\/uploads\/2022\/04\/WhatsApp-Image-2022-04-25-at-13.04.53-3-200x112.jpeg 200w, https:\/\/www.esplac.cat\/wp-content\/uploads\/2022\/04\/WhatsApp-Image-2022-04-25-at-13.04.53-3-300x168.jpeg 300w, https:\/\/www.esplac.cat\/wp-content\/uploads\/2022\/04\/WhatsApp-Image-2022-04-25-at-13.04.53-3-400x225.jpeg 400w, https:\/\/www.esplac.cat\/wp-content\/uploads\/2022\/04\/WhatsApp-Image-2022-04-25-at-13.04.53-3-600x337.jpeg 600w, https:\/\/www.esplac.cat\/wp-content\/uploads\/2022\/04\/WhatsApp-Image-2022-04-25-at-13.04.53-3-768x431.jpeg 768w, https:\/\/www.esplac.cat\/wp-content\/uploads\/2022\/04\/WhatsApp-Image-2022-04-25-at-13.04.53-3-800x449.jpeg 800w, https:\/\/www.esplac.cat\/wp-content\/uploads\/2022\/04\/WhatsApp-Image-2022-04-25-at-13.04.53-3-1024x575.jpeg 1024w, https:\/\/www.esplac.cat\/wp-content\/uploads\/2022\/04\/WhatsApp-Image-2022-04-25-at-13.04.53-3-1200x674.jpeg 1200w, https:\/\/www.esplac.cat\/wp-content\/uploads\/2022\/04\/WhatsApp-Image-2022-04-25-at-13.04.53-3-1536x862.jpeg 1536w, https:\/\/www.esplac.cat\/wp-content\/uploads\/2022\/04\/WhatsApp-Image-2022-04-25-at-13.04.53-3.jpeg 1600w\" sizes=\"(max-width: 1600px) 100vw, 1600px\" \/><\/a>\n\t\t\t<\/dt><\/dl><br style=\"clear: both\" \/><dl class='gallery-item'>\n\t\t\t<dt class='gallery-icon landscape'>\n\t\t\t\t<a data-rel=\"iLightbox[postimages]\" data-title=\"WhatsApp Image 2022-04-25 at 13.04.53 (2)\" data-caption=\"\" href='https:\/\/www.esplac.cat\/wp-content\/uploads\/2022\/04\/WhatsApp-Image-2022-04-25-at-13.04.53-2.jpeg'><img decoding=\"async\" width=\"1600\" height=\"898\" src=\"https:\/\/www.esplac.cat\/wp-content\/uploads\/2022\/04\/WhatsApp-Image-2022-04-25-at-13.04.53-2.jpeg\" class=\"attachment-full size-full\" alt=\"\" srcset=\"https:\/\/www.esplac.cat\/wp-content\/uploads\/2022\/04\/WhatsApp-Image-2022-04-25-at-13.04.53-2-200x112.jpeg 200w, https:\/\/www.esplac.cat\/wp-content\/uploads\/2022\/04\/WhatsApp-Image-2022-04-25-at-13.04.53-2-300x168.jpeg 300w, https:\/\/www.esplac.cat\/wp-content\/uploads\/2022\/04\/WhatsApp-Image-2022-04-25-at-13.04.53-2-400x225.jpeg 400w, https:\/\/www.esplac.cat\/wp-content\/uploads\/2022\/04\/WhatsApp-Image-2022-04-25-at-13.04.53-2-600x337.jpeg 600w, https:\/\/www.esplac.cat\/wp-content\/uploads\/2022\/04\/WhatsApp-Image-2022-04-25-at-13.04.53-2-768x431.jpeg 768w, https:\/\/www.esplac.cat\/wp-content\/uploads\/2022\/04\/WhatsApp-Image-2022-04-25-at-13.04.53-2-800x449.jpeg 800w, https:\/\/www.esplac.cat\/wp-content\/uploads\/2022\/04\/WhatsApp-Image-2022-04-25-at-13.04.53-2-1024x575.jpeg 1024w, https:\/\/www.esplac.cat\/wp-content\/uploads\/2022\/04\/WhatsApp-Image-2022-04-25-at-13.04.53-2-1200x674.jpeg 1200w, https:\/\/www.esplac.cat\/wp-content\/uploads\/2022\/04\/WhatsApp-Image-2022-04-25-at-13.04.53-2-1536x862.jpeg 1536w, https:\/\/www.esplac.cat\/wp-content\/uploads\/2022\/04\/WhatsApp-Image-2022-04-25-at-13.04.53-2.jpeg 1600w\" sizes=\"(max-width: 1600px) 100vw, 1600px\" \/><\/a>\n\t\t\t<\/dt><\/dl><dl class='gallery-item'>\n\t\t\t<dt class='gallery-icon landscape'>\n\t\t\t\t<a data-rel=\"iLightbox[postimages]\" data-title=\"WhatsApp Image 2022-04-25 at 13.04.53\" data-caption=\"\" href='https:\/\/www.esplac.cat\/wp-content\/uploads\/2022\/04\/WhatsApp-Image-2022-04-25-at-13.04.53.jpeg'><img decoding=\"async\" width=\"1600\" height=\"898\" src=\"https:\/\/www.esplac.cat\/wp-content\/uploads\/2022\/04\/WhatsApp-Image-2022-04-25-at-13.04.53.jpeg\" class=\"attachment-full size-full\" alt=\"\" srcset=\"https:\/\/www.esplac.cat\/wp-content\/uploads\/2022\/04\/WhatsApp-Image-2022-04-25-at-13.04.53-200x112.jpeg 200w, https:\/\/www.esplac.cat\/wp-content\/uploads\/2022\/04\/WhatsApp-Image-2022-04-25-at-13.04.53-300x168.jpeg 300w, https:\/\/www.esplac.cat\/wp-content\/uploads\/2022\/04\/WhatsApp-Image-2022-04-25-at-13.04.53-400x225.jpeg 400w, https:\/\/www.esplac.cat\/wp-content\/uploads\/2022\/04\/WhatsApp-Image-2022-04-25-at-13.04.53-600x337.jpeg 600w, https:\/\/www.esplac.cat\/wp-content\/uploads\/2022\/04\/WhatsApp-Image-2022-04-25-at-13.04.53-768x431.jpeg 768w, https:\/\/www.esplac.cat\/wp-content\/uploads\/2022\/04\/WhatsApp-Image-2022-04-25-at-13.04.53-800x449.jpeg 800w, https:\/\/www.esplac.cat\/wp-content\/uploads\/2022\/04\/WhatsApp-Image-2022-04-25-at-13.04.53-1024x575.jpeg 1024w, https:\/\/www.esplac.cat\/wp-content\/uploads\/2022\/04\/WhatsApp-Image-2022-04-25-at-13.04.53-1200x674.jpeg 1200w, https:\/\/www.esplac.cat\/wp-content\/uploads\/2022\/04\/WhatsApp-Image-2022-04-25-at-13.04.53-1536x862.jpeg 1536w, https:\/\/www.esplac.cat\/wp-content\/uploads\/2022\/04\/WhatsApp-Image-2022-04-25-at-13.04.53.jpeg 1600w\" sizes=\"(max-width: 1600px) 100vw, 1600px\" \/><\/a>\n\t\t\t<\/dt><\/dl><dl class='gallery-item'>\n\t\t\t<dt class='gallery-icon landscape'>\n\t\t\t\t<a data-rel=\"iLightbox[postimages]\" data-title=\"WhatsApp Image 2022-04-26 at 12.09.22 (1)\" data-caption=\"\" href='https:\/\/www.esplac.cat\/wp-content\/uploads\/2022\/04\/WhatsApp-Image-2022-04-26-at-12.09.22-1.jpeg'><img decoding=\"async\" width=\"1139\" height=\"898\" src=\"https:\/\/www.esplac.cat\/wp-content\/uploads\/2022\/04\/WhatsApp-Image-2022-04-26-at-12.09.22-1.jpeg\" class=\"attachment-full size-full\" alt=\"\" srcset=\"https:\/\/www.esplac.cat\/wp-content\/uploads\/2022\/04\/WhatsApp-Image-2022-04-26-at-12.09.22-1-200x158.jpeg 200w, https:\/\/www.esplac.cat\/wp-content\/uploads\/2022\/04\/WhatsApp-Image-2022-04-26-at-12.09.22-1-300x237.jpeg 300w, https:\/\/www.esplac.cat\/wp-content\/uploads\/2022\/04\/WhatsApp-Image-2022-04-26-at-12.09.22-1-400x315.jpeg 400w, https:\/\/www.esplac.cat\/wp-content\/uploads\/2022\/04\/WhatsApp-Image-2022-04-26-at-12.09.22-1-600x473.jpeg 600w, https:\/\/www.esplac.cat\/wp-content\/uploads\/2022\/04\/WhatsApp-Image-2022-04-26-at-12.09.22-1-768x605.jpeg 768w, https:\/\/www.esplac.cat\/wp-content\/uploads\/2022\/04\/WhatsApp-Image-2022-04-26-at-12.09.22-1-800x631.jpeg 800w, https:\/\/www.esplac.cat\/wp-content\/uploads\/2022\/04\/WhatsApp-Image-2022-04-26-at-12.09.22-1-1024x807.jpeg 1024w, https:\/\/www.esplac.cat\/wp-content\/uploads\/2022\/04\/WhatsApp-Image-2022-04-26-at-12.09.22-1.jpeg 1139w\" sizes=\"(max-width: 1139px) 100vw, 1139px\" \/><\/a>\n\t\t\t<\/dt><\/dl><dl class='gallery-item'>\n\t\t\t<dt class='gallery-icon portrait'>\n\t\t\t\t<a data-rel=\"iLightbox[postimages]\" data-title=\"WhatsApp Image 2022-04-26 at 12.09.22\" data-caption=\"\" href='https:\/\/www.esplac.cat\/wp-content\/uploads\/2022\/04\/WhatsApp-Image-2022-04-26-at-12.09.22.jpeg'><img decoding=\"async\" width=\"748\" height=\"898\" src=\"https:\/\/www.esplac.cat\/wp-content\/uploads\/2022\/04\/WhatsApp-Image-2022-04-26-at-12.09.22.jpeg\" class=\"attachment-full size-full\" alt=\"\" srcset=\"https:\/\/www.esplac.cat\/wp-content\/uploads\/2022\/04\/WhatsApp-Image-2022-04-26-at-12.09.22-200x240.jpeg 200w, https:\/\/www.esplac.cat\/wp-content\/uploads\/2022\/04\/WhatsApp-Image-2022-04-26-at-12.09.22-250x300.jpeg 250w, https:\/\/www.esplac.cat\/wp-content\/uploads\/2022\/04\/WhatsApp-Image-2022-04-26-at-12.09.22-400x480.jpeg 400w, https:\/\/www.esplac.cat\/wp-content\/uploads\/2022\/04\/WhatsApp-Image-2022-04-26-at-12.09.22-600x720.jpeg 600w, https:\/\/www.esplac.cat\/wp-content\/uploads\/2022\/04\/WhatsApp-Image-2022-04-26-at-12.09.22.jpeg 748w\" sizes=\"(max-width: 748px) 100vw, 748px\" \/><\/a>\n\t\t\t<\/dt><\/dl><br style=\"clear: both\" \/><dl class='gallery-item'>\n\t\t\t<dt class='gallery-icon portrait'>\n\t\t\t\t<a data-rel=\"iLightbox[postimages]\" data-title=\"WhatsApp Image 2022-04-26 at 12.09.22 (2)\" data-caption=\"\" href='https:\/\/www.esplac.cat\/wp-content\/uploads\/2022\/04\/WhatsApp-Image-2022-04-26-at-12.09.22-2.jpeg'><img decoding=\"async\" width=\"898\" height=\"1600\" src=\"https:\/\/www.esplac.cat\/wp-content\/uploads\/2022\/04\/WhatsApp-Image-2022-04-26-at-12.09.22-2.jpeg\" class=\"attachment-full size-full\" alt=\"\" srcset=\"https:\/\/www.esplac.cat\/wp-content\/uploads\/2022\/04\/WhatsApp-Image-2022-04-26-at-12.09.22-2-168x300.jpeg 168w, https:\/\/www.esplac.cat\/wp-content\/uploads\/2022\/04\/WhatsApp-Image-2022-04-26-at-12.09.22-2-200x356.jpeg 200w, https:\/\/www.esplac.cat\/wp-content\/uploads\/2022\/04\/WhatsApp-Image-2022-04-26-at-12.09.22-2-400x713.jpeg 400w, https:\/\/www.esplac.cat\/wp-content\/uploads\/2022\/04\/WhatsApp-Image-2022-04-26-at-12.09.22-2-575x1024.jpeg 575w, https:\/\/www.esplac.cat\/wp-content\/uploads\/2022\/04\/WhatsApp-Image-2022-04-26-at-12.09.22-2-600x1069.jpeg 600w, https:\/\/www.esplac.cat\/wp-content\/uploads\/2022\/04\/WhatsApp-Image-2022-04-26-at-12.09.22-2-768x1368.jpeg 768w, https:\/\/www.esplac.cat\/wp-content\/uploads\/2022\/04\/WhatsApp-Image-2022-04-26-at-12.09.22-2-800x1425.jpeg 800w, https:\/\/www.esplac.cat\/wp-content\/uploads\/2022\/04\/WhatsApp-Image-2022-04-26-at-12.09.22-2-862x1536.jpeg 862w, https:\/\/www.esplac.cat\/wp-content\/uploads\/2022\/04\/WhatsApp-Image-2022-04-26-at-12.09.22-2.jpeg 898w\" sizes=\"(max-width: 898px) 100vw, 898px\" \/><\/a>\n\t\t\t<\/dt><\/dl>\n\t\t\t<br style='clear: both' \/>\n\t\t<\/div>\n\n","protected":false},"excerpt":{"rendered":"<p>El passat 22 d\u2019abril va tenir lloc al teatre d\u2019El [&hellip;]<\/p>\n","protected":false},"author":3,"featured_media":40204,"comment_status":"closed","ping_status":"closed","sticky":false,"template":"","format":"standard","meta":{"om_disable_all_campaigns":false,"_monsterinsights_skip_tracking":false,"_monsterinsights_sitenote_active":false,"_monsterinsights_sitenote_note":"","_monsterinsights_sitenote_category":0,"_uf_show_specific_survey":0,"_uf_disable_surveys":false,"footnotes":""},"categories":[1111],"tags":[],"class_list":["post-40153","post","type-post","status-publish","format-standard","has-post-thumbnail","hentry","category-activitats-esplac"],"yoast_head":"<!-- This site is optimized with the Yoast SEO plugin v27.5 - https:\/\/yoast.com\/product\/yoast-seo-wordpress\/ -->\n<title>Celebrem els 40 anys amb la presentaci\u00f3 del conte &quot;I tu, qu\u00e8 fas dissabte?&quot; - Esplac<\/title>\n<meta name=\"robots\" content=\"index, follow, max-snippet:-1, max-image-preview:large, max-video-preview:-1\" \/>\n<link rel=\"canonical\" href=\"https:\/\/www.esplac.cat\/en\/celebrem-40-anys-presentacio-conte-que-fas-dissabte\/\" \/>\n<meta property=\"og:locale\" content=\"en_US\" \/>\n<meta property=\"og:type\" content=\"article\" \/>\n<meta property=\"og:title\" content=\"Celebrem els 40 anys amb la presentaci\u00f3 del conte &quot;I tu, qu\u00e8 fas dissabte?&quot; - Esplac\" \/>\n<meta property=\"og:description\" content=\"El passat 22 d\u2019abril va tenir lloc al teatre d\u2019El [&hellip;]\" \/>\n<meta property=\"og:url\" content=\"https:\/\/www.esplac.cat\/en\/celebrem-40-anys-presentacio-conte-que-fas-dissabte\/\" \/>\n<meta property=\"og:site_name\" content=\"Esplac\" \/>\n<meta property=\"article:published_time\" content=\"2022-04-26T11:52:09+00:00\" \/>\n<meta property=\"article:modified_time\" content=\"2022-04-26T11:53:24+00:00\" \/>\n<meta property=\"og:image\" content=\"https:\/\/www.esplac.cat\/wp-content\/uploads\/2022\/04\/portada_conte.jpg\" \/>\n\t<meta property=\"og:image:width\" content=\"1697\" \/>\n\t<meta property=\"og:image:height\" content=\"700\" \/>\n\t<meta property=\"og:image:type\" content=\"image\/jpeg\" \/>\n<meta name=\"author\" content=\"Comunicaci\u00f3 Esplac\" \/>\n<meta name=\"twitter:card\" content=\"summary_large_image\" \/>\n<meta name=\"twitter:label1\" content=\"Written by\" \/>\n\t<meta name=\"twitter:data1\" content=\"Comunicaci\u00f3 Esplac\" \/>\n\t<meta name=\"twitter:label2\" content=\"Est. reading time\" \/>\n\t<meta name=\"twitter:data2\" content=\"3 minutes\" \/>\n<script type=\"application\/ld+json\" class=\"yoast-schema-graph\">{\"@context\":\"https:\\\/\\\/schema.org\",\"@graph\":[{\"@type\":\"Article\",\"@id\":\"https:\\\/\\\/www.esplac.cat\\\/en\\\/celebrem-40-anys-presentacio-conte-que-fas-dissabte\\\/#article\",\"isPartOf\":{\"@id\":\"https:\\\/\\\/www.esplac.cat\\\/en\\\/celebrem-40-anys-presentacio-conte-que-fas-dissabte\\\/\"},\"author\":{\"name\":\"Comunicaci\u00f3 Esplac\",\"@id\":\"https:\\\/\\\/www.esplac.cat\\\/#\\\/schema\\\/person\\\/908383cf240be18b68f8855d0583faca\"},\"headline\":\"Celebrem els 40 anys amb la presentaci\u00f3 del conte &#8220;I tu, qu\u00e8 fas dissabte?&#8221;\",\"datePublished\":\"2022-04-26T11:52:09+00:00\",\"dateModified\":\"2022-04-26T11:53:24+00:00\",\"mainEntityOfPage\":{\"@id\":\"https:\\\/\\\/www.esplac.cat\\\/en\\\/celebrem-40-anys-presentacio-conte-que-fas-dissabte\\\/\"},\"wordCount\":643,\"publisher\":{\"@id\":\"https:\\\/\\\/www.esplac.cat\\\/#organization\"},\"image\":{\"@id\":\"https:\\\/\\\/www.esplac.cat\\\/en\\\/celebrem-40-anys-presentacio-conte-que-fas-dissabte\\\/#primaryimage\"},\"thumbnailUrl\":\"https:\\\/\\\/www.esplac.cat\\\/wp-content\\\/uploads\\\/2022\\\/04\\\/portada_conte.jpg\",\"articleSection\":[\"Activitats esplac\"],\"inLanguage\":\"en-US\"},{\"@type\":\"WebPage\",\"@id\":\"https:\\\/\\\/www.esplac.cat\\\/en\\\/celebrem-40-anys-presentacio-conte-que-fas-dissabte\\\/\",\"url\":\"https:\\\/\\\/www.esplac.cat\\\/en\\\/celebrem-40-anys-presentacio-conte-que-fas-dissabte\\\/\",\"name\":\"Celebrem els 40 anys amb la presentaci\u00f3 del conte \\\"I tu, qu\u00e8 fas dissabte?\\\" - Esplac\",\"isPartOf\":{\"@id\":\"https:\\\/\\\/www.esplac.cat\\\/#website\"},\"primaryImageOfPage\":{\"@id\":\"https:\\\/\\\/www.esplac.cat\\\/en\\\/celebrem-40-anys-presentacio-conte-que-fas-dissabte\\\/#primaryimage\"},\"image\":{\"@id\":\"https:\\\/\\\/www.esplac.cat\\\/en\\\/celebrem-40-anys-presentacio-conte-que-fas-dissabte\\\/#primaryimage\"},\"thumbnailUrl\":\"https:\\\/\\\/www.esplac.cat\\\/wp-content\\\/uploads\\\/2022\\\/04\\\/portada_conte.jpg\",\"datePublished\":\"2022-04-26T11:52:09+00:00\",\"dateModified\":\"2022-04-26T11:53:24+00:00\",\"breadcrumb\":{\"@id\":\"https:\\\/\\\/www.esplac.cat\\\/en\\\/celebrem-40-anys-presentacio-conte-que-fas-dissabte\\\/#breadcrumb\"},\"inLanguage\":\"en-US\",\"potentialAction\":[{\"@type\":\"ReadAction\",\"target\":[\"https:\\\/\\\/www.esplac.cat\\\/en\\\/celebrem-40-anys-presentacio-conte-que-fas-dissabte\\\/\"]}]},{\"@type\":\"ImageObject\",\"inLanguage\":\"en-US\",\"@id\":\"https:\\\/\\\/www.esplac.cat\\\/en\\\/celebrem-40-anys-presentacio-conte-que-fas-dissabte\\\/#primaryimage\",\"url\":\"https:\\\/\\\/www.esplac.cat\\\/wp-content\\\/uploads\\\/2022\\\/04\\\/portada_conte.jpg\",\"contentUrl\":\"https:\\\/\\\/www.esplac.cat\\\/wp-content\\\/uploads\\\/2022\\\/04\\\/portada_conte.jpg\",\"width\":1697,\"height\":700},{\"@type\":\"BreadcrumbList\",\"@id\":\"https:\\\/\\\/www.esplac.cat\\\/en\\\/celebrem-40-anys-presentacio-conte-que-fas-dissabte\\\/#breadcrumb\",\"itemListElement\":[{\"@type\":\"ListItem\",\"position\":1,\"name\":\"Inici\",\"item\":\"https:\\\/\\\/www.esplac.cat\\\/en\\\/\"},{\"@type\":\"ListItem\",\"position\":2,\"name\":\"Celebrem els 40 anys amb la presentaci\u00f3 del conte &#8220;I tu, qu\u00e8 fas dissabte?&#8221;\"}]},{\"@type\":\"WebSite\",\"@id\":\"https:\\\/\\\/www.esplac.cat\\\/#website\",\"url\":\"https:\\\/\\\/www.esplac.cat\\\/\",\"name\":\"Esplac\",\"description\":\"Esplais Catalans\",\"publisher\":{\"@id\":\"https:\\\/\\\/www.esplac.cat\\\/#organization\"},\"potentialAction\":[{\"@type\":\"SearchAction\",\"target\":{\"@type\":\"EntryPoint\",\"urlTemplate\":\"https:\\\/\\\/www.esplac.cat\\\/?s={search_term_string}\"},\"query-input\":{\"@type\":\"PropertyValueSpecification\",\"valueRequired\":true,\"valueName\":\"search_term_string\"}}],\"inLanguage\":\"en-US\"},{\"@type\":\"Organization\",\"@id\":\"https:\\\/\\\/www.esplac.cat\\\/#organization\",\"name\":\"Esplac\",\"url\":\"https:\\\/\\\/www.esplac.cat\\\/\",\"logo\":{\"@type\":\"ImageObject\",\"inLanguage\":\"en-US\",\"@id\":\"https:\\\/\\\/www.esplac.cat\\\/#\\\/schema\\\/logo\\\/image\\\/\",\"url\":\"https:\\\/\\\/www.esplac.cat\\\/wp-content\\\/uploads\\\/2019\\\/08\\\/logox2.png\",\"contentUrl\":\"https:\\\/\\\/www.esplac.cat\\\/wp-content\\\/uploads\\\/2019\\\/08\\\/logox2.png\",\"width\":600,\"height\":295,\"caption\":\"Esplac\"},\"image\":{\"@id\":\"https:\\\/\\\/www.esplac.cat\\\/#\\\/schema\\\/logo\\\/image\\\/\"}},{\"@type\":\"Person\",\"@id\":\"https:\\\/\\\/www.esplac.cat\\\/#\\\/schema\\\/person\\\/908383cf240be18b68f8855d0583faca\",\"name\":\"Comunicaci\u00f3 Esplac\",\"image\":{\"@type\":\"ImageObject\",\"inLanguage\":\"en-US\",\"@id\":\"https:\\\/\\\/secure.gravatar.com\\\/avatar\\\/7a4cf8feb412a76ea4a740ca02d95b06b2907b5a6c648c2dd0a1082a093c3141?s=96&d=mm&r=g\",\"url\":\"https:\\\/\\\/secure.gravatar.com\\\/avatar\\\/7a4cf8feb412a76ea4a740ca02d95b06b2907b5a6c648c2dd0a1082a093c3141?s=96&d=mm&r=g\",\"contentUrl\":\"https:\\\/\\\/secure.gravatar.com\\\/avatar\\\/7a4cf8feb412a76ea4a740ca02d95b06b2907b5a6c648c2dd0a1082a093c3141?s=96&d=mm&r=g\",\"caption\":\"Comunicaci\u00f3 Esplac\"}}]}<\/script>\n<!-- \/ Yoast SEO plugin. -->","yoast_head_json":{"title":"Celebrem els 40 anys amb la presentaci\u00f3 del conte \"I tu, qu\u00e8 fas dissabte?\" - Esplac","robots":{"index":"index","follow":"follow","max-snippet":"max-snippet:-1","max-image-preview":"max-image-preview:large","max-video-preview":"max-video-preview:-1"},"canonical":"https:\/\/www.esplac.cat\/en\/celebrem-40-anys-presentacio-conte-que-fas-dissabte\/","og_locale":"en_US","og_type":"article","og_title":"Celebrem els 40 anys amb la presentaci\u00f3 del conte \"I tu, qu\u00e8 fas dissabte?\" - Esplac","og_description":"El passat 22 d\u2019abril va tenir lloc al teatre d\u2019El [&hellip;]","og_url":"https:\/\/www.esplac.cat\/en\/celebrem-40-anys-presentacio-conte-que-fas-dissabte\/","og_site_name":"Esplac","article_published_time":"2022-04-26T11:52:09+00:00","article_modified_time":"2022-04-26T11:53:24+00:00","og_image":[{"width":1697,"height":700,"url":"https:\/\/www.esplac.cat\/wp-content\/uploads\/2022\/04\/portada_conte.jpg","type":"image\/jpeg"}],"author":"Comunicaci\u00f3 Esplac","twitter_card":"summary_large_image","twitter_misc":{"Written by":"Comunicaci\u00f3 Esplac","Est. reading time":"3 minutes"},"schema":{"@context":"https:\/\/schema.org","@graph":[{"@type":"Article","@id":"https:\/\/www.esplac.cat\/en\/celebrem-40-anys-presentacio-conte-que-fas-dissabte\/#article","isPartOf":{"@id":"https:\/\/www.esplac.cat\/en\/celebrem-40-anys-presentacio-conte-que-fas-dissabte\/"},"author":{"name":"Comunicaci\u00f3 Esplac","@id":"https:\/\/www.esplac.cat\/#\/schema\/person\/908383cf240be18b68f8855d0583faca"},"headline":"Celebrem els 40 anys amb la presentaci\u00f3 del conte &#8220;I tu, qu\u00e8 fas dissabte?&#8221;","datePublished":"2022-04-26T11:52:09+00:00","dateModified":"2022-04-26T11:53:24+00:00","mainEntityOfPage":{"@id":"https:\/\/www.esplac.cat\/en\/celebrem-40-anys-presentacio-conte-que-fas-dissabte\/"},"wordCount":643,"publisher":{"@id":"https:\/\/www.esplac.cat\/#organization"},"image":{"@id":"https:\/\/www.esplac.cat\/en\/celebrem-40-anys-presentacio-conte-que-fas-dissabte\/#primaryimage"},"thumbnailUrl":"https:\/\/www.esplac.cat\/wp-content\/uploads\/2022\/04\/portada_conte.jpg","articleSection":["Activitats esplac"],"inLanguage":"en-US"},{"@type":"WebPage","@id":"https:\/\/www.esplac.cat\/en\/celebrem-40-anys-presentacio-conte-que-fas-dissabte\/","url":"https:\/\/www.esplac.cat\/en\/celebrem-40-anys-presentacio-conte-que-fas-dissabte\/","name":"Celebrem els 40 anys amb la presentaci\u00f3 del conte \"I tu, qu\u00e8 fas dissabte?\" - Esplac","isPartOf":{"@id":"https:\/\/www.esplac.cat\/#website"},"primaryImageOfPage":{"@id":"https:\/\/www.esplac.cat\/en\/celebrem-40-anys-presentacio-conte-que-fas-dissabte\/#primaryimage"},"image":{"@id":"https:\/\/www.esplac.cat\/en\/celebrem-40-anys-presentacio-conte-que-fas-dissabte\/#primaryimage"},"thumbnailUrl":"https:\/\/www.esplac.cat\/wp-content\/uploads\/2022\/04\/portada_conte.jpg","datePublished":"2022-04-26T11:52:09+00:00","dateModified":"2022-04-26T11:53:24+00:00","breadcrumb":{"@id":"https:\/\/www.esplac.cat\/en\/celebrem-40-anys-presentacio-conte-que-fas-dissabte\/#breadcrumb"},"inLanguage":"en-US","potentialAction":[{"@type":"ReadAction","target":["https:\/\/www.esplac.cat\/en\/celebrem-40-anys-presentacio-conte-que-fas-dissabte\/"]}]},{"@type":"ImageObject","inLanguage":"en-US","@id":"https:\/\/www.esplac.cat\/en\/celebrem-40-anys-presentacio-conte-que-fas-dissabte\/#primaryimage","url":"https:\/\/www.esplac.cat\/wp-content\/uploads\/2022\/04\/portada_conte.jpg","contentUrl":"https:\/\/www.esplac.cat\/wp-content\/uploads\/2022\/04\/portada_conte.jpg","width":1697,"height":700},{"@type":"BreadcrumbList","@id":"https:\/\/www.esplac.cat\/en\/celebrem-40-anys-presentacio-conte-que-fas-dissabte\/#breadcrumb","itemListElement":[{"@type":"ListItem","position":1,"name":"Inici","item":"https:\/\/www.esplac.cat\/en\/"},{"@type":"ListItem","position":2,"name":"Celebrem els 40 anys amb la presentaci\u00f3 del conte &#8220;I tu, qu\u00e8 fas dissabte?&#8221;"}]},{"@type":"WebSite","@id":"https:\/\/www.esplac.cat\/#website","url":"https:\/\/www.esplac.cat\/","name":"Esplac","description":"Esplais Catalans","publisher":{"@id":"https:\/\/www.esplac.cat\/#organization"},"potentialAction":[{"@type":"SearchAction","target":{"@type":"EntryPoint","urlTemplate":"https:\/\/www.esplac.cat\/?s={search_term_string}"},"query-input":{"@type":"PropertyValueSpecification","valueRequired":true,"valueName":"search_term_string"}}],"inLanguage":"en-US"},{"@type":"Organization","@id":"https:\/\/www.esplac.cat\/#organization","name":"Esplac","url":"https:\/\/www.esplac.cat\/","logo":{"@type":"ImageObject","inLanguage":"en-US","@id":"https:\/\/www.esplac.cat\/#\/schema\/logo\/image\/","url":"https:\/\/www.esplac.cat\/wp-content\/uploads\/2019\/08\/logox2.png","contentUrl":"https:\/\/www.esplac.cat\/wp-content\/uploads\/2019\/08\/logox2.png","width":600,"height":295,"caption":"Esplac"},"image":{"@id":"https:\/\/www.esplac.cat\/#\/schema\/logo\/image\/"}},{"@type":"Person","@id":"https:\/\/www.esplac.cat\/#\/schema\/person\/908383cf240be18b68f8855d0583faca","name":"Comunicaci\u00f3 Esplac","image":{"@type":"ImageObject","inLanguage":"en-US","@id":"https:\/\/secure.gravatar.com\/avatar\/7a4cf8feb412a76ea4a740ca02d95b06b2907b5a6c648c2dd0a1082a093c3141?s=96&d=mm&r=g","url":"https:\/\/secure.gravatar.com\/avatar\/7a4cf8feb412a76ea4a740ca02d95b06b2907b5a6c648c2dd0a1082a093c3141?s=96&d=mm&r=g","contentUrl":"https:\/\/secure.gravatar.com\/avatar\/7a4cf8feb412a76ea4a740ca02d95b06b2907b5a6c648c2dd0a1082a093c3141?s=96&d=mm&r=g","caption":"Comunicaci\u00f3 Esplac"}}]}},"_links":{"self":[{"href":"https:\/\/www.esplac.cat\/en\/wp-json\/wp\/v2\/posts\/40153","targetHints":{"allow":["GET"]}}],"collection":[{"href":"https:\/\/www.esplac.cat\/en\/wp-json\/wp\/v2\/posts"}],"about":[{"href":"https:\/\/www.esplac.cat\/en\/wp-json\/wp\/v2\/types\/post"}],"author":[{"embeddable":true,"href":"https:\/\/www.esplac.cat\/en\/wp-json\/wp\/v2\/users\/3"}],"replies":[{"embeddable":true,"href":"https:\/\/www.esplac.cat\/en\/wp-json\/wp\/v2\/comments?post=40153"}],"version-history":[{"count":0,"href":"https:\/\/www.esplac.cat\/en\/wp-json\/wp\/v2\/posts\/40153\/revisions"}],"wp:featuredmedia":[{"embeddable":true,"href":"https:\/\/www.esplac.cat\/en\/wp-json\/wp\/v2\/media\/40204"}],"wp:attachment":[{"href":"https:\/\/www.esplac.cat\/en\/wp-json\/wp\/v2\/media?parent=40153"}],"wp:term":[{"taxonomy":"category","embeddable":true,"href":"https:\/\/www.esplac.cat\/en\/wp-json\/wp\/v2\/categories?post=40153"},{"taxonomy":"post_tag","embeddable":true,"href":"https:\/\/www.esplac.cat\/en\/wp-json\/wp\/v2\/tags?post=40153"}],"curies":[{"name":"wp","href":"https:\/\/api.w.org\/{rel}","templated":true}]}}