{"id":40267,"date":"2022-04-01T15:11:34","date_gmt":"2022-04-01T13:11:34","guid":{"rendered":"https:\/\/www.esplac.cat\/?p=40267"},"modified":"2022-04-27T15:43:34","modified_gmt":"2022-04-27T13:43:34","slug":"el-sector-maresme-recupera-les-seves-trobades-dos-anys-despres","status":"publish","type":"post","link":"https:\/\/www.esplac.cat\/en\/el-sector-maresme-recupera-les-seves-trobades-dos-anys-despres\/","title":{"rendered":"El Sector Maresme recupera les seves trobades dos anys despr\u00e9s"},"content":{"rendered":"<h6><strong>El passat mes de mar\u00e7 va ser un mes ple d&#8217;activitats al sector Maresme. Despr\u00e9s de dos anys sense trobades de sector a causa de la pand\u00e8mia, s&#8217;ha pogut realitzar la Trobada de Joves i la d&#8217;Infants.<\/strong><\/h6>\n<p>L&#8217;Alberg Xanascat de Cabrera de Mar es va convertir en el centre neur\u00e0lgic del Sector Maresme en acollir la <strong>Decap (Trobada de Joves)<\/strong> i la <strong>Trobada d&#8217;Infants<\/strong>, respectivament, el cap de setmana del 19-20 i el 26-27 de mar\u00e7. Des de l&#8217;inici d&#8217;any, les monitores i monitors dels esplais participants van estar preparant les activitats, centre d&#8217;inter\u00e8s i tot all\u00f2 imprescindible per dur a terme les trobades.<\/p>\n<p>Aix\u00ed doncs, <strong>m\u00e9s de 170 joves i gaireb\u00e9 200 infants<\/strong> <strong>de 6 esplais diferents<\/strong>, han pogut gaudir d&#8217;uns dies inoblidables de coneixen\u00e7a i cohesi\u00f3 dos anys m\u00e9s tard de l&#8217;inici de la pand\u00e8mia.<\/p>\n<p><span style=\"color: #ff9900;\"><strong>TROBADA D&#8217;INFANTS 2022<\/strong><\/span><\/p>\n<p>El cap de setmana del 26 i 27 de mar\u00e7 va tenir lloc la Trobada d\u2019Infants, en la que els grups de m\u00e9s petits dels esplais del sector es van ajuntar per compartir un cap de setmana ple de jocs i diversi\u00f3, en el que es va fomentar la cohesi\u00f3 entre els diversos esplais.<\/p>\n<p>Aquesta trobada es va celebrar a l\u2019Alberg de <strong>Cabrera de Mar<\/strong> de Xanascat. Des de dissabte al mat\u00ed fins diumenge a la tarda els infants van dur a terme activitats preparades i dinamitzades per les monitores dels esplais.<\/p>\n<p>Aquest cap de setmana va ser una oportunitat pels infants per cohesionar-se i compartir moments de joc despr\u00e9s de molt temps sense poder gaudir d\u2019activitats multitudin\u00e0ries a causa de les restriccions de la Covid-19.<\/p>\n\n\t\t<style type=\"text\/css\">\n\t\t\t#gallery-1 {\n\t\t\t\tmargin: auto;\n\t\t\t}\n\t\t\t#gallery-1 .gallery-item {\n\t\t\t\tfloat: left;\n\t\t\t\tmargin-top: 10px;\n\t\t\t\ttext-align: center;\n\t\t\t\twidth: 33%;\n\t\t\t}\n\t\t\t#gallery-1 img {\n\t\t\t\tborder: 2px solid #cfcfcf;\n\t\t\t}\n\t\t\t#gallery-1 .gallery-caption {\n\t\t\t\tmargin-left: 0;\n\t\t\t}\n\t\t\t\/* see gallery_shortcode() in wp-includes\/media.php *\/\n\t\t<\/style>\n\t\t<div id='gallery-1' class='gallery galleryid-40267 gallery-columns-3 gallery-size-large'><dl class='gallery-item'>\n\t\t\t<dt class='gallery-icon landscape'>\n\t\t\t\t<a data-rel=\"iLightbox[postimages]\" data-title=\"IMG-20220328-WA0015\" data-caption=\"\" href='https:\/\/www.esplac.cat\/wp-content\/uploads\/2022\/04\/IMG-20220328-WA0015.jpg'><img decoding=\"async\" width=\"1024\" height=\"768\" src=\"https:\/\/www.esplac.cat\/wp-content\/uploads\/2022\/04\/IMG-20220328-WA0015-1024x768.jpg\" class=\"attachment-large size-large\" alt=\"\" srcset=\"https:\/\/www.esplac.cat\/wp-content\/uploads\/2022\/04\/IMG-20220328-WA0015-200x150.jpg 200w, https:\/\/www.esplac.cat\/wp-content\/uploads\/2022\/04\/IMG-20220328-WA0015-300x225.jpg 300w, https:\/\/www.esplac.cat\/wp-content\/uploads\/2022\/04\/IMG-20220328-WA0015-400x300.jpg 400w, https:\/\/www.esplac.cat\/wp-content\/uploads\/2022\/04\/IMG-20220328-WA0015-600x450.jpg 600w, https:\/\/www.esplac.cat\/wp-content\/uploads\/2022\/04\/IMG-20220328-WA0015-768x576.jpg 768w, https:\/\/www.esplac.cat\/wp-content\/uploads\/2022\/04\/IMG-20220328-WA0015-800x600.jpg 800w, https:\/\/www.esplac.cat\/wp-content\/uploads\/2022\/04\/IMG-20220328-WA0015-1024x768.jpg 1024w, https:\/\/www.esplac.cat\/wp-content\/uploads\/2022\/04\/IMG-20220328-WA0015-1200x900.jpg 1200w, https:\/\/www.esplac.cat\/wp-content\/uploads\/2022\/04\/IMG-20220328-WA0015-1536x1152.jpg 1536w, https:\/\/www.esplac.cat\/wp-content\/uploads\/2022\/04\/IMG-20220328-WA0015.jpg 1600w\" sizes=\"(max-width: 1024px) 100vw, 1024px\" \/><\/a>\n\t\t\t<\/dt><\/dl><dl class='gallery-item'>\n\t\t\t<dt class='gallery-icon landscape'>\n\t\t\t\t<a data-rel=\"iLightbox[postimages]\" data-title=\"IMG-20220328-WA0022\" data-caption=\"\" href='https:\/\/www.esplac.cat\/wp-content\/uploads\/2022\/04\/IMG-20220328-WA0022.jpg'><img decoding=\"async\" width=\"1024\" height=\"768\" src=\"https:\/\/www.esplac.cat\/wp-content\/uploads\/2022\/04\/IMG-20220328-WA0022-1024x768.jpg\" class=\"attachment-large size-large\" alt=\"\" srcset=\"https:\/\/www.esplac.cat\/wp-content\/uploads\/2022\/04\/IMG-20220328-WA0022-200x150.jpg 200w, https:\/\/www.esplac.cat\/wp-content\/uploads\/2022\/04\/IMG-20220328-WA0022-300x225.jpg 300w, https:\/\/www.esplac.cat\/wp-content\/uploads\/2022\/04\/IMG-20220328-WA0022-400x300.jpg 400w, https:\/\/www.esplac.cat\/wp-content\/uploads\/2022\/04\/IMG-20220328-WA0022-600x450.jpg 600w, https:\/\/www.esplac.cat\/wp-content\/uploads\/2022\/04\/IMG-20220328-WA0022-768x576.jpg 768w, https:\/\/www.esplac.cat\/wp-content\/uploads\/2022\/04\/IMG-20220328-WA0022-800x600.jpg 800w, https:\/\/www.esplac.cat\/wp-content\/uploads\/2022\/04\/IMG-20220328-WA0022-1024x768.jpg 1024w, https:\/\/www.esplac.cat\/wp-content\/uploads\/2022\/04\/IMG-20220328-WA0022-1200x900.jpg 1200w, https:\/\/www.esplac.cat\/wp-content\/uploads\/2022\/04\/IMG-20220328-WA0022-1536x1152.jpg 1536w, https:\/\/www.esplac.cat\/wp-content\/uploads\/2022\/04\/IMG-20220328-WA0022.jpg 1600w\" sizes=\"(max-width: 1024px) 100vw, 1024px\" \/><\/a>\n\t\t\t<\/dt><\/dl><dl class='gallery-item'>\n\t\t\t<dt class='gallery-icon landscape'>\n\t\t\t\t<a data-rel=\"iLightbox[postimages]\" data-title=\"IMG-20220328-WA0014\" data-caption=\"\" href='https:\/\/www.esplac.cat\/wp-content\/uploads\/2022\/04\/IMG-20220328-WA0014.jpg'><img decoding=\"async\" width=\"1024\" height=\"768\" src=\"https:\/\/www.esplac.cat\/wp-content\/uploads\/2022\/04\/IMG-20220328-WA0014-1024x768.jpg\" class=\"attachment-large size-large\" alt=\"\" srcset=\"https:\/\/www.esplac.cat\/wp-content\/uploads\/2022\/04\/IMG-20220328-WA0014-200x150.jpg 200w, https:\/\/www.esplac.cat\/wp-content\/uploads\/2022\/04\/IMG-20220328-WA0014-300x225.jpg 300w, https:\/\/www.esplac.cat\/wp-content\/uploads\/2022\/04\/IMG-20220328-WA0014-400x300.jpg 400w, https:\/\/www.esplac.cat\/wp-content\/uploads\/2022\/04\/IMG-20220328-WA0014-600x450.jpg 600w, https:\/\/www.esplac.cat\/wp-content\/uploads\/2022\/04\/IMG-20220328-WA0014-768x576.jpg 768w, https:\/\/www.esplac.cat\/wp-content\/uploads\/2022\/04\/IMG-20220328-WA0014-800x600.jpg 800w, https:\/\/www.esplac.cat\/wp-content\/uploads\/2022\/04\/IMG-20220328-WA0014-1024x768.jpg 1024w, https:\/\/www.esplac.cat\/wp-content\/uploads\/2022\/04\/IMG-20220328-WA0014-1200x900.jpg 1200w, https:\/\/www.esplac.cat\/wp-content\/uploads\/2022\/04\/IMG-20220328-WA0014-1536x1152.jpg 1536w, https:\/\/www.esplac.cat\/wp-content\/uploads\/2022\/04\/IMG-20220328-WA0014.jpg 1600w\" sizes=\"(max-width: 1024px) 100vw, 1024px\" \/><\/a>\n\t\t\t<\/dt><\/dl><br style=\"clear: both\" \/>\n\t\t<\/div>\n\n","protected":false},"excerpt":{"rendered":"<p>El passat mes de mar\u00e7 va ser un mes ple [&hellip;]<\/p>\n","protected":false},"author":3,"featured_media":40269,"comment_status":"closed","ping_status":"closed","sticky":false,"template":"","format":"standard","meta":{"om_disable_all_campaigns":false,"_monsterinsights_skip_tracking":false,"_monsterinsights_sitenote_active":false,"_monsterinsights_sitenote_note":"","_monsterinsights_sitenote_category":0,"_uf_show_specific_survey":0,"_uf_disable_surveys":false,"footnotes":""},"categories":[1113],"tags":[],"class_list":["post-40267","post","type-post","status-publish","format-standard","has-post-thumbnail","hentry","category-sector-maresme"],"yoast_head":"<!-- This site is optimized with the Yoast SEO plugin v27.5 - https:\/\/yoast.com\/product\/yoast-seo-wordpress\/ -->\n<title>El Sector Maresme recupera les seves trobades dos anys despr\u00e9s - Esplac<\/title>\n<meta name=\"robots\" content=\"index, follow, max-snippet:-1, max-image-preview:large, max-video-preview:-1\" \/>\n<link rel=\"canonical\" href=\"https:\/\/www.esplac.cat\/el-sector-maresme-recupera-les-seves-trobades-dos-anys-despres\/\" \/>\n<meta property=\"og:locale\" content=\"en_US\" \/>\n<meta property=\"og:type\" content=\"article\" \/>\n<meta property=\"og:title\" content=\"El Sector Maresme recupera les seves trobades dos anys despr\u00e9s - Esplac\" \/>\n<meta property=\"og:description\" content=\"El passat mes de mar\u00e7 va ser un mes ple [&hellip;]\" \/>\n<meta property=\"og:url\" content=\"https:\/\/www.esplac.cat\/el-sector-maresme-recupera-les-seves-trobades-dos-anys-despres\/\" \/>\n<meta property=\"og:site_name\" content=\"Esplac\" \/>\n<meta property=\"article:published_time\" content=\"2022-04-01T13:11:34+00:00\" \/>\n<meta property=\"article:modified_time\" content=\"2022-04-27T13:43:34+00:00\" \/>\n<meta property=\"og:image\" content=\"https:\/\/www.esplac.cat\/wp-content\/uploads\/2022\/04\/trobada_maresme_03-22.jpg\" \/>\n\t<meta property=\"og:image:width\" content=\"1694\" \/>\n\t<meta property=\"og:image:height\" content=\"700\" \/>\n\t<meta property=\"og:image:type\" content=\"image\/jpeg\" \/>\n<meta name=\"author\" content=\"Comunicaci\u00f3 Esplac\" \/>\n<meta name=\"twitter:card\" content=\"summary_large_image\" \/>\n<meta name=\"twitter:label1\" content=\"Written by\" \/>\n\t<meta name=\"twitter:data1\" content=\"Comunicaci\u00f3 Esplac\" \/>\n\t<meta name=\"twitter:label2\" content=\"Est. reading time\" \/>\n\t<meta name=\"twitter:data2\" content=\"1 minute\" \/>\n<script type=\"application\/ld+json\" class=\"yoast-schema-graph\">{\"@context\":\"https:\\\/\\\/schema.org\",\"@graph\":[{\"@type\":\"Article\",\"@id\":\"https:\\\/\\\/www.esplac.cat\\\/el-sector-maresme-recupera-les-seves-trobades-dos-anys-despres\\\/#article\",\"isPartOf\":{\"@id\":\"https:\\\/\\\/www.esplac.cat\\\/el-sector-maresme-recupera-les-seves-trobades-dos-anys-despres\\\/\"},\"author\":{\"name\":\"Comunicaci\u00f3 Esplac\",\"@id\":\"https:\\\/\\\/www.esplac.cat\\\/#\\\/schema\\\/person\\\/908383cf240be18b68f8855d0583faca\"},\"headline\":\"El Sector Maresme recupera les seves trobades dos anys despr\u00e9s\",\"datePublished\":\"2022-04-01T13:11:34+00:00\",\"dateModified\":\"2022-04-27T13:43:34+00:00\",\"mainEntityOfPage\":{\"@id\":\"https:\\\/\\\/www.esplac.cat\\\/el-sector-maresme-recupera-les-seves-trobades-dos-anys-despres\\\/\"},\"wordCount\":302,\"publisher\":{\"@id\":\"https:\\\/\\\/www.esplac.cat\\\/#organization\"},\"image\":{\"@id\":\"https:\\\/\\\/www.esplac.cat\\\/el-sector-maresme-recupera-les-seves-trobades-dos-anys-despres\\\/#primaryimage\"},\"thumbnailUrl\":\"https:\\\/\\\/www.esplac.cat\\\/wp-content\\\/uploads\\\/2022\\\/04\\\/trobada_maresme_03-22.jpg\",\"articleSection\":[\"Sector Maresme\"],\"inLanguage\":\"en-US\"},{\"@type\":\"WebPage\",\"@id\":\"https:\\\/\\\/www.esplac.cat\\\/el-sector-maresme-recupera-les-seves-trobades-dos-anys-despres\\\/\",\"url\":\"https:\\\/\\\/www.esplac.cat\\\/el-sector-maresme-recupera-les-seves-trobades-dos-anys-despres\\\/\",\"name\":\"El Sector Maresme recupera les seves trobades dos anys despr\u00e9s - Esplac\",\"isPartOf\":{\"@id\":\"https:\\\/\\\/www.esplac.cat\\\/#website\"},\"primaryImageOfPage\":{\"@id\":\"https:\\\/\\\/www.esplac.cat\\\/el-sector-maresme-recupera-les-seves-trobades-dos-anys-despres\\\/#primaryimage\"},\"image\":{\"@id\":\"https:\\\/\\\/www.esplac.cat\\\/el-sector-maresme-recupera-les-seves-trobades-dos-anys-despres\\\/#primaryimage\"},\"thumbnailUrl\":\"https:\\\/\\\/www.esplac.cat\\\/wp-content\\\/uploads\\\/2022\\\/04\\\/trobada_maresme_03-22.jpg\",\"datePublished\":\"2022-04-01T13:11:34+00:00\",\"dateModified\":\"2022-04-27T13:43:34+00:00\",\"breadcrumb\":{\"@id\":\"https:\\\/\\\/www.esplac.cat\\\/el-sector-maresme-recupera-les-seves-trobades-dos-anys-despres\\\/#breadcrumb\"},\"inLanguage\":\"en-US\",\"potentialAction\":[{\"@type\":\"ReadAction\",\"target\":[\"https:\\\/\\\/www.esplac.cat\\\/el-sector-maresme-recupera-les-seves-trobades-dos-anys-despres\\\/\"]}]},{\"@type\":\"ImageObject\",\"inLanguage\":\"en-US\",\"@id\":\"https:\\\/\\\/www.esplac.cat\\\/el-sector-maresme-recupera-les-seves-trobades-dos-anys-despres\\\/#primaryimage\",\"url\":\"https:\\\/\\\/www.esplac.cat\\\/wp-content\\\/uploads\\\/2022\\\/04\\\/trobada_maresme_03-22.jpg\",\"contentUrl\":\"https:\\\/\\\/www.esplac.cat\\\/wp-content\\\/uploads\\\/2022\\\/04\\\/trobada_maresme_03-22.jpg\",\"width\":1694,\"height\":700},{\"@type\":\"BreadcrumbList\",\"@id\":\"https:\\\/\\\/www.esplac.cat\\\/el-sector-maresme-recupera-les-seves-trobades-dos-anys-despres\\\/#breadcrumb\",\"itemListElement\":[{\"@type\":\"ListItem\",\"position\":1,\"name\":\"Inici\",\"item\":\"https:\\\/\\\/www.esplac.cat\\\/en\\\/\"},{\"@type\":\"ListItem\",\"position\":2,\"name\":\"El Sector Maresme recupera les seves trobades dos anys despr\u00e9s\"}]},{\"@type\":\"WebSite\",\"@id\":\"https:\\\/\\\/www.esplac.cat\\\/#website\",\"url\":\"https:\\\/\\\/www.esplac.cat\\\/\",\"name\":\"Esplac\",\"description\":\"Esplais Catalans\",\"publisher\":{\"@id\":\"https:\\\/\\\/www.esplac.cat\\\/#organization\"},\"potentialAction\":[{\"@type\":\"SearchAction\",\"target\":{\"@type\":\"EntryPoint\",\"urlTemplate\":\"https:\\\/\\\/www.esplac.cat\\\/?s={search_term_string}\"},\"query-input\":{\"@type\":\"PropertyValueSpecification\",\"valueRequired\":true,\"valueName\":\"search_term_string\"}}],\"inLanguage\":\"en-US\"},{\"@type\":\"Organization\",\"@id\":\"https:\\\/\\\/www.esplac.cat\\\/#organization\",\"name\":\"Esplac\",\"url\":\"https:\\\/\\\/www.esplac.cat\\\/\",\"logo\":{\"@type\":\"ImageObject\",\"inLanguage\":\"en-US\",\"@id\":\"https:\\\/\\\/www.esplac.cat\\\/#\\\/schema\\\/logo\\\/image\\\/\",\"url\":\"https:\\\/\\\/www.esplac.cat\\\/wp-content\\\/uploads\\\/2019\\\/08\\\/logox2.png\",\"contentUrl\":\"https:\\\/\\\/www.esplac.cat\\\/wp-content\\\/uploads\\\/2019\\\/08\\\/logox2.png\",\"width\":600,\"height\":295,\"caption\":\"Esplac\"},\"image\":{\"@id\":\"https:\\\/\\\/www.esplac.cat\\\/#\\\/schema\\\/logo\\\/image\\\/\"}},{\"@type\":\"Person\",\"@id\":\"https:\\\/\\\/www.esplac.cat\\\/#\\\/schema\\\/person\\\/908383cf240be18b68f8855d0583faca\",\"name\":\"Comunicaci\u00f3 Esplac\",\"image\":{\"@type\":\"ImageObject\",\"inLanguage\":\"en-US\",\"@id\":\"https:\\\/\\\/secure.gravatar.com\\\/avatar\\\/7a4cf8feb412a76ea4a740ca02d95b06b2907b5a6c648c2dd0a1082a093c3141?s=96&d=mm&r=g\",\"url\":\"https:\\\/\\\/secure.gravatar.com\\\/avatar\\\/7a4cf8feb412a76ea4a740ca02d95b06b2907b5a6c648c2dd0a1082a093c3141?s=96&d=mm&r=g\",\"contentUrl\":\"https:\\\/\\\/secure.gravatar.com\\\/avatar\\\/7a4cf8feb412a76ea4a740ca02d95b06b2907b5a6c648c2dd0a1082a093c3141?s=96&d=mm&r=g\",\"caption\":\"Comunicaci\u00f3 Esplac\"}}]}<\/script>\n<!-- \/ Yoast SEO plugin. -->","yoast_head_json":{"title":"El Sector Maresme recupera les seves trobades dos anys despr\u00e9s - Esplac","robots":{"index":"index","follow":"follow","max-snippet":"max-snippet:-1","max-image-preview":"max-image-preview:large","max-video-preview":"max-video-preview:-1"},"canonical":"https:\/\/www.esplac.cat\/el-sector-maresme-recupera-les-seves-trobades-dos-anys-despres\/","og_locale":"en_US","og_type":"article","og_title":"El Sector Maresme recupera les seves trobades dos anys despr\u00e9s - Esplac","og_description":"El passat mes de mar\u00e7 va ser un mes ple [&hellip;]","og_url":"https:\/\/www.esplac.cat\/el-sector-maresme-recupera-les-seves-trobades-dos-anys-despres\/","og_site_name":"Esplac","article_published_time":"2022-04-01T13:11:34+00:00","article_modified_time":"2022-04-27T13:43:34+00:00","og_image":[{"width":1694,"height":700,"url":"https:\/\/www.esplac.cat\/wp-content\/uploads\/2022\/04\/trobada_maresme_03-22.jpg","type":"image\/jpeg"}],"author":"Comunicaci\u00f3 Esplac","twitter_card":"summary_large_image","twitter_misc":{"Written by":"Comunicaci\u00f3 Esplac","Est. reading time":"1 minute"},"schema":{"@context":"https:\/\/schema.org","@graph":[{"@type":"Article","@id":"https:\/\/www.esplac.cat\/el-sector-maresme-recupera-les-seves-trobades-dos-anys-despres\/#article","isPartOf":{"@id":"https:\/\/www.esplac.cat\/el-sector-maresme-recupera-les-seves-trobades-dos-anys-despres\/"},"author":{"name":"Comunicaci\u00f3 Esplac","@id":"https:\/\/www.esplac.cat\/#\/schema\/person\/908383cf240be18b68f8855d0583faca"},"headline":"El Sector Maresme recupera les seves trobades dos anys despr\u00e9s","datePublished":"2022-04-01T13:11:34+00:00","dateModified":"2022-04-27T13:43:34+00:00","mainEntityOfPage":{"@id":"https:\/\/www.esplac.cat\/el-sector-maresme-recupera-les-seves-trobades-dos-anys-despres\/"},"wordCount":302,"publisher":{"@id":"https:\/\/www.esplac.cat\/#organization"},"image":{"@id":"https:\/\/www.esplac.cat\/el-sector-maresme-recupera-les-seves-trobades-dos-anys-despres\/#primaryimage"},"thumbnailUrl":"https:\/\/www.esplac.cat\/wp-content\/uploads\/2022\/04\/trobada_maresme_03-22.jpg","articleSection":["Sector Maresme"],"inLanguage":"en-US"},{"@type":"WebPage","@id":"https:\/\/www.esplac.cat\/el-sector-maresme-recupera-les-seves-trobades-dos-anys-despres\/","url":"https:\/\/www.esplac.cat\/el-sector-maresme-recupera-les-seves-trobades-dos-anys-despres\/","name":"El Sector Maresme recupera les seves trobades dos anys despr\u00e9s - Esplac","isPartOf":{"@id":"https:\/\/www.esplac.cat\/#website"},"primaryImageOfPage":{"@id":"https:\/\/www.esplac.cat\/el-sector-maresme-recupera-les-seves-trobades-dos-anys-despres\/#primaryimage"},"image":{"@id":"https:\/\/www.esplac.cat\/el-sector-maresme-recupera-les-seves-trobades-dos-anys-despres\/#primaryimage"},"thumbnailUrl":"https:\/\/www.esplac.cat\/wp-content\/uploads\/2022\/04\/trobada_maresme_03-22.jpg","datePublished":"2022-04-01T13:11:34+00:00","dateModified":"2022-04-27T13:43:34+00:00","breadcrumb":{"@id":"https:\/\/www.esplac.cat\/el-sector-maresme-recupera-les-seves-trobades-dos-anys-despres\/#breadcrumb"},"inLanguage":"en-US","potentialAction":[{"@type":"ReadAction","target":["https:\/\/www.esplac.cat\/el-sector-maresme-recupera-les-seves-trobades-dos-anys-despres\/"]}]},{"@type":"ImageObject","inLanguage":"en-US","@id":"https:\/\/www.esplac.cat\/el-sector-maresme-recupera-les-seves-trobades-dos-anys-despres\/#primaryimage","url":"https:\/\/www.esplac.cat\/wp-content\/uploads\/2022\/04\/trobada_maresme_03-22.jpg","contentUrl":"https:\/\/www.esplac.cat\/wp-content\/uploads\/2022\/04\/trobada_maresme_03-22.jpg","width":1694,"height":700},{"@type":"BreadcrumbList","@id":"https:\/\/www.esplac.cat\/el-sector-maresme-recupera-les-seves-trobades-dos-anys-despres\/#breadcrumb","itemListElement":[{"@type":"ListItem","position":1,"name":"Inici","item":"https:\/\/www.esplac.cat\/en\/"},{"@type":"ListItem","position":2,"name":"El Sector Maresme recupera les seves trobades dos anys despr\u00e9s"}]},{"@type":"WebSite","@id":"https:\/\/www.esplac.cat\/#website","url":"https:\/\/www.esplac.cat\/","name":"Esplac","description":"Esplais Catalans","publisher":{"@id":"https:\/\/www.esplac.cat\/#organization"},"potentialAction":[{"@type":"SearchAction","target":{"@type":"EntryPoint","urlTemplate":"https:\/\/www.esplac.cat\/?s={search_term_string}"},"query-input":{"@type":"PropertyValueSpecification","valueRequired":true,"valueName":"search_term_string"}}],"inLanguage":"en-US"},{"@type":"Organization","@id":"https:\/\/www.esplac.cat\/#organization","name":"Esplac","url":"https:\/\/www.esplac.cat\/","logo":{"@type":"ImageObject","inLanguage":"en-US","@id":"https:\/\/www.esplac.cat\/#\/schema\/logo\/image\/","url":"https:\/\/www.esplac.cat\/wp-content\/uploads\/2019\/08\/logox2.png","contentUrl":"https:\/\/www.esplac.cat\/wp-content\/uploads\/2019\/08\/logox2.png","width":600,"height":295,"caption":"Esplac"},"image":{"@id":"https:\/\/www.esplac.cat\/#\/schema\/logo\/image\/"}},{"@type":"Person","@id":"https:\/\/www.esplac.cat\/#\/schema\/person\/908383cf240be18b68f8855d0583faca","name":"Comunicaci\u00f3 Esplac","image":{"@type":"ImageObject","inLanguage":"en-US","@id":"https:\/\/secure.gravatar.com\/avatar\/7a4cf8feb412a76ea4a740ca02d95b06b2907b5a6c648c2dd0a1082a093c3141?s=96&d=mm&r=g","url":"https:\/\/secure.gravatar.com\/avatar\/7a4cf8feb412a76ea4a740ca02d95b06b2907b5a6c648c2dd0a1082a093c3141?s=96&d=mm&r=g","contentUrl":"https:\/\/secure.gravatar.com\/avatar\/7a4cf8feb412a76ea4a740ca02d95b06b2907b5a6c648c2dd0a1082a093c3141?s=96&d=mm&r=g","caption":"Comunicaci\u00f3 Esplac"}}]}},"_links":{"self":[{"href":"https:\/\/www.esplac.cat\/en\/wp-json\/wp\/v2\/posts\/40267","targetHints":{"allow":["GET"]}}],"collection":[{"href":"https:\/\/www.esplac.cat\/en\/wp-json\/wp\/v2\/posts"}],"about":[{"href":"https:\/\/www.esplac.cat\/en\/wp-json\/wp\/v2\/types\/post"}],"author":[{"embeddable":true,"href":"https:\/\/www.esplac.cat\/en\/wp-json\/wp\/v2\/users\/3"}],"replies":[{"embeddable":true,"href":"https:\/\/www.esplac.cat\/en\/wp-json\/wp\/v2\/comments?post=40267"}],"version-history":[{"count":0,"href":"https:\/\/www.esplac.cat\/en\/wp-json\/wp\/v2\/posts\/40267\/revisions"}],"wp:featuredmedia":[{"embeddable":true,"href":"https:\/\/www.esplac.cat\/en\/wp-json\/wp\/v2\/media\/40269"}],"wp:attachment":[{"href":"https:\/\/www.esplac.cat\/en\/wp-json\/wp\/v2\/media?parent=40267"}],"wp:term":[{"taxonomy":"category","embeddable":true,"href":"https:\/\/www.esplac.cat\/en\/wp-json\/wp\/v2\/categories?post=40267"},{"taxonomy":"post_tag","embeddable":true,"href":"https:\/\/www.esplac.cat\/en\/wp-json\/wp\/v2\/tags?post=40267"}],"curies":[{"name":"wp","href":"https:\/\/api.w.org\/{rel}","templated":true}]}}