{"id":40307,"date":"2022-05-02T16:30:20","date_gmt":"2022-05-02T14:30:20","guid":{"rendered":"https:\/\/www.esplac.cat\/?p=40307"},"modified":"2022-05-02T16:43:49","modified_gmt":"2022-05-02T14:43:49","slug":"presentem-lesplaiada-2022-en-roda-de-premsa","status":"publish","type":"post","link":"https:\/\/www.esplac.cat\/en\/presentem-lesplaiada-2022-en-roda-de-premsa\/","title":{"rendered":"Presentem l&#8217;Esplaiada 2022 en roda de premsa"},"content":{"rendered":"<h6 data-fontsize=\"17\" data-lineheight=\"22\"><strong>Avui, dilluns 2 de maig, hem presentat l&#8217;Esplaiada en roda de premsa a l&#8217;Ofinca Jove de Sant Cugat<\/strong><\/h6>\n<p>Comen\u00e7a el compte enrere per l&#8217;Esplaiada 2022! Aquest mat\u00ed s&#8217;ha dut a terme la roda de premsa de presentaci\u00f3 a la poblaci\u00f3 que l&#8217;acollir\u00e0: Sant Cugat del Vall\u00e8s. La roda de premsa ha comptat amb l&#8217;assist\u00e8ncia de la Carmen Alonso-Villaverde, presidenta de l&#8217;entitat, l&#8217;Olga Castells, referent del projecte Inf\u00e0ncia i Esplaiada i membre de l&#8217;Equip de Coordinaci\u00f3, \u00a0Alba Gord\u00f3, regidora de Sostenibilitat i de Joventut\u00a0i Marco Simarro, regidor\u00a0de Joventut i de Participaci\u00f3 i Barris,\u00a0de l&#8217;Ajuntament de Sant Cugat.<\/p>\n<p>Carmen Alonso-Villaverde i Olga Castells han recalcat la import\u00e0ncia de l&#8217;<span style=\"color: #f69d0b;\"><a style=\"color: #f69d0b;\" href=\"https:\/\/www.esplac.cat\/trobades\/esplaiada\/\" target=\"_blank\" rel=\"noopener noreferrer\">Esplaiada 2022<\/a><\/span>, en el marc del <span style=\"color: #f69d0b;\"><a style=\"color: #f69d0b;\" href=\"https:\/\/www.esplac.cat\/40-anys-esplac\/\" target=\"_blank\" rel=\"noopener noreferrer\">40<\/a><\/span><span style=\"color: #f69d0b;\"><a style=\"color: #f69d0b;\" href=\"https:\/\/www.esplac.cat\/40-anys-esplac\/\" target=\"_blank\" rel=\"noopener noreferrer\">\u00e8<\/a><\/span><span style=\"color: #f69d0b;\"><a style=\"color: #f69d0b;\" href=\"https:\/\/www.esplac.cat\/40-anys-esplac\/\" target=\"_blank\" rel=\"noopener noreferrer\"> aniversari<\/a><\/span>de l&#8217;entitat, per reivindicar la tasca educativa dels esplais i fugir de les conductes adultoc\u00e8ntriques que imperen a la societat. Sota el lema <em>&#8220;La veu d&#8217;un infant \u00e9s m\u00e9s gran que un elefant&#8221;<\/em> es vol posar a infants i joves al centre, fent sentir la seva veu. \u00a0A m\u00e9s, s&#8217;ha destacat <strong>l&#8217;alta participaci\u00f3 a l&#8217;esdeveniment<\/strong>, que incrementa en 1.000 participants respecte a l&#8217;anterior edici\u00f3, arribant a m\u00e9s de 3.300 participants entre infants, monis i joves. Aquesta xifra situa aquesta Esplaiada com la m\u00e9s multitudin\u00e0ria fins el moment. Finalment, les portaveus han concl\u00f2s amb la import\u00e0ncia de fer territori, real\u00e7ant els esplais Pica-roca i Sarau, de Sant Cugat, com a amfitrions de l&#8217;esdeveniment.<\/p>\n<p>A banda, Gord\u00f3 i Simarro han destacat el <strong>comprom\u00eds de Sant Cugat i l&#8217;administraci\u00f3 amb l&#8217;educaci\u00f3 en el lleure i l&#8217;associacionisme educatiu<\/strong>, convidant a la ciutadania a assistir l&#8217;Esplaiada i l&#8217;acte unitari i reivindicatiu que tindr\u00e0 lloc el 8 de maig al Parc Ramon Barnils. Tamb\u00e9 han destacat l&#8217;aposta de l&#8217;Ajuntament per fer de Sant Cugat una ciutat que contempli les necessitats d&#8217;infants i joves.<\/p>\n<p>La roda de premsa ha concl\u00f2s amb un convit a tota la ciutadania a acudir \u00a0els pr\u00f2xims 6, 7 i 8 de maig a Sant Cugat del Vall\u00e8s per celebrar l&#8217;Esplaiada amb Esplais Catalans.<\/p>\n<p>&nbsp;<\/p>\n<div id=\"attachment_40311\" style=\"width: 668px\" class=\"wp-caption aligncenter\"><img decoding=\"async\" aria-describedby=\"caption-attachment-40311\" class=\"wp-image-40311\" src=\"https:\/\/www.esplac.cat\/wp-content\/uploads\/2022\/05\/Roda-de-Premsa-Epslaiada-300x178.jpeg\" alt=\"\" width=\"658\" height=\"390\" srcset=\"https:\/\/www.esplac.cat\/wp-content\/uploads\/2022\/05\/Roda-de-Premsa-Epslaiada-200x119.jpeg 200w, https:\/\/www.esplac.cat\/wp-content\/uploads\/2022\/05\/Roda-de-Premsa-Epslaiada-300x178.jpeg 300w, https:\/\/www.esplac.cat\/wp-content\/uploads\/2022\/05\/Roda-de-Premsa-Epslaiada-400x237.jpeg 400w, https:\/\/www.esplac.cat\/wp-content\/uploads\/2022\/05\/Roda-de-Premsa-Epslaiada-600x356.jpeg 600w, https:\/\/www.esplac.cat\/wp-content\/uploads\/2022\/05\/Roda-de-Premsa-Epslaiada-768x455.jpeg 768w, https:\/\/www.esplac.cat\/wp-content\/uploads\/2022\/05\/Roda-de-Premsa-Epslaiada-800x474.jpeg 800w, https:\/\/www.esplac.cat\/wp-content\/uploads\/2022\/05\/Roda-de-Premsa-Epslaiada-1024x607.jpeg 1024w, https:\/\/www.esplac.cat\/wp-content\/uploads\/2022\/05\/Roda-de-Premsa-Epslaiada-1200x711.jpeg 1200w, https:\/\/www.esplac.cat\/wp-content\/uploads\/2022\/05\/Roda-de-Premsa-Epslaiada-1536x910.jpeg 1536w, https:\/\/www.esplac.cat\/wp-content\/uploads\/2022\/05\/Roda-de-Premsa-Epslaiada.jpeg 1600w\" sizes=\"(max-width: 658px) 100vw, 658px\" \/><p id=\"caption-attachment-40311\" class=\"wp-caption-text\">Carmen Alonso-Villaverde, Olga Castells, Alba Gord\u00f3 i Marco Simarro a la presentaci\u00f3 de la roda de premsa de l&#8217;Esplaiada 2022<\/p><\/div>\n<p>&nbsp;<\/p>\n<p style=\"text-align: center;\"><strong>Consulta\u00a0<span style=\"color: #f69d0b;\"><a style=\"color: #f69d0b;\" href=\"https:\/\/youtu.be\/mq-kCvv51KI\" target=\"_blank\" rel=\"noopener noreferrer\">AQU\u00cd<\/a><\/span> el v\u00eddeo resum de la Roda de Premsa de l&#8217;Esplaiada 2022<\/strong><\/p>\n<p style=\"text-align: center;\"><span style=\"color: #000000;\"><strong><span style=\"color: #f69d0b;\"><a style=\"color: #f69d0b;\" href=\"https:\/\/www.flickr.com\/photos\/premsasantcugat\/albums\/72177720298571361\" target=\"_blank\" rel=\"noopener noreferrer\">DESCARREGA&#8217;T<\/a><\/span> les fotografies de la Roda de Premsa de l&#8217;Esplaiada 2022<\/strong><\/span><\/p>\n<p>&nbsp;<\/p>\n<p>&nbsp;<\/p>\n","protected":false},"excerpt":{"rendered":"<p>Avui, dilluns 2 de maig, hem presentat l&#8217;Esplaiada en roda [&hellip;]<\/p>\n","protected":false},"author":3,"featured_media":40308,"comment_status":"closed","ping_status":"closed","sticky":false,"template":"","format":"standard","meta":{"om_disable_all_campaigns":false,"_monsterinsights_skip_tracking":false,"_monsterinsights_sitenote_active":false,"_monsterinsights_sitenote_note":"","_monsterinsights_sitenote_category":0,"_uf_show_specific_survey":0,"_uf_disable_surveys":false,"footnotes":""},"categories":[1136],"tags":[],"class_list":["post-40307","post","type-post","status-publish","format-standard","has-post-thumbnail","hentry","category-esplaiada"],"yoast_head":"<!-- This site is optimized with the Yoast SEO plugin v27.4 - https:\/\/yoast.com\/product\/yoast-seo-wordpress\/ -->\n<title>Presentem l&#039;Esplaiada 2022 en roda de premsa - Esplac<\/title>\n<meta name=\"robots\" content=\"index, follow, max-snippet:-1, max-image-preview:large, max-video-preview:-1\" \/>\n<link rel=\"canonical\" href=\"https:\/\/www.esplac.cat\/en\/presentem-lesplaiada-2022-en-roda-de-premsa\/\" \/>\n<meta property=\"og:locale\" content=\"en_US\" \/>\n<meta property=\"og:type\" content=\"article\" \/>\n<meta property=\"og:title\" content=\"Presentem l&#039;Esplaiada 2022 en roda de premsa - Esplac\" \/>\n<meta property=\"og:description\" content=\"Avui, dilluns 2 de maig, hem presentat l&#8217;Esplaiada en roda [&hellip;]\" \/>\n<meta property=\"og:url\" content=\"https:\/\/www.esplac.cat\/en\/presentem-lesplaiada-2022-en-roda-de-premsa\/\" \/>\n<meta property=\"og:site_name\" content=\"Esplac\" \/>\n<meta property=\"article:published_time\" content=\"2022-05-02T14:30:20+00:00\" \/>\n<meta property=\"article:modified_time\" content=\"2022-05-02T14:43:49+00:00\" \/>\n<meta property=\"og:image\" content=\"https:\/\/www.esplac.cat\/wp-content\/uploads\/2022\/05\/Portades-web-11.jpg\" \/>\n\t<meta property=\"og:image:width\" content=\"1694\" \/>\n\t<meta property=\"og:image:height\" content=\"700\" \/>\n\t<meta property=\"og:image:type\" content=\"image\/jpeg\" \/>\n<meta name=\"author\" content=\"Comunicaci\u00f3 Esplac\" \/>\n<meta name=\"twitter:card\" content=\"summary_large_image\" \/>\n<meta name=\"twitter:image\" content=\"https:\/\/www.esplac.cat\/wp-content\/uploads\/2022\/05\/Roda-de-Premsa-Epslaiada.jpeg\" \/>\n<meta name=\"twitter:label1\" content=\"Written by\" \/>\n\t<meta name=\"twitter:data1\" content=\"Comunicaci\u00f3 Esplac\" \/>\n\t<meta name=\"twitter:label2\" content=\"Est. reading time\" \/>\n\t<meta name=\"twitter:data2\" content=\"2 minutes\" \/>\n<script type=\"application\/ld+json\" class=\"yoast-schema-graph\">{\"@context\":\"https:\\\/\\\/schema.org\",\"@graph\":[{\"@type\":\"Article\",\"@id\":\"https:\\\/\\\/www.esplac.cat\\\/en\\\/presentem-lesplaiada-2022-en-roda-de-premsa\\\/#article\",\"isPartOf\":{\"@id\":\"https:\\\/\\\/www.esplac.cat\\\/en\\\/presentem-lesplaiada-2022-en-roda-de-premsa\\\/\"},\"author\":{\"name\":\"Comunicaci\u00f3 Esplac\",\"@id\":\"https:\\\/\\\/www.esplac.cat\\\/#\\\/schema\\\/person\\\/908383cf240be18b68f8855d0583faca\"},\"headline\":\"Presentem l&#8217;Esplaiada 2022 en roda de premsa\",\"datePublished\":\"2022-05-02T14:30:20+00:00\",\"dateModified\":\"2022-05-02T14:43:49+00:00\",\"mainEntityOfPage\":{\"@id\":\"https:\\\/\\\/www.esplac.cat\\\/en\\\/presentem-lesplaiada-2022-en-roda-de-premsa\\\/\"},\"wordCount\":427,\"publisher\":{\"@id\":\"https:\\\/\\\/www.esplac.cat\\\/#organization\"},\"image\":{\"@id\":\"https:\\\/\\\/www.esplac.cat\\\/en\\\/presentem-lesplaiada-2022-en-roda-de-premsa\\\/#primaryimage\"},\"thumbnailUrl\":\"https:\\\/\\\/www.esplac.cat\\\/wp-content\\\/uploads\\\/2022\\\/05\\\/Portades-web-11.jpg\",\"articleSection\":[\"Esplaiada\"],\"inLanguage\":\"en-US\"},{\"@type\":\"WebPage\",\"@id\":\"https:\\\/\\\/www.esplac.cat\\\/en\\\/presentem-lesplaiada-2022-en-roda-de-premsa\\\/\",\"url\":\"https:\\\/\\\/www.esplac.cat\\\/en\\\/presentem-lesplaiada-2022-en-roda-de-premsa\\\/\",\"name\":\"Presentem l'Esplaiada 2022 en roda de premsa - Esplac\",\"isPartOf\":{\"@id\":\"https:\\\/\\\/www.esplac.cat\\\/#website\"},\"primaryImageOfPage\":{\"@id\":\"https:\\\/\\\/www.esplac.cat\\\/en\\\/presentem-lesplaiada-2022-en-roda-de-premsa\\\/#primaryimage\"},\"image\":{\"@id\":\"https:\\\/\\\/www.esplac.cat\\\/en\\\/presentem-lesplaiada-2022-en-roda-de-premsa\\\/#primaryimage\"},\"thumbnailUrl\":\"https:\\\/\\\/www.esplac.cat\\\/wp-content\\\/uploads\\\/2022\\\/05\\\/Portades-web-11.jpg\",\"datePublished\":\"2022-05-02T14:30:20+00:00\",\"dateModified\":\"2022-05-02T14:43:49+00:00\",\"breadcrumb\":{\"@id\":\"https:\\\/\\\/www.esplac.cat\\\/en\\\/presentem-lesplaiada-2022-en-roda-de-premsa\\\/#breadcrumb\"},\"inLanguage\":\"en-US\",\"potentialAction\":[{\"@type\":\"ReadAction\",\"target\":[\"https:\\\/\\\/www.esplac.cat\\\/en\\\/presentem-lesplaiada-2022-en-roda-de-premsa\\\/\"]}]},{\"@type\":\"ImageObject\",\"inLanguage\":\"en-US\",\"@id\":\"https:\\\/\\\/www.esplac.cat\\\/en\\\/presentem-lesplaiada-2022-en-roda-de-premsa\\\/#primaryimage\",\"url\":\"https:\\\/\\\/www.esplac.cat\\\/wp-content\\\/uploads\\\/2022\\\/05\\\/Portades-web-11.jpg\",\"contentUrl\":\"https:\\\/\\\/www.esplac.cat\\\/wp-content\\\/uploads\\\/2022\\\/05\\\/Portades-web-11.jpg\",\"width\":1694,\"height\":700},{\"@type\":\"BreadcrumbList\",\"@id\":\"https:\\\/\\\/www.esplac.cat\\\/en\\\/presentem-lesplaiada-2022-en-roda-de-premsa\\\/#breadcrumb\",\"itemListElement\":[{\"@type\":\"ListItem\",\"position\":1,\"name\":\"Inici\",\"item\":\"https:\\\/\\\/www.esplac.cat\\\/en\\\/\"},{\"@type\":\"ListItem\",\"position\":2,\"name\":\"Presentem l&#8217;Esplaiada 2022 en roda de premsa\"}]},{\"@type\":\"WebSite\",\"@id\":\"https:\\\/\\\/www.esplac.cat\\\/#website\",\"url\":\"https:\\\/\\\/www.esplac.cat\\\/\",\"name\":\"Esplac\",\"description\":\"Esplais Catalans\",\"publisher\":{\"@id\":\"https:\\\/\\\/www.esplac.cat\\\/#organization\"},\"potentialAction\":[{\"@type\":\"SearchAction\",\"target\":{\"@type\":\"EntryPoint\",\"urlTemplate\":\"https:\\\/\\\/www.esplac.cat\\\/?s={search_term_string}\"},\"query-input\":{\"@type\":\"PropertyValueSpecification\",\"valueRequired\":true,\"valueName\":\"search_term_string\"}}],\"inLanguage\":\"en-US\"},{\"@type\":\"Organization\",\"@id\":\"https:\\\/\\\/www.esplac.cat\\\/#organization\",\"name\":\"Esplac\",\"url\":\"https:\\\/\\\/www.esplac.cat\\\/\",\"logo\":{\"@type\":\"ImageObject\",\"inLanguage\":\"en-US\",\"@id\":\"https:\\\/\\\/www.esplac.cat\\\/#\\\/schema\\\/logo\\\/image\\\/\",\"url\":\"https:\\\/\\\/www.esplac.cat\\\/wp-content\\\/uploads\\\/2019\\\/08\\\/logox2.png\",\"contentUrl\":\"https:\\\/\\\/www.esplac.cat\\\/wp-content\\\/uploads\\\/2019\\\/08\\\/logox2.png\",\"width\":600,\"height\":295,\"caption\":\"Esplac\"},\"image\":{\"@id\":\"https:\\\/\\\/www.esplac.cat\\\/#\\\/schema\\\/logo\\\/image\\\/\"}},{\"@type\":\"Person\",\"@id\":\"https:\\\/\\\/www.esplac.cat\\\/#\\\/schema\\\/person\\\/908383cf240be18b68f8855d0583faca\",\"name\":\"Comunicaci\u00f3 Esplac\",\"image\":{\"@type\":\"ImageObject\",\"inLanguage\":\"en-US\",\"@id\":\"https:\\\/\\\/secure.gravatar.com\\\/avatar\\\/7a4cf8feb412a76ea4a740ca02d95b06b2907b5a6c648c2dd0a1082a093c3141?s=96&d=mm&r=g\",\"url\":\"https:\\\/\\\/secure.gravatar.com\\\/avatar\\\/7a4cf8feb412a76ea4a740ca02d95b06b2907b5a6c648c2dd0a1082a093c3141?s=96&d=mm&r=g\",\"contentUrl\":\"https:\\\/\\\/secure.gravatar.com\\\/avatar\\\/7a4cf8feb412a76ea4a740ca02d95b06b2907b5a6c648c2dd0a1082a093c3141?s=96&d=mm&r=g\",\"caption\":\"Comunicaci\u00f3 Esplac\"}}]}<\/script>\n<!-- \/ Yoast SEO plugin. -->","yoast_head_json":{"title":"Presentem l'Esplaiada 2022 en roda de premsa - Esplac","robots":{"index":"index","follow":"follow","max-snippet":"max-snippet:-1","max-image-preview":"max-image-preview:large","max-video-preview":"max-video-preview:-1"},"canonical":"https:\/\/www.esplac.cat\/en\/presentem-lesplaiada-2022-en-roda-de-premsa\/","og_locale":"en_US","og_type":"article","og_title":"Presentem l'Esplaiada 2022 en roda de premsa - Esplac","og_description":"Avui, dilluns 2 de maig, hem presentat l&#8217;Esplaiada en roda [&hellip;]","og_url":"https:\/\/www.esplac.cat\/en\/presentem-lesplaiada-2022-en-roda-de-premsa\/","og_site_name":"Esplac","article_published_time":"2022-05-02T14:30:20+00:00","article_modified_time":"2022-05-02T14:43:49+00:00","og_image":[{"width":1694,"height":700,"url":"https:\/\/www.esplac.cat\/wp-content\/uploads\/2022\/05\/Portades-web-11.jpg","type":"image\/jpeg"}],"author":"Comunicaci\u00f3 Esplac","twitter_card":"summary_large_image","twitter_image":"https:\/\/www.esplac.cat\/wp-content\/uploads\/2022\/05\/Roda-de-Premsa-Epslaiada.jpeg","twitter_misc":{"Written by":"Comunicaci\u00f3 Esplac","Est. reading time":"2 minutes"},"schema":{"@context":"https:\/\/schema.org","@graph":[{"@type":"Article","@id":"https:\/\/www.esplac.cat\/en\/presentem-lesplaiada-2022-en-roda-de-premsa\/#article","isPartOf":{"@id":"https:\/\/www.esplac.cat\/en\/presentem-lesplaiada-2022-en-roda-de-premsa\/"},"author":{"name":"Comunicaci\u00f3 Esplac","@id":"https:\/\/www.esplac.cat\/#\/schema\/person\/908383cf240be18b68f8855d0583faca"},"headline":"Presentem l&#8217;Esplaiada 2022 en roda de premsa","datePublished":"2022-05-02T14:30:20+00:00","dateModified":"2022-05-02T14:43:49+00:00","mainEntityOfPage":{"@id":"https:\/\/www.esplac.cat\/en\/presentem-lesplaiada-2022-en-roda-de-premsa\/"},"wordCount":427,"publisher":{"@id":"https:\/\/www.esplac.cat\/#organization"},"image":{"@id":"https:\/\/www.esplac.cat\/en\/presentem-lesplaiada-2022-en-roda-de-premsa\/#primaryimage"},"thumbnailUrl":"https:\/\/www.esplac.cat\/wp-content\/uploads\/2022\/05\/Portades-web-11.jpg","articleSection":["Esplaiada"],"inLanguage":"en-US"},{"@type":"WebPage","@id":"https:\/\/www.esplac.cat\/en\/presentem-lesplaiada-2022-en-roda-de-premsa\/","url":"https:\/\/www.esplac.cat\/en\/presentem-lesplaiada-2022-en-roda-de-premsa\/","name":"Presentem l'Esplaiada 2022 en roda de premsa - Esplac","isPartOf":{"@id":"https:\/\/www.esplac.cat\/#website"},"primaryImageOfPage":{"@id":"https:\/\/www.esplac.cat\/en\/presentem-lesplaiada-2022-en-roda-de-premsa\/#primaryimage"},"image":{"@id":"https:\/\/www.esplac.cat\/en\/presentem-lesplaiada-2022-en-roda-de-premsa\/#primaryimage"},"thumbnailUrl":"https:\/\/www.esplac.cat\/wp-content\/uploads\/2022\/05\/Portades-web-11.jpg","datePublished":"2022-05-02T14:30:20+00:00","dateModified":"2022-05-02T14:43:49+00:00","breadcrumb":{"@id":"https:\/\/www.esplac.cat\/en\/presentem-lesplaiada-2022-en-roda-de-premsa\/#breadcrumb"},"inLanguage":"en-US","potentialAction":[{"@type":"ReadAction","target":["https:\/\/www.esplac.cat\/en\/presentem-lesplaiada-2022-en-roda-de-premsa\/"]}]},{"@type":"ImageObject","inLanguage":"en-US","@id":"https:\/\/www.esplac.cat\/en\/presentem-lesplaiada-2022-en-roda-de-premsa\/#primaryimage","url":"https:\/\/www.esplac.cat\/wp-content\/uploads\/2022\/05\/Portades-web-11.jpg","contentUrl":"https:\/\/www.esplac.cat\/wp-content\/uploads\/2022\/05\/Portades-web-11.jpg","width":1694,"height":700},{"@type":"BreadcrumbList","@id":"https:\/\/www.esplac.cat\/en\/presentem-lesplaiada-2022-en-roda-de-premsa\/#breadcrumb","itemListElement":[{"@type":"ListItem","position":1,"name":"Inici","item":"https:\/\/www.esplac.cat\/en\/"},{"@type":"ListItem","position":2,"name":"Presentem l&#8217;Esplaiada 2022 en roda de premsa"}]},{"@type":"WebSite","@id":"https:\/\/www.esplac.cat\/#website","url":"https:\/\/www.esplac.cat\/","name":"Esplac","description":"Esplais Catalans","publisher":{"@id":"https:\/\/www.esplac.cat\/#organization"},"potentialAction":[{"@type":"SearchAction","target":{"@type":"EntryPoint","urlTemplate":"https:\/\/www.esplac.cat\/?s={search_term_string}"},"query-input":{"@type":"PropertyValueSpecification","valueRequired":true,"valueName":"search_term_string"}}],"inLanguage":"en-US"},{"@type":"Organization","@id":"https:\/\/www.esplac.cat\/#organization","name":"Esplac","url":"https:\/\/www.esplac.cat\/","logo":{"@type":"ImageObject","inLanguage":"en-US","@id":"https:\/\/www.esplac.cat\/#\/schema\/logo\/image\/","url":"https:\/\/www.esplac.cat\/wp-content\/uploads\/2019\/08\/logox2.png","contentUrl":"https:\/\/www.esplac.cat\/wp-content\/uploads\/2019\/08\/logox2.png","width":600,"height":295,"caption":"Esplac"},"image":{"@id":"https:\/\/www.esplac.cat\/#\/schema\/logo\/image\/"}},{"@type":"Person","@id":"https:\/\/www.esplac.cat\/#\/schema\/person\/908383cf240be18b68f8855d0583faca","name":"Comunicaci\u00f3 Esplac","image":{"@type":"ImageObject","inLanguage":"en-US","@id":"https:\/\/secure.gravatar.com\/avatar\/7a4cf8feb412a76ea4a740ca02d95b06b2907b5a6c648c2dd0a1082a093c3141?s=96&d=mm&r=g","url":"https:\/\/secure.gravatar.com\/avatar\/7a4cf8feb412a76ea4a740ca02d95b06b2907b5a6c648c2dd0a1082a093c3141?s=96&d=mm&r=g","contentUrl":"https:\/\/secure.gravatar.com\/avatar\/7a4cf8feb412a76ea4a740ca02d95b06b2907b5a6c648c2dd0a1082a093c3141?s=96&d=mm&r=g","caption":"Comunicaci\u00f3 Esplac"}}]}},"_links":{"self":[{"href":"https:\/\/www.esplac.cat\/en\/wp-json\/wp\/v2\/posts\/40307","targetHints":{"allow":["GET"]}}],"collection":[{"href":"https:\/\/www.esplac.cat\/en\/wp-json\/wp\/v2\/posts"}],"about":[{"href":"https:\/\/www.esplac.cat\/en\/wp-json\/wp\/v2\/types\/post"}],"author":[{"embeddable":true,"href":"https:\/\/www.esplac.cat\/en\/wp-json\/wp\/v2\/users\/3"}],"replies":[{"embeddable":true,"href":"https:\/\/www.esplac.cat\/en\/wp-json\/wp\/v2\/comments?post=40307"}],"version-history":[{"count":0,"href":"https:\/\/www.esplac.cat\/en\/wp-json\/wp\/v2\/posts\/40307\/revisions"}],"wp:featuredmedia":[{"embeddable":true,"href":"https:\/\/www.esplac.cat\/en\/wp-json\/wp\/v2\/media\/40308"}],"wp:attachment":[{"href":"https:\/\/www.esplac.cat\/en\/wp-json\/wp\/v2\/media?parent=40307"}],"wp:term":[{"taxonomy":"category","embeddable":true,"href":"https:\/\/www.esplac.cat\/en\/wp-json\/wp\/v2\/categories?post=40307"},{"taxonomy":"post_tag","embeddable":true,"href":"https:\/\/www.esplac.cat\/en\/wp-json\/wp\/v2\/tags?post=40307"}],"curies":[{"name":"wp","href":"https:\/\/api.w.org\/{rel}","templated":true}]}}