{"id":40394,"date":"2022-05-11T14:00:21","date_gmt":"2022-05-11T12:00:21","guid":{"rendered":"https:\/\/www.esplac.cat\/?p=40394"},"modified":"2022-05-26T13:38:42","modified_gmt":"2022-05-26T11:38:42","slug":"arriba-la-primera-trobada-de-socies-desplac","status":"publish","type":"post","link":"https:\/\/www.esplac.cat\/en\/arriba-la-primera-trobada-de-socies-desplac\/","title":{"rendered":"Arriba la primera Trobada de S\u00f2cies d&#8217;Esplac!"},"content":{"rendered":"<h6><strong>El 12 de juny se celebrar\u00e0 a Cal Mata (Saifores) la primera Trobada de S\u00f2cies d&#8217;Esplais Catalans<\/strong><\/h6>\n<p>Ja s\u00f3n molts els actes realitzats del <span style=\"color: #f69d0b;\"><a style=\"color: #f69d0b;\" href=\"https:\/\/www.esplac.cat\/40-anys-esplac\/\">40\u00e8 aniversari d&#8217;Esplais Catalans<\/a><\/span>: la presentaci\u00f3 del conte il\u00b7lustrat, l&#8217;Esplaiada, la pujada de cims&#8230; per\u00f2 encara queda un dels calendaritzats per aquest any especial, <strong>la primera Trobada de S\u00f2cies d&#8217;Esplac<\/strong>.<\/p>\n<p><span class=\"JsGRdQ\">La Trobada de S\u00f2cies d&#8217;Esplais Catalans \u00e9s una activitat que neix en motiu del 40\u00e8 aniversari amb l&#8217;objectiu de crear un espai de cohesi\u00f3 entre totes les persones s\u00f2cies que formen part de l&#8217;associaci\u00f3. Es dur\u00e0 a terme el proper diumenge 12 de juny a Cal Mata, Saifores, i espera comptar amb totes les s\u00f2cies de l&#8217;entitat.\u00a0<\/span><\/p>\n<p class=\"_04xlpA direction-ltr align-start para-style-body\"><span class=\"JsGRdQ\"><strong>Durant la Trobada de S\u00f2cies tenim previstes<\/strong> <strong>diverses activitats<\/strong>:<\/span><\/p>\n<ul>\n<li class=\"_04xlpA direction-ltr align-start para-style-body\"><span class=\"JsGRdQ\">11:30h<\/span><span class=\"JsGRdQ\"> &#8211; <em>Arribada i din\u00e0mica sobre el paper de les s\u00f2cies a l&#8217;entitat<\/em><\/span><\/li>\n<li class=\"_04xlpA direction-ltr align-start para-style-body\"><span class=\"JsGRdQ\">13:00h<\/span><span class=\"JsGRdQ\"> &#8211; <em>Vermut<\/em><\/span><\/li>\n<li class=\"_04xlpA direction-ltr align-start para-style-body\"><span class=\"JsGRdQ\">13:30 a<\/span> <span class=\"JsGRdQ\">16 h <\/span><span class=\"JsGRdQ\">&#8211; <em>Dinar, Bingo Musical i Concurs de postres<\/em><\/span><\/li>\n<\/ul>\n<p>Per poder venir a la trobada no<span class=\"JsGRdQ\">m\u00e9s cal <span style=\"color: #f69d0b;\"><a style=\"color: #f69d0b;\" href=\"https:\/\/www.esplac.cat\/fes-te-socia\/\">ser s\u00f2cia<\/a><\/span> d&#8217;Esplais Catalans i inscriure&#8217;t a trav\u00e9s d&#8217;<span style=\"color: #f69d0b;\"><a style=\"color: #f69d0b;\" href=\"https:\/\/infoesplac.typeform.com\/to\/yYxsRodT\">aquest formulari<\/a><\/span>.\u00a0<\/span><\/p>\n<p>Que no t&#8217;ho expliquin! Fes-te s\u00f2cia d&#8217;Esplais Catalans!<\/p>\n<p><img decoding=\"async\" class=\"alignleft wp-image-40573\" src=\"https:\/\/www.esplac.cat\/wp-content\/uploads\/2022\/05\/Trobada-de-socies_1-1-724x1024.jpg\" alt=\"\" width=\"400\" height=\"565\" srcset=\"https:\/\/www.esplac.cat\/wp-content\/uploads\/2022\/05\/Trobada-de-socies_1-1-200x283.jpg 200w, https:\/\/www.esplac.cat\/wp-content\/uploads\/2022\/05\/Trobada-de-socies_1-1-212x300.jpg 212w, https:\/\/www.esplac.cat\/wp-content\/uploads\/2022\/05\/Trobada-de-socies_1-1-400x565.jpg 400w, https:\/\/www.esplac.cat\/wp-content\/uploads\/2022\/05\/Trobada-de-socies_1-1-600x848.jpg 600w, https:\/\/www.esplac.cat\/wp-content\/uploads\/2022\/05\/Trobada-de-socies_1-1-724x1024.jpg 724w, https:\/\/www.esplac.cat\/wp-content\/uploads\/2022\/05\/Trobada-de-socies_1-1-768x1086.jpg 768w, https:\/\/www.esplac.cat\/wp-content\/uploads\/2022\/05\/Trobada-de-socies_1-1-800x1131.jpg 800w, https:\/\/www.esplac.cat\/wp-content\/uploads\/2022\/05\/Trobada-de-socies_1-1-1087x1536.jpg 1087w, https:\/\/www.esplac.cat\/wp-content\/uploads\/2022\/05\/Trobada-de-socies_1-1.jpg 1190w\" sizes=\"(max-width: 400px) 100vw, 400px\" \/> <img decoding=\"async\" class=\"alignleft wp-image-40576\" src=\"https:\/\/www.esplac.cat\/wp-content\/uploads\/2022\/05\/Trobada-de-socies_2-212x300.jpg\" alt=\"\" width=\"400\" height=\"565\" srcset=\"https:\/\/www.esplac.cat\/wp-content\/uploads\/2022\/05\/Trobada-de-socies_2-200x283.jpg 200w, https:\/\/www.esplac.cat\/wp-content\/uploads\/2022\/05\/Trobada-de-socies_2-212x300.jpg 212w, https:\/\/www.esplac.cat\/wp-content\/uploads\/2022\/05\/Trobada-de-socies_2-400x565.jpg 400w, https:\/\/www.esplac.cat\/wp-content\/uploads\/2022\/05\/Trobada-de-socies_2-600x848.jpg 600w, https:\/\/www.esplac.cat\/wp-content\/uploads\/2022\/05\/Trobada-de-socies_2-724x1024.jpg 724w, https:\/\/www.esplac.cat\/wp-content\/uploads\/2022\/05\/Trobada-de-socies_2-768x1086.jpg 768w, https:\/\/www.esplac.cat\/wp-content\/uploads\/2022\/05\/Trobada-de-socies_2-800x1131.jpg 800w, https:\/\/www.esplac.cat\/wp-content\/uploads\/2022\/05\/Trobada-de-socies_2-1087x1536.jpg 1087w, https:\/\/www.esplac.cat\/wp-content\/uploads\/2022\/05\/Trobada-de-socies_2.jpg 1190w\" sizes=\"(max-width: 400px) 100vw, 400px\" \/><\/p>\n<p>&nbsp;<\/p>\n<p>&nbsp;<\/p>\n<p>&nbsp;<\/p>\n<p>&nbsp;<\/p>\n<p>&nbsp;<\/p>\n<p>&nbsp;<\/p>\n<p>&nbsp;<\/p>\n<p>&nbsp;<\/p>\n<p>&nbsp;<\/p>\n<p>&nbsp;<\/p>\n<p>&nbsp;<\/p>\n<p>&nbsp;<\/p>\n<p>&nbsp;<\/p>\n<p>&nbsp;<\/p>\n<p>&nbsp;<\/p>\n<p>&#8211;<\/p>\n","protected":false},"excerpt":{"rendered":"<p>El 12 de juny se celebrar\u00e0 a Cal Mata (Saifores) [&hellip;]<\/p>\n","protected":false},"author":3,"featured_media":40395,"comment_status":"closed","ping_status":"closed","sticky":false,"template":"","format":"standard","meta":{"om_disable_all_campaigns":false,"_monsterinsights_skip_tracking":false,"_monsterinsights_sitenote_active":false,"_monsterinsights_sitenote_note":"","_monsterinsights_sitenote_category":0,"_uf_show_specific_survey":0,"_uf_disable_surveys":false,"footnotes":""},"categories":[1111],"tags":[],"class_list":["post-40394","post","type-post","status-publish","format-standard","has-post-thumbnail","hentry","category-activitats-esplac"],"yoast_head":"<!-- This site is optimized with the Yoast SEO plugin v27.5 - https:\/\/yoast.com\/product\/yoast-seo-wordpress\/ -->\n<title>Arriba la primera Trobada de S\u00f2cies d&#039;Esplac! - Esplac<\/title>\n<meta name=\"description\" content=\"La primera Trobada de S\u00f2cies d&#039;Esplac ja \u00e9s aqu\u00ed! Que no t&#039;ho expliquin, fes-te s\u00f2cia i participa en motiu del 40\u00e8 aniversari.\" \/>\n<meta name=\"robots\" content=\"index, follow, max-snippet:-1, max-image-preview:large, max-video-preview:-1\" \/>\n<link rel=\"canonical\" href=\"https:\/\/www.esplac.cat\/arriba-la-primera-trobada-de-socies-desplac\/\" \/>\n<meta property=\"og:locale\" content=\"en_US\" \/>\n<meta property=\"og:type\" content=\"article\" \/>\n<meta property=\"og:title\" content=\"Arriba la primera Trobada de S\u00f2cies d&#039;Esplac! - Esplac\" \/>\n<meta property=\"og:description\" content=\"La primera Trobada de S\u00f2cies d&#039;Esplac ja \u00e9s aqu\u00ed! Que no t&#039;ho expliquin, fes-te s\u00f2cia i participa en motiu del 40\u00e8 aniversari.\" \/>\n<meta property=\"og:url\" content=\"https:\/\/www.esplac.cat\/arriba-la-primera-trobada-de-socies-desplac\/\" \/>\n<meta property=\"og:site_name\" content=\"Esplac\" \/>\n<meta property=\"article:published_time\" content=\"2022-05-11T12:00:21+00:00\" \/>\n<meta property=\"article:modified_time\" content=\"2022-05-26T11:38:42+00:00\" \/>\n<meta property=\"og:image\" content=\"https:\/\/www.esplac.cat\/wp-content\/uploads\/2022\/05\/Portades-Web.jpg\" \/>\n\t<meta property=\"og:image:width\" content=\"1697\" \/>\n\t<meta property=\"og:image:height\" content=\"700\" \/>\n\t<meta property=\"og:image:type\" content=\"image\/jpeg\" \/>\n<meta name=\"author\" content=\"Comunicaci\u00f3 Esplac\" \/>\n<meta name=\"twitter:card\" content=\"summary_large_image\" \/>\n<meta name=\"twitter:label1\" content=\"Written by\" \/>\n\t<meta name=\"twitter:data1\" content=\"Comunicaci\u00f3 Esplac\" \/>\n\t<meta name=\"twitter:label2\" content=\"Est. reading time\" \/>\n\t<meta name=\"twitter:data2\" content=\"1 minute\" \/>\n<script type=\"application\/ld+json\" class=\"yoast-schema-graph\">{\"@context\":\"https:\\\/\\\/schema.org\",\"@graph\":[{\"@type\":\"Article\",\"@id\":\"https:\\\/\\\/www.esplac.cat\\\/arriba-la-primera-trobada-de-socies-desplac\\\/#article\",\"isPartOf\":{\"@id\":\"https:\\\/\\\/www.esplac.cat\\\/arriba-la-primera-trobada-de-socies-desplac\\\/\"},\"author\":{\"name\":\"Comunicaci\u00f3 Esplac\",\"@id\":\"https:\\\/\\\/www.esplac.cat\\\/#\\\/schema\\\/person\\\/908383cf240be18b68f8855d0583faca\"},\"headline\":\"Arriba la primera Trobada de S\u00f2cies d&#8217;Esplac!\",\"datePublished\":\"2022-05-11T12:00:21+00:00\",\"dateModified\":\"2022-05-26T11:38:42+00:00\",\"mainEntityOfPage\":{\"@id\":\"https:\\\/\\\/www.esplac.cat\\\/arriba-la-primera-trobada-de-socies-desplac\\\/\"},\"wordCount\":220,\"publisher\":{\"@id\":\"https:\\\/\\\/www.esplac.cat\\\/#organization\"},\"image\":{\"@id\":\"https:\\\/\\\/www.esplac.cat\\\/arriba-la-primera-trobada-de-socies-desplac\\\/#primaryimage\"},\"thumbnailUrl\":\"https:\\\/\\\/www.esplac.cat\\\/wp-content\\\/uploads\\\/2022\\\/05\\\/Portades-Web.jpg\",\"articleSection\":[\"Activitats esplac\"],\"inLanguage\":\"en-US\"},{\"@type\":\"WebPage\",\"@id\":\"https:\\\/\\\/www.esplac.cat\\\/arriba-la-primera-trobada-de-socies-desplac\\\/\",\"url\":\"https:\\\/\\\/www.esplac.cat\\\/arriba-la-primera-trobada-de-socies-desplac\\\/\",\"name\":\"Arriba la primera Trobada de S\u00f2cies d'Esplac! - Esplac\",\"isPartOf\":{\"@id\":\"https:\\\/\\\/www.esplac.cat\\\/#website\"},\"primaryImageOfPage\":{\"@id\":\"https:\\\/\\\/www.esplac.cat\\\/arriba-la-primera-trobada-de-socies-desplac\\\/#primaryimage\"},\"image\":{\"@id\":\"https:\\\/\\\/www.esplac.cat\\\/arriba-la-primera-trobada-de-socies-desplac\\\/#primaryimage\"},\"thumbnailUrl\":\"https:\\\/\\\/www.esplac.cat\\\/wp-content\\\/uploads\\\/2022\\\/05\\\/Portades-Web.jpg\",\"datePublished\":\"2022-05-11T12:00:21+00:00\",\"dateModified\":\"2022-05-26T11:38:42+00:00\",\"description\":\"La primera Trobada de S\u00f2cies d'Esplac ja \u00e9s aqu\u00ed! Que no t'ho expliquin, fes-te s\u00f2cia i participa en motiu del 40\u00e8 aniversari.\",\"breadcrumb\":{\"@id\":\"https:\\\/\\\/www.esplac.cat\\\/arriba-la-primera-trobada-de-socies-desplac\\\/#breadcrumb\"},\"inLanguage\":\"en-US\",\"potentialAction\":[{\"@type\":\"ReadAction\",\"target\":[\"https:\\\/\\\/www.esplac.cat\\\/arriba-la-primera-trobada-de-socies-desplac\\\/\"]}]},{\"@type\":\"ImageObject\",\"inLanguage\":\"en-US\",\"@id\":\"https:\\\/\\\/www.esplac.cat\\\/arriba-la-primera-trobada-de-socies-desplac\\\/#primaryimage\",\"url\":\"https:\\\/\\\/www.esplac.cat\\\/wp-content\\\/uploads\\\/2022\\\/05\\\/Portades-Web.jpg\",\"contentUrl\":\"https:\\\/\\\/www.esplac.cat\\\/wp-content\\\/uploads\\\/2022\\\/05\\\/Portades-Web.jpg\",\"width\":1697,\"height\":700,\"caption\":\"Trobada de S\u00f2cies\"},{\"@type\":\"BreadcrumbList\",\"@id\":\"https:\\\/\\\/www.esplac.cat\\\/arriba-la-primera-trobada-de-socies-desplac\\\/#breadcrumb\",\"itemListElement\":[{\"@type\":\"ListItem\",\"position\":1,\"name\":\"Inici\",\"item\":\"https:\\\/\\\/www.esplac.cat\\\/en\\\/\"},{\"@type\":\"ListItem\",\"position\":2,\"name\":\"Arriba la primera Trobada de S\u00f2cies d&#8217;Esplac!\"}]},{\"@type\":\"WebSite\",\"@id\":\"https:\\\/\\\/www.esplac.cat\\\/#website\",\"url\":\"https:\\\/\\\/www.esplac.cat\\\/\",\"name\":\"Esplac\",\"description\":\"Esplais Catalans\",\"publisher\":{\"@id\":\"https:\\\/\\\/www.esplac.cat\\\/#organization\"},\"potentialAction\":[{\"@type\":\"SearchAction\",\"target\":{\"@type\":\"EntryPoint\",\"urlTemplate\":\"https:\\\/\\\/www.esplac.cat\\\/?s={search_term_string}\"},\"query-input\":{\"@type\":\"PropertyValueSpecification\",\"valueRequired\":true,\"valueName\":\"search_term_string\"}}],\"inLanguage\":\"en-US\"},{\"@type\":\"Organization\",\"@id\":\"https:\\\/\\\/www.esplac.cat\\\/#organization\",\"name\":\"Esplac\",\"url\":\"https:\\\/\\\/www.esplac.cat\\\/\",\"logo\":{\"@type\":\"ImageObject\",\"inLanguage\":\"en-US\",\"@id\":\"https:\\\/\\\/www.esplac.cat\\\/#\\\/schema\\\/logo\\\/image\\\/\",\"url\":\"https:\\\/\\\/www.esplac.cat\\\/wp-content\\\/uploads\\\/2019\\\/08\\\/logox2.png\",\"contentUrl\":\"https:\\\/\\\/www.esplac.cat\\\/wp-content\\\/uploads\\\/2019\\\/08\\\/logox2.png\",\"width\":600,\"height\":295,\"caption\":\"Esplac\"},\"image\":{\"@id\":\"https:\\\/\\\/www.esplac.cat\\\/#\\\/schema\\\/logo\\\/image\\\/\"}},{\"@type\":\"Person\",\"@id\":\"https:\\\/\\\/www.esplac.cat\\\/#\\\/schema\\\/person\\\/908383cf240be18b68f8855d0583faca\",\"name\":\"Comunicaci\u00f3 Esplac\",\"image\":{\"@type\":\"ImageObject\",\"inLanguage\":\"en-US\",\"@id\":\"https:\\\/\\\/secure.gravatar.com\\\/avatar\\\/7a4cf8feb412a76ea4a740ca02d95b06b2907b5a6c648c2dd0a1082a093c3141?s=96&d=mm&r=g\",\"url\":\"https:\\\/\\\/secure.gravatar.com\\\/avatar\\\/7a4cf8feb412a76ea4a740ca02d95b06b2907b5a6c648c2dd0a1082a093c3141?s=96&d=mm&r=g\",\"contentUrl\":\"https:\\\/\\\/secure.gravatar.com\\\/avatar\\\/7a4cf8feb412a76ea4a740ca02d95b06b2907b5a6c648c2dd0a1082a093c3141?s=96&d=mm&r=g\",\"caption\":\"Comunicaci\u00f3 Esplac\"}}]}<\/script>\n<!-- \/ Yoast SEO plugin. -->","yoast_head_json":{"title":"Arriba la primera Trobada de S\u00f2cies d'Esplac! - Esplac","description":"La primera Trobada de S\u00f2cies d'Esplac ja \u00e9s aqu\u00ed! Que no t'ho expliquin, fes-te s\u00f2cia i participa en motiu del 40\u00e8 aniversari.","robots":{"index":"index","follow":"follow","max-snippet":"max-snippet:-1","max-image-preview":"max-image-preview:large","max-video-preview":"max-video-preview:-1"},"canonical":"https:\/\/www.esplac.cat\/arriba-la-primera-trobada-de-socies-desplac\/","og_locale":"en_US","og_type":"article","og_title":"Arriba la primera Trobada de S\u00f2cies d'Esplac! - Esplac","og_description":"La primera Trobada de S\u00f2cies d'Esplac ja \u00e9s aqu\u00ed! Que no t'ho expliquin, fes-te s\u00f2cia i participa en motiu del 40\u00e8 aniversari.","og_url":"https:\/\/www.esplac.cat\/arriba-la-primera-trobada-de-socies-desplac\/","og_site_name":"Esplac","article_published_time":"2022-05-11T12:00:21+00:00","article_modified_time":"2022-05-26T11:38:42+00:00","og_image":[{"width":1697,"height":700,"url":"https:\/\/www.esplac.cat\/wp-content\/uploads\/2022\/05\/Portades-Web.jpg","type":"image\/jpeg"}],"author":"Comunicaci\u00f3 Esplac","twitter_card":"summary_large_image","twitter_misc":{"Written by":"Comunicaci\u00f3 Esplac","Est. reading time":"1 minute"},"schema":{"@context":"https:\/\/schema.org","@graph":[{"@type":"Article","@id":"https:\/\/www.esplac.cat\/arriba-la-primera-trobada-de-socies-desplac\/#article","isPartOf":{"@id":"https:\/\/www.esplac.cat\/arriba-la-primera-trobada-de-socies-desplac\/"},"author":{"name":"Comunicaci\u00f3 Esplac","@id":"https:\/\/www.esplac.cat\/#\/schema\/person\/908383cf240be18b68f8855d0583faca"},"headline":"Arriba la primera Trobada de S\u00f2cies d&#8217;Esplac!","datePublished":"2022-05-11T12:00:21+00:00","dateModified":"2022-05-26T11:38:42+00:00","mainEntityOfPage":{"@id":"https:\/\/www.esplac.cat\/arriba-la-primera-trobada-de-socies-desplac\/"},"wordCount":220,"publisher":{"@id":"https:\/\/www.esplac.cat\/#organization"},"image":{"@id":"https:\/\/www.esplac.cat\/arriba-la-primera-trobada-de-socies-desplac\/#primaryimage"},"thumbnailUrl":"https:\/\/www.esplac.cat\/wp-content\/uploads\/2022\/05\/Portades-Web.jpg","articleSection":["Activitats esplac"],"inLanguage":"en-US"},{"@type":"WebPage","@id":"https:\/\/www.esplac.cat\/arriba-la-primera-trobada-de-socies-desplac\/","url":"https:\/\/www.esplac.cat\/arriba-la-primera-trobada-de-socies-desplac\/","name":"Arriba la primera Trobada de S\u00f2cies d'Esplac! - Esplac","isPartOf":{"@id":"https:\/\/www.esplac.cat\/#website"},"primaryImageOfPage":{"@id":"https:\/\/www.esplac.cat\/arriba-la-primera-trobada-de-socies-desplac\/#primaryimage"},"image":{"@id":"https:\/\/www.esplac.cat\/arriba-la-primera-trobada-de-socies-desplac\/#primaryimage"},"thumbnailUrl":"https:\/\/www.esplac.cat\/wp-content\/uploads\/2022\/05\/Portades-Web.jpg","datePublished":"2022-05-11T12:00:21+00:00","dateModified":"2022-05-26T11:38:42+00:00","description":"La primera Trobada de S\u00f2cies d'Esplac ja \u00e9s aqu\u00ed! Que no t'ho expliquin, fes-te s\u00f2cia i participa en motiu del 40\u00e8 aniversari.","breadcrumb":{"@id":"https:\/\/www.esplac.cat\/arriba-la-primera-trobada-de-socies-desplac\/#breadcrumb"},"inLanguage":"en-US","potentialAction":[{"@type":"ReadAction","target":["https:\/\/www.esplac.cat\/arriba-la-primera-trobada-de-socies-desplac\/"]}]},{"@type":"ImageObject","inLanguage":"en-US","@id":"https:\/\/www.esplac.cat\/arriba-la-primera-trobada-de-socies-desplac\/#primaryimage","url":"https:\/\/www.esplac.cat\/wp-content\/uploads\/2022\/05\/Portades-Web.jpg","contentUrl":"https:\/\/www.esplac.cat\/wp-content\/uploads\/2022\/05\/Portades-Web.jpg","width":1697,"height":700,"caption":"Trobada de S\u00f2cies"},{"@type":"BreadcrumbList","@id":"https:\/\/www.esplac.cat\/arriba-la-primera-trobada-de-socies-desplac\/#breadcrumb","itemListElement":[{"@type":"ListItem","position":1,"name":"Inici","item":"https:\/\/www.esplac.cat\/en\/"},{"@type":"ListItem","position":2,"name":"Arriba la primera Trobada de S\u00f2cies d&#8217;Esplac!"}]},{"@type":"WebSite","@id":"https:\/\/www.esplac.cat\/#website","url":"https:\/\/www.esplac.cat\/","name":"Esplac","description":"Esplais Catalans","publisher":{"@id":"https:\/\/www.esplac.cat\/#organization"},"potentialAction":[{"@type":"SearchAction","target":{"@type":"EntryPoint","urlTemplate":"https:\/\/www.esplac.cat\/?s={search_term_string}"},"query-input":{"@type":"PropertyValueSpecification","valueRequired":true,"valueName":"search_term_string"}}],"inLanguage":"en-US"},{"@type":"Organization","@id":"https:\/\/www.esplac.cat\/#organization","name":"Esplac","url":"https:\/\/www.esplac.cat\/","logo":{"@type":"ImageObject","inLanguage":"en-US","@id":"https:\/\/www.esplac.cat\/#\/schema\/logo\/image\/","url":"https:\/\/www.esplac.cat\/wp-content\/uploads\/2019\/08\/logox2.png","contentUrl":"https:\/\/www.esplac.cat\/wp-content\/uploads\/2019\/08\/logox2.png","width":600,"height":295,"caption":"Esplac"},"image":{"@id":"https:\/\/www.esplac.cat\/#\/schema\/logo\/image\/"}},{"@type":"Person","@id":"https:\/\/www.esplac.cat\/#\/schema\/person\/908383cf240be18b68f8855d0583faca","name":"Comunicaci\u00f3 Esplac","image":{"@type":"ImageObject","inLanguage":"en-US","@id":"https:\/\/secure.gravatar.com\/avatar\/7a4cf8feb412a76ea4a740ca02d95b06b2907b5a6c648c2dd0a1082a093c3141?s=96&d=mm&r=g","url":"https:\/\/secure.gravatar.com\/avatar\/7a4cf8feb412a76ea4a740ca02d95b06b2907b5a6c648c2dd0a1082a093c3141?s=96&d=mm&r=g","contentUrl":"https:\/\/secure.gravatar.com\/avatar\/7a4cf8feb412a76ea4a740ca02d95b06b2907b5a6c648c2dd0a1082a093c3141?s=96&d=mm&r=g","caption":"Comunicaci\u00f3 Esplac"}}]}},"_links":{"self":[{"href":"https:\/\/www.esplac.cat\/en\/wp-json\/wp\/v2\/posts\/40394","targetHints":{"allow":["GET"]}}],"collection":[{"href":"https:\/\/www.esplac.cat\/en\/wp-json\/wp\/v2\/posts"}],"about":[{"href":"https:\/\/www.esplac.cat\/en\/wp-json\/wp\/v2\/types\/post"}],"author":[{"embeddable":true,"href":"https:\/\/www.esplac.cat\/en\/wp-json\/wp\/v2\/users\/3"}],"replies":[{"embeddable":true,"href":"https:\/\/www.esplac.cat\/en\/wp-json\/wp\/v2\/comments?post=40394"}],"version-history":[{"count":0,"href":"https:\/\/www.esplac.cat\/en\/wp-json\/wp\/v2\/posts\/40394\/revisions"}],"wp:featuredmedia":[{"embeddable":true,"href":"https:\/\/www.esplac.cat\/en\/wp-json\/wp\/v2\/media\/40395"}],"wp:attachment":[{"href":"https:\/\/www.esplac.cat\/en\/wp-json\/wp\/v2\/media?parent=40394"}],"wp:term":[{"taxonomy":"category","embeddable":true,"href":"https:\/\/www.esplac.cat\/en\/wp-json\/wp\/v2\/categories?post=40394"},{"taxonomy":"post_tag","embeddable":true,"href":"https:\/\/www.esplac.cat\/en\/wp-json\/wp\/v2\/tags?post=40394"}],"curies":[{"name":"wp","href":"https:\/\/api.w.org\/{rel}","templated":true}]}}