{"id":40407,"date":"2022-05-13T14:20:24","date_gmt":"2022-05-13T12:20:24","guid":{"rendered":"https:\/\/www.esplac.cat\/?p=40407"},"modified":"2022-06-02T14:19:47","modified_gmt":"2022-06-02T12:19:47","slug":"vols-participar-duna-formacio-internacional-participa-a-la-summer-school-2022","status":"publish","type":"post","link":"https:\/\/www.esplac.cat\/en\/vols-participar-duna-formacio-internacional-participa-a-la-summer-school-2022\/","title":{"rendered":"Vols participar d\u2019una formaci\u00f3 internacional? Participa a la Summer School 2022!"},"content":{"rendered":"<div class=\"fusion-fullwidth fullwidth-box fusion-builder-row-1 nonhundred-percent-fullwidth non-hundred-percent-height-scrolling\" style=\"--awb-border-radius-top-left:0px;--awb-border-radius-top-right:0px;--awb-border-radius-bottom-right:0px;--awb-border-radius-bottom-left:0px;--awb-flex-wrap:wrap;\" ><div class=\"fusion-builder-row fusion-row\"><div class=\"fusion-layout-column fusion_builder_column fusion-builder-column-0 fusion_builder_column_1_1 1_1 fusion-one-full fusion-column-first fusion-column-last\" style=\"--awb-bg-size:cover;--awb-margin-bottom:0px;\"><div class=\"fusion-column-wrapper fusion-flex-column-wrapper-legacy\"><div class=\"fusion-text fusion-text-1\"><h6><strong><i>El Centre Kurt Low\u00ebnstein organitza un any m\u00e9s aquesta trobada formativa, que aquest any porta per lema \u201cFridays for a Socialist Future!\u201d<\/i><\/strong><\/h6>\n<p><span style=\"font-weight: 300;\">Aquest any la <\/span><i><span style=\"font-weight: 300;\">Summer School<\/span><\/i><span style=\"font-weight: 300;\"> tractar\u00e0 sobre les dificultats que experimentem per lluitar contra la imminent amena\u00e7a de l\u2019emerg\u00e8ncia clim\u00e0tica -i els conseq\u00fcents reptes socials- en un m\u00f3n capitalista.<\/span><\/p>\n<p><span style=\"font-weight: 300;\">L\u2019escalfament global ja afecta el dia a dia de les nostres vides i els efectes empitjoraran en els propers anys, especialment pels pa\u00efsos del <\/span><span style=\"color: #f69d0b;\"><a style=\"color: #f69d0b;\" href=\"https:\/\/ca.wikipedia.org\/wiki\/Sud_global\"><span style=\"font-weight: 300;\">sud global<\/span><\/a><\/span><span style=\"font-weight: 300;\">. Cada any s\u2019exploten m\u00e9s recursos que augmenten la riquesa dels rics i impulsen encara m\u00e9s l\u2019escalfament clim\u00e0tic.<\/span><\/p>\n<p><span style=\"font-weight: 300;\">El seminari introduir\u00e0 els fets i evid\u00e8ncia cient\u00edfica sobre el clima i treballar\u00e0 per implementar una transformaci\u00f3 socialista i ecologista. El principal repte de la formaci\u00f3 ser\u00e0 treballar la just\u00edcia social, clim\u00e0tica i global en conjunt. Cada participant podr\u00e0 escollir un itinerari tem\u00e0tic, i formar\u00e0 part d\u2019un grup internacional divers d\u2019activistes i monis, en qu\u00e8 cadasc\u00fa podr\u00e0 aportar la seva visi\u00f3 i experi\u00e8ncia local.<\/span><\/p>\n<p>\u00a0<\/p>\n<p><b>T\u00edtol de l\u2019activitat:\u00a0 <\/b><span style=\"color: #f69d0b;\"><a style=\"color: #f69d0b;\" href=\"https:\/\/www.kurt-loewenstein.de\/node\/2304\/\"><i><span style=\"font-weight: 400;\">Linking climate and social justice: Fridays for a Socialist Future!<\/span><\/i><\/a><\/span><\/p>\n<p><b>Dates:<\/b><span style=\"font-weight: 400;\"> del 17 al 24 de juliol 2022<\/span><\/p>\n<p><b>Lloc:<\/b><span style=\"font-weight: 400;\"> Centre Kurt L\u00f6wenstein (Werftpfuhl &#8211; Alemanya)<\/span><\/p>\n<p><b>Cost:<\/b><span style=\"font-weight: 400;\"> 70\u20ac (inclou allotjament, \u00e0pats i viatge)<\/span><\/p>\n<p><b>Idioma de treball: <\/b><span style=\"font-weight: 400;\">Angl\u00e8s (cal tenir un nivell adequat per tal de poder participar plenament de l\u2019activitat)<\/span><\/p>\n<p>\u00a0<\/p>\n<p><b>Com m\u2019inscric? <\/b><span style=\"font-weight: 400;\">A trav\u00e9s de <span style=\"color: #f69d0b;\"><a style=\"color: #f69d0b;\" href=\"https:\/\/era.esplac.cat\/#\/gestio-personal\/activitats\">l\u2019Era<\/a><\/span>!<\/span><\/p>\n<p><b>El termini era fins el 31 de maig, per\u00f2 ampliem uns dies m\u00e9s! <\/b><span style=\"font-weight: 400;\">Un cop tancat el per\u00edode d\u2019inscripci\u00f3 t\u2019informarem si has estat seleccionada per participar en aquest seminari. Queden encara 3 places disponibles!<\/span><\/p>\n<p><b>M\u00e9s informaci\u00f3 i contacte: <\/b><span style=\"color: #f69d0b;\"><span style=\"font-weight: 400;\">\u00a0<\/span><a style=\"color: #f69d0b;\" href=\"mailto:internacional@esplac.cat\"><span style=\"font-weight: 400;\">internacional@esplac.cat<\/span><\/a><\/span><span style=\"font-weight: 400;\"><span style=\"color: #f69d0b;\">\u00a0 <span style=\"color: #000000;\">\/<\/span><\/span><span style=\"color: #000000;\"> 722<\/span> 67 21 66<\/span><\/p>\n<p><b>Informaci\u00f3 relacionada amb la Covid-19<\/b><\/p>\n<p><span style=\"font-weight: 400;\">El Centre Kurt Low\u00ebnstein segueix un protocol sanitari per evitar els contagis per Covid-19 durant les seves formacions. Es segueixen unes normes d\u2019higiene (com portar mascareta en espais tancats) i es treballa per grups. Per entrar al centre <\/span><b>fa falta el certificat de vacunaci\u00f3 (<\/b><b>tres dosis<\/b><b>), certificat de recuperaci\u00f3 o b\u00e9 certificat de vacunaci\u00f3 (dos dosis) amb un test negatiu<\/b><span style=\"font-weight: 400;\">. Fins ara han dut a terme satisfact\u00f2riament totes les formacions i confien en qu\u00e8 el seminari ser\u00e0 possible. En cas de cancel\u00b7laci\u00f3 no s\u2019haur\u00e0 de pagar cap quota. La informaci\u00f3 actualitzada sobre els requisits d\u2019entrada els podeu trobar a:<span style=\"color: #f69d0b;\"> <a style=\"color: #f69d0b;\" href=\"https:\/\/www.auswaertiges-amt.de\/en\/coronavirus\/2317268\">https:\/\/www.auswaertiges-amt.de\/en\/coronavirus\/2317268<\/a><\/span><\/span><\/p>\n<p>\u00a0<\/p>\n<\/div><div class=\"fusion-clearfix\"><\/div><\/div><\/div><\/div><\/div>\n","protected":false},"excerpt":{"rendered":"","protected":false},"author":3,"featured_media":40411,"comment_status":"closed","ping_status":"closed","sticky":false,"template":"","format":"standard","meta":{"om_disable_all_campaigns":false,"_monsterinsights_skip_tracking":false,"_monsterinsights_sitenote_active":false,"_monsterinsights_sitenote_note":"","_monsterinsights_sitenote_category":0,"_uf_show_specific_survey":0,"_uf_disable_surveys":false,"footnotes":""},"categories":[1111,1112],"tags":[],"class_list":["post-40407","post","type-post","status-publish","format-standard","has-post-thumbnail","hentry","category-activitats-esplac","category-esplac-al-mon"],"yoast_head":"<!-- This site is optimized with the Yoast SEO plugin v27.5 - https:\/\/yoast.com\/product\/yoast-seo-wordpress\/ -->\n<title>Vols participar d\u2019una formaci\u00f3 internacional? Participa a la Summer School 2022! - Esplac<\/title>\n<meta name=\"robots\" content=\"index, follow, max-snippet:-1, max-image-preview:large, max-video-preview:-1\" \/>\n<link rel=\"canonical\" href=\"https:\/\/www.esplac.cat\/en\/vols-participar-duna-formacio-internacional-participa-a-la-summer-school-2022\/\" \/>\n<meta property=\"og:locale\" content=\"en_US\" \/>\n<meta property=\"og:type\" content=\"article\" \/>\n<meta property=\"og:title\" content=\"Vols participar d\u2019una formaci\u00f3 internacional? Participa a la Summer School 2022! - Esplac\" \/>\n<meta property=\"og:url\" content=\"https:\/\/www.esplac.cat\/en\/vols-participar-duna-formacio-internacional-participa-a-la-summer-school-2022\/\" \/>\n<meta property=\"og:site_name\" content=\"Esplac\" \/>\n<meta property=\"article:published_time\" content=\"2022-05-13T12:20:24+00:00\" \/>\n<meta property=\"article:modified_time\" content=\"2022-06-02T12:19:47+00:00\" \/>\n<meta property=\"og:image\" content=\"https:\/\/www.esplac.cat\/wp-content\/uploads\/2022\/05\/2.jpg\" \/>\n\t<meta property=\"og:image:width\" content=\"1697\" \/>\n\t<meta property=\"og:image:height\" content=\"700\" \/>\n\t<meta property=\"og:image:type\" content=\"image\/jpeg\" \/>\n<meta name=\"author\" content=\"Comunicaci\u00f3 Esplac\" \/>\n<meta name=\"twitter:card\" content=\"summary_large_image\" \/>\n<meta name=\"twitter:label1\" content=\"Written by\" \/>\n\t<meta name=\"twitter:data1\" content=\"Comunicaci\u00f3 Esplac\" \/>\n\t<meta name=\"twitter:label2\" content=\"Est. reading time\" \/>\n\t<meta name=\"twitter:data2\" content=\"3 minutes\" \/>\n<script type=\"application\/ld+json\" class=\"yoast-schema-graph\">{\"@context\":\"https:\\\/\\\/schema.org\",\"@graph\":[{\"@type\":\"Article\",\"@id\":\"https:\\\/\\\/www.esplac.cat\\\/en\\\/vols-participar-duna-formacio-internacional-participa-a-la-summer-school-2022\\\/#article\",\"isPartOf\":{\"@id\":\"https:\\\/\\\/www.esplac.cat\\\/en\\\/vols-participar-duna-formacio-internacional-participa-a-la-summer-school-2022\\\/\"},\"author\":{\"name\":\"Comunicaci\u00f3 Esplac\",\"@id\":\"https:\\\/\\\/www.esplac.cat\\\/#\\\/schema\\\/person\\\/908383cf240be18b68f8855d0583faca\"},\"headline\":\"Vols participar d\u2019una formaci\u00f3 internacional? Participa a la Summer School 2022!\",\"datePublished\":\"2022-05-13T12:20:24+00:00\",\"dateModified\":\"2022-06-02T12:19:47+00:00\",\"mainEntityOfPage\":{\"@id\":\"https:\\\/\\\/www.esplac.cat\\\/en\\\/vols-participar-duna-formacio-internacional-participa-a-la-summer-school-2022\\\/\"},\"wordCount\":575,\"publisher\":{\"@id\":\"https:\\\/\\\/www.esplac.cat\\\/#organization\"},\"image\":{\"@id\":\"https:\\\/\\\/www.esplac.cat\\\/en\\\/vols-participar-duna-formacio-internacional-participa-a-la-summer-school-2022\\\/#primaryimage\"},\"thumbnailUrl\":\"https:\\\/\\\/www.esplac.cat\\\/wp-content\\\/uploads\\\/2022\\\/05\\\/2.jpg\",\"articleSection\":[\"Activitats esplac\",\"Esplac al m\u00f3n\"],\"inLanguage\":\"en-US\"},{\"@type\":\"WebPage\",\"@id\":\"https:\\\/\\\/www.esplac.cat\\\/en\\\/vols-participar-duna-formacio-internacional-participa-a-la-summer-school-2022\\\/\",\"url\":\"https:\\\/\\\/www.esplac.cat\\\/en\\\/vols-participar-duna-formacio-internacional-participa-a-la-summer-school-2022\\\/\",\"name\":\"Vols participar d\u2019una formaci\u00f3 internacional? Participa a la Summer School 2022! - Esplac\",\"isPartOf\":{\"@id\":\"https:\\\/\\\/www.esplac.cat\\\/#website\"},\"primaryImageOfPage\":{\"@id\":\"https:\\\/\\\/www.esplac.cat\\\/en\\\/vols-participar-duna-formacio-internacional-participa-a-la-summer-school-2022\\\/#primaryimage\"},\"image\":{\"@id\":\"https:\\\/\\\/www.esplac.cat\\\/en\\\/vols-participar-duna-formacio-internacional-participa-a-la-summer-school-2022\\\/#primaryimage\"},\"thumbnailUrl\":\"https:\\\/\\\/www.esplac.cat\\\/wp-content\\\/uploads\\\/2022\\\/05\\\/2.jpg\",\"datePublished\":\"2022-05-13T12:20:24+00:00\",\"dateModified\":\"2022-06-02T12:19:47+00:00\",\"breadcrumb\":{\"@id\":\"https:\\\/\\\/www.esplac.cat\\\/en\\\/vols-participar-duna-formacio-internacional-participa-a-la-summer-school-2022\\\/#breadcrumb\"},\"inLanguage\":\"en-US\",\"potentialAction\":[{\"@type\":\"ReadAction\",\"target\":[\"https:\\\/\\\/www.esplac.cat\\\/en\\\/vols-participar-duna-formacio-internacional-participa-a-la-summer-school-2022\\\/\"]}]},{\"@type\":\"ImageObject\",\"inLanguage\":\"en-US\",\"@id\":\"https:\\\/\\\/www.esplac.cat\\\/en\\\/vols-participar-duna-formacio-internacional-participa-a-la-summer-school-2022\\\/#primaryimage\",\"url\":\"https:\\\/\\\/www.esplac.cat\\\/wp-content\\\/uploads\\\/2022\\\/05\\\/2.jpg\",\"contentUrl\":\"https:\\\/\\\/www.esplac.cat\\\/wp-content\\\/uploads\\\/2022\\\/05\\\/2.jpg\",\"width\":1697,\"height\":700},{\"@type\":\"BreadcrumbList\",\"@id\":\"https:\\\/\\\/www.esplac.cat\\\/en\\\/vols-participar-duna-formacio-internacional-participa-a-la-summer-school-2022\\\/#breadcrumb\",\"itemListElement\":[{\"@type\":\"ListItem\",\"position\":1,\"name\":\"Inici\",\"item\":\"https:\\\/\\\/www.esplac.cat\\\/en\\\/\"},{\"@type\":\"ListItem\",\"position\":2,\"name\":\"Vols participar d\u2019una formaci\u00f3 internacional? Participa a la Summer School 2022!\"}]},{\"@type\":\"WebSite\",\"@id\":\"https:\\\/\\\/www.esplac.cat\\\/#website\",\"url\":\"https:\\\/\\\/www.esplac.cat\\\/\",\"name\":\"Esplac\",\"description\":\"Esplais Catalans\",\"publisher\":{\"@id\":\"https:\\\/\\\/www.esplac.cat\\\/#organization\"},\"potentialAction\":[{\"@type\":\"SearchAction\",\"target\":{\"@type\":\"EntryPoint\",\"urlTemplate\":\"https:\\\/\\\/www.esplac.cat\\\/?s={search_term_string}\"},\"query-input\":{\"@type\":\"PropertyValueSpecification\",\"valueRequired\":true,\"valueName\":\"search_term_string\"}}],\"inLanguage\":\"en-US\"},{\"@type\":\"Organization\",\"@id\":\"https:\\\/\\\/www.esplac.cat\\\/#organization\",\"name\":\"Esplac\",\"url\":\"https:\\\/\\\/www.esplac.cat\\\/\",\"logo\":{\"@type\":\"ImageObject\",\"inLanguage\":\"en-US\",\"@id\":\"https:\\\/\\\/www.esplac.cat\\\/#\\\/schema\\\/logo\\\/image\\\/\",\"url\":\"https:\\\/\\\/www.esplac.cat\\\/wp-content\\\/uploads\\\/2019\\\/08\\\/logox2.png\",\"contentUrl\":\"https:\\\/\\\/www.esplac.cat\\\/wp-content\\\/uploads\\\/2019\\\/08\\\/logox2.png\",\"width\":600,\"height\":295,\"caption\":\"Esplac\"},\"image\":{\"@id\":\"https:\\\/\\\/www.esplac.cat\\\/#\\\/schema\\\/logo\\\/image\\\/\"}},{\"@type\":\"Person\",\"@id\":\"https:\\\/\\\/www.esplac.cat\\\/#\\\/schema\\\/person\\\/908383cf240be18b68f8855d0583faca\",\"name\":\"Comunicaci\u00f3 Esplac\",\"image\":{\"@type\":\"ImageObject\",\"inLanguage\":\"en-US\",\"@id\":\"https:\\\/\\\/secure.gravatar.com\\\/avatar\\\/7a4cf8feb412a76ea4a740ca02d95b06b2907b5a6c648c2dd0a1082a093c3141?s=96&d=mm&r=g\",\"url\":\"https:\\\/\\\/secure.gravatar.com\\\/avatar\\\/7a4cf8feb412a76ea4a740ca02d95b06b2907b5a6c648c2dd0a1082a093c3141?s=96&d=mm&r=g\",\"contentUrl\":\"https:\\\/\\\/secure.gravatar.com\\\/avatar\\\/7a4cf8feb412a76ea4a740ca02d95b06b2907b5a6c648c2dd0a1082a093c3141?s=96&d=mm&r=g\",\"caption\":\"Comunicaci\u00f3 Esplac\"}}]}<\/script>\n<!-- \/ Yoast SEO plugin. -->","yoast_head_json":{"title":"Vols participar d\u2019una formaci\u00f3 internacional? Participa a la Summer School 2022! - Esplac","robots":{"index":"index","follow":"follow","max-snippet":"max-snippet:-1","max-image-preview":"max-image-preview:large","max-video-preview":"max-video-preview:-1"},"canonical":"https:\/\/www.esplac.cat\/en\/vols-participar-duna-formacio-internacional-participa-a-la-summer-school-2022\/","og_locale":"en_US","og_type":"article","og_title":"Vols participar d\u2019una formaci\u00f3 internacional? Participa a la Summer School 2022! - Esplac","og_url":"https:\/\/www.esplac.cat\/en\/vols-participar-duna-formacio-internacional-participa-a-la-summer-school-2022\/","og_site_name":"Esplac","article_published_time":"2022-05-13T12:20:24+00:00","article_modified_time":"2022-06-02T12:19:47+00:00","og_image":[{"width":1697,"height":700,"url":"https:\/\/www.esplac.cat\/wp-content\/uploads\/2022\/05\/2.jpg","type":"image\/jpeg"}],"author":"Comunicaci\u00f3 Esplac","twitter_card":"summary_large_image","twitter_misc":{"Written by":"Comunicaci\u00f3 Esplac","Est. reading time":"3 minutes"},"schema":{"@context":"https:\/\/schema.org","@graph":[{"@type":"Article","@id":"https:\/\/www.esplac.cat\/en\/vols-participar-duna-formacio-internacional-participa-a-la-summer-school-2022\/#article","isPartOf":{"@id":"https:\/\/www.esplac.cat\/en\/vols-participar-duna-formacio-internacional-participa-a-la-summer-school-2022\/"},"author":{"name":"Comunicaci\u00f3 Esplac","@id":"https:\/\/www.esplac.cat\/#\/schema\/person\/908383cf240be18b68f8855d0583faca"},"headline":"Vols participar d\u2019una formaci\u00f3 internacional? Participa a la Summer School 2022!","datePublished":"2022-05-13T12:20:24+00:00","dateModified":"2022-06-02T12:19:47+00:00","mainEntityOfPage":{"@id":"https:\/\/www.esplac.cat\/en\/vols-participar-duna-formacio-internacional-participa-a-la-summer-school-2022\/"},"wordCount":575,"publisher":{"@id":"https:\/\/www.esplac.cat\/#organization"},"image":{"@id":"https:\/\/www.esplac.cat\/en\/vols-participar-duna-formacio-internacional-participa-a-la-summer-school-2022\/#primaryimage"},"thumbnailUrl":"https:\/\/www.esplac.cat\/wp-content\/uploads\/2022\/05\/2.jpg","articleSection":["Activitats esplac","Esplac al m\u00f3n"],"inLanguage":"en-US"},{"@type":"WebPage","@id":"https:\/\/www.esplac.cat\/en\/vols-participar-duna-formacio-internacional-participa-a-la-summer-school-2022\/","url":"https:\/\/www.esplac.cat\/en\/vols-participar-duna-formacio-internacional-participa-a-la-summer-school-2022\/","name":"Vols participar d\u2019una formaci\u00f3 internacional? Participa a la Summer School 2022! - Esplac","isPartOf":{"@id":"https:\/\/www.esplac.cat\/#website"},"primaryImageOfPage":{"@id":"https:\/\/www.esplac.cat\/en\/vols-participar-duna-formacio-internacional-participa-a-la-summer-school-2022\/#primaryimage"},"image":{"@id":"https:\/\/www.esplac.cat\/en\/vols-participar-duna-formacio-internacional-participa-a-la-summer-school-2022\/#primaryimage"},"thumbnailUrl":"https:\/\/www.esplac.cat\/wp-content\/uploads\/2022\/05\/2.jpg","datePublished":"2022-05-13T12:20:24+00:00","dateModified":"2022-06-02T12:19:47+00:00","breadcrumb":{"@id":"https:\/\/www.esplac.cat\/en\/vols-participar-duna-formacio-internacional-participa-a-la-summer-school-2022\/#breadcrumb"},"inLanguage":"en-US","potentialAction":[{"@type":"ReadAction","target":["https:\/\/www.esplac.cat\/en\/vols-participar-duna-formacio-internacional-participa-a-la-summer-school-2022\/"]}]},{"@type":"ImageObject","inLanguage":"en-US","@id":"https:\/\/www.esplac.cat\/en\/vols-participar-duna-formacio-internacional-participa-a-la-summer-school-2022\/#primaryimage","url":"https:\/\/www.esplac.cat\/wp-content\/uploads\/2022\/05\/2.jpg","contentUrl":"https:\/\/www.esplac.cat\/wp-content\/uploads\/2022\/05\/2.jpg","width":1697,"height":700},{"@type":"BreadcrumbList","@id":"https:\/\/www.esplac.cat\/en\/vols-participar-duna-formacio-internacional-participa-a-la-summer-school-2022\/#breadcrumb","itemListElement":[{"@type":"ListItem","position":1,"name":"Inici","item":"https:\/\/www.esplac.cat\/en\/"},{"@type":"ListItem","position":2,"name":"Vols participar d\u2019una formaci\u00f3 internacional? Participa a la Summer School 2022!"}]},{"@type":"WebSite","@id":"https:\/\/www.esplac.cat\/#website","url":"https:\/\/www.esplac.cat\/","name":"Esplac","description":"Esplais Catalans","publisher":{"@id":"https:\/\/www.esplac.cat\/#organization"},"potentialAction":[{"@type":"SearchAction","target":{"@type":"EntryPoint","urlTemplate":"https:\/\/www.esplac.cat\/?s={search_term_string}"},"query-input":{"@type":"PropertyValueSpecification","valueRequired":true,"valueName":"search_term_string"}}],"inLanguage":"en-US"},{"@type":"Organization","@id":"https:\/\/www.esplac.cat\/#organization","name":"Esplac","url":"https:\/\/www.esplac.cat\/","logo":{"@type":"ImageObject","inLanguage":"en-US","@id":"https:\/\/www.esplac.cat\/#\/schema\/logo\/image\/","url":"https:\/\/www.esplac.cat\/wp-content\/uploads\/2019\/08\/logox2.png","contentUrl":"https:\/\/www.esplac.cat\/wp-content\/uploads\/2019\/08\/logox2.png","width":600,"height":295,"caption":"Esplac"},"image":{"@id":"https:\/\/www.esplac.cat\/#\/schema\/logo\/image\/"}},{"@type":"Person","@id":"https:\/\/www.esplac.cat\/#\/schema\/person\/908383cf240be18b68f8855d0583faca","name":"Comunicaci\u00f3 Esplac","image":{"@type":"ImageObject","inLanguage":"en-US","@id":"https:\/\/secure.gravatar.com\/avatar\/7a4cf8feb412a76ea4a740ca02d95b06b2907b5a6c648c2dd0a1082a093c3141?s=96&d=mm&r=g","url":"https:\/\/secure.gravatar.com\/avatar\/7a4cf8feb412a76ea4a740ca02d95b06b2907b5a6c648c2dd0a1082a093c3141?s=96&d=mm&r=g","contentUrl":"https:\/\/secure.gravatar.com\/avatar\/7a4cf8feb412a76ea4a740ca02d95b06b2907b5a6c648c2dd0a1082a093c3141?s=96&d=mm&r=g","caption":"Comunicaci\u00f3 Esplac"}}]}},"_links":{"self":[{"href":"https:\/\/www.esplac.cat\/en\/wp-json\/wp\/v2\/posts\/40407","targetHints":{"allow":["GET"]}}],"collection":[{"href":"https:\/\/www.esplac.cat\/en\/wp-json\/wp\/v2\/posts"}],"about":[{"href":"https:\/\/www.esplac.cat\/en\/wp-json\/wp\/v2\/types\/post"}],"author":[{"embeddable":true,"href":"https:\/\/www.esplac.cat\/en\/wp-json\/wp\/v2\/users\/3"}],"replies":[{"embeddable":true,"href":"https:\/\/www.esplac.cat\/en\/wp-json\/wp\/v2\/comments?post=40407"}],"version-history":[{"count":0,"href":"https:\/\/www.esplac.cat\/en\/wp-json\/wp\/v2\/posts\/40407\/revisions"}],"wp:featuredmedia":[{"embeddable":true,"href":"https:\/\/www.esplac.cat\/en\/wp-json\/wp\/v2\/media\/40411"}],"wp:attachment":[{"href":"https:\/\/www.esplac.cat\/en\/wp-json\/wp\/v2\/media?parent=40407"}],"wp:term":[{"taxonomy":"category","embeddable":true,"href":"https:\/\/www.esplac.cat\/en\/wp-json\/wp\/v2\/categories?post=40407"},{"taxonomy":"post_tag","embeddable":true,"href":"https:\/\/www.esplac.cat\/en\/wp-json\/wp\/v2\/tags?post=40407"}],"curies":[{"name":"wp","href":"https:\/\/api.w.org\/{rel}","templated":true}]}}