{"id":40419,"date":"2022-05-13T14:24:31","date_gmt":"2022-05-13T12:24:31","guid":{"rendered":"https:\/\/www.esplac.cat\/?p=40419"},"modified":"2023-01-26T14:06:21","modified_gmt":"2023-01-26T12:06:21","slug":"arrenca-el-projecte-journey-of-youth-leadership-thi-apuntes","status":"publish","type":"post","link":"https:\/\/www.esplac.cat\/en\/arrenca-el-projecte-journey-of-youth-leadership-thi-apuntes\/","title":{"rendered":"Arrenca el projecte \u201cJourney of Youth Leadership\u201d, t\u2019hi apuntes?"},"content":{"rendered":"<div class=\"fusion-fullwidth fullwidth-box fusion-builder-row-1 fusion-flex-container nonhundred-percent-fullwidth non-hundred-percent-height-scrolling\" style=\"--awb-border-radius-top-left:0px;--awb-border-radius-top-right:0px;--awb-border-radius-bottom-right:0px;--awb-border-radius-bottom-left:0px;--awb-flex-wrap:wrap;\" ><div class=\"fusion-builder-row fusion-row fusion-flex-align-items-flex-start fusion-flex-content-wrap\" style=\"max-width:1248px;margin-left: calc(-4% \/ 2 );margin-right: calc(-4% \/ 2 );\"><div class=\"fusion-layout-column fusion_builder_column fusion-builder-column-0 fusion_builder_column_1_1 1_1 fusion-flex-column\" style=\"--awb-bg-size:cover;--awb-width-large:100%;--awb-margin-top-large:0px;--awb-spacing-right-large:1.92%;--awb-margin-bottom-large:0px;--awb-spacing-left-large:1.92%;--awb-width-medium:100%;--awb-spacing-right-medium:1.92%;--awb-spacing-left-medium:1.92%;--awb-width-small:100%;--awb-spacing-right-small:1.92%;--awb-spacing-left-small:1.92%;\"><div class=\"fusion-column-wrapper fusion-flex-justify-content-flex-start fusion-content-layout-column\"><div class=\"fusion-text fusion-text-1\" style=\"--awb-text-transform:none;\"><h6><strong><i>Esplac forma part d\u2019aquest projecte internacional, coordinat per la IFM-SEI, i busquem participants per les trobades que hi ha al llarg del curs!<\/i><\/strong><\/h6>\n<p><a href=\"https:\/\/ifm-sei.org\/projects\/journey-of-youth-leadership\/\"><i><span style=\"font-weight: 300;\"><span style=\"color: #f69d0b;\">The Journey of Youth Leadership<\/span><\/span><\/i><\/a><span style=\"font-weight: 300;\"> \u00e9s un projecte internacional, coordinat per la IFM-SEI en col\u00b7laboraci\u00f3 amb organitzacions d\u2019educaci\u00f3 formal d\u2019arreu del m\u00f3n (Xile, \u00cdndia, Senegal, Mali, \u00c0ustria\u2026) del qual Esplac en formem part!\u00a0<\/span><\/p>\n<p><span style=\"font-weight: 300;\">Des d\u2019aquest 2022 fins a finals de 2023 hi haur\u00e0 diferents trobades (tant internacionals com a nivell nacional) per tal de reflexionar i formar-se al voltant de la <\/span><b>participaci\u00f3 i lideratge juvenil<\/b><span style=\"font-weight: 300;\">, la <\/span><b>democr\u00e0cia interna <\/b><span style=\"font-weight: 300;\">a les organitzacions i con\u00e8ixer bones pr\u00e0ctiques sobre governan\u00e7a, criteris de transpar\u00e8ncia i relleu generacional.<\/span><\/p>\n<p><span style=\"font-weight: 300;\">El projecte est\u00e0 adre\u00e7at, principalment, a joves d\u2019entre 18 i 25 anys; ja siguin dirigents de les entitats o que els motivi con\u00e8ixer i debatre al voltant dels nous lideratges i adquirir habilitats per portar-ho a terme al seu context local -ja sigui a l\u2019esplai, al sector o a Esplac-.<\/span><\/p>\n<p><span style=\"font-weight: 300;\">Al llarg del curs anirem obrint convocat\u00f2ries per les activitats previstes per aquest projecte. Ara mateix, <\/span><b>busquem participants per a dues trobades internacionals que tindran lloc al juny i a l\u2019agost!<\/b><\/p>\n<\/div><div style=\"text-align:left;\"><a class=\"fusion-button button-flat fusion-button-default-size button-default fusion-button-default button-1 fusion-button-default-span fusion-button-default-type\" target=\"_self\" href=\"https:\/\/www.esplac.cat\/journey-of-youth-leadership-1\/\"><span class=\"fusion-button-text\">DESCARREGA LA INFOGRAFIA<\/span><\/a><\/div><div class=\"fusion-text fusion-text-2\" style=\"--awb-text-transform:none;\"><table>\n<tbody>\n<tr>\n<td><b>Good governance training<\/b><\/p>\n<p><i>Esplac acull aquesta activitat internacional que tindr\u00e0 per objectiu con\u00e8ixer i compartir l\u2019experi\u00e8ncia de cada entitat pel que fa a l&#8217;organitzaci\u00f3 i democr\u00e0cia interna. Es treballar\u00e0 sobre com incrementar la participaci\u00f3 infantil i juvenil, el relleu generacional o transpar\u00e8ncia en la presa de decisions. Hi participaran una dirigent i una monitora de cada associaci\u00f3.<\/i><\/p>\n<p><b>Dates:<\/b> del 21 al 26 de juny<\/p>\n<p><b>Lloc:<\/b> Alberg els Caus de Mura (Mura, Barcelona)<\/p>\n<p><b>Cost:<\/b> 72\u20ac (inclou allotjament, \u00e0pats i transport d\u2019anada i tornada amb autocar)<\/p>\n<p><b>Places<\/b>: 2 places en total<\/td>\n<\/tr>\n<\/tbody>\n<\/table>\n<table>\n<tbody>\n<tr>\n<td><b>Leadership Academy<\/b><\/p>\n<p><i><span style=\"font-weight: 400;\">Aquesta formaci\u00f3 internacional tindr\u00e0 lloc durant la Common Ground, aix\u00ed que les participants viuran una experi\u00e8ncia doble, participar del seminari formatiu i alhora viure en primera persona un campament amb m\u00e9s de 2000 infants, joves i monis d\u2019arreu del m\u00f3n! Es faran tallers i sessions per formar-se en disseny estrat\u00e8gic de projectes, treball en equip, parlar en p\u00fablic i tot un seguit d\u2019habilitats per apoderar els lideratges juvenils.<\/span><\/i><\/p>\n<p><b>Dates:<\/b><span style=\"font-weight: 400;\"> del 29 de juliol al 8 d\u2019agost<\/span><\/p>\n<p><b>Lloc<\/b><span style=\"font-weight: 400;\">: al campament de la <\/span><a href=\"https:\/\/www.commonground.camp\/about\/\"><span style=\"font-weight: 400;\"><span style=\"color: #f69d0b;\">Common Ground<\/span><\/span><\/a><span style=\"font-weight: 400;\"> (Kelmarsh, Regne Unit)<\/span><\/p>\n<p><b>Cost: <\/b><span style=\"font-weight: 400;\">120\u20ac (inclou allotjament, \u00e0pats i vols*)<\/span><\/p>\n<p><b>Requisits:<\/b><span style=\"font-weight: 400;\"> tenir entre 16 i 25 anys<\/span><\/p>\n<p><b>Places:<\/b><span style=\"font-weight: 400;\"> 4 places en total<\/span><\/p>\n<p><span style=\"font-weight: 400;\">*se\u2019t retornar\u00e0 fins a 250\u20ac en concepte de transport<\/span><\/td>\n<\/tr>\n<\/tbody>\n<\/table>\n<p><b>Idioma de treball: <\/b><span style=\"font-weight: 400;\">Angl\u00e8s i\/o Castell\u00e0 (cal tenir un nivell adequat per tal de poder participar plenament de l\u2019activitat). Hi haur\u00e0 una persona fent interpretaci\u00f3 castell\u00e0 \u2190\u2192angl\u00e8s.<\/span><\/p>\n<p><b>Com m\u2019inscric? <\/b><span style=\"font-weight: 400;\">Escriu a <\/span><span style=\"color: #f69d0b;\"><a style=\"color: #f69d0b;\" href=\"mailto:internacional@esplac.cat\"><span style=\"font-weight: 400;\">internacional@esplac.cat<\/span><\/a><\/span><span style=\"font-weight: 400;\"> o al 722 67 21 66 i fes la teva inscripci\u00f3 a trav\u00e9s de <span style=\"color: #f69d0b;\"><a style=\"color: #f69d0b;\" href=\"https:\/\/era.esplac.cat\/#\/gestio-personal\/activitats\">l\u2019Era<\/a><\/span>!\u00a0<\/span><\/p>\n<p><span style=\"font-weight: 400;\">Tens temps<\/span><b> fins al 31 de maig!<\/b><\/p>\n<p><b>M\u00e9s informaci\u00f3 i contacte: <\/b><span style=\"color: #f69d0b;\"><span style=\"font-weight: 400;\">\u00a0<\/span><a style=\"color: #f69d0b;\" href=\"mailto:internacional@esplac.cat\"><span style=\"font-weight: 400;\">internacional@esplac.cat<\/span><\/a><\/span><span style=\"font-weight: 400;\"><span style=\"color: #f69d0b;\">\u00a0<\/span> \/ 722 67 21 66<\/span><\/p>\n<\/div><\/div><\/div><\/div><\/div>\n","protected":false},"excerpt":{"rendered":"","protected":false},"author":3,"featured_media":40414,"comment_status":"closed","ping_status":"closed","sticky":false,"template":"","format":"standard","meta":{"om_disable_all_campaigns":false,"_monsterinsights_skip_tracking":false,"_monsterinsights_sitenote_active":false,"_monsterinsights_sitenote_note":"","_monsterinsights_sitenote_category":0,"_uf_show_specific_survey":0,"_uf_disable_surveys":false,"footnotes":""},"categories":[1112],"tags":[],"class_list":["post-40419","post","type-post","status-publish","format-standard","has-post-thumbnail","hentry","category-esplac-al-mon"],"yoast_head":"<!-- This site is optimized with the Yoast SEO plugin v27.5 - https:\/\/yoast.com\/product\/yoast-seo-wordpress\/ -->\n<title>Arrenca el projecte \u201cJourney of Youth Leadership\u201d, t\u2019hi apuntes? - Esplac<\/title>\n<meta name=\"robots\" content=\"index, follow, max-snippet:-1, max-image-preview:large, max-video-preview:-1\" \/>\n<link rel=\"canonical\" href=\"https:\/\/www.esplac.cat\/arrenca-el-projecte-journey-of-youth-leadership-thi-apuntes\/\" \/>\n<meta property=\"og:locale\" content=\"en_US\" \/>\n<meta property=\"og:type\" content=\"article\" \/>\n<meta property=\"og:title\" content=\"Arrenca el projecte \u201cJourney of Youth Leadership\u201d, t\u2019hi apuntes? - Esplac\" \/>\n<meta property=\"og:url\" content=\"https:\/\/www.esplac.cat\/arrenca-el-projecte-journey-of-youth-leadership-thi-apuntes\/\" \/>\n<meta property=\"og:site_name\" content=\"Esplac\" \/>\n<meta property=\"article:published_time\" content=\"2022-05-13T12:24:31+00:00\" \/>\n<meta property=\"article:modified_time\" content=\"2023-01-26T12:06:21+00:00\" \/>\n<meta property=\"og:image\" content=\"https:\/\/www.esplac.cat\/wp-content\/uploads\/2022\/05\/1.jpg\" \/>\n\t<meta property=\"og:image:width\" content=\"1697\" \/>\n\t<meta property=\"og:image:height\" content=\"700\" \/>\n\t<meta property=\"og:image:type\" content=\"image\/jpeg\" \/>\n<meta name=\"author\" content=\"Comunicaci\u00f3 Esplac\" \/>\n<meta name=\"twitter:card\" content=\"summary_large_image\" \/>\n<meta name=\"twitter:label1\" content=\"Written by\" \/>\n\t<meta name=\"twitter:data1\" content=\"Comunicaci\u00f3 Esplac\" \/>\n\t<meta name=\"twitter:label2\" content=\"Est. reading time\" \/>\n\t<meta name=\"twitter:data2\" content=\"4 minutes\" \/>\n<script type=\"application\/ld+json\" class=\"yoast-schema-graph\">{\"@context\":\"https:\\\/\\\/schema.org\",\"@graph\":[{\"@type\":\"Article\",\"@id\":\"https:\\\/\\\/www.esplac.cat\\\/arrenca-el-projecte-journey-of-youth-leadership-thi-apuntes\\\/#article\",\"isPartOf\":{\"@id\":\"https:\\\/\\\/www.esplac.cat\\\/arrenca-el-projecte-journey-of-youth-leadership-thi-apuntes\\\/\"},\"author\":{\"name\":\"Comunicaci\u00f3 Esplac\",\"@id\":\"https:\\\/\\\/www.esplac.cat\\\/#\\\/schema\\\/person\\\/908383cf240be18b68f8855d0583faca\"},\"headline\":\"Arrenca el projecte \u201cJourney of Youth Leadership\u201d, t\u2019hi apuntes?\",\"datePublished\":\"2022-05-13T12:24:31+00:00\",\"dateModified\":\"2023-01-26T12:06:21+00:00\",\"mainEntityOfPage\":{\"@id\":\"https:\\\/\\\/www.esplac.cat\\\/arrenca-el-projecte-journey-of-youth-leadership-thi-apuntes\\\/\"},\"wordCount\":976,\"publisher\":{\"@id\":\"https:\\\/\\\/www.esplac.cat\\\/#organization\"},\"image\":{\"@id\":\"https:\\\/\\\/www.esplac.cat\\\/arrenca-el-projecte-journey-of-youth-leadership-thi-apuntes\\\/#primaryimage\"},\"thumbnailUrl\":\"https:\\\/\\\/www.esplac.cat\\\/wp-content\\\/uploads\\\/2022\\\/05\\\/1.jpg\",\"articleSection\":[\"Esplac al m\u00f3n\"],\"inLanguage\":\"en-US\"},{\"@type\":\"WebPage\",\"@id\":\"https:\\\/\\\/www.esplac.cat\\\/arrenca-el-projecte-journey-of-youth-leadership-thi-apuntes\\\/\",\"url\":\"https:\\\/\\\/www.esplac.cat\\\/arrenca-el-projecte-journey-of-youth-leadership-thi-apuntes\\\/\",\"name\":\"Arrenca el projecte \u201cJourney of Youth Leadership\u201d, t\u2019hi apuntes? - Esplac\",\"isPartOf\":{\"@id\":\"https:\\\/\\\/www.esplac.cat\\\/#website\"},\"primaryImageOfPage\":{\"@id\":\"https:\\\/\\\/www.esplac.cat\\\/arrenca-el-projecte-journey-of-youth-leadership-thi-apuntes\\\/#primaryimage\"},\"image\":{\"@id\":\"https:\\\/\\\/www.esplac.cat\\\/arrenca-el-projecte-journey-of-youth-leadership-thi-apuntes\\\/#primaryimage\"},\"thumbnailUrl\":\"https:\\\/\\\/www.esplac.cat\\\/wp-content\\\/uploads\\\/2022\\\/05\\\/1.jpg\",\"datePublished\":\"2022-05-13T12:24:31+00:00\",\"dateModified\":\"2023-01-26T12:06:21+00:00\",\"breadcrumb\":{\"@id\":\"https:\\\/\\\/www.esplac.cat\\\/arrenca-el-projecte-journey-of-youth-leadership-thi-apuntes\\\/#breadcrumb\"},\"inLanguage\":\"en-US\",\"potentialAction\":[{\"@type\":\"ReadAction\",\"target\":[\"https:\\\/\\\/www.esplac.cat\\\/arrenca-el-projecte-journey-of-youth-leadership-thi-apuntes\\\/\"]}]},{\"@type\":\"ImageObject\",\"inLanguage\":\"en-US\",\"@id\":\"https:\\\/\\\/www.esplac.cat\\\/arrenca-el-projecte-journey-of-youth-leadership-thi-apuntes\\\/#primaryimage\",\"url\":\"https:\\\/\\\/www.esplac.cat\\\/wp-content\\\/uploads\\\/2022\\\/05\\\/1.jpg\",\"contentUrl\":\"https:\\\/\\\/www.esplac.cat\\\/wp-content\\\/uploads\\\/2022\\\/05\\\/1.jpg\",\"width\":1697,\"height\":700},{\"@type\":\"BreadcrumbList\",\"@id\":\"https:\\\/\\\/www.esplac.cat\\\/arrenca-el-projecte-journey-of-youth-leadership-thi-apuntes\\\/#breadcrumb\",\"itemListElement\":[{\"@type\":\"ListItem\",\"position\":1,\"name\":\"Inici\",\"item\":\"https:\\\/\\\/www.esplac.cat\\\/en\\\/\"},{\"@type\":\"ListItem\",\"position\":2,\"name\":\"Arrenca el projecte \u201cJourney of Youth Leadership\u201d, t\u2019hi apuntes?\"}]},{\"@type\":\"WebSite\",\"@id\":\"https:\\\/\\\/www.esplac.cat\\\/#website\",\"url\":\"https:\\\/\\\/www.esplac.cat\\\/\",\"name\":\"Esplac\",\"description\":\"Esplais Catalans\",\"publisher\":{\"@id\":\"https:\\\/\\\/www.esplac.cat\\\/#organization\"},\"potentialAction\":[{\"@type\":\"SearchAction\",\"target\":{\"@type\":\"EntryPoint\",\"urlTemplate\":\"https:\\\/\\\/www.esplac.cat\\\/?s={search_term_string}\"},\"query-input\":{\"@type\":\"PropertyValueSpecification\",\"valueRequired\":true,\"valueName\":\"search_term_string\"}}],\"inLanguage\":\"en-US\"},{\"@type\":\"Organization\",\"@id\":\"https:\\\/\\\/www.esplac.cat\\\/#organization\",\"name\":\"Esplac\",\"url\":\"https:\\\/\\\/www.esplac.cat\\\/\",\"logo\":{\"@type\":\"ImageObject\",\"inLanguage\":\"en-US\",\"@id\":\"https:\\\/\\\/www.esplac.cat\\\/#\\\/schema\\\/logo\\\/image\\\/\",\"url\":\"https:\\\/\\\/www.esplac.cat\\\/wp-content\\\/uploads\\\/2019\\\/08\\\/logox2.png\",\"contentUrl\":\"https:\\\/\\\/www.esplac.cat\\\/wp-content\\\/uploads\\\/2019\\\/08\\\/logox2.png\",\"width\":600,\"height\":295,\"caption\":\"Esplac\"},\"image\":{\"@id\":\"https:\\\/\\\/www.esplac.cat\\\/#\\\/schema\\\/logo\\\/image\\\/\"}},{\"@type\":\"Person\",\"@id\":\"https:\\\/\\\/www.esplac.cat\\\/#\\\/schema\\\/person\\\/908383cf240be18b68f8855d0583faca\",\"name\":\"Comunicaci\u00f3 Esplac\",\"image\":{\"@type\":\"ImageObject\",\"inLanguage\":\"en-US\",\"@id\":\"https:\\\/\\\/secure.gravatar.com\\\/avatar\\\/7a4cf8feb412a76ea4a740ca02d95b06b2907b5a6c648c2dd0a1082a093c3141?s=96&d=mm&r=g\",\"url\":\"https:\\\/\\\/secure.gravatar.com\\\/avatar\\\/7a4cf8feb412a76ea4a740ca02d95b06b2907b5a6c648c2dd0a1082a093c3141?s=96&d=mm&r=g\",\"contentUrl\":\"https:\\\/\\\/secure.gravatar.com\\\/avatar\\\/7a4cf8feb412a76ea4a740ca02d95b06b2907b5a6c648c2dd0a1082a093c3141?s=96&d=mm&r=g\",\"caption\":\"Comunicaci\u00f3 Esplac\"}}]}<\/script>\n<!-- \/ Yoast SEO plugin. -->","yoast_head_json":{"title":"Arrenca el projecte \u201cJourney of Youth Leadership\u201d, t\u2019hi apuntes? - Esplac","robots":{"index":"index","follow":"follow","max-snippet":"max-snippet:-1","max-image-preview":"max-image-preview:large","max-video-preview":"max-video-preview:-1"},"canonical":"https:\/\/www.esplac.cat\/arrenca-el-projecte-journey-of-youth-leadership-thi-apuntes\/","og_locale":"en_US","og_type":"article","og_title":"Arrenca el projecte \u201cJourney of Youth Leadership\u201d, t\u2019hi apuntes? - Esplac","og_url":"https:\/\/www.esplac.cat\/arrenca-el-projecte-journey-of-youth-leadership-thi-apuntes\/","og_site_name":"Esplac","article_published_time":"2022-05-13T12:24:31+00:00","article_modified_time":"2023-01-26T12:06:21+00:00","og_image":[{"width":1697,"height":700,"url":"https:\/\/www.esplac.cat\/wp-content\/uploads\/2022\/05\/1.jpg","type":"image\/jpeg"}],"author":"Comunicaci\u00f3 Esplac","twitter_card":"summary_large_image","twitter_misc":{"Written by":"Comunicaci\u00f3 Esplac","Est. reading time":"4 minutes"},"schema":{"@context":"https:\/\/schema.org","@graph":[{"@type":"Article","@id":"https:\/\/www.esplac.cat\/arrenca-el-projecte-journey-of-youth-leadership-thi-apuntes\/#article","isPartOf":{"@id":"https:\/\/www.esplac.cat\/arrenca-el-projecte-journey-of-youth-leadership-thi-apuntes\/"},"author":{"name":"Comunicaci\u00f3 Esplac","@id":"https:\/\/www.esplac.cat\/#\/schema\/person\/908383cf240be18b68f8855d0583faca"},"headline":"Arrenca el projecte \u201cJourney of Youth Leadership\u201d, t\u2019hi apuntes?","datePublished":"2022-05-13T12:24:31+00:00","dateModified":"2023-01-26T12:06:21+00:00","mainEntityOfPage":{"@id":"https:\/\/www.esplac.cat\/arrenca-el-projecte-journey-of-youth-leadership-thi-apuntes\/"},"wordCount":976,"publisher":{"@id":"https:\/\/www.esplac.cat\/#organization"},"image":{"@id":"https:\/\/www.esplac.cat\/arrenca-el-projecte-journey-of-youth-leadership-thi-apuntes\/#primaryimage"},"thumbnailUrl":"https:\/\/www.esplac.cat\/wp-content\/uploads\/2022\/05\/1.jpg","articleSection":["Esplac al m\u00f3n"],"inLanguage":"en-US"},{"@type":"WebPage","@id":"https:\/\/www.esplac.cat\/arrenca-el-projecte-journey-of-youth-leadership-thi-apuntes\/","url":"https:\/\/www.esplac.cat\/arrenca-el-projecte-journey-of-youth-leadership-thi-apuntes\/","name":"Arrenca el projecte \u201cJourney of Youth Leadership\u201d, t\u2019hi apuntes? - Esplac","isPartOf":{"@id":"https:\/\/www.esplac.cat\/#website"},"primaryImageOfPage":{"@id":"https:\/\/www.esplac.cat\/arrenca-el-projecte-journey-of-youth-leadership-thi-apuntes\/#primaryimage"},"image":{"@id":"https:\/\/www.esplac.cat\/arrenca-el-projecte-journey-of-youth-leadership-thi-apuntes\/#primaryimage"},"thumbnailUrl":"https:\/\/www.esplac.cat\/wp-content\/uploads\/2022\/05\/1.jpg","datePublished":"2022-05-13T12:24:31+00:00","dateModified":"2023-01-26T12:06:21+00:00","breadcrumb":{"@id":"https:\/\/www.esplac.cat\/arrenca-el-projecte-journey-of-youth-leadership-thi-apuntes\/#breadcrumb"},"inLanguage":"en-US","potentialAction":[{"@type":"ReadAction","target":["https:\/\/www.esplac.cat\/arrenca-el-projecte-journey-of-youth-leadership-thi-apuntes\/"]}]},{"@type":"ImageObject","inLanguage":"en-US","@id":"https:\/\/www.esplac.cat\/arrenca-el-projecte-journey-of-youth-leadership-thi-apuntes\/#primaryimage","url":"https:\/\/www.esplac.cat\/wp-content\/uploads\/2022\/05\/1.jpg","contentUrl":"https:\/\/www.esplac.cat\/wp-content\/uploads\/2022\/05\/1.jpg","width":1697,"height":700},{"@type":"BreadcrumbList","@id":"https:\/\/www.esplac.cat\/arrenca-el-projecte-journey-of-youth-leadership-thi-apuntes\/#breadcrumb","itemListElement":[{"@type":"ListItem","position":1,"name":"Inici","item":"https:\/\/www.esplac.cat\/en\/"},{"@type":"ListItem","position":2,"name":"Arrenca el projecte \u201cJourney of Youth Leadership\u201d, t\u2019hi apuntes?"}]},{"@type":"WebSite","@id":"https:\/\/www.esplac.cat\/#website","url":"https:\/\/www.esplac.cat\/","name":"Esplac","description":"Esplais Catalans","publisher":{"@id":"https:\/\/www.esplac.cat\/#organization"},"potentialAction":[{"@type":"SearchAction","target":{"@type":"EntryPoint","urlTemplate":"https:\/\/www.esplac.cat\/?s={search_term_string}"},"query-input":{"@type":"PropertyValueSpecification","valueRequired":true,"valueName":"search_term_string"}}],"inLanguage":"en-US"},{"@type":"Organization","@id":"https:\/\/www.esplac.cat\/#organization","name":"Esplac","url":"https:\/\/www.esplac.cat\/","logo":{"@type":"ImageObject","inLanguage":"en-US","@id":"https:\/\/www.esplac.cat\/#\/schema\/logo\/image\/","url":"https:\/\/www.esplac.cat\/wp-content\/uploads\/2019\/08\/logox2.png","contentUrl":"https:\/\/www.esplac.cat\/wp-content\/uploads\/2019\/08\/logox2.png","width":600,"height":295,"caption":"Esplac"},"image":{"@id":"https:\/\/www.esplac.cat\/#\/schema\/logo\/image\/"}},{"@type":"Person","@id":"https:\/\/www.esplac.cat\/#\/schema\/person\/908383cf240be18b68f8855d0583faca","name":"Comunicaci\u00f3 Esplac","image":{"@type":"ImageObject","inLanguage":"en-US","@id":"https:\/\/secure.gravatar.com\/avatar\/7a4cf8feb412a76ea4a740ca02d95b06b2907b5a6c648c2dd0a1082a093c3141?s=96&d=mm&r=g","url":"https:\/\/secure.gravatar.com\/avatar\/7a4cf8feb412a76ea4a740ca02d95b06b2907b5a6c648c2dd0a1082a093c3141?s=96&d=mm&r=g","contentUrl":"https:\/\/secure.gravatar.com\/avatar\/7a4cf8feb412a76ea4a740ca02d95b06b2907b5a6c648c2dd0a1082a093c3141?s=96&d=mm&r=g","caption":"Comunicaci\u00f3 Esplac"}}]}},"_links":{"self":[{"href":"https:\/\/www.esplac.cat\/en\/wp-json\/wp\/v2\/posts\/40419","targetHints":{"allow":["GET"]}}],"collection":[{"href":"https:\/\/www.esplac.cat\/en\/wp-json\/wp\/v2\/posts"}],"about":[{"href":"https:\/\/www.esplac.cat\/en\/wp-json\/wp\/v2\/types\/post"}],"author":[{"embeddable":true,"href":"https:\/\/www.esplac.cat\/en\/wp-json\/wp\/v2\/users\/3"}],"replies":[{"embeddable":true,"href":"https:\/\/www.esplac.cat\/en\/wp-json\/wp\/v2\/comments?post=40419"}],"version-history":[{"count":0,"href":"https:\/\/www.esplac.cat\/en\/wp-json\/wp\/v2\/posts\/40419\/revisions"}],"wp:featuredmedia":[{"embeddable":true,"href":"https:\/\/www.esplac.cat\/en\/wp-json\/wp\/v2\/media\/40414"}],"wp:attachment":[{"href":"https:\/\/www.esplac.cat\/en\/wp-json\/wp\/v2\/media?parent=40419"}],"wp:term":[{"taxonomy":"category","embeddable":true,"href":"https:\/\/www.esplac.cat\/en\/wp-json\/wp\/v2\/categories?post=40419"},{"taxonomy":"post_tag","embeddable":true,"href":"https:\/\/www.esplac.cat\/en\/wp-json\/wp\/v2\/tags?post=40419"}],"curies":[{"name":"wp","href":"https:\/\/api.w.org\/{rel}","templated":true}]}}