{"id":40455,"date":"2022-05-18T09:55:24","date_gmt":"2022-05-18T07:55:24","guid":{"rendered":"https:\/\/www.esplac.cat\/?p=40455"},"modified":"2022-07-08T13:04:37","modified_gmt":"2022-07-08T11:04:37","slug":"feu-nos-visibles-comunicat-en-relacio-a-la-repercussio-mediatica-de-lesplaiada-2022","status":"publish","type":"post","link":"https:\/\/www.esplac.cat\/en\/feu-nos-visibles-comunicat-en-relacio-a-la-repercussio-mediatica-de-lesplaiada-2022\/","title":{"rendered":"Feu-nos visibles! Comunicat en relaci\u00f3 a la repercussi\u00f3 medi\u00e0tica de l&#8217;Esplaiada 2022"},"content":{"rendered":"<p><span style=\"font-weight: 300;\">Els passats dies 6, 7 i 8 de maig Esplais Catalans (Esplac) vam celebrar l\u2019Esplaiada, la Trobada General dels esplais d\u2019Esplac. Vam reunir-nos 3.000 persones a Sant Cugat per reivindicar que <\/span><b>la veu dels infants ha de ser escoltada, denunciant l\u2019adultcentrisme<\/b><span style=\"font-weight: 300;\"> encara vigent a la nostra societat. La trobada va ser tot un \u00e8xit: vam omplir places, carrers i parcs d\u2019activitats amb infants i joves. Vam culminar-ho amb un acte unitari en qu\u00e8 infants i joves van llegir un manifest on expressaven les seves queixes i reclams a les persones adultes, reivindicant la seva capacitat d&#8217;incidir en la realitat que els envolta i la import\u00e0ncia de les seves veus.<\/span><\/p>\n<p><span style=\"font-weight: 300;\">L\u2019Esplaiada 2022 ha estat l\u2019activitat m\u00e9s gran organitzada mai per Esplais Catalans, havent batut el <\/span><b>r\u00e8cord d\u2019assist\u00e8ncia <\/b><span style=\"font-weight: 300;\">de l\u2019Esplaiada 2018 (2.100 persones) i\u00a0 ha estat tamb\u00e9 una de les activitats amb m\u00e9s participants, dins del marc de l\u2019associacionisme educatiu, des de l\u2019inici de la pand\u00e8mia de la Covid-19. Per Esplais Catalans, l\u2019Esplaiada suposa un espai reivindicatiu molt significatiu i una oportunitat de ser <\/span><b>m\u00e9s visibles per la societat<\/b><span style=\"font-weight: 300;\">, un moment on podem captar l\u2019atenci\u00f3 dels mitjans de comunicaci\u00f3 per fer arribar el nostre missatge a tota la ciutadania.<\/span><\/p>\n<p><span style=\"font-weight: 300;\">\u00c9s per aix\u00f2 que, pr\u00e8viament a la trobada, vam contactar amb diversos mitjans de comunicaci\u00f3, tant d\u2019\u00e0mbit local com nacional, perqu\u00e8 poguessin donar cobertura a l\u2019activitat. Uns dies abans, tamb\u00e9 vam saber que el president de la Generalitat de Catalunya, <\/span><b>Pere Aragon\u00e8s<\/b><span style=\"font-weight: 300;\">, vindria a fer una <\/span><b>visita institucional a l\u2019acte<\/b><span style=\"font-weight: 300;\">. Aix\u00f2 ens va fer pensar que socialment s\u2019estava entenent la import\u00e0ncia de la trobada i que podria tenir el ress\u00f2 que esper\u00e0vem.<\/span><\/p>\n<p><span style=\"font-weight: 300;\">Per la nostra sorpresa, per\u00f2, nom\u00e9s van assistir a l\u2019Esplaiada mitjans d\u2019\u00e0mbit local, RNE i RTVE. Tanmateix, aquests darrers, no van recollir <\/span><b>cap declaraci\u00f3 ni dels infants ni de les organitzadores de l\u2019activitat<\/b><span style=\"font-weight: 300;\"> i van venir nom\u00e9s a donar cobertura a la pres\u00e8ncia del President de la Generalitat. Paral\u00b7lelament, la televisi\u00f3 p\u00fablica de Catalunya, TV3, va noticiar la Festa de l\u2019Esplai organitzada per Fundesplai, una fundaci\u00f3 de serveis de lleure educatiu que dista molt del nostre model d\u2019esplai.\u00a0<\/span><\/p>\n<p><span style=\"font-weight: 300;\">Aquest fet ens va entristir i decebre profundament per diversos motius. Primer, perqu\u00e8 un cop m\u00e9s ha quedat pal\u00e8s que l\u2019<\/span><b>associacionisme educatiu laic i de base volunt\u00e0ria \u00e9s infravalorat i invisibilitzat<\/b><span style=\"font-weight: 300;\">. Les entitats de l\u2019associacionisme educatiu sovint quedem relegades a un segon pla medi\u00e0ticament parlant, entre d\u2019altres motius, perqu\u00e8 no paguem per publicitat als mitjans de comunicaci\u00f3 p\u00fablics. A m\u00e9s, creiem que el fet de ser <\/span><b>joves i no generar un benefici econ\u00f2mic <\/b><span style=\"font-weight: 300;\">fa que no se\u2019ns consideri com a agents educatius clau, tot i que hem demostrat en repetides ocasions i especialment durant la pand\u00e8mia que som essencials en el desenvolupament integral d\u2019infants i joves i en la transformaci\u00f3 de la societat.\u00a0<\/span><\/p>\n<p><span style=\"font-weight: 300;\">D\u2019altra banda, tamb\u00e9 creiem que <\/span><b>els mitjans de comunicaci\u00f3 p\u00fablics han d\u2019estar al servei de la ciutadania<\/b><span style=\"font-weight: 300;\"> i ens preguntem amb quin criteri es va decidir informar sobre un esdeveniment i no un altre. L\u2019\u00fanica aparici\u00f3 en un mitj\u00e0 d\u2019\u00e0mbit nacional la vam tenir a RTVE, en forma d\u2019una not\u00edcia de 30 segons. L\u2019Ag\u00e8ncia Catalana de Not\u00edcies no ens va mencionar. A TV3 nom\u00e9s va apar\u00e8ixer la not\u00edcia de la Festa de l\u2019Esplai de Fundesplai i a RTVE es va oferir una not\u00edcia de 2 minuts sobre aquest mateix acte. En els dos casos, l\u2019objecte de la not\u00edcia sobre la Festa de l\u2019Esplai era el fet que es d\u00f3na el tret de sortida a la <\/span><b>campanya de les activitats d\u2019estiu<\/b><span style=\"font-weight: 300;\">.<\/span><\/p>\n<p><span style=\"font-weight: 300;\">No entenem perqu\u00e8 nom\u00e9s es consideren importants aquestes activitats quan, des de l&#8217;associacionisme educatiu de base comunit\u00e0ria, tamb\u00e9 oferim a milers d\u2019infants la possibilitat d\u2019anar de col\u00f2nies, rutes i campaments i ho fem des de la <\/span><b>convicci\u00f3 i el comprom\u00eds en el projecte<\/b> <b>i sense esperar rebre un benefici econ\u00f2mic<\/b><span style=\"font-weight: 300;\">. A m\u00e9s, creiem fermament que mencionar aquest tipus de fundacions quan es parla del lleure educatiu fomenta confusi\u00f3 en la ciutadania perqu\u00e8 es mostra aquesta realitat com a \u00fanica, deixant de visibilitzar-se altres models de projecte com el nostre: <\/span><b>impulsat per joves de manera assemble\u00e0ria i allunyat de les din\u00e0miques de mercat<\/b><span style=\"font-weight: 300;\">.\u00a0<\/span><\/p>\n<p><span style=\"font-weight: 300;\">Finalment, volem agrair el reconeixement que suposa la visita d\u2019una figura com el President de la Generalitat. <\/span><b>Aquest reconeixement, per\u00f2, \u00e9s insuficient<\/b><span style=\"font-weight: 300;\"> si no va acompanyat de mesures, com per exemple garantir que tots els esplais tinguin acc\u00e9s a <\/span><b>locals dignes<\/b><span style=\"font-weight: 300;\"> o un <\/span><b>finan\u00e7ament adequat <\/b><span style=\"font-weight: 300;\">de la nostra associaci\u00f3, que porta estancat des de fa 7 anys tot i que el nombre d\u2019esplais associats no para d\u2019augmentar i el nombre de participants ha crescut gaireb\u00e9 un 20% en aquest temps, <\/span><a href=\"https:\/\/www.cnjc.cat\/ca\/actualitat\/seguim-sent-essencials\" target=\"_blank\" rel=\"noopener noreferrer\"><span style=\"font-weight: 300;\"><span style=\"color: #f69d0b;\">entre d&#8217;altres mesures.<\/span><\/span><\/a><\/p>\n<p><span style=\"font-weight: 300;\">De la mateixa manera, tamb\u00e9 creiem que aquest reconeixement ha d\u2019anar acompanyat d\u2019una <\/span><b>representaci\u00f3 m\u00e9s diversa als mitjans de comunicaci\u00f3 p\u00fablics<\/b><span style=\"font-weight: 300;\"> quan es parla d\u2019educaci\u00f3 en el lleure, ja que aquests mitjans haurien de dependre de l&#8217;administraci\u00f3 p\u00fablica i no poden servir nom\u00e9s a interessos econ\u00f2mics.<\/span><\/p>\n<p><span style=\"font-weight: 300;\">En l\u2019actual context on s\u2019est\u00e0 treballant per un nou Pla Nacional de Joventut de Catalunya, trobem imprescindible que es compti amb la nostra veu i que se\u2019ns reconegui com a <\/span><b>agents clau de transformaci\u00f3 social <\/b><span style=\"font-weight: 300;\">que de manera volunt\u00e0ria i compromesa eduquem des dels valors i amb capacitat d&#8217;incid\u00e8ncia en la societat actual.<\/span><\/p>\n<p><b>Feu-nos visibles!\u00a0<\/b><\/p>\n<p><strong><a href=\"https:\/\/www.esplac.cat\/wp-content\/uploads\/2022\/05\/Feu-nos-visibles-EsplaisCatalans.pdf\" target=\"_blank\" rel=\"noopener noreferrer\"><span style=\"color: #f69d0b;\">Feu-nos visibles! &#8211; Descarrega el pdf del comunicat.<\/span><\/a><\/strong><\/p>\n<p><i><span style=\"font-weight: 300;\">Equip de Coordinaci\u00f3 d\u2019Esplais Catalans.<\/span><\/i><\/p>\n","protected":false},"excerpt":{"rendered":"<p>Els passats dies 6, 7 i 8 de maig Esplais [&hellip;]<\/p>\n","protected":false},"author":3,"featured_media":40460,"comment_status":"closed","ping_status":"closed","sticky":false,"template":"","format":"standard","meta":{"om_disable_all_campaigns":false,"_monsterinsights_skip_tracking":false,"_monsterinsights_sitenote_active":false,"_monsterinsights_sitenote_note":"","_monsterinsights_sitenote_category":0,"_uf_show_specific_survey":0,"_uf_disable_surveys":false,"footnotes":""},"categories":[1127,1136],"tags":[],"class_list":["post-40455","post","type-post","status-publish","format-standard","has-post-thumbnail","hentry","category-comunicats-posicionaments","category-esplaiada"],"yoast_head":"<!-- This site is optimized with the Yoast SEO plugin v27.4 - https:\/\/yoast.com\/product\/yoast-seo-wordpress\/ -->\n<title>Feu-nos visibles! Comunicat en relaci\u00f3 a la repercussi\u00f3 medi\u00e0tica de l&#039;Esplaiada 2022 - Esplac<\/title>\n<meta name=\"robots\" content=\"index, follow, max-snippet:-1, max-image-preview:large, max-video-preview:-1\" \/>\n<link rel=\"canonical\" href=\"https:\/\/www.esplac.cat\/feu-nos-visibles-comunicat-en-relacio-a-la-repercussio-mediatica-de-lesplaiada-2022\/\" \/>\n<meta property=\"og:locale\" content=\"en_US\" \/>\n<meta property=\"og:type\" content=\"article\" \/>\n<meta property=\"og:title\" content=\"Feu-nos visibles! Comunicat en relaci\u00f3 a la repercussi\u00f3 medi\u00e0tica de l&#039;Esplaiada 2022 - Esplac\" \/>\n<meta property=\"og:description\" content=\"Els passats dies 6, 7 i 8 de maig Esplais [&hellip;]\" \/>\n<meta property=\"og:url\" content=\"https:\/\/www.esplac.cat\/feu-nos-visibles-comunicat-en-relacio-a-la-repercussio-mediatica-de-lesplaiada-2022\/\" \/>\n<meta property=\"og:site_name\" content=\"Esplac\" \/>\n<meta property=\"article:published_time\" content=\"2022-05-18T07:55:24+00:00\" \/>\n<meta property=\"article:modified_time\" content=\"2022-07-08T11:04:37+00:00\" \/>\n<meta property=\"og:image\" content=\"https:\/\/www.esplac.cat\/wp-content\/uploads\/2022\/05\/Portades-Web-1.jpg\" \/>\n\t<meta property=\"og:image:width\" content=\"1697\" \/>\n\t<meta property=\"og:image:height\" content=\"700\" \/>\n\t<meta property=\"og:image:type\" content=\"image\/jpeg\" \/>\n<meta name=\"author\" content=\"Comunicaci\u00f3 Esplac\" \/>\n<meta name=\"twitter:card\" content=\"summary_large_image\" \/>\n<meta name=\"twitter:label1\" content=\"Written by\" \/>\n\t<meta name=\"twitter:data1\" content=\"Comunicaci\u00f3 Esplac\" \/>\n\t<meta name=\"twitter:label2\" content=\"Est. reading time\" \/>\n\t<meta name=\"twitter:data2\" content=\"5 minutes\" \/>\n<script type=\"application\/ld+json\" class=\"yoast-schema-graph\">{\"@context\":\"https:\\\/\\\/schema.org\",\"@graph\":[{\"@type\":\"Article\",\"@id\":\"https:\\\/\\\/www.esplac.cat\\\/feu-nos-visibles-comunicat-en-relacio-a-la-repercussio-mediatica-de-lesplaiada-2022\\\/#article\",\"isPartOf\":{\"@id\":\"https:\\\/\\\/www.esplac.cat\\\/feu-nos-visibles-comunicat-en-relacio-a-la-repercussio-mediatica-de-lesplaiada-2022\\\/\"},\"author\":{\"name\":\"Comunicaci\u00f3 Esplac\",\"@id\":\"https:\\\/\\\/www.esplac.cat\\\/#\\\/schema\\\/person\\\/908383cf240be18b68f8855d0583faca\"},\"headline\":\"Feu-nos visibles! Comunicat en relaci\u00f3 a la repercussi\u00f3 medi\u00e0tica de l&#8217;Esplaiada 2022\",\"datePublished\":\"2022-05-18T07:55:24+00:00\",\"dateModified\":\"2022-07-08T11:04:37+00:00\",\"mainEntityOfPage\":{\"@id\":\"https:\\\/\\\/www.esplac.cat\\\/feu-nos-visibles-comunicat-en-relacio-a-la-repercussio-mediatica-de-lesplaiada-2022\\\/\"},\"wordCount\":985,\"publisher\":{\"@id\":\"https:\\\/\\\/www.esplac.cat\\\/#organization\"},\"image\":{\"@id\":\"https:\\\/\\\/www.esplac.cat\\\/feu-nos-visibles-comunicat-en-relacio-a-la-repercussio-mediatica-de-lesplaiada-2022\\\/#primaryimage\"},\"thumbnailUrl\":\"https:\\\/\\\/www.esplac.cat\\\/wp-content\\\/uploads\\\/2022\\\/05\\\/Portades-Web-1.jpg\",\"articleSection\":[\"Comunicats i posicionaments\",\"Esplaiada\"],\"inLanguage\":\"en-US\"},{\"@type\":\"WebPage\",\"@id\":\"https:\\\/\\\/www.esplac.cat\\\/feu-nos-visibles-comunicat-en-relacio-a-la-repercussio-mediatica-de-lesplaiada-2022\\\/\",\"url\":\"https:\\\/\\\/www.esplac.cat\\\/feu-nos-visibles-comunicat-en-relacio-a-la-repercussio-mediatica-de-lesplaiada-2022\\\/\",\"name\":\"Feu-nos visibles! Comunicat en relaci\u00f3 a la repercussi\u00f3 medi\u00e0tica de l'Esplaiada 2022 - Esplac\",\"isPartOf\":{\"@id\":\"https:\\\/\\\/www.esplac.cat\\\/#website\"},\"primaryImageOfPage\":{\"@id\":\"https:\\\/\\\/www.esplac.cat\\\/feu-nos-visibles-comunicat-en-relacio-a-la-repercussio-mediatica-de-lesplaiada-2022\\\/#primaryimage\"},\"image\":{\"@id\":\"https:\\\/\\\/www.esplac.cat\\\/feu-nos-visibles-comunicat-en-relacio-a-la-repercussio-mediatica-de-lesplaiada-2022\\\/#primaryimage\"},\"thumbnailUrl\":\"https:\\\/\\\/www.esplac.cat\\\/wp-content\\\/uploads\\\/2022\\\/05\\\/Portades-Web-1.jpg\",\"datePublished\":\"2022-05-18T07:55:24+00:00\",\"dateModified\":\"2022-07-08T11:04:37+00:00\",\"breadcrumb\":{\"@id\":\"https:\\\/\\\/www.esplac.cat\\\/feu-nos-visibles-comunicat-en-relacio-a-la-repercussio-mediatica-de-lesplaiada-2022\\\/#breadcrumb\"},\"inLanguage\":\"en-US\",\"potentialAction\":[{\"@type\":\"ReadAction\",\"target\":[\"https:\\\/\\\/www.esplac.cat\\\/feu-nos-visibles-comunicat-en-relacio-a-la-repercussio-mediatica-de-lesplaiada-2022\\\/\"]}]},{\"@type\":\"ImageObject\",\"inLanguage\":\"en-US\",\"@id\":\"https:\\\/\\\/www.esplac.cat\\\/feu-nos-visibles-comunicat-en-relacio-a-la-repercussio-mediatica-de-lesplaiada-2022\\\/#primaryimage\",\"url\":\"https:\\\/\\\/www.esplac.cat\\\/wp-content\\\/uploads\\\/2022\\\/05\\\/Portades-Web-1.jpg\",\"contentUrl\":\"https:\\\/\\\/www.esplac.cat\\\/wp-content\\\/uploads\\\/2022\\\/05\\\/Portades-Web-1.jpg\",\"width\":1697,\"height\":700},{\"@type\":\"BreadcrumbList\",\"@id\":\"https:\\\/\\\/www.esplac.cat\\\/feu-nos-visibles-comunicat-en-relacio-a-la-repercussio-mediatica-de-lesplaiada-2022\\\/#breadcrumb\",\"itemListElement\":[{\"@type\":\"ListItem\",\"position\":1,\"name\":\"Inici\",\"item\":\"https:\\\/\\\/www.esplac.cat\\\/en\\\/\"},{\"@type\":\"ListItem\",\"position\":2,\"name\":\"Feu-nos visibles! Comunicat en relaci\u00f3 a la repercussi\u00f3 medi\u00e0tica de l&#8217;Esplaiada 2022\"}]},{\"@type\":\"WebSite\",\"@id\":\"https:\\\/\\\/www.esplac.cat\\\/#website\",\"url\":\"https:\\\/\\\/www.esplac.cat\\\/\",\"name\":\"Esplac\",\"description\":\"Esplais Catalans\",\"publisher\":{\"@id\":\"https:\\\/\\\/www.esplac.cat\\\/#organization\"},\"potentialAction\":[{\"@type\":\"SearchAction\",\"target\":{\"@type\":\"EntryPoint\",\"urlTemplate\":\"https:\\\/\\\/www.esplac.cat\\\/?s={search_term_string}\"},\"query-input\":{\"@type\":\"PropertyValueSpecification\",\"valueRequired\":true,\"valueName\":\"search_term_string\"}}],\"inLanguage\":\"en-US\"},{\"@type\":\"Organization\",\"@id\":\"https:\\\/\\\/www.esplac.cat\\\/#organization\",\"name\":\"Esplac\",\"url\":\"https:\\\/\\\/www.esplac.cat\\\/\",\"logo\":{\"@type\":\"ImageObject\",\"inLanguage\":\"en-US\",\"@id\":\"https:\\\/\\\/www.esplac.cat\\\/#\\\/schema\\\/logo\\\/image\\\/\",\"url\":\"https:\\\/\\\/www.esplac.cat\\\/wp-content\\\/uploads\\\/2019\\\/08\\\/logox2.png\",\"contentUrl\":\"https:\\\/\\\/www.esplac.cat\\\/wp-content\\\/uploads\\\/2019\\\/08\\\/logox2.png\",\"width\":600,\"height\":295,\"caption\":\"Esplac\"},\"image\":{\"@id\":\"https:\\\/\\\/www.esplac.cat\\\/#\\\/schema\\\/logo\\\/image\\\/\"}},{\"@type\":\"Person\",\"@id\":\"https:\\\/\\\/www.esplac.cat\\\/#\\\/schema\\\/person\\\/908383cf240be18b68f8855d0583faca\",\"name\":\"Comunicaci\u00f3 Esplac\",\"image\":{\"@type\":\"ImageObject\",\"inLanguage\":\"en-US\",\"@id\":\"https:\\\/\\\/secure.gravatar.com\\\/avatar\\\/7a4cf8feb412a76ea4a740ca02d95b06b2907b5a6c648c2dd0a1082a093c3141?s=96&d=mm&r=g\",\"url\":\"https:\\\/\\\/secure.gravatar.com\\\/avatar\\\/7a4cf8feb412a76ea4a740ca02d95b06b2907b5a6c648c2dd0a1082a093c3141?s=96&d=mm&r=g\",\"contentUrl\":\"https:\\\/\\\/secure.gravatar.com\\\/avatar\\\/7a4cf8feb412a76ea4a740ca02d95b06b2907b5a6c648c2dd0a1082a093c3141?s=96&d=mm&r=g\",\"caption\":\"Comunicaci\u00f3 Esplac\"}}]}<\/script>\n<!-- \/ Yoast SEO plugin. -->","yoast_head_json":{"title":"Feu-nos visibles! Comunicat en relaci\u00f3 a la repercussi\u00f3 medi\u00e0tica de l'Esplaiada 2022 - Esplac","robots":{"index":"index","follow":"follow","max-snippet":"max-snippet:-1","max-image-preview":"max-image-preview:large","max-video-preview":"max-video-preview:-1"},"canonical":"https:\/\/www.esplac.cat\/feu-nos-visibles-comunicat-en-relacio-a-la-repercussio-mediatica-de-lesplaiada-2022\/","og_locale":"en_US","og_type":"article","og_title":"Feu-nos visibles! Comunicat en relaci\u00f3 a la repercussi\u00f3 medi\u00e0tica de l'Esplaiada 2022 - Esplac","og_description":"Els passats dies 6, 7 i 8 de maig Esplais [&hellip;]","og_url":"https:\/\/www.esplac.cat\/feu-nos-visibles-comunicat-en-relacio-a-la-repercussio-mediatica-de-lesplaiada-2022\/","og_site_name":"Esplac","article_published_time":"2022-05-18T07:55:24+00:00","article_modified_time":"2022-07-08T11:04:37+00:00","og_image":[{"width":1697,"height":700,"url":"https:\/\/www.esplac.cat\/wp-content\/uploads\/2022\/05\/Portades-Web-1.jpg","type":"image\/jpeg"}],"author":"Comunicaci\u00f3 Esplac","twitter_card":"summary_large_image","twitter_misc":{"Written by":"Comunicaci\u00f3 Esplac","Est. reading time":"5 minutes"},"schema":{"@context":"https:\/\/schema.org","@graph":[{"@type":"Article","@id":"https:\/\/www.esplac.cat\/feu-nos-visibles-comunicat-en-relacio-a-la-repercussio-mediatica-de-lesplaiada-2022\/#article","isPartOf":{"@id":"https:\/\/www.esplac.cat\/feu-nos-visibles-comunicat-en-relacio-a-la-repercussio-mediatica-de-lesplaiada-2022\/"},"author":{"name":"Comunicaci\u00f3 Esplac","@id":"https:\/\/www.esplac.cat\/#\/schema\/person\/908383cf240be18b68f8855d0583faca"},"headline":"Feu-nos visibles! Comunicat en relaci\u00f3 a la repercussi\u00f3 medi\u00e0tica de l&#8217;Esplaiada 2022","datePublished":"2022-05-18T07:55:24+00:00","dateModified":"2022-07-08T11:04:37+00:00","mainEntityOfPage":{"@id":"https:\/\/www.esplac.cat\/feu-nos-visibles-comunicat-en-relacio-a-la-repercussio-mediatica-de-lesplaiada-2022\/"},"wordCount":985,"publisher":{"@id":"https:\/\/www.esplac.cat\/#organization"},"image":{"@id":"https:\/\/www.esplac.cat\/feu-nos-visibles-comunicat-en-relacio-a-la-repercussio-mediatica-de-lesplaiada-2022\/#primaryimage"},"thumbnailUrl":"https:\/\/www.esplac.cat\/wp-content\/uploads\/2022\/05\/Portades-Web-1.jpg","articleSection":["Comunicats i posicionaments","Esplaiada"],"inLanguage":"en-US"},{"@type":"WebPage","@id":"https:\/\/www.esplac.cat\/feu-nos-visibles-comunicat-en-relacio-a-la-repercussio-mediatica-de-lesplaiada-2022\/","url":"https:\/\/www.esplac.cat\/feu-nos-visibles-comunicat-en-relacio-a-la-repercussio-mediatica-de-lesplaiada-2022\/","name":"Feu-nos visibles! Comunicat en relaci\u00f3 a la repercussi\u00f3 medi\u00e0tica de l'Esplaiada 2022 - Esplac","isPartOf":{"@id":"https:\/\/www.esplac.cat\/#website"},"primaryImageOfPage":{"@id":"https:\/\/www.esplac.cat\/feu-nos-visibles-comunicat-en-relacio-a-la-repercussio-mediatica-de-lesplaiada-2022\/#primaryimage"},"image":{"@id":"https:\/\/www.esplac.cat\/feu-nos-visibles-comunicat-en-relacio-a-la-repercussio-mediatica-de-lesplaiada-2022\/#primaryimage"},"thumbnailUrl":"https:\/\/www.esplac.cat\/wp-content\/uploads\/2022\/05\/Portades-Web-1.jpg","datePublished":"2022-05-18T07:55:24+00:00","dateModified":"2022-07-08T11:04:37+00:00","breadcrumb":{"@id":"https:\/\/www.esplac.cat\/feu-nos-visibles-comunicat-en-relacio-a-la-repercussio-mediatica-de-lesplaiada-2022\/#breadcrumb"},"inLanguage":"en-US","potentialAction":[{"@type":"ReadAction","target":["https:\/\/www.esplac.cat\/feu-nos-visibles-comunicat-en-relacio-a-la-repercussio-mediatica-de-lesplaiada-2022\/"]}]},{"@type":"ImageObject","inLanguage":"en-US","@id":"https:\/\/www.esplac.cat\/feu-nos-visibles-comunicat-en-relacio-a-la-repercussio-mediatica-de-lesplaiada-2022\/#primaryimage","url":"https:\/\/www.esplac.cat\/wp-content\/uploads\/2022\/05\/Portades-Web-1.jpg","contentUrl":"https:\/\/www.esplac.cat\/wp-content\/uploads\/2022\/05\/Portades-Web-1.jpg","width":1697,"height":700},{"@type":"BreadcrumbList","@id":"https:\/\/www.esplac.cat\/feu-nos-visibles-comunicat-en-relacio-a-la-repercussio-mediatica-de-lesplaiada-2022\/#breadcrumb","itemListElement":[{"@type":"ListItem","position":1,"name":"Inici","item":"https:\/\/www.esplac.cat\/en\/"},{"@type":"ListItem","position":2,"name":"Feu-nos visibles! Comunicat en relaci\u00f3 a la repercussi\u00f3 medi\u00e0tica de l&#8217;Esplaiada 2022"}]},{"@type":"WebSite","@id":"https:\/\/www.esplac.cat\/#website","url":"https:\/\/www.esplac.cat\/","name":"Esplac","description":"Esplais Catalans","publisher":{"@id":"https:\/\/www.esplac.cat\/#organization"},"potentialAction":[{"@type":"SearchAction","target":{"@type":"EntryPoint","urlTemplate":"https:\/\/www.esplac.cat\/?s={search_term_string}"},"query-input":{"@type":"PropertyValueSpecification","valueRequired":true,"valueName":"search_term_string"}}],"inLanguage":"en-US"},{"@type":"Organization","@id":"https:\/\/www.esplac.cat\/#organization","name":"Esplac","url":"https:\/\/www.esplac.cat\/","logo":{"@type":"ImageObject","inLanguage":"en-US","@id":"https:\/\/www.esplac.cat\/#\/schema\/logo\/image\/","url":"https:\/\/www.esplac.cat\/wp-content\/uploads\/2019\/08\/logox2.png","contentUrl":"https:\/\/www.esplac.cat\/wp-content\/uploads\/2019\/08\/logox2.png","width":600,"height":295,"caption":"Esplac"},"image":{"@id":"https:\/\/www.esplac.cat\/#\/schema\/logo\/image\/"}},{"@type":"Person","@id":"https:\/\/www.esplac.cat\/#\/schema\/person\/908383cf240be18b68f8855d0583faca","name":"Comunicaci\u00f3 Esplac","image":{"@type":"ImageObject","inLanguage":"en-US","@id":"https:\/\/secure.gravatar.com\/avatar\/7a4cf8feb412a76ea4a740ca02d95b06b2907b5a6c648c2dd0a1082a093c3141?s=96&d=mm&r=g","url":"https:\/\/secure.gravatar.com\/avatar\/7a4cf8feb412a76ea4a740ca02d95b06b2907b5a6c648c2dd0a1082a093c3141?s=96&d=mm&r=g","contentUrl":"https:\/\/secure.gravatar.com\/avatar\/7a4cf8feb412a76ea4a740ca02d95b06b2907b5a6c648c2dd0a1082a093c3141?s=96&d=mm&r=g","caption":"Comunicaci\u00f3 Esplac"}}]}},"_links":{"self":[{"href":"https:\/\/www.esplac.cat\/en\/wp-json\/wp\/v2\/posts\/40455","targetHints":{"allow":["GET"]}}],"collection":[{"href":"https:\/\/www.esplac.cat\/en\/wp-json\/wp\/v2\/posts"}],"about":[{"href":"https:\/\/www.esplac.cat\/en\/wp-json\/wp\/v2\/types\/post"}],"author":[{"embeddable":true,"href":"https:\/\/www.esplac.cat\/en\/wp-json\/wp\/v2\/users\/3"}],"replies":[{"embeddable":true,"href":"https:\/\/www.esplac.cat\/en\/wp-json\/wp\/v2\/comments?post=40455"}],"version-history":[{"count":0,"href":"https:\/\/www.esplac.cat\/en\/wp-json\/wp\/v2\/posts\/40455\/revisions"}],"wp:featuredmedia":[{"embeddable":true,"href":"https:\/\/www.esplac.cat\/en\/wp-json\/wp\/v2\/media\/40460"}],"wp:attachment":[{"href":"https:\/\/www.esplac.cat\/en\/wp-json\/wp\/v2\/media?parent=40455"}],"wp:term":[{"taxonomy":"category","embeddable":true,"href":"https:\/\/www.esplac.cat\/en\/wp-json\/wp\/v2\/categories?post=40455"},{"taxonomy":"post_tag","embeddable":true,"href":"https:\/\/www.esplac.cat\/en\/wp-json\/wp\/v2\/tags?post=40455"}],"curies":[{"name":"wp","href":"https:\/\/api.w.org\/{rel}","templated":true}]}}